{"id":381036,"date":"2021-10-26T12:40:00","date_gmt":"2021-10-26T19:40:00","guid":{"rendered":"https:\/\/blog.webex.com\/uncategorized-de\/unsere-neuesten-webex-gerate-gebaut-um-zu-jedem-arbeitsplatz-zu-passen\/"},"modified":"2021-10-26T12:40:00","modified_gmt":"2021-10-26T19:40:00","slug":"unsere-neuesten-webex-gerate-gebaut-um-zu-jedem-arbeitsplatz-zu-passen","status":"publish","type":"post","link":"https:\/\/blog.webex.com\/de\/arbeitsbereiche\/unsere-neuesten-webex-gerate-gebaut-um-zu-jedem-arbeitsplatz-zu-passen\/","title":{"rendered":"Unsere neuesten Webex-Ger\u00e4te \u2013 gebaut, um zu jedem Arbeitsplatz ..."},"content":{"rendered":"<p>Es war ein Jahr voller Neuerungen, neuer Herausforderungen, neuer Technologien und neuer Arbeitsweisen. Traditionell betrachtet ist etwas \u201eNeues\u201c etwas Aufregendes, etwas, das Wachstum und neue M\u00f6glichkeiten verspricht, aber manchmal wird Neues langweilig. In den letzten eineinhalb Jahren haben sich unsere Arbeitsweisen extrem ver\u00e4ndert und uns mit Ver\u00e4nderungen geradezu \u00fcberschwemmt. Wenn wir jetzt nach vorne blicken, soll sich die n\u00e4chste Phase der Zusammenarbeit nicht wie eine noch nie da gewesene Zeit anf\u00fchlen, weil es nie langweilig wird, sich mit anderen Menschen zu vernetzen.<\/p>\n<p>Deshalb haben wir bei Webex eine weitere Generation von Ger\u00e4ten angek\u00fcndigt, deren Anwendung sich intuitiv und nat\u00fcrlich anf\u00fchlt, damit Zusammenarbeit etwas ist, das Sie einfach tun \u2013 ohne sich zus\u00e4tzlichen logistischen Aufwand aufzuhalsen, sondern mit Technologie, die sich an die Benutzer anpasst und nicht umgekehrt. Wir bauen Ger\u00e4te, die zu Ihrem Lebensstil passen, Ihre pers\u00f6nliche Arbeitsweise verbessern und in \u00e4sthetischer Hinsicht in Ihre Arbeitsumgebung passen.<\/p>\n<h2><strong>Ger\u00e4te, die reiche Erfahrungen bieten und niemals langweilig werden, egal wo und wie Sie arbeiten.<\/strong><\/h2>\n<p><a href=\"https:\/\/blog.webex.com\/wp-content\/uploads\/2021\/11\/08_36_22-1.jpg\"><br \/>\n  <img loading=\"lazy\" decoding=\"async\" class=\"aligncenter size-full wp-image-378056\" src=\"https:\/\/blog.webex.com\/wp-content\/uploads\/2021\/11\/08_36_22-1.jpg\" alt=\"\" width=\"1277\" height=\"729\" \/><br \/>\n<\/a><\/p>\n<p>Bei der WebexOne haben wir den neuesten Zuwachs unserer Desk-Serie angek\u00fcndigt \u2013 das Webex Desk Mini. Da Heimarbeitspl\u00e4tze nicht immer Arbeitspl\u00e4tze sind, die denjenigen im B\u00fcro gleichkommen, hatte sich unser Team vorgenommen, das perfekte Tool f\u00fcr die Zusammenarbeit von zu Hause aus zu bauen. Das Ergebnis ist ein pers\u00f6nliches Ger\u00e4t mit einem professionellen Touch. Ausgestattet mit einer kleinen Basis, die in jedem Raum Platz findet, einem Touch-Screen, der direkt \u00fcber Ihrem Laptop positioniert ist, und einem perfekt ausbalancierten Tragegriff, l\u00e4sst sich das Webex Desk Mini ganz einfach umziehen, wenn Sie Ihren Arbeitstag beenden. So wird Ihr K\u00fcchentisch am Ende des Tages wieder zu Ihrem K\u00fcchentisch. Und mit der integrierten Sicherheit und Verwaltbarkeit, die nur Cisco zu bieten hat, ist das Desk Mini ein Tool der Profiliga, das sich anf\u00fchlt wie ihr eigenes pers\u00f6nliches Ger\u00e4t.<\/p>\n<p><a href=\"https:\/\/blog.webex.com\/wp-content\/uploads\/2021\/11\/Board-Pro-Reveal-1-1.gif\"><br \/>\n  <img loading=\"lazy\" decoding=\"async\" class=\"aligncenter size-full wp-image-378363\" src=\"https:\/\/blog.webex.com\/wp-content\/uploads\/2021\/11\/Board-Pro-Reveal-1-1.gif\" alt=\"\" width=\"600\" height=\"338\" \/><br \/>\n<\/a><\/p>\n<p>Da das Desk Mini das perfekte All-in-one-Ger\u00e4t f\u00fcr zu Hause ist, w\u00e4re es unfair, wenn wir nicht auch ein perfektes All-in-one-Ger\u00e4t f\u00fcr das B\u00fcro ank\u00fcndigen w\u00fcrden.\u00a0 Lernen Sie das Webex Board Pro kennen, ein Ger\u00e4t f\u00fcr die Zusammenarbeit, mit welchem sich der gr\u00f6\u00dfte Meeting-Bereich pers\u00f6nlich anf\u00fchlt. Dieses Gef\u00fchl der Verbundenheit entsteht durch die neue Zwei-Kamera-Technologie: eine Kamera mit Weitwinkelobjektiv, welche Personen aufnimmt, die sich in der N\u00e4he befinden (z.\u00a0B. am Whiteboard stehend) und eine zweite Kamera, die klare Bildaufnahmen von Menschen macht, die sich weiter weg befinden (z.\u00a0B. Personen, die ganz hinten in einem gro\u00dfen Konferenzraum sitzen). Diese klaren Bildaufnahmen kombiniert mit nach vorne gerichteten Lautsprechern und einem direktionalen Mikrofon-Array, erm\u00f6glichen eine Zusammenarbeit, die sich nat\u00fcrlich anf\u00fchlt, unabh\u00e4ngig von Standort und Arbeitsplatz.<\/p>\n<h2><strong>Limitierte Farbeditionen passend zu Ihrem pers\u00f6nlichen Stil und einzigartigen Arbeitsplatz<\/strong><\/h2>\n<p><a href=\"https:\/\/blog.webex.com\/wp-content\/uploads\/2021\/11\/Jet-Formation-1.gif\"><br \/>\n  <img loading=\"lazy\" decoding=\"async\" class=\"aligncenter size-full wp-image-377994\" src=\"https:\/\/blog.webex.com\/wp-content\/uploads\/2021\/11\/Jet-Formation-1.gif\" alt=\"\" width=\"600\" height=\"338\" \/><br \/>\n<\/a><\/p>\n<p>Work-Life-Balance sieht heute anders aus als fr\u00fcher. In der heutigen Arbeitswelt gibt es selten, wenn \u00fcberhaupt, eine Trennung zwischen Arbeit und Leben. B\u00fcros werden zu Hause eingerichtet und Ihr E-Mail-Dienst ist mit Ihrem privaten mobilen Ger\u00e4t verbunden. \u201eArbeit\u201c und \u201eLeben\u201c sind dynamische und fluide Realit\u00e4ten und die Ger\u00e4te, die wir verwenden, sollten dies widerspiegeln. Aus diesem Grund freue ich mich, Ihnen ank\u00fcndigen zu d\u00fcrfen, dass das Webex Desk und Desk Mini in f\u00fcnf Farbeditionen zur Auswahl stehen werden. Ger\u00e4te, die in Ihr Zuhause passen oder sich davon abheben, je nachdem, was Ihren pers\u00f6nlichen Stil besser trifft.<\/p>\n<h2><strong>Neue Headsets bieten Ihnen eine Auswahl in Sachen professionelles Audio \u2013 mit einer Luxusvariante, die Sie auch gerne noch nach der Arbeit weiterverwenden.<\/strong><\/h2>\n<p><a href=\"https:\/\/blog.webex.com\/wp-content\/uploads\/2021\/11\/Beoplay-Portal-0064-small-1.png\"><br \/>\n  <img loading=\"lazy\" decoding=\"async\" class=\"aligncenter size-full wp-image-378534\" src=\"https:\/\/blog.webex.com\/wp-content\/uploads\/2021\/11\/Beoplay-Portal-0064-small-1.png\" alt=\"Beoplay Portal 0064\" width=\"2822\" height=\"3825\" \/><br \/>\n<\/a><\/p>\n<p>Mit der Entwicklung von Ger\u00e4ten, die m\u00fchelos das Arbeits- und Privatleben ineinander einbetten, hatten wir die Vision, Audio-Technologien zu entwickeln, die sowohl berufliche <em>als auch <\/em>private Bed\u00fcrfnisse erf\u00fcllen. Damit wir diese Vision mit Leben f\u00fcllen k\u00f6nnen, haben wir eine Partnerschaft mit Bang &#038; Olufsen geschlossen und das Bang &#038; Olufsen Cisco 980 Headset entwickelt. Unser Wunsch war es, zu ver\u00e4ndern, wie Menschen die Welt sehen, h\u00f6ren und f\u00fchlen. Darum ist das 980 Headset ein erstklassiger drahtloser Over-Ear-Kopfh\u00f6rer, welcher zeitloses Design mit atemberaubendem Klang kombiniert. Mit Webex-Integrationen und -Funktionen wie Anrufsteuerung, adaptive aktive Ger\u00e4uschunterdr\u00fcckung und Verwaltung und Analysen von Cisco ist das 980 Headset das perfekte Headset f\u00fcr den Beruf mit pers\u00f6nlichem Stil und einem Hauch von Luxus.<\/p>\n<p><a href=\"https:\/\/blog.webex.com\/wp-content\/uploads\/2021\/11\/7Up-Quarter-White-Transparent-1.png\"><br \/>\n  <img loading=\"lazy\" decoding=\"async\" class=\"aligncenter size-full wp-image-377825\" src=\"https:\/\/blog.webex.com\/wp-content\/uploads\/2021\/11\/7Up-Quarter-White-Transparent-1.png\" alt=\"Cisco-Headset der 300-Serie\" width=\"2560\" height=\"1440\" \/><br \/>\n<\/a><\/p>\n<p>Damit Sie bei Ihrer Zusammenarbeit im Audio-Bereich eine gr\u00f6\u00dfere Auswahl erhalten, erweitern wir unser Headset-Portfolio um die neue Headset 300-Serie. Sie enth\u00e4lt eine brandneue Webex-Schaltfl\u00e4che, die Benutzer bedienen k\u00f6nnen, um einen Anruf anzunehmen, ein Meeting zu starten oder um die Webex App auf ihrem Bildschirm ganz nach vorne zu bringen. Dadurch, dass sie zudem alle weiteren wesentlichen Anforderungen abdeckt \u2013 Ger\u00e4uschisolierung, au\u00dfergew\u00f6hnlichen Komfort und lebendiges Audio \u2013 erm\u00f6glicht sie Ihnen mit dem Cisco Headset 320 eine optimale Investition. Ein kosteng\u00fcnstiges Headset, dessen Bereitstellung nur einen einzigen Schritt erfordert.<\/p>\n<h2><strong>Unser neuestes RoomOS 11: Eine au\u00dfergew\u00f6hnliche Software mit vertrauter Benutzeroberfl\u00e4che<\/strong><\/h2>\n<p><a href=\"https:\/\/blog.webex.com\/wp-content\/uploads\/2021\/11\/ezgif.com-gif-maker-8-1.gif\"><br \/>\n  <img loading=\"lazy\" decoding=\"async\" class=\"aligncenter size-full wp-image-378845\" src=\"https:\/\/blog.webex.com\/wp-content\/uploads\/2021\/11\/ezgif.com-gif-maker-8-1.gif\" alt=\"ezgif.com-gif-maker \" width=\"600\" height=\"338\" \/><br \/>\n<\/a><\/p>\n<p>Unser Ziel ist es, Ger\u00e4te zu entwickeln, die eine nahtlose Zusammenarbeit erm\u00f6glichen, egal wo und wie Sie arbeiten. Diese Kontinuit\u00e4t und Benutzerfreundlichkeit kann es jedoch nur geben, wenn leistungsstarke Ger\u00e4te mit einer au\u00dfergew\u00f6hnlichen Software vereint werden. In unserer neuesten RoomOS-Aktualisierung haben wir vertraute Funktionen hinzugef\u00fcgt, sodass sich die Anwendung der Ger\u00e4te intuitiv anf\u00fchlt. Beispielsweise stellen wir eine neue Benutzeroberfl\u00e4che vor, die vollst\u00e4ndig \u00fcber Apps l\u00e4uft und damit eine benutzerfreundliche Navigation bietet. Nutzen Sie vertraute Gesten und wischen Sie wie gewohnt, greifen Sie auf das neue Steuerfeld zu oder navigieren Sie, w\u00e4hrend Sie in einem Anruf sind zwischen Anwendungen f\u00fcr das Multitasking. RoomOS 11 passt sich an Ihren Arbeitsplatz an \u2013 mit Funktionen wie People Focus, der f\u00fcr die gleichwertige Darstellung aller Meeting-Teilnehmer sorgt.<\/p>\n<p><a href=\"https:\/\/blog.webex.com\/wp-content\/uploads\/2021\/11\/ezgif.com-gif-maker-7-1.gif\"><br \/>\n  <img loading=\"lazy\" decoding=\"async\" class=\"aligncenter size-full wp-image-378373\" src=\"https:\/\/blog.webex.com\/wp-content\/uploads\/2021\/11\/ezgif.com-gif-maker-7-1.gif\" alt=\"ezgif.com-gif-maker \" width=\"600\" height=\"338\" \/><br \/>\n<\/a><\/p>\n<p>Wir aktualisieren au\u00dferdem unsere Whiteboarding-Funktionen, sodass Sie sich egal wann, wo und mit wem gestalterisch austoben k\u00f6nnen. Whiteboarding-Vorlagen, Emoji-Reaktionen und vielf\u00e4ltigen Tools f\u00fcr das gemeinsame Gestalten machen es ganz leicht, der Kreativit\u00e4t freien Lauf zu lassen. Mit aktualisierten Funktionen ist es ein Kinderspiel, fr\u00fchere Whiteboards zu finden, von jedem Ger\u00e4t auf Whiteboards zuzugreifen und sie mit externen Teammitgliedern zu teilen, sodass niemand beim gemeinsamen Whiteboarding im Team ausgeschlossen wird.<\/p>\n<p>Wir entwickeln Software und Ger\u00e4te, mit welchen sich die Zusammenarbeit ganz nat\u00fcrlich und nicht fremd anf\u00fchlt mit Tools, die Ihnen Ihre Arbeit erleichtern. Wir schaffen eine Erfahrung, die so unbeschwert ist, wie wenn Sie sich an Ihr Ger\u00e4t setzen und an einem Meeting teilnehmen.<\/p>\n<blockquote><p>Wenn Sie mehr zu diesen aufregenden Innovationen in Webex Devices erfahren m\u00f6chten, <a href=\"https:\/\/www.webex.com\/webexone\/index.html?utm_medium=Website&#038;utm_source=WDCBlog&#038;utm_campaign=2021_wx1&#038;utm_content=Snorre_Devices&#038;team=DG\">registrieren Sie sich f\u00fcr die WebexOne<\/a> und sehen sich die Keynote und die \u201eHybrid Workspaces\u201c-Teilgruppen-Sitzungen zu hybriden Arbeitspl\u00e4tzen live an oder Sie greifen einfach auf eine unserer Aufnahmen zur\u00fcck, wann es Ihnen beliebt.<\/p><\/blockquote>\n<p><strong>Weitere Informationen<\/strong><\/p>\n<p><a href=\"https:\/\/blog.webex.com\/de\/geraete-fuer-die-zusammenarbeit\/visuelle-zusammenarbeit-in-der-ara-der-hybridarbeit\/\">Visuelle Zusammenarbeit in der \u00c4ra der Hybridarbeit<\/a><\/p>\n<p><a href=\"https:\/\/blog.webex.com\/de\/videokonferenzen\/neuerungen-in-webex-oktober-2021\/\">Neuerungen in Webex: Oktober 2021<\/a><\/p>\n<p><a href=\"https:\/\/blog.webex.com\/de\/geraete-fuer-die-zusammenarbeit\/gerate-die-auf-dauer-inspirieren\/\">Ger\u00e4te, die inspirieren<\/a><\/p>\n","protected":false},"excerpt":{"rendered":"<p>Es war ein Jahr voller Neuerungen, neuer Herausforderungen, neuer Technologien und neuer Arbeitsweisen. Traditionell betrachtet ist etwas \u201eNeues\u201c etwas Aufregendes, [&hellip;]<\/p>\n","protected":false},"author":5408,"featured_media":403475,"comment_status":"open","ping_status":"open","sticky":false,"template":"","format":"standard","meta":{"inline_featured_image":false,"footnotes":""},"categories":[1519],"tags":[887,4126],"class_list":["post-381036","post","type-post","status-publish","format-standard","has-post-thumbnail","hentry","category-arbeitsbereiche","tag-pstn","tag-webex-roomos"],"acf":[],"yoast_head":"<!-- This site is optimized with the Yoast SEO plugin v27.1.1 - https:\/\/yoast.com\/product\/yoast-seo-wordpress\/ -->\n<title>Unsere neuesten Webex-Ger\u00e4te \u2013 gebaut, um zu jedem Arbeitsplatz zu passen. | Webex Blog<\/title>\n<meta name=\"robots\" content=\"index, follow, max-snippet:-1, max-image-preview:large, max-video-preview:-1\" \/>\n<link rel=\"canonical\" href=\"https:\/\/blog.webex.com\/de\/arbeitsbereiche\/unsere-neuesten-webex-gerate-gebaut-um-zu-jedem-arbeitsplatz-zu-passen\/\" \/>\n<meta property=\"og:locale\" content=\"de_DE\" \/>\n<meta property=\"og:type\" content=\"article\" \/>\n<meta property=\"og:title\" content=\"Unsere neuesten Webex-Ger\u00e4te \u2013 gebaut, um zu jedem Arbeitsplatz zu passen. | Webex Blog\" \/>\n<meta property=\"og:description\" content=\"Es war ein Jahr voller Neuerungen, neuer Herausforderungen, neuer Technologien und neuer Arbeitsweisen. Traditionell betrachtet ist etwas \u201eNeues\u201c etwas Aufregendes, [&hellip;]\" \/>\n<meta property=\"og:url\" content=\"https:\/\/blog.webex.com\/de\/arbeitsbereiche\/unsere-neuesten-webex-gerate-gebaut-um-zu-jedem-arbeitsplatz-zu-passen\/\" \/>\n<meta property=\"og:site_name\" content=\"Webex Blog\" \/>\n<meta property=\"article:published_time\" content=\"2021-10-26T19:40:00+00:00\" \/>\n<meta property=\"og:image\" content=\"https:\/\/blog.webex.com\/wp-content\/uploads\/2021\/10\/webex-device-portfolio-feature.jpg\" \/>\n\t<meta property=\"og:image:width\" content=\"980\" \/>\n\t<meta property=\"og:image:height\" content=\"521\" \/>\n\t<meta property=\"og:image:type\" content=\"image\/jpeg\" \/>\n<meta name=\"author\" content=\"Snorre Kjesbu\" \/>\n<meta name=\"twitter:label1\" content=\"Verfasst von\" \/>\n\t<meta name=\"twitter:data1\" content=\"Snorre Kjesbu\" \/>\n\t<meta name=\"twitter:label2\" content=\"Gesch\u00e4tzte Lesezeit\" \/>\n\t<meta name=\"twitter:data2\" content=\"6 Minuten\" \/>\n<script type=\"application\/ld+json\" class=\"yoast-schema-graph\">{\"@context\":\"https:\/\/schema.org\",\"@graph\":[{\"@type\":\"Article\",\"@id\":\"https:\/\/blog.webex.com\/de\/arbeitsbereiche\/unsere-neuesten-webex-gerate-gebaut-um-zu-jedem-arbeitsplatz-zu-passen\/#article\",\"isPartOf\":{\"@id\":\"https:\/\/blog.webex.com\/de\/arbeitsbereiche\/unsere-neuesten-webex-gerate-gebaut-um-zu-jedem-arbeitsplatz-zu-passen\/\"},\"author\":{\"name\":\"Snorre Kjesbu\",\"@id\":\"https:\/\/blog.webex.com\/es\/#\/schema\/person\/45e04b0dd1548a2999644b7b8964389c\"},\"headline\":\"Unsere neuesten Webex-Ger\u00e4te \u2013 gebaut, um zu jedem Arbeitsplatz ...\",\"datePublished\":\"2021-10-26T19:40:00+00:00\",\"mainEntityOfPage\":{\"@id\":\"https:\/\/blog.webex.com\/de\/arbeitsbereiche\/unsere-neuesten-webex-gerate-gebaut-um-zu-jedem-arbeitsplatz-zu-passen\/\"},\"wordCount\":1173,\"commentCount\":0,\"image\":{\"@id\":\"https:\/\/blog.webex.com\/de\/arbeitsbereiche\/unsere-neuesten-webex-gerate-gebaut-um-zu-jedem-arbeitsplatz-zu-passen\/#primaryimage\"},\"thumbnailUrl\":\"https:\/\/blog.webex.com\/wp-content\/uploads\/2021\/10\/webex-device-portfolio-feature.jpg\",\"keywords\":[\"PSTN\",\"Webex RoomOS\"],\"articleSection\":[\"Arbeitsbereiche\"],\"inLanguage\":\"de-DE\",\"potentialAction\":[{\"@type\":\"CommentAction\",\"name\":\"Comment\",\"target\":[\"https:\/\/blog.webex.com\/de\/arbeitsbereiche\/unsere-neuesten-webex-gerate-gebaut-um-zu-jedem-arbeitsplatz-zu-passen\/#respond\"]}]},{\"@type\":\"WebPage\",\"@id\":\"https:\/\/blog.webex.com\/de\/arbeitsbereiche\/unsere-neuesten-webex-gerate-gebaut-um-zu-jedem-arbeitsplatz-zu-passen\/\",\"url\":\"https:\/\/blog.webex.com\/de\/arbeitsbereiche\/unsere-neuesten-webex-gerate-gebaut-um-zu-jedem-arbeitsplatz-zu-passen\/\",\"name\":\"Unsere neuesten Webex-Ger\u00e4te \u2013 gebaut, um zu jedem Arbeitsplatz zu passen. | Webex Blog\",\"isPartOf\":{\"@id\":\"https:\/\/blog.webex.com\/es\/#website\"},\"primaryImageOfPage\":{\"@id\":\"https:\/\/blog.webex.com\/de\/arbeitsbereiche\/unsere-neuesten-webex-gerate-gebaut-um-zu-jedem-arbeitsplatz-zu-passen\/#primaryimage\"},\"image\":{\"@id\":\"https:\/\/blog.webex.com\/de\/arbeitsbereiche\/unsere-neuesten-webex-gerate-gebaut-um-zu-jedem-arbeitsplatz-zu-passen\/#primaryimage\"},\"thumbnailUrl\":\"https:\/\/blog.webex.com\/wp-content\/uploads\/2021\/10\/webex-device-portfolio-feature.jpg\",\"datePublished\":\"2021-10-26T19:40:00+00:00\",\"author\":{\"@id\":\"https:\/\/blog.webex.com\/es\/#\/schema\/person\/45e04b0dd1548a2999644b7b8964389c\"},\"breadcrumb\":{\"@id\":\"https:\/\/blog.webex.com\/de\/arbeitsbereiche\/unsere-neuesten-webex-gerate-gebaut-um-zu-jedem-arbeitsplatz-zu-passen\/#breadcrumb\"},\"inLanguage\":\"de-DE\",\"potentialAction\":[{\"@type\":\"ReadAction\",\"target\":[\"https:\/\/blog.webex.com\/de\/arbeitsbereiche\/unsere-neuesten-webex-gerate-gebaut-um-zu-jedem-arbeitsplatz-zu-passen\/\"]}]},{\"@type\":\"ImageObject\",\"inLanguage\":\"de-DE\",\"@id\":\"https:\/\/blog.webex.com\/de\/arbeitsbereiche\/unsere-neuesten-webex-gerate-gebaut-um-zu-jedem-arbeitsplatz-zu-passen\/#primaryimage\",\"url\":\"https:\/\/blog.webex.com\/wp-content\/uploads\/2021\/10\/webex-device-portfolio-feature.jpg\",\"contentUrl\":\"https:\/\/blog.webex.com\/wp-content\/uploads\/2021\/10\/webex-device-portfolio-feature.jpg\",\"width\":980,\"height\":521,\"caption\":\"#image_title\"},{\"@type\":\"BreadcrumbList\",\"@id\":\"https:\/\/blog.webex.com\/de\/arbeitsbereiche\/unsere-neuesten-webex-gerate-gebaut-um-zu-jedem-arbeitsplatz-zu-passen\/#breadcrumb\",\"itemListElement\":[{\"@type\":\"ListItem\",\"position\":1,\"name\":\"Home\",\"item\":\"https:\/\/blog.webex.com\/de\/\"},{\"@type\":\"ListItem\",\"position\":2,\"name\":\"Unsere neuesten Webex-Ger\u00e4te \u2013 gebaut, um zu jedem Arbeitsplatz ...\"}]},{\"@type\":\"WebSite\",\"@id\":\"https:\/\/blog.webex.com\/es\/#website\",\"url\":\"https:\/\/blog.webex.com\/es\/\",\"name\":\"Webex Blog\",\"description\":\"Webex by Cisco powers collaboration through industry-leading video conferencing, cloud calling and contact center solutions\",\"potentialAction\":[{\"@type\":\"SearchAction\",\"target\":{\"@type\":\"EntryPoint\",\"urlTemplate\":\"https:\/\/blog.webex.com\/es\/?s={search_term_string}\"},\"query-input\":{\"@type\":\"PropertyValueSpecification\",\"valueRequired\":true,\"valueName\":\"search_term_string\"}}],\"inLanguage\":\"de-DE\"},{\"@type\":\"Person\",\"@id\":\"https:\/\/blog.webex.com\/es\/#\/schema\/person\/45e04b0dd1548a2999644b7b8964389c\",\"name\":\"Snorre Kjesbu\",\"image\":{\"@type\":\"ImageObject\",\"inLanguage\":\"de-DE\",\"@id\":\"https:\/\/blog.webex.com\/es\/#\/schema\/person\/image\/\",\"url\":\"https:\/\/secure.gravatar.com\/avatar\/261536baa9a7ef5fa1d9513e90d920d93fa0f1b4f8405f005682a6fe62483a84?s=96&d=wp_user_avatar&r=g\",\"contentUrl\":\"https:\/\/secure.gravatar.com\/avatar\/261536baa9a7ef5fa1d9513e90d920d93fa0f1b4f8405f005682a6fe62483a84?s=96&d=wp_user_avatar&r=g\",\"caption\":\"Snorre Kjesbu\"},\"description\":\"Snorre Kjesbu leads an integrated multi-billion-dollar business encompassing Customer Experience, Devices, and the entire Webex Suite. With deep international experience, Snorre guides a diverse, world-class team, actively redefining how people connect, communicate, and co-create. Under his strategic leadership, Cisco Collaboration empowers organizations worldwide to thrive in the era of hybrid work, digital transformation, consistently setting new industry standards. With over two decades in engineering and leadership, including a decade driving AI Innovation and Machine Learning, Snorre is a visionary leader renowned for his passion for design, inclusivity, and authentic user experiences. Snorre's career journey reflects a significant impact across the technology landscape. Prior to his tenure at Cisco, he served as Executive VP of Design, Creation and Fulfillment at Bang &amp; Olufsen, expertly blending aesthetics with functionality. He also held an SVP role at Tandberg and led R&amp;D for wireless communication at ABB, where his team earned the Wall Street Journal Innovation award for groundbreaking wireless sensors. Holding over 20 patents in communications and video conferencing, Snorre has demonstrated exceptional technical acumen and leadership, earning the 2024 Globee Gold Award for Innovative Leadership in Technology. His commitment to fostering innovation and inclusivity extends across Cisco's devices business. Beyond his executive duties, Snorre has served as a guest lecturer at the Stanford Network Research Center and continues to contribute as a board member for several IT companies. He is also a highly sought-after international speaker, regularly sharing his expertise at leading conferences and industry events. Snorre holds a Bachelor of Science degree in\u202fEngineering and a Master of Science degree in Mobile Communications &amp; Signal Processing, both degrees from the University of Bristol. When not shaping the future of collaboration, he can often be found skiing on snow or water, a testament to his adventurous spirit.\",\"sameAs\":[\"https:\/\/www.linkedin.com\/in\/snorrekjesbu\/\"],\"url\":\"https:\/\/blog.webex.com\/de\/contributors\/snorrekjesbu\/\"}]}<\/script>\n<!-- \/ Yoast SEO plugin. -->","yoast_head_json":{"title":"Unsere neuesten Webex-Ger\u00e4te \u2013 gebaut, um zu jedem Arbeitsplatz zu passen. | Webex Blog","robots":{"index":"index","follow":"follow","max-snippet":"max-snippet:-1","max-image-preview":"max-image-preview:large","max-video-preview":"max-video-preview:-1"},"canonical":"https:\/\/blog.webex.com\/de\/arbeitsbereiche\/unsere-neuesten-webex-gerate-gebaut-um-zu-jedem-arbeitsplatz-zu-passen\/","og_locale":"de_DE","og_type":"article","og_title":"Unsere neuesten Webex-Ger\u00e4te \u2013 gebaut, um zu jedem Arbeitsplatz zu passen. | Webex Blog","og_description":"Es war ein Jahr voller Neuerungen, neuer Herausforderungen, neuer Technologien und neuer Arbeitsweisen. Traditionell betrachtet ist etwas \u201eNeues\u201c etwas Aufregendes, [&hellip;]","og_url":"https:\/\/blog.webex.com\/de\/arbeitsbereiche\/unsere-neuesten-webex-gerate-gebaut-um-zu-jedem-arbeitsplatz-zu-passen\/","og_site_name":"Webex Blog","article_published_time":"2021-10-26T19:40:00+00:00","og_image":[{"width":980,"height":521,"url":"https:\/\/blog.webex.com\/wp-content\/uploads\/2021\/10\/webex-device-portfolio-feature.jpg","type":"image\/jpeg"}],"author":"Snorre Kjesbu","twitter_misc":{"Verfasst von":"Snorre Kjesbu","Gesch\u00e4tzte Lesezeit":"6 Minuten"},"schema":{"@context":"https:\/\/schema.org","@graph":[{"@type":"Article","@id":"https:\/\/blog.webex.com\/de\/arbeitsbereiche\/unsere-neuesten-webex-gerate-gebaut-um-zu-jedem-arbeitsplatz-zu-passen\/#article","isPartOf":{"@id":"https:\/\/blog.webex.com\/de\/arbeitsbereiche\/unsere-neuesten-webex-gerate-gebaut-um-zu-jedem-arbeitsplatz-zu-passen\/"},"author":{"name":"Snorre Kjesbu","@id":"https:\/\/blog.webex.com\/es\/#\/schema\/person\/45e04b0dd1548a2999644b7b8964389c"},"headline":"Unsere neuesten Webex-Ger\u00e4te \u2013 gebaut, um zu jedem Arbeitsplatz ...","datePublished":"2021-10-26T19:40:00+00:00","mainEntityOfPage":{"@id":"https:\/\/blog.webex.com\/de\/arbeitsbereiche\/unsere-neuesten-webex-gerate-gebaut-um-zu-jedem-arbeitsplatz-zu-passen\/"},"wordCount":1173,"commentCount":0,"image":{"@id":"https:\/\/blog.webex.com\/de\/arbeitsbereiche\/unsere-neuesten-webex-gerate-gebaut-um-zu-jedem-arbeitsplatz-zu-passen\/#primaryimage"},"thumbnailUrl":"https:\/\/blog.webex.com\/wp-content\/uploads\/2021\/10\/webex-device-portfolio-feature.jpg","keywords":["PSTN","Webex RoomOS"],"articleSection":["Arbeitsbereiche"],"inLanguage":"de-DE","potentialAction":[{"@type":"CommentAction","name":"Comment","target":["https:\/\/blog.webex.com\/de\/arbeitsbereiche\/unsere-neuesten-webex-gerate-gebaut-um-zu-jedem-arbeitsplatz-zu-passen\/#respond"]}]},{"@type":"WebPage","@id":"https:\/\/blog.webex.com\/de\/arbeitsbereiche\/unsere-neuesten-webex-gerate-gebaut-um-zu-jedem-arbeitsplatz-zu-passen\/","url":"https:\/\/blog.webex.com\/de\/arbeitsbereiche\/unsere-neuesten-webex-gerate-gebaut-um-zu-jedem-arbeitsplatz-zu-passen\/","name":"Unsere neuesten Webex-Ger\u00e4te \u2013 gebaut, um zu jedem Arbeitsplatz zu passen. | Webex Blog","isPartOf":{"@id":"https:\/\/blog.webex.com\/es\/#website"},"primaryImageOfPage":{"@id":"https:\/\/blog.webex.com\/de\/arbeitsbereiche\/unsere-neuesten-webex-gerate-gebaut-um-zu-jedem-arbeitsplatz-zu-passen\/#primaryimage"},"image":{"@id":"https:\/\/blog.webex.com\/de\/arbeitsbereiche\/unsere-neuesten-webex-gerate-gebaut-um-zu-jedem-arbeitsplatz-zu-passen\/#primaryimage"},"thumbnailUrl":"https:\/\/blog.webex.com\/wp-content\/uploads\/2021\/10\/webex-device-portfolio-feature.jpg","datePublished":"2021-10-26T19:40:00+00:00","author":{"@id":"https:\/\/blog.webex.com\/es\/#\/schema\/person\/45e04b0dd1548a2999644b7b8964389c"},"breadcrumb":{"@id":"https:\/\/blog.webex.com\/de\/arbeitsbereiche\/unsere-neuesten-webex-gerate-gebaut-um-zu-jedem-arbeitsplatz-zu-passen\/#breadcrumb"},"inLanguage":"de-DE","potentialAction":[{"@type":"ReadAction","target":["https:\/\/blog.webex.com\/de\/arbeitsbereiche\/unsere-neuesten-webex-gerate-gebaut-um-zu-jedem-arbeitsplatz-zu-passen\/"]}]},{"@type":"ImageObject","inLanguage":"de-DE","@id":"https:\/\/blog.webex.com\/de\/arbeitsbereiche\/unsere-neuesten-webex-gerate-gebaut-um-zu-jedem-arbeitsplatz-zu-passen\/#primaryimage","url":"https:\/\/blog.webex.com\/wp-content\/uploads\/2021\/10\/webex-device-portfolio-feature.jpg","contentUrl":"https:\/\/blog.webex.com\/wp-content\/uploads\/2021\/10\/webex-device-portfolio-feature.jpg","width":980,"height":521,"caption":"#image_title"},{"@type":"BreadcrumbList","@id":"https:\/\/blog.webex.com\/de\/arbeitsbereiche\/unsere-neuesten-webex-gerate-gebaut-um-zu-jedem-arbeitsplatz-zu-passen\/#breadcrumb","itemListElement":[{"@type":"ListItem","position":1,"name":"Home","item":"https:\/\/blog.webex.com\/de\/"},{"@type":"ListItem","position":2,"name":"Unsere neuesten Webex-Ger\u00e4te \u2013 gebaut, um zu jedem Arbeitsplatz ..."}]},{"@type":"WebSite","@id":"https:\/\/blog.webex.com\/es\/#website","url":"https:\/\/blog.webex.com\/es\/","name":"Webex Blog","description":"Webex by Cisco powers collaboration through industry-leading video conferencing, cloud calling and contact center solutions","potentialAction":[{"@type":"SearchAction","target":{"@type":"EntryPoint","urlTemplate":"https:\/\/blog.webex.com\/es\/?s={search_term_string}"},"query-input":{"@type":"PropertyValueSpecification","valueRequired":true,"valueName":"search_term_string"}}],"inLanguage":"de-DE"},{"@type":"Person","@id":"https:\/\/blog.webex.com\/es\/#\/schema\/person\/45e04b0dd1548a2999644b7b8964389c","name":"Snorre Kjesbu","image":{"@type":"ImageObject","inLanguage":"de-DE","@id":"https:\/\/blog.webex.com\/es\/#\/schema\/person\/image\/","url":"https:\/\/secure.gravatar.com\/avatar\/261536baa9a7ef5fa1d9513e90d920d93fa0f1b4f8405f005682a6fe62483a84?s=96&d=wp_user_avatar&r=g","contentUrl":"https:\/\/secure.gravatar.com\/avatar\/261536baa9a7ef5fa1d9513e90d920d93fa0f1b4f8405f005682a6fe62483a84?s=96&d=wp_user_avatar&r=g","caption":"Snorre Kjesbu"},"description":"Snorre Kjesbu leads an integrated multi-billion-dollar business encompassing Customer Experience, Devices, and the entire Webex Suite. With deep international experience, Snorre guides a diverse, world-class team, actively redefining how people connect, communicate, and co-create. Under his strategic leadership, Cisco Collaboration empowers organizations worldwide to thrive in the era of hybrid work, digital transformation, consistently setting new industry standards. With over two decades in engineering and leadership, including a decade driving AI Innovation and Machine Learning, Snorre is a visionary leader renowned for his passion for design, inclusivity, and authentic user experiences. Snorre's career journey reflects a significant impact across the technology landscape. Prior to his tenure at Cisco, he served as Executive VP of Design, Creation and Fulfillment at Bang &amp; Olufsen, expertly blending aesthetics with functionality. He also held an SVP role at Tandberg and led R&amp;D for wireless communication at ABB, where his team earned the Wall Street Journal Innovation award for groundbreaking wireless sensors. Holding over 20 patents in communications and video conferencing, Snorre has demonstrated exceptional technical acumen and leadership, earning the 2024 Globee Gold Award for Innovative Leadership in Technology. His commitment to fostering innovation and inclusivity extends across Cisco's devices business. Beyond his executive duties, Snorre has served as a guest lecturer at the Stanford Network Research Center and continues to contribute as a board member for several IT companies. He is also a highly sought-after international speaker, regularly sharing his expertise at leading conferences and industry events. Snorre holds a Bachelor of Science degree in\u202fEngineering and a Master of Science degree in Mobile Communications &amp; Signal Processing, both degrees from the University of Bristol. When not shaping the future of collaboration, he can often be found skiing on snow or water, a testament to his adventurous spirit.","sameAs":["https:\/\/www.linkedin.com\/in\/snorrekjesbu\/"],"url":"https:\/\/blog.webex.com\/de\/contributors\/snorrekjesbu\/"}]}},"_links":{"self":[{"href":"https:\/\/blog.webex.com\/de\/wp-json\/wp\/v2\/posts\/381036","targetHints":{"allow":["GET"]}}],"collection":[{"href":"https:\/\/blog.webex.com\/de\/wp-json\/wp\/v2\/posts"}],"about":[{"href":"https:\/\/blog.webex.com\/de\/wp-json\/wp\/v2\/types\/post"}],"author":[{"embeddable":true,"href":"https:\/\/blog.webex.com\/de\/wp-json\/wp\/v2\/users\/5408"}],"replies":[{"embeddable":true,"href":"https:\/\/blog.webex.com\/de\/wp-json\/wp\/v2\/comments?post=381036"}],"version-history":[{"count":0,"href":"https:\/\/blog.webex.com\/de\/wp-json\/wp\/v2\/posts\/381036\/revisions"}],"wp:featuredmedia":[{"embeddable":true,"href":"https:\/\/blog.webex.com\/de\/wp-json\/wp\/v2\/media\/403475"}],"wp:attachment":[{"href":"https:\/\/blog.webex.com\/de\/wp-json\/wp\/v2\/media?parent=381036"}],"wp:term":[{"taxonomy":"category","embeddable":true,"href":"https:\/\/blog.webex.com\/de\/wp-json\/wp\/v2\/categories?post=381036"},{"taxonomy":"post_tag","embeddable":true,"href":"https:\/\/blog.webex.com\/de\/wp-json\/wp\/v2\/tags?post=381036"}],"curies":[{"name":"wp","href":"https:\/\/api.w.org\/{rel}","templated":true}]}}