{"id":390497,"date":"2022-03-09T08:00:42","date_gmt":"2022-03-09T16:00:42","guid":{"rendered":"https:\/\/blog.webex.com\/uncategorized-de\/die-beliebte-tv-show-halt-die-kameras-mit-webex-geraten-am-laufen\/"},"modified":"2022-03-09T08:00:42","modified_gmt":"2022-03-09T16:00:42","slug":"die-beliebte-tv-show-halt-die-kameras-mit-webex-geraten-am-laufen","status":"publish","type":"post","link":"https:\/\/blog.webex.com\/de\/customer-stories-de\/die-beliebte-tv-show-halt-die-kameras-mit-webex-geraten-am-laufen\/","title":{"rendered":"Die beliebte TV-Show h\u00e4lt die Kameras mit Webex-Ger\u00e4ten am Laufen"},"content":{"rendered":"<p>Egal, ob Sie Ihre Lieblingssendung auf Netflix schauen oder zu einem gro\u00dfartigen neuen Song jammen, wir sind st\u00e4ndig integraler Bestandteil der unglaubliche Kreativit\u00e4t der Unterhaltungsbranche. <\/p>\n<p>In den letzten zwei Jahren wurde diese Kreativit\u00e4t wie nie zuvor auf die Probe gestellt. <\/p>\n<p>Wie so viele andere musste auch die beliebte Fernsehsendung \u201eDie H\u00f6hle der L\u00f6wen Schweiz\u201c herausfinden, wie sie angesichts einer globalen Pandemie weiterhin f\u00fcr die Zuschauer Material produzieren und gleichzeitig ihre Teilnehmer und Crew sicher und gesund halten kann.<\/p>\n<p><iframe loading=\"lazy\" title=\"Popular TV show keeps the cameras rolling with Webex Devices\" width=\"500\" height=\"281\" src=\"https:\/\/www.youtube.com\/embed\/qkGEqh8oX78?feature=oembed\" frameborder=\"0\" allow=\"accelerometer; autoplay; clipboard-write; encrypted-media; gyroscope; picture-in-picture; web-share\" referrerpolicy=\"strict-origin-when-cross-origin\" allowfullscreen><\/iframe><\/p>\n<h2>Remote-Verbindung f\u00fcr Unternehmer<\/h2>\n<p>\u201eDie H\u00f6hle der L\u00f6wen\u201c zeigt vielversprechende Unternehmer, die ihre Innovationen vor einem Gremium von Investoren vorstellen\u00a0\u2013 \u00e4hnlich wie andere beliebte Reality-Shows wie \u201eDragon\u2019s Den\u201c und \u201eShark Tank\u201c. <\/p>\n<p>Vor der Pandemie wurde die Sendung ausschlie\u00dflich im Studio produziert und gedreht. Aber dann \u00e4nderte sich alles.<\/p>\n<p>\u201eWir hatten ein riesiges Problem mit unseren Unternehmern, die im Ausland leben\u201c, so die Produzentin der Sendung, Miriam Martino. \u201eSie wollen offensichtlich in die \u201aH\u00f6hle der L\u00f6wen\u2018, um ihre Idee vorzustellen.\u201c<\/p>\n<p>In einer von Kreativit\u00e4t angetriebenen Branche und einer vom Unternehmergeist angetriebenen Sendung nutzte das Team also beides, um eine L\u00f6sung zu entwickeln.<\/p>\n<h2>Studioaufzeichnungen wurden mit Webex-Ger\u00e4ten transformiert<\/h2>\n<p>\u201eDie H\u00f6hle der L\u00f6wen\u201c entschied sich dazu, die Webex-Technologie zu nutzen, um Teilnehmern zu erm\u00f6glichen, in der Sendung zu sein, unabh\u00e4ngig davon, wo sie sich auf der Welt befinden. W\u00e4hrend der Sendung wird jeder Pitch live \u00fcber ein <a href=\"https:\/\/hardware.webex.com\/products\/board-series\" target=\"_blank\" rel=\"noopener\">Webex-Board<\/a> und <a href=\"https:\/\/hardware.webex.com\/products\/desk-series\" target=\"_blank\" rel=\"noopener\">Webex Desk Pro<\/a> \u00fcbertragen. Mit erstklassiger Ultra-High-Definition-Videoqualit\u00e4t, intelligentem Audio und Touchscreen-F\u00e4higkeit sind Entfernung und \u00dcbertragungsqualit\u00e4t keine Hindernisse mehr.<\/p>\n<blockquote><p>\u201eDank Cisco haben wir eine gro\u00dfartige L\u00f6sung gefunden\u201c, so Martino. \u201eSobald es Zeit f\u00fcr den Pitch ist, wird der Schalter umgelegt, und schon ist die Person in der Sendung.\u201c<\/p><\/blockquote>\n<p>\u201eOhne Zweifel hat die Pandemie unser Verhalten ver\u00e4ndert\u201c, so die \u201eL\u00f6win\u201c Bettina Hein.<\/p>\n<blockquote><p>\u201eInnovationen sind sehr wichtig. Sie stehen hinter allem, was wir hier bei \u201aDie H\u00f6hle der L\u00f6wen\u2018 tun. Ich kann mir jetzt schon vorstellen, dass Webex auch in Zukunft Teil der Sendung bleiben wird.\u201c<\/p><\/blockquote>\n<p>Verbindung und Kommunikation stehen im Mittelpunkt\u00a0\u2013 und mit Webex Devices h\u00e4lt \u201eDie H\u00f6hle der L\u00f6wen\u201c die Kameras am Laufen und den Unternehmergeist am Leben.<\/p>\n<p>Um mehr dar\u00fcber zu erfahren, wie <a href=\"https:\/\/www.webex.com\/collaboration-devices.html\" target=\"_blank\" rel=\"noopener\">Webex-Ger\u00e4te<\/a> helfen k\u00f6nnen, Ihre Zusammenarbeit und Kreativit\u00e4t auf die n\u00e4chste Stufe zu heben, treten Sie mit unserem Team <a href=\"https:\/\/www.webex.com\/contact-sales.html\">in Kontakt<\/a>. <\/p>\n<p>***<\/p>\n<p><strong>Mehr erfahren<\/strong><\/p>\n<p><a href=\"https:\/\/blog.webex.com\/de\/geraete-fuer-die-zusammenarbeit\/unsere-neuesten-webex-gerate-gebaut-um-zu-jedem-arbeitsplatz-zu-passen\/\">Unsere neuesten Webex-Ger\u00e4te, die f\u00fcr jede Art von Arbeitsbereich geeignet sind<\/a><\/p>\n<p><a href=\"https:\/\/blog.webex.com\/de\/customer-stories-de\/att-und-webex-unterstutzen-die-moderne-hybride-mitarbeiterschaft-mithilfe-erstklassiger-cloud-anrufe\/\">AT&#038;T und Webex gehen Partnerschaft ein, um die hybride Belegschaft von heute mit erstklassiger Cloud-Telefonie auszustatten<\/a><\/p>\n<p><a href=\"https:\/\/blog.webex.com\/de\/geraete-fuer-die-zusammenarbeit\/unsere-neuesten-webex-gerate-gebaut-um-zu-jedem-arbeitsplatz-zu-passen\/\">Unsere neuesten Webex-Ger\u00e4te, die f\u00fcr jede Art von Arbeitsbereich geeignet sind<\/a><\/p>\n","protected":false},"excerpt":{"rendered":"<p>Egal, ob Sie Ihre Lieblingssendung auf Netflix schauen oder zu einem gro\u00dfartigen neuen Song jammen, wir sind st\u00e4ndig integraler Bestandteil [&hellip;]<\/p>\n","protected":false},"author":1,"featured_media":383936,"comment_status":"closed","ping_status":"open","sticky":false,"template":"","format":"standard","meta":{"inline_featured_image":false,"footnotes":""},"categories":[1519,1503],"tags":[479,1627],"class_list":["post-390497","post","type-post","status-publish","format-standard","has-post-thumbnail","hentry","category-arbeitsbereiche","category-customer-stories-de","tag-webex-devices","tag-webex-gerate"],"acf":[],"yoast_head":"<!-- This site is optimized with the Yoast SEO plugin v27.1.1 - https:\/\/yoast.com\/product\/yoast-seo-wordpress\/ -->\n<title>Die beliebte TV-Show h\u00e4lt die Kameras mit Webex-Ger\u00e4ten am Laufen | Webex Blog<\/title>\n<meta name=\"robots\" content=\"index, follow, max-snippet:-1, max-image-preview:large, max-video-preview:-1\" \/>\n<link rel=\"canonical\" href=\"https:\/\/blog.webex.com\/de\/customer-stories-de\/die-beliebte-tv-show-halt-die-kameras-mit-webex-geraten-am-laufen\/\" \/>\n<meta property=\"og:locale\" content=\"de_DE\" \/>\n<meta property=\"og:type\" content=\"article\" \/>\n<meta property=\"og:title\" content=\"Die beliebte TV-Show h\u00e4lt die Kameras mit Webex-Ger\u00e4ten am Laufen | Webex Blog\" \/>\n<meta property=\"og:description\" content=\"Egal, ob Sie Ihre Lieblingssendung auf Netflix schauen oder zu einem gro\u00dfartigen neuen Song jammen, wir sind st\u00e4ndig integraler Bestandteil [&hellip;]\" \/>\n<meta property=\"og:url\" content=\"https:\/\/blog.webex.com\/de\/customer-stories-de\/die-beliebte-tv-show-halt-die-kameras-mit-webex-geraten-am-laufen\/\" \/>\n<meta property=\"og:site_name\" content=\"Webex Blog\" \/>\n<meta property=\"article:author\" content=\"https:\/\/www.facebook.com\/webex\" \/>\n<meta property=\"article:published_time\" content=\"2022-03-09T16:00:42+00:00\" \/>\n<meta property=\"og:image\" content=\"https:\/\/blog.webex.com\/wp-content\/uploads\/2022\/01\/11_05_41_ccexpress.jpeg\" \/>\n\t<meta property=\"og:image:width\" content=\"975\" \/>\n\t<meta property=\"og:image:height\" content=\"554\" \/>\n\t<meta property=\"og:image:type\" content=\"image\/jpeg\" \/>\n<meta name=\"author\" content=\"Webex Team\" \/>\n<meta name=\"twitter:label1\" content=\"Verfasst von\" \/>\n\t<meta name=\"twitter:data1\" content=\"Webex-Team\" \/>\n\t<meta name=\"twitter:label2\" content=\"Gesch\u00e4tzte Lesezeit\" \/>\n\t<meta name=\"twitter:data2\" content=\"2 Minuten\" \/>\n<script type=\"application\/ld+json\" class=\"yoast-schema-graph\">{\"@context\":\"https:\/\/schema.org\",\"@graph\":[{\"@type\":\"Article\",\"@id\":\"https:\/\/blog.webex.com\/de\/customer-stories-de\/die-beliebte-tv-show-halt-die-kameras-mit-webex-geraten-am-laufen\/#article\",\"isPartOf\":{\"@id\":\"https:\/\/blog.webex.com\/de\/customer-stories-de\/die-beliebte-tv-show-halt-die-kameras-mit-webex-geraten-am-laufen\/\"},\"author\":{\"name\":\"Webex Team\",\"@id\":\"https:\/\/blog.webex.com\/es\/#\/schema\/person\/e377ec8e77fab0d70a792b66ebf647c0\"},\"headline\":\"Die beliebte TV-Show h\u00e4lt die Kameras mit Webex-Ger\u00e4ten am Laufen\",\"datePublished\":\"2022-03-09T16:00:42+00:00\",\"mainEntityOfPage\":{\"@id\":\"https:\/\/blog.webex.com\/de\/customer-stories-de\/die-beliebte-tv-show-halt-die-kameras-mit-webex-geraten-am-laufen\/\"},\"wordCount\":468,\"image\":{\"@id\":\"https:\/\/blog.webex.com\/de\/customer-stories-de\/die-beliebte-tv-show-halt-die-kameras-mit-webex-geraten-am-laufen\/#primaryimage\"},\"thumbnailUrl\":\"https:\/\/blog.webex.com\/wp-content\/uploads\/2022\/01\/11_05_41_ccexpress.jpeg\",\"keywords\":[\"Webex Devices\",\"Webex Ger\u00e4te\"],\"articleSection\":[\"Arbeitsbereiche\",\"Customer Stories\"],\"inLanguage\":\"de-DE\"},{\"@type\":\"WebPage\",\"@id\":\"https:\/\/blog.webex.com\/de\/customer-stories-de\/die-beliebte-tv-show-halt-die-kameras-mit-webex-geraten-am-laufen\/\",\"url\":\"https:\/\/blog.webex.com\/de\/customer-stories-de\/die-beliebte-tv-show-halt-die-kameras-mit-webex-geraten-am-laufen\/\",\"name\":\"Die beliebte TV-Show h\u00e4lt die Kameras mit Webex-Ger\u00e4ten am Laufen | Webex Blog\",\"isPartOf\":{\"@id\":\"https:\/\/blog.webex.com\/es\/#website\"},\"primaryImageOfPage\":{\"@id\":\"https:\/\/blog.webex.com\/de\/customer-stories-de\/die-beliebte-tv-show-halt-die-kameras-mit-webex-geraten-am-laufen\/#primaryimage\"},\"image\":{\"@id\":\"https:\/\/blog.webex.com\/de\/customer-stories-de\/die-beliebte-tv-show-halt-die-kameras-mit-webex-geraten-am-laufen\/#primaryimage\"},\"thumbnailUrl\":\"https:\/\/blog.webex.com\/wp-content\/uploads\/2022\/01\/11_05_41_ccexpress.jpeg\",\"datePublished\":\"2022-03-09T16:00:42+00:00\",\"author\":{\"@id\":\"https:\/\/blog.webex.com\/es\/#\/schema\/person\/e377ec8e77fab0d70a792b66ebf647c0\"},\"breadcrumb\":{\"@id\":\"https:\/\/blog.webex.com\/de\/customer-stories-de\/die-beliebte-tv-show-halt-die-kameras-mit-webex-geraten-am-laufen\/#breadcrumb\"},\"inLanguage\":\"de-DE\",\"potentialAction\":[{\"@type\":\"ReadAction\",\"target\":[\"https:\/\/blog.webex.com\/de\/customer-stories-de\/die-beliebte-tv-show-halt-die-kameras-mit-webex-geraten-am-laufen\/\"]}]},{\"@type\":\"ImageObject\",\"inLanguage\":\"de-DE\",\"@id\":\"https:\/\/blog.webex.com\/de\/customer-stories-de\/die-beliebte-tv-show-halt-die-kameras-mit-webex-geraten-am-laufen\/#primaryimage\",\"url\":\"https:\/\/blog.webex.com\/wp-content\/uploads\/2022\/01\/11_05_41_ccexpress.jpeg\",\"contentUrl\":\"https:\/\/blog.webex.com\/wp-content\/uploads\/2022\/01\/11_05_41_ccexpress.jpeg\",\"width\":975,\"height\":554,\"caption\":\"11_05_41_ccexpress\"},{\"@type\":\"BreadcrumbList\",\"@id\":\"https:\/\/blog.webex.com\/de\/customer-stories-de\/die-beliebte-tv-show-halt-die-kameras-mit-webex-geraten-am-laufen\/#breadcrumb\",\"itemListElement\":[{\"@type\":\"ListItem\",\"position\":1,\"name\":\"Home\",\"item\":\"https:\/\/blog.webex.com\/de\/\"},{\"@type\":\"ListItem\",\"position\":2,\"name\":\"Die beliebte TV-Show h\u00e4lt die Kameras mit Webex-Ger\u00e4ten am Laufen\"}]},{\"@type\":\"WebSite\",\"@id\":\"https:\/\/blog.webex.com\/es\/#website\",\"url\":\"https:\/\/blog.webex.com\/es\/\",\"name\":\"Webex Blog\",\"description\":\"Webex by Cisco powers collaboration through industry-leading video conferencing, cloud calling and contact center solutions\",\"potentialAction\":[{\"@type\":\"SearchAction\",\"target\":{\"@type\":\"EntryPoint\",\"urlTemplate\":\"https:\/\/blog.webex.com\/es\/?s={search_term_string}\"},\"query-input\":{\"@type\":\"PropertyValueSpecification\",\"valueRequired\":true,\"valueName\":\"search_term_string\"}}],\"inLanguage\":\"de-DE\"},{\"@type\":\"Person\",\"@id\":\"https:\/\/blog.webex.com\/es\/#\/schema\/person\/e377ec8e77fab0d70a792b66ebf647c0\",\"name\":\"Webex Team\",\"image\":{\"@type\":\"ImageObject\",\"inLanguage\":\"de-DE\",\"@id\":\"https:\/\/blog.webex.com\/es\/#\/schema\/person\/image\/\",\"url\":\"https:\/\/secure.gravatar.com\/avatar\/f2de40eb6d70014e905cc35d9daca32b1f90d87519cf61fce7607ea15ec87b11?s=96&d=wp_user_avatar&r=g\",\"contentUrl\":\"https:\/\/secure.gravatar.com\/avatar\/f2de40eb6d70014e905cc35d9daca32b1f90d87519cf61fce7607ea15ec87b11?s=96&d=wp_user_avatar&r=g\",\"caption\":\"Webex Team\"},\"description\":\"Webex is a leading provider of cloud-based collaboration solutions which includes video meetings, calling, messaging, events, customer experience solutions like contact center, and purpose-built collaboration devices.\",\"sameAs\":[\"http:\/\/www.webex.com\",\"https:\/\/www.facebook.com\/webex\",\"https:\/\/www.linkedin.com\/company\/webex\",\"https:\/\/x.com\/https:\/\/twitter.com\/Webex\"],\"url\":\"https:\/\/blog.webex.com\/de\/contributors\/webexadmin\/\"}]}<\/script>\n<!-- \/ Yoast SEO plugin. -->","yoast_head_json":{"title":"Die beliebte TV-Show h\u00e4lt die Kameras mit Webex-Ger\u00e4ten am Laufen | Webex Blog","robots":{"index":"index","follow":"follow","max-snippet":"max-snippet:-1","max-image-preview":"max-image-preview:large","max-video-preview":"max-video-preview:-1"},"canonical":"https:\/\/blog.webex.com\/de\/customer-stories-de\/die-beliebte-tv-show-halt-die-kameras-mit-webex-geraten-am-laufen\/","og_locale":"de_DE","og_type":"article","og_title":"Die beliebte TV-Show h\u00e4lt die Kameras mit Webex-Ger\u00e4ten am Laufen | Webex Blog","og_description":"Egal, ob Sie Ihre Lieblingssendung auf Netflix schauen oder zu einem gro\u00dfartigen neuen Song jammen, wir sind st\u00e4ndig integraler Bestandteil [&hellip;]","og_url":"https:\/\/blog.webex.com\/de\/customer-stories-de\/die-beliebte-tv-show-halt-die-kameras-mit-webex-geraten-am-laufen\/","og_site_name":"Webex Blog","article_author":"https:\/\/www.facebook.com\/webex","article_published_time":"2022-03-09T16:00:42+00:00","og_image":[{"width":975,"height":554,"url":"https:\/\/blog.webex.com\/wp-content\/uploads\/2022\/01\/11_05_41_ccexpress.jpeg","type":"image\/jpeg"}],"author":"Webex Team","twitter_misc":{"Verfasst von":"Webex-Team","Gesch\u00e4tzte Lesezeit":"2 Minuten"},"schema":{"@context":"https:\/\/schema.org","@graph":[{"@type":"Article","@id":"https:\/\/blog.webex.com\/de\/customer-stories-de\/die-beliebte-tv-show-halt-die-kameras-mit-webex-geraten-am-laufen\/#article","isPartOf":{"@id":"https:\/\/blog.webex.com\/de\/customer-stories-de\/die-beliebte-tv-show-halt-die-kameras-mit-webex-geraten-am-laufen\/"},"author":{"name":"Webex Team","@id":"https:\/\/blog.webex.com\/es\/#\/schema\/person\/e377ec8e77fab0d70a792b66ebf647c0"},"headline":"Die beliebte TV-Show h\u00e4lt die Kameras mit Webex-Ger\u00e4ten am Laufen","datePublished":"2022-03-09T16:00:42+00:00","mainEntityOfPage":{"@id":"https:\/\/blog.webex.com\/de\/customer-stories-de\/die-beliebte-tv-show-halt-die-kameras-mit-webex-geraten-am-laufen\/"},"wordCount":468,"image":{"@id":"https:\/\/blog.webex.com\/de\/customer-stories-de\/die-beliebte-tv-show-halt-die-kameras-mit-webex-geraten-am-laufen\/#primaryimage"},"thumbnailUrl":"https:\/\/blog.webex.com\/wp-content\/uploads\/2022\/01\/11_05_41_ccexpress.jpeg","keywords":["Webex Devices","Webex Ger\u00e4te"],"articleSection":["Arbeitsbereiche","Customer Stories"],"inLanguage":"de-DE"},{"@type":"WebPage","@id":"https:\/\/blog.webex.com\/de\/customer-stories-de\/die-beliebte-tv-show-halt-die-kameras-mit-webex-geraten-am-laufen\/","url":"https:\/\/blog.webex.com\/de\/customer-stories-de\/die-beliebte-tv-show-halt-die-kameras-mit-webex-geraten-am-laufen\/","name":"Die beliebte TV-Show h\u00e4lt die Kameras mit Webex-Ger\u00e4ten am Laufen | Webex Blog","isPartOf":{"@id":"https:\/\/blog.webex.com\/es\/#website"},"primaryImageOfPage":{"@id":"https:\/\/blog.webex.com\/de\/customer-stories-de\/die-beliebte-tv-show-halt-die-kameras-mit-webex-geraten-am-laufen\/#primaryimage"},"image":{"@id":"https:\/\/blog.webex.com\/de\/customer-stories-de\/die-beliebte-tv-show-halt-die-kameras-mit-webex-geraten-am-laufen\/#primaryimage"},"thumbnailUrl":"https:\/\/blog.webex.com\/wp-content\/uploads\/2022\/01\/11_05_41_ccexpress.jpeg","datePublished":"2022-03-09T16:00:42+00:00","author":{"@id":"https:\/\/blog.webex.com\/es\/#\/schema\/person\/e377ec8e77fab0d70a792b66ebf647c0"},"breadcrumb":{"@id":"https:\/\/blog.webex.com\/de\/customer-stories-de\/die-beliebte-tv-show-halt-die-kameras-mit-webex-geraten-am-laufen\/#breadcrumb"},"inLanguage":"de-DE","potentialAction":[{"@type":"ReadAction","target":["https:\/\/blog.webex.com\/de\/customer-stories-de\/die-beliebte-tv-show-halt-die-kameras-mit-webex-geraten-am-laufen\/"]}]},{"@type":"ImageObject","inLanguage":"de-DE","@id":"https:\/\/blog.webex.com\/de\/customer-stories-de\/die-beliebte-tv-show-halt-die-kameras-mit-webex-geraten-am-laufen\/#primaryimage","url":"https:\/\/blog.webex.com\/wp-content\/uploads\/2022\/01\/11_05_41_ccexpress.jpeg","contentUrl":"https:\/\/blog.webex.com\/wp-content\/uploads\/2022\/01\/11_05_41_ccexpress.jpeg","width":975,"height":554,"caption":"11_05_41_ccexpress"},{"@type":"BreadcrumbList","@id":"https:\/\/blog.webex.com\/de\/customer-stories-de\/die-beliebte-tv-show-halt-die-kameras-mit-webex-geraten-am-laufen\/#breadcrumb","itemListElement":[{"@type":"ListItem","position":1,"name":"Home","item":"https:\/\/blog.webex.com\/de\/"},{"@type":"ListItem","position":2,"name":"Die beliebte TV-Show h\u00e4lt die Kameras mit Webex-Ger\u00e4ten am Laufen"}]},{"@type":"WebSite","@id":"https:\/\/blog.webex.com\/es\/#website","url":"https:\/\/blog.webex.com\/es\/","name":"Webex Blog","description":"Webex by Cisco powers collaboration through industry-leading video conferencing, cloud calling and contact center solutions","potentialAction":[{"@type":"SearchAction","target":{"@type":"EntryPoint","urlTemplate":"https:\/\/blog.webex.com\/es\/?s={search_term_string}"},"query-input":{"@type":"PropertyValueSpecification","valueRequired":true,"valueName":"search_term_string"}}],"inLanguage":"de-DE"},{"@type":"Person","@id":"https:\/\/blog.webex.com\/es\/#\/schema\/person\/e377ec8e77fab0d70a792b66ebf647c0","name":"Webex Team","image":{"@type":"ImageObject","inLanguage":"de-DE","@id":"https:\/\/blog.webex.com\/es\/#\/schema\/person\/image\/","url":"https:\/\/secure.gravatar.com\/avatar\/f2de40eb6d70014e905cc35d9daca32b1f90d87519cf61fce7607ea15ec87b11?s=96&d=wp_user_avatar&r=g","contentUrl":"https:\/\/secure.gravatar.com\/avatar\/f2de40eb6d70014e905cc35d9daca32b1f90d87519cf61fce7607ea15ec87b11?s=96&d=wp_user_avatar&r=g","caption":"Webex Team"},"description":"Webex is a leading provider of cloud-based collaboration solutions which includes video meetings, calling, messaging, events, customer experience solutions like contact center, and purpose-built collaboration devices.","sameAs":["http:\/\/www.webex.com","https:\/\/www.facebook.com\/webex","https:\/\/www.linkedin.com\/company\/webex","https:\/\/x.com\/https:\/\/twitter.com\/Webex"],"url":"https:\/\/blog.webex.com\/de\/contributors\/webexadmin\/"}]}},"_links":{"self":[{"href":"https:\/\/blog.webex.com\/de\/wp-json\/wp\/v2\/posts\/390497","targetHints":{"allow":["GET"]}}],"collection":[{"href":"https:\/\/blog.webex.com\/de\/wp-json\/wp\/v2\/posts"}],"about":[{"href":"https:\/\/blog.webex.com\/de\/wp-json\/wp\/v2\/types\/post"}],"author":[{"embeddable":true,"href":"https:\/\/blog.webex.com\/de\/wp-json\/wp\/v2\/users\/1"}],"replies":[{"embeddable":true,"href":"https:\/\/blog.webex.com\/de\/wp-json\/wp\/v2\/comments?post=390497"}],"version-history":[{"count":0,"href":"https:\/\/blog.webex.com\/de\/wp-json\/wp\/v2\/posts\/390497\/revisions"}],"wp:featuredmedia":[{"embeddable":true,"href":"https:\/\/blog.webex.com\/de\/wp-json\/wp\/v2\/media\/383936"}],"wp:attachment":[{"href":"https:\/\/blog.webex.com\/de\/wp-json\/wp\/v2\/media?parent=390497"}],"wp:term":[{"taxonomy":"category","embeddable":true,"href":"https:\/\/blog.webex.com\/de\/wp-json\/wp\/v2\/categories?post=390497"},{"taxonomy":"post_tag","embeddable":true,"href":"https:\/\/blog.webex.com\/de\/wp-json\/wp\/v2\/tags?post=390497"}],"curies":[{"name":"wp","href":"https:\/\/api.w.org\/{rel}","templated":true}]}}