{"id":393030,"date":"2022-03-22T07:10:35","date_gmt":"2022-03-22T14:10:35","guid":{"rendered":"https:\/\/blog.webex.com\/uncategorized-de\/arbeit-neu-gestalten-mit-webex\/"},"modified":"2023-04-17T10:55:35","modified_gmt":"2023-04-17T17:55:35","slug":"arbeit-neu-gestalten-mit-webex","status":"publish","type":"post","link":"https:\/\/blog.webex.com\/de\/customer-stories\/arbeit-neu-gestalten-mit-webex\/","title":{"rendered":"Arbeit neu gestalten\u00a0\u2013 mit Webex"},"content":{"rendered":"\n<p><span class=\"TextRun SCXW254116873 BCX4\" lang=\"de\" xml:lang=\"de\" data-contrast=\"auto\"><br>\n  <span class=\"NormalTextRun SCXW254116873 BCX4\">In den letzten Jahren hat sich viel ver\u00e4ndert. <\/span><br>\n<\/span><span class=\"TextRun SCXW254116873 BCX4\" lang=\"de\" xml:lang=\"de\" data-contrast=\"auto\"><br>\n  <span class=\"NormalTextRun SCXW254116873 BCX4\">Die Produktivit\u00e4t stieg, doch das Wohlbefinden von Arbeitskr\u00e4ften verschlechterte sich. <\/span><br>\n<\/span><span class=\"TextRun SCXW254116873 BCX4\" lang=\"de\" xml:lang=\"de\" data-contrast=\"auto\"><br>\n  <span class=\"NormalTextRun SCXW254116873 BCX4\" data-ccp-charstyle=\"normaltextrun\" data-ccp-charstyle-defn=\"{&quot;ObjectId&quot;:&quot;a75bb00c-d82f-43f8-a195-dcf1b28ceec0|15&quot;,&quot;ClassId&quot;:1073872969,&quot;Properties&quot;:[469775450,&quot;normaltextrun&quot;,201340122,&quot;1&quot;,134233614,&quot;true&quot;,469778129,&quot;normaltextrun&quot;,335572020,&quot;1&quot;,469778324,&quot;Default Paragraph Font&quot;]}\">Probleme, die vormals <\/span><br>\n  <span class=\"NormalTextRun ContextualSpellingAndGrammarErrorV2 SCXW254116873 BCX4\" data-ccp-charstyle=\"normaltextrun\">nur<\/span><br>\n  <span class=\"NormalTextRun SCXW254116873 BCX4\" data-ccp-charstyle=\"normaltextrun\"> bestimmte Gruppen betrafen, wie etwa der pausenlose Wechsel von einem Meeting zum n\u00e4chsten, wurden zu einem Problem f\u00fcr alle<\/span><br>\n  <span class=\"NormalTextRun SCXW254116873 BCX4\" data-ccp-charstyle=\"eop\" data-ccp-charstyle-defn=\"{&quot;ObjectId&quot;:&quot;a75bb00c-d82f-43f8-a195-dcf1b28ceec0|16&quot;,&quot;ClassId&quot;:1073872969,&quot;Properties&quot;:[469775450,&quot;eop&quot;,201340122,&quot;1&quot;,134233614,&quot;true&quot;,469778129,&quot;eop&quot;,335572020,&quot;1&quot;,469778324,&quot;Default Paragraph Font&quot;]}\">. <\/span><br>\n<\/span><span class=\"TextRun SCXW254116873 BCX4\" lang=\"de\" xml:lang=\"de\" data-contrast=\"auto\"><br>\n  <span class=\"NormalTextRun SCXW254116873 BCX4\">D<\/span><br>\n  <span class=\"NormalTextRun SCXW254116873 BCX4\">ie Nutzung von<\/span><br>\n  <span class=\"NormalTextRun SCXW254116873 BCX4\"> Tools f\u00fcr die Zusammenarbeit nahm zu, doch <\/span><br>\n  <span class=\"NormalTextRun SCXW254116873 BCX4\">die Verwaltung dieser Tools <\/span><br>\n  <span class=\"NormalTextRun SCXW254116873 BCX4\">stellte<\/span><br>\n  <span class=\"NormalTextRun SCXW254116873 BCX4\"> die IT vor Probleme<\/span><br>\n  <span class=\"NormalTextRun SCXW254116873 BCX4\">. <\/span><br>\n  <span class=\"NormalTextRun SCXW254116873 BCX4\">Alle hatten z<\/span><br>\n  <span class=\"NormalTextRun SCXW254116873 BCX4\">war gleich viel Platz auf dem Bildschirm, <\/span><br>\n  <span class=\"NormalTextRun SCXW254116873 BCX4\">aber waren sie <\/span><br>\n  <span class=\"NormalTextRun SCXW254116873 BCX4\">a<\/span><br>\n  <span class=\"NormalTextRun SCXW254116873 BCX4\">uch <\/span><br>\n  <span class=\"NormalTextRun SCXW254116873 BCX4\">tats\u00e4chlich gleichgestellt?<\/span><br>\n  <span class=\"NormalTextRun SCXW254116873 BCX4\">&nbsp;<\/span><br>\n<\/span><span class=\"EOP SCXW254116873 BCX4\" data-ccp-props=\"{}\">&nbsp;<\/span><\/p>\n\n\n\n<p><span data-contrast=\"auto\">Uns steht<\/span> <span data-contrast=\"auto\">ein gewaltiger Wandel bevor. Hybride Arbeit ist nun sowohl anders als auch schwieriger geworden als die Arbeitsmethoden der letzten zwei Jahre. <\/span><a href=\"https:\/\/www.adecco-jobs.com\/-\/media\/project\/adeccogroup\/pdf-files\/resetting-normal-pdf-files\/resetting-normal-2021_the-adecco-group_final_latest.pdf\/?modified=20210930133229\" target=\"_blank\" rel=\"noopener\"><br>\n  <span data-contrast=\"none\">Mehr als die H\u00e4lfte der Arbeitskr\u00e4fte weltweit m\u00f6chten 50&nbsp;% ihrer Arbeitszeit remote arbeiten<\/span><br>\n<\/a><span data-contrast=\"auto\">, zudem soll eine R\u00fcckkehr ins B\u00fcro ihren W\u00fcnschen entsprechen.&nbsp; Sicherzustellen, dass Mitarbeiter engagiert und produktiv arbeiten, wenn manche von ihnen im B\u00fcro sind und andere remote arbeiten, stellt neue Herausforderungen dar. Zudem m\u00fcssen Interaktionen aller Arten und Gr\u00f6\u00dfenordnungen sowohl ansprechend als auch inklusiv werden. Arbeitsbereiche und Werkzeuge m\u00fcssen sich wandeln, Unternehmen m\u00fcssen L\u00f6sungen finden, um die W\u00fcnsche ihrer Mitarbeiter mit den Bed\u00fcrfnissen des Unternehmens in Einklang zu bringen.\u202f&nbsp;<\/span><span data-ccp-props=\"{&quot;134233117&quot;:true,&quot;134233118&quot;:true}\">&nbsp;<\/span><\/p>\n\n\n\n<h2 class=\"wp-block-heading\"><b><br>\n  <span data-contrast=\"auto\">Innovative neue Arbeitsbereiche<\/span><br>\n<\/b><span data-ccp-props=\"{&quot;335559740&quot;:259}\">&nbsp;<\/span><\/h2>\n\n\n\n<p><span class=\"TextRun SCXW131854042 BCX4\" lang=\"de\" xml:lang=\"de\" data-contrast=\"auto\"><br>\n  <span class=\"NormalTextRun SCXW131854042 BCX4\" data-ccp-parastyle=\"Normal (Web)\">Bei der R\u00fcckkehr der Mitarbeiter ins B\u00fcro zeigt sich,<\/span> <span class=\"NormalTextRun SCXW131854042 BCX4\" data-ccp-parastyle=\"Normal (Web)\">dass sich die Erwartungen <\/span><span class=\"NormalTextRun SCXW131854042 BCX4\" data-ccp-parastyle=\"Normal (Web)\">ge\u00e4ndert haben. U<\/span><span class=\"NormalTextRun SCXW131854042 BCX4\" data-ccp-parastyle=\"Normal (Web)\">nternehmen \u00fcberdenken den physischen <\/span><span class=\"NormalTextRun SCXW131854042 BCX4\" data-ccp-parastyle=\"Normal (Web)\">Platzbedarf<\/span><span class=\"NormalTextRun SCXW131854042 BCX4\" data-ccp-parastyle=\"Normal (Web)\">. J<\/span><span class=\"NormalTextRun SCXW131854042 BCX4\" data-ccp-parastyle=\"Normal (Web)\">ene, die eine hybride Strategie verfolgen, erwarten <\/span><\/span><a class=\"Hyperlink SCXW131854042 BCX4\" href=\"https:\/\/www2.deloitte.com\/us\/en\/pages\/human-capital\/articles\/2021-return-to-workplace-survey.html\" target=\"_blank\" rel=\"noopener\"><br>\n  <span class=\"TextRun Underlined SCXW131854042 BCX4\" lang=\"de\" xml:lang=\"de\" data-contrast=\"none\"><br>\n    <span class=\"NormalTextRun SCXW131854042 BCX4\" data-ccp-charstyle=\"Hyperlink\">4,5-mal h\u00e4ufiger,<\/span><br>\n  <\/span><br>\n<\/a><span class=\"TextRun SCXW131854042 BCX4\" lang=\"de\" xml:lang=\"de\" data-contrast=\"auto\"> <span class=\"NormalTextRun SCXW131854042 BCX4\" data-ccp-parastyle=\"Normal (Web)\">dass<\/span><span class=\"NormalTextRun SCXW131854042 BCX4\" data-ccp-parastyle=\"Normal (Web)\"> ihr<\/span><span class=\"NormalTextRun SCXW131854042 BCX4\" data-ccp-parastyle=\"Normal (Web)\"> Platzbedarf um<\/span><span class=\"NormalTextRun SCXW131854042 BCX4\" data-ccp-parastyle=\"Normal (Web)\"> mehr als 10&nbsp;% sinken wird<\/span><span class=\"NormalTextRun SCXW131854042 BCX4\" data-ccp-parastyle=\"Normal (Web)\">.<\/span> <\/span><a class=\"Hyperlink SCXW131854042 BCX4\" href=\"https:\/\/www.adecco-jobs.com\/-\/media\/project\/adeccogroup\/pdf-files\/resetting-normal-pdf-files\/resetting-normal-2021_the-adecco-group_final_latest.pdf\/?modified=20210930133229\" target=\"_blank\" rel=\"noopener\"><br>\n  <span class=\"TextRun Underlined SCXW131854042 BCX4\" lang=\"de\" xml:lang=\"de\" data-contrast=\"none\"><br>\n    <span class=\"NormalTextRun SCXW131854042 BCX4\" data-ccp-charstyle=\"Hyperlink\">Auch sinkende Produktivit\u00e4t <\/span><br>\n    <span class=\"NormalTextRun SCXW131854042 BCX4\" data-ccp-charstyle=\"Hyperlink\">und die Neugestaltung von Arbeitsbereichen f\u00fcr sicheres und effektives Arbeiten<\/span><br>\n  <\/span><br>\n<\/a><span class=\"TextRun SCXW131854042 BCX4\" lang=\"de\" xml:lang=\"de\" data-contrast=\"auto\"> <span class=\"NormalTextRun SCXW131854042 BCX4\" data-ccp-parastyle=\"Normal (Web)\">sind<\/span><span class=\"NormalTextRun SCXW131854042 BCX4\" data-ccp-parastyle=\"Normal (Web)\"> <\/span><span class=\"NormalTextRun SCXW131854042 BCX4\" data-ccp-parastyle=\"Normal (Web)\">vielen Mitarbeitern ein Anliegen.&nbsp;<\/span><\/span><span class=\"EOP SCXW131854042 BCX4\" data-ccp-props=\"{&quot;134233117&quot;:true,&quot;134233118&quot;:true,&quot;335559739&quot;:240}\">&nbsp;<\/span><\/p>\n\n\n\n<p><span data-contrast=\"auto\">Bei Webex arbeiten wir an L\u00f6sungen f\u00fcr beide Probleme. Wir haben Arbeitsbereiche vollkommen innovativ neu gestaltet&nbsp;\u2013 zu Hause, im B\u00fcro und unterwegs. Zudem haben wir unsere Suite an Ger\u00e4ten und Anwendungen ausgebaut, wodurch Mitarbeiter die besten Erfahrungen erhalten k\u00f6nnen&nbsp;\u2013 egal wie, wo oder wann sie arbeiten. Ob man von zu Hause aus arbeitet, im B\u00fcro oder in einem geteilten oder dedizierten Arbeitsbereich, Webex hat eine L\u00f6sung.&nbsp;<\/span><span data-ccp-props=\"{&quot;335559740&quot;:259}\">&nbsp;<\/span><\/p>\n\n\n\n<p><span data-contrast=\"auto\">F\u00fcr die Arbeitsbereiche zu Hause bieten <\/span><b><br>\n  <span data-contrast=\"auto\">Webex Desk&nbsp;Camera<\/span><br>\n<\/b><span data-contrast=\"auto\"> und <\/span><b><br>\n  <span data-contrast=\"auto\">Kopfh\u00f6rer von Cisco<\/span><br>\n<\/b><span data-contrast=\"auto\"> hochwertige Erfahrungen f\u00fcr alle Arbeitsbereiche&nbsp;\u2013 klaren Klang f\u00fcr Anrufe, scharfe Bildqualit\u00e4t f\u00fcr Meetings und Ger\u00e4uschunterdr\u00fcckung zur besseren Konzentration. <\/span><b><br>\n  <span data-contrast=\"auto\">Webex&nbsp;Desk&nbsp;Mini<\/span><br>\n<\/b><span data-contrast=\"auto\"> ist tragbar und l\u00e4sst sich so einfach von Ort zu Ort mitnehmen oder als zweiter Bildschirm verwenden&nbsp;\u2013 nie mehr zusammengekauert zu Hause vor dem eigenen Laptop sitzen. <\/span><b><br>\n  <span data-contrast=\"auto\">Webex&nbsp;Desk&nbsp;Pro<\/span><br>\n<\/b><span data-contrast=\"auto\"> ist eine KI-gest\u00fctzte All-in-one-Workstation f\u00fcr die Zusammenarbeit. HD-Kameras und ein dynamischer Bildausschnitt sorgen daf\u00fcr, dass Sie stets im Bild bleiben&nbsp;\u2013 auch wenn Sie kurz Ihre Beine strecken. <\/span>Mehr erfahren <a href=\"https:\/\/blog.webex.com\/de\/geraete-fuer-die-zusammenarbeit\/mehr-als-nur-videokonferenzloesungen-arbeitserfahrungen-von-grund-auf-neu-gestalten\/\" target=\"_blank\" rel=\"noopener\">Mehr als nur Videokonferenzl\u00f6sungen: Arbeitserfahrungen neu gestalten<\/a><\/p>\n\n\n\n<p><span data-contrast=\"auto\">Viele kehren bereits ins B\u00fcro zur\u00fcck&nbsp;\u2013 dieses wird nun anders aussehen als zuvor. Hot&nbsp;Desking ist keine neue Idee&nbsp;\u2013 Mitarbeiter und Firmen nutzen schon seit Jahren geteilte Arbeitspl\u00e4tze. Wir glauben dennoch, dass Hot&nbsp;Desking mehr bieten sollte als nur einen Platz, an dem man sein Tagewerk verrichtet&nbsp;\u2013 es sollte das eigene, pers\u00f6nliche B\u00fcro sein und eine Erfahrung bieten, die gleichwertig oder besser ist als zu Hause.&nbsp;<\/span><span data-ccp-props=\"{}\">&nbsp;<\/span><\/p>\n\n\n<div class=\"wp-block-image\">\n<figure class=\"aligncenter\"><img loading=\"lazy\" decoding=\"async\" width=\"980\" height=\"514\" src=\"https:\/\/blog.webex.com\/wp-content\/uploads\/2022\/03\/A-new-Webex-hot-desking-experience.png\" alt=\"Ein neues Hot-Desking-Erlebnis von Webex\" class=\"wp-image-391057\" srcset=\"https:\/\/blog.webex.com\/wp-content\/uploads\/2022\/03\/A-new-Webex-hot-desking-experience.png 980w, https:\/\/blog.webex.com\/wp-content\/uploads\/2022\/03\/A-new-Webex-hot-desking-experience-300x157.png 300w, https:\/\/blog.webex.com\/wp-content\/uploads\/2022\/03\/A-new-Webex-hot-desking-experience-1024x537.png 1024w, https:\/\/blog.webex.com\/wp-content\/uploads\/2022\/03\/A-new-Webex-hot-desking-experience-768x403.png 768w\" sizes=\"auto, (max-width: 980px) 100vw, 980px\" \/><\/figure>\n<\/div>\n\n\n<p><span data-contrast=\"auto\">Genau das haben wir also umgesetzt. Nun gibt es ein <\/span><b><br>\n  <span data-contrast=\"auto\">neues Hot-Desking-Erlebnis von Webex<\/span><br>\n<\/b><span data-contrast=\"auto\"> f\u00fcr die Webex Desk-Serie, das mehr Optionen f\u00fcr geteilte R\u00e4ume unterst\u00fctzt, um r\u00e4umliche Anforderungen zu erf\u00fcllen und Mitarbeitern gleichzeitig die erhofften fantastischen Erfahrungen zu bieten.&nbsp;<\/span><b><br>\n  <span data-contrast=\"auto\">&nbsp;<\/span><br>\n<\/b> <a href=\"https:\/\/blog.webex.com\/wp-content\/uploads\/2022\/03\/A-new-Webex-hot-desking-experience.png\"><br>\n  <br>\n<\/a><\/p>\n\n\n\n<p><span data-contrast=\"auto\">Die Anmeldung bei einem Ger\u00e4t ist ganz einfach&nbsp;\u2013 man scannt einen QR-Code, steckt seinen Laptop an oder tippt auf einem Webex&nbsp;Desk-Hub auf sein Smartphone.<\/span> <span data-contrast=\"auto\">Das Webex-Ger\u00e4t wird somit zu einem pers\u00f6nlichen Ger\u00e4t f\u00fcr die Zusammenarbeit und erlaubt den Zugriff auf die eigenen Arbeiten, Whiteboards und Kalender sowie den Beitritt zu Meetings mit nur einem Knopfdruck. Dar\u00fcber hinaus ist dies bei der Webex Cloud-Registrierung enthalten.&nbsp;<\/span><span data-ccp-props=\"{}\">&nbsp;<\/span><\/p>\n\n\n\n<p><span data-contrast=\"auto\">Besprechungsr\u00e4ume m\u00fcssen sich wandeln, damit alle Teilnehmer gleicherma\u00dfen teilhaben k\u00f6nnen&nbsp;\u2013 wo auch immer sie sind. <\/span><b><br>\n  <span data-contrast=\"auto\">People Focus<\/span><br>\n<\/b><span data-contrast=\"auto\"> hilft bei der L\u00f6sung dieses Problems. Intelligente Webex-Kameras verbessern den Blick auf den Besprechungsraum f\u00fcr Remote-Teilnehmer, indem anwesende Personen erkannt werden und eigene Video-Streams erhalten. Alle Personen tauchen gleicherma\u00dfen auf dem Bildschirm auf&nbsp;\u2013 auch wenn sie \u00fcber<\/span><span data-contrast=\"auto\"><\/span><span data-contrast=\"auto\"> Drittanbieterplattformen teilnehmen.&nbsp;<\/span><span data-ccp-props=\"{}\">&nbsp;<\/span><\/p>\n\n\n<div class=\"wp-block-image\">\n<figure class=\"aligncenter\"><img loading=\"lazy\" decoding=\"async\" width=\"971\" height=\"520\" src=\"https:\/\/blog.webex.com\/wp-content\/uploads\/2022\/03\/People-focus.png\" alt=\"People Focus\" class=\"wp-image-391068\" srcset=\"https:\/\/blog.webex.com\/wp-content\/uploads\/2022\/03\/People-focus.png 971w, https:\/\/blog.webex.com\/wp-content\/uploads\/2022\/03\/People-focus-300x161.png 300w, https:\/\/blog.webex.com\/wp-content\/uploads\/2022\/03\/People-focus-1024x549.png 1024w, https:\/\/blog.webex.com\/wp-content\/uploads\/2022\/03\/People-focus-768x411.png 768w\" sizes=\"auto, (max-width: 971px) 100vw, 971px\" \/><\/figure>\n<\/div>\n\n\n<p><a href=\"https:\/\/blog.webex.com\/wp-content\/uploads\/2022\/03\/People-focus.png\"><br>\n  <br>\n<\/a><\/p>\n\n\n\n<p><span class=\"TextRun SCXW29440434 BCX4\" lang=\"de\" xml:lang=\"de\" data-contrast=\"auto\"><br>\n  <span class=\"NormalTextRun SCXW29440434 BCX4\">85&nbsp;% der Unternehmen<\/span><br>\n  <span class=\"NormalTextRun SCXW29440434 BCX4\">*<\/span><br>\n  <span class=\"NormalTextRun SCXW29440434 BCX4\"> nutzen <\/span><br>\n  <span class=\"NormalTextRun SCXW29440434 BCX4\">t\u00e4glich mehr als nur eine Plattform f\u00fcr Meetings<\/span><br>\n  <span class=\"NormalTextRun SCXW29440434 BCX4\">. <\/span><br>\n  <span class=\"NormalTextRun SCXW29440434 BCX4\">Es freut mich, anzuk\u00fcndigen, dass <\/span><br>\n  <span class=\"NormalTextRun SCXW29440434 BCX4\">Webex-Ger\u00e4te nun Zoom, Microsoft<\/span><br>\n  <span class=\"NormalTextRun SCXW29440434 BCX4\"> Teams<\/span><br>\n  <span class=\"NormalTextRun SCXW29440434 BCX4\"> und Google<\/span><br>\n  <span class=\"NormalTextRun SCXW29440434 BCX4\"> Meet<\/span><br>\n  <span class=\"NormalTextRun SCXW29440434 BCX4\">unterst\u00fctzen,<\/span> <span class=\"NormalTextRun SCXW29440434 BCX4\">sodass Sie jeden Tag nahtlos an allen Meetings teilnehmen k\u00f6nnen. Kein<\/span><span class=\"NormalTextRun SCXW29440434 BCX4\"> Hin- und Herwechseln zwischen Softwares und keine Konfigurations\u00e4nderunge<\/span><span class=\"NormalTextRun SCXW29440434 BCX4\">n<\/span><span class=\"NormalTextRun SCXW29440434 BCX4\"> Ihrer Ger\u00e4te mehr. Sie k\u00f6nnen trotzdem weiterhin die erweiterten Funktionen von Webex <\/span><span class=\"NormalTextRun SCXW29440434 BCX4\">nutzen<\/span><span class=\"NormalTextRun SCXW29440434 BCX4\">, die Sie kennen und lieben.&nbsp;<\/span><\/span><span class=\"EOP SCXW29440434 BCX4\" data-ccp-props=\"{}\">&nbsp;<\/span><\/p>\n\n\n\n<p><span class=\"TextRun SCXW151398023 BCX4\" lang=\"de\" xml:lang=\"de\" data-contrast=\"auto\"><br>\n  <span class=\"NormalTextRun SCXW151398023 BCX4\">Unternehmen erhalten zudem mehr M\u00f6glichkeiten f\u00fcr die Verwaltung ihrer Arbeitsbereiche mithilfe der <\/span><br>\n<\/span><span class=\"TextRun SCXW151398023 BCX4\" lang=\"de\" xml:lang=\"de\" data-contrast=\"auto\"><br>\n  <span class=\"NormalTextRun SCXW151398023 BCX4\">integrierten Arbeitsbereichs-App von <\/span><br>\n  <span class=\"NormalTextRun SCXW151398023 BCX4\">Webex<\/span> <span class=\"NormalTextRun SCXW151398023 BCX4\">Room&nbsp;Navigator<\/span><\/span><span class=\"TextRun SCXW151398023 BCX4\" lang=\"de\" xml:lang=\"de\" data-contrast=\"auto\"><br>\n  <span class=\"NormalTextRun SCXW151398023 BCX4\">. Room Navigator unterst\u00fctzt jetzt Anwendungen von Drittanbietern wie <\/span><br>\n  <span class=\"NormalTextRun SCXW151398023 BCX4\">Humly<\/span><br>\n  <span class=\"NormalTextRun SCXW151398023 BCX4\">, <\/span><br>\n  <span class=\"NormalTextRun SpellingErrorV2 SCXW151398023 BCX4\">AppSpace<\/span><br>\n  <span class=\"NormalTextRun SCXW151398023 BCX4\"> und <\/span><br>\n  <span class=\"NormalTextRun CommentStart SCXW151398023 BCX4\">UMA<\/span><br>\n  <span class=\"NormalTextRun SCXW151398023 BCX4\">. <\/span><br>\n<\/span><span class=\"TextRun SCXW151398023 BCX4\" lang=\"de\" xml:lang=\"de\" data-contrast=\"none\"><br>\n  <span class=\"NormalTextRun SCXW151398023 BCX4\">Sie <\/span><br>\n  <span class=\"NormalTextRun SCXW151398023 BCX4\"> k\u00f6nnen die Arbeitsbereichs-Apps nutzen, die Sie bereits haben und <\/span><br>\n  <span class=\"NormalTextRun SCXW151398023 BCX4\">dennoch<\/span><br>\n  <span class=\"NormalTextRun SCXW151398023 BCX4\"> gro\u00dfartige Erlebnisse erhalten, die Erkenntnisse von <\/span><br>\n  <span class=\"NormalTextRun SCXW151398023 BCX4\">Webex<\/span><br>\n  <span class=\"NormalTextRun SCXW151398023 BCX4\">&nbsp;Room-Ger\u00e4ten integrieren, oder die Standardkonfiguration von Room&nbsp;<\/span><br>\n  <span class=\"NormalTextRun CommentStart SCXW151398023 BCX4\">Navigator<\/span><br>\n  <span class=\"NormalTextRun SCXW151398023 BCX4\"> nutzen. <\/span><br>\n<\/span><span data-contrast=\"none\">Wir freuen uns, <\/span><span data-contrast=\"none\">anzuk\u00fcndigen, dass viele beliebte eingebettete Apps <\/span><span data-contrast=\"none\">bald<\/span><span data-contrast=\"none\"> auf Ger\u00e4ten der <\/span><span data-contrast=\"none\">Webex<\/span><span data-contrast=\"none\">&nbsp;Desk- und der <\/span><span data-contrast=\"none\">Webex<\/span><span data-contrast=\"none\">&nbsp;Board-Serien verf\u00fcg<\/span><span data-contrast=\"none\">bar sein werden, dank <\/span><span data-contrast=\"none\">RoomOS<\/span><span data-contrast=\"none\">.&nbsp;<\/span><span data-ccp-props=\"{}\">&nbsp;<\/span><\/p>\n\n\n\n<p><span data-contrast=\"auto\">Und noch etwas&nbsp;\u2026 Cisco und Apple gingen vor sechs Jahren eine Unternehmenspartnerschaft ein, und ich freue mich, anzuk\u00fcndigen, dass <\/span><b><br>\n  <span data-contrast=\"auto\">Apple AirPlay-Technologie nun auf Webex-Ger\u00e4ten verf\u00fcgbar sein wird.<\/span><br>\n<\/b><span data-contrast=\"auto\"> Dies ist die erste Integration von AirPlay in ein dediziertes Videokonferenzger\u00e4t f\u00fcr Unternehmen. Erfahren Sie von Jeetu Patel, wie wir <\/span><a href=\"https:\/\/blog.webex.com\/de\/customer-stories\/der-hybriden-arbeitswelt-magie-einhauchen-webex-geraete-unterstuetzen-jetzt-apple-airplay\/\" target=\"_blank\" rel=\"noopener\"><br>\n  <span data-contrast=\"auto\">der hybriden Arbeitswelt Magie einhauchen<\/span><br>\n<\/a><span data-contrast=\"auto\">.<\/span><span data-ccp-props=\"{}\">&nbsp;<\/span><\/p>\n\n\n\n<figure class=\"wp-block-embed is-type-video is-provider-youtube wp-block-embed-youtube wp-embed-aspect-16-9 wp-has-aspect-ratio\"><div class=\"wp-block-embed__wrapper\">\n<iframe loading=\"lazy\" title=\"Apple AirPlay now on Webex Devices\" width=\"500\" height=\"281\" src=\"https:\/\/www.youtube.com\/embed\/SO0RCylJFZk?feature=oembed\" frameborder=\"0\" allow=\"accelerometer; autoplay; clipboard-write; encrypted-media; gyroscope; picture-in-picture; web-share\" referrerpolicy=\"strict-origin-when-cross-origin\" allowfullscreen><\/iframe>\n<\/div><\/figure>\n\n\n\n<h2 class=\"wp-block-heading\"><strong>Und wie geht das unterwegs?<\/strong><\/h2>\n\n\n\n<p>Heutzutage kann man <strong>nahezu von \u00fcberall aus arbeiten<\/strong>, einfach \u00fcber das eigene Smartphone. Nicht jeder ist jedoch bereit, seine pers\u00f6nliche Telefonnummer f\u00fcr gesch\u00e4ftliche Interaktionen zu verwenden. <strong>Webex&nbsp;Go <\/strong>l\u00f6st dieses Problem. Jetzt k\u00f6nnen Sie Ihre gesch\u00e4ftliche Webex-Telefonnummer als zweite Rufnummer Ihres Smartphones einrichten.&nbsp; Richten Sie f\u00fcr berufliche Kontakte die gesch\u00e4ftliche Nummer ein, w\u00e4hrend Freunde und Familie weiterhin Ihre pers\u00f6nliche Rufnummer nutzen. Wenn das Telefon klingelt, wissen Sie sofort, auf welcher Nummer angerufen wird. Ganz ohne Download einer zus\u00e4tzlichen App&nbsp;\u2013 ein integraler Bestandteil der nativen Funktionen des Telefons mit hoher Anrufqualit\u00e4t. Diese Funktion gibt es nirgendwo sonst&nbsp;\u2013 jetzt ist sie \u00fcber Webex&nbsp;Calling verf\u00fcgbar, unsere Plattform f\u00fcr Cloud-Anrufe auf Unternehmensniveau. Webex&nbsp;Calling erreichte heute zudem einen weiteren Meilenstein: 6&nbsp;Millionen Abonnenten, Tendenz steigend. Webex&nbsp;Calling ist nun f\u00fcr multinationale Unternehmen mit Zweigstellen in Indien verf\u00fcgbar, wodurch diese Zahl weiter wachsen wird. Mehr erfahren <a href=\"https:\/\/blog.webex.com\/de\/cloudbasiertes-telefonsystem\/anrufe-neu-gestalten-die-verbindung-aller-orte-und-personen-fuer-hybride-arbeitsformen\/\" target=\"_blank\" rel=\"noopener\">Anrufe neu gestalten: Die Verbindung aller Orte und Personen f\u00fcr hybride Arbeitsformen<\/a>.<\/p>\n\n\n\n<p><span class=\"TextRun SCXW90511003 BCX4\" lang=\"de\" xml:lang=\"de\" data-contrast=\"auto\"><br>\n  <span class=\"NormalTextRun SCXW90511003 BCX4\">Schon bald <\/span><br>\n<\/span><span class=\"TextRun SCXW90511003 BCX4\" lang=\"de\" xml:lang=\"de\" data-contrast=\"auto\"><br>\n  <span class=\"NormalTextRun SCXW90511003 BCX4\">k\u00f6nnte Ihr<\/span><br>\n  <span class=\"NormalTextRun SCXW90511003 BCX4\">Auto <\/span><br>\n  <span class=\"NormalTextRun SCXW90511003 BCX4\">das<\/span><br>\n  <span class=\"NormalTextRun SCXW90511003 BCX4\"> ultimative <\/span><br>\n  <span class=\"NormalTextRun SCXW90511003 BCX4\">mobile<\/span><br>\n  <span class=\"NormalTextRun SCXW90511003 BCX4\"> B\u00fcro werden.<\/span><br>\n<\/span><span class=\"TextRun SCXW90511003 BCX4\" lang=\"de\" xml:lang=\"de\" data-contrast=\"auto\"> <span class=\"NormalTextRun SCXW90511003 BCX4\">Heute k\u00fcndigte <\/span><\/span><span class=\"TextRun SCXW90511003 BCX4\" lang=\"de\" xml:lang=\"de\" data-contrast=\"auto\"><br>\n  <span class=\"NormalTextRun SCXW90511003 BCX4\">Ford <\/span><br>\n<\/span><span class=\"TextRun SCXW90511003 BCX4\" lang=\"de\" xml:lang=\"de\" data-contrast=\"auto\"><br>\n  <span class=\"NormalTextRun SCXW90511003 BCX4\">die Freischaltung der Browsererfahrung auf Sync4 an, dem neuen 15-Zoll-Bildschirmsystem der neuen <\/span><br>\n<\/span><span class=\"TextRun SCXW90511003 BCX4\" lang=\"de\" xml:lang=\"de\" data-contrast=\"auto\"><br>\n  <span class=\"NormalTextRun SCXW90511003 BCX4\">Elektrofahrzeuge des Unternehmens, um eine Verbindung mit Webex zu erm\u00f6glichen<\/span><br>\n<\/span><span class=\"TextRun SCXW90511003 BCX4\" lang=\"de\" xml:lang=\"de\" data-contrast=\"auto\"><br>\n  <span class=\"NormalTextRun SCXW90511003 BCX4\">. Sync4 nutzt HTML&nbsp;5, um ein neues Softwareerlebnis zu erm\u00f6glichen und Updates \u00fcber das Internet zu beziehen, wodurch neue Funktionen hinzugef\u00fcgt werden k\u00f6nnen, sobald sie verf\u00fcgbar werden. Bald erscheint zudem eine native Webex-App direkt f\u00fcr den Sync4-Bildschirm, die eine nahtlose Zusammenarbeitserfahrung erm\u00f6glichen wird. Sicherheit genie\u00dft bei Ford oberste Priorit\u00e4t, weshalb die Webex-L\u00f6sung w\u00e4hrend der Fahrt nur Ton bietet<\/span><br>\n  <span class=\"NormalTextRun SCXW90511003 BCX4\">. B<\/span><br>\n  <span class=\"NormalTextRun SCXW90511003 BCX4\">ei Stillstand des Fahrzeugs<\/span><br>\n  <span class=\"NormalTextRun SCXW90511003 BCX4\"> stehen mehr Funktionen von Webex f\u00fcr die <\/span><br>\n  <span class=\"NormalTextRun SCXW90511003 BCX4\"> Zusammenarbeit<\/span> <span class=\"NormalTextRun SCXW90511003 BCX4\">zur Verf\u00fcgung.<\/span><\/span><span class=\"EOP SCXW90511003 BCX4\" data-ccp-props=\"{}\">&nbsp;<\/span><\/p>\n\n\n\n<figure class=\"wp-block-embed is-type-video is-provider-youtube wp-block-embed-youtube wp-embed-aspect-16-9 wp-has-aspect-ratio\"><div class=\"wp-block-embed__wrapper\">\n<iframe loading=\"lazy\" title=\"The future of work on the go  |  Ford &amp; Webex\" width=\"500\" height=\"281\" src=\"https:\/\/www.youtube.com\/embed\/kd_HwyTX1lg?feature=oembed\" frameborder=\"0\" allow=\"accelerometer; autoplay; clipboard-write; encrypted-media; gyroscope; picture-in-picture; web-share\" referrerpolicy=\"strict-origin-when-cross-origin\" allowfullscreen><\/iframe>\n<\/div><\/figure>\n\n\n\n<p><a href=\"https:\/\/www.youtube.com\/watch?v=AnhddpmElAo\" target=\"_blank\" rel=\"noopener\">F\u00fcr meine Stimme optimieren<\/a>\u201c, das intelligente Audiosystem von Webex, verbessert das Erlebnis f\u00fcr Fahrer und Passagiere bei der Arbeit vom Fahrzeug aus und erleichtert die Verst\u00e4ndigung durch Isolation und verbesserte Klarheit der Stimme einer Person sowie Unterdr\u00fcckung st\u00f6render Hintergrundger\u00e4usche und -gespr\u00e4che. Ford spricht hierbei sowohl von einem B\u00fcro \u201ef\u00fcr mich\u201c als auch \u201ef\u00fcr uns\u201c.<\/p>\n\n\n\n<h2 class=\"wp-block-heading\"><strong>Flexible Arbeitsstile<\/strong><\/h2>\n\n\n\n<p><a href=\"https:\/\/www.adecco-jobs.com\/-\/media\/project\/adeccogroup\/pdf-files\/resetting-normal-pdf-files\/resetting-normal-2021_the-adecco-group_final_latest.pdf\/?modified=20210930133229\" target=\"_blank\" rel=\"noopener\">75&nbsp;% der Arbeitskr\u00e4fte halten flexible<\/a> Zeitpl\u00e4ne f\u00fcr wichtig. F\u00fcr weltweit verstreute Teams kann es eine Herausforderung sein, sich zu einem bestimmten Zeitpunkt zu treffen, der f\u00fcr alle Beteiligten funktioniert. Wie stellt man also sicher, dass jeder uneingeschr\u00e4nkt teilnehmen kann?<\/p>\n\n\n\n<p>Die <strong>neue eigenst\u00e4ndige Whiteboarding-App von Webex <\/strong>erm\u00f6glicht hochwertiges Whiteboarding, wodurch alle einfach Ideen beitragen k\u00f6nnen, zeitzonen\u00fcbergreifend, in Echtzeit und offline asynchron.<\/p>\n\n\n<div class=\"wp-block-image\">\n<figure class=\"aligncenter\"><img loading=\"lazy\" decoding=\"async\" width=\"829\" height=\"520\" src=\"https:\/\/blog.webex.com\/wp-content\/uploads\/2022\/03\/Whiteboard.png\" alt=\"Whiteboard\" class=\"wp-image-391098\" srcset=\"https:\/\/blog.webex.com\/wp-content\/uploads\/2022\/03\/Whiteboard.png 829w, https:\/\/blog.webex.com\/wp-content\/uploads\/2022\/03\/Whiteboard-300x188.png 300w, https:\/\/blog.webex.com\/wp-content\/uploads\/2022\/03\/Whiteboard-1024x642.png 1024w, https:\/\/blog.webex.com\/wp-content\/uploads\/2022\/03\/Whiteboard-768x482.png 768w\" sizes=\"auto, (max-width: 829px) 100vw, 829px\" \/><\/figure>\n<\/div>\n\n\n<p><a href=\"https:\/\/blog.webex.com\/wp-content\/uploads\/2022\/03\/Whiteboard.png\"><br>\n  <br>\n<\/a><\/p>\n\n\n\n<p><span class=\"TextRun SCXW148836562 BCX4\" lang=\"de\" xml:lang=\"de\" data-contrast=\"auto\"><br>\n  <span class=\"NormalTextRun CommentStart SCXW148836562 BCX4\" data-ccp-charstyle=\"normaltextrun\" data-ccp-charstyle-defn=\"{&quot;ObjectId&quot;:&quot;a75bb00c-d82f-43f8-a195-dcf1b28ceec0|15&quot;,&quot;ClassId&quot;:1073872969,&quot;Properties&quot;:[469775450,&quot;normaltextrun&quot;,201340122,&quot;1&quot;,134233614,&quot;true&quot;,469778129,&quot;normaltextrun&quot;,335572020,&quot;1&quot;,469778324,&quot;Default Paragraph Font&quot;]}\">Greifen Sie \u00fcber die Whiteboarding-App von Webex<\/span><br>\n  <span class=\"NormalTextRun SCXW148836562 BCX4\" data-ccp-charstyle=\"normaltextrun\"><\/span><br>\n  <span class=\"NormalTextRun SCXW148836562 BCX4\" data-ccp-charstyle=\"normaltextrun\"> direkt auf Ihre liebsten<\/span><br>\n  <span class=\"NormalTextRun SCXW148836562 BCX4\" data-ccp-charstyle=\"normaltextrun\"> eingebetteten Apps wie<\/span><br>\n  <span class=\"NormalTextRun SCXW148836562 BCX4\" data-ccp-charstyle=\"normaltextrun\"> <\/span><br>\n  <span class=\"NormalTextRun SCXW148836562 BCX4\" data-ccp-charstyle=\"normaltextrun\"><\/span><br>\n<\/span><span class=\"TextRun SCXW148836562 BCX4\" lang=\"de\" xml:lang=\"de\" data-contrast=\"auto\"><br>\n  <span class=\"NormalTextRun SCXW148836562 BCX4\" data-ccp-charstyle=\"normaltextrun\"><\/span><br>\n<\/span><span class=\"TextRun SCXW148836562 BCX4\" lang=\"de\" xml:lang=\"de\" data-contrast=\"auto\"><span class=\"NormalTextRun SCXW148836562 BCX4\" data-ccp-charstyle=\"normaltextrun\"><\/span><span class=\"NormalTextRun SCXW148836562 BCX4\" data-ccp-charstyle=\"normaltextrun\">Miro,<\/span><\/span><span class=\"TrackChangeTextInsertion TrackedChange SCXW148836562 BCX4\"><br>\n  <span class=\"TextRun SCXW148836562 BCX4\" lang=\"de\" xml:lang=\"de\" data-contrast=\"auto\"><br>\n    <span class=\"NormalTextRun SCXW148836562 BCX4\" data-ccp-charstyle=\"normaltextrun\"><\/span><br>\n  <\/span><br>\n<\/span><span class=\"TrackChangeTextDeletion TrackedChange SCXW148836562 BCX4\"><br>\n  <span class=\"TextRun SCXW148836562 BCX4\" lang=\"de\" xml:lang=\"de\" data-contrast=\"auto\"><br>\n    <span class=\"NormalTextRun SCXW148836562 BCX4\" data-ccp-charstyle=\"normaltextrun\"> <\/span><br>\n  <\/span><br>\n<\/span><span class=\"TextRun SCXW148836562 BCX4\" lang=\"de\" xml:lang=\"de\" data-contrast=\"auto\"><br>\n  <span class=\"NormalTextRun SCXW148836562 BCX4\" data-ccp-charstyle=\"normaltextrun\">Mural<\/span><br>\n<\/span> <span class=\"TrackChangeTextDeletion TrackedChange SCXW148836562 BCX4\"><br>\n  <span class=\"TextRun SCXW148836562 BCX4\" lang=\"de\" xml:lang=\"de\" data-contrast=\"auto\"><br>\n    <span class=\"NormalTextRun SCXW148836562 BCX4\" data-ccp-charstyle=\"normaltextrun\"> und Slido<\/span><br>\n  <\/span><br>\n<\/span> <span class=\"TextRun SCXW148836562 BCX4\" lang=\"de\" xml:lang=\"de\" data-contrast=\"auto\"><br>\n  <span class=\"NormalTextRun SCXW148836562 BCX4\" data-ccp-charstyle=\"normaltextrun\">zu. <\/span><br>\n  <span class=\"NormalTextRun SCXW148836562 BCX4\" data-ccp-charstyle=\"normaltextrun\">Starten und nutzen Sie sie direkt \u00fcber die <\/span><br>\n  <span class=\"NormalTextRun SCXW148836562 BCX4\" data-ccp-charstyle=\"normaltextrun\">Whiteboarding-App<\/span> <span class=\"NormalTextRun CommentStart SCXW148836562 BCX4\" data-ccp-charstyle=\"normaltextrun\">von Webex<\/span><span class=\"NormalTextRun SCXW148836562 BCX4\" data-ccp-charstyle=\"normaltextrun\"><\/span><span class=\"NormalTextRun SCXW148836562 BCX4\" data-ccp-charstyle=\"normaltextrun\">. Sie k\u00f6nnen I<\/span><\/span><span class=\"TextRun SCXW148836562 BCX4\" lang=\"de\" xml:lang=\"de\" data-contrast=\"auto\"><br>\n  <span class=\"NormalTextRun SCXW148836562 BCX4\">Ihr<\/span><br>\n  <span class=\"NormalTextRun SCXW148836562 BCX4\">e Whiteboards an einem Ort verwalten und sie so <\/span><br>\n  <span class=\"NormalTextRun SCXW148836562 BCX4\"><\/span><br>\n  <span class=\"NormalTextRun SCXW148836562 BCX4\"> einfacher finden, benennen und mit allen teilen<\/span><br>\n  <span class=\"NormalTextRun SCXW148836562 BCX4\">,<\/span><br>\n  <span class=\"NormalTextRun SCXW148836562 BCX4\"> einschlie\u00dflich externen Teilnehmern. Die eigenst\u00e4ndige App ist<\/span> <\/span><span class=\"TextRun SCXW148836562 BCX4\" lang=\"de\" xml:lang=\"de\" data-contrast=\"auto\"><br>\n  <span class=\"NormalTextRun SCXW148836562 BCX4\" data-ccp-charstyle=\"normaltextrun\">jetzt f\u00fcr eine <\/span><br>\n<\/span><span class=\"TextRun SCXW148836562 BCX4\" lang=\"de\" xml:lang=\"de\" data-contrast=\"auto\"><br>\n  <span class=\"NormalTextRun SCXW148836562 BCX4\">begrenzte Anzahl Kunden erh\u00e4ltlich.&nbsp;<\/span><br>\n<\/span><span class=\"EOP TrackedChange SCXW148836562 BCX4\" data-ccp-props=\"{}\">&nbsp;<\/span><\/p>\n\n\n\n<p>Webex r\u00e4umt zudem Sprachbarrieren aus. Ob Sie Sprachunterst\u00fctzung ben\u00f6tigen oder einfach lieber mitlesen m\u00f6chten, jetzt k\u00f6nnen Sie \u00fcber die Webex&nbsp;Suite und Webex-Ger\u00e4te <strong>\u00dcbersetzungen in Echtzeit<\/strong> <strong>erhalten<\/strong>. Unsere automatischen Untertitel nutzen Natural Language Processing f\u00fcr \u00dcbersetzungen aus dem Englischen in 108&nbsp;Sprachen. Mit den neuesten \u00c4nderungen k\u00f6nnen 13&nbsp;gesprochene Sprachen erkannt werden&nbsp;\u2013 weitere sind in Arbeit&nbsp;\u2013 was ein inklusives Erlebnis f\u00fcr mehr Teilnehmer erm\u00f6glicht.<\/p>\n\n\n\n<p>Manchmal ist ein Meeting nicht erforderlich. <strong>Vidcast<\/strong>&nbsp;\u2013 unser neues Tool f\u00fcr asynchrone Videonachrichten&nbsp;\u2013 ist eine gro\u00dfartige M\u00f6glichkeit, die Anzahl der Meetings zu verringern und sich trotzdem mit anderen auszutauschen. Ich selbst nutze es regelm\u00e4\u00dfig, um tausenden Mitarbeitern auf der ganzen Welt Neuigkeiten mitzuteilen. Es ist extrem einfach zu benutzen. Ich kann ein Video aufnehmen, Inhalte auf meinem Bildschirm erfassen oder beides, direkt \u00fcber einen Browser. Sekunden sp\u00e4ter kann ich es schon \u00fcber den von mir gew\u00e4hlten Kanal ver\u00f6ffentlichen. Mein Team kann Reaktionen oder Kommentare hinzuf\u00fcgen und zwischen von mir erstellten Kapiteln springen, was mir wertvolle Erkenntnisse zur Resonanz gibt. Jetzt k\u00f6nnen aufgenommene Vidcasts in Slido integriert werden, um auf immersivere Weise R\u00fcckmeldung zu erhalten.<\/p>\n\n\n<div class=\"wp-block-image\">\n<figure class=\"aligncenter\"><img loading=\"lazy\" decoding=\"async\" width=\"853\" height=\"480\" src=\"https:\/\/blog.webex.com\/wp-content\/uploads\/2022\/03\/Vidcast-only.gif\" alt=\"Vidcast\" class=\"wp-image-391148\"\/><\/figure>\n<\/div>\n\n\n<p><a href=\"https:\/\/blog.webex.com\/wp-content\/uploads\/2022\/03\/Vidcast-only.gif\"><br>\n  <br>\n<\/a><\/p>\n\n\n\n<h2 class=\"wp-block-heading\"><strong>Au\u00dfergew\u00f6hnliche hybride Events<\/strong><\/h2>\n\n\n\n<p>Die steigende Anzahl an Pr\u00e4senzveranstaltungen verdeutlicht eine neue Herausforderung. Wie vereinen wir die Reichweite virtueller Veranstaltungen und die pers\u00f6nlichen Interaktionen von Pr\u00e4senzveranstaltungen, um das beste Hybridveranstaltungserlebnis zu bieten, wie auch immer man teilnimmt?<\/p>\n\n\n\n<p><strong>Webex&nbsp;Events <\/strong>(ehem. Socio) ist eine neue L\u00f6sung f\u00fcr diese Herausforderung. Webex&nbsp;Events ist unsere durchg\u00e4ngige Verwaltungsplattform f\u00fcr Pr\u00e4senz-, virtuelle und hybride Veranstaltungen. Heute k\u00fcndigen wir Verbesserungen f\u00fcr all diese Aspekte an. Bei der R\u00fcckkehr zu Pr\u00e4senzveranstaltungen stehen f\u00fcr viele Gesundheit und Sicherheit im Vordergrund. Webex&nbsp;Events bietet gemeinsam mit CLEAR eine L\u00f6sung f\u00fcr Impf- oder Testnachweise, die mit der verifizierten Identit\u00e4t eines Teilnehmers verkn\u00fcpft ist und so allen Teilnehmern und Planern einer Veranstaltung vertrauensw\u00fcrdige Sicherheitsvorkehrungen erm\u00f6glicht.<\/p>\n\n\n\n<p>Bald werden Veranstaltungen von Webex noch inklusiver. Wir haben die gleiche Audio-Intelligenz, die Meetings und Webinars zug\u00e4nglicher macht, in Webex&nbsp;Events integriert. Nimmt man an einer Veranstaltung teil, kann man sein Mobilger\u00e4t zuschalten und es in einen Echtzeit-\u00dcbersetzer verwandeln. So kann man mitlesen, da Gespr\u00e4che in Echtzeit transkribiert werden (aus dem Englischen in 34&nbsp;Sprachen) und so das Meiste aus der Veranstaltung herausholen. Zudem erh\u00e4lt die IT jetzt mehr Transparenz und Kontrolle, dank der Integration von Webex&nbsp;Events in Control&nbsp;Hub.&nbsp; Mehr erfahren <a href=\"https:\/\/blog.webex.com\/de\/hybrides-arbeiten\/erschaffen-sie-vernetzte-erfahrungen-fuer-virtuelle-sowie-praesenzveranstaltungen\/\" target=\"_blank\" rel=\"noopener\">Hybride Events f\u00fcr Unternehmen: Die Erstellung vernetzter Erfahrungen \u00fcber virtuelle und Pr\u00e4senzveranstaltungen hinweg<\/a>.<\/p>\n\n\n\n<h2 class=\"wp-block-heading\"><strong>Einpr\u00e4gsame Kundenerfahrungen<\/strong><\/h2>\n\n\n\n<p>Kundenerfahrungen m\u00fcssen ebenfalls inklusiver werden und auf die Bed\u00fcrfnisse und W\u00fcnsche der einzelnen Interaktionspartner eingehen. Menschliche Kontakte und pers\u00f6nliche Service-Interaktionen wurden als wichtigster Faktor der \u201ewahrgenommenen Wertsch\u00e4tzung durch eine Marke\u201c <a href=\"https:\/\/www.deloittedigital.com\/us\/en\/offerings\/customer-led-marketing\/digital-customer\/elevating-customer-service.html?id=us:2el:3dp:wsjspon:awa:WSJCIO:2022:WSJFY22\" target=\"_blank\" rel=\"noopener\">eingestuft<\/a>. Kunden m\u00f6chten zudem \u00fcber den Kanal interagieren k\u00f6nnen, \u00fcber den sich ihr Problem mit der h\u00f6chsten Wahrscheinlichkeit schon bei der ersten Kontaktaufnahme l\u00f6sen l\u00e4sst.<\/p>\n\n\n\n<p><strong>Webex&nbsp;Connect (ehem. imiconnect)&nbsp;\u2013 <\/strong>unsere Kommunikationsplattform f\u00fcr Unternehmen&nbsp;\u2013 macht dies m\u00f6glich. Webex&nbsp;Connect erlaubt es Unternehmen, diese Verbindungen durchg\u00e4ngig und intelligent zu orchestrieren, um nahtlose, pers\u00f6nliche Erfahrungen \u00fcber die jeweils vom Kunden bevorzugten Kan\u00e4le wie WhatsApp, Apple Business Chat, Facebook Messenger und mehr zu erm\u00f6glichen. Dies erm\u00f6glicht interaktiveres, medienreiches Messaging&nbsp;\u2013 ob nun \u00fcber Links, Self-Service-Abl\u00e4ufe oder Kurzantworten.<\/p>\n\n\n\n<figure class=\"wp-block-embed is-type-video is-provider-youtube wp-block-embed-youtube wp-embed-aspect-16-9 wp-has-aspect-ratio\"><div class=\"wp-block-embed__wrapper\">\n<iframe loading=\"lazy\" title=\"Every customer journey should end with a solution  |  Webex Customer Experience\" width=\"500\" height=\"281\" src=\"https:\/\/www.youtube.com\/embed\/jt3kktWGe4c?feature=oembed\" frameborder=\"0\" allow=\"accelerometer; autoplay; clipboard-write; encrypted-media; gyroscope; picture-in-picture; web-share\" referrerpolicy=\"strict-origin-when-cross-origin\" allowfullscreen><\/iframe>\n<\/div><\/figure>\n\n\n\n<p>Wir haben zudem die Entwicklung dieser nahtlosen Erfahrungen vereinfacht, indem wir unserer Entwickler-Sandbox Bot&nbsp;Builder, Google Dialogflow und die neue MindMeld&nbsp;NLU-Trainings-Engine hinzugef\u00fcgt haben.<\/p>\n\n\n\n<p>Nun verschmelzen die Funktionen von Webex&nbsp;Connect mit dem Webex&nbsp;Contact&nbsp;Center, unserem direkt einsetzbaren Cloud Contact Center auf Unternehmensniveau, sodass Kunden die ben\u00f6tigten Antworten besonders schnell und genau \u00fcber den bevorzugten Kanal erhalten k\u00f6nnen.<\/p>\n\n\n\n<blockquote class=\"wp-block-quote is-layout-flow wp-block-quote-is-layout-flow\">\n<p><strong>Wir arbeiten seit Jahren an L\u00f6sungen f\u00fcr die schwierigsten Probleme der Arbeit&nbsp;\u2013 sei es von zu Hause aus, im B\u00fcro und unterwegs. Es gibt diese Woche noch viele weitere Neuigkeiten von Webex. Entdecken Sie auch <a href=\"https:\/\/blog.webex.com\/de\/videokonferenzen\/neuerungen-in-webex-maerz-2022\/\" target=\"_blank\" rel=\"noopener\">Neuerungen in Webex<\/a> und unseren <a href=\"https:\/\/newsroom.cisco.com\/c\/r\/newsroom\/en\/us\/a\/y2022\/m03\/webex-by-cisco-reimagines-hybrid-work-experiences.html\" target=\"_blank\" rel=\"noopener\">Newsroom<\/a>.<\/strong><\/p>\n<\/blockquote>\n\n\n\n<p><strong>Quellen:<\/strong><\/p>\n\n\n\n<p>Cisco Devices Decision-Maker Survey \u2013 2022<\/p>\n\n\n\n<p><a href=\"https:\/\/www.adecco-jobs.com\/-\/media\/project\/adeccogroup\/pdf-files\/resetting-normal-pdf-files\/resetting-normal-2021_the-adecco-group_final_latest.pdf\/?modified=20210930133229\" target=\"_blank\" rel=\"noopener\">Zur\u00fcck zur Normalit\u00e4t: Die Gestaltung des neuen Zeitalters der Arbeit<\/a> [Adecco]<\/p>\n\n\n\n<p><a href=\"https:\/\/www.deloittedigital.com\/us\/en\/offerings\/customer-led-marketing\/digital-customer\/elevating-customer-service.html?id=us:2el:3dp:wsjspon:awa:WSJCIO:2022:WSJFY22\" target=\"_blank\" rel=\"noopener\">Kundenservice verbessern<\/a> [Deloitte Digital]<\/p>\n\n\n\n<p><a href=\"https:\/\/www2.deloitte.com\/us\/en\/pages\/human-capital\/articles\/2021-return-to-workplace-survey.html\" target=\"_blank\" rel=\"noopener\">F\u00fchrungskr\u00e4fte teilen ihre Pl\u00e4ne f\u00fcr die R\u00fcckkehr an den Arbeitsplatz<\/a> [Deloitte]<\/p>\n\n\n\n<p><strong>Mehr erfahren<\/strong><\/p>\n\n\n\n<p><a href=\"https:\/\/blog.webex.com\/de\/customer-stories\/der-hybriden-arbeitswelt-magie-einhauchen-webex-geraete-unterstuetzen-jetzt-apple-airplay\/\" target=\"_blank\" rel=\"noopener\">Der hybriden Arbeitswelt Magie einhauchen&nbsp;<\/a><\/p>\n\n\n\n<p><a href=\"https:\/\/blog.webex.com\/de\/customer-stories\/der-hybriden-arbeitswelt-magie-einhauchen-webex-geraete-unterstuetzen-jetzt-apple-airplay\/\" target=\"_blank\" rel=\"noopener\">Mehr als nur Videokonferenzl\u00f6sungen: Arbeitserfahrungen neu gestalten<\/a><\/p>\n\n\n\n<p><a href=\"https:\/\/blog.webex.com\/de\/customer-stories\/der-hybriden-arbeitswelt-magie-einhauchen-webex-geraete-unterstuetzen-jetzt-apple-airplay\/\" target=\"_blank\" rel=\"noopener\">Anrufe neu gestalten: Die Verbindung aller Orte und Personen f\u00fcr hybride Arbeitsformen<\/a><\/p>\n\n\n\n<p><a href=\"https:\/\/blog.webex.com\/de\/hybrides-arbeiten\/erschaffen-sie-vernetzte-erfahrungen-fuer-virtuelle-sowie-praesenzveranstaltungen\/\" target=\"_blank\" rel=\"noopener\">Hybride Events f\u00fcr Unternehmen: Die Erstellung vernetzter Erfahrungen \u00fcber virtuelle und Pr\u00e4senzveranstaltungen hinweg<\/a><\/p>\n\n\n\n<p><a href=\"https:\/\/blog.webex.com\/de\/kundenerfahrungen\/das-cloud-contact-center-und-die-zukunft-der-kundenerfahrung-cx\/\" target=\"_blank\" rel=\"noopener\">Cloud Contact Center und die Zukunft der Kundenerfahrung (CX)<\/a><\/p>\n","protected":false},"excerpt":{"rendered":"<p>In den letzten Jahren hat sich viel ver\u00e4ndert. Die Produktivit\u00e4t stieg, doch das Wohlbefinden von Arbeitskr\u00e4ften verschlechterte sich. Probleme, die [&hellip;]<\/p>\n","protected":false},"author":308,"featured_media":391051,"comment_status":"closed","ping_status":"open","sticky":false,"template":"","format":"standard","meta":{"inline_featured_image":false,"footnotes":""},"categories":[424,1503,1569,5263],"tags":[15232,10556,4733,4643,7304,5847,7212,7364,5474,1627],"class_list":["post-393030","post","type-post","status-publish","format-standard","has-post-thumbnail","hentry","category-customer-stories","category-customer-stories-de","category-hybrides-arbeiten","category-zusammenarbeit","tag-collaboration-solutions-de","tag-geschaftsszenario","tag-kunstliche-intelligenz","tag-maschinelles-lernen","tag-microsoft-teams-de","tag-webex-calling-de","tag-webex-connect","tag-webex-connect-de","tag-webex-events-de","tag-webex-gerate"],"acf":[],"yoast_head":"<!-- This site is optimized with the Yoast SEO plugin v27.1.1 - https:\/\/yoast.com\/product\/yoast-seo-wordpress\/ -->\n<title>Arbeit neu gestalten\u00a0\u2013 mit Webex | Webex Blog<\/title>\n<meta name=\"robots\" content=\"index, follow, max-snippet:-1, max-image-preview:large, max-video-preview:-1\" \/>\n<link rel=\"canonical\" href=\"https:\/\/blog.webex.com\/de\/customer-stories-de\/arbeit-neu-gestalten-mit-webex\/\" \/>\n<meta property=\"og:locale\" content=\"de_DE\" \/>\n<meta property=\"og:type\" content=\"article\" \/>\n<meta property=\"og:title\" content=\"Arbeit neu gestalten\u00a0\u2013 mit Webex | Webex Blog\" \/>\n<meta property=\"og:description\" content=\"In den letzten Jahren hat sich viel ver\u00e4ndert. Die Produktivit\u00e4t stieg, doch das Wohlbefinden von Arbeitskr\u00e4ften verschlechterte sich. Probleme, die [&hellip;]\" \/>\n<meta property=\"og:url\" content=\"https:\/\/blog.webex.com\/de\/customer-stories-de\/arbeit-neu-gestalten-mit-webex\/\" \/>\n<meta property=\"og:site_name\" content=\"Webex Blog\" \/>\n<meta property=\"article:published_time\" content=\"2022-03-22T14:10:35+00:00\" \/>\n<meta property=\"article:modified_time\" content=\"2023-04-17T17:55:35+00:00\" \/>\n<meta property=\"og:image\" content=\"https:\/\/blog.webex.com\/wp-content\/uploads\/2022\/03\/CM-4446-March-Launch-image-975_554.jpeg\" \/>\n\t<meta property=\"og:image:width\" content=\"975\" \/>\n\t<meta property=\"og:image:height\" content=\"554\" \/>\n\t<meta property=\"og:image:type\" content=\"image\/jpeg\" \/>\n<meta name=\"author\" content=\"Javed Khan\" \/>\n<meta name=\"twitter:label1\" content=\"Verfasst von\" \/>\n\t<meta name=\"twitter:data1\" content=\"Javed Khan\" \/>\n\t<meta name=\"twitter:label2\" content=\"Gesch\u00e4tzte Lesezeit\" \/>\n\t<meta name=\"twitter:data2\" content=\"11 Minuten\" \/>\n<script type=\"application\/ld+json\" class=\"yoast-schema-graph\">{\"@context\":\"https:\/\/schema.org\",\"@graph\":[{\"@type\":\"Article\",\"@id\":\"https:\/\/blog.webex.com\/de\/customer-stories-de\/arbeit-neu-gestalten-mit-webex\/#article\",\"isPartOf\":{\"@id\":\"https:\/\/blog.webex.com\/de\/customer-stories-de\/arbeit-neu-gestalten-mit-webex\/\"},\"author\":{\"name\":\"Javed Khan\",\"@id\":\"https:\/\/blog.webex.com\/es\/#\/schema\/person\/ab9d91cf8e30bbe7020f4cde6db3794c\"},\"headline\":\"Arbeit neu gestalten\u00a0\u2013 mit Webex\",\"datePublished\":\"2022-03-22T14:10:35+00:00\",\"dateModified\":\"2023-04-17T17:55:35+00:00\",\"mainEntityOfPage\":{\"@id\":\"https:\/\/blog.webex.com\/de\/customer-stories-de\/arbeit-neu-gestalten-mit-webex\/\"},\"wordCount\":2301,\"image\":{\"@id\":\"https:\/\/blog.webex.com\/de\/customer-stories-de\/arbeit-neu-gestalten-mit-webex\/#primaryimage\"},\"thumbnailUrl\":\"https:\/\/blog.webex.com\/wp-content\/uploads\/2022\/03\/CM-4446-March-Launch-image-975_554.jpeg\",\"keywords\":[\"Collaboration Solutions\",\"Gesch\u00e4ftsszenario\",\"k\u00fcnstliche Intelligenz\",\"Maschinelles Lernen\",\"Microsoft Teams\",\"Webex Calling\",\"Webex Connect\",\"Webex Connect\",\"Webex Events\",\"Webex Ger\u00e4te\"],\"articleSection\":[\"Customer Stories\",\"Customer Stories\",\"Hybrides Arbeiten\",\"Zusammenarbeit\"],\"inLanguage\":\"de-DE\"},{\"@type\":\"WebPage\",\"@id\":\"https:\/\/blog.webex.com\/de\/customer-stories-de\/arbeit-neu-gestalten-mit-webex\/\",\"url\":\"https:\/\/blog.webex.com\/de\/customer-stories-de\/arbeit-neu-gestalten-mit-webex\/\",\"name\":\"Arbeit neu gestalten\u00a0\u2013 mit Webex | Webex Blog\",\"isPartOf\":{\"@id\":\"https:\/\/blog.webex.com\/es\/#website\"},\"primaryImageOfPage\":{\"@id\":\"https:\/\/blog.webex.com\/de\/customer-stories-de\/arbeit-neu-gestalten-mit-webex\/#primaryimage\"},\"image\":{\"@id\":\"https:\/\/blog.webex.com\/de\/customer-stories-de\/arbeit-neu-gestalten-mit-webex\/#primaryimage\"},\"thumbnailUrl\":\"https:\/\/blog.webex.com\/wp-content\/uploads\/2022\/03\/CM-4446-March-Launch-image-975_554.jpeg\",\"datePublished\":\"2022-03-22T14:10:35+00:00\",\"dateModified\":\"2023-04-17T17:55:35+00:00\",\"author\":{\"@id\":\"https:\/\/blog.webex.com\/es\/#\/schema\/person\/ab9d91cf8e30bbe7020f4cde6db3794c\"},\"breadcrumb\":{\"@id\":\"https:\/\/blog.webex.com\/de\/customer-stories-de\/arbeit-neu-gestalten-mit-webex\/#breadcrumb\"},\"inLanguage\":\"de-DE\",\"potentialAction\":[{\"@type\":\"ReadAction\",\"target\":[\"https:\/\/blog.webex.com\/de\/customer-stories-de\/arbeit-neu-gestalten-mit-webex\/\"]}]},{\"@type\":\"ImageObject\",\"inLanguage\":\"de-DE\",\"@id\":\"https:\/\/blog.webex.com\/de\/customer-stories-de\/arbeit-neu-gestalten-mit-webex\/#primaryimage\",\"url\":\"https:\/\/blog.webex.com\/wp-content\/uploads\/2022\/03\/CM-4446-March-Launch-image-975_554.jpeg\",\"contentUrl\":\"https:\/\/blog.webex.com\/wp-content\/uploads\/2022\/03\/CM-4446-March-Launch-image-975_554.jpeg\",\"width\":975,\"height\":554,\"caption\":\"CM-4446 March Launch image 975_554\"},{\"@type\":\"BreadcrumbList\",\"@id\":\"https:\/\/blog.webex.com\/de\/customer-stories-de\/arbeit-neu-gestalten-mit-webex\/#breadcrumb\",\"itemListElement\":[{\"@type\":\"ListItem\",\"position\":1,\"name\":\"Home\",\"item\":\"https:\/\/blog.webex.com\/de\/\"},{\"@type\":\"ListItem\",\"position\":2,\"name\":\"Arbeit neu gestalten\u00a0\u2013 mit Webex\"}]},{\"@type\":\"WebSite\",\"@id\":\"https:\/\/blog.webex.com\/es\/#website\",\"url\":\"https:\/\/blog.webex.com\/es\/\",\"name\":\"Webex Blog\",\"description\":\"Webex by Cisco powers collaboration through industry-leading video conferencing, cloud calling and contact center solutions\",\"potentialAction\":[{\"@type\":\"SearchAction\",\"target\":{\"@type\":\"EntryPoint\",\"urlTemplate\":\"https:\/\/blog.webex.com\/es\/?s={search_term_string}\"},\"query-input\":{\"@type\":\"PropertyValueSpecification\",\"valueRequired\":true,\"valueName\":\"search_term_string\"}}],\"inLanguage\":\"de-DE\"},{\"@type\":\"Person\",\"@id\":\"https:\/\/blog.webex.com\/es\/#\/schema\/person\/ab9d91cf8e30bbe7020f4cde6db3794c\",\"name\":\"Javed Khan\",\"image\":{\"@type\":\"ImageObject\",\"inLanguage\":\"de-DE\",\"@id\":\"https:\/\/blog.webex.com\/es\/#\/schema\/person\/image\/\",\"url\":\"https:\/\/secure.gravatar.com\/avatar\/9ec50bf03fdff2e3ea773fe45b36039847660e0b3e13914645d5bff43c3d06f9?s=96&d=wp_user_avatar&r=g\",\"contentUrl\":\"https:\/\/secure.gravatar.com\/avatar\/9ec50bf03fdff2e3ea773fe45b36039847660e0b3e13914645d5bff43c3d06f9?s=96&d=wp_user_avatar&r=g\",\"caption\":\"Javed Khan\"},\"description\":\"Javed Khan is the Senior Vice President and General Manager of Cisco Collaboration. This multi-billion-dollar business boasts the award-winning Webex product portfolio, including Cisco Devices, Webex Meetings, Webex Contact Center, Slido, Webex Events, and Webex Connect. Javed is passionate about delivering unrivaled collaboration experiences that fuel the future of work. He took on this leadership role in the midst of a global pandemic, leading and innovating through exponential growth as remote work unfolded. Now the team has delivered thousands of innovations and transformed the portfolio to help customers prepare for the next normal. In his tenure with Cisco, Javed has held several leadership roles in Collaboration, including VP\/GM for the Calling and Meetings business units, where his team delivered several transformative initiatives, including a single meetings platform architecture and modernization of the Webex experience. Prior to joining Cisco, he served as Vice President of Enterprise and Consumer Security products at Symantec, securing the most important user and enterprise environments at scale. He started his career as an engineer at Novell Networks, moving into escalating leadership roles there and at Symantec. With over 20 years of enterprise and consumer product leadership, Javed is an accomplished speaker on the future of work, business transformation, sustainability, product development, and technology architectures. He holds an MS in Computer Science from Loyola University and an MBA from the Anderson School of Management at UCLA.\",\"sameAs\":[\"https:\/\/www.linkedin.com\/in\/javed-khan-cisco\",\"https:\/\/x.com\/https:\/\/twitter.com\/javed_khan\"],\"url\":\"https:\/\/blog.webex.com\/de\/contributors\/javedkhan\/\"}]}<\/script>\n<!-- \/ Yoast SEO plugin. -->","yoast_head_json":{"title":"Arbeit neu gestalten\u00a0\u2013 mit Webex | Webex Blog","robots":{"index":"index","follow":"follow","max-snippet":"max-snippet:-1","max-image-preview":"max-image-preview:large","max-video-preview":"max-video-preview:-1"},"canonical":"https:\/\/blog.webex.com\/de\/customer-stories-de\/arbeit-neu-gestalten-mit-webex\/","og_locale":"de_DE","og_type":"article","og_title":"Arbeit neu gestalten\u00a0\u2013 mit Webex | Webex Blog","og_description":"In den letzten Jahren hat sich viel ver\u00e4ndert. Die Produktivit\u00e4t stieg, doch das Wohlbefinden von Arbeitskr\u00e4ften verschlechterte sich. Probleme, die [&hellip;]","og_url":"https:\/\/blog.webex.com\/de\/customer-stories-de\/arbeit-neu-gestalten-mit-webex\/","og_site_name":"Webex Blog","article_published_time":"2022-03-22T14:10:35+00:00","article_modified_time":"2023-04-17T17:55:35+00:00","og_image":[{"width":975,"height":554,"url":"https:\/\/blog.webex.com\/wp-content\/uploads\/2022\/03\/CM-4446-March-Launch-image-975_554.jpeg","type":"image\/jpeg"}],"author":"Javed Khan","twitter_misc":{"Verfasst von":"Javed Khan","Gesch\u00e4tzte Lesezeit":"11 Minuten"},"schema":{"@context":"https:\/\/schema.org","@graph":[{"@type":"Article","@id":"https:\/\/blog.webex.com\/de\/customer-stories-de\/arbeit-neu-gestalten-mit-webex\/#article","isPartOf":{"@id":"https:\/\/blog.webex.com\/de\/customer-stories-de\/arbeit-neu-gestalten-mit-webex\/"},"author":{"name":"Javed Khan","@id":"https:\/\/blog.webex.com\/es\/#\/schema\/person\/ab9d91cf8e30bbe7020f4cde6db3794c"},"headline":"Arbeit neu gestalten\u00a0\u2013 mit Webex","datePublished":"2022-03-22T14:10:35+00:00","dateModified":"2023-04-17T17:55:35+00:00","mainEntityOfPage":{"@id":"https:\/\/blog.webex.com\/de\/customer-stories-de\/arbeit-neu-gestalten-mit-webex\/"},"wordCount":2301,"image":{"@id":"https:\/\/blog.webex.com\/de\/customer-stories-de\/arbeit-neu-gestalten-mit-webex\/#primaryimage"},"thumbnailUrl":"https:\/\/blog.webex.com\/wp-content\/uploads\/2022\/03\/CM-4446-March-Launch-image-975_554.jpeg","keywords":["Collaboration Solutions","Gesch\u00e4ftsszenario","k\u00fcnstliche Intelligenz","Maschinelles Lernen","Microsoft Teams","Webex Calling","Webex Connect","Webex Connect","Webex Events","Webex Ger\u00e4te"],"articleSection":["Customer Stories","Customer Stories","Hybrides Arbeiten","Zusammenarbeit"],"inLanguage":"de-DE"},{"@type":"WebPage","@id":"https:\/\/blog.webex.com\/de\/customer-stories-de\/arbeit-neu-gestalten-mit-webex\/","url":"https:\/\/blog.webex.com\/de\/customer-stories-de\/arbeit-neu-gestalten-mit-webex\/","name":"Arbeit neu gestalten\u00a0\u2013 mit Webex | Webex Blog","isPartOf":{"@id":"https:\/\/blog.webex.com\/es\/#website"},"primaryImageOfPage":{"@id":"https:\/\/blog.webex.com\/de\/customer-stories-de\/arbeit-neu-gestalten-mit-webex\/#primaryimage"},"image":{"@id":"https:\/\/blog.webex.com\/de\/customer-stories-de\/arbeit-neu-gestalten-mit-webex\/#primaryimage"},"thumbnailUrl":"https:\/\/blog.webex.com\/wp-content\/uploads\/2022\/03\/CM-4446-March-Launch-image-975_554.jpeg","datePublished":"2022-03-22T14:10:35+00:00","dateModified":"2023-04-17T17:55:35+00:00","author":{"@id":"https:\/\/blog.webex.com\/es\/#\/schema\/person\/ab9d91cf8e30bbe7020f4cde6db3794c"},"breadcrumb":{"@id":"https:\/\/blog.webex.com\/de\/customer-stories-de\/arbeit-neu-gestalten-mit-webex\/#breadcrumb"},"inLanguage":"de-DE","potentialAction":[{"@type":"ReadAction","target":["https:\/\/blog.webex.com\/de\/customer-stories-de\/arbeit-neu-gestalten-mit-webex\/"]}]},{"@type":"ImageObject","inLanguage":"de-DE","@id":"https:\/\/blog.webex.com\/de\/customer-stories-de\/arbeit-neu-gestalten-mit-webex\/#primaryimage","url":"https:\/\/blog.webex.com\/wp-content\/uploads\/2022\/03\/CM-4446-March-Launch-image-975_554.jpeg","contentUrl":"https:\/\/blog.webex.com\/wp-content\/uploads\/2022\/03\/CM-4446-March-Launch-image-975_554.jpeg","width":975,"height":554,"caption":"CM-4446 March Launch image 975_554"},{"@type":"BreadcrumbList","@id":"https:\/\/blog.webex.com\/de\/customer-stories-de\/arbeit-neu-gestalten-mit-webex\/#breadcrumb","itemListElement":[{"@type":"ListItem","position":1,"name":"Home","item":"https:\/\/blog.webex.com\/de\/"},{"@type":"ListItem","position":2,"name":"Arbeit neu gestalten\u00a0\u2013 mit Webex"}]},{"@type":"WebSite","@id":"https:\/\/blog.webex.com\/es\/#website","url":"https:\/\/blog.webex.com\/es\/","name":"Webex Blog","description":"Webex by Cisco powers collaboration through industry-leading video conferencing, cloud calling and contact center solutions","potentialAction":[{"@type":"SearchAction","target":{"@type":"EntryPoint","urlTemplate":"https:\/\/blog.webex.com\/es\/?s={search_term_string}"},"query-input":{"@type":"PropertyValueSpecification","valueRequired":true,"valueName":"search_term_string"}}],"inLanguage":"de-DE"},{"@type":"Person","@id":"https:\/\/blog.webex.com\/es\/#\/schema\/person\/ab9d91cf8e30bbe7020f4cde6db3794c","name":"Javed Khan","image":{"@type":"ImageObject","inLanguage":"de-DE","@id":"https:\/\/blog.webex.com\/es\/#\/schema\/person\/image\/","url":"https:\/\/secure.gravatar.com\/avatar\/9ec50bf03fdff2e3ea773fe45b36039847660e0b3e13914645d5bff43c3d06f9?s=96&d=wp_user_avatar&r=g","contentUrl":"https:\/\/secure.gravatar.com\/avatar\/9ec50bf03fdff2e3ea773fe45b36039847660e0b3e13914645d5bff43c3d06f9?s=96&d=wp_user_avatar&r=g","caption":"Javed Khan"},"description":"Javed Khan is the Senior Vice President and General Manager of Cisco Collaboration. This multi-billion-dollar business boasts the award-winning Webex product portfolio, including Cisco Devices, Webex Meetings, Webex Contact Center, Slido, Webex Events, and Webex Connect. Javed is passionate about delivering unrivaled collaboration experiences that fuel the future of work. He took on this leadership role in the midst of a global pandemic, leading and innovating through exponential growth as remote work unfolded. Now the team has delivered thousands of innovations and transformed the portfolio to help customers prepare for the next normal. In his tenure with Cisco, Javed has held several leadership roles in Collaboration, including VP\/GM for the Calling and Meetings business units, where his team delivered several transformative initiatives, including a single meetings platform architecture and modernization of the Webex experience. Prior to joining Cisco, he served as Vice President of Enterprise and Consumer Security products at Symantec, securing the most important user and enterprise environments at scale. He started his career as an engineer at Novell Networks, moving into escalating leadership roles there and at Symantec. With over 20 years of enterprise and consumer product leadership, Javed is an accomplished speaker on the future of work, business transformation, sustainability, product development, and technology architectures. He holds an MS in Computer Science from Loyola University and an MBA from the Anderson School of Management at UCLA.","sameAs":["https:\/\/www.linkedin.com\/in\/javed-khan-cisco","https:\/\/x.com\/https:\/\/twitter.com\/javed_khan"],"url":"https:\/\/blog.webex.com\/de\/contributors\/javedkhan\/"}]}},"_links":{"self":[{"href":"https:\/\/blog.webex.com\/de\/wp-json\/wp\/v2\/posts\/393030","targetHints":{"allow":["GET"]}}],"collection":[{"href":"https:\/\/blog.webex.com\/de\/wp-json\/wp\/v2\/posts"}],"about":[{"href":"https:\/\/blog.webex.com\/de\/wp-json\/wp\/v2\/types\/post"}],"author":[{"embeddable":true,"href":"https:\/\/blog.webex.com\/de\/wp-json\/wp\/v2\/users\/308"}],"replies":[{"embeddable":true,"href":"https:\/\/blog.webex.com\/de\/wp-json\/wp\/v2\/comments?post=393030"}],"version-history":[{"count":0,"href":"https:\/\/blog.webex.com\/de\/wp-json\/wp\/v2\/posts\/393030\/revisions"}],"wp:featuredmedia":[{"embeddable":true,"href":"https:\/\/blog.webex.com\/de\/wp-json\/wp\/v2\/media\/391051"}],"wp:attachment":[{"href":"https:\/\/blog.webex.com\/de\/wp-json\/wp\/v2\/media?parent=393030"}],"wp:term":[{"taxonomy":"category","embeddable":true,"href":"https:\/\/blog.webex.com\/de\/wp-json\/wp\/v2\/categories?post=393030"},{"taxonomy":"post_tag","embeddable":true,"href":"https:\/\/blog.webex.com\/de\/wp-json\/wp\/v2\/tags?post=393030"}],"curies":[{"name":"wp","href":"https:\/\/api.w.org\/{rel}","templated":true}]}}