{"id":394422,"date":"2022-05-12T02:01:07","date_gmt":"2022-05-12T09:01:07","guid":{"rendered":"https:\/\/blog.webex.com\/uncategorized-de\/eine-neue-messlatte-fuer-hybride-videokonferenzen\/"},"modified":"2022-05-25T10:26:34","modified_gmt":"2022-05-25T17:26:34","slug":"eine-neue-messlatte-fuer-hybride-videokonferenzen","status":"publish","type":"post","link":"https:\/\/blog.webex.com\/de\/arbeitsbereiche\/eine-neue-messlatte-fuer-hybride-videokonferenzen\/","title":{"rendered":"Eine neue Messlatte f\u00fcr hybride Videokonferenzen"},"content":{"rendered":"<p>Da Arbeitspl\u00e4tze zu vernetzten Knotenpunkten werden, an denen sich Menschen zusammenschlie\u00dfen und zusammenarbeiten k\u00f6nnen, ist es unerl\u00e4sslich, \u00fcber die Konferenzraumerfahrung hinauszublicken, wie wir sie vor der Pandemie kannten. Es wurde viel dar\u00fcber geredet, die Kluft zwischen Menschen zu Hause, unterwegs oder im B\u00fcro zu \u00fcberbr\u00fccken.   Jetzt, da die gesamte Branche zu <a href=\"https:\/\/www.webex.com\/what-is-hybrid-work.html\" target=\"_blank\" rel=\"noopener\">hybrider Arbeit<\/a> \u00fcbergeht, wirft die Gestaltung des modernen Konferenzraums Fragen auf:   Wie k\u00f6nnen wir physische Konferenzr\u00e4ume f\u00fcr hybrides Arbeiten in gro\u00dfem Ma\u00dfstab anpassen, ohne Teams mit komplexem Hardwaremanagement zu \u00fcberfordern?  Wie k\u00f6nnen wir pers\u00f6nliche Interaktionen replizieren oder verbessern, um sicherzustellen, dass niemand durch unterdurchschnittliche Meeting-Erfahrungen zur\u00fcckgelassen wird?  Und welche Rolle spielt die Technologie f\u00fcr die Zusammenarbeit bei der F\u00f6rderung einer Kultur des Wohlbefindens, des Engagements, der Unterst\u00fctzung und der Verbindung, wenn sie wieder ins B\u00fcro zur\u00fcckkehren?  Wie aus einer k\u00fcrzlich durchgef\u00fchrten Branchenumfrage hervorgeht, waren erstaunliche 88 % der Wissenschaftler frustriert \u00fcber die Erfahrungen mit der Technologie im B\u00fcro. Daher erfordern hybride Arbeitsbereiche und Konferenzr\u00e4ume in dieser neuen \u00c4ra der Arbeit eine Mischung aus Flexibilit\u00e4t, immersiven Konferenzen, Inklusivit\u00e4t und Arbeitsbereichsintelligenz, die zu einem flie\u00dfenden Erlebnis zusammenf\u00fchren.<sup>1<\/sup> Aus diesem Grund haben wir uns zum Ziel gesetzt, Tools bereitzustellen, die die menschliche Verbindung unterst\u00fctzen und die Arbeitswelt nahtlos gestalten.  <img loading=\"lazy\" decoding=\"async\" class=\"alignnone size-full wp-image-393722\" src=\"https:\/\/blog.webex.com\/wp-content\/uploads\/2022\/05\/Webex-Room-Bar.gif\" alt=\"\" width=\"800\" height=\"450\" \/> Ob flexible Home-Office-L\u00f6sungen wie Webex Desk Mini, Hot Desking in neu gestalteten gemeinsam genutzten R\u00e4umen mit Webex Desk Hub oder kompromisslose, integrierte Rauml\u00f6sungen mit dem preisgekr\u00f6nten Webex Board Pro, wir haben Ger\u00e4te entwickelt, um das Erlebnis bei der Zusammenarbeit zu verbessern und alle in Verbindung zu halten. <\/p>\n<h2>Webex Room Bar: eine neue Messlatte f\u00fcr Hybrid-Meetings<\/h2>\n<p>Vor einigen Jahren haben wir das Webex Room Kit Mini mit dem Ziel auf den Markt gebracht, den Videobar-Bereich f\u00fcr kleinere R\u00e4ume und Besprechungszimmer voranzutreiben. Ich freue mich, Ihnen mitteilen zu k\u00f6nnen, dass wir die Technologie jetzt auf ein v\u00f6llig neues Niveau heben, indem wir die neueste Erg\u00e4nzung unserer n\u00e4chsten Generation unseres Angebot von <a href=\"https:\/\/www.webex.com\/content\/dam\/wbx\/us\/ebook\/CM3975%20webex%20rooms%20kits%20EB.pdf\" target=\"_blank\" rel=\"noopener\">Raumger\u00e4ten<\/a> vorstellen: die neue <a href=\"https:\/\/www.webex.com\/devices\/webex-room-bar.html\" target=\"_blank\" rel=\"noopener\">Webex Room Bar<\/a>.<\/p>\n<p>Sie ist bei weitem die funktionsreichste, flexibelste und intelligenteste Videobar-L\u00f6sung, die heute erh\u00e4ltlich ist und f\u00fcr Besprechungszimmer und kleine Arbeitsbereiche entwickelt wurde. Werfen wir einen genaueren Blick darauf, wie die Room Bar neue Ma\u00dfst\u00e4be f\u00fcr Videokonferenzen und hybride Zusammenarbeit setzt.<\/p>\n<p><img loading=\"lazy\" decoding=\"async\" class=\"alignnone size-full wp-image-393615\" src=\"https:\/\/blog.webex.com\/wp-content\/uploads\/2022\/05\/Video-conferencing-room.jpg\" alt=\"Sechs Kollegen an einem Tisch. Sie nutzen Videokonferenztechnologie, um \u00fcber einen an der Wand montierten Monitor mit ihren Kollegen zu interagieren.\" width=\"1200\" height=\"800\" srcset=\"https:\/\/blog.webex.com\/wp-content\/uploads\/2022\/05\/Video-conferencing-room.jpg 780w, https:\/\/blog.webex.com\/wp-content\/uploads\/2022\/05\/Video-conferencing-room-300x200.jpg 300w, https:\/\/blog.webex.com\/wp-content\/uploads\/2022\/05\/Video-conferencing-room-1024x683.jpg 1024w, https:\/\/blog.webex.com\/wp-content\/uploads\/2022\/05\/Video-conferencing-room-768x512.jpg 768w\" sizes=\"auto, (max-width: 1200px) 100vw, 1200px\" \/><\/p>\n<h2>Erm\u00f6glichen Sie flexible Arbeitsbereiche<\/h2>\n<p>Die Room Bar wurde entwickelt, um mehr Flexibilit\u00e4t zu bieten, indem sie mehr Arbeitsbereiche videof\u00e4hig macht und gleichzeitig mehr Einrichtungsoptionen, mehrere Meeting-Plattformen und Arbeitsbereichsintegrationen unterst\u00fctzt. Bringen Sie ein immersives Dual-Screen-Erlebnis in Ihren Konferenzraum, um atemberaubende Live-Videos und Inhalte zu teilen. Nehmen Sie an Meetings \u00fcber Webex, Microsoft Teams, Google Meet oder Zoom teil \u2013 wir haben alles f\u00fcr Sie. Oder erweitern Sie das Erlebnis, um noch mehr Konferenzr\u00e4ume abzudecken, indem Sie die Videobar mit einem externen Mikrofon verbinden \u2013 und seien Sie versichert, dass jeder im Raum deutlich zu h\u00f6ren ist.<\/p>\n<p>Dar\u00fcber hinaus ist die Room Bar in zwei sch\u00f6nen Farboptionen erh\u00e4ltlich, First Light Grey oder Carbon Black, so dass Sie ausw\u00e4hlen k\u00f6nnen, was am besten zu Ihrer Umgebung passt.<\/p>\n<h2>Erweitern Sie Ihren Raum mit immersiven Konferenzen<\/h2>\n<p>Wir reden nicht nur, wenn es darum geht, ansprechendere, nat\u00fcrlichere Meetings zu erm\u00f6glichen. Da heutzutage fast alle Meetings Remote-Teilnehmer umfassen, m\u00fcssen Ihre Fokusr\u00e4ume, Besprechungszimmer, geteilten Bereiche und Konferenzr\u00e4ume mit der richtigen Technologie f\u00fcr nahtlose Hybrid-Meetings ausgestattet sein.  Mit der Room Bar k\u00f6nnen Sie Full-HD-Video, intelligentes Sprecher-Tracking und intelligente Kameraansichten, r\u00e4umlichen Sound, der n\u00e4her am Live-Video-Feed des Remote-Sprechers ausgegeben wird, immersives Teilen von 4K-Inhalten und branchenf\u00fchrende, KI-basierte Ger\u00e4uschunterdr\u00fcckung haben. Auf diese Weise k\u00f6nnen alle Teilnehmer des Meetings ein Erlebnis wie im Sitzungssaal erhalten.  https:\/\/youtu.be\/cV44DIWxA8A <\/p>\n<h2>Gleiche Bedingungen f\u00fcr alle Meeting-Teilnehmer<\/h2>\n<p>Die Webex Room Bar hilft Ihnen dabei, gleiche Bedingungen f\u00fcr alle im Raum und am anderen Ende zu schaffen. Stellen Sie sich Meetings vor, in denen jeder perfekt und gleichberechtigt eingebunden ist. Die neue 12-MP-Kamera bietet ein weites Sichtfeld, so dass Personen, die n\u00e4her am Ger\u00e4t sitzen, beispielsweise in kleineren Besprechungszimmern, dennoch erfasst werden.<\/p>\n<p>Erhalten Sie Zugriff auf \u00dcbersetzungen, Live-Untertitel, Gesten und Reaktionen sowie eingebettete Apps wie <a href=\"https:\/\/www.webex.com\/audience-engagement.html\" target=\"_blank\" rel=\"noopener\">Slido<\/a>, um Meetings f\u00fcr alle Teilnehmer integrativer und ansprechender zu gestalten. Die koh\u00e4rente und intuitive Benutzeroberfl\u00e4che ist einfach zu bedienen und beseitigt die Reibung und Frustration, die fr\u00fcher mit der Verwendung von Konferenzger\u00e4ten verbunden waren.<\/p>\n<h2>Integrieren Sie Intelligenz in den Arbeitsbereich<\/h2>\n<p>W\u00e4hrend Unternehmen ihre Arbeitsbereiche neu konzipieren, besteht ein Schl\u00fcsselaspekt dieses Prozesses darin, den Arbeitsplatz intelligenter zu gestalten und gleichzeitig den Mitarbeitern die Kontrolle \u00fcber ihre Arbeitswege im B\u00fcro zu geben, die ihrem Arbeitsstil am besten entsprechen.<\/p>\n<p>Die Room Bar wird mit <a href=\"https:\/\/hardware.webex.com\/products\/webex-room-navigator\" target=\"_blank\" rel=\"noopener\">Webex Room Navigator<\/a> geliefert, dem preisgekr\u00f6nten Touchpanel, das sofortigen Zugriff auf Ger\u00e4te- und Raumsteuerungen bietet. Treten Sie einem Meeting mit einem einzigen Tippen (oder sogar Ihrer Stimme mit dem Webex Assistant) bei, \u00e4ndern Sie Videolayouts oder greifen Sie auf Apps f\u00fcr Arbeitsplatzerlebnisse zu, direkt per Fingertipp. Genau wie die anderen unserer Raumger\u00e4te verwendet diese kompakte Videobar intelligente Ultraschalltechnologie, um die Anwesenheit im Raum zu erkennen, ein automatisches \u201eAufwachen\u201c zu erm\u00f6glichen und die Personenz\u00e4hlung zu erm\u00f6glichen, um die Raumnutzung zu verfolgen und eine bessere Ressourcenplanung zu erm\u00f6glichen.<\/p>\n<p><img loading=\"lazy\" decoding=\"async\" class=\"alignnone size-full wp-image-393732\" src=\"https:\/\/blog.webex.com\/wp-content\/uploads\/2022\/05\/Video-Conference-Equipment.gif\" alt=\"\" width=\"800\" height=\"450\" \/><\/p>\n<p>Mit der Room Bar haben Sie die Freiheit, das Ger\u00e4t als Codec-betriebenes Ger\u00e4t oder als USB-Peripherieger\u00e4t zu verwenden. Verbinden Sie die Room Bar mit einem einzigen USB-C-Kabel mit Ihrem Laptop, um ein beeindruckendes Video-, Audio- und Inhaltserlebnis auf jeder Meeting-Plattform zu erhalten.<\/p>\n<h2>Eine Videobar, die einfach einzurichten und zu skalieren ist<\/h2>\n<p>Es war noch nie so einfach, Ihre kleinen Arbeitsbereiche in gro\u00dfem Umfang videof\u00e4hig zu machen. Ob Sie Video in einen Konferenzraum bringen oder einen ganzen Campus mit zuverl\u00e4ssiger <a href=\"https:\/\/www.webex.com\/video-conferencing\" target=\"_blank\" rel=\"noopener\">Multi-Plattform-Videokonferenztechnologie<\/a> ausstatten, die Room Bar ist die richtige L\u00f6sung, die einfach bereitzustellen, ansprechend zu bedienen, nahtlos zu verwalten und kosteng\u00fcnstiger zu warten ist \u2013 wodurch ein wirklich vernetzter Arbeitsplatz entsteht. Sie haben alle wesentlichen Komponenten f\u00fcr eine vereinfachte Einrichtung im Lieferumfang, w\u00e4hrend wir die Konfiguration f\u00fcr alle Endpunkte problemlos gestaltet haben, damit Sie Ihre Bereitstellung im Handumdrehen zum Laufen bringen k\u00f6nnen.<\/p>\n<p>Mithilfe von <a href=\"https:\/\/www.webex.com\/control-hub.html\" target=\"_blank\" rel=\"noopener\">Control Hub<\/a> k\u00f6nnen Sie nicht nur die Videobar, sondern Ihre gesamte Webex-Bereitstellung verwalten, einschlie\u00dflich Ger\u00e4ten, Benutzern, Integrationen und Arbeitspl\u00e4tzen, mit einer nahtlosen Administratorerfahrung von der Bereitstellung und Fehlerbehebung bis hin zu Einblicken in Arbeitspl\u00e4tze.<\/p>\n<p><img loading=\"lazy\" decoding=\"async\" class=\"alignnone size-full wp-image-393742\" src=\"https:\/\/blog.webex.com\/wp-content\/uploads\/2022\/05\/Video-conferencing-equipment-for-educators.jpg\" alt=\"Ein Lehrer in einem leeren Klassenzimmer steht an einem Whiteboard und nutzt Videokonferenztechnologie, um Sch\u00fcler einzubeziehen\" width=\"1200\" height=\"741\" srcset=\"https:\/\/blog.webex.com\/wp-content\/uploads\/2022\/05\/Video-conferencing-equipment-for-educators.jpg 842w, https:\/\/blog.webex.com\/wp-content\/uploads\/2022\/05\/Video-conferencing-equipment-for-educators-300x185.jpg 300w, https:\/\/blog.webex.com\/wp-content\/uploads\/2022\/05\/Video-conferencing-equipment-for-educators-1024x632.jpg 1024w, https:\/\/blog.webex.com\/wp-content\/uploads\/2022\/05\/Video-conferencing-equipment-for-educators-768x474.jpg 768w\" sizes=\"auto, (max-width: 1200px) 100vw, 1200px\" \/><\/p>\n<h2>Unterst\u00fctzen Sie Wohlbefinden und Nachhaltigkeit<\/h2>\n<p>Wie wir in einem <a href=\"https:\/\/blog.webex.com\/collaboration-devices\/webex-hybrid-work\/\" target=\"_blank\" rel=\"noopener\">vorherigen Blog<\/a> besprochen haben, geht die Room Bar \u00fcber die \u201ereine\u201c Bereitstellung von Videos f\u00fcr Ihre R\u00e4ume hinaus. Mit den integrierten Sensoren im Touchpanel k\u00f6nnen Sie die Raumbedingungen in Echtzeit verfolgen, um sicherzustellen, dass Ihre Teams eine optimierte Umgebung erhalten. Intelligente Makros k\u00f6nnen automatische Warnungen ausl\u00f6sen, um Benutzer an Sicherheitsrichtlinien zu erinnern, w\u00e4hrend Digital Signage dazu beitr\u00e4gt, Ihre Mitarbeiter und Besucher auf dem Laufenden und beteiligt zu halten.  Nachhaltigkeit ist nicht nur ein H\u00e4kchen, das wir setzen, sondern ein wesentlicher Bestandteil der Art und Weise, wie wir unsere Produkte entwerfen und produzieren. In \u00dcbereinstimmung mit unseren Verpflichtungen zur Kreislaufwirtschaft ist die Room Bar so gestaltet, dass sie eine nachhaltige Zukunft f\u00fcr alle unterst\u00fctzt: von den Materialien, die wir verwenden, \u00fcber die Art und Weise, wie wir das Ger\u00e4t und seine Verpackung gestalten, die Art und Weise, wie wir den Versand verbessern und die CO2-Bilanz w\u00e4hrend des Gebrauchs optimieren, bis hin zur Verl\u00e4ngerung des Produktlebenszyklus durch einfache Reparatur, Aufarbeitung und Recycling. Wir werden bald mehr \u00fcber diese Reise erz\u00e4hlen, also bleiben Sie dran!<\/p>\n<h2>Bringen Sie gro\u00dfe Ideen in kleine R\u00e4ume<\/h2>\n<p>Wie wir festgestellt haben, ist die <a href=\"https:\/\/www.webex.com\/devices\/webex-room-bar.html\" target=\"_blank\" rel=\"noopener\">Webex Room Bar<\/a> ein kompaktes und dennoch leistungsstarkes Raumger\u00e4t, das flexible, intelligente und integrative Konferenzerlebnisse in Ihren Besprechungszimmern und kleineren Konferenzr\u00e4umen bietet. Sie wurde entwickelt, um Ihren Arbeitsplatz auf kosteng\u00fcnstige, \u00fcberschaubare und einfache Weise f\u00fcr hybrides Arbeiten auszustatten.<\/p>\n<p>Ich freue mich au\u00dferordentlich, dass ich Ihnen allen diese neue L\u00f6sung vorstellen kann \u2013 und ich kann es kaum erwarten zu sehen, wie die Webex Room Bar Unternehmen auf der ganzen Welt helfen wird, ihre Arbeitsbereiche neu zu gestalten und die Herausforderungen der hybriden Arbeit zu l\u00f6sen. Spannende Zeiten stehen bevor!<\/p>\n<p>&#8212;<\/p>\n<blockquote><p>M\u00f6chten Sie die Webex Room Bar aus erster Hand erleben? Es ist noch nicht zu sp\u00e4t, den Webex-Stand (#2K100 in Halle 2) auf der <a href=\"https:\/\/www.iseurope.org\/\" target=\"_blank\" rel=\"noopener\">Integrated Systems Europe (ISE)<\/a> in Barcelona zu besuchen und in unsere experimentellen Demonstrationen von Arbeitsbereichen einzutauchen.<\/p>\n<p>M\u00f6chten Sie mehr \u00fcber die Webex Room Bar erfahren? Besuchen Sie unsere <a href=\"https:\/\/www.webex.com\/devices\/webex-room-bar.html\" target=\"_blank\" rel=\"noopener\">Website<\/a> f\u00fcr eine visuelle Tour, die zeigt, wie die L\u00f6sung Ihre Arbeitsbereiche f\u00fcr hybrides Arbeiten aktivieren kann.<\/p>\n<p>Lesen Sie unser neues <a href=\"https:\/\/www.webex.com\/content\/dam\/wbx\/us\/ebook\/CM3975%20webex%20rooms%20kits%20EB.pdf\" target=\"_blank\" rel=\"noopener\">eBook<\/a> dar\u00fcber, wie Webex Room Kits flexible Arbeitsbereiche erm\u00f6glichen k\u00f6nnen, vom dedizierten B\u00fcro \u00fcber Besprechungszimmer bis hin zu gro\u00dfen Konferenzr\u00e4umen.<\/p><\/blockquote>\n<p><sup>1 <\/sup><em>Survey Insight: Meeting Room Video Conferencing Trends, Drivers and COVID-19, Wainhouse Research, Q2 2020<\/em>.<\/p>\n","protected":false},"excerpt":{"rendered":"<p>Da Arbeitspl\u00e4tze zu vernetzten Knotenpunkten werden, an denen sich Menschen zusammenschlie\u00dfen und zusammenarbeiten k\u00f6nnen, ist es unerl\u00e4sslich, \u00fcber die Konferenzraumerfahrung [&hellip;]<\/p>\n","protected":false},"author":5493,"featured_media":402412,"comment_status":"closed","ping_status":"open","sticky":false,"template":"","format":"standard","meta":{"inline_featured_image":false,"footnotes":""},"categories":[1519],"tags":[3974],"class_list":["post-394422","post","type-post","status-publish","format-standard","has-post-thumbnail","hentry","category-arbeitsbereiche","tag-microsoft-teams"],"acf":[],"yoast_head":"<!-- This site is optimized with the Yoast SEO plugin v27.1.1 - https:\/\/yoast.com\/product\/yoast-seo-wordpress\/ -->\n<title>Eine neue Messlatte f\u00fcr hybride Videokonferenzen | Webex Blog<\/title>\n<meta name=\"robots\" content=\"index, follow, max-snippet:-1, max-image-preview:large, max-video-preview:-1\" \/>\n<link rel=\"canonical\" href=\"https:\/\/blog.webex.com\/de\/arbeitsbereiche\/eine-neue-messlatte-fuer-hybride-videokonferenzen\/\" \/>\n<meta property=\"og:locale\" content=\"de_DE\" \/>\n<meta property=\"og:type\" content=\"article\" \/>\n<meta property=\"og:title\" content=\"Eine neue Messlatte f\u00fcr hybride Videokonferenzen | Webex Blog\" \/>\n<meta property=\"og:description\" content=\"Da Arbeitspl\u00e4tze zu vernetzten Knotenpunkten werden, an denen sich Menschen zusammenschlie\u00dfen und zusammenarbeiten k\u00f6nnen, ist es unerl\u00e4sslich, \u00fcber die Konferenzraumerfahrung [&hellip;]\" \/>\n<meta property=\"og:url\" content=\"https:\/\/blog.webex.com\/de\/arbeitsbereiche\/eine-neue-messlatte-fuer-hybride-videokonferenzen\/\" \/>\n<meta property=\"og:site_name\" content=\"Webex Blog\" \/>\n<meta property=\"article:published_time\" content=\"2022-05-12T09:01:07+00:00\" \/>\n<meta property=\"article:modified_time\" content=\"2022-05-25T17:26:34+00:00\" \/>\n<meta property=\"og:image\" content=\"https:\/\/blog.webex.com\/wp-content\/uploads\/2022\/05\/hybrid-work-huddle-space-1.jpg\" \/>\n\t<meta property=\"og:image:width\" content=\"980\" \/>\n\t<meta property=\"og:image:height\" content=\"519\" \/>\n\t<meta property=\"og:image:type\" content=\"image\/jpeg\" \/>\n<meta name=\"author\" content=\"Espen L\u00f8berg\" \/>\n<meta name=\"twitter:label1\" content=\"Verfasst von\" \/>\n\t<meta name=\"twitter:data1\" content=\"Espen L\u00f8berg\" \/>\n\t<meta name=\"twitter:label2\" content=\"Gesch\u00e4tzte Lesezeit\" \/>\n\t<meta name=\"twitter:data2\" content=\"8 Minuten\" \/>\n<script type=\"application\/ld+json\" class=\"yoast-schema-graph\">{\"@context\":\"https:\/\/schema.org\",\"@graph\":[{\"@type\":\"Article\",\"@id\":\"https:\/\/blog.webex.com\/de\/arbeitsbereiche\/eine-neue-messlatte-fuer-hybride-videokonferenzen\/#article\",\"isPartOf\":{\"@id\":\"https:\/\/blog.webex.com\/de\/arbeitsbereiche\/eine-neue-messlatte-fuer-hybride-videokonferenzen\/\"},\"author\":{\"name\":\"Espen L\u00f8berg\",\"@id\":\"https:\/\/blog.webex.com\/es\/#\/schema\/person\/0350f9351b2c51b88b8943fcc3e0d1ca\"},\"headline\":\"Eine neue Messlatte f\u00fcr hybride Videokonferenzen\",\"datePublished\":\"2022-05-12T09:01:07+00:00\",\"dateModified\":\"2022-05-25T17:26:34+00:00\",\"mainEntityOfPage\":{\"@id\":\"https:\/\/blog.webex.com\/de\/arbeitsbereiche\/eine-neue-messlatte-fuer-hybride-videokonferenzen\/\"},\"wordCount\":1523,\"image\":{\"@id\":\"https:\/\/blog.webex.com\/de\/arbeitsbereiche\/eine-neue-messlatte-fuer-hybride-videokonferenzen\/#primaryimage\"},\"thumbnailUrl\":\"https:\/\/blog.webex.com\/wp-content\/uploads\/2022\/05\/hybrid-work-huddle-space-1.jpg\",\"keywords\":[\"Microsoft Teams\"],\"articleSection\":[\"Arbeitsbereiche\"],\"inLanguage\":\"de-DE\"},{\"@type\":\"WebPage\",\"@id\":\"https:\/\/blog.webex.com\/de\/arbeitsbereiche\/eine-neue-messlatte-fuer-hybride-videokonferenzen\/\",\"url\":\"https:\/\/blog.webex.com\/de\/arbeitsbereiche\/eine-neue-messlatte-fuer-hybride-videokonferenzen\/\",\"name\":\"Eine neue Messlatte f\u00fcr hybride Videokonferenzen | Webex Blog\",\"isPartOf\":{\"@id\":\"https:\/\/blog.webex.com\/es\/#website\"},\"primaryImageOfPage\":{\"@id\":\"https:\/\/blog.webex.com\/de\/arbeitsbereiche\/eine-neue-messlatte-fuer-hybride-videokonferenzen\/#primaryimage\"},\"image\":{\"@id\":\"https:\/\/blog.webex.com\/de\/arbeitsbereiche\/eine-neue-messlatte-fuer-hybride-videokonferenzen\/#primaryimage\"},\"thumbnailUrl\":\"https:\/\/blog.webex.com\/wp-content\/uploads\/2022\/05\/hybrid-work-huddle-space-1.jpg\",\"datePublished\":\"2022-05-12T09:01:07+00:00\",\"dateModified\":\"2022-05-25T17:26:34+00:00\",\"author\":{\"@id\":\"https:\/\/blog.webex.com\/es\/#\/schema\/person\/0350f9351b2c51b88b8943fcc3e0d1ca\"},\"breadcrumb\":{\"@id\":\"https:\/\/blog.webex.com\/de\/arbeitsbereiche\/eine-neue-messlatte-fuer-hybride-videokonferenzen\/#breadcrumb\"},\"inLanguage\":\"de-DE\",\"potentialAction\":[{\"@type\":\"ReadAction\",\"target\":[\"https:\/\/blog.webex.com\/de\/arbeitsbereiche\/eine-neue-messlatte-fuer-hybride-videokonferenzen\/\"]}]},{\"@type\":\"ImageObject\",\"inLanguage\":\"de-DE\",\"@id\":\"https:\/\/blog.webex.com\/de\/arbeitsbereiche\/eine-neue-messlatte-fuer-hybride-videokonferenzen\/#primaryimage\",\"url\":\"https:\/\/blog.webex.com\/wp-content\/uploads\/2022\/05\/hybrid-work-huddle-space-1.jpg\",\"contentUrl\":\"https:\/\/blog.webex.com\/wp-content\/uploads\/2022\/05\/hybrid-work-huddle-space-1.jpg\",\"width\":980,\"height\":519,\"caption\":\"#image_title\"},{\"@type\":\"BreadcrumbList\",\"@id\":\"https:\/\/blog.webex.com\/de\/arbeitsbereiche\/eine-neue-messlatte-fuer-hybride-videokonferenzen\/#breadcrumb\",\"itemListElement\":[{\"@type\":\"ListItem\",\"position\":1,\"name\":\"Home\",\"item\":\"https:\/\/blog.webex.com\/de\/\"},{\"@type\":\"ListItem\",\"position\":2,\"name\":\"Eine neue Messlatte f\u00fcr hybride Videokonferenzen\"}]},{\"@type\":\"WebSite\",\"@id\":\"https:\/\/blog.webex.com\/es\/#website\",\"url\":\"https:\/\/blog.webex.com\/es\/\",\"name\":\"Webex Blog\",\"description\":\"Webex by Cisco powers collaboration through industry-leading video conferencing, cloud calling and contact center solutions\",\"potentialAction\":[{\"@type\":\"SearchAction\",\"target\":{\"@type\":\"EntryPoint\",\"urlTemplate\":\"https:\/\/blog.webex.com\/es\/?s={search_term_string}\"},\"query-input\":{\"@type\":\"PropertyValueSpecification\",\"valueRequired\":true,\"valueName\":\"search_term_string\"}}],\"inLanguage\":\"de-DE\"},{\"@type\":\"Person\",\"@id\":\"https:\/\/blog.webex.com\/es\/#\/schema\/person\/0350f9351b2c51b88b8943fcc3e0d1ca\",\"name\":\"Espen L\u00f8berg\",\"image\":{\"@type\":\"ImageObject\",\"inLanguage\":\"de-DE\",\"@id\":\"https:\/\/blog.webex.com\/es\/#\/schema\/person\/image\/\",\"url\":\"https:\/\/secure.gravatar.com\/avatar\/b37571e61be7686c53d3160950e41fbe76a49619258a711752fcdda9f6c4742d?s=96&d=wp_user_avatar&r=g\",\"contentUrl\":\"https:\/\/secure.gravatar.com\/avatar\/b37571e61be7686c53d3160950e41fbe76a49619258a711752fcdda9f6c4742d?s=96&d=wp_user_avatar&r=g\",\"caption\":\"Espen L\u00f8berg\"},\"description\":\"Espen L\u00f8berg is the Vice President and General Manager of the Collaboration Devices business at Cisco. Since joining Cisco through the acquisition of Tandberg in 2010, Espen has played a key role in transforming Cisco\u2019s conferencing and collaboration solutions to meet the demands of a rapidly evolving workplace. Today, Espen leads a global team responsible for the end-to-end strategy, development, and delivery of Cisco\u2019s industry-leading collaboration devices and software. His portfolio includes innovative video conferencing systems, desk devices, and intelligent peripherals that empower organizations to connect and collaborate seamlessly\u2014whether in the office or working remotely. Espen is known for driving bold innovation. Under his leadership, Cisco\u2019s devices have set new standards in AI-powered meeting experiences, security, and sustainability, helping millions of users adapt to hybrid work, including the launch of the award-winning Cisco Desk Pro which redefined the hybrid workspace experience for thousands of global enterprises. He champions close collaboration across engineering, design, and customer experience teams to ensure each solution is intuitive, future-ready, and impactful. A strong advocate for technology\u2019s role in shaping modern work culture, he believes in designing solutions that anticipate tomorrow\u2019s needs. Espen holds a Master of Science degree from the Norwegian University of Science and Technology and is based in Oslo. Outside the office, he enjoys hiking and cooking with his family\u2014passions that reflect his belief in the value of connection, both in work and life.\",\"sameAs\":[\"https:\/\/www.linkedin.com\/in\/espenloberg\/\",\"https:\/\/x.com\/https:\/\/mobile.twitter.com\/eloberg\"],\"url\":\"https:\/\/blog.webex.com\/de\/contributors\/espenloberg\/\"}]}<\/script>\n<!-- \/ Yoast SEO plugin. -->","yoast_head_json":{"title":"Eine neue Messlatte f\u00fcr hybride Videokonferenzen | Webex Blog","robots":{"index":"index","follow":"follow","max-snippet":"max-snippet:-1","max-image-preview":"max-image-preview:large","max-video-preview":"max-video-preview:-1"},"canonical":"https:\/\/blog.webex.com\/de\/arbeitsbereiche\/eine-neue-messlatte-fuer-hybride-videokonferenzen\/","og_locale":"de_DE","og_type":"article","og_title":"Eine neue Messlatte f\u00fcr hybride Videokonferenzen | Webex Blog","og_description":"Da Arbeitspl\u00e4tze zu vernetzten Knotenpunkten werden, an denen sich Menschen zusammenschlie\u00dfen und zusammenarbeiten k\u00f6nnen, ist es unerl\u00e4sslich, \u00fcber die Konferenzraumerfahrung [&hellip;]","og_url":"https:\/\/blog.webex.com\/de\/arbeitsbereiche\/eine-neue-messlatte-fuer-hybride-videokonferenzen\/","og_site_name":"Webex Blog","article_published_time":"2022-05-12T09:01:07+00:00","article_modified_time":"2022-05-25T17:26:34+00:00","og_image":[{"width":980,"height":519,"url":"https:\/\/blog.webex.com\/wp-content\/uploads\/2022\/05\/hybrid-work-huddle-space-1.jpg","type":"image\/jpeg"}],"author":"Espen L\u00f8berg","twitter_misc":{"Verfasst von":"Espen L\u00f8berg","Gesch\u00e4tzte Lesezeit":"8 Minuten"},"schema":{"@context":"https:\/\/schema.org","@graph":[{"@type":"Article","@id":"https:\/\/blog.webex.com\/de\/arbeitsbereiche\/eine-neue-messlatte-fuer-hybride-videokonferenzen\/#article","isPartOf":{"@id":"https:\/\/blog.webex.com\/de\/arbeitsbereiche\/eine-neue-messlatte-fuer-hybride-videokonferenzen\/"},"author":{"name":"Espen L\u00f8berg","@id":"https:\/\/blog.webex.com\/es\/#\/schema\/person\/0350f9351b2c51b88b8943fcc3e0d1ca"},"headline":"Eine neue Messlatte f\u00fcr hybride Videokonferenzen","datePublished":"2022-05-12T09:01:07+00:00","dateModified":"2022-05-25T17:26:34+00:00","mainEntityOfPage":{"@id":"https:\/\/blog.webex.com\/de\/arbeitsbereiche\/eine-neue-messlatte-fuer-hybride-videokonferenzen\/"},"wordCount":1523,"image":{"@id":"https:\/\/blog.webex.com\/de\/arbeitsbereiche\/eine-neue-messlatte-fuer-hybride-videokonferenzen\/#primaryimage"},"thumbnailUrl":"https:\/\/blog.webex.com\/wp-content\/uploads\/2022\/05\/hybrid-work-huddle-space-1.jpg","keywords":["Microsoft Teams"],"articleSection":["Arbeitsbereiche"],"inLanguage":"de-DE"},{"@type":"WebPage","@id":"https:\/\/blog.webex.com\/de\/arbeitsbereiche\/eine-neue-messlatte-fuer-hybride-videokonferenzen\/","url":"https:\/\/blog.webex.com\/de\/arbeitsbereiche\/eine-neue-messlatte-fuer-hybride-videokonferenzen\/","name":"Eine neue Messlatte f\u00fcr hybride Videokonferenzen | Webex Blog","isPartOf":{"@id":"https:\/\/blog.webex.com\/es\/#website"},"primaryImageOfPage":{"@id":"https:\/\/blog.webex.com\/de\/arbeitsbereiche\/eine-neue-messlatte-fuer-hybride-videokonferenzen\/#primaryimage"},"image":{"@id":"https:\/\/blog.webex.com\/de\/arbeitsbereiche\/eine-neue-messlatte-fuer-hybride-videokonferenzen\/#primaryimage"},"thumbnailUrl":"https:\/\/blog.webex.com\/wp-content\/uploads\/2022\/05\/hybrid-work-huddle-space-1.jpg","datePublished":"2022-05-12T09:01:07+00:00","dateModified":"2022-05-25T17:26:34+00:00","author":{"@id":"https:\/\/blog.webex.com\/es\/#\/schema\/person\/0350f9351b2c51b88b8943fcc3e0d1ca"},"breadcrumb":{"@id":"https:\/\/blog.webex.com\/de\/arbeitsbereiche\/eine-neue-messlatte-fuer-hybride-videokonferenzen\/#breadcrumb"},"inLanguage":"de-DE","potentialAction":[{"@type":"ReadAction","target":["https:\/\/blog.webex.com\/de\/arbeitsbereiche\/eine-neue-messlatte-fuer-hybride-videokonferenzen\/"]}]},{"@type":"ImageObject","inLanguage":"de-DE","@id":"https:\/\/blog.webex.com\/de\/arbeitsbereiche\/eine-neue-messlatte-fuer-hybride-videokonferenzen\/#primaryimage","url":"https:\/\/blog.webex.com\/wp-content\/uploads\/2022\/05\/hybrid-work-huddle-space-1.jpg","contentUrl":"https:\/\/blog.webex.com\/wp-content\/uploads\/2022\/05\/hybrid-work-huddle-space-1.jpg","width":980,"height":519,"caption":"#image_title"},{"@type":"BreadcrumbList","@id":"https:\/\/blog.webex.com\/de\/arbeitsbereiche\/eine-neue-messlatte-fuer-hybride-videokonferenzen\/#breadcrumb","itemListElement":[{"@type":"ListItem","position":1,"name":"Home","item":"https:\/\/blog.webex.com\/de\/"},{"@type":"ListItem","position":2,"name":"Eine neue Messlatte f\u00fcr hybride Videokonferenzen"}]},{"@type":"WebSite","@id":"https:\/\/blog.webex.com\/es\/#website","url":"https:\/\/blog.webex.com\/es\/","name":"Webex Blog","description":"Webex by Cisco powers collaboration through industry-leading video conferencing, cloud calling and contact center solutions","potentialAction":[{"@type":"SearchAction","target":{"@type":"EntryPoint","urlTemplate":"https:\/\/blog.webex.com\/es\/?s={search_term_string}"},"query-input":{"@type":"PropertyValueSpecification","valueRequired":true,"valueName":"search_term_string"}}],"inLanguage":"de-DE"},{"@type":"Person","@id":"https:\/\/blog.webex.com\/es\/#\/schema\/person\/0350f9351b2c51b88b8943fcc3e0d1ca","name":"Espen L\u00f8berg","image":{"@type":"ImageObject","inLanguage":"de-DE","@id":"https:\/\/blog.webex.com\/es\/#\/schema\/person\/image\/","url":"https:\/\/secure.gravatar.com\/avatar\/b37571e61be7686c53d3160950e41fbe76a49619258a711752fcdda9f6c4742d?s=96&d=wp_user_avatar&r=g","contentUrl":"https:\/\/secure.gravatar.com\/avatar\/b37571e61be7686c53d3160950e41fbe76a49619258a711752fcdda9f6c4742d?s=96&d=wp_user_avatar&r=g","caption":"Espen L\u00f8berg"},"description":"Espen L\u00f8berg is the Vice President and General Manager of the Collaboration Devices business at Cisco. Since joining Cisco through the acquisition of Tandberg in 2010, Espen has played a key role in transforming Cisco\u2019s conferencing and collaboration solutions to meet the demands of a rapidly evolving workplace. Today, Espen leads a global team responsible for the end-to-end strategy, development, and delivery of Cisco\u2019s industry-leading collaboration devices and software. His portfolio includes innovative video conferencing systems, desk devices, and intelligent peripherals that empower organizations to connect and collaborate seamlessly\u2014whether in the office or working remotely. Espen is known for driving bold innovation. Under his leadership, Cisco\u2019s devices have set new standards in AI-powered meeting experiences, security, and sustainability, helping millions of users adapt to hybrid work, including the launch of the award-winning Cisco Desk Pro which redefined the hybrid workspace experience for thousands of global enterprises. He champions close collaboration across engineering, design, and customer experience teams to ensure each solution is intuitive, future-ready, and impactful. A strong advocate for technology\u2019s role in shaping modern work culture, he believes in designing solutions that anticipate tomorrow\u2019s needs. Espen holds a Master of Science degree from the Norwegian University of Science and Technology and is based in Oslo. Outside the office, he enjoys hiking and cooking with his family\u2014passions that reflect his belief in the value of connection, both in work and life.","sameAs":["https:\/\/www.linkedin.com\/in\/espenloberg\/","https:\/\/x.com\/https:\/\/mobile.twitter.com\/eloberg"],"url":"https:\/\/blog.webex.com\/de\/contributors\/espenloberg\/"}]}},"_links":{"self":[{"href":"https:\/\/blog.webex.com\/de\/wp-json\/wp\/v2\/posts\/394422","targetHints":{"allow":["GET"]}}],"collection":[{"href":"https:\/\/blog.webex.com\/de\/wp-json\/wp\/v2\/posts"}],"about":[{"href":"https:\/\/blog.webex.com\/de\/wp-json\/wp\/v2\/types\/post"}],"author":[{"embeddable":true,"href":"https:\/\/blog.webex.com\/de\/wp-json\/wp\/v2\/users\/5493"}],"replies":[{"embeddable":true,"href":"https:\/\/blog.webex.com\/de\/wp-json\/wp\/v2\/comments?post=394422"}],"version-history":[{"count":0,"href":"https:\/\/blog.webex.com\/de\/wp-json\/wp\/v2\/posts\/394422\/revisions"}],"wp:featuredmedia":[{"embeddable":true,"href":"https:\/\/blog.webex.com\/de\/wp-json\/wp\/v2\/media\/402412"}],"wp:attachment":[{"href":"https:\/\/blog.webex.com\/de\/wp-json\/wp\/v2\/media?parent=394422"}],"wp:term":[{"taxonomy":"category","embeddable":true,"href":"https:\/\/blog.webex.com\/de\/wp-json\/wp\/v2\/categories?post=394422"},{"taxonomy":"post_tag","embeddable":true,"href":"https:\/\/blog.webex.com\/de\/wp-json\/wp\/v2\/tags?post=394422"}],"curies":[{"name":"wp","href":"https:\/\/api.w.org\/{rel}","templated":true}]}}