{"id":17071,"date":"2019-09-12T09:47:29","date_gmt":"2019-09-12T16:47:29","guid":{"rendered":"https:\/\/cisco2393.wpengine.com\/uncategorized\/un-nuevo-aspecto-tema-para-webex-teams-windows-y-mac\/"},"modified":"2021-11-04T08:59:19","modified_gmt":"2021-11-04T15:59:19","slug":"un-nuevo-aspecto-tema-para-webex-teams-windows-y-mac","status":"publish","type":"post","link":"https:\/\/blog.webex.com\/es\/colaboracion\/team-collaboration-es\/un-nuevo-aspecto-tema-para-webex-teams-windows-y-mac\/","title":{"rendered":"Un nuevo aspecto \u00abtema\u00bb para Webex Teams: Windows y Mac"},"content":{"rendered":"<p>En nuestra pr\u00f3xima actualizaci\u00f3n Webex Teams septiembre, estamos realizando algunos cambios en nuestra elecci\u00f3n de temas en la aplicaci\u00f3n. \u00bfQu\u00e9 es un tema? Los temas son una colecci\u00f3n de plantillas visuales definidas que le permiten cambiar el estilo de su aplicaci\u00f3n de escritorio.<\/p>\n<p>Nos esforzamos por mejorar continuamente el dise\u00f1o inclusivo de la aplicaci\u00f3n y, como parte de este recorrido, hemos actualizado el tema predeterminado a un tema claro.<\/p>\n<p>Nuestro nuevo tema predeterminado har\u00e1 que Webex Teams sea m\u00e1s f\u00e1cil de usar, mejorar\u00e1 la legibilidad y continuar\u00e1 expandiendo nuestra inclusi\u00f3n a todos nuestros usuarios.<\/p>\n<p>Para los usuarios afectados por estos cambios, ver\u00e1 un anuncio de repeticiones una vez que inicie sesi\u00f3n en la aplicaci\u00f3n actualizada.<\/p>\n<p>El nuevo anuncio recurrente que los usuarios actuales de tema predeterminado ver\u00e1n:<\/p>\n<p><strong>Entonces, \u00bfqu\u00e9 puede esperar?<\/strong><\/p>\n<p>Si hoy est\u00e1 usando el tema en modo de luz, si bien no habr\u00e1 cambios visuales para el usuario, notar\u00e1 que este tema del Modo de luz se convertir\u00e1 autom\u00e1ticamente en el tema predeterminado de la aplicaci\u00f3n.<\/p>\n<p>Si hoy est\u00e1 usando el Tema predeterminado actual, su aplicaci\u00f3n se realizar\u00e1 la transici\u00f3n al tema Modo de luz y, con esto, ver\u00e1 que la segunda columna tendr\u00e1 una actualizaci\u00f3n nueva y un nuevo fondo<sup><\/sup> gris.<\/p>\n<p>Esta vista ahora se convertir\u00e1 en el tema predeterminado para todos los usuarios.<\/p>\n<p>Para los usuarios que utilizan el tema Modo oscuro o el modo de contraste alto hoy, no ver\u00e1 cambios en el aspecto de la aplicaci\u00f3n, ya que estos temas no se modificar\u00e1n.<\/p>\n<p><strong>Elegir su tema Las<\/strong>  <a href=\"https:\/\/blog.webex.com\/wp-content\/uploads\/2019\/09\/Settings-Appearance-e1569000905978.png\">   <img loading=\"lazy\" decoding=\"async\" class=\"alignnone wp-image-4256 size-full\" src=\"https:\/\/blog.webex.com\/wp-content\/uploads\/2019\/09\/Settings-Appearance-e1569000905978.png\" alt=\"\" width=\"2312\" height=\"1524\" \/> <\/a>  nuevas opciones <em>de temas disponibles a partir de<\/em> septiembre.<\/p>\n<p>Como siempre, a\u00fan podr\u00e1 elegir entre otros temas en Configuraci\u00f3n > Apariencia (en Windows) o Preferencias > Aspecto <strong><\/strong>  <strong><\/strong>  <strong><\/strong>  <strong> <\/strong>(en Mac), si desea cambiar.<\/p>\n<p>A h\u00e1ganos saber si tiene alguna pregunta y si est\u00e1 interesado, pruebe <a href=\"https:\/\/www.webex.com\/team-collaboration.html\" target=\"_blank\" rel=\"noopener noreferrer\">Teams de forma gratuita hoy<\/a> mismo.<\/p>\n","protected":false},"excerpt":{"rendered":"<p>En nuestra pr\u00f3xima actualizaci\u00f3n Webex Teams septiembre, estamos realizando algunos cambios en nuestra elecci\u00f3n de temas en la aplicaci\u00f3n. \u00bfQu\u00e9 [&hellip;]<\/p>\n","protected":false},"author":5353,"featured_media":0,"comment_status":"open","ping_status":"open","sticky":false,"template":"","format":"standard","meta":{"inline_featured_image":false,"footnotes":""},"categories":[1516],"tags":[2117,6340],"class_list":["post-17071","post","type-post","status-publish","format-standard","hentry","category-team-collaboration-es","tag-colaboracion-en-equipo","tag-webex-teams-es-2"],"acf":[],"yoast_head":"<!-- This site is optimized with the Yoast SEO plugin v27.1.1 - https:\/\/yoast.com\/product\/yoast-seo-wordpress\/ -->\n<title>Un nuevo aspecto &quot;tema&quot; para Webex Teams: Windows y Mac | Webex Blog<\/title>\n<meta name=\"robots\" content=\"index, follow, max-snippet:-1, max-image-preview:large, max-video-preview:-1\" \/>\n<link rel=\"canonical\" href=\"https:\/\/blog.webex.com\/es\/colaboracion\/team-collaboration-es\/un-nuevo-aspecto-tema-para-webex-teams-windows-y-mac\/\" \/>\n<meta property=\"og:locale\" content=\"es_ES\" \/>\n<meta property=\"og:type\" content=\"article\" \/>\n<meta property=\"og:title\" content=\"Un nuevo aspecto &quot;tema&quot; para Webex Teams: Windows y Mac | Webex Blog\" \/>\n<meta property=\"og:description\" content=\"En nuestra pr\u00f3xima actualizaci\u00f3n Webex Teams septiembre, estamos realizando algunos cambios en nuestra elecci\u00f3n de temas en la aplicaci\u00f3n. \u00bfQu\u00e9 [&hellip;]\" \/>\n<meta property=\"og:url\" content=\"https:\/\/blog.webex.com\/es\/colaboracion\/team-collaboration-es\/un-nuevo-aspecto-tema-para-webex-teams-windows-y-mac\/\" \/>\n<meta property=\"og:site_name\" content=\"Webex Blog\" \/>\n<meta property=\"article:published_time\" content=\"2019-09-12T16:47:29+00:00\" \/>\n<meta property=\"article:modified_time\" content=\"2021-11-04T15:59:19+00:00\" \/>\n<meta property=\"og:image\" content=\"https:\/\/blog.webex.com\/wp-content\/uploads\/2019\/09\/Settings-Appearance-e1569000905978.png\" \/>\n<meta name=\"author\" content=\"Patrick Eustace\" \/>\n<meta name=\"twitter:label1\" content=\"Escrito por\" \/>\n\t<meta name=\"twitter:data1\" content=\"Patrick Eustace\" \/>\n\t<meta name=\"twitter:label2\" content=\"Tiempo de lectura\" \/>\n\t<meta name=\"twitter:data2\" content=\"2 minutos\" \/>\n<script type=\"application\/ld+json\" class=\"yoast-schema-graph\">{\"@context\":\"https:\/\/schema.org\",\"@graph\":[{\"@type\":\"Article\",\"@id\":\"https:\/\/blog.webex.com\/es\/colaboracion\/team-collaboration-es\/un-nuevo-aspecto-tema-para-webex-teams-windows-y-mac\/#article\",\"isPartOf\":{\"@id\":\"https:\/\/blog.webex.com\/es\/colaboracion\/team-collaboration-es\/un-nuevo-aspecto-tema-para-webex-teams-windows-y-mac\/\"},\"author\":{\"name\":\"Patrick Eustace\",\"@id\":\"https:\/\/blog.webex.com\/es\/#\/schema\/person\/c85a133cd71db8c29beae61b93028548\"},\"headline\":\"Un nuevo aspecto \u00abtema\u00bb para Webex Teams: Windows y Mac\",\"datePublished\":\"2019-09-12T16:47:29+00:00\",\"dateModified\":\"2021-11-04T15:59:19+00:00\",\"mainEntityOfPage\":{\"@id\":\"https:\/\/blog.webex.com\/es\/colaboracion\/team-collaboration-es\/un-nuevo-aspecto-tema-para-webex-teams-windows-y-mac\/\"},\"wordCount\":335,\"commentCount\":0,\"image\":{\"@id\":\"https:\/\/blog.webex.com\/es\/colaboracion\/team-collaboration-es\/un-nuevo-aspecto-tema-para-webex-teams-windows-y-mac\/#primaryimage\"},\"thumbnailUrl\":\"https:\/\/blog.webex.com\/wp-content\/uploads\/2019\/09\/Settings-Appearance-e1569000905978.png\",\"keywords\":[\"colaboraci\u00f3n en equipo\",\"webex teams\"],\"articleSection\":[\"Team Collaboration\"],\"inLanguage\":\"es\",\"potentialAction\":[{\"@type\":\"CommentAction\",\"name\":\"Comment\",\"target\":[\"https:\/\/blog.webex.com\/es\/colaboracion\/team-collaboration-es\/un-nuevo-aspecto-tema-para-webex-teams-windows-y-mac\/#respond\"]}]},{\"@type\":\"WebPage\",\"@id\":\"https:\/\/blog.webex.com\/es\/colaboracion\/team-collaboration-es\/un-nuevo-aspecto-tema-para-webex-teams-windows-y-mac\/\",\"url\":\"https:\/\/blog.webex.com\/es\/colaboracion\/team-collaboration-es\/un-nuevo-aspecto-tema-para-webex-teams-windows-y-mac\/\",\"name\":\"Un nuevo aspecto \\\"tema\\\" para Webex Teams: Windows y Mac | Webex Blog\",\"isPartOf\":{\"@id\":\"https:\/\/blog.webex.com\/es\/#website\"},\"primaryImageOfPage\":{\"@id\":\"https:\/\/blog.webex.com\/es\/colaboracion\/team-collaboration-es\/un-nuevo-aspecto-tema-para-webex-teams-windows-y-mac\/#primaryimage\"},\"image\":{\"@id\":\"https:\/\/blog.webex.com\/es\/colaboracion\/team-collaboration-es\/un-nuevo-aspecto-tema-para-webex-teams-windows-y-mac\/#primaryimage\"},\"thumbnailUrl\":\"https:\/\/blog.webex.com\/wp-content\/uploads\/2019\/09\/Settings-Appearance-e1569000905978.png\",\"datePublished\":\"2019-09-12T16:47:29+00:00\",\"dateModified\":\"2021-11-04T15:59:19+00:00\",\"author\":{\"@id\":\"https:\/\/blog.webex.com\/es\/#\/schema\/person\/c85a133cd71db8c29beae61b93028548\"},\"breadcrumb\":{\"@id\":\"https:\/\/blog.webex.com\/es\/colaboracion\/team-collaboration-es\/un-nuevo-aspecto-tema-para-webex-teams-windows-y-mac\/#breadcrumb\"},\"inLanguage\":\"es\",\"potentialAction\":[{\"@type\":\"ReadAction\",\"target\":[\"https:\/\/blog.webex.com\/es\/colaboracion\/team-collaboration-es\/un-nuevo-aspecto-tema-para-webex-teams-windows-y-mac\/\"]}]},{\"@type\":\"ImageObject\",\"inLanguage\":\"es\",\"@id\":\"https:\/\/blog.webex.com\/es\/colaboracion\/team-collaboration-es\/un-nuevo-aspecto-tema-para-webex-teams-windows-y-mac\/#primaryimage\",\"url\":\"https:\/\/blog.webex.com\/wp-content\/uploads\/2019\/09\/Settings-Appearance-e1569000905978.png\",\"contentUrl\":\"https:\/\/blog.webex.com\/wp-content\/uploads\/2019\/09\/Settings-Appearance-e1569000905978.png\"},{\"@type\":\"BreadcrumbList\",\"@id\":\"https:\/\/blog.webex.com\/es\/colaboracion\/team-collaboration-es\/un-nuevo-aspecto-tema-para-webex-teams-windows-y-mac\/#breadcrumb\",\"itemListElement\":[{\"@type\":\"ListItem\",\"position\":1,\"name\":\"Home\",\"item\":\"https:\/\/blog.webex.com\/es\/\"},{\"@type\":\"ListItem\",\"position\":2,\"name\":\"Un nuevo aspecto &#8220;tema&#8221; para Webex Teams: Windows y Mac\"}]},{\"@type\":\"WebSite\",\"@id\":\"https:\/\/blog.webex.com\/es\/#website\",\"url\":\"https:\/\/blog.webex.com\/es\/\",\"name\":\"Webex Blog\",\"description\":\"Webex by Cisco powers collaboration through industry-leading video conferencing, cloud calling and contact center solutions\",\"potentialAction\":[{\"@type\":\"SearchAction\",\"target\":{\"@type\":\"EntryPoint\",\"urlTemplate\":\"https:\/\/blog.webex.com\/es\/?s={search_term_string}\"},\"query-input\":{\"@type\":\"PropertyValueSpecification\",\"valueRequired\":true,\"valueName\":\"search_term_string\"}}],\"inLanguage\":\"es\"},{\"@type\":\"Person\",\"@id\":\"https:\/\/blog.webex.com\/es\/#\/schema\/person\/c85a133cd71db8c29beae61b93028548\",\"name\":\"Patrick Eustace\",\"image\":{\"@type\":\"ImageObject\",\"inLanguage\":\"es\",\"@id\":\"https:\/\/blog.webex.com\/es\/#\/schema\/person\/image\/\",\"url\":\"https:\/\/secure.gravatar.com\/avatar\/a02bada906ac126d4bb660cfd879703fa3d3092620b9a3fd2b3115413a276aca?s=96&d=wp_user_avatar&r=g\",\"contentUrl\":\"https:\/\/secure.gravatar.com\/avatar\/a02bada906ac126d4bb660cfd879703fa3d3092620b9a3fd2b3115413a276aca?s=96&d=wp_user_avatar&r=g\",\"caption\":\"Patrick Eustace\"},\"description\":\"Patrick is a Strategic Growth &amp; Go to Market Product Manager for the Cisco Webex Device portfolio, encompassing Desk Devices, Room Devices, Headsets, Phones and Cameras, with an emphasis on our Webex on Webex Gold Standard and Device open interop positioning. Passionate about customer experience, he joined Cisco in 2008 and holds over a decades Collaboration industry experience working across product, engineering, design, go to market and customer sales teams to drive our collaboration suite market adoption. Prior to his current role, he was lead Desktop PM for Jabber and Webex Teams, introducing Jabber Softphone for VDI (JVDI) to the portfolio and defining the VDI strategy. Patrick is a regular speaker at Cisco Live, Enterprise Connect and Partner, and was recognised by the customer and partner field as top collaboration speaker at a number of these sessions Patrick is co-founder of the AtlanTec Conference, the leading technology conference in the west of Ireland which during 2020 and 2021 was run exclusively on Webex and saw over 5,000 attendees join over a week of events. Patrick holds an honours degree in Computer Engineering from the University of Limerick, Ireland, an MBA from the Open University International Business School along with Project Management Professional (PMP) and High Impact Leadership certifications. Patrick is based out of the Cisco offices in Galway, Ireland. When not in the office, Patrick can be found spending time with his family and sea-swimming in the Atlantic ocean.\",\"sameAs\":[\"https:\/\/www.linkedin.com\/in\/patrickeustace1\/\",\"https:\/\/x.com\/https:\/\/twitter.com\/paeustace\"],\"url\":\"https:\/\/blog.webex.com\/es\/contributors\/patrickeustace-2\/\"}]}<\/script>\n<!-- \/ Yoast SEO plugin. -->","yoast_head_json":{"title":"Un nuevo aspecto \"tema\" para Webex Teams: Windows y Mac | Webex Blog","robots":{"index":"index","follow":"follow","max-snippet":"max-snippet:-1","max-image-preview":"max-image-preview:large","max-video-preview":"max-video-preview:-1"},"canonical":"https:\/\/blog.webex.com\/es\/colaboracion\/team-collaboration-es\/un-nuevo-aspecto-tema-para-webex-teams-windows-y-mac\/","og_locale":"es_ES","og_type":"article","og_title":"Un nuevo aspecto \"tema\" para Webex Teams: Windows y Mac | Webex Blog","og_description":"En nuestra pr\u00f3xima actualizaci\u00f3n Webex Teams septiembre, estamos realizando algunos cambios en nuestra elecci\u00f3n de temas en la aplicaci\u00f3n. \u00bfQu\u00e9 [&hellip;]","og_url":"https:\/\/blog.webex.com\/es\/colaboracion\/team-collaboration-es\/un-nuevo-aspecto-tema-para-webex-teams-windows-y-mac\/","og_site_name":"Webex Blog","article_published_time":"2019-09-12T16:47:29+00:00","article_modified_time":"2021-11-04T15:59:19+00:00","og_image":[{"url":"https:\/\/blog.webex.com\/wp-content\/uploads\/2019\/09\/Settings-Appearance-e1569000905978.png","type":"","width":"","height":""}],"author":"Patrick Eustace","twitter_misc":{"Escrito por":"Patrick Eustace","Tiempo de lectura":"2 minutos"},"schema":{"@context":"https:\/\/schema.org","@graph":[{"@type":"Article","@id":"https:\/\/blog.webex.com\/es\/colaboracion\/team-collaboration-es\/un-nuevo-aspecto-tema-para-webex-teams-windows-y-mac\/#article","isPartOf":{"@id":"https:\/\/blog.webex.com\/es\/colaboracion\/team-collaboration-es\/un-nuevo-aspecto-tema-para-webex-teams-windows-y-mac\/"},"author":{"name":"Patrick Eustace","@id":"https:\/\/blog.webex.com\/es\/#\/schema\/person\/c85a133cd71db8c29beae61b93028548"},"headline":"Un nuevo aspecto \u00abtema\u00bb para Webex Teams: Windows y Mac","datePublished":"2019-09-12T16:47:29+00:00","dateModified":"2021-11-04T15:59:19+00:00","mainEntityOfPage":{"@id":"https:\/\/blog.webex.com\/es\/colaboracion\/team-collaboration-es\/un-nuevo-aspecto-tema-para-webex-teams-windows-y-mac\/"},"wordCount":335,"commentCount":0,"image":{"@id":"https:\/\/blog.webex.com\/es\/colaboracion\/team-collaboration-es\/un-nuevo-aspecto-tema-para-webex-teams-windows-y-mac\/#primaryimage"},"thumbnailUrl":"https:\/\/blog.webex.com\/wp-content\/uploads\/2019\/09\/Settings-Appearance-e1569000905978.png","keywords":["colaboraci\u00f3n en equipo","webex teams"],"articleSection":["Team Collaboration"],"inLanguage":"es","potentialAction":[{"@type":"CommentAction","name":"Comment","target":["https:\/\/blog.webex.com\/es\/colaboracion\/team-collaboration-es\/un-nuevo-aspecto-tema-para-webex-teams-windows-y-mac\/#respond"]}]},{"@type":"WebPage","@id":"https:\/\/blog.webex.com\/es\/colaboracion\/team-collaboration-es\/un-nuevo-aspecto-tema-para-webex-teams-windows-y-mac\/","url":"https:\/\/blog.webex.com\/es\/colaboracion\/team-collaboration-es\/un-nuevo-aspecto-tema-para-webex-teams-windows-y-mac\/","name":"Un nuevo aspecto \"tema\" para Webex Teams: Windows y Mac | Webex Blog","isPartOf":{"@id":"https:\/\/blog.webex.com\/es\/#website"},"primaryImageOfPage":{"@id":"https:\/\/blog.webex.com\/es\/colaboracion\/team-collaboration-es\/un-nuevo-aspecto-tema-para-webex-teams-windows-y-mac\/#primaryimage"},"image":{"@id":"https:\/\/blog.webex.com\/es\/colaboracion\/team-collaboration-es\/un-nuevo-aspecto-tema-para-webex-teams-windows-y-mac\/#primaryimage"},"thumbnailUrl":"https:\/\/blog.webex.com\/wp-content\/uploads\/2019\/09\/Settings-Appearance-e1569000905978.png","datePublished":"2019-09-12T16:47:29+00:00","dateModified":"2021-11-04T15:59:19+00:00","author":{"@id":"https:\/\/blog.webex.com\/es\/#\/schema\/person\/c85a133cd71db8c29beae61b93028548"},"breadcrumb":{"@id":"https:\/\/blog.webex.com\/es\/colaboracion\/team-collaboration-es\/un-nuevo-aspecto-tema-para-webex-teams-windows-y-mac\/#breadcrumb"},"inLanguage":"es","potentialAction":[{"@type":"ReadAction","target":["https:\/\/blog.webex.com\/es\/colaboracion\/team-collaboration-es\/un-nuevo-aspecto-tema-para-webex-teams-windows-y-mac\/"]}]},{"@type":"ImageObject","inLanguage":"es","@id":"https:\/\/blog.webex.com\/es\/colaboracion\/team-collaboration-es\/un-nuevo-aspecto-tema-para-webex-teams-windows-y-mac\/#primaryimage","url":"https:\/\/blog.webex.com\/wp-content\/uploads\/2019\/09\/Settings-Appearance-e1569000905978.png","contentUrl":"https:\/\/blog.webex.com\/wp-content\/uploads\/2019\/09\/Settings-Appearance-e1569000905978.png"},{"@type":"BreadcrumbList","@id":"https:\/\/blog.webex.com\/es\/colaboracion\/team-collaboration-es\/un-nuevo-aspecto-tema-para-webex-teams-windows-y-mac\/#breadcrumb","itemListElement":[{"@type":"ListItem","position":1,"name":"Home","item":"https:\/\/blog.webex.com\/es\/"},{"@type":"ListItem","position":2,"name":"Un nuevo aspecto &#8220;tema&#8221; para Webex Teams: Windows y Mac"}]},{"@type":"WebSite","@id":"https:\/\/blog.webex.com\/es\/#website","url":"https:\/\/blog.webex.com\/es\/","name":"Webex Blog","description":"Webex by Cisco powers collaboration through industry-leading video conferencing, cloud calling and contact center solutions","potentialAction":[{"@type":"SearchAction","target":{"@type":"EntryPoint","urlTemplate":"https:\/\/blog.webex.com\/es\/?s={search_term_string}"},"query-input":{"@type":"PropertyValueSpecification","valueRequired":true,"valueName":"search_term_string"}}],"inLanguage":"es"},{"@type":"Person","@id":"https:\/\/blog.webex.com\/es\/#\/schema\/person\/c85a133cd71db8c29beae61b93028548","name":"Patrick Eustace","image":{"@type":"ImageObject","inLanguage":"es","@id":"https:\/\/blog.webex.com\/es\/#\/schema\/person\/image\/","url":"https:\/\/secure.gravatar.com\/avatar\/a02bada906ac126d4bb660cfd879703fa3d3092620b9a3fd2b3115413a276aca?s=96&d=wp_user_avatar&r=g","contentUrl":"https:\/\/secure.gravatar.com\/avatar\/a02bada906ac126d4bb660cfd879703fa3d3092620b9a3fd2b3115413a276aca?s=96&d=wp_user_avatar&r=g","caption":"Patrick Eustace"},"description":"Patrick is a Strategic Growth &amp; Go to Market Product Manager for the Cisco Webex Device portfolio, encompassing Desk Devices, Room Devices, Headsets, Phones and Cameras, with an emphasis on our Webex on Webex Gold Standard and Device open interop positioning. Passionate about customer experience, he joined Cisco in 2008 and holds over a decades Collaboration industry experience working across product, engineering, design, go to market and customer sales teams to drive our collaboration suite market adoption. Prior to his current role, he was lead Desktop PM for Jabber and Webex Teams, introducing Jabber Softphone for VDI (JVDI) to the portfolio and defining the VDI strategy. Patrick is a regular speaker at Cisco Live, Enterprise Connect and Partner, and was recognised by the customer and partner field as top collaboration speaker at a number of these sessions Patrick is co-founder of the AtlanTec Conference, the leading technology conference in the west of Ireland which during 2020 and 2021 was run exclusively on Webex and saw over 5,000 attendees join over a week of events. Patrick holds an honours degree in Computer Engineering from the University of Limerick, Ireland, an MBA from the Open University International Business School along with Project Management Professional (PMP) and High Impact Leadership certifications. Patrick is based out of the Cisco offices in Galway, Ireland. When not in the office, Patrick can be found spending time with his family and sea-swimming in the Atlantic ocean.","sameAs":["https:\/\/www.linkedin.com\/in\/patrickeustace1\/","https:\/\/x.com\/https:\/\/twitter.com\/paeustace"],"url":"https:\/\/blog.webex.com\/es\/contributors\/patrickeustace-2\/"}]}},"_links":{"self":[{"href":"https:\/\/blog.webex.com\/es\/wp-json\/wp\/v2\/posts\/17071","targetHints":{"allow":["GET"]}}],"collection":[{"href":"https:\/\/blog.webex.com\/es\/wp-json\/wp\/v2\/posts"}],"about":[{"href":"https:\/\/blog.webex.com\/es\/wp-json\/wp\/v2\/types\/post"}],"author":[{"embeddable":true,"href":"https:\/\/blog.webex.com\/es\/wp-json\/wp\/v2\/users\/5353"}],"replies":[{"embeddable":true,"href":"https:\/\/blog.webex.com\/es\/wp-json\/wp\/v2\/comments?post=17071"}],"version-history":[{"count":0,"href":"https:\/\/blog.webex.com\/es\/wp-json\/wp\/v2\/posts\/17071\/revisions"}],"wp:attachment":[{"href":"https:\/\/blog.webex.com\/es\/wp-json\/wp\/v2\/media?parent=17071"}],"wp:term":[{"taxonomy":"category","embeddable":true,"href":"https:\/\/blog.webex.com\/es\/wp-json\/wp\/v2\/categories?post=17071"},{"taxonomy":"post_tag","embeddable":true,"href":"https:\/\/blog.webex.com\/es\/wp-json\/wp\/v2\/tags?post=17071"}],"curies":[{"name":"wp","href":"https:\/\/api.w.org\/{rel}","templated":true}]}}