{"id":382241,"date":"2021-05-04T08:52:52","date_gmt":"2021-05-04T15:52:52","guid":{"rendered":"https:\/\/blog.webex.com\/uncategorized-es\/crear-experiencias-de-trabajo-hibridas-los-detalles-importan\/"},"modified":"2021-05-04T08:52:52","modified_gmt":"2021-05-04T15:52:52","slug":"crear-experiencias-de-trabajo-hibridas-los-detalles-importan","status":"publish","type":"post","link":"https:\/\/blog.webex.com\/es\/colaboracion\/trabajo-hibrido\/crear-experiencias-de-trabajo-hibridas-los-detalles-importan\/","title":{"rendered":"Crear experiencias de trabajo h\u00edbridas: los detalles importan"},"content":{"rendered":"<h2><span><br \/>\n  <strong>El cambio del trabajo remoto a un nuevo entorno laboral h\u00edbrido<\/strong><br \/>\n<\/span><\/h2>\n<p>Es emocionante ver que cada vez m\u00e1s organizaciones comienzan a hacer el cambio del trabajo remoto a un nuevo entorno laboral h\u00edbrido, pero es una transici\u00f3n que viene acompa\u00f1ada de un nuevo conjunto de preguntas y desaf\u00edos. \u00bfCu\u00e1ntas personas volver\u00e1n a la oficina y c\u00f3mo ser\u00e1 ese entorno? Cada vez m\u00e1s escuchamos que los equipos se sienten fatigados y desconectados: \u00bfqu\u00e9 herramientas pueden ayudar a solucionar esto? Y, lo que es m\u00e1s importante, \u00bfc\u00f3mo podemos garantizar que los empleados que siguen trabajando de forma remota tengan la misma experiencia de conexi\u00f3n e inclusi\u00f3n que los que vuelven a la oficina?<\/p>\n<p>Cuando pensamos en ofrecer experiencias positivas a los empleados, lo que importa son los detalles. Este mes, presentamos nuevas caracter\u00edsticas de Webex que resuelven algunos retos que podr\u00edan pasarse por alto, pero que desempe\u00f1an un papel importante en el nuevo modelo de trabajo h\u00edbrido.<\/p>\n<h2><span><br \/>\n  <strong>D\u00e9 m\u00e1s y obtenga m\u00e1s de sus experiencias en las reuniones<\/strong><br \/>\n<\/span><\/h2>\n<p>Ya sea en la oficina o trabajando de forma remota, nadie quiere estar sentado reuni\u00f3n tras reuni\u00f3n  escuchando a un presentador que no para de hablar. O peor a\u00fan, participar en una reuni\u00f3n de v\u00eddeo en la que hay tantas cabezas parlantes y contenidos que se comparten que no se sabe d\u00f3nde centrarte. Hacer que las reuniones sean m\u00e1s atractivas es importante en el mundo del trabajo h\u00edbrido.<\/p>\n<p>Estamos ampliando nuestra funcionalidad de dise\u00f1os personalizados de Webex para incluir mayores controles del organizador, lo que resulta en una experiencia de reuni\u00f3n m\u00e1s personalizada y atractiva. Como organizador o coorganizador de una reuni\u00f3n, tiene la posibilidad de ocultar a los participantes que no est\u00e1n en v\u00eddeo, lo que permite centrarse m\u00e1s en las expresiones faciales y las interacciones con los usuarios de v\u00eddeo. Gracias a la caracter\u00edstica del control deslizante, podr\u00e1 mostrar a todos los participantes en la pantalla o centrarse en unos pocos. Adem\u00e1s, ahora los organizadores y coorganizadores pueden seleccionar y sincronizar el contenido y los altavoces en los que quieren que se centren los asistentes y, a continuaci\u00f3n, transmitir esa vista a todos los participantes. Esto le permite establecer un \u201cescenario\u201d com\u00fan y crear una experiencia de reuni\u00f3n m\u00e1s atractiva para todos.<\/p>\n<p><a href=\"https:\/\/storage.googleapis.com\/blogs-images\/ciscoblogs\/1\/2021\/05\/Screen-Shot-2021-05-03-at-6.42.17-AM.png\"><br \/>\n  <img loading=\"lazy\" decoding=\"async\" class=\"aligncenter size-full wp-image-363843\" src=\"https:\/\/storage.googleapis.com\/blogs-images\/ciscoblogs\/1\/2021\/05\/Screen-Shot-2021-05-03-at-6.42.17-AM.png\" sizes=\"auto, (max-width: 674px) 100vw, 674px\" srcset=\"https:\/\/storage.googleapis.com\/blogs-images\/ciscoblogs\/1\/2021\/05\/Screen-Shot-2021-05-03-at-6.42.17-AM-300x216.png 300w, https:\/\/storage.googleapis.com\/blogs-images\/ciscoblogs\/1\/2021\/05\/Screen-Shot-2021-05-03-at-6.42.17-AM.png 674w\" alt=\"colegas de la empresa utilizando dise\u00f1os personalizados de Webex \" width=\"674\" height=\"486\" \/><br \/>\n<\/a><\/p>\n<p>Preparar el escenario y compartir contenido excelente es la mitad de la ecuaci\u00f3n, pero \u00bfno ser\u00eda \u00fatil tambi\u00e9n saber lo que su audiencia piensa de su reuni\u00f3n? Ayer <a href=\"https:\/\/blogs.cisco.com\/collaboration\/a-more-engaging-and-inclusive-meeting-experience-powered-by-cisco-slido\">anunciamos<\/a> el cierre de nuestra adquisici\u00f3n de Slido, que aporta las mejores funcionalidades de interacci\u00f3n con la audiencia a la plataforma Webex. Gracias a la posibilidad de formular preguntas de colaboraci\u00f3n masiva, lanzar sondeos y cuestionarios, as\u00ed como solicitar los comentarios en tiempo real de los asistentes, la experiencia de la reuni\u00f3n se ha vuelto mucho m\u00e1s interesante y valiosa tanto para los anfitriones como para los asistentes.<\/p>\n<h2><span><br \/>\n  <strong>Trabaje de forma m\u00e1s eficiente con los modos de trabajo personalizados de Webex<\/strong><br \/>\n<\/span><\/h2>\n<p>Su rutina matutina puede comenzar con la revisi\u00f3n de su agenda de reuniones o la comprobaci\u00f3n de los mensajes no le\u00eddos. O, tal vez, pase la mayor parte de su tiempo en llamadas. Como usuario de Webex, ahora tiene la flexibilidad de modificar la configuraci\u00f3n para elegir el modo de trabajo predeterminado m\u00e1s importante para usted, lo que le permite trabajar de forma m\u00e1s eficiente. Y como todos los modos de trabajo se combinan a la perfecci\u00f3n en la plataforma Webex, puede pasar de la mensajer\u00eda a la llamada y a la reuni\u00f3n con facilidad.<\/p>\n<p><a href=\"https:\/\/storage.googleapis.com\/blogs-images\/ciscoblogs\/1\/2021\/05\/in-appscheduler_updated.png\"><br \/>\n  <img loading=\"lazy\" decoding=\"async\" class=\"aligncenter size-large wp-image-364081\" src=\"https:\/\/storage.googleapis.com\/blogs-images\/ciscoblogs\/1\/2021\/05\/in-appscheduler_updated-1024x612.png\" alt=\"in-appscheduler_\" width=\"640\" height=\"383\" \/><br \/>\n<\/a><\/p>\n<p>\u00a0<\/p>\n<p>Si es como yo, es posible que conf\u00ede en su buz\u00f3n de mensajes como una lista de tareas que le recuerda d\u00f3nde debe priorizar su tiempo. Para apoyar mejor esta preferencia de estilo de trabajo, Webex ahora ofrece la posibilidad de marcar f\u00e1cilmente un mensaje como no le\u00eddo, incluso si ya lo has le\u00eddo. Este recordatorio visual le permite trabajar de forma eficiente y eficaz, y mantenerse al d\u00eda de las conversaciones y asegurarse de que los elementos de acci\u00f3n no queden fuera de su radar.<\/p>\n<h2><span><br \/>\n  <strong>Reinventar el lugar de trabajo<\/strong><br \/>\n<\/span><\/h2>\n<p>Cuando se trata de planificar una vuelta a la oficina segura y satisfactoria, los directivos de las empresas se enfrentan a nuevos desaf\u00edos, grandes y peque\u00f1os: desde reconfigurar los espacios de trabajo para una fuerza laboral h\u00edbrida hasta garantizar que las superficies y los dispositivos compartidos se mantengan limpios y desinfectados.<\/p>\n<p>Para garantizar una colaboraci\u00f3n inclusiva entre los empleados de la oficina y los que trabajan de forma remota, estamos facilitando que todos los asistentes a las reuniones se vean y se escuchen. El <a href=\"https:\/\/www.cisco.com\/c\/en\/us\/products\/collaboration-endpoints\/webex-room-kit-mini\/index.html\">Webex Room Kit Mini<\/a> ahora ofrece una c\u00e1mara con zoom digital 5x m\u00e1s potente y un audio optimizado a trav\u00e9s de micr\u00f3fonos internos, que proporciona un audio claro hasta 4 metros de distancia. Adem\u00e1s, Webex Room Panorama se puede ahora configurar para techos de baja altura y cuenta con una colocaci\u00f3n flexible de las pantallas de contenido, lo que permite una mayor variedad de espacios de trabajo para apoyar las experiencias de las reuniones tipo sala de juntas.<\/p>\n<p><a href=\"https:\/\/storage.googleapis.com\/blogs-images\/ciscoblogs\/1\/2021\/05\/Webex-Panorama-and-the-workplace.jpg\"><br \/>\n  <img loading=\"lazy\" decoding=\"async\" class=\"aligncenter size-full wp-image-363848\" src=\"https:\/\/storage.googleapis.com\/blogs-images\/ciscoblogs\/1\/2021\/05\/Webex-Panorama-and-the-workplace.jpg\" sizes=\"auto, (max-width: 935px) 100vw, 935px\" srcset=\"https:\/\/storage.googleapis.com\/blogs-images\/ciscoblogs\/1\/2021\/05\/Webex-Panorama-and-the-workplace-300x201.jpg 300w, https:\/\/storage.googleapis.com\/blogs-images\/ciscoblogs\/1\/2021\/05\/Webex-Panorama-and-the-workplace-768x514.jpg 768w, https:\/\/storage.googleapis.com\/blogs-images\/ciscoblogs\/1\/2021\/05\/Webex-Panorama-and-the-workplace.jpg 935w\" alt=\"Webex Panorama y el lugar de trabajo\" width=\"935\" height=\"626\" \/><br \/>\n<\/a><\/p>\n<p>Y hablando de atenci\u00f3n a los detalles: Webex ahora permite una limpieza f\u00e1cil de los dispositivos compartidos, con caracter\u00edsticas como cubiertas extra\u00edbles de grado m\u00e9dico y resistentes al alcohol para los tel\u00e9fonos y una opci\u00f3n de rejilla met\u00e1lica de limpieza en los dispositivos Webex Room Kit Mini.<\/p>\n<p>Cuando se trata de facilitar experiencias seguras, atractivas e inclusivas para los empleados, apenas estamos comenzando. El mes que viene, oir\u00e1n mucho m\u00e1s sobre las nuevas soluciones Webex que estamos implementando para apoyar a nuestros clientes y permitir su \u00e9xito en el trabajo h\u00edbrido.<\/p>\n<blockquote><p>Desde el trabajo remoto hasta el regreso seguro a la oficina, las soluciones Webex est\u00e1n impulsando el futuro del trabajo h\u00edbrido. \u00a1Haga clic <a href=\"https:\/\/www.cisco.com\/c\/en\/us\/solutions\/collaboration\/hybrid-workplace.html\">aqu\u00ed<\/a> para obtener m\u00e1s informaci\u00f3n!<\/p><\/blockquote>\n<p><strong>M\u00e1s informaci\u00f3n<\/strong><\/p>\n<p><a href=\"https:\/\/blog.webex.com\/es\/videoconferencias\/novedades-de-webex-mayo-de-2021\/\">Novedades de Webex: Mayo de 2021<\/a><\/p>\n<p><a href=\"https:\/\/blog.webex.com\/es\/videoconferencias\/marcar-mensajes-como-no-leidos-calendario-de-programacion-en-la-aplicacion-webex-en-linux-y-mas-en-la-actualizacion-de-mayo-de-la-aplicacion-webex\/\">Marcar mensajes como no le\u00eddos, calendario de planificaci\u00f3n en la aplicaci\u00f3n, Webex en Linux y m\u00e1s en la actualizaci\u00f3n de mayo de la aplicaci\u00f3n Webex<\/a><\/p>\n<p><a href=\"https:\/\/blogs.cisco.com\/author\/javedkhan\">\u00a1Enlace a todas las actualizaciones mensuales del blog de Javed!<\/a><\/p>\n","protected":false},"excerpt":{"rendered":"<p>Este mes, presentamos nuevas caracter\u00edsticas de Webex que resuelven algunos retos que podr\u00edan pasarse por alto, pero que desempe\u00f1an un papel importante en el nuevo modelo de trabajo h\u00edbrido.<\/p>\n","protected":false},"author":308,"featured_media":382242,"comment_status":"open","ping_status":"open","sticky":false,"template":"","format":"standard","meta":{"inline_featured_image":false,"footnotes":""},"categories":[5293,1572],"tags":[4551,15215,562,15216,5385,5909,5381],"class_list":["post-382241","post","type-post","status-publish","format-standard","has-post-thumbnail","hentry","category-colaboracion","category-trabajo-hibrido","tag-audience-engagement","tag-audience-engagement-es","tag-collaboration-tools","tag-collaboration-tools-es","tag-slido-es","tag-soluciones-de-sala-de-conferencia","tag-transformacion-del-lugar-de-trabajo"],"acf":[],"yoast_head":"<!-- This site is optimized with the Yoast SEO plugin v28.4 - https:\/\/yoast.com\/product\/yoast-seo-wordpress\/ -->\n<title>Crear experiencias de trabajo h\u00edbridas: los detalles importan | Webex Blog<\/title>\n<meta name=\"robots\" content=\"index, follow, max-snippet:-1, max-image-preview:large, max-video-preview:-1\" \/>\n<link rel=\"canonical\" href=\"https:\/\/blog.webex.com\/collaboration\/hybrid-work\/building-hybrid-work-experiences-details-matter\/\" \/>\n<meta property=\"og:locale\" content=\"es_ES\" \/>\n<meta property=\"og:type\" content=\"article\" \/>\n<meta property=\"og:title\" content=\"Crear experiencias de trabajo h\u00edbridas: los detalles importan | Webex Blog\" \/>\n<meta property=\"og:description\" content=\"Este mes, presentamos nuevas caracter\u00edsticas de Webex que resuelven algunos retos que podr\u00edan pasarse por alto, pero que desempe\u00f1an un papel importante en el nuevo modelo de trabajo h\u00edbrido.\" \/>\n<meta property=\"og:url\" content=\"https:\/\/blog.webex.com\/collaboration\/hybrid-work\/building-hybrid-work-experiences-details-matter\/\" \/>\n<meta property=\"og:site_name\" content=\"Webex Blog\" \/>\n<meta property=\"article:published_time\" content=\"2021-05-04T15:52:52+00:00\" \/>\n<meta property=\"og:image\" content=\"https:\/\/blog.webex.com\/wp-content\/uploads\/2021\/05\/May-launch-image_40-crop-1.png\" \/>\n\t<meta property=\"og:image:width\" content=\"940\" \/>\n\t<meta property=\"og:image:height\" content=\"488\" \/>\n\t<meta property=\"og:image:type\" content=\"image\/png\" \/>\n<meta name=\"author\" content=\"Javed Khan\" \/>\n<meta name=\"twitter:label1\" content=\"Escrito por\" \/>\n\t<meta name=\"twitter:data1\" content=\"Javed Khan\" \/>\n\t<meta name=\"twitter:label2\" content=\"Tiempo de lectura\" \/>\n\t<meta name=\"twitter:data2\" content=\"5 minutos\" \/>\n<script type=\"application\/ld+json\" class=\"yoast-schema-graph\">{\"@context\":\"https:\\\/\\\/schema.org\",\"@graph\":[{\"@type\":\"Article\",\"@id\":\"https:\\\/\\\/blog.webex.com\\\/collaboration\\\/hybrid-work\\\/building-hybrid-work-experiences-details-matter\\\/#article\",\"isPartOf\":{\"@id\":\"https:\\\/\\\/blog.webex.com\\\/collaboration\\\/hybrid-work\\\/building-hybrid-work-experiences-details-matter\\\/\"},\"author\":{\"name\":\"Javed Khan\",\"@id\":\"https:\\\/\\\/blog.webex.com\\\/es\\\/#\\\/schema\\\/person\\\/8199f4da14708cab211281db91ae909c\"},\"headline\":\"Crear experiencias de trabajo h\u00edbridas: los detalles importan\",\"datePublished\":\"2021-05-04T15:52:52+00:00\",\"mainEntityOfPage\":{\"@id\":\"https:\\\/\\\/blog.webex.com\\\/collaboration\\\/hybrid-work\\\/building-hybrid-work-experiences-details-matter\\\/\"},\"wordCount\":1098,\"commentCount\":0,\"image\":{\"@id\":\"https:\\\/\\\/blog.webex.com\\\/collaboration\\\/hybrid-work\\\/building-hybrid-work-experiences-details-matter\\\/#primaryimage\"},\"thumbnailUrl\":\"https:\\\/\\\/blog.webex.com\\\/wp-content\\\/uploads\\\/2021\\\/05\\\/May-launch-image_40-crop-1.png\",\"keywords\":[\"Audience Engagement\",\"Audience Engagement\",\"Collaboration Tools\",\"Collaboration Tools\",\"Slido\",\"soluciones de sala de conferencia\",\"transformaci\u00f3n del lugar de trabajo\"],\"articleSection\":[\"Colaboraci\u00f3n\",\"Trabajo h\u00edbrido\"],\"inLanguage\":\"es\",\"potentialAction\":[{\"@type\":\"CommentAction\",\"name\":\"Comment\",\"target\":[\"https:\\\/\\\/blog.webex.com\\\/collaboration\\\/hybrid-work\\\/building-hybrid-work-experiences-details-matter\\\/#respond\"]}]},{\"@type\":\"WebPage\",\"@id\":\"https:\\\/\\\/blog.webex.com\\\/collaboration\\\/hybrid-work\\\/building-hybrid-work-experiences-details-matter\\\/\",\"url\":\"https:\\\/\\\/blog.webex.com\\\/collaboration\\\/hybrid-work\\\/building-hybrid-work-experiences-details-matter\\\/\",\"name\":\"Crear experiencias de trabajo h\u00edbridas: los detalles importan | Webex Blog\",\"isPartOf\":{\"@id\":\"https:\\\/\\\/blog.webex.com\\\/es\\\/#website\"},\"primaryImageOfPage\":{\"@id\":\"https:\\\/\\\/blog.webex.com\\\/collaboration\\\/hybrid-work\\\/building-hybrid-work-experiences-details-matter\\\/#primaryimage\"},\"image\":{\"@id\":\"https:\\\/\\\/blog.webex.com\\\/collaboration\\\/hybrid-work\\\/building-hybrid-work-experiences-details-matter\\\/#primaryimage\"},\"thumbnailUrl\":\"https:\\\/\\\/blog.webex.com\\\/wp-content\\\/uploads\\\/2021\\\/05\\\/May-launch-image_40-crop-1.png\",\"datePublished\":\"2021-05-04T15:52:52+00:00\",\"author\":{\"@id\":\"https:\\\/\\\/blog.webex.com\\\/es\\\/#\\\/schema\\\/person\\\/8199f4da14708cab211281db91ae909c\"},\"breadcrumb\":{\"@id\":\"https:\\\/\\\/blog.webex.com\\\/collaboration\\\/hybrid-work\\\/building-hybrid-work-experiences-details-matter\\\/#breadcrumb\"},\"inLanguage\":\"es\",\"potentialAction\":[{\"@type\":\"ReadAction\",\"target\":[\"https:\\\/\\\/blog.webex.com\\\/collaboration\\\/hybrid-work\\\/building-hybrid-work-experiences-details-matter\\\/\"]}]},{\"@type\":\"ImageObject\",\"inLanguage\":\"es\",\"@id\":\"https:\\\/\\\/blog.webex.com\\\/collaboration\\\/hybrid-work\\\/building-hybrid-work-experiences-details-matter\\\/#primaryimage\",\"url\":\"https:\\\/\\\/blog.webex.com\\\/wp-content\\\/uploads\\\/2021\\\/05\\\/May-launch-image_40-crop-1.png\",\"contentUrl\":\"https:\\\/\\\/blog.webex.com\\\/wp-content\\\/uploads\\\/2021\\\/05\\\/May-launch-image_40-crop-1.png\",\"width\":940,\"height\":488},{\"@type\":\"BreadcrumbList\",\"@id\":\"https:\\\/\\\/blog.webex.com\\\/collaboration\\\/hybrid-work\\\/building-hybrid-work-experiences-details-matter\\\/#breadcrumb\",\"itemListElement\":[{\"@type\":\"ListItem\",\"position\":1,\"name\":\"Home\",\"item\":\"https:\\\/\\\/blog.webex.com\\\/es\\\/\"},{\"@type\":\"ListItem\",\"position\":2,\"name\":\"Crear experiencias de trabajo h\u00edbridas: los detalles importan\"}]},{\"@type\":\"WebSite\",\"@id\":\"https:\\\/\\\/blog.webex.com\\\/es\\\/#website\",\"url\":\"https:\\\/\\\/blog.webex.com\\\/es\\\/\",\"name\":\"Webex Blog\",\"description\":\"Webex by Cisco powers collaboration through industry-leading video conferencing, cloud calling and contact center solutions\",\"potentialAction\":[{\"@type\":\"SearchAction\",\"target\":{\"@type\":\"EntryPoint\",\"urlTemplate\":\"https:\\\/\\\/blog.webex.com\\\/es\\\/?s={search_term_string}\"},\"query-input\":{\"@type\":\"PropertyValueSpecification\",\"valueRequired\":true,\"valueName\":\"search_term_string\"}}],\"inLanguage\":\"es\"},{\"@type\":\"Person\",\"@id\":\"https:\\\/\\\/blog.webex.com\\\/es\\\/#\\\/schema\\\/person\\\/8199f4da14708cab211281db91ae909c\",\"name\":\"Javed Khan\",\"image\":{\"@type\":\"ImageObject\",\"inLanguage\":\"es\",\"@id\":\"https:\\\/\\\/secure.gravatar.com\\\/avatar\\\/9ec50bf03fdff2e3ea773fe45b36039847660e0b3e13914645d5bff43c3d06f9?s=96&d=wp_user_avatar&r=g\",\"url\":\"https:\\\/\\\/secure.gravatar.com\\\/avatar\\\/9ec50bf03fdff2e3ea773fe45b36039847660e0b3e13914645d5bff43c3d06f9?s=96&d=wp_user_avatar&r=g\",\"contentUrl\":\"https:\\\/\\\/secure.gravatar.com\\\/avatar\\\/9ec50bf03fdff2e3ea773fe45b36039847660e0b3e13914645d5bff43c3d06f9?s=96&d=wp_user_avatar&r=g\",\"caption\":\"Javed Khan\"},\"description\":\"Javed Khan is the Senior Vice President and General Manager of Cisco Collaboration. This multi-billion-dollar business boasts the award-winning Webex product portfolio, including Cisco Devices, Webex Meetings, Webex Contact Center, Slido, Webex Events, and Webex Connect. Javed is passionate about delivering unrivaled collaboration experiences that fuel the future of work. He took on this leadership role in the midst of a global pandemic, leading and innovating through exponential growth as remote work unfolded. Now the team has delivered thousands of innovations and transformed the portfolio to help customers prepare for the next normal. In his tenure with Cisco, Javed has held several leadership roles in Collaboration, including VP\\\/GM for the Calling and Meetings business units, where his team delivered several transformative initiatives, including a single meetings platform architecture and modernization of the Webex experience. Prior to joining Cisco, he served as Vice President of Enterprise and Consumer Security products at Symantec, securing the most important user and enterprise environments at scale. He started his career as an engineer at Novell Networks, moving into escalating leadership roles there and at Symantec. With over 20 years of enterprise and consumer product leadership, Javed is an accomplished speaker on the future of work, business transformation, sustainability, product development, and technology architectures. He holds an MS in Computer Science from Loyola University and an MBA from the Anderson School of Management at UCLA.\",\"sameAs\":[\"https:\\\/\\\/www.linkedin.com\\\/in\\\/javed-khan-cisco\",\"https:\\\/\\\/x.com\\\/https:\\\/\\\/twitter.com\\\/javed_khan\"],\"url\":\"https:\\\/\\\/blog.webex.com\\\/es\\\/contributors\\\/javedkhan\\\/\"}]}<\/script>\n<!-- \/ Yoast SEO plugin. -->","yoast_head_json":{"title":"Crear experiencias de trabajo h\u00edbridas: los detalles importan | Webex Blog","robots":{"index":"index","follow":"follow","max-snippet":"max-snippet:-1","max-image-preview":"max-image-preview:large","max-video-preview":"max-video-preview:-1"},"canonical":"https:\/\/blog.webex.com\/collaboration\/hybrid-work\/building-hybrid-work-experiences-details-matter\/","og_locale":"es_ES","og_type":"article","og_title":"Crear experiencias de trabajo h\u00edbridas: los detalles importan | Webex Blog","og_description":"Este mes, presentamos nuevas caracter\u00edsticas de Webex que resuelven algunos retos que podr\u00edan pasarse por alto, pero que desempe\u00f1an un papel importante en el nuevo modelo de trabajo h\u00edbrido.","og_url":"https:\/\/blog.webex.com\/collaboration\/hybrid-work\/building-hybrid-work-experiences-details-matter\/","og_site_name":"Webex Blog","article_published_time":"2021-05-04T15:52:52+00:00","og_image":[{"width":940,"height":488,"url":"https:\/\/blog.webex.com\/wp-content\/uploads\/2021\/05\/May-launch-image_40-crop-1.png","type":"image\/png"}],"author":"Javed Khan","twitter_misc":{"Escrito por":"Javed Khan","Tiempo de lectura":"5 minutos"},"schema":{"@context":"https:\/\/schema.org","@graph":[{"@type":"Article","@id":"https:\/\/blog.webex.com\/collaboration\/hybrid-work\/building-hybrid-work-experiences-details-matter\/#article","isPartOf":{"@id":"https:\/\/blog.webex.com\/collaboration\/hybrid-work\/building-hybrid-work-experiences-details-matter\/"},"author":{"name":"Javed Khan","@id":"https:\/\/blog.webex.com\/es\/#\/schema\/person\/8199f4da14708cab211281db91ae909c"},"headline":"Crear experiencias de trabajo h\u00edbridas: los detalles importan","datePublished":"2021-05-04T15:52:52+00:00","mainEntityOfPage":{"@id":"https:\/\/blog.webex.com\/collaboration\/hybrid-work\/building-hybrid-work-experiences-details-matter\/"},"wordCount":1098,"commentCount":0,"image":{"@id":"https:\/\/blog.webex.com\/collaboration\/hybrid-work\/building-hybrid-work-experiences-details-matter\/#primaryimage"},"thumbnailUrl":"https:\/\/blog.webex.com\/wp-content\/uploads\/2021\/05\/May-launch-image_40-crop-1.png","keywords":["Audience Engagement","Audience Engagement","Collaboration Tools","Collaboration Tools","Slido","soluciones de sala de conferencia","transformaci\u00f3n del lugar de trabajo"],"articleSection":["Colaboraci\u00f3n","Trabajo h\u00edbrido"],"inLanguage":"es","potentialAction":[{"@type":"CommentAction","name":"Comment","target":["https:\/\/blog.webex.com\/collaboration\/hybrid-work\/building-hybrid-work-experiences-details-matter\/#respond"]}]},{"@type":"WebPage","@id":"https:\/\/blog.webex.com\/collaboration\/hybrid-work\/building-hybrid-work-experiences-details-matter\/","url":"https:\/\/blog.webex.com\/collaboration\/hybrid-work\/building-hybrid-work-experiences-details-matter\/","name":"Crear experiencias de trabajo h\u00edbridas: los detalles importan | Webex Blog","isPartOf":{"@id":"https:\/\/blog.webex.com\/es\/#website"},"primaryImageOfPage":{"@id":"https:\/\/blog.webex.com\/collaboration\/hybrid-work\/building-hybrid-work-experiences-details-matter\/#primaryimage"},"image":{"@id":"https:\/\/blog.webex.com\/collaboration\/hybrid-work\/building-hybrid-work-experiences-details-matter\/#primaryimage"},"thumbnailUrl":"https:\/\/blog.webex.com\/wp-content\/uploads\/2021\/05\/May-launch-image_40-crop-1.png","datePublished":"2021-05-04T15:52:52+00:00","author":{"@id":"https:\/\/blog.webex.com\/es\/#\/schema\/person\/8199f4da14708cab211281db91ae909c"},"breadcrumb":{"@id":"https:\/\/blog.webex.com\/collaboration\/hybrid-work\/building-hybrid-work-experiences-details-matter\/#breadcrumb"},"inLanguage":"es","potentialAction":[{"@type":"ReadAction","target":["https:\/\/blog.webex.com\/collaboration\/hybrid-work\/building-hybrid-work-experiences-details-matter\/"]}]},{"@type":"ImageObject","inLanguage":"es","@id":"https:\/\/blog.webex.com\/collaboration\/hybrid-work\/building-hybrid-work-experiences-details-matter\/#primaryimage","url":"https:\/\/blog.webex.com\/wp-content\/uploads\/2021\/05\/May-launch-image_40-crop-1.png","contentUrl":"https:\/\/blog.webex.com\/wp-content\/uploads\/2021\/05\/May-launch-image_40-crop-1.png","width":940,"height":488},{"@type":"BreadcrumbList","@id":"https:\/\/blog.webex.com\/collaboration\/hybrid-work\/building-hybrid-work-experiences-details-matter\/#breadcrumb","itemListElement":[{"@type":"ListItem","position":1,"name":"Home","item":"https:\/\/blog.webex.com\/es\/"},{"@type":"ListItem","position":2,"name":"Crear experiencias de trabajo h\u00edbridas: los detalles importan"}]},{"@type":"WebSite","@id":"https:\/\/blog.webex.com\/es\/#website","url":"https:\/\/blog.webex.com\/es\/","name":"Webex Blog","description":"Webex by Cisco powers collaboration through industry-leading video conferencing, cloud calling and contact center solutions","potentialAction":[{"@type":"SearchAction","target":{"@type":"EntryPoint","urlTemplate":"https:\/\/blog.webex.com\/es\/?s={search_term_string}"},"query-input":{"@type":"PropertyValueSpecification","valueRequired":true,"valueName":"search_term_string"}}],"inLanguage":"es"},{"@type":"Person","@id":"https:\/\/blog.webex.com\/es\/#\/schema\/person\/8199f4da14708cab211281db91ae909c","name":"Javed Khan","image":{"@type":"ImageObject","inLanguage":"es","@id":"https:\/\/secure.gravatar.com\/avatar\/9ec50bf03fdff2e3ea773fe45b36039847660e0b3e13914645d5bff43c3d06f9?s=96&d=wp_user_avatar&r=g","url":"https:\/\/secure.gravatar.com\/avatar\/9ec50bf03fdff2e3ea773fe45b36039847660e0b3e13914645d5bff43c3d06f9?s=96&d=wp_user_avatar&r=g","contentUrl":"https:\/\/secure.gravatar.com\/avatar\/9ec50bf03fdff2e3ea773fe45b36039847660e0b3e13914645d5bff43c3d06f9?s=96&d=wp_user_avatar&r=g","caption":"Javed Khan"},"description":"Javed Khan is the Senior Vice President and General Manager of Cisco Collaboration. This multi-billion-dollar business boasts the award-winning Webex product portfolio, including Cisco Devices, Webex Meetings, Webex Contact Center, Slido, Webex Events, and Webex Connect. Javed is passionate about delivering unrivaled collaboration experiences that fuel the future of work. He took on this leadership role in the midst of a global pandemic, leading and innovating through exponential growth as remote work unfolded. Now the team has delivered thousands of innovations and transformed the portfolio to help customers prepare for the next normal. In his tenure with Cisco, Javed has held several leadership roles in Collaboration, including VP\/GM for the Calling and Meetings business units, where his team delivered several transformative initiatives, including a single meetings platform architecture and modernization of the Webex experience. Prior to joining Cisco, he served as Vice President of Enterprise and Consumer Security products at Symantec, securing the most important user and enterprise environments at scale. He started his career as an engineer at Novell Networks, moving into escalating leadership roles there and at Symantec. With over 20 years of enterprise and consumer product leadership, Javed is an accomplished speaker on the future of work, business transformation, sustainability, product development, and technology architectures. He holds an MS in Computer Science from Loyola University and an MBA from the Anderson School of Management at UCLA.","sameAs":["https:\/\/www.linkedin.com\/in\/javed-khan-cisco","https:\/\/x.com\/https:\/\/twitter.com\/javed_khan"],"url":"https:\/\/blog.webex.com\/es\/contributors\/javedkhan\/"}]}},"_links":{"self":[{"href":"https:\/\/blog.webex.com\/es\/wp-json\/wp\/v2\/posts\/382241","targetHints":{"allow":["GET"]}}],"collection":[{"href":"https:\/\/blog.webex.com\/es\/wp-json\/wp\/v2\/posts"}],"about":[{"href":"https:\/\/blog.webex.com\/es\/wp-json\/wp\/v2\/types\/post"}],"author":[{"embeddable":true,"href":"https:\/\/blog.webex.com\/es\/wp-json\/wp\/v2\/users\/308"}],"replies":[{"embeddable":true,"href":"https:\/\/blog.webex.com\/es\/wp-json\/wp\/v2\/comments?post=382241"}],"version-history":[{"count":0,"href":"https:\/\/blog.webex.com\/es\/wp-json\/wp\/v2\/posts\/382241\/revisions"}],"wp:featuredmedia":[{"embeddable":true,"href":"https:\/\/blog.webex.com\/es\/wp-json\/wp\/v2\/media\/382242"}],"wp:attachment":[{"href":"https:\/\/blog.webex.com\/es\/wp-json\/wp\/v2\/media?parent=382241"}],"wp:term":[{"taxonomy":"category","embeddable":true,"href":"https:\/\/blog.webex.com\/es\/wp-json\/wp\/v2\/categories?post=382241"},{"taxonomy":"post_tag","embeddable":true,"href":"https:\/\/blog.webex.com\/es\/wp-json\/wp\/v2\/tags?post=382241"}],"curies":[{"name":"wp","href":"https:\/\/api.w.org\/{rel}","templated":true}]}}