{"id":383106,"date":"2020-12-03T11:59:23","date_gmt":"2020-12-03T19:59:23","guid":{"rendered":"https:\/\/blog.webex.com\/uncategorized-es\/la-proxima-semana-es-en-casa-o-en-la-oficina\/"},"modified":"2020-12-03T11:59:23","modified_gmt":"2020-12-03T19:59:23","slug":"la-proxima-semana-es-en-casa-o-en-la-oficina","status":"publish","type":"post","link":"https:\/\/blog.webex.com\/es\/colaboracion\/trabajo-hibrido\/la-proxima-semana-es-en-casa-o-en-la-oficina\/","title":{"rendered":"\u201cLa pr\u00f3xima semana, \u00bfes en casa o en la oficina?\u201d."},"content":{"rendered":"<h2><span><br \/>\n  <strong>\u201c\u00a1Trabajo desde casa!\u201d \u00a1Dicen las noticias de hoy! <\/strong><br \/>\n<\/span><\/h2>\n<p>Cada semana, el lugar en el que trabajo podr\u00eda ser diferente. Las noticias diarias informan las \u00faltimas recomendaciones de los gobiernos nacionales y de las autoridades locales que determinan el nuevo horario de mi jornada laboral: casa u oficina. \u00a1La pregunta que ha creado #NuevaRealidad!<\/p>\n<p>Hace unas cuatro semanas, pude experimentar el trabajo desde la oficina por primera vez en meses. Hab\u00eda sido un d\u00eda muy esperado y al igual que Tom, fue un d\u00eda repleto de incertidumbre. \u00bfSe acuerda de Tom? \u00a1Desc\u00fabralo!<\/p>\n<p><iframe loading=\"lazy\" title=\"Return to the office - First look at hybrid workplaces\" width=\"500\" height=\"281\" src=\"https:\/\/www.youtube.com\/embed\/4DcDVERCfVw?feature=oembed\" frameborder=\"0\" allow=\"accelerometer; autoplay; clipboard-write; encrypted-media; gyroscope; picture-in-picture; web-share\" referrerpolicy=\"strict-origin-when-cross-origin\" allowfullscreen><\/iframe><\/p>\n<p>Tuve la suerte de poder dividir mi jornada laboral entre casa y la oficina, entre ser un\u00a0<a href=\"https:\/\/blogs.cisco.com\/tag\/secure-remote-worker\">trabajador remoto seguro<\/a> y sumergirme en el\u00a0<a href=\"https:\/\/www.cisco.com\/c\/m\/en_us\/business-resiliency\/trusted-workplace.html\">lugar de trabajo de confianza<\/a>.<\/p>\n<h2><span><br \/>\n  <strong>Perm\u00edtame que le explique c\u00f3mo fue ese d\u00eda<\/strong><br \/>\n<\/span><\/h2>\n<p>La primera prioridad del d\u00eda, como siempre en un rol de ventas, eran mis clientes y mi equipo&#8230; pero ahora en la #NuevaRealidad, necesitaba agregar a alguien m\u00e1s a la lista: \u201csaludable y seguro para m\u00ed\u00bb. Asegurarme de protegerme a m\u00ed mismo y a los dem\u00e1s, \u00a1ha pasado a ser lo m\u00e1s importante!<\/p>\n<p><span><br \/>\n  <strong>8:45\u00a0h<\/strong><br \/>\n<\/span> \u00a1Listo para trabajar! Mis primeras horas, las pas\u00e9 trabajando en casa. Empec\u00e9 el d\u00eda enviando mensajes r\u00e1pidos a mis clientes, partners y colegas para ver c\u00f3mo estaban despu\u00e9s del fin de semana. Durante el cierre, aprend\u00ed la importancia de dedicar un tiempo intencionado a conectar con los colegas. Luego, program\u00e9 reuniones individuales en Webex para volver a conectar formalmente y comenzar mi semana.<\/p>\n<p><span><br \/>\n  <strong>9:00\u00a0h: inicio de las reuniones individuales en Webex <\/strong><br \/>\n<\/span><\/p>\n<p>En nuestra cultura empresarial, las reuniones cara a cara son importantes.<\/p>\n<p>Es importante reunirse con la gente en directo, en persona o virtualmente para resolver con \u00e9xito los problemas laborales del d\u00eda a d\u00eda. Gestionar sin tener en cuenta las emociones es una palabra antigua, que no est\u00e1 alineada con nuestra nueva realidad. Reunirse cara a cara a trav\u00e9s de v\u00eddeo es \u00fatil para reflejar la vida individual, los estados de \u00e1nimo y los entornos emocionales.<\/p>\n<p><a href=\"https:\/\/storage.googleapis.com\/blogs-images\/ciscoblogs\/1\/2020\/12\/Meetings-on-Webex.png\"><br \/>\n  <img loading=\"lazy\" decoding=\"async\" class=\"aligncenter wp-image-347028 size-full\" src=\"https:\/\/storage.googleapis.com\/blogs-images\/ciscoblogs\/1\/2020\/12\/Meetings-on-Webex.png\" sizes=\"auto, (max-width: 941px) 100vw, 941px\" srcset=\"https:\/\/storage.googleapis.com\/blogs-images\/ciscoblogs\/1\/2020\/12\/Meetings-on-Webex-300x169.png 300w, https:\/\/storage.googleapis.com\/blogs-images\/ciscoblogs\/1\/2020\/12\/Meetings-on-Webex-768x432.png 768w, https:\/\/storage.googleapis.com\/blogs-images\/ciscoblogs\/1\/2020\/12\/Meetings-on-Webex.png 941w\" alt=\"mujer joven en la pantalla con otros colegas en Webex Meetings\" width=\"941\" height=\"529\" \/><br \/>\n<\/a><\/p>\n<p><span><br \/>\n  <strong>10:30\u00a0h: reuniones con el equipo<\/strong>:\u00a0<strong>\u00a1hora de compartir la energ\u00eda con los dem\u00e1s!<\/strong><\/span><\/p>\n<p>A las 10:30\u00a0h, lleg\u00f3 el momento de reunirme con mi equipo por Webex. Al igual que en los viejos tiempos, cuando las reuniones del equipo eran en persona, estas reuniones virtuales del equipo respetar\u00e1n la misma etiqueta. Entrar en la reuni\u00f3n a tiempo, esperar en la sala de recepci\u00f3n si la reuni\u00f3n anterior a\u00fan no ha terminado, anunciarse y cerrar la puerta de la reuni\u00f3n cuando todos los participantes est\u00e9n dentro.<\/p>\n<p>Puede levantar la mano y dividir el grupo en varias sesiones de subgrupo. Reunirse en Webex tiene algunas ventajas adicionales. Puede silenciar a todo el mundo r\u00e1pidamente si alguien est\u00e1 escribiendo y hace demasiado ruido o si los ni\u00f1os est\u00e1n gritando de fondo, \u00a1se acabaron las interrupciones no deseadas!<\/p>\n<p>Adem\u00e1s, en Webex, puede cambiar autom\u00e1ticamente al mejor audio, como el de PSTN m\u00f3vil si sus redes de Internet wifi se degradan repentinamente. Si el fondo de su \u201coficina\u201d dom\u00e9stica no es adecuado, siempre puede utilizar el fondo borroso o el fondo personalizado. \u00a1Webex se adapta a todo!<\/p>\n<p><a href=\"https:\/\/storage.googleapis.com\/blogs-images\/ciscoblogs\/1\/2020\/12\/Customized-Background.jpg\"><br \/>\n  <img loading=\"lazy\" decoding=\"async\" class=\"aligncenter wp-image-347335\" src=\"https:\/\/storage.googleapis.com\/blogs-images\/ciscoblogs\/1\/2020\/12\/Customized-Background-1024x571.jpg\" sizes=\"auto, (max-width: 1024px) 100vw, 1024px\" srcset=\"https:\/\/storage.googleapis.com\/blogs-images\/ciscoblogs\/1\/2020\/12\/Customized-Background-300x167.jpg 300w, https:\/\/storage.googleapis.com\/blogs-images\/ciscoblogs\/1\/2020\/12\/Customized-Background-768x428.jpg 768w, https:\/\/storage.googleapis.com\/blogs-images\/ciscoblogs\/1\/2020\/12\/Customized-Background-1024x571.jpg 1024w\" alt=\"Mujer en una reuni\u00f3n con fondo personalizado\" width=\"940\" height=\"524\" \/><br \/>\n<\/a><\/p>\n<p>Puede compartir f\u00e1cilmente sus aplicaciones favoritas o su pantalla, controlar de forma total lo que ven los dem\u00e1s y evitar preguntar a todo el mundo cada minuto \u201c\u00bfves mi pantalla? \u00a1S\u00ed, podemos!\u201d. \u00a1La tecnolog\u00eda funciona!<\/p>\n<h2><span><br \/>\n  <strong>\u201cLa nueva realidad\u201d llega con un nuevo asistente que se conecta a pedido y que escucha activamente<\/strong><br \/>\n<\/span><\/h2>\n<p>Mi nuevo asistente es\u00a0<a href=\"https:\/\/blogs.cisco.com\/collaboration\/uc-today-awards-ai-powered-cisco-webex-assistant-2020-innovative-product-of-the-year\">Webex Assistant<\/a>. Para mi reuni\u00f3n, puedo pedir a Webex Assistant que grabe una reuni\u00f3n y la transcriba para una futura revisi\u00f3n.<\/p>\n<p>Webex Assistant es particularmente \u00fatil cuando se trabaja con colegas que no comparten la misma lengua materna. Me permite brindar un mejor soporte a mis colegas. Puedo revisar algunas de sus reuniones grabadas y transcritas, traducirlas a mi idioma y, a continuaci\u00f3n, aconsejarlos o asesorarlos en consecuencia.<\/p>\n<p><a href=\"https:\/\/storage.googleapis.com\/blogs-images\/ciscoblogs\/1\/2020\/12\/Webex-Assistant-Marketing-Photo-Show-room-calendar-1-e1554754819462.png\"><br \/>\n  <img loading=\"lazy\" decoding=\"async\" class=\"aligncenter wp-image-347135\" src=\"https:\/\/storage.googleapis.com\/blogs-images\/ciscoblogs\/1\/2020\/12\/Webex-Assistant-Marketing-Photo-Show-room-calendar-1-e1554754819462.png\" sizes=\"auto, (max-width: 1314px) 100vw, 1314px\" srcset=\"https:\/\/storage.googleapis.com\/blogs-images\/ciscoblogs\/1\/2020\/12\/Webex-Assistant-Marketing-Photo-Show-room-calendar-1-e1554754819462-300x180.png 300w, https:\/\/storage.googleapis.com\/blogs-images\/ciscoblogs\/1\/2020\/12\/Webex-Assistant-Marketing-Photo-Show-room-calendar-1-e1554754819462-768x461.png 768w, https:\/\/storage.googleapis.com\/blogs-images\/ciscoblogs\/1\/2020\/12\/Webex-Assistant-Marketing-Photo-Show-room-calendar-1-e1554754819462-1024x614.png 1024w, https:\/\/storage.googleapis.com\/blogs-images\/ciscoblogs\/1\/2020\/12\/Webex-Assistant-Marketing-Photo-Show-room-calendar-1-e1554754819462.png 1314w\" alt=\"hombre sentado en una silla de oficina utilizando Webex Assistant para reuniones\" width=\"940\" height=\"564\" \/><br \/>\n<\/a><\/p>\n<p><span><br \/>\n  <strong>14:00\u00a0h: hacia la oficina de Cisco <\/strong><br \/>\n<\/span><\/p>\n<p>\u00a1Fue una muy buena experiencia hace algunas semanas! Sol\u00eda conocer la oficina como la palma de mi mano, pero esta vez las cosas eran diferentes. Todo empez\u00f3 bien, con puertas autom\u00e1ticas y esc\u00e1neres de tarjetas de identificaci\u00f3n para abrir las puertas sin tocarlas. En la recepci\u00f3n, me dieron la bienvenida con un desinfectante de manos y mascarillas, adem\u00e1s de una se\u00f1alizaci\u00f3n digital en un tablero Webex que me indicaba d\u00f3nde estaban los asientos libres.<\/p>\n<p>Una pantalla en un escritorio cercano mostraba \u201cBonjour Nicolas\u201d. Me sent\u00ed bienvenido, como en casa. Me sent\u00e9 en el escritorio con un DeskPro de Cisco que tiene una comodidad visual extraordinaria: se acabaron las ocho horas de trabajo remoto leyendo peque\u00f1as pantallas con los ojos. El sonido HD de mi DeskPro con la adaptaci\u00f3n autom\u00e1tica del volumen de la voz si estoy solo en la zona o mis auriculares inal\u00e1mbricos 730 se conectan autom\u00e1ticamente al dispositivo. Respeto las recomendaciones y limito el movimiento de los pisos para reunirme con algunos otros colegas y, en cambio uso mi aplicaci\u00f3n Webex que permite el distanciamiento social, las llamadas, la mensajer\u00eda, los bots y las integraciones con mis aplicaciones favoritas. Utilizo una sola aplicaci\u00f3n: Webex. Me siento tranquilo cuando puedo conectarme permanentemente con mi equipo, mis colegas, mis clientes, mi familia y mis amigos.<\/p>\n<p>Me interrumpen constantemente con ventanas emergentes de chat durante mi tarea, pero ahora considero que las peque\u00f1as conversaciones son fundamentales para mantener las relaciones sociales y la benevolencia entre colegas. Es f\u00e1cil volver a conectar con los dem\u00e1s, ya que puedo ver todas las actividades anteriores de la documentaci\u00f3n (Box, OneDrive, Google, Slack, sitios de Sharepoint&#8230;) en un solo lugar. Puedo comprobar el estado de los \u00faltimos procesos (aprobaci\u00f3n, pasos) en Jira, comprobar las cuentas de SFDC o las actividades del pa\u00eds en Tableau directamente dentro de Webex. \u00a1Muy bien!<\/p>\n<p><span><br \/>\n  <strong>16:00\u00a0h: resolver los problemas y calmar la presi\u00f3n colectiva<\/strong><br \/>\n<\/span><\/p>\n<p>Esta noche, ha surgido un problema de \u00faltima hora que deb\u00edamos resolver. En un par de segundos, todos est\u00e1bamos conectados. Seg\u00fan la pol\u00edtica de trabajo desde casa del pa\u00eds europeo, algunos compa\u00f1eros acuden a sus salas de oficina, otros a distancia se conectan a trav\u00e9s de Webex.<\/p>\n<p>Por suerte, el departamento de TI de la empresa activ\u00f3 la caracter\u00edstica de alerta de distancia de grupo en los dispositivos Webex, por lo que no tuvimos que preocuparnos por el exceso de capacidad. Estaba satisfecho de que el sistema contara a las personas autom\u00e1ticamente y tomara una decisi\u00f3n pol\u00edtica neutral cuando el \u00faltimo tuviera que asistir a distancia. F\u00e1cil de explicar.<\/p>\n<p>Nos incorporamos a la reuni\u00f3n desde una Room Panorama y nos conectamos a trav\u00e9s de Webex a otra sala grande donde nuestros compa\u00f1eros aparecieron milagrosamente. No conoc\u00eda a todos los participantes que asist\u00edan y me preocupaba escribir mal los nombres, pero, por suerte, hab\u00eda etiquetas con los nombres en la pantalla. El reconocimiento facial en Webex es genial.<\/p>\n<p><a href=\"https:\/\/storage.googleapis.com\/blogs-images\/ciscoblogs\/1\/2020\/12\/Face-recognition-in-Webex.jpg\"><br \/>\n  <img loading=\"lazy\" decoding=\"async\" class=\"aligncenter wp-image-347137\" src=\"https:\/\/storage.googleapis.com\/blogs-images\/ciscoblogs\/1\/2020\/12\/Face-recognition-in-Webex.jpg\" sizes=\"auto, (max-width: 1414px) 100vw, 1414px\" srcset=\"https:\/\/storage.googleapis.com\/blogs-images\/ciscoblogs\/1\/2020\/12\/Face-recognition-in-Webex-300x181.jpg 300w, https:\/\/storage.googleapis.com\/blogs-images\/ciscoblogs\/1\/2020\/12\/Face-recognition-in-Webex-768x462.jpg 768w, https:\/\/storage.googleapis.com\/blogs-images\/ciscoblogs\/1\/2020\/12\/Face-recognition-in-Webex-1024x616.jpg 1024w, https:\/\/storage.googleapis.com\/blogs-images\/ciscoblogs\/1\/2020\/12\/Face-recognition-in-Webex.jpg 1414w\" alt=\"tres mujeres diversas en Webex Meeting \" width=\"940\" height=\"566\" \/><br \/>\n<\/a><\/p>\n<p>Uno de nuestros colegas estaba en su sof\u00e1 y hab\u00eda otra persona en su casa con una aspiradora. Busqu\u00e9 el bot\u00f3n de \u201csilenciar\u201d, pero, por suerte, ten\u00eda la \u00faltima caracter\u00edstica de detecci\u00f3n de ruido con sus <a href=\"https:\/\/www.youtube.com\/watch?v=aKWKGitoCK8\"><br \/>\n  <strong>Auriculares Cisco 730<\/strong><br \/>\n<\/a><strong><br \/>\n  <u>.<\/u><br \/>\n<\/strong> No o\u00edmos la aspiradora, pero s\u00ed su voz a la perfecci\u00f3n&#8230; \u00a1qu\u00e9 progreso!<\/p>\n<p>Pero volviendo al tema, nuestra reuni\u00f3n de escalamiento sali\u00f3 mal&#8230; por suerte, Webex tiene una funcionalidad de pizarra. Aqu\u00ed evitamos un escalamiento mayor, ahorramos tiempo para todos y resolvimos el problema en 35 minutos. \u201cGracias, <a href=\"https:\/\/www.youtube.com\/watch?v=YebDOdpSf-U\"><br \/>\n  <strong>pizarra de Webex<\/strong><br \/>\n<\/a>\u201d.<\/p>\n<p><span><br \/>\n  <strong>17:30\u00a0h<\/strong><br \/>\n<\/span>\u00a0Necesitaba quedarme un par de minutos para trabajar sin conexi\u00f3n en mi escritorio y concentrarme en el resumen y la acci\u00f3n del d\u00eda. Me conect\u00e9 a mi \u00faltima reuni\u00f3n en Webex desde mi auto de camino a recoger a mis hijos.<\/p>\n<p><span><br \/>\n  <strong>18:30\u00a0h: regreso a mi HomeDesk<\/strong><br \/>\n<\/span><\/p>\n<p>Llegu\u00e9 a casa despu\u00e9s de una \u00faltima llamada r\u00e1pida con mi gerente por tel\u00e9fono. Y luego de un par de respiraciones profundas, cerr\u00e9 la computadora port\u00e1til y les cont\u00e9 mi jornada laboral en la nueva realidad a mi mujer e hijos durante la cena.<\/p>\n<p><span><br \/>\n  <strong>20:30\u00a0h <\/strong><br \/>\n<\/span>Necesitaba pedir el libro que hab\u00edan mencionado mis colegas esa ma\u00f1ana. Busqu\u00e9 la transcripci\u00f3n grabada en Webex&#8230; Ah\u00ed estaba. Lo encontr\u00e9&#8230; Copiar Pegar\/Ordenar&#8230; Hecho &#8211; Trabajo cumplido &#8211; D\u00eda cumplido<\/p>\n<h2><span><br \/>\n  <strong>\u00bfCasa u oficina? <\/strong><br \/>\n<\/span><\/h2>\n<p>El trabajo h\u00edbrido es, sin duda, una nueva vida, bien equilibrada entre la libertad y las limitaciones pand\u00e9micas, bien equilibrada entre los tiempos profesionales y los personales, bien equilibrada con los cinco sentidos de mi cerebro, c\u00f3modamente sentado en mi escritorio de casa y sinti\u00e9ndome seguro de manera total por el software corporativo y las herramientas inform\u00e1ticas aportadas por mi empresa.<\/p>\n<p>Pero lo m\u00e1s importante es que la nueva vida siempre est\u00e9 conectada a las redes humanas, enriquecida por las interacciones visuales entre colegas y clientes, complacida por la colaboraci\u00f3n en equipo que muestra un buen progreso en los flujos de trabajo, alcanzando el objetivo final de la satisfacci\u00f3n colectiva de las tareas realizadas y los buenos resultados heredados dentro de la empresa.<\/p>\n<p>Todos alimentan mis emociones de forma positiva.<\/p>\n<p>\u00a1Ese viaje es en Cisco Webex!<\/p>\n<p>Estoy convencido: entre las emociones positivas y las soluciones de colaboraci\u00f3n, \u00a1hay un puente!<\/p>\n<p>Nicolas Moquereau<\/p>\n<blockquote>\n<h3><a href=\"https:\/\/www.cisco.com\/c\/en\/us\/solutions\/collaboration\/hybrid-workplace.html\">Obtenga m\u00e1s informaci\u00f3n sobre el lugar de trabajo h\u00edbrido<\/a><\/h3>\n<\/blockquote>\n<p><strong>Recursos<\/strong><\/p>\n<p>Causar una buena impresi\u00f3n en v\u00eddeo <a href=\"https:\/\/help.webex.com\/landing\/onlineclasses\/upcomingClass\/Working-Remotely#Best-Practices-How-to-Work-Remotely\">[Clases en vivo]<\/a><\/p>\n<p>Mejores pr\u00e1cticas: C\u00f3mo trabajar de manera remota<a href=\"https:\/\/help.webex.com\/landing\/onlineclasses\/upcomingClass\/Working-Remotely#START-HERE-Webex-Overview\"> [Clases en vivo]<\/a><\/p>\n<p><a href=\"https:\/\/blog.webex.com\/es\/videoconferencias\/novedades-de-webex-noviembre-de-2020\/\">Novedades Webex: Noviembre<\/a><\/p>\n<p><strong>M\u00e1s informaci\u00f3n<\/strong><\/p>\n<p>https:\/\/blogs.cisco.com\/collaboration\/virtual-people-leaders-give-your-best-with-webex<\/p>\n<p>https:\/\/blogs.cisco.com\/collaboration\/securing-remote-and-mobile-workers-the-webex-way<\/p>\n<p>https:\/\/blogs.cisco.com\/collaboration\/remote-work-best-practices-to-help-your-business-thrive-and-win<\/p>\n<p>\u00a0<\/p>\n","protected":false},"excerpt":{"rendered":"<p>Vea de primera mano c\u00f3mo el software de colaboraci\u00f3n Webex y los dispositivos especialmente dise\u00f1ados ayudan a los empleados remotos a conectarse como nunca antes.<\/p>\n","protected":false},"author":5533,"featured_media":0,"comment_status":"open","ping_status":"open","sticky":false,"template":"","format":"standard","meta":{"inline_featured_image":false,"footnotes":""},"categories":[5293,1572],"tags":[3851,15216,5448,5446],"class_list":["post-383106","post","type-post","status-publish","format-standard","hentry","category-colaboracion","category-trabajo-hibrido","tag-collaboration-solutions","tag-collaboration-tools-es","tag-soluciones-de-colaboracion","tag-webex-assistant-es"],"acf":[],"yoast_head":"<!-- This site is optimized with the Yoast SEO plugin v27.1.1 - https:\/\/yoast.com\/product\/yoast-seo-wordpress\/ -->\n<title>\u201cLa pr\u00f3xima semana, \u00bfes en casa o en la oficina?\u201d. | Webex Blog<\/title>\n<meta name=\"robots\" content=\"index, follow, max-snippet:-1, max-image-preview:large, max-video-preview:-1\" \/>\n<link rel=\"canonical\" href=\"https:\/\/blog.webex.com\/collaboration\/hybrid-work\/next-week-is-it-home-or-office\/\" \/>\n<meta property=\"og:locale\" content=\"es_ES\" \/>\n<meta property=\"og:type\" content=\"article\" \/>\n<meta property=\"og:title\" content=\"\u201cLa pr\u00f3xima semana, \u00bfes en casa o en la oficina?\u201d. | Webex Blog\" \/>\n<meta property=\"og:description\" content=\"Vea de primera mano c\u00f3mo el software de colaboraci\u00f3n Webex y los dispositivos especialmente dise\u00f1ados ayudan a los empleados remotos a conectarse como nunca antes.\" \/>\n<meta property=\"og:url\" content=\"https:\/\/blog.webex.com\/collaboration\/hybrid-work\/next-week-is-it-home-or-office\/\" \/>\n<meta property=\"og:site_name\" content=\"Webex Blog\" \/>\n<meta property=\"article:published_time\" content=\"2020-12-03T19:59:23+00:00\" \/>\n<meta name=\"author\" content=\"Nicolas Moquereau\" \/>\n<meta name=\"twitter:label1\" content=\"Escrito por\" \/>\n\t<meta name=\"twitter:data1\" content=\"Nicolas Moquereau\" \/>\n\t<meta name=\"twitter:label2\" content=\"Tiempo de lectura\" \/>\n\t<meta name=\"twitter:data2\" content=\"8 minutos\" \/>\n<script type=\"application\/ld+json\" class=\"yoast-schema-graph\">{\"@context\":\"https:\/\/schema.org\",\"@graph\":[{\"@type\":\"Article\",\"@id\":\"https:\/\/blog.webex.com\/collaboration\/hybrid-work\/next-week-is-it-home-or-office\/#article\",\"isPartOf\":{\"@id\":\"https:\/\/blog.webex.com\/collaboration\/hybrid-work\/next-week-is-it-home-or-office\/\"},\"author\":{\"name\":\"Nicolas Moquereau\",\"@id\":\"https:\/\/blog.webex.com\/es\/#\/schema\/person\/e4225349d2e9386ce45ebc7ff5bbdb52\"},\"headline\":\"\u201cLa pr\u00f3xima semana, \u00bfes en casa o en la oficina?\u201d.\",\"datePublished\":\"2020-12-03T19:59:23+00:00\",\"mainEntityOfPage\":{\"@id\":\"https:\/\/blog.webex.com\/collaboration\/hybrid-work\/next-week-is-it-home-or-office\/\"},\"wordCount\":1679,\"commentCount\":0,\"image\":{\"@id\":\"https:\/\/blog.webex.com\/collaboration\/hybrid-work\/next-week-is-it-home-or-office\/#primaryimage\"},\"thumbnailUrl\":\"https:\/\/storage.googleapis.com\/blogs-images\/ciscoblogs\/1\/2020\/12\/Meetings-on-Webex.png\",\"keywords\":[\"Collaboration Solutions\",\"Collaboration Tools\",\"Soluciones de colaboraci\u00f3n\",\"webex assistant\"],\"articleSection\":[\"Colaboraci\u00f3n\",\"Trabajo h\u00edbrido\"],\"inLanguage\":\"es\",\"potentialAction\":[{\"@type\":\"CommentAction\",\"name\":\"Comment\",\"target\":[\"https:\/\/blog.webex.com\/collaboration\/hybrid-work\/next-week-is-it-home-or-office\/#respond\"]}]},{\"@type\":\"WebPage\",\"@id\":\"https:\/\/blog.webex.com\/collaboration\/hybrid-work\/next-week-is-it-home-or-office\/\",\"url\":\"https:\/\/blog.webex.com\/collaboration\/hybrid-work\/next-week-is-it-home-or-office\/\",\"name\":\"\u201cLa pr\u00f3xima semana, \u00bfes en casa o en la oficina?\u201d. | Webex Blog\",\"isPartOf\":{\"@id\":\"https:\/\/blog.webex.com\/es\/#website\"},\"primaryImageOfPage\":{\"@id\":\"https:\/\/blog.webex.com\/collaboration\/hybrid-work\/next-week-is-it-home-or-office\/#primaryimage\"},\"image\":{\"@id\":\"https:\/\/blog.webex.com\/collaboration\/hybrid-work\/next-week-is-it-home-or-office\/#primaryimage\"},\"thumbnailUrl\":\"https:\/\/storage.googleapis.com\/blogs-images\/ciscoblogs\/1\/2020\/12\/Meetings-on-Webex.png\",\"datePublished\":\"2020-12-03T19:59:23+00:00\",\"author\":{\"@id\":\"https:\/\/blog.webex.com\/es\/#\/schema\/person\/e4225349d2e9386ce45ebc7ff5bbdb52\"},\"breadcrumb\":{\"@id\":\"https:\/\/blog.webex.com\/collaboration\/hybrid-work\/next-week-is-it-home-or-office\/#breadcrumb\"},\"inLanguage\":\"es\",\"potentialAction\":[{\"@type\":\"ReadAction\",\"target\":[\"https:\/\/blog.webex.com\/collaboration\/hybrid-work\/next-week-is-it-home-or-office\/\"]}]},{\"@type\":\"ImageObject\",\"inLanguage\":\"es\",\"@id\":\"https:\/\/blog.webex.com\/collaboration\/hybrid-work\/next-week-is-it-home-or-office\/#primaryimage\",\"url\":\"https:\/\/storage.googleapis.com\/blogs-images\/ciscoblogs\/1\/2020\/12\/Meetings-on-Webex.png\",\"contentUrl\":\"https:\/\/storage.googleapis.com\/blogs-images\/ciscoblogs\/1\/2020\/12\/Meetings-on-Webex.png\"},{\"@type\":\"BreadcrumbList\",\"@id\":\"https:\/\/blog.webex.com\/collaboration\/hybrid-work\/next-week-is-it-home-or-office\/#breadcrumb\",\"itemListElement\":[{\"@type\":\"ListItem\",\"position\":1,\"name\":\"Home\",\"item\":\"https:\/\/blog.webex.com\/es\/\"},{\"@type\":\"ListItem\",\"position\":2,\"name\":\"\u201cLa pr\u00f3xima semana, \u00bfes en casa o en la oficina?\u201d.\"}]},{\"@type\":\"WebSite\",\"@id\":\"https:\/\/blog.webex.com\/es\/#website\",\"url\":\"https:\/\/blog.webex.com\/es\/\",\"name\":\"Webex Blog\",\"description\":\"Webex by Cisco powers collaboration through industry-leading video conferencing, cloud calling and contact center solutions\",\"potentialAction\":[{\"@type\":\"SearchAction\",\"target\":{\"@type\":\"EntryPoint\",\"urlTemplate\":\"https:\/\/blog.webex.com\/es\/?s={search_term_string}\"},\"query-input\":{\"@type\":\"PropertyValueSpecification\",\"valueRequired\":true,\"valueName\":\"search_term_string\"}}],\"inLanguage\":\"es\"},{\"@type\":\"Person\",\"@id\":\"https:\/\/blog.webex.com\/es\/#\/schema\/person\/e4225349d2e9386ce45ebc7ff5bbdb52\",\"name\":\"Nicolas Moquereau\",\"image\":{\"@type\":\"ImageObject\",\"inLanguage\":\"es\",\"@id\":\"https:\/\/blog.webex.com\/es\/#\/schema\/person\/image\/\",\"url\":\"https:\/\/secure.gravatar.com\/avatar\/0a9c60a950cf0ac13bce749bf42c395c9e0c0fe1b353ee5b1ee1ac88856ad725?s=96&d=wp_user_avatar&r=g\",\"contentUrl\":\"https:\/\/secure.gravatar.com\/avatar\/0a9c60a950cf0ac13bce749bf42c395c9e0c0fe1b353ee5b1ee1ac88856ad725?s=96&d=wp_user_avatar&r=g\",\"caption\":\"Nicolas Moquereau\"},\"description\":\"Nicolas is an Experienced Sales Intrapreneur in Europe with proven Sales track records on working in the Cloud, Unified Communications, Collaboration, IT and telecommunications industry. Strong professional skilled in Leadership, Executive Sales Management, Multi National Channel Organization, Business Development, Digital Transformation and PNL Operations Management around Cloud &amp; Software as a Service (SaaS). Nicolas started his career at Cisco in 1999 on IP &amp; Enterprise Network at the time Service Providers in each country developed Internet and Managed Services (VPN, QoS, IPSEC remote access, Lan &amp; Wireless and VoIP H.323\/SIP offer) then developed Managed &amp; Hosted UC with key strategic providers in Europe. In 2011, he lead first international sales of Cisco Hosted Collaboration (HCS) with Webex till 2013. In 2013, Nicolas started an entrepreneurial company in France on Cloud Services Brokerage with digital automation of Think\/Build\/Run journey around IaaS\/UCaaS that fits BroadSoft new Cloud model. In 2016, Nicolas joined BroadSoft as BroadCloud Director in France creating the next generation of sales, GTM, Channel, services operations, GTM and lifecycle support. After BroadSoft acquisition in 2018, Nicolas took responsibility of Cisco Cloud &amp; Hosted Sales for Webex &amp; BroadWorks ( Calling, Meetings, Teams, Contact Center) for 16 countries, now part of EMEAR Acceleration team. Nicolas is passionate on Digital Workforce Transformation through Innovation and new technologies like what Cisco is building on Webex Platform. Nicolas lives in France, is married, have 3 children and likes WineTasting, Sailing &amp; BandMusic.\",\"sameAs\":[\"https:\/\/www.linkedin.com\/in\/nicolasmoquereau\/\"],\"url\":\"https:\/\/blog.webex.com\/es\/contributors\/nicolasmoquereau\/\"}]}<\/script>\n<!-- \/ Yoast SEO plugin. -->","yoast_head_json":{"title":"\u201cLa pr\u00f3xima semana, \u00bfes en casa o en la oficina?\u201d. | Webex Blog","robots":{"index":"index","follow":"follow","max-snippet":"max-snippet:-1","max-image-preview":"max-image-preview:large","max-video-preview":"max-video-preview:-1"},"canonical":"https:\/\/blog.webex.com\/collaboration\/hybrid-work\/next-week-is-it-home-or-office\/","og_locale":"es_ES","og_type":"article","og_title":"\u201cLa pr\u00f3xima semana, \u00bfes en casa o en la oficina?\u201d. | Webex Blog","og_description":"Vea de primera mano c\u00f3mo el software de colaboraci\u00f3n Webex y los dispositivos especialmente dise\u00f1ados ayudan a los empleados remotos a conectarse como nunca antes.","og_url":"https:\/\/blog.webex.com\/collaboration\/hybrid-work\/next-week-is-it-home-or-office\/","og_site_name":"Webex Blog","article_published_time":"2020-12-03T19:59:23+00:00","author":"Nicolas Moquereau","twitter_misc":{"Escrito por":"Nicolas Moquereau","Tiempo de lectura":"8 minutos"},"schema":{"@context":"https:\/\/schema.org","@graph":[{"@type":"Article","@id":"https:\/\/blog.webex.com\/collaboration\/hybrid-work\/next-week-is-it-home-or-office\/#article","isPartOf":{"@id":"https:\/\/blog.webex.com\/collaboration\/hybrid-work\/next-week-is-it-home-or-office\/"},"author":{"name":"Nicolas Moquereau","@id":"https:\/\/blog.webex.com\/es\/#\/schema\/person\/e4225349d2e9386ce45ebc7ff5bbdb52"},"headline":"\u201cLa pr\u00f3xima semana, \u00bfes en casa o en la oficina?\u201d.","datePublished":"2020-12-03T19:59:23+00:00","mainEntityOfPage":{"@id":"https:\/\/blog.webex.com\/collaboration\/hybrid-work\/next-week-is-it-home-or-office\/"},"wordCount":1679,"commentCount":0,"image":{"@id":"https:\/\/blog.webex.com\/collaboration\/hybrid-work\/next-week-is-it-home-or-office\/#primaryimage"},"thumbnailUrl":"https:\/\/storage.googleapis.com\/blogs-images\/ciscoblogs\/1\/2020\/12\/Meetings-on-Webex.png","keywords":["Collaboration Solutions","Collaboration Tools","Soluciones de colaboraci\u00f3n","webex assistant"],"articleSection":["Colaboraci\u00f3n","Trabajo h\u00edbrido"],"inLanguage":"es","potentialAction":[{"@type":"CommentAction","name":"Comment","target":["https:\/\/blog.webex.com\/collaboration\/hybrid-work\/next-week-is-it-home-or-office\/#respond"]}]},{"@type":"WebPage","@id":"https:\/\/blog.webex.com\/collaboration\/hybrid-work\/next-week-is-it-home-or-office\/","url":"https:\/\/blog.webex.com\/collaboration\/hybrid-work\/next-week-is-it-home-or-office\/","name":"\u201cLa pr\u00f3xima semana, \u00bfes en casa o en la oficina?\u201d. | Webex Blog","isPartOf":{"@id":"https:\/\/blog.webex.com\/es\/#website"},"primaryImageOfPage":{"@id":"https:\/\/blog.webex.com\/collaboration\/hybrid-work\/next-week-is-it-home-or-office\/#primaryimage"},"image":{"@id":"https:\/\/blog.webex.com\/collaboration\/hybrid-work\/next-week-is-it-home-or-office\/#primaryimage"},"thumbnailUrl":"https:\/\/storage.googleapis.com\/blogs-images\/ciscoblogs\/1\/2020\/12\/Meetings-on-Webex.png","datePublished":"2020-12-03T19:59:23+00:00","author":{"@id":"https:\/\/blog.webex.com\/es\/#\/schema\/person\/e4225349d2e9386ce45ebc7ff5bbdb52"},"breadcrumb":{"@id":"https:\/\/blog.webex.com\/collaboration\/hybrid-work\/next-week-is-it-home-or-office\/#breadcrumb"},"inLanguage":"es","potentialAction":[{"@type":"ReadAction","target":["https:\/\/blog.webex.com\/collaboration\/hybrid-work\/next-week-is-it-home-or-office\/"]}]},{"@type":"ImageObject","inLanguage":"es","@id":"https:\/\/blog.webex.com\/collaboration\/hybrid-work\/next-week-is-it-home-or-office\/#primaryimage","url":"https:\/\/storage.googleapis.com\/blogs-images\/ciscoblogs\/1\/2020\/12\/Meetings-on-Webex.png","contentUrl":"https:\/\/storage.googleapis.com\/blogs-images\/ciscoblogs\/1\/2020\/12\/Meetings-on-Webex.png"},{"@type":"BreadcrumbList","@id":"https:\/\/blog.webex.com\/collaboration\/hybrid-work\/next-week-is-it-home-or-office\/#breadcrumb","itemListElement":[{"@type":"ListItem","position":1,"name":"Home","item":"https:\/\/blog.webex.com\/es\/"},{"@type":"ListItem","position":2,"name":"\u201cLa pr\u00f3xima semana, \u00bfes en casa o en la oficina?\u201d."}]},{"@type":"WebSite","@id":"https:\/\/blog.webex.com\/es\/#website","url":"https:\/\/blog.webex.com\/es\/","name":"Webex Blog","description":"Webex by Cisco powers collaboration through industry-leading video conferencing, cloud calling and contact center solutions","potentialAction":[{"@type":"SearchAction","target":{"@type":"EntryPoint","urlTemplate":"https:\/\/blog.webex.com\/es\/?s={search_term_string}"},"query-input":{"@type":"PropertyValueSpecification","valueRequired":true,"valueName":"search_term_string"}}],"inLanguage":"es"},{"@type":"Person","@id":"https:\/\/blog.webex.com\/es\/#\/schema\/person\/e4225349d2e9386ce45ebc7ff5bbdb52","name":"Nicolas Moquereau","image":{"@type":"ImageObject","inLanguage":"es","@id":"https:\/\/blog.webex.com\/es\/#\/schema\/person\/image\/","url":"https:\/\/secure.gravatar.com\/avatar\/0a9c60a950cf0ac13bce749bf42c395c9e0c0fe1b353ee5b1ee1ac88856ad725?s=96&d=wp_user_avatar&r=g","contentUrl":"https:\/\/secure.gravatar.com\/avatar\/0a9c60a950cf0ac13bce749bf42c395c9e0c0fe1b353ee5b1ee1ac88856ad725?s=96&d=wp_user_avatar&r=g","caption":"Nicolas Moquereau"},"description":"Nicolas is an Experienced Sales Intrapreneur in Europe with proven Sales track records on working in the Cloud, Unified Communications, Collaboration, IT and telecommunications industry. Strong professional skilled in Leadership, Executive Sales Management, Multi National Channel Organization, Business Development, Digital Transformation and PNL Operations Management around Cloud &amp; Software as a Service (SaaS). Nicolas started his career at Cisco in 1999 on IP &amp; Enterprise Network at the time Service Providers in each country developed Internet and Managed Services (VPN, QoS, IPSEC remote access, Lan &amp; Wireless and VoIP H.323\/SIP offer) then developed Managed &amp; Hosted UC with key strategic providers in Europe. In 2011, he lead first international sales of Cisco Hosted Collaboration (HCS) with Webex till 2013. In 2013, Nicolas started an entrepreneurial company in France on Cloud Services Brokerage with digital automation of Think\/Build\/Run journey around IaaS\/UCaaS that fits BroadSoft new Cloud model. In 2016, Nicolas joined BroadSoft as BroadCloud Director in France creating the next generation of sales, GTM, Channel, services operations, GTM and lifecycle support. After BroadSoft acquisition in 2018, Nicolas took responsibility of Cisco Cloud &amp; Hosted Sales for Webex &amp; BroadWorks ( Calling, Meetings, Teams, Contact Center) for 16 countries, now part of EMEAR Acceleration team. Nicolas is passionate on Digital Workforce Transformation through Innovation and new technologies like what Cisco is building on Webex Platform. Nicolas lives in France, is married, have 3 children and likes WineTasting, Sailing &amp; BandMusic.","sameAs":["https:\/\/www.linkedin.com\/in\/nicolasmoquereau\/"],"url":"https:\/\/blog.webex.com\/es\/contributors\/nicolasmoquereau\/"}]}},"_links":{"self":[{"href":"https:\/\/blog.webex.com\/es\/wp-json\/wp\/v2\/posts\/383106","targetHints":{"allow":["GET"]}}],"collection":[{"href":"https:\/\/blog.webex.com\/es\/wp-json\/wp\/v2\/posts"}],"about":[{"href":"https:\/\/blog.webex.com\/es\/wp-json\/wp\/v2\/types\/post"}],"author":[{"embeddable":true,"href":"https:\/\/blog.webex.com\/es\/wp-json\/wp\/v2\/users\/5533"}],"replies":[{"embeddable":true,"href":"https:\/\/blog.webex.com\/es\/wp-json\/wp\/v2\/comments?post=383106"}],"version-history":[{"count":0,"href":"https:\/\/blog.webex.com\/es\/wp-json\/wp\/v2\/posts\/383106\/revisions"}],"wp:attachment":[{"href":"https:\/\/blog.webex.com\/es\/wp-json\/wp\/v2\/media?parent=383106"}],"wp:term":[{"taxonomy":"category","embeddable":true,"href":"https:\/\/blog.webex.com\/es\/wp-json\/wp\/v2\/categories?post=383106"},{"taxonomy":"post_tag","embeddable":true,"href":"https:\/\/blog.webex.com\/es\/wp-json\/wp\/v2\/tags?post=383106"}],"curies":[{"name":"wp","href":"https:\/\/api.w.org\/{rel}","templated":true}]}}