{"id":384654,"date":"2020-05-06T16:34:40","date_gmt":"2020-05-06T23:34:40","guid":{"rendered":"https:\/\/blog.webex.com\/uncategorized-es\/futuro-de-la-serie-de-tendencias-laborales-perspectivas-y-tendencias-del-dia-1-sobre-el-futuro-del-trabajo\/"},"modified":"2020-05-06T16:34:40","modified_gmt":"2020-05-06T23:34:40","slug":"futuro-de-la-serie-de-tendencias-laborales-perspectivas-y-tendencias-del-dia-1-sobre-el-futuro-del-trabajo","status":"publish","type":"post","link":"https:\/\/blog.webex.com\/es\/colaboracion\/trabajo-hibrido\/futuro-de-la-serie-de-tendencias-laborales-perspectivas-y-tendencias-del-dia-1-sobre-el-futuro-del-trabajo\/","title":{"rendered":"Futuro de la serie de tendencias laborales: perspectivas y ..."},"content":{"rendered":"<h2><span><br \/>\n  <strong>Perspectivas y tendencias sobre el futuro del trabajo de los expertos<\/strong><br \/>\n<\/span><\/h2>\n<p>En los \u00faltimos tiempos, nuestras vidas y rutinas diarias han tenido un enorme cambio cultural que nos hace preguntarnos qu\u00e9 es lo que sigue y c\u00f3mo se ver\u00e1 el futuro del trabajo.\u00a0Para ayudar a las organizaciones a navegar en nuestra nueva normalidad, la serie de carreras por el futuro del trabajo se despegar\u00e1 hoy mismo con perspectivas y tendencias de expertos sobre el futuro del trabajo.<\/p>\n<p>El orador clave del d\u00eda fue Mike Queso, director ejecutivo de Ma\u00f1ana, que abri\u00f3 con \u00abLa revoluci\u00f3n del trabajo remoto\u00bb.\u00a0Reflejaba en nuestra situaci\u00f3n de trabajo remoto actual, y not\u00f3 c\u00f3mo la aceleraci\u00f3n de la virtualizaci\u00f3n del mundo cambiar\u00e1 la manera en que nos comprometeremos con los clientes, dise\u00f1aremos nuestras organizaciones y equipos y lo que significa ser un l\u00edder eficaz.\u00a0Particularmente, admiti\u00f3 que pronto no habr\u00e1 tal cosa como el trabajo remoto, simplemente el trabajo.<\/p>\n<p>El segundo presentador del d\u00eda, Michael Mike, director ejecutivo de Great Place to Work, seg\u00fan los criterios necesarios para ser un gran lugar para trabajar. Bas\u00e1ndose en investigaciones realizadas en todo el mundo con millones de personas, debataba las mejores pr\u00e1cticas, la tecnolog\u00eda y los cambios culturales necesarios para transformarse en el presente y en el futuro.\u00a0Sus conocimientos se pueden resumido en \u00abdonde las personas trabajan no<strong>   <em>son tan importantes<\/em> <\/strong> como <strong>   <em><\/em> <\/strong> cuando trabajan\u00bb.<\/p>\n<h2><span><br \/>\n  <strong>Hacer cosas y acelerar el futuro de las iniciativas de trabajo<\/strong><br \/>\n<\/span><\/h2>\n<p>El cierre del d\u00eda fue para LormeloPedton,Pita Tavakol yPedre meher\u00e1n del equipo Cisco Webex liderazgo.\u00a0 Proporcionaron mejores pr\u00e1cticas y herramientas para conectarse, colaborar y realizar cosas de manera segura durante esta nueva realidad.\u00a0Resaltaron que el trabajo remoto es m\u00e1s que reunirse en l\u00ednea, pero incluye colaboraci\u00f3n sin inconsulta, ideaci\u00f3n de equipos y conexi\u00f3n segura, que proporciona continuidad de los negocios a los clientes e, incluso, construye la moral y la modernidad.<\/p>\n<p>Aseg\u00farese de entrar en ma\u00f1ana para nuestro segundo d\u00eda de esta serie De futuro de trabajo con ArunaCpandran, CMO de Webex, que profundizar\u00e1 en las tendencias de #RemoteWork y Charlie Johnston, SVP &#8211; People &#038; Communities, Cisco, que hablar\u00e1n sobre c\u00f3mo Cisco est\u00e1 innovando su cultura para adaptarse a esta nueva normal. Mire la <a href=\"https:\/\/futureofwork.webex.com\/virtual-summit\">vista de resumen bajo demanda para obtener m\u00e1s<\/a> informaci\u00f3n.<\/p>\n<blockquote><p><strong>Para obtener m\u00e1s informaci\u00f3n, consulte:<\/strong>\u202f<u><br \/>\n  <a href=\"https:\/\/virtualsummit.webex.com\/\">https:\/\/virtualsummit.webex.com\/ la<\/a> <\/u> <strong>vista bajo<\/strong>demanda:\u202f<u><br \/>\n  <a href=\"https:\/\/futureofwork.webex.com\/virtual-summit\">https:\/\/futureofwork.webex.com\/virtual-summit<\/a><br \/>\n<\/u>\u202f<u><\/u><\/p><\/blockquote>\n<hr \/>\n<p><strong>M\u00e1s informaci\u00f3n sobre<\/strong>  <a href=\"https:\/\/blogs.cisco.com\/collaboration\/marathon-live-series-remotework-the-future-of-work-is-now\">las series en vivo en tiempo #RemoteWork: ahora el futuro del trabajo es experiencias<\/a>  <a href=\"https:\/\/blogs.cisco.com\/collaboration\/workplace-experiences-how-remote-work-is-transforming-the-workplace\">en el lugar de trabajo: C\u00f3mo el trabajo remoto est\u00e1 transformando Workplace<\/a>  <a href=\"https:\/\/blogs.cisco.com\/collaboration\/cisco-samsung-powering-workplace-transformation-by-doubling-down-on-co-creation-and-huddle-spaces\">Cisco + Samsung: Powering Workplace Transformation by Doubling-Down onDle Spaces and Ideation<\/a><\/p>\n<p>\u00a0    \t<\/p>\n","protected":false},"excerpt":{"rendered":"<p>Para ayudar a explorar #RemoteWork y el futuro del trabajo, hemos reunido una serie de 5 d\u00edas de sesiones de una hora con expertos en la industria, clientes y el equipo de liderazgo de Webex del 15 al 15 de mayo de 2020.<\/p>\n","protected":false},"author":3805,"featured_media":0,"comment_status":"open","ping_status":"open","sticky":false,"template":"","format":"standard","meta":{"inline_featured_image":false,"footnotes":""},"categories":[5293,1572],"tags":[5381],"class_list":["post-384654","post","type-post","status-publish","format-standard","hentry","category-colaboracion","category-trabajo-hibrido","tag-transformacion-del-lugar-de-trabajo"],"acf":[],"yoast_head":"<!-- This site is optimized with the Yoast SEO plugin v27.1.1 - https:\/\/yoast.com\/product\/yoast-seo-wordpress\/ -->\n<title>Futuro de la serie de tendencias laborales: perspectivas y tendencias del d\u00eda 1 sobre el futuro del trabajo | Webex Blog<\/title>\n<meta name=\"robots\" content=\"index, follow, max-snippet:-1, max-image-preview:large, max-video-preview:-1\" \/>\n<link rel=\"canonical\" href=\"https:\/\/blog.webex.com\/collaboration\/hybrid-work\/future-of-work-marathon-series-day-1-insights-trends-on-the-future-of-work\/\" \/>\n<meta property=\"og:locale\" content=\"es_ES\" \/>\n<meta property=\"og:type\" content=\"article\" \/>\n<meta property=\"og:title\" content=\"Futuro de la serie de tendencias laborales: perspectivas y tendencias del d\u00eda 1 sobre el futuro del trabajo | Webex Blog\" \/>\n<meta property=\"og:description\" content=\"Para ayudar a explorar #RemoteWork y el futuro del trabajo, hemos reunido una serie de 5 d\u00edas de sesiones de una hora con expertos en la industria, clientes y el equipo de liderazgo de Webex del 15 al 15 de mayo de 2020.\" \/>\n<meta property=\"og:url\" content=\"https:\/\/blog.webex.com\/collaboration\/hybrid-work\/future-of-work-marathon-series-day-1-insights-trends-on-the-future-of-work\/\" \/>\n<meta property=\"og:site_name\" content=\"Webex Blog\" \/>\n<meta property=\"article:published_time\" content=\"2020-05-06T23:34:40+00:00\" \/>\n<meta name=\"author\" content=\"Scott Edwards\" \/>\n<meta name=\"twitter:label1\" content=\"Escrito por\" \/>\n\t<meta name=\"twitter:data1\" content=\"Scott Edwards\" \/>\n\t<meta name=\"twitter:label2\" content=\"Tiempo de lectura\" \/>\n\t<meta name=\"twitter:data2\" content=\"2 minutos\" \/>\n<script type=\"application\/ld+json\" class=\"yoast-schema-graph\">{\"@context\":\"https:\/\/schema.org\",\"@graph\":[{\"@type\":\"Article\",\"@id\":\"https:\/\/blog.webex.com\/collaboration\/hybrid-work\/future-of-work-marathon-series-day-1-insights-trends-on-the-future-of-work\/#article\",\"isPartOf\":{\"@id\":\"https:\/\/blog.webex.com\/collaboration\/hybrid-work\/future-of-work-marathon-series-day-1-insights-trends-on-the-future-of-work\/\"},\"author\":{\"name\":\"Scott Edwards\",\"@id\":\"https:\/\/blog.webex.com\/es\/#\/schema\/person\/a27d59317434db79c2835eac885741f9\"},\"headline\":\"Futuro de la serie de tendencias laborales: perspectivas y ...\",\"datePublished\":\"2020-05-06T23:34:40+00:00\",\"mainEntityOfPage\":{\"@id\":\"https:\/\/blog.webex.com\/collaboration\/hybrid-work\/future-of-work-marathon-series-day-1-insights-trends-on-the-future-of-work\/\"},\"wordCount\":484,\"commentCount\":0,\"keywords\":[\"transformaci\u00f3n del lugar de trabajo\"],\"articleSection\":[\"Colaboraci\u00f3n\",\"Trabajo h\u00edbrido\"],\"inLanguage\":\"es\",\"potentialAction\":[{\"@type\":\"CommentAction\",\"name\":\"Comment\",\"target\":[\"https:\/\/blog.webex.com\/collaboration\/hybrid-work\/future-of-work-marathon-series-day-1-insights-trends-on-the-future-of-work\/#respond\"]}]},{\"@type\":\"WebPage\",\"@id\":\"https:\/\/blog.webex.com\/collaboration\/hybrid-work\/future-of-work-marathon-series-day-1-insights-trends-on-the-future-of-work\/\",\"url\":\"https:\/\/blog.webex.com\/collaboration\/hybrid-work\/future-of-work-marathon-series-day-1-insights-trends-on-the-future-of-work\/\",\"name\":\"Futuro de la serie de tendencias laborales: perspectivas y tendencias del d\u00eda 1 sobre el futuro del trabajo | Webex Blog\",\"isPartOf\":{\"@id\":\"https:\/\/blog.webex.com\/es\/#website\"},\"datePublished\":\"2020-05-06T23:34:40+00:00\",\"author\":{\"@id\":\"https:\/\/blog.webex.com\/es\/#\/schema\/person\/a27d59317434db79c2835eac885741f9\"},\"breadcrumb\":{\"@id\":\"https:\/\/blog.webex.com\/collaboration\/hybrid-work\/future-of-work-marathon-series-day-1-insights-trends-on-the-future-of-work\/#breadcrumb\"},\"inLanguage\":\"es\",\"potentialAction\":[{\"@type\":\"ReadAction\",\"target\":[\"https:\/\/blog.webex.com\/collaboration\/hybrid-work\/future-of-work-marathon-series-day-1-insights-trends-on-the-future-of-work\/\"]}]},{\"@type\":\"BreadcrumbList\",\"@id\":\"https:\/\/blog.webex.com\/collaboration\/hybrid-work\/future-of-work-marathon-series-day-1-insights-trends-on-the-future-of-work\/#breadcrumb\",\"itemListElement\":[{\"@type\":\"ListItem\",\"position\":1,\"name\":\"Home\",\"item\":\"https:\/\/blog.webex.com\/es\/\"},{\"@type\":\"ListItem\",\"position\":2,\"name\":\"Futuro de la serie de tendencias laborales: perspectivas y ...\"}]},{\"@type\":\"WebSite\",\"@id\":\"https:\/\/blog.webex.com\/es\/#website\",\"url\":\"https:\/\/blog.webex.com\/es\/\",\"name\":\"Webex Blog\",\"description\":\"Webex by Cisco powers collaboration through industry-leading video conferencing, cloud calling and contact center solutions\",\"potentialAction\":[{\"@type\":\"SearchAction\",\"target\":{\"@type\":\"EntryPoint\",\"urlTemplate\":\"https:\/\/blog.webex.com\/es\/?s={search_term_string}\"},\"query-input\":{\"@type\":\"PropertyValueSpecification\",\"valueRequired\":true,\"valueName\":\"search_term_string\"}}],\"inLanguage\":\"es\"},{\"@type\":\"Person\",\"@id\":\"https:\/\/blog.webex.com\/es\/#\/schema\/person\/a27d59317434db79c2835eac885741f9\",\"name\":\"Scott Edwards\",\"image\":{\"@type\":\"ImageObject\",\"inLanguage\":\"es\",\"@id\":\"https:\/\/blog.webex.com\/es\/#\/schema\/person\/image\/\",\"url\":\"https:\/\/secure.gravatar.com\/avatar\/d0153a3b2a7d850fb12e0fd306a717949f370f3411e5b9011349438e789dfa37?s=96&d=wp_user_avatar&r=g\",\"contentUrl\":\"https:\/\/secure.gravatar.com\/avatar\/d0153a3b2a7d850fb12e0fd306a717949f370f3411e5b9011349438e789dfa37?s=96&d=wp_user_avatar&r=g\",\"caption\":\"Scott Edwards\"},\"description\":\"Scott Edwards is the Sr. Director of Product Marketing within the Cisco Webex marketing team, specifically overseeing marketing activities for Webex Meetings, Teams, and Devices. Scott is an expert marketer with enterprise IT experience in both hardware and software product lines. His experience ranges from Andreessen Horowitz and Sequoia Capital-backed startups to large enterprise teams like HPE, Juniper Networks, and CA Technologies. He has led product marketing and business development around continuous delivery, testing, application performance management and DevOps offerings. He\u2019s also led open source, cloud, SDN and community marketing efforts. Scott received his MBA from Brigham Young University and currently resides just outside of Park City, Utah (even though he hasn\u2019t skied in years). In his spare time, Scott acts as a jungle gym for his 5 kids ages 16-6 and 2 small dogs.\",\"url\":\"https:\/\/blog.webex.com\/es\/contributors\/scottedwards\/\"}]}<\/script>\n<!-- \/ Yoast SEO plugin. -->","yoast_head_json":{"title":"Futuro de la serie de tendencias laborales: perspectivas y tendencias del d\u00eda 1 sobre el futuro del trabajo | Webex Blog","robots":{"index":"index","follow":"follow","max-snippet":"max-snippet:-1","max-image-preview":"max-image-preview:large","max-video-preview":"max-video-preview:-1"},"canonical":"https:\/\/blog.webex.com\/collaboration\/hybrid-work\/future-of-work-marathon-series-day-1-insights-trends-on-the-future-of-work\/","og_locale":"es_ES","og_type":"article","og_title":"Futuro de la serie de tendencias laborales: perspectivas y tendencias del d\u00eda 1 sobre el futuro del trabajo | Webex Blog","og_description":"Para ayudar a explorar #RemoteWork y el futuro del trabajo, hemos reunido una serie de 5 d\u00edas de sesiones de una hora con expertos en la industria, clientes y el equipo de liderazgo de Webex del 15 al 15 de mayo de 2020.","og_url":"https:\/\/blog.webex.com\/collaboration\/hybrid-work\/future-of-work-marathon-series-day-1-insights-trends-on-the-future-of-work\/","og_site_name":"Webex Blog","article_published_time":"2020-05-06T23:34:40+00:00","author":"Scott Edwards","twitter_misc":{"Escrito por":"Scott Edwards","Tiempo de lectura":"2 minutos"},"schema":{"@context":"https:\/\/schema.org","@graph":[{"@type":"Article","@id":"https:\/\/blog.webex.com\/collaboration\/hybrid-work\/future-of-work-marathon-series-day-1-insights-trends-on-the-future-of-work\/#article","isPartOf":{"@id":"https:\/\/blog.webex.com\/collaboration\/hybrid-work\/future-of-work-marathon-series-day-1-insights-trends-on-the-future-of-work\/"},"author":{"name":"Scott Edwards","@id":"https:\/\/blog.webex.com\/es\/#\/schema\/person\/a27d59317434db79c2835eac885741f9"},"headline":"Futuro de la serie de tendencias laborales: perspectivas y ...","datePublished":"2020-05-06T23:34:40+00:00","mainEntityOfPage":{"@id":"https:\/\/blog.webex.com\/collaboration\/hybrid-work\/future-of-work-marathon-series-day-1-insights-trends-on-the-future-of-work\/"},"wordCount":484,"commentCount":0,"keywords":["transformaci\u00f3n del lugar de trabajo"],"articleSection":["Colaboraci\u00f3n","Trabajo h\u00edbrido"],"inLanguage":"es","potentialAction":[{"@type":"CommentAction","name":"Comment","target":["https:\/\/blog.webex.com\/collaboration\/hybrid-work\/future-of-work-marathon-series-day-1-insights-trends-on-the-future-of-work\/#respond"]}]},{"@type":"WebPage","@id":"https:\/\/blog.webex.com\/collaboration\/hybrid-work\/future-of-work-marathon-series-day-1-insights-trends-on-the-future-of-work\/","url":"https:\/\/blog.webex.com\/collaboration\/hybrid-work\/future-of-work-marathon-series-day-1-insights-trends-on-the-future-of-work\/","name":"Futuro de la serie de tendencias laborales: perspectivas y tendencias del d\u00eda 1 sobre el futuro del trabajo | Webex Blog","isPartOf":{"@id":"https:\/\/blog.webex.com\/es\/#website"},"datePublished":"2020-05-06T23:34:40+00:00","author":{"@id":"https:\/\/blog.webex.com\/es\/#\/schema\/person\/a27d59317434db79c2835eac885741f9"},"breadcrumb":{"@id":"https:\/\/blog.webex.com\/collaboration\/hybrid-work\/future-of-work-marathon-series-day-1-insights-trends-on-the-future-of-work\/#breadcrumb"},"inLanguage":"es","potentialAction":[{"@type":"ReadAction","target":["https:\/\/blog.webex.com\/collaboration\/hybrid-work\/future-of-work-marathon-series-day-1-insights-trends-on-the-future-of-work\/"]}]},{"@type":"BreadcrumbList","@id":"https:\/\/blog.webex.com\/collaboration\/hybrid-work\/future-of-work-marathon-series-day-1-insights-trends-on-the-future-of-work\/#breadcrumb","itemListElement":[{"@type":"ListItem","position":1,"name":"Home","item":"https:\/\/blog.webex.com\/es\/"},{"@type":"ListItem","position":2,"name":"Futuro de la serie de tendencias laborales: perspectivas y ..."}]},{"@type":"WebSite","@id":"https:\/\/blog.webex.com\/es\/#website","url":"https:\/\/blog.webex.com\/es\/","name":"Webex Blog","description":"Webex by Cisco powers collaboration through industry-leading video conferencing, cloud calling and contact center solutions","potentialAction":[{"@type":"SearchAction","target":{"@type":"EntryPoint","urlTemplate":"https:\/\/blog.webex.com\/es\/?s={search_term_string}"},"query-input":{"@type":"PropertyValueSpecification","valueRequired":true,"valueName":"search_term_string"}}],"inLanguage":"es"},{"@type":"Person","@id":"https:\/\/blog.webex.com\/es\/#\/schema\/person\/a27d59317434db79c2835eac885741f9","name":"Scott Edwards","image":{"@type":"ImageObject","inLanguage":"es","@id":"https:\/\/blog.webex.com\/es\/#\/schema\/person\/image\/","url":"https:\/\/secure.gravatar.com\/avatar\/d0153a3b2a7d850fb12e0fd306a717949f370f3411e5b9011349438e789dfa37?s=96&d=wp_user_avatar&r=g","contentUrl":"https:\/\/secure.gravatar.com\/avatar\/d0153a3b2a7d850fb12e0fd306a717949f370f3411e5b9011349438e789dfa37?s=96&d=wp_user_avatar&r=g","caption":"Scott Edwards"},"description":"Scott Edwards is the Sr. Director of Product Marketing within the Cisco Webex marketing team, specifically overseeing marketing activities for Webex Meetings, Teams, and Devices. Scott is an expert marketer with enterprise IT experience in both hardware and software product lines. His experience ranges from Andreessen Horowitz and Sequoia Capital-backed startups to large enterprise teams like HPE, Juniper Networks, and CA Technologies. He has led product marketing and business development around continuous delivery, testing, application performance management and DevOps offerings. He\u2019s also led open source, cloud, SDN and community marketing efforts. Scott received his MBA from Brigham Young University and currently resides just outside of Park City, Utah (even though he hasn\u2019t skied in years). In his spare time, Scott acts as a jungle gym for his 5 kids ages 16-6 and 2 small dogs.","url":"https:\/\/blog.webex.com\/es\/contributors\/scottedwards\/"}]}},"_links":{"self":[{"href":"https:\/\/blog.webex.com\/es\/wp-json\/wp\/v2\/posts\/384654","targetHints":{"allow":["GET"]}}],"collection":[{"href":"https:\/\/blog.webex.com\/es\/wp-json\/wp\/v2\/posts"}],"about":[{"href":"https:\/\/blog.webex.com\/es\/wp-json\/wp\/v2\/types\/post"}],"author":[{"embeddable":true,"href":"https:\/\/blog.webex.com\/es\/wp-json\/wp\/v2\/users\/3805"}],"replies":[{"embeddable":true,"href":"https:\/\/blog.webex.com\/es\/wp-json\/wp\/v2\/comments?post=384654"}],"version-history":[{"count":0,"href":"https:\/\/blog.webex.com\/es\/wp-json\/wp\/v2\/posts\/384654\/revisions"}],"wp:attachment":[{"href":"https:\/\/blog.webex.com\/es\/wp-json\/wp\/v2\/media?parent=384654"}],"wp:term":[{"taxonomy":"category","embeddable":true,"href":"https:\/\/blog.webex.com\/es\/wp-json\/wp\/v2\/categories?post=384654"},{"taxonomy":"post_tag","embeddable":true,"href":"https:\/\/blog.webex.com\/es\/wp-json\/wp\/v2\/tags?post=384654"}],"curies":[{"name":"wp","href":"https:\/\/api.w.org\/{rel}","templated":true}]}}