{"id":386304,"date":"2019-10-15T13:36:46","date_gmt":"2019-10-15T20:36:46","guid":{"rendered":"https:\/\/blog.webex.com\/uncategorized-es\/webex-teams-sentir-que-esta-en-su-casa-en-su-sala-de-estar-mientras-esta-sentado-en-su-sala-despues\/"},"modified":"2019-10-15T13:36:46","modified_gmt":"2019-10-15T20:36:46","slug":"webex-teams-sentir-que-esta-en-su-casa-en-su-sala-de-estar-mientras-esta-sentado-en-su-sala-despues","status":"publish","type":"post","link":"https:\/\/blog.webex.com\/es\/colaboracion\/videoconferencias\/webex-teams-sentir-que-esta-en-su-casa-en-su-sala-de-estar-mientras-esta-sentado-en-su-sala-despues\/","title":{"rendered":"Webex Teams: Sentir que est\u00e1 en su casa en su sala de estar ..."},"content":{"rendered":"<p><strong>Bloguera invitada: Jeff Johns Jeff Johns es un arquitecto de las comunicaciones unificadas con m\u00e1s de 20 a\u00f1os de experiencia en las industrias de telecomunicaciones, colaboraci\u00f3n y<\/strong>  <a href=\"https:\/\/alln-extcloud-storage.cisco.com\/ciscoblogs\/5da61f23dff1d.jpg\">   <img loading=\"lazy\" decoding=\"async\" class=\"alignleft size-thumbnail wp-image-298603\" src=\"https:\/\/alln-extcloud-storage.cisco.com\/ciscoblogs\/5da61f23dff1d-150x150.jpg\" alt=\"Jeff Johns\" width=\"150\" height=\"150\" \/> <\/a>videoconferencias. Actualmente, est\u00e1 trabajando en la industria de atenci\u00f3n m\u00e9dica y est\u00e1 buscando soluciones a los desaf\u00edos, principalmente mediante el aprovechamiento de las soluciones de colaboraci\u00f3n de Cisco. Su enfoque actual es el soporte de las tecnolog\u00edas de colaboraci\u00f3n en el lugar e impulsar la migraci\u00f3n de esas tecnolog\u00edas a plataformas alojadas.<\/p>\n<p>\u00a0<\/p>\n<h1>Webex Teams: Un catalizador de colaboraci\u00f3n para obtener un producto fresco fuera de la escuela<\/h1>\n<p>Imagine que usted est\u00e1 privada en la universidad por primera vez. Su familia que permanece en casa se pierde su hogar y se pierde a su familia y a sus mascotas. Quiere encontrar una forma de hacerla sentir como si est\u00e1 en casa&#8230; mientras est\u00e1 realmente en su sala personal. \u00bfA qu\u00e9 te dedicas?<\/p>\n<p>Este es el valor exacto al que estaba enfrentando. Mi siempre, Tricia y yo no le demos a nuestra experiencia, Trivial, mucho cuando se traslad\u00f3 a la universidad en agosto. Inicialmente, utilizamos FaceTime para llamarla, pero pronto me di cuenta de que necesit\u00e1bamos algo diferente. FaceTime se exced\u00eda pase el tel\u00e9fono entre cada miembro de la familia o se crowding en estrecha colaboraci\u00f3n con la c\u00e1mara se aleja de nuestros rostros. Tambi\u00e9n se sienten como si estuvieran hablando con una pantalla, sin tener una conversaci\u00f3n en persona.<\/p>\n<h2>Webex Teams respuesta es<\/h2>\n<p>Sab\u00eda que debe haber una mejor manera de comunicarnos, y configure una cuenta personal <a href=\"https:\/\/www.webex.com\/team-collaboration.html\">   <strong>Webex Teams<\/strong> <\/a>dos personas. Webex Teams terminaron siendo la soluci\u00f3n perfecta para ayudar a nuestra familia a estar en contacto. Me familiar\u00ed con Webex Teams porque la utilizo en el trabajo y sab\u00eda que pod\u00eda inscribir a Gmail para obtener una cuenta gratuita que nos permitir\u00e1 conectarme a trav\u00e9s de la misma plataforma que utiliz\u00e9 en mi vida laboral.<\/p>\n<p>Localiz\u00f3 un dispositivo de <a href=\"https:\/\/www.Cisco.com\/c\/en\/us\/support\/Collaboration-endpoints\/TelePresence-SX10-Quick-set\/Model.html\">   <strong>TelePresence Cisco SX10, lo inscribi\u00f3 en la nube y luego enchuf\u00e9 en nuestra TV de la sala para poder conectarme con<\/strong> Hexadecimalie a trav\u00e9s de Webex Teams directamente en nuestra<\/a>sala. Gracias a esta configuraci\u00f3n, pude integrar f\u00e1cilmente la comunicaci\u00f3n con Sso en la rutina familiar.<\/p>\n<p>Para dar la sorpresa a Tricia, coordine con Queia para configurar una llamada mientras Tricia estaba fuera de la casa. Yo llame aCelax a trav\u00e9s Webex Teams desde mi tel\u00e9fono y, luego, la sincronice con el dispositivo SX10 en mi sala de estar. Esto me permiti\u00f3 grabar el video de Queia en la TV. Cuando Tricia entr\u00f3, le dicho: \u00abHola, mira qui\u00e9n est\u00e1 en la TV\u00bb, y Trivial comenz\u00f3 a hablar con su mam\u00e1. El momento no ten\u00eda precio. Se sent\u00f3 como si estaba en la misma sala que conversamos y nos al d\u00eda de las noticias de la semana.<\/p>\n<p><a href=\"https:\/\/alln-extcloud-storage.cisco.com\/ciscoblogs\/5da621492d4f4.jpeg\">   <img loading=\"lazy\" decoding=\"async\" class=\"wp-image-298609\" src=\"https:\/\/alln-extcloud-storage.cisco.com\/ciscoblogs\/5da621492d4f4.jpeg\" alt=\"Webex Teams a trav\u00e9s de SX10\" width=\"800\" height=\"600\" \/> <\/a> A diferencia de una llamada de Facetime, una llamada de Webex Teams a trav\u00e9s del SX10 se consideraba como si estuviera hablando conVersaie cara a cara, y tambi\u00e9n eliminaba la integridad de pasar el tel\u00e9fono de una persona a otra y los \u00e1ngulos no deseados y las capturas de cerca de un dispositivo de v\u00eddeo de mano. [\/subt\u00edtulo]<\/p>\n<h2>\u00abMe hace sentir como si realmente estoy en casa\u00bb<\/h2>\n<p>Con Webex Teams, encontr\u00e9 una forma de llevar una soluci\u00f3n de mi vida laboral (la facilidad de la comunicaci\u00f3n virtual a trav\u00e9s del software de colaboraci\u00f3n Webex) a un desaf\u00edo en mi vida residencial: permanecer en contacto con mi mientras ella est\u00e1 lejos de la universidad. Ahora, nuestra familia espera poder hacer llamadas semanales Webex Teams semanales.<\/p>\n<p>El Webex Teams con el dispositivo SX10 me ayudaba a recrear cara a cara conversaci\u00f3n y mantener una conexi\u00f3n m\u00e1s personal.<\/p>\n<p>Cribe que \u00abusar el sistema Webex en lugar de FaceTime me hizo sentir como en casa, en lugar de llamar a una de mis amigos. Es bueno ver a mis padres en el ritmo de mi perro y el ritmo de la sala de estar, y ver qu\u00e9 tanto han cambiado las cosas en la mesa de caf\u00e9. En lugar de pasarse por la familia, puedo verlas y sus reacciones y rostros a la vez. Me hace sentir como si realmente estoy en casa, y no solo estar sentado en mi sala personal. Estoy ansioso por ver cu\u00e1ndo toda la familia est\u00e1 en mi casa y puedo chatear con todos ellos al mismo tiempo\u00bb.<\/p>\n<h2>Conectado en cualquier momento, en cualquier lugar<\/h2>\n<p>Para nuestra familia, Webex ha marcado todas las casillas; permite que mi persona y yo vuelvan a crear la cercan\u00eda y la conexi\u00f3n personal de una conversaci\u00f3n de cara a cara a trav\u00e9s de videollamadas, a la vez que ayudarnos a sentir como si fuera su casa con nosotros en la sala de estar. Ha facilitar la transici\u00f3n del primer a\u00f1o de la universidad tanto para Que los padres como para nosotros.<\/p>\n<blockquote><p><a href=\"https:\/\/www.webex.com\/team-collaboration.html\"><br \/>\n  <strong>Vea c\u00f3mo Webex Teams puede mantener su conexi\u00f3n en cualquier momento y en cualquier lugar<\/strong><br \/>\n<\/a><\/p><\/blockquote>\n<hr \/>\n<p><strong>M\u00e1s informaci\u00f3n:<\/strong><\/p>\n<ul>\n<li><a href=\"https:\/\/blogs.cisco.com\/collaboration\/the-story-of-webex-teams-revisited\"><br \/>\n  <strong>La historia de Webex&#8230; \u00a1Revisit\u00f3!<\/strong><br \/>\n<\/a><\/li>\n<li><strong><br \/>\n  <a href=\"https:\/\/blogs.cisco.com\/collaboration\/webex-teams-stickies-organize-your-ideas-tasks-projects\">Webex Teams informaci\u00f3n: Organizar sus ideas, tareas y proyectos<\/a><br \/>\n<\/strong><\/li>\n<li><a href=\"https:\/\/blogs.cisco.com\/collaboration\/webex-teams-safe\"><br \/>\n  <strong>Cisco Webex Teams seguridad mantiene la seguridad de datos y equipos<\/strong><br \/>\n<\/a><\/li>\n<\/ul>\n","protected":false},"excerpt":{"rendered":"<p>Vea c\u00f3mo Webex marca todas las casillas al permitir que una familia vuelva a crear la proximidad y la conexi\u00f3n personal de una conversaci\u00f3n de cara a cara a trav\u00e9s de videollamadas mientras se siente a\u00fan en casa.<\/p>\n","protected":false},"author":5542,"featured_media":386305,"comment_status":"open","ping_status":"open","sticky":false,"template":"","format":"standard","meta":{"inline_featured_image":false,"footnotes":""},"categories":[5293,1497],"tags":[],"class_list":["post-386304","post","type-post","status-publish","format-standard","has-post-thumbnail","hentry","category-colaboracion","category-videoconferencias"],"acf":[],"yoast_head":"<!-- This site is optimized with the Yoast SEO plugin v28.3 - https:\/\/yoast.com\/product\/yoast-seo-wordpress\/ -->\n<title>Webex Teams: Sentir que est\u00e1 en su casa en su sala de estar mientras est\u00e1 sentado en su sala despu\u00e9s | Webex Blog<\/title>\n<meta name=\"robots\" content=\"index, follow, max-snippet:-1, max-image-preview:large, max-video-preview:-1\" \/>\n<link rel=\"canonical\" href=\"https:\/\/blog.webex.com\/es\/colaboracion\/videoconferencias\/webex-teams-sentir-que-esta-en-su-casa-en-su-sala-de-estar-mientras-esta-sentado-en-su-sala-despues\/\" \/>\n<meta property=\"og:locale\" content=\"es_ES\" \/>\n<meta property=\"og:type\" content=\"article\" \/>\n<meta property=\"og:title\" content=\"Webex Teams: Sentir que est\u00e1 en su casa en su sala de estar mientras est\u00e1 sentado en su sala despu\u00e9s | Webex Blog\" \/>\n<meta property=\"og:description\" content=\"Vea c\u00f3mo Webex marca todas las casillas al permitir que una familia vuelva a crear la proximidad y la conexi\u00f3n personal de una conversaci\u00f3n de cara a cara a trav\u00e9s de videollamadas mientras se siente a\u00fan en casa.\" \/>\n<meta property=\"og:url\" content=\"https:\/\/blog.webex.com\/es\/colaboracion\/videoconferencias\/webex-teams-sentir-que-esta-en-su-casa-en-su-sala-de-estar-mientras-esta-sentado-en-su-sala-despues\/\" \/>\n<meta property=\"og:site_name\" content=\"Webex Blog\" \/>\n<meta property=\"article:published_time\" content=\"2019-10-15T20:36:46+00:00\" \/>\n<meta property=\"og:image\" content=\"https:\/\/blog.webex.com\/wp-content\/uploads\/2019\/10\/5da6264d12c3c-1.jpg\" \/>\n\t<meta property=\"og:image:width\" content=\"2121\" \/>\n\t<meta property=\"og:image:height\" content=\"1414\" \/>\n\t<meta property=\"og:image:type\" content=\"image\/jpeg\" \/>\n<meta name=\"author\" content=\"Amanda Holst\" \/>\n<meta name=\"twitter:label1\" content=\"Escrito por\" \/>\n\t<meta name=\"twitter:data1\" content=\"Amanda Holst\" \/>\n\t<meta name=\"twitter:label2\" content=\"Tiempo de lectura\" \/>\n\t<meta name=\"twitter:data2\" content=\"5 minutos\" \/>\n<script type=\"application\/ld+json\" class=\"yoast-schema-graph\">{\"@context\":\"https:\\\/\\\/schema.org\",\"@graph\":[{\"@type\":\"Article\",\"@id\":\"https:\\\/\\\/blog.webex.com\\\/es\\\/colaboracion\\\/videoconferencias\\\/webex-teams-sentir-que-esta-en-su-casa-en-su-sala-de-estar-mientras-esta-sentado-en-su-sala-despues\\\/#article\",\"isPartOf\":{\"@id\":\"https:\\\/\\\/blog.webex.com\\\/es\\\/colaboracion\\\/videoconferencias\\\/webex-teams-sentir-que-esta-en-su-casa-en-su-sala-de-estar-mientras-esta-sentado-en-su-sala-despues\\\/\"},\"author\":{\"name\":\"Amanda Holst\",\"@id\":\"https:\\\/\\\/blog.webex.com\\\/es\\\/#\\\/schema\\\/person\\\/6d93318f9fdce67c3d7d16bef3196868\"},\"headline\":\"Webex Teams: Sentir que est\u00e1 en su casa en su sala de estar ...\",\"datePublished\":\"2019-10-15T20:36:46+00:00\",\"mainEntityOfPage\":{\"@id\":\"https:\\\/\\\/blog.webex.com\\\/es\\\/colaboracion\\\/videoconferencias\\\/webex-teams-sentir-que-esta-en-su-casa-en-su-sala-de-estar-mientras-esta-sentado-en-su-sala-despues\\\/\"},\"wordCount\":925,\"commentCount\":0,\"image\":{\"@id\":\"https:\\\/\\\/blog.webex.com\\\/es\\\/colaboracion\\\/videoconferencias\\\/webex-teams-sentir-que-esta-en-su-casa-en-su-sala-de-estar-mientras-esta-sentado-en-su-sala-despues\\\/#primaryimage\"},\"thumbnailUrl\":\"https:\\\/\\\/blog.webex.com\\\/wp-content\\\/uploads\\\/2019\\\/10\\\/5da6264d12c3c-1.jpg\",\"articleSection\":[\"Colaboraci\u00f3n\",\"Videoconferencias\"],\"inLanguage\":\"es\",\"potentialAction\":[{\"@type\":\"CommentAction\",\"name\":\"Comment\",\"target\":[\"https:\\\/\\\/blog.webex.com\\\/es\\\/colaboracion\\\/videoconferencias\\\/webex-teams-sentir-que-esta-en-su-casa-en-su-sala-de-estar-mientras-esta-sentado-en-su-sala-despues\\\/#respond\"]}]},{\"@type\":\"WebPage\",\"@id\":\"https:\\\/\\\/blog.webex.com\\\/es\\\/colaboracion\\\/videoconferencias\\\/webex-teams-sentir-que-esta-en-su-casa-en-su-sala-de-estar-mientras-esta-sentado-en-su-sala-despues\\\/\",\"url\":\"https:\\\/\\\/blog.webex.com\\\/es\\\/colaboracion\\\/videoconferencias\\\/webex-teams-sentir-que-esta-en-su-casa-en-su-sala-de-estar-mientras-esta-sentado-en-su-sala-despues\\\/\",\"name\":\"Webex Teams: Sentir que est\u00e1 en su casa en su sala de estar mientras est\u00e1 sentado en su sala despu\u00e9s | Webex Blog\",\"isPartOf\":{\"@id\":\"https:\\\/\\\/blog.webex.com\\\/es\\\/#website\"},\"primaryImageOfPage\":{\"@id\":\"https:\\\/\\\/blog.webex.com\\\/es\\\/colaboracion\\\/videoconferencias\\\/webex-teams-sentir-que-esta-en-su-casa-en-su-sala-de-estar-mientras-esta-sentado-en-su-sala-despues\\\/#primaryimage\"},\"image\":{\"@id\":\"https:\\\/\\\/blog.webex.com\\\/es\\\/colaboracion\\\/videoconferencias\\\/webex-teams-sentir-que-esta-en-su-casa-en-su-sala-de-estar-mientras-esta-sentado-en-su-sala-despues\\\/#primaryimage\"},\"thumbnailUrl\":\"https:\\\/\\\/blog.webex.com\\\/wp-content\\\/uploads\\\/2019\\\/10\\\/5da6264d12c3c-1.jpg\",\"datePublished\":\"2019-10-15T20:36:46+00:00\",\"author\":{\"@id\":\"https:\\\/\\\/blog.webex.com\\\/es\\\/#\\\/schema\\\/person\\\/6d93318f9fdce67c3d7d16bef3196868\"},\"breadcrumb\":{\"@id\":\"https:\\\/\\\/blog.webex.com\\\/es\\\/colaboracion\\\/videoconferencias\\\/webex-teams-sentir-que-esta-en-su-casa-en-su-sala-de-estar-mientras-esta-sentado-en-su-sala-despues\\\/#breadcrumb\"},\"inLanguage\":\"es\",\"potentialAction\":[{\"@type\":\"ReadAction\",\"target\":[\"https:\\\/\\\/blog.webex.com\\\/es\\\/colaboracion\\\/videoconferencias\\\/webex-teams-sentir-que-esta-en-su-casa-en-su-sala-de-estar-mientras-esta-sentado-en-su-sala-despues\\\/\"]}]},{\"@type\":\"ImageObject\",\"inLanguage\":\"es\",\"@id\":\"https:\\\/\\\/blog.webex.com\\\/es\\\/colaboracion\\\/videoconferencias\\\/webex-teams-sentir-que-esta-en-su-casa-en-su-sala-de-estar-mientras-esta-sentado-en-su-sala-despues\\\/#primaryimage\",\"url\":\"https:\\\/\\\/blog.webex.com\\\/wp-content\\\/uploads\\\/2019\\\/10\\\/5da6264d12c3c-1.jpg\",\"contentUrl\":\"https:\\\/\\\/blog.webex.com\\\/wp-content\\\/uploads\\\/2019\\\/10\\\/5da6264d12c3c-1.jpg\",\"width\":2121,\"height\":1414},{\"@type\":\"BreadcrumbList\",\"@id\":\"https:\\\/\\\/blog.webex.com\\\/es\\\/colaboracion\\\/videoconferencias\\\/webex-teams-sentir-que-esta-en-su-casa-en-su-sala-de-estar-mientras-esta-sentado-en-su-sala-despues\\\/#breadcrumb\",\"itemListElement\":[{\"@type\":\"ListItem\",\"position\":1,\"name\":\"Home\",\"item\":\"https:\\\/\\\/blog.webex.com\\\/es\\\/\"},{\"@type\":\"ListItem\",\"position\":2,\"name\":\"Webex Teams: Sentir que est\u00e1 en su casa en su sala de estar ...\"}]},{\"@type\":\"WebSite\",\"@id\":\"https:\\\/\\\/blog.webex.com\\\/es\\\/#website\",\"url\":\"https:\\\/\\\/blog.webex.com\\\/es\\\/\",\"name\":\"Webex Blog\",\"description\":\"Webex by Cisco powers collaboration through industry-leading video conferencing, cloud calling and contact center solutions\",\"potentialAction\":[{\"@type\":\"SearchAction\",\"target\":{\"@type\":\"EntryPoint\",\"urlTemplate\":\"https:\\\/\\\/blog.webex.com\\\/es\\\/?s={search_term_string}\"},\"query-input\":{\"@type\":\"PropertyValueSpecification\",\"valueRequired\":true,\"valueName\":\"search_term_string\"}}],\"inLanguage\":\"es\"},{\"@type\":\"Person\",\"@id\":\"https:\\\/\\\/blog.webex.com\\\/es\\\/#\\\/schema\\\/person\\\/6d93318f9fdce67c3d7d16bef3196868\",\"name\":\"Amanda Holst\",\"image\":{\"@type\":\"ImageObject\",\"inLanguage\":\"es\",\"@id\":\"https:\\\/\\\/secure.gravatar.com\\\/avatar\\\/cd418bd6fc2f074a9aae06ffa17f6e06be970823a29a09f39919bce652910a71?s=96&d=wp_user_avatar&r=g\",\"url\":\"https:\\\/\\\/secure.gravatar.com\\\/avatar\\\/cd418bd6fc2f074a9aae06ffa17f6e06be970823a29a09f39919bce652910a71?s=96&d=wp_user_avatar&r=g\",\"contentUrl\":\"https:\\\/\\\/secure.gravatar.com\\\/avatar\\\/cd418bd6fc2f074a9aae06ffa17f6e06be970823a29a09f39919bce652910a71?s=96&d=wp_user_avatar&r=g\",\"caption\":\"Amanda Holst\"},\"description\":\"Amanda has over 20 years experience in project\\\/program managing, marketing, digital content, and start-ups. Amanda has played a variety of leadership roles in technology, education and health, mostly having to do with working strategically with cross-functional teams in order to streamline processes and efficiently execute the common goals of the organization. In her spare time, she enjoys spending time with her family, continuing her doctoral education in Global Leadership\\\/ Organizational Management, and exercising. Research interests include collective sensemaking, artificial intelligence, ethical leadership, and leadership development.\",\"sameAs\":[\"https:\\\/\\\/www.linkedin.com\\\/in\\\/amanda-l-holst-74ba7015\\\/\"],\"url\":\"https:\\\/\\\/blog.webex.com\\\/es\\\/contributors\\\/amandaholst-2\\\/\"}]}<\/script>\n<!-- \/ Yoast SEO plugin. -->","yoast_head_json":{"title":"Webex Teams: Sentir que est\u00e1 en su casa en su sala de estar mientras est\u00e1 sentado en su sala despu\u00e9s | Webex Blog","robots":{"index":"index","follow":"follow","max-snippet":"max-snippet:-1","max-image-preview":"max-image-preview:large","max-video-preview":"max-video-preview:-1"},"canonical":"https:\/\/blog.webex.com\/es\/colaboracion\/videoconferencias\/webex-teams-sentir-que-esta-en-su-casa-en-su-sala-de-estar-mientras-esta-sentado-en-su-sala-despues\/","og_locale":"es_ES","og_type":"article","og_title":"Webex Teams: Sentir que est\u00e1 en su casa en su sala de estar mientras est\u00e1 sentado en su sala despu\u00e9s | Webex Blog","og_description":"Vea c\u00f3mo Webex marca todas las casillas al permitir que una familia vuelva a crear la proximidad y la conexi\u00f3n personal de una conversaci\u00f3n de cara a cara a trav\u00e9s de videollamadas mientras se siente a\u00fan en casa.","og_url":"https:\/\/blog.webex.com\/es\/colaboracion\/videoconferencias\/webex-teams-sentir-que-esta-en-su-casa-en-su-sala-de-estar-mientras-esta-sentado-en-su-sala-despues\/","og_site_name":"Webex Blog","article_published_time":"2019-10-15T20:36:46+00:00","og_image":[{"width":2121,"height":1414,"url":"https:\/\/blog.webex.com\/wp-content\/uploads\/2019\/10\/5da6264d12c3c-1.jpg","type":"image\/jpeg"}],"author":"Amanda Holst","twitter_misc":{"Escrito por":"Amanda Holst","Tiempo de lectura":"5 minutos"},"schema":{"@context":"https:\/\/schema.org","@graph":[{"@type":"Article","@id":"https:\/\/blog.webex.com\/es\/colaboracion\/videoconferencias\/webex-teams-sentir-que-esta-en-su-casa-en-su-sala-de-estar-mientras-esta-sentado-en-su-sala-despues\/#article","isPartOf":{"@id":"https:\/\/blog.webex.com\/es\/colaboracion\/videoconferencias\/webex-teams-sentir-que-esta-en-su-casa-en-su-sala-de-estar-mientras-esta-sentado-en-su-sala-despues\/"},"author":{"name":"Amanda Holst","@id":"https:\/\/blog.webex.com\/es\/#\/schema\/person\/6d93318f9fdce67c3d7d16bef3196868"},"headline":"Webex Teams: Sentir que est\u00e1 en su casa en su sala de estar ...","datePublished":"2019-10-15T20:36:46+00:00","mainEntityOfPage":{"@id":"https:\/\/blog.webex.com\/es\/colaboracion\/videoconferencias\/webex-teams-sentir-que-esta-en-su-casa-en-su-sala-de-estar-mientras-esta-sentado-en-su-sala-despues\/"},"wordCount":925,"commentCount":0,"image":{"@id":"https:\/\/blog.webex.com\/es\/colaboracion\/videoconferencias\/webex-teams-sentir-que-esta-en-su-casa-en-su-sala-de-estar-mientras-esta-sentado-en-su-sala-despues\/#primaryimage"},"thumbnailUrl":"https:\/\/blog.webex.com\/wp-content\/uploads\/2019\/10\/5da6264d12c3c-1.jpg","articleSection":["Colaboraci\u00f3n","Videoconferencias"],"inLanguage":"es","potentialAction":[{"@type":"CommentAction","name":"Comment","target":["https:\/\/blog.webex.com\/es\/colaboracion\/videoconferencias\/webex-teams-sentir-que-esta-en-su-casa-en-su-sala-de-estar-mientras-esta-sentado-en-su-sala-despues\/#respond"]}]},{"@type":"WebPage","@id":"https:\/\/blog.webex.com\/es\/colaboracion\/videoconferencias\/webex-teams-sentir-que-esta-en-su-casa-en-su-sala-de-estar-mientras-esta-sentado-en-su-sala-despues\/","url":"https:\/\/blog.webex.com\/es\/colaboracion\/videoconferencias\/webex-teams-sentir-que-esta-en-su-casa-en-su-sala-de-estar-mientras-esta-sentado-en-su-sala-despues\/","name":"Webex Teams: Sentir que est\u00e1 en su casa en su sala de estar mientras est\u00e1 sentado en su sala despu\u00e9s | Webex Blog","isPartOf":{"@id":"https:\/\/blog.webex.com\/es\/#website"},"primaryImageOfPage":{"@id":"https:\/\/blog.webex.com\/es\/colaboracion\/videoconferencias\/webex-teams-sentir-que-esta-en-su-casa-en-su-sala-de-estar-mientras-esta-sentado-en-su-sala-despues\/#primaryimage"},"image":{"@id":"https:\/\/blog.webex.com\/es\/colaboracion\/videoconferencias\/webex-teams-sentir-que-esta-en-su-casa-en-su-sala-de-estar-mientras-esta-sentado-en-su-sala-despues\/#primaryimage"},"thumbnailUrl":"https:\/\/blog.webex.com\/wp-content\/uploads\/2019\/10\/5da6264d12c3c-1.jpg","datePublished":"2019-10-15T20:36:46+00:00","author":{"@id":"https:\/\/blog.webex.com\/es\/#\/schema\/person\/6d93318f9fdce67c3d7d16bef3196868"},"breadcrumb":{"@id":"https:\/\/blog.webex.com\/es\/colaboracion\/videoconferencias\/webex-teams-sentir-que-esta-en-su-casa-en-su-sala-de-estar-mientras-esta-sentado-en-su-sala-despues\/#breadcrumb"},"inLanguage":"es","potentialAction":[{"@type":"ReadAction","target":["https:\/\/blog.webex.com\/es\/colaboracion\/videoconferencias\/webex-teams-sentir-que-esta-en-su-casa-en-su-sala-de-estar-mientras-esta-sentado-en-su-sala-despues\/"]}]},{"@type":"ImageObject","inLanguage":"es","@id":"https:\/\/blog.webex.com\/es\/colaboracion\/videoconferencias\/webex-teams-sentir-que-esta-en-su-casa-en-su-sala-de-estar-mientras-esta-sentado-en-su-sala-despues\/#primaryimage","url":"https:\/\/blog.webex.com\/wp-content\/uploads\/2019\/10\/5da6264d12c3c-1.jpg","contentUrl":"https:\/\/blog.webex.com\/wp-content\/uploads\/2019\/10\/5da6264d12c3c-1.jpg","width":2121,"height":1414},{"@type":"BreadcrumbList","@id":"https:\/\/blog.webex.com\/es\/colaboracion\/videoconferencias\/webex-teams-sentir-que-esta-en-su-casa-en-su-sala-de-estar-mientras-esta-sentado-en-su-sala-despues\/#breadcrumb","itemListElement":[{"@type":"ListItem","position":1,"name":"Home","item":"https:\/\/blog.webex.com\/es\/"},{"@type":"ListItem","position":2,"name":"Webex Teams: Sentir que est\u00e1 en su casa en su sala de estar ..."}]},{"@type":"WebSite","@id":"https:\/\/blog.webex.com\/es\/#website","url":"https:\/\/blog.webex.com\/es\/","name":"Webex Blog","description":"Webex by Cisco powers collaboration through industry-leading video conferencing, cloud calling and contact center solutions","potentialAction":[{"@type":"SearchAction","target":{"@type":"EntryPoint","urlTemplate":"https:\/\/blog.webex.com\/es\/?s={search_term_string}"},"query-input":{"@type":"PropertyValueSpecification","valueRequired":true,"valueName":"search_term_string"}}],"inLanguage":"es"},{"@type":"Person","@id":"https:\/\/blog.webex.com\/es\/#\/schema\/person\/6d93318f9fdce67c3d7d16bef3196868","name":"Amanda Holst","image":{"@type":"ImageObject","inLanguage":"es","@id":"https:\/\/secure.gravatar.com\/avatar\/cd418bd6fc2f074a9aae06ffa17f6e06be970823a29a09f39919bce652910a71?s=96&d=wp_user_avatar&r=g","url":"https:\/\/secure.gravatar.com\/avatar\/cd418bd6fc2f074a9aae06ffa17f6e06be970823a29a09f39919bce652910a71?s=96&d=wp_user_avatar&r=g","contentUrl":"https:\/\/secure.gravatar.com\/avatar\/cd418bd6fc2f074a9aae06ffa17f6e06be970823a29a09f39919bce652910a71?s=96&d=wp_user_avatar&r=g","caption":"Amanda Holst"},"description":"Amanda has over 20 years experience in project\/program managing, marketing, digital content, and start-ups. Amanda has played a variety of leadership roles in technology, education and health, mostly having to do with working strategically with cross-functional teams in order to streamline processes and efficiently execute the common goals of the organization. In her spare time, she enjoys spending time with her family, continuing her doctoral education in Global Leadership\/ Organizational Management, and exercising. Research interests include collective sensemaking, artificial intelligence, ethical leadership, and leadership development.","sameAs":["https:\/\/www.linkedin.com\/in\/amanda-l-holst-74ba7015\/"],"url":"https:\/\/blog.webex.com\/es\/contributors\/amandaholst-2\/"}]}},"_links":{"self":[{"href":"https:\/\/blog.webex.com\/es\/wp-json\/wp\/v2\/posts\/386304","targetHints":{"allow":["GET"]}}],"collection":[{"href":"https:\/\/blog.webex.com\/es\/wp-json\/wp\/v2\/posts"}],"about":[{"href":"https:\/\/blog.webex.com\/es\/wp-json\/wp\/v2\/types\/post"}],"author":[{"embeddable":true,"href":"https:\/\/blog.webex.com\/es\/wp-json\/wp\/v2\/users\/5542"}],"replies":[{"embeddable":true,"href":"https:\/\/blog.webex.com\/es\/wp-json\/wp\/v2\/comments?post=386304"}],"version-history":[{"count":0,"href":"https:\/\/blog.webex.com\/es\/wp-json\/wp\/v2\/posts\/386304\/revisions"}],"wp:featuredmedia":[{"embeddable":true,"href":"https:\/\/blog.webex.com\/es\/wp-json\/wp\/v2\/media\/386305"}],"wp:attachment":[{"href":"https:\/\/blog.webex.com\/es\/wp-json\/wp\/v2\/media?parent=386304"}],"wp:term":[{"taxonomy":"category","embeddable":true,"href":"https:\/\/blog.webex.com\/es\/wp-json\/wp\/v2\/categories?post=386304"},{"taxonomy":"post_tag","embeddable":true,"href":"https:\/\/blog.webex.com\/es\/wp-json\/wp\/v2\/tags?post=386304"}],"curies":[{"name":"wp","href":"https:\/\/api.w.org\/{rel}","templated":true}]}}