{"id":389844,"date":"2022-02-24T06:37:44","date_gmt":"2022-02-24T14:37:44","guid":{"rendered":"https:\/\/blog.webex.com\/uncategorized-es\/conozca-directamente-las-nuevas-innovaciones-de-webex-en-el-mwc-2022\/"},"modified":"2022-03-09T20:22:00","modified_gmt":"2022-03-10T04:22:00","slug":"conozca-directamente-las-nuevas-innovaciones-de-webex-en-el-mwc-2022","status":"publish","type":"post","link":"https:\/\/blog.webex.com\/es\/colaboracion\/conozca-directamente-las-nuevas-innovaciones-de-webex-en-el-mwc-2022\/","title":{"rendered":"Conozca directamente las nuevas innovaciones de Webex en el MWC 2022"},"content":{"rendered":"<h2>Webex Calling: innovaci\u00f3n acelerada<\/h2>\n<p>Webex, una suite SaaS creada espec\u00edficamente para reuniones, mensajer\u00eda y llamadas, ha lanzado cientos de nuevas funciones e integraciones en toda la plataforma Webex que est\u00e1n acelerando la productividad y la colaboraci\u00f3n para el trabajo h\u00edbrido. El mercado actual requiere velocidad y agilidad. Con estas \u00faltimas innovaciones, el servicio <a href=\"https:\/\/www.webex.com\/products\/webex-calling.html\">Webex Calling<\/a> est\u00e1 repleto de funciones, y es flexible y seguro. Estamos agregando innovaciones continuamente, en funci\u00f3n de las necesidades del mercado y de los clientes.<\/p>\n<h2>La flexibilidad es decisiva para el trabajador h\u00edbrido<\/h2>\n<p>\u2026 \u00a1y lo r\u00e1pido que cambian los requisitos del mercado! Nuestros clientes son conscientes de que el trabajo h\u00edbrido es la nueva realidad y de que este requiere una <u>colaboraci\u00f3n en equipo fluida<\/u> para que los empleados tengan \u00e9xito. A veces, estos empleados est\u00e1n en su hogar, otras veces en la oficina e incluso pueden trabajar desde la carretera. El factor com\u00fan es que llevan siempre consigo un dispositivo m\u00f3vil. Todas las funciones de colaboraci\u00f3n necesitan estar disponibles en los dispositivos m\u00f3viles, y la plataforma debe ser flexible para todas las situaciones. Los nuevos entornos de trabajo requieren una agilidad total, y <a href=\"https:\/\/blog.webex.com\/es\/trabajo-hibrido\/permitir-experiencias-de-trabajo-hibridas-e-inteligentes-para-todos-en-cualquier-lugar\/\" target=\"_blank\" rel=\"noopener\">Webex Desk Hub<\/a> es el gran ejemplo de un producto creado por Cisco para lugares de trabajo flexibles. Es muy sencillo convertir cualquier escritorio disponible en su espacio personal cuando se encuentra en una oficina.<\/p>\n<h2>La movilidad es un valor fundamental, y ver es creer<\/h2>\n<p>Aqu\u00ed nos gustar\u00eda resaltar la forma en que hemos desarrollado nuestra plataforma de llamadas para los trabajadores que no est\u00e9n en una oficina. Recientemente, anunciamos Webex Go, con el cual los tel\u00e9fonos m\u00f3viles personales pueden formar parte de su sistema telef\u00f3nico empresarial, mediante la extensi\u00f3n del n\u00famero de Webex Calling y las funciones de llamada de sus empleados a su tel\u00e9fono m\u00f3vil. Webex Go re\u00fane los beneficios relacionados con la facilidad de uso del marcador de tel\u00e9fono m\u00f3vil nativo y las llamadas comerciales de alta calidad en la red celular para los usuarios, al tiempo que garantiza que las llamadas cumplan con las normativas empresariales y con los requisitos de seguridad. \u00a1Nos encantar\u00eda mostrarle las \u00faltimas innovaciones de Webex Go!<\/p>\n<p>Si est\u00e1 en el Mobile World Congress de Barcelona, venga a ver el enfoque innovador de Webex Calling para la integraci\u00f3n de la movilidad a trav\u00e9s de una demostraci\u00f3n EN VIVO. Estamos en la Fira, stand #3E30, en el Hall 3, del 28 de febrero al 4 de marzo. Le mostraremos c\u00f3mo funciona \u2014en vivo\u2014 y analizaremos todas las posibilidades para su situaci\u00f3n.<\/p>\n<p><img loading=\"lazy\" decoding=\"async\" class=\"size-full wp-image-389722 aligncenter\" src=\"https:\/\/blog.webex.com\/wp-content\/uploads\/2022\/02\/mobility.jpg\" alt=\"\" width=\"965\" height=\"644\" \/><\/p>\n<h2>Plataforma de comunicaciones como servicio tambi\u00e9n<\/h2>\n<p>\u2026 \u00a1y eso no es todo!\u00a0Adem\u00e1s de Webex Go, tenemos un valor adicional que mostrarle.\u00a0Cuando visite el stand, eche un vistazo tambi\u00e9n a lo que ofrece nuestra plataforma de comunicaciones como servicio con <a href=\"https:\/\/imimobile.com\/gb\/products\/imiconnect?utm_source=Cisco_pr&amp;utm_medium=Website&amp;utm_content=Cisco_pr_cpaas_imiconnect_page_cta&amp;utm_campaign=CPaaS\">Webex Connect<\/a>, la soluci\u00f3n CPaaS de Cisco para una experiencia del cliente (CX) fascinante. \u00a1Le mostraremos lo que hay detr\u00e1s de estos dos c\u00f3digos QR!<\/p>\n<p><a href=\"https:\/\/blog.webex.com\/wp-content\/uploads\/2022\/02\/Screen-Shot-2022-02-24-at-6.09.02-AM.png\"><br \/>\n<img loading=\"lazy\" decoding=\"async\" class=\"aligncenter size-full wp-image-389774\" src=\"https:\/\/blog.webex.com\/wp-content\/uploads\/2022\/02\/Screen-Shot-2022-02-24-at-6.09.02-AM.png\" alt=\"Plataforma de comunicaciones como servicio\" width=\"1610\" height=\"774\" srcset=\"https:\/\/blog.webex.com\/wp-content\/uploads\/2022\/02\/Screen-Shot-2022-02-24-at-6.09.02-AM.png 980w, https:\/\/blog.webex.com\/wp-content\/uploads\/2022\/02\/Screen-Shot-2022-02-24-at-6.09.02-AM-300x144.png 300w, https:\/\/blog.webex.com\/wp-content\/uploads\/2022\/02\/Screen-Shot-2022-02-24-at-6.09.02-AM-1024x492.png 1024w, https:\/\/blog.webex.com\/wp-content\/uploads\/2022\/02\/Screen-Shot-2022-02-24-at-6.09.02-AM-768x369.png 768w, https:\/\/blog.webex.com\/wp-content\/uploads\/2022\/02\/Screen-Shot-2022-02-24-at-6.09.02-AM-1536x738.png 1536w\" sizes=\"auto, (max-width: 1610px) 100vw, 1610px\" \/><br \/>\n<\/a><\/p>\n<p><strong>M\u00e1s informaci\u00f3n<\/strong><\/p>\n<p>Plataforma <a href=\"https:\/\/www.webex.com\/products\/webex-calling.html\" target=\"_blank\" rel=\"noopener\">Webex Calling<\/a><\/p>\n<p><a href=\"https:\/\/www.webex.com\/content\/dam\/wbx\/us\/aag\/webex_go_aag_cm-3331.pdf\" target=\"_blank\" rel=\"noopener\">Un vistazo<\/a> a Webex Go<\/p>\n<p>Anuncios de Webex One para un mundo h\u00edbrido: <a href=\"https:\/\/blog.webex.com\/es\/trabajo-hibrido\/potenciar-la-experiencia-del-trabajo-y-del-cliente-en-un-mundo-hibrido\/\" target=\"_blank\" rel=\"noopener\">https:\/\/blog.webex.com\/hybrid-work\/elevating-work-and-customer-experiences-in-a-hybrid-world\/<\/a><\/p>\n<p>La experiencia del cliente es importante: <a href=\"https:\/\/blog.webex.com\/es\/experiencia-del-cliente\/reinventar-las-experiencias-de-los-clientes-con-webex\/\" target=\"_blank\" rel=\"noopener\">https:\/\/blog.webex.com\/customer-experience\/redefining-customer-experiences\/<\/a><\/p>\n<p>CPaaS: <a href=\"https:\/\/www.webex.com\/products\/cpaas.html\" target=\"_blank\" rel=\"noopener\">https:\/\/www.webex.com\/products\/cpaas.html<\/a><\/p>\n","protected":false},"excerpt":{"rendered":"<p>Webex Calling: innovaci\u00f3n acelerada Webex, una suite SaaS creada espec\u00edficamente para reuniones, mensajer\u00eda y llamadas, ha lanzado cientos de nuevas [&hellip;]<\/p>\n","protected":false},"author":5563,"featured_media":379317,"comment_status":"closed","ping_status":"open","sticky":false,"template":"","format":"standard","meta":{"inline_featured_image":false,"footnotes":""},"categories":[5293],"tags":[4689,5179,5180,5181,5490,7380,7380,5817],"class_list":{"0":"post-389844","1":"post","2":"type-post","3":"status-publish","4":"format-standard","5":"has-post-thumbnail","6":"hentry","7":"category-colaboracion","8":"tag-comunicaciones-en-la-nube","9":"tag-comunicaciones-unificadas-en-la-nube","10":"tag-herramientas-de-colaboracion-saas","11":"tag-plataformas-de-comunicaciones","12":"tag-webex-calling-es-2","13":"tag-webex-connect-es","15":"tag-webex-meetings-es-3"},"acf":[],"yoast_head":"<!-- This site is optimized with the Yoast SEO plugin v27.1.1 - https:\/\/yoast.com\/product\/yoast-seo-wordpress\/ -->\n<title>Conozca directamente las nuevas innovaciones de Webex en el MWC 2022 | Webex Blog<\/title>\n<meta name=\"robots\" content=\"index, follow, max-snippet:-1, max-image-preview:large, max-video-preview:-1\" \/>\n<link rel=\"canonical\" href=\"https:\/\/blog.webex.com\/collaboration\/experience-first-hand-new-webex-innovations-at-mwc-2022\/\" \/>\n<meta property=\"og:locale\" content=\"es_ES\" \/>\n<meta property=\"og:type\" content=\"article\" \/>\n<meta property=\"og:title\" content=\"Conozca directamente las nuevas innovaciones de Webex en el MWC 2022 | Webex Blog\" \/>\n<meta property=\"og:description\" content=\"Webex Calling: innovaci\u00f3n acelerada Webex, una suite SaaS creada espec\u00edficamente para reuniones, mensajer\u00eda y llamadas, ha lanzado cientos de nuevas [&hellip;]\" \/>\n<meta property=\"og:url\" content=\"https:\/\/blog.webex.com\/collaboration\/experience-first-hand-new-webex-innovations-at-mwc-2022\/\" \/>\n<meta property=\"og:site_name\" content=\"Webex Blog\" \/>\n<meta property=\"article:published_time\" content=\"2022-02-24T14:37:44+00:00\" \/>\n<meta property=\"article:modified_time\" content=\"2022-03-10T04:22:00+00:00\" \/>\n<meta property=\"og:image\" content=\"https:\/\/blog.webex.com\/wp-content\/uploads\/2021\/11\/webex-mobile-workplace-4-1.jpeg\" \/>\n\t<meta property=\"og:image:width\" content=\"1387\" \/>\n\t<meta property=\"og:image:height\" content=\"924\" \/>\n\t<meta property=\"og:image:type\" content=\"image\/jpeg\" \/>\n<meta name=\"author\" content=\"Johan Van Puymbrouck\" \/>\n<meta name=\"twitter:label1\" content=\"Escrito por\" \/>\n\t<meta name=\"twitter:data1\" content=\"Johan Van Puymbrouck\" \/>\n\t<meta name=\"twitter:label2\" content=\"Tiempo de lectura\" \/>\n\t<meta name=\"twitter:data2\" content=\"3 minutos\" \/>\n<script type=\"application\/ld+json\" class=\"yoast-schema-graph\">{\"@context\":\"https:\/\/schema.org\",\"@graph\":[{\"@type\":\"Article\",\"@id\":\"https:\/\/blog.webex.com\/collaboration\/experience-first-hand-new-webex-innovations-at-mwc-2022\/#article\",\"isPartOf\":{\"@id\":\"https:\/\/blog.webex.com\/collaboration\/experience-first-hand-new-webex-innovations-at-mwc-2022\/\"},\"author\":{\"name\":\"Johan Van Puymbrouck\",\"@id\":\"https:\/\/blog.webex.com\/es\/#\/schema\/person\/91e6664713c566f3fa16111c5b2467c9\"},\"headline\":\"Conozca directamente las nuevas innovaciones de Webex en el MWC 2022\",\"datePublished\":\"2022-02-24T14:37:44+00:00\",\"dateModified\":\"2022-03-10T04:22:00+00:00\",\"mainEntityOfPage\":{\"@id\":\"https:\/\/blog.webex.com\/collaboration\/experience-first-hand-new-webex-innovations-at-mwc-2022\/\"},\"wordCount\":575,\"image\":{\"@id\":\"https:\/\/blog.webex.com\/collaboration\/experience-first-hand-new-webex-innovations-at-mwc-2022\/#primaryimage\"},\"thumbnailUrl\":\"https:\/\/blog.webex.com\/wp-content\/uploads\/2021\/11\/webex-mobile-workplace-4-1.jpeg\",\"keywords\":[\"comunicaciones en la nube\",\"comunicaciones unificadas en la nube\",\"herramientas de colaboraci\u00f3n saas\",\"plataformas de comunicaciones\",\"Webex Calling\",\"Webex Connect\",\"Webex Connect\",\"Webex Meetings\"],\"articleSection\":[\"Colaboraci\u00f3n\"],\"inLanguage\":\"es\"},{\"@type\":\"WebPage\",\"@id\":\"https:\/\/blog.webex.com\/collaboration\/experience-first-hand-new-webex-innovations-at-mwc-2022\/\",\"url\":\"https:\/\/blog.webex.com\/collaboration\/experience-first-hand-new-webex-innovations-at-mwc-2022\/\",\"name\":\"Conozca directamente las nuevas innovaciones de Webex en el MWC 2022 | Webex Blog\",\"isPartOf\":{\"@id\":\"https:\/\/blog.webex.com\/es\/#website\"},\"primaryImageOfPage\":{\"@id\":\"https:\/\/blog.webex.com\/collaboration\/experience-first-hand-new-webex-innovations-at-mwc-2022\/#primaryimage\"},\"image\":{\"@id\":\"https:\/\/blog.webex.com\/collaboration\/experience-first-hand-new-webex-innovations-at-mwc-2022\/#primaryimage\"},\"thumbnailUrl\":\"https:\/\/blog.webex.com\/wp-content\/uploads\/2021\/11\/webex-mobile-workplace-4-1.jpeg\",\"datePublished\":\"2022-02-24T14:37:44+00:00\",\"dateModified\":\"2022-03-10T04:22:00+00:00\",\"author\":{\"@id\":\"https:\/\/blog.webex.com\/es\/#\/schema\/person\/91e6664713c566f3fa16111c5b2467c9\"},\"breadcrumb\":{\"@id\":\"https:\/\/blog.webex.com\/collaboration\/experience-first-hand-new-webex-innovations-at-mwc-2022\/#breadcrumb\"},\"inLanguage\":\"es\",\"potentialAction\":[{\"@type\":\"ReadAction\",\"target\":[\"https:\/\/blog.webex.com\/collaboration\/experience-first-hand-new-webex-innovations-at-mwc-2022\/\"]}]},{\"@type\":\"ImageObject\",\"inLanguage\":\"es\",\"@id\":\"https:\/\/blog.webex.com\/collaboration\/experience-first-hand-new-webex-innovations-at-mwc-2022\/#primaryimage\",\"url\":\"https:\/\/blog.webex.com\/wp-content\/uploads\/2021\/11\/webex-mobile-workplace-4-1.jpeg\",\"contentUrl\":\"https:\/\/blog.webex.com\/wp-content\/uploads\/2021\/11\/webex-mobile-workplace-4-1.jpeg\",\"width\":1387,\"height\":924},{\"@type\":\"BreadcrumbList\",\"@id\":\"https:\/\/blog.webex.com\/collaboration\/experience-first-hand-new-webex-innovations-at-mwc-2022\/#breadcrumb\",\"itemListElement\":[{\"@type\":\"ListItem\",\"position\":1,\"name\":\"Home\",\"item\":\"https:\/\/blog.webex.com\/es\/\"},{\"@type\":\"ListItem\",\"position\":2,\"name\":\"Conozca directamente las nuevas innovaciones de Webex en el MWC 2022\"}]},{\"@type\":\"WebSite\",\"@id\":\"https:\/\/blog.webex.com\/es\/#website\",\"url\":\"https:\/\/blog.webex.com\/es\/\",\"name\":\"Webex Blog\",\"description\":\"Webex by Cisco powers collaboration through industry-leading video conferencing, cloud calling and contact center solutions\",\"potentialAction\":[{\"@type\":\"SearchAction\",\"target\":{\"@type\":\"EntryPoint\",\"urlTemplate\":\"https:\/\/blog.webex.com\/es\/?s={search_term_string}\"},\"query-input\":{\"@type\":\"PropertyValueSpecification\",\"valueRequired\":true,\"valueName\":\"search_term_string\"}}],\"inLanguage\":\"es\"},{\"@type\":\"Person\",\"@id\":\"https:\/\/blog.webex.com\/es\/#\/schema\/person\/91e6664713c566f3fa16111c5b2467c9\",\"name\":\"Johan Van Puymbrouck\",\"image\":{\"@type\":\"ImageObject\",\"inLanguage\":\"es\",\"@id\":\"https:\/\/blog.webex.com\/es\/#\/schema\/person\/image\/\",\"url\":\"https:\/\/secure.gravatar.com\/avatar\/286f15ea932b3a6d3f95ab7e834a849f980cf73462d5e099b25f8c24773ccb7d?s=96&d=wp_user_avatar&r=g\",\"contentUrl\":\"https:\/\/secure.gravatar.com\/avatar\/286f15ea932b3a6d3f95ab7e834a849f980cf73462d5e099b25f8c24773ccb7d?s=96&d=wp_user_avatar&r=g\",\"caption\":\"Johan Van Puymbrouck\"},\"description\":\"In his role as Collaboration Technology Director, Johan Van Puymbrouck is responsible for driving the tech aspect of Cisco\u2019s Collaboration portfolio for the EMEAR markets. He manages a team of highly specialized architects and managers. Johan also represents the EMEAR requirements towards Cisco\u2019s Collaboration Business Units. Every year, this operation represents &gt;&gt;&gt; 1 Billion USD in product and services, operated either direct or via partners. He is a fan of complex topics like compliance &amp; privacy, monetisation of Collaboration APIs and codesigning product strategies for cloud deployments. Since joining Cisco in 1999, Johan has held various positions, including engineering, business development, sales and management. A pivotal moment happened when Johan joined the Cloud focused team in 2009, only 1 year after Cisco acquired Webex. He thoroughly understands the SaaS and on-premise business and how Cisco now embraces our journey to the cloud through native and hybrid deployments. Johan was also responsible for go-to-market strategies for various collaboration products in EMEAR and has been awarded the top 1% tech champions reward at Cisco in 2012. During his leadership roles, he received multiple manager excellence awards, making him part of the top 10% of Cisco people managers. Outside of Cisco, Johan loves teaching Python and Scratch to his 3 kids, loves transformational plays and thrives on change and a good challenge. He holds a bachelor and masters degree in engineering, ran his own VoIP broker business startup and is a proud online gamer. He is also an advisor to the university of Royal Holloway (school of management) on their digitization programme.\",\"url\":\"https:\/\/blog.webex.com\/es\/contributors\/j_vanpuymbrouck\/\"}]}<\/script>\n<!-- \/ Yoast SEO plugin. -->","yoast_head_json":{"title":"Conozca directamente las nuevas innovaciones de Webex en el MWC 2022 | Webex Blog","robots":{"index":"index","follow":"follow","max-snippet":"max-snippet:-1","max-image-preview":"max-image-preview:large","max-video-preview":"max-video-preview:-1"},"canonical":"https:\/\/blog.webex.com\/collaboration\/experience-first-hand-new-webex-innovations-at-mwc-2022\/","og_locale":"es_ES","og_type":"article","og_title":"Conozca directamente las nuevas innovaciones de Webex en el MWC 2022 | Webex Blog","og_description":"Webex Calling: innovaci\u00f3n acelerada Webex, una suite SaaS creada espec\u00edficamente para reuniones, mensajer\u00eda y llamadas, ha lanzado cientos de nuevas [&hellip;]","og_url":"https:\/\/blog.webex.com\/collaboration\/experience-first-hand-new-webex-innovations-at-mwc-2022\/","og_site_name":"Webex Blog","article_published_time":"2022-02-24T14:37:44+00:00","article_modified_time":"2022-03-10T04:22:00+00:00","og_image":[{"width":1387,"height":924,"url":"https:\/\/blog.webex.com\/wp-content\/uploads\/2021\/11\/webex-mobile-workplace-4-1.jpeg","type":"image\/jpeg"}],"author":"Johan Van Puymbrouck","twitter_misc":{"Escrito por":"Johan Van Puymbrouck","Tiempo de lectura":"3 minutos"},"schema":{"@context":"https:\/\/schema.org","@graph":[{"@type":"Article","@id":"https:\/\/blog.webex.com\/collaboration\/experience-first-hand-new-webex-innovations-at-mwc-2022\/#article","isPartOf":{"@id":"https:\/\/blog.webex.com\/collaboration\/experience-first-hand-new-webex-innovations-at-mwc-2022\/"},"author":{"name":"Johan Van Puymbrouck","@id":"https:\/\/blog.webex.com\/es\/#\/schema\/person\/91e6664713c566f3fa16111c5b2467c9"},"headline":"Conozca directamente las nuevas innovaciones de Webex en el MWC 2022","datePublished":"2022-02-24T14:37:44+00:00","dateModified":"2022-03-10T04:22:00+00:00","mainEntityOfPage":{"@id":"https:\/\/blog.webex.com\/collaboration\/experience-first-hand-new-webex-innovations-at-mwc-2022\/"},"wordCount":575,"image":{"@id":"https:\/\/blog.webex.com\/collaboration\/experience-first-hand-new-webex-innovations-at-mwc-2022\/#primaryimage"},"thumbnailUrl":"https:\/\/blog.webex.com\/wp-content\/uploads\/2021\/11\/webex-mobile-workplace-4-1.jpeg","keywords":["comunicaciones en la nube","comunicaciones unificadas en la nube","herramientas de colaboraci\u00f3n saas","plataformas de comunicaciones","Webex Calling","Webex Connect","Webex Connect","Webex Meetings"],"articleSection":["Colaboraci\u00f3n"],"inLanguage":"es"},{"@type":"WebPage","@id":"https:\/\/blog.webex.com\/collaboration\/experience-first-hand-new-webex-innovations-at-mwc-2022\/","url":"https:\/\/blog.webex.com\/collaboration\/experience-first-hand-new-webex-innovations-at-mwc-2022\/","name":"Conozca directamente las nuevas innovaciones de Webex en el MWC 2022 | Webex Blog","isPartOf":{"@id":"https:\/\/blog.webex.com\/es\/#website"},"primaryImageOfPage":{"@id":"https:\/\/blog.webex.com\/collaboration\/experience-first-hand-new-webex-innovations-at-mwc-2022\/#primaryimage"},"image":{"@id":"https:\/\/blog.webex.com\/collaboration\/experience-first-hand-new-webex-innovations-at-mwc-2022\/#primaryimage"},"thumbnailUrl":"https:\/\/blog.webex.com\/wp-content\/uploads\/2021\/11\/webex-mobile-workplace-4-1.jpeg","datePublished":"2022-02-24T14:37:44+00:00","dateModified":"2022-03-10T04:22:00+00:00","author":{"@id":"https:\/\/blog.webex.com\/es\/#\/schema\/person\/91e6664713c566f3fa16111c5b2467c9"},"breadcrumb":{"@id":"https:\/\/blog.webex.com\/collaboration\/experience-first-hand-new-webex-innovations-at-mwc-2022\/#breadcrumb"},"inLanguage":"es","potentialAction":[{"@type":"ReadAction","target":["https:\/\/blog.webex.com\/collaboration\/experience-first-hand-new-webex-innovations-at-mwc-2022\/"]}]},{"@type":"ImageObject","inLanguage":"es","@id":"https:\/\/blog.webex.com\/collaboration\/experience-first-hand-new-webex-innovations-at-mwc-2022\/#primaryimage","url":"https:\/\/blog.webex.com\/wp-content\/uploads\/2021\/11\/webex-mobile-workplace-4-1.jpeg","contentUrl":"https:\/\/blog.webex.com\/wp-content\/uploads\/2021\/11\/webex-mobile-workplace-4-1.jpeg","width":1387,"height":924},{"@type":"BreadcrumbList","@id":"https:\/\/blog.webex.com\/collaboration\/experience-first-hand-new-webex-innovations-at-mwc-2022\/#breadcrumb","itemListElement":[{"@type":"ListItem","position":1,"name":"Home","item":"https:\/\/blog.webex.com\/es\/"},{"@type":"ListItem","position":2,"name":"Conozca directamente las nuevas innovaciones de Webex en el MWC 2022"}]},{"@type":"WebSite","@id":"https:\/\/blog.webex.com\/es\/#website","url":"https:\/\/blog.webex.com\/es\/","name":"Webex Blog","description":"Webex by Cisco powers collaboration through industry-leading video conferencing, cloud calling and contact center solutions","potentialAction":[{"@type":"SearchAction","target":{"@type":"EntryPoint","urlTemplate":"https:\/\/blog.webex.com\/es\/?s={search_term_string}"},"query-input":{"@type":"PropertyValueSpecification","valueRequired":true,"valueName":"search_term_string"}}],"inLanguage":"es"},{"@type":"Person","@id":"https:\/\/blog.webex.com\/es\/#\/schema\/person\/91e6664713c566f3fa16111c5b2467c9","name":"Johan Van Puymbrouck","image":{"@type":"ImageObject","inLanguage":"es","@id":"https:\/\/blog.webex.com\/es\/#\/schema\/person\/image\/","url":"https:\/\/secure.gravatar.com\/avatar\/286f15ea932b3a6d3f95ab7e834a849f980cf73462d5e099b25f8c24773ccb7d?s=96&d=wp_user_avatar&r=g","contentUrl":"https:\/\/secure.gravatar.com\/avatar\/286f15ea932b3a6d3f95ab7e834a849f980cf73462d5e099b25f8c24773ccb7d?s=96&d=wp_user_avatar&r=g","caption":"Johan Van Puymbrouck"},"description":"In his role as Collaboration Technology Director, Johan Van Puymbrouck is responsible for driving the tech aspect of Cisco\u2019s Collaboration portfolio for the EMEAR markets. He manages a team of highly specialized architects and managers. Johan also represents the EMEAR requirements towards Cisco\u2019s Collaboration Business Units. Every year, this operation represents &gt;&gt;&gt; 1 Billion USD in product and services, operated either direct or via partners. He is a fan of complex topics like compliance &amp; privacy, monetisation of Collaboration APIs and codesigning product strategies for cloud deployments. Since joining Cisco in 1999, Johan has held various positions, including engineering, business development, sales and management. A pivotal moment happened when Johan joined the Cloud focused team in 2009, only 1 year after Cisco acquired Webex. He thoroughly understands the SaaS and on-premise business and how Cisco now embraces our journey to the cloud through native and hybrid deployments. Johan was also responsible for go-to-market strategies for various collaboration products in EMEAR and has been awarded the top 1% tech champions reward at Cisco in 2012. During his leadership roles, he received multiple manager excellence awards, making him part of the top 10% of Cisco people managers. Outside of Cisco, Johan loves teaching Python and Scratch to his 3 kids, loves transformational plays and thrives on change and a good challenge. He holds a bachelor and masters degree in engineering, ran his own VoIP broker business startup and is a proud online gamer. He is also an advisor to the university of Royal Holloway (school of management) on their digitization programme.","url":"https:\/\/blog.webex.com\/es\/contributors\/j_vanpuymbrouck\/"}]}},"_links":{"self":[{"href":"https:\/\/blog.webex.com\/es\/wp-json\/wp\/v2\/posts\/389844","targetHints":{"allow":["GET"]}}],"collection":[{"href":"https:\/\/blog.webex.com\/es\/wp-json\/wp\/v2\/posts"}],"about":[{"href":"https:\/\/blog.webex.com\/es\/wp-json\/wp\/v2\/types\/post"}],"author":[{"embeddable":true,"href":"https:\/\/blog.webex.com\/es\/wp-json\/wp\/v2\/users\/5563"}],"replies":[{"embeddable":true,"href":"https:\/\/blog.webex.com\/es\/wp-json\/wp\/v2\/comments?post=389844"}],"version-history":[{"count":0,"href":"https:\/\/blog.webex.com\/es\/wp-json\/wp\/v2\/posts\/389844\/revisions"}],"wp:featuredmedia":[{"embeddable":true,"href":"https:\/\/blog.webex.com\/es\/wp-json\/wp\/v2\/media\/379317"}],"wp:attachment":[{"href":"https:\/\/blog.webex.com\/es\/wp-json\/wp\/v2\/media?parent=389844"}],"wp:term":[{"taxonomy":"category","embeddable":true,"href":"https:\/\/blog.webex.com\/es\/wp-json\/wp\/v2\/categories?post=389844"},{"taxonomy":"post_tag","embeddable":true,"href":"https:\/\/blog.webex.com\/es\/wp-json\/wp\/v2\/tags?post=389844"}],"curies":[{"name":"wp","href":"https:\/\/api.w.org\/{rel}","templated":true}]}}