{"id":19487,"date":"2021-05-26T10:03:28","date_gmt":"2021-05-26T17:03:28","guid":{"rendered":"https:\/\/blog.webex.com\/optimisation-de-notre-conference-avec-webex\/"},"modified":"2024-09-17T23:35:00","modified_gmt":"2024-09-18T06:35:00","slug":"optimisation-de-notre-conference-avec-webex","status":"publish","type":"post","link":"https:\/\/blog.webex.com\/fr\/uncategorized-fr\/optimisation-de-notre-conference-avec-webex\/","title":{"rendered":"Optimisation de notre conf\u00e9rence avec Webex"},"content":{"rendered":"<h2>Conf\u00e9rence AtlanTec et Webex<\/h2>\n<p>En 2015, j&rsquo;\u2019ai cofond\u00e9 AtlanTec, un lieu de conf\u00e9rence situ\u00e9 au bord de l&rsquo;\u2019oc\u00e9an Atlantique, \u00e0 Galway City, ville r\u00e9put\u00e9e pour son atmosph\u00e8re chaleureuse et multiculturelle, et poss\u00e9dant un riche pass\u00e9 de festivals et une forte communaut\u00e9 informatique. L\u00e0 o\u00f9 l&rsquo;\u2019Atlantique rencontre la technologie, notre vision pour AtlanTec a consist\u00e9 \u00e0 mettre en valeur le r\u00e9servoir de talents situ\u00e9 dans l&rsquo;\u2019ouest de l&rsquo;\u2019Irlande et \u00e0 rassembler les grands esprits des communaut\u00e9s ITinformatiques, FinTech, MedTech et \u00e9ducatives.<\/p>\n<p><a href=\"https:\/\/storage.googleapis.com\/wx-blg-prd-gcs\/wp-content\/uploads\/1\/2021\/05\/AtlanTec-festival-.png\"><br \/>\n<img loading=\"lazy\" decoding=\"async\" class=\"alignnone size-full wp-image-12142\" src=\"https:\/\/storage.googleapis.com\/wx-blg-prd-gcs\/wp-content\/uploads\/1\/2021\/05\/AtlanTec-festival-.png\" alt=\"Festival\u00a0 AtlanTec\" width=\"400\" height=\"200\" srcset=\"https:\/\/blog.webex.com\/wp-content\/uploads\/2021\/05\/AtlanTec-festival-.png 400w, https:\/\/blog.webex.com\/wp-content\/uploads\/2021\/05\/AtlanTec-festival--300x150.png 300w\" sizes=\"auto, (max-width: 400px) 100vw, 400px\" \/><br \/>\n<\/a><\/p>\n<p>En 2020, notre conf\u00e9rence AtlanTec s&rsquo;\u2019est trouv\u00e9e \u00e0 la crois\u00e9e des chemins. Prenant de l&rsquo;\u2019ampleur chaque ann\u00e9e, l&rsquo;\u2019activit\u00e9 occupait d\u00e9sormais une place unique dans le c\u0153ur de la communaut\u00e9 technologique irlandaise. Cependant, les restrictions impos\u00e9es par le Covid-19 ont emp\u00each\u00e9 la tenue d&rsquo;\u2019\u00e9v\u00e9nements en pr\u00e9sentiel. Devions-nous reporter la conf\u00e9rence d&rsquo;\u2019un an, ou passer \u00e0 Internet et organiser un \u00e9v\u00e9nement virtuel \u00a0?<\/p>\n<p>Pour ce faire, nous devions nous assurer de choisir une plate-forme hautement fiable et s\u00e9curis\u00e9e, qui nous assurerait une t\u00e9l\u00e9conf\u00e9rence de grande qualit\u00e9. Alors qu&rsquo;\u2019il existe de nombreux outils de conf\u00e9rence, Webex est apparu comme le choix \u00e9vident pour offrir \u00e0 AtlanTec la meilleure exp\u00e9rience possible, en permettant \u00e0 la solution de s&rsquo;\u2019\u00e9panouir dans un environnement virtuel.<\/p>\n<p>La conf\u00e9rence de 2020 a connu un succ\u00e8s retentissant, avec plus de 5 \u00a0000\u00a0 inscriptions recens\u00e9es au cours d&rsquo;\u2019une semaine d&rsquo;\u2019\u00e9v\u00e9nements, ce qui a d\u00e9pass\u00e9 de loin toutes nos attentes. Gr\u00e2ce \u00e0 Webex, nous avons non seulement pu r\u00e9duire nos d\u00e9penses et neutraliser nos \u00e9missions de carbone, mais nous avons en outre pu inviter des orateurs de renomm\u00e9e mondiale \u00e0 nous rejoindre depuis leur home-studio, leur salon, leur table de cuisine, etc.<\/p>\n<p>Nous avons \u00e9galement pu \u00e9tendre notre c\u00e9l\u00e8bre \u00ab\u00a0C\u00e9ad M\u00edle F\u00e1ilte\u00a0\u00bb (\u00ab\u00a0Cent mille bienvenus\u00a0\u00bb en irlandais), puisque des participants nous ont rejoints depuis des pays tels que l&rsquo;\u2019Australie, les \u00c9tats-Unis, le Royaume-Uni, le Kenya, l&rsquo;\u2019Espagne, l&rsquo;\u2019Inde et, bien s\u00fbr, depuis toute l&rsquo;\u2019Irlande. Sans Webex, nous n&rsquo;\u2019aurions tout simplement pas eu la possibilit\u00e9 d&rsquo;\u2019atteindre ce public.<\/p>\n<h2><strong>2021 et l&rsquo;\u2019impact de Slido<\/strong><\/h2>\n<p>Alors que nous cherchions \u00e0 planifier notre conf\u00e9rence de 2021, il \u00e9tait \u00e9vident d\u00e8s le d\u00e9part que nous ne reviendrions pas en personne, les restrictions due Covid-19 \u00e9tant maintenues. Cependant, cette ann\u00e9e, nous \u00e9tions s\u00fbrs de pouvoir compter sur Webex pour connecter une fois de plus nos communaut\u00e9s.<\/p>\n<p>D\u00e9but mai, notre \u00e9quipe \u00a0Webex a conclu l&rsquo;\u2019acquisition de Slido, une \u00ab\u00a0application de sondage qui transforme vos auditeurs silencieux en participants engag\u00e9s\u00a0\u00bb. J&rsquo;\u2019ai rapidement entrepris d&rsquo;\u2019int\u00e9grer Slido \u00e0 nos sessions de conf\u00e9rence afin de renforcer l&rsquo;\u2019implication de notre public.<\/p>\n<p><a href=\"https:\/\/storage.googleapis.com\/wx-blg-prd-gcs\/wp-content\/uploads\/1\/2021\/05\/Cisco-Slido.jpg\"><br \/>\n<img loading=\"lazy\" decoding=\"async\" class=\"alignnone size-full wp-image-12153\" src=\"https:\/\/storage.googleapis.com\/wx-blg-prd-gcs\/wp-content\/uploads\/1\/2021\/05\/Cisco-Slido.jpg\" alt=\"Cisco \u00a0+\u00a0 Slido\" width=\"584\" height=\"304\" srcset=\"https:\/\/blog.webex.com\/wp-content\/uploads\/2021\/05\/Cisco-Slido.jpg 584w, https:\/\/blog.webex.com\/wp-content\/uploads\/2021\/05\/Cisco-Slido-300x156.jpg 300w\" sizes=\"auto, (max-width: 584px) 100vw, 584px\" \/><br \/>\n<\/a><\/p>\n<p>\u00ab\u00a0Combien d&rsquo;\u2019entre vous passeront au t\u00e9l\u00e9travail\u00a0? Levez la main.\u00a0\u00bb &#8211; Une question simple \u00e0 poser lors d&rsquo;\u2019une conf\u00e9rence en personne, mais qu&rsquo;\u2019en est-il dans un cadre virtuel \u00a0? L&rsquo;\u2019impact de Slido a \u00e9t\u00e9 \u00e9norme pour AtlanTec. Nous avons pu atteindre tous les membres du public et nous impliquer v\u00e9ritablement aupr\u00e8s d&rsquo;\u2019eux. Lors de chaque session, nous avons eu un aper\u00e7u de l&rsquo;\u2019endroit d&rsquo;\u2019o\u00f9 les gens nous rejoignaient\u00a0: Dublin, Galway, New York, Londres, l&rsquo;\u2019\u00ce\u00eele Maurice, Boston, Barcelone\u2026 c&rsquo;\u2019\u00e9tait fascinant de voir ce niveau d&rsquo;\u2019engagement avec des gens assis chez eux.<\/p>\n<div id=\"attachment_12163\" class=\"wp-caption alignnone\"><img loading=\"lazy\" decoding=\"async\" aria-describedby=\"caption-attachment-12163\" class=\"wp-image-12163 size-full\" src=\"https:\/\/storage.googleapis.com\/wx-blg-prd-gcs\/wp-content\/uploads\/1\/2021\/05\/Galway-City.png\" alt=\"Galway City\" width=\"1384\" height=\"675\" srcset=\"https:\/\/blog.webex.com\/wp-content\/uploads\/2021\/05\/Galway-City.png 980w, https:\/\/blog.webex.com\/wp-content\/uploads\/2021\/05\/Galway-City-300x146.png 300w, https:\/\/blog.webex.com\/wp-content\/uploads\/2021\/05\/Galway-City-1024x499.png 1024w, https:\/\/blog.webex.com\/wp-content\/uploads\/2021\/05\/Galway-City-768x375.png 768w, https:\/\/blog.webex.com\/wp-content\/uploads\/2021\/05\/Galway-City-771x376.png 771w\" sizes=\"auto, (max-width: 1384px) 100vw, 1384px\" \/><p id=\"caption-attachment-12163\" class=\"wp-caption-text\"><br \/>Comprenez rapidement votre public et connectez-vous \u00e0 lui gr\u00e2ce \u00e0 Slido<\/p><\/div>\n<p>.<\/p>\n<p>Beaucoup de nos intervenants ont utilis\u00e9 Slido au d\u00e9but de leurs sessions afin de mieux conna\u00eetre leur public, puis ils ont adapt\u00e9 leurs pr\u00e9sentations \u00e0 la vol\u00e9e en fonction des r\u00e9ponses. Les niveaux d&rsquo;\u2019engagement n&rsquo;\u2019ont jamais \u00e9t\u00e9 aussi \u00e9lev\u00e9s, les participants se lan\u00e7ant dans des sessions de questions-r\u00e9ponses et votant pour d&rsquo;\u2019autres questions du public. C&rsquo;\u2019est comme si le public avait pris une force de vie propre, cr\u00e9ant une relation symbiotique avec le pr\u00e9sentateur, le tout connect\u00e9 sur la plate-forme \u00a0Webex.<\/p>\n<h2><strong>R\u00e9ponse \u00e0 la nouvelle normalit\u00e9<\/strong><\/h2>\n<p>Au total, nous avons enregistr\u00e9 plus de 6 \u00a0500 \u00a0inscriptions pour l&rsquo;\u2019ann\u00e9e\u00a0 2021, soit une augmentation de 30 \u00a0% par rapport aux chiffres de 2020. Bon nombre de nos intervenants ont \u00e9voqu\u00e9 l&rsquo;\u2019id\u00e9e de l&rsquo;\u2019avenir du travail et de ce que la \u00ab\u00a0nouvelle normalit\u00e9\u00a0\u00bb est appel\u00e9e \u00e0 signifier en termes pratiques. Des questions importantes ont \u00e9t\u00e9 explor\u00e9es, telles que\u00a0: \u00ab\u00a0Comment b\u00e2tir une culture dans une nouvelle entreprise lorsqu&rsquo;\u2019on est enti\u00e8rement en distanciel\u00a0 ?\u00a0\u00bb, ou encore\u00a0: \u00ab\u00a0Comment tisser son r\u00e9seau professionnel lorsqu&rsquo;\u2019on ne met jamais les pieds dans les b\u00e2timents de son entreprise \u00a0?\u00a0\u00bb.<\/p>\n<p>Ce sont des probl\u00e9matiques auxquelles nous serons tous confront\u00e9s lors de la r\u00e9ouverture du monde. Pour autant, il s&rsquo;\u2019agit de d\u00e9fis que nous sommes mieux \u00e0 m\u00eame de relever, aujourd&rsquo;\u2019hui plus que jamais, en pla\u00e7ant Webex au centre.<\/p>\n<h2><strong>L&rsquo;\u2019avenir d&rsquo;\u2019AtlanTec<\/strong><\/h2>\n<p>L&rsquo;\u2019avenir d&rsquo;\u2019AtlanTec est vraiment exaltant, et surtout, l&rsquo;\u2019avenir d&rsquo;\u2019AtlanTec est hybride. Notre \u00e9quipe a d\u00e9j\u00e0 discut\u00e9 de la mani\u00e8re de faire progresser encore la conf\u00e9rence en 2022, et je suis tr\u00e8s enthousiaste \u00e0 l&rsquo;\u2019id\u00e9e de l&rsquo;\u2019acquisition r\u00e9cente par Webex de Socio, une plate-forme con\u00e7ue pour alimenter les \u00e9v\u00e9nements du futur, qu&rsquo;\u2019ils soient virtuels, hybrides ou pr\u00e9sentiel.<\/p>\n<div id=\"attachment_12173\" class=\"wp-caption alignnone\"><img loading=\"lazy\" decoding=\"async\" aria-describedby=\"caption-attachment-12173\" class=\"wp-image-12173 size-full\" src=\"https:\/\/storage.googleapis.com\/wx-blg-prd-gcs\/wp-content\/uploads\/1\/2021\/05\/Cisco-Webex-Socio.png\" alt=\"Cisco \u00a0Webex \u00a0+\u00a0 Socio\" width=\"352\" height=\"148\" srcset=\"https:\/\/blog.webex.com\/wp-content\/uploads\/2021\/05\/Cisco-Webex-Socio.png 352w, https:\/\/blog.webex.com\/wp-content\/uploads\/2021\/05\/Cisco-Webex-Socio-300x126.png 300w\" sizes=\"auto, (max-width: 352px) 100vw, 352px\" \/><p id=\"caption-attachment-12173\" class=\"wp-caption-text\"><br \/>Ensemble, Webex et Socio vont changer le paysage des \u00e9v\u00e9nements futurs<\/p><\/div>\n<p>Javed \u00a0Khan, notre vice-pr\u00e9sident en charge de la collaboration, a <a href=\"https:\/\/blogs.cisco.com\/collaboration\/cisco-collab-blog-5-12-21\">r\u00e9cemment indiqu\u00e9<\/a> la mani\u00e8re dont <em>\u00ab\u00a0 <\/em><em>le mod\u00e8le d&rsquo;\u2019\u00e9v\u00e9nement hybride, qui combine le fort engagement d&rsquo;\u2019un \u00e9v\u00e9nement en pr\u00e9sentiel avec la port\u00e9e d&rsquo;\u2019un \u00e9v\u00e9nement virtuel, \u00e9merge comme la nouvelle norme \u00a0\u00bb. <\/em>C&rsquo;\u2019est ce que nous constatons avec nos projets pour AtlanTec \u00a02022, car la puissance de Webex et les capacit\u00e9s de Socio se combinent.<\/p>\n<h2><strong>R\u00e9flexions finales<\/strong><\/h2>\n<p>AtlanTec s&rsquo;\u2019est toujours appuy\u00e9 sur le sens de la communaut\u00e9 et la rencontre des esprits chaque ann\u00e9e sur la sc\u00e8ne technologique irlandaise.\u00a0C&rsquo;\u2019\u00e9tait un privil\u00e8ge de combiner ma vie professionnelle en tant que chef de produit\u00a0 Webex avec ma passion pour cette conf\u00e9rence. J&rsquo;\u2019ai eu grand plaisir \u00e0 voir que l\u2019enthousiasme d&rsquo;\u2019AtlanTec \u00a02021 pourcontinuait de s&rsquo;enthousiasmer sur Webexne dispara\u00eet pas, ce qui nous permet de favoriser ce sentiment de communaut\u00e9 et de connexion que nous recherchons.<\/p>\n<blockquote><p>Suivez <a href=\"https:\/\/atlantec.ie\/\">AtlanTec<\/a>, et peut-\u00eatre vous rencontrerons-nous \u00e0 Galway pour la conf\u00e9rence AtlanTec \u00a02022, m\u00eame \u00e0 distance, en tant que participant virtuel habilit\u00e9 avec Webex \u00a0!<\/p><\/blockquote>\n<p><strong>En savoir plus<\/strong><\/p>\n<p><a href=\"https:\/\/blog.webex.com\/fr\/visioconferences\/les-nouveautes-de-webex-mai-2021\/\">Nouveaut\u00e9s de Webex \u00a0: Mmai \u00a02021<\/a><\/p>\n<p><a href=\"https:\/\/blog.webex.com\/team-collaboration\/webex-lights-up-green-for-st-patricks-day\/\">Webex s&rsquo;\u2019illumine en vert pour la Saint-Patrick \u00a0!<\/a><\/p>\n<p><a href=\"https:\/\/blog.webex.com\/fr\/visioconferences\/donner-la-parole-a-tous-les-participants-webex-3-facons-de-donner-vie-a-vos-reunions-et-evenements-virtuels-grace-a-webex\/\">Donnez la parole \u00e0 chaque participant \u00e0 Webex\u00a0 : 3\u00a0 fa\u00e7ons dont Webex donne vie \u00e0 vos r\u00e9unions et \u00e9v\u00e9nements virtuels \u00a0!<\/a><\/p>\n","protected":false},"excerpt":{"rendered":"<p>J&rsquo;\u2019ai eu grand plaisir \u00e0 voir que l\u2019enthousiasme d&rsquo;\u2019AtlanTec \u00a02021 pourcontinuait de s&rsquo;enthousiasmer sur Webexne dispara\u00eet pas, ce qui nous permet de favoriser ce sentiment de communaut\u00e9 et de connexion que nous recherchons.<\/p>\n","protected":false},"author":5353,"featured_media":372503,"comment_status":"open","ping_status":"open","sticky":false,"template":"","format":"standard","meta":{"inline_featured_image":false,"footnotes":""},"categories":[5253,2770],"tags":[4551,777,5782,2066,5672,15592],"class_list":["post-19487","post","type-post","status-publish","format-standard","has-post-thumbnail","hentry","category-collaboration-fr","category-uncategorized-fr","tag-audience-engagement","tag-conference-room-solutions","tag-implication-du-public","tag-outils-de-collaboration","tag-solutions-de-collaboration","tag-team-collaboration"],"acf":[],"yoast_head":"<!-- This site is optimized with the Yoast SEO plugin v27.1.1 - https:\/\/yoast.com\/product\/yoast-seo-wordpress\/ -->\n<title>Optimisation de notre conf\u00e9rence avec Webex | Webex Blog<\/title>\n<meta name=\"robots\" content=\"index, follow, max-snippet:-1, max-image-preview:large, max-video-preview:-1\" \/>\n<link rel=\"canonical\" href=\"https:\/\/blog.webex.com\/collaboration\/team-collaboration\/supercharging-our-conference-with-webex\/\" \/>\n<meta property=\"og:locale\" content=\"fr_FR\" \/>\n<meta property=\"og:type\" content=\"article\" \/>\n<meta property=\"og:title\" content=\"Optimisation de notre conf\u00e9rence avec Webex | Webex Blog\" \/>\n<meta property=\"og:description\" content=\"J&#039;\u2019ai eu grand plaisir \u00e0 voir que l\u2019enthousiasme d&#039;\u2019AtlanTec \u00a02021 pourcontinuait de s&#039;enthousiasmer sur Webexne dispara\u00eet pas, ce qui nous permet de favoriser ce sentiment de communaut\u00e9 et de connexion que nous recherchons.\" \/>\n<meta property=\"og:url\" content=\"https:\/\/blog.webex.com\/collaboration\/team-collaboration\/supercharging-our-conference-with-webex\/\" \/>\n<meta property=\"og:site_name\" content=\"Webex Blog\" \/>\n<meta property=\"article:published_time\" content=\"2021-05-26T17:03:28+00:00\" \/>\n<meta property=\"article:modified_time\" content=\"2024-09-18T06:35:00+00:00\" \/>\n<meta property=\"og:image\" content=\"https:\/\/blog.webex.com\/wp-content\/uploads\/2021\/05\/shutterstock_1190107633-1.jpg\" \/>\n\t<meta property=\"og:image:width\" content=\"1200\" \/>\n\t<meta property=\"og:image:height\" content=\"700\" \/>\n\t<meta property=\"og:image:type\" content=\"image\/jpeg\" \/>\n<meta name=\"author\" content=\"Patrick Eustace\" \/>\n<meta name=\"twitter:label1\" content=\"\u00c9crit par\" \/>\n\t<meta name=\"twitter:data1\" content=\"Patrick Eustace\" \/>\n\t<meta name=\"twitter:label2\" content=\"Dur\u00e9e de lecture estim\u00e9e\" \/>\n\t<meta name=\"twitter:data2\" content=\"6 minutes\" \/>\n<script type=\"application\/ld+json\" class=\"yoast-schema-graph\">{\"@context\":\"https:\/\/schema.org\",\"@graph\":[{\"@type\":\"Article\",\"@id\":\"https:\/\/blog.webex.com\/collaboration\/team-collaboration\/supercharging-our-conference-with-webex\/#article\",\"isPartOf\":{\"@id\":\"https:\/\/blog.webex.com\/collaboration\/team-collaboration\/supercharging-our-conference-with-webex\/\"},\"author\":{\"name\":\"Patrick Eustace\",\"@id\":\"https:\/\/blog.webex.com\/es\/#\/schema\/person\/c85a133cd71db8c29beae61b93028548\"},\"headline\":\"Optimisation de notre conf\u00e9rence avec Webex\",\"datePublished\":\"2021-05-26T17:03:28+00:00\",\"dateModified\":\"2024-09-18T06:35:00+00:00\",\"mainEntityOfPage\":{\"@id\":\"https:\/\/blog.webex.com\/collaboration\/team-collaboration\/supercharging-our-conference-with-webex\/\"},\"wordCount\":1157,\"commentCount\":0,\"image\":{\"@id\":\"https:\/\/blog.webex.com\/collaboration\/team-collaboration\/supercharging-our-conference-with-webex\/#primaryimage\"},\"thumbnailUrl\":\"https:\/\/blog.webex.com\/wp-content\/uploads\/2021\/05\/shutterstock_1190107633-1.jpg\",\"keywords\":[\"Audience Engagement\",\"Conference Room Solutions\",\"implication du public\",\"outils de collaboration\",\"Solutions de collaboration\",\"Team Collaboration\"],\"articleSection\":[\"Collaboration\",\"Uncategorized @fr\"],\"inLanguage\":\"fr-FR\",\"potentialAction\":[{\"@type\":\"CommentAction\",\"name\":\"Comment\",\"target\":[\"https:\/\/blog.webex.com\/collaboration\/team-collaboration\/supercharging-our-conference-with-webex\/#respond\"]}]},{\"@type\":\"WebPage\",\"@id\":\"https:\/\/blog.webex.com\/collaboration\/team-collaboration\/supercharging-our-conference-with-webex\/\",\"url\":\"https:\/\/blog.webex.com\/collaboration\/team-collaboration\/supercharging-our-conference-with-webex\/\",\"name\":\"Optimisation de notre conf\u00e9rence avec Webex | Webex Blog\",\"isPartOf\":{\"@id\":\"https:\/\/blog.webex.com\/es\/#website\"},\"primaryImageOfPage\":{\"@id\":\"https:\/\/blog.webex.com\/collaboration\/team-collaboration\/supercharging-our-conference-with-webex\/#primaryimage\"},\"image\":{\"@id\":\"https:\/\/blog.webex.com\/collaboration\/team-collaboration\/supercharging-our-conference-with-webex\/#primaryimage\"},\"thumbnailUrl\":\"https:\/\/blog.webex.com\/wp-content\/uploads\/2021\/05\/shutterstock_1190107633-1.jpg\",\"datePublished\":\"2021-05-26T17:03:28+00:00\",\"dateModified\":\"2024-09-18T06:35:00+00:00\",\"author\":{\"@id\":\"https:\/\/blog.webex.com\/es\/#\/schema\/person\/c85a133cd71db8c29beae61b93028548\"},\"breadcrumb\":{\"@id\":\"https:\/\/blog.webex.com\/collaboration\/team-collaboration\/supercharging-our-conference-with-webex\/#breadcrumb\"},\"inLanguage\":\"fr-FR\",\"potentialAction\":[{\"@type\":\"ReadAction\",\"target\":[\"https:\/\/blog.webex.com\/collaboration\/team-collaboration\/supercharging-our-conference-with-webex\/\"]}]},{\"@type\":\"ImageObject\",\"inLanguage\":\"fr-FR\",\"@id\":\"https:\/\/blog.webex.com\/collaboration\/team-collaboration\/supercharging-our-conference-with-webex\/#primaryimage\",\"url\":\"https:\/\/blog.webex.com\/wp-content\/uploads\/2021\/05\/shutterstock_1190107633-1.jpg\",\"contentUrl\":\"https:\/\/blog.webex.com\/wp-content\/uploads\/2021\/05\/shutterstock_1190107633-1.jpg\",\"width\":1200,\"height\":700},{\"@type\":\"BreadcrumbList\",\"@id\":\"https:\/\/blog.webex.com\/collaboration\/team-collaboration\/supercharging-our-conference-with-webex\/#breadcrumb\",\"itemListElement\":[{\"@type\":\"ListItem\",\"position\":1,\"name\":\"Home\",\"item\":\"https:\/\/blog.webex.com\/fr\/\"},{\"@type\":\"ListItem\",\"position\":2,\"name\":\"Optimisation de notre conf\u00e9rence avec Webex\"}]},{\"@type\":\"WebSite\",\"@id\":\"https:\/\/blog.webex.com\/es\/#website\",\"url\":\"https:\/\/blog.webex.com\/es\/\",\"name\":\"Webex Blog\",\"description\":\"Webex by Cisco powers collaboration through industry-leading video conferencing, cloud calling and contact center solutions\",\"potentialAction\":[{\"@type\":\"SearchAction\",\"target\":{\"@type\":\"EntryPoint\",\"urlTemplate\":\"https:\/\/blog.webex.com\/es\/?s={search_term_string}\"},\"query-input\":{\"@type\":\"PropertyValueSpecification\",\"valueRequired\":true,\"valueName\":\"search_term_string\"}}],\"inLanguage\":\"fr-FR\"},{\"@type\":\"Person\",\"@id\":\"https:\/\/blog.webex.com\/es\/#\/schema\/person\/c85a133cd71db8c29beae61b93028548\",\"name\":\"Patrick Eustace\",\"image\":{\"@type\":\"ImageObject\",\"inLanguage\":\"fr-FR\",\"@id\":\"https:\/\/blog.webex.com\/es\/#\/schema\/person\/image\/\",\"url\":\"https:\/\/secure.gravatar.com\/avatar\/a02bada906ac126d4bb660cfd879703fa3d3092620b9a3fd2b3115413a276aca?s=96&d=wp_user_avatar&r=g\",\"contentUrl\":\"https:\/\/secure.gravatar.com\/avatar\/a02bada906ac126d4bb660cfd879703fa3d3092620b9a3fd2b3115413a276aca?s=96&d=wp_user_avatar&r=g\",\"caption\":\"Patrick Eustace\"},\"description\":\"Patrick is a Strategic Growth &amp; Go to Market Product Manager for the Cisco Webex Device portfolio, encompassing Desk Devices, Room Devices, Headsets, Phones and Cameras, with an emphasis on our Webex on Webex Gold Standard and Device open interop positioning. Passionate about customer experience, he joined Cisco in 2008 and holds over a decades Collaboration industry experience working across product, engineering, design, go to market and customer sales teams to drive our collaboration suite market adoption. Prior to his current role, he was lead Desktop PM for Jabber and Webex Teams, introducing Jabber Softphone for VDI (JVDI) to the portfolio and defining the VDI strategy. Patrick is a regular speaker at Cisco Live, Enterprise Connect and Partner, and was recognised by the customer and partner field as top collaboration speaker at a number of these sessions Patrick is co-founder of the AtlanTec Conference, the leading technology conference in the west of Ireland which during 2020 and 2021 was run exclusively on Webex and saw over 5,000 attendees join over a week of events. Patrick holds an honours degree in Computer Engineering from the University of Limerick, Ireland, an MBA from the Open University International Business School along with Project Management Professional (PMP) and High Impact Leadership certifications. Patrick is based out of the Cisco offices in Galway, Ireland. When not in the office, Patrick can be found spending time with his family and sea-swimming in the Atlantic ocean.\",\"sameAs\":[\"https:\/\/www.linkedin.com\/in\/patrickeustace1\/\",\"https:\/\/x.com\/https:\/\/twitter.com\/paeustace\"],\"url\":\"https:\/\/blog.webex.com\/fr\/contributors\/patrickeustace-2\/\"}]}<\/script>\n<!-- \/ Yoast SEO plugin. -->","yoast_head_json":{"title":"Optimisation de notre conf\u00e9rence avec Webex | Webex Blog","robots":{"index":"index","follow":"follow","max-snippet":"max-snippet:-1","max-image-preview":"max-image-preview:large","max-video-preview":"max-video-preview:-1"},"canonical":"https:\/\/blog.webex.com\/collaboration\/team-collaboration\/supercharging-our-conference-with-webex\/","og_locale":"fr_FR","og_type":"article","og_title":"Optimisation de notre conf\u00e9rence avec Webex | Webex Blog","og_description":"J'\u2019ai eu grand plaisir \u00e0 voir que l\u2019enthousiasme d'\u2019AtlanTec \u00a02021 pourcontinuait de s'enthousiasmer sur Webexne dispara\u00eet pas, ce qui nous permet de favoriser ce sentiment de communaut\u00e9 et de connexion que nous recherchons.","og_url":"https:\/\/blog.webex.com\/collaboration\/team-collaboration\/supercharging-our-conference-with-webex\/","og_site_name":"Webex Blog","article_published_time":"2021-05-26T17:03:28+00:00","article_modified_time":"2024-09-18T06:35:00+00:00","og_image":[{"width":1200,"height":700,"url":"https:\/\/blog.webex.com\/wp-content\/uploads\/2021\/05\/shutterstock_1190107633-1.jpg","type":"image\/jpeg"}],"author":"Patrick Eustace","twitter_misc":{"\u00c9crit par":"Patrick Eustace","Dur\u00e9e de lecture estim\u00e9e":"6 minutes"},"schema":{"@context":"https:\/\/schema.org","@graph":[{"@type":"Article","@id":"https:\/\/blog.webex.com\/collaboration\/team-collaboration\/supercharging-our-conference-with-webex\/#article","isPartOf":{"@id":"https:\/\/blog.webex.com\/collaboration\/team-collaboration\/supercharging-our-conference-with-webex\/"},"author":{"name":"Patrick Eustace","@id":"https:\/\/blog.webex.com\/es\/#\/schema\/person\/c85a133cd71db8c29beae61b93028548"},"headline":"Optimisation de notre conf\u00e9rence avec Webex","datePublished":"2021-05-26T17:03:28+00:00","dateModified":"2024-09-18T06:35:00+00:00","mainEntityOfPage":{"@id":"https:\/\/blog.webex.com\/collaboration\/team-collaboration\/supercharging-our-conference-with-webex\/"},"wordCount":1157,"commentCount":0,"image":{"@id":"https:\/\/blog.webex.com\/collaboration\/team-collaboration\/supercharging-our-conference-with-webex\/#primaryimage"},"thumbnailUrl":"https:\/\/blog.webex.com\/wp-content\/uploads\/2021\/05\/shutterstock_1190107633-1.jpg","keywords":["Audience Engagement","Conference Room Solutions","implication du public","outils de collaboration","Solutions de collaboration","Team Collaboration"],"articleSection":["Collaboration","Uncategorized @fr"],"inLanguage":"fr-FR","potentialAction":[{"@type":"CommentAction","name":"Comment","target":["https:\/\/blog.webex.com\/collaboration\/team-collaboration\/supercharging-our-conference-with-webex\/#respond"]}]},{"@type":"WebPage","@id":"https:\/\/blog.webex.com\/collaboration\/team-collaboration\/supercharging-our-conference-with-webex\/","url":"https:\/\/blog.webex.com\/collaboration\/team-collaboration\/supercharging-our-conference-with-webex\/","name":"Optimisation de notre conf\u00e9rence avec Webex | Webex Blog","isPartOf":{"@id":"https:\/\/blog.webex.com\/es\/#website"},"primaryImageOfPage":{"@id":"https:\/\/blog.webex.com\/collaboration\/team-collaboration\/supercharging-our-conference-with-webex\/#primaryimage"},"image":{"@id":"https:\/\/blog.webex.com\/collaboration\/team-collaboration\/supercharging-our-conference-with-webex\/#primaryimage"},"thumbnailUrl":"https:\/\/blog.webex.com\/wp-content\/uploads\/2021\/05\/shutterstock_1190107633-1.jpg","datePublished":"2021-05-26T17:03:28+00:00","dateModified":"2024-09-18T06:35:00+00:00","author":{"@id":"https:\/\/blog.webex.com\/es\/#\/schema\/person\/c85a133cd71db8c29beae61b93028548"},"breadcrumb":{"@id":"https:\/\/blog.webex.com\/collaboration\/team-collaboration\/supercharging-our-conference-with-webex\/#breadcrumb"},"inLanguage":"fr-FR","potentialAction":[{"@type":"ReadAction","target":["https:\/\/blog.webex.com\/collaboration\/team-collaboration\/supercharging-our-conference-with-webex\/"]}]},{"@type":"ImageObject","inLanguage":"fr-FR","@id":"https:\/\/blog.webex.com\/collaboration\/team-collaboration\/supercharging-our-conference-with-webex\/#primaryimage","url":"https:\/\/blog.webex.com\/wp-content\/uploads\/2021\/05\/shutterstock_1190107633-1.jpg","contentUrl":"https:\/\/blog.webex.com\/wp-content\/uploads\/2021\/05\/shutterstock_1190107633-1.jpg","width":1200,"height":700},{"@type":"BreadcrumbList","@id":"https:\/\/blog.webex.com\/collaboration\/team-collaboration\/supercharging-our-conference-with-webex\/#breadcrumb","itemListElement":[{"@type":"ListItem","position":1,"name":"Home","item":"https:\/\/blog.webex.com\/fr\/"},{"@type":"ListItem","position":2,"name":"Optimisation de notre conf\u00e9rence avec Webex"}]},{"@type":"WebSite","@id":"https:\/\/blog.webex.com\/es\/#website","url":"https:\/\/blog.webex.com\/es\/","name":"Webex Blog","description":"Webex by Cisco powers collaboration through industry-leading video conferencing, cloud calling and contact center solutions","potentialAction":[{"@type":"SearchAction","target":{"@type":"EntryPoint","urlTemplate":"https:\/\/blog.webex.com\/es\/?s={search_term_string}"},"query-input":{"@type":"PropertyValueSpecification","valueRequired":true,"valueName":"search_term_string"}}],"inLanguage":"fr-FR"},{"@type":"Person","@id":"https:\/\/blog.webex.com\/es\/#\/schema\/person\/c85a133cd71db8c29beae61b93028548","name":"Patrick Eustace","image":{"@type":"ImageObject","inLanguage":"fr-FR","@id":"https:\/\/blog.webex.com\/es\/#\/schema\/person\/image\/","url":"https:\/\/secure.gravatar.com\/avatar\/a02bada906ac126d4bb660cfd879703fa3d3092620b9a3fd2b3115413a276aca?s=96&d=wp_user_avatar&r=g","contentUrl":"https:\/\/secure.gravatar.com\/avatar\/a02bada906ac126d4bb660cfd879703fa3d3092620b9a3fd2b3115413a276aca?s=96&d=wp_user_avatar&r=g","caption":"Patrick Eustace"},"description":"Patrick is a Strategic Growth &amp; Go to Market Product Manager for the Cisco Webex Device portfolio, encompassing Desk Devices, Room Devices, Headsets, Phones and Cameras, with an emphasis on our Webex on Webex Gold Standard and Device open interop positioning. Passionate about customer experience, he joined Cisco in 2008 and holds over a decades Collaboration industry experience working across product, engineering, design, go to market and customer sales teams to drive our collaboration suite market adoption. Prior to his current role, he was lead Desktop PM for Jabber and Webex Teams, introducing Jabber Softphone for VDI (JVDI) to the portfolio and defining the VDI strategy. Patrick is a regular speaker at Cisco Live, Enterprise Connect and Partner, and was recognised by the customer and partner field as top collaboration speaker at a number of these sessions Patrick is co-founder of the AtlanTec Conference, the leading technology conference in the west of Ireland which during 2020 and 2021 was run exclusively on Webex and saw over 5,000 attendees join over a week of events. Patrick holds an honours degree in Computer Engineering from the University of Limerick, Ireland, an MBA from the Open University International Business School along with Project Management Professional (PMP) and High Impact Leadership certifications. Patrick is based out of the Cisco offices in Galway, Ireland. When not in the office, Patrick can be found spending time with his family and sea-swimming in the Atlantic ocean.","sameAs":["https:\/\/www.linkedin.com\/in\/patrickeustace1\/","https:\/\/x.com\/https:\/\/twitter.com\/paeustace"],"url":"https:\/\/blog.webex.com\/fr\/contributors\/patrickeustace-2\/"}]}},"_links":{"self":[{"href":"https:\/\/blog.webex.com\/fr\/wp-json\/wp\/v2\/posts\/19487","targetHints":{"allow":["GET"]}}],"collection":[{"href":"https:\/\/blog.webex.com\/fr\/wp-json\/wp\/v2\/posts"}],"about":[{"href":"https:\/\/blog.webex.com\/fr\/wp-json\/wp\/v2\/types\/post"}],"author":[{"embeddable":true,"href":"https:\/\/blog.webex.com\/fr\/wp-json\/wp\/v2\/users\/5353"}],"replies":[{"embeddable":true,"href":"https:\/\/blog.webex.com\/fr\/wp-json\/wp\/v2\/comments?post=19487"}],"version-history":[{"count":0,"href":"https:\/\/blog.webex.com\/fr\/wp-json\/wp\/v2\/posts\/19487\/revisions"}],"wp:featuredmedia":[{"embeddable":true,"href":"https:\/\/blog.webex.com\/fr\/wp-json\/wp\/v2\/media\/372503"}],"wp:attachment":[{"href":"https:\/\/blog.webex.com\/fr\/wp-json\/wp\/v2\/media?parent=19487"}],"wp:term":[{"taxonomy":"category","embeddable":true,"href":"https:\/\/blog.webex.com\/fr\/wp-json\/wp\/v2\/categories?post=19487"},{"taxonomy":"post_tag","embeddable":true,"href":"https:\/\/blog.webex.com\/fr\/wp-json\/wp\/v2\/tags?post=19487"}],"curies":[{"name":"wp","href":"https:\/\/api.w.org\/{rel}","templated":true}]}}