{"id":19826,"date":"2021-05-04T09:01:11","date_gmt":"2021-05-04T16:01:11","guid":{"rendered":"https:\/\/blog.webex.com\/uncategorized-fr\/marquage-des-messages-comme-non-lus-calendrier-de-planification-integre-webex-sous-linux-et-bien-plus-encore-dans-la-mise-a-jour-de-mai-de-lapplication-webex\/"},"modified":"2021-10-15T15:42:48","modified_gmt":"2021-10-15T22:42:48","slug":"marquage-des-messages-comme-non-lus-calendrier-de-planification-integre-webex-sous-linux-et-bien-plus-encore-dans-la-mise-a-jour-de-mai-de-lapplication-webex","status":"publish","type":"post","link":"https:\/\/blog.webex.com\/fr\/collaboration-fr\/visioconferences\/marquage-des-messages-comme-non-lus-calendrier-de-planification-integre-webex-sous-linux-et-bien-plus-encore-dans-la-mise-a-jour-de-mai-de-lapplication-webex\/","title":{"rendered":"Marquage des messages comme non lus, calendrier de planification ..."},"content":{"rendered":"<h2><strong>Mise \u00e0 jour de mai de l\u2019application\u00a0Webex\u00a0<\/strong><\/h2>\n<p><span data-contrast=\"auto\">Nous voil\u00e0 d\u00e9j\u00e0 en mai. Le temps passe tellement vite, tout comme nos journ\u00e9es de travail<\/span><span data-contrast=\"auto\">. <\/span><span data-contrast=\"auto\">Ce mois-ci,<\/span><span data-contrast=\"auto\"> la mise \u00e0 jour int\u00e8gre <\/span><span data-contrast=\"auto\">plusieurs<\/span><span data-contrast=\"auto\"> fonctionnalit\u00e9s vous permettant de travailler plus efficacement et d\u2019optimiser votre temps. Gr\u00e2ce au marquage des messages comme non lus, la s\u00e9lection de l\u2019onglet d\u2019accueil et l\u2019historique de navigation, <\/span><span data-contrast=\"auto\">Webex<\/span><span data-contrast=\"auto\"> vous aide encore plus \u00e0 <\/span><span data-contrast=\"auto\">rester <\/span><span data-contrast=\"auto\">concentr\u00e9(e) sur votre t\u00e2che et \u00e0 prioriser vos flux de travail les plus importants.<\/span><span data-ccp-props=\"{}\">\u00a0<\/span><\/p>\n<h2><a href=\"#MESSAGERIE DANS WEBEX\">MESSAGERIE DANS WEBEX<\/a><\/h2>\n<h2><a href=\"#R\u00c9UNIONS DANS WEBEX\">R\u00c9UNIONS DANS WEBEX<\/a><\/h2>\n<h2><a href=\"#APPELER AVEC WEBEX\">APPELER AVEC WEBEX<\/a><\/h2>\n<h2><a href=\"#NOUVEAUT\u00c9S DE LA PLATEFORME\u00a0WEBEX\">NOUVEAUT\u00c9S DE LA PLATEFORME\u00a0WEBEX<\/a><\/h2>\n<h2 id=\"MESSAGING IN WEBEX\">MESSAGERIE DANS WEBEX<\/h2>\n<ul>\n<li data-leveltext=\"\uf0b7\" data-font=\"Symbol\" data-listid=\"3\" aria-setsize=\"-1\" data-aria-posinset=\"1\" data-aria-level=\"1\"><span data-contrast=\"auto\">Soyons honn\u00eates\u00a0: <\/span><span data-contrast=\"auto\">les conversations professionnelles sont devenues <\/span><span data-contrast=\"auto\">tellement nombreuses<\/span><span data-contrast=\"auto\"> que l\u2019on o<\/span><span data-contrast=\"auto\">ubli<\/span><span data-contrast=\"auto\">e parfois de tenir un coll\u00e8gue inform\u00e9<\/span><span data-contrast=\"auto\">. <\/span><span data-contrast=\"auto\">Pour r\u00e9soudre ce <\/span><span data-contrast=\"auto\">probl\u00e8me, il est possible de marquer ses messages d\u2019un drapeau, ce que <\/span><span data-contrast=\"auto\">Webex<\/span><span data-contrast=\"auto\"> vous permet actuellement de faire. <\/span><span data-contrast=\"auto\">Mais d\u00e9sormais, <\/span><span data-contrast=\"auto\">Webex<\/span><span data-contrast=\"auto\"> int\u00e8gre la possibilit\u00e9 de <\/span><b><br \/>\n<span data-contrast=\"auto\">marquer les messages comme non lus<\/span><br \/>\n<\/b><span data-contrast=\"auto\">. Cette fonctionnalit\u00e9 est <\/span><span data-contrast=\"auto\">id\u00e9ale <\/span><span data-contrast=\"auto\">en <\/span><span data-contrast=\"auto\">compl\u00e9ment du marquage d\u2019un drapeau <\/span><span data-contrast=\"auto\">pour vous permettre <\/span><span data-contrast=\"auto\">de prioriser vos conversations <\/span><span data-contrast=\"auto\">et pour vous<\/span> <span data-contrast=\"auto\">rappeler d\u2019assurer le suivi de certains messages importants. Lorsque vous marquez un message comme non lu<\/span><span data-contrast=\"auto\">, <\/span><span data-contrast=\"auto\">vous envoyez tout de m\u00eame un accus\u00e9 de lecture dans l\u2019espace concern\u00e9<\/span><span data-contrast=\"auto\">, <\/span><span data-contrast=\"auto\">mais<\/span><span data-contrast=\"auto\"> l\u2019outil affichera <\/span><span data-contrast=\"auto\">dans votre <\/span><span data-contrast=\"auto\">espace que le <\/span><span data-contrast=\"auto\">message est consid\u00e9r\u00e9 comme<\/span><span data-contrast=\"auto\"> non lu<\/span><span data-contrast=\"auto\">.<\/span><span data-ccp-props=\"{&quot;134233279&quot;:true}\">\u00a0<\/span><\/li>\n<\/ul>\n<p><a href=\"https:\/\/storage.googleapis.com\/wx-blg-prd-gcs\/wp-content\/uploads\/1\/2021\/05\/Mark-as-Unread-Windows.png\"><br \/>\n<img loading=\"lazy\" decoding=\"async\" class=\"aligncenter size-full wp-image-11222\" src=\"https:\/\/storage.googleapis.com\/wx-blg-prd-gcs\/wp-content\/uploads\/1\/2021\/05\/Mark-as-Unread-Windows.png\" alt=\"Marquer comme non lus dans Meetings\" width=\"1440\" height=\"900\" srcset=\"https:\/\/blog.webex.com\/wp-content\/uploads\/2021\/05\/Mark-as-Unread-Windows.png 832w, https:\/\/blog.webex.com\/wp-content\/uploads\/2021\/05\/Mark-as-Unread-Windows-300x188.png 300w, https:\/\/blog.webex.com\/wp-content\/uploads\/2021\/05\/Mark-as-Unread-Windows-1024x640.png 1024w, https:\/\/blog.webex.com\/wp-content\/uploads\/2021\/05\/Mark-as-Unread-Windows-768x480.png 768w\" sizes=\"auto, (max-width: 1440px) 100vw, 1440px\" \/><br \/>\n<\/a><\/p>\n<ul>\n<li data-leveltext=\"\uf0b7\" data-font=\"Symbol\" data-listid=\"3\" aria-setsize=\"-1\" data-aria-posinset=\"1\" data-aria-level=\"1\"><span data-contrast=\"auto\">Tout le monde a <\/span><span data-contrast=\"auto\">une fa\u00e7on de travailler diff\u00e9rente<\/span><span data-contrast=\"auto\">\u00a0: certains <\/span><span data-contrast=\"auto\">utilisent surtout <\/span><span data-contrast=\"auto\">Webex<\/span><span data-contrast=\"auto\"> pour passer des appels, <\/span><span data-contrast=\"auto\">d\u2019autres<\/span> <span data-contrast=\"auto\">pr\u00e9f\u00e8rent <\/span><span data-contrast=\"auto\">envoyer des messages pour la collaboration des \u00e9quipes. D\u00e9sormais, <\/span><span data-contrast=\"auto\">Webex<\/span><span data-contrast=\"auto\"> permet aux utilisateurs ou administrateurs de <\/span><b><br \/>\n<span data-contrast=\"auto\">s\u00e9<\/span><br \/>\n<\/b><b><br \/>\n<span data-contrast=\"auto\">lectionner leur <\/span><br \/>\n<\/b><b><br \/>\n<span data-contrast=\"auto\">onglet d\u2019accueil <\/span><br \/>\n<\/b><b><br \/>\n<span data-contrast=\"auto\">par d\u00e9faut<\/span><br \/>\n<\/b><span data-contrast=\"auto\">. Ainsi, chaque fois que vous lancez <\/span><span data-contrast=\"auto\">Webex,<\/span><span data-contrast=\"auto\"> vous arriverez sur l\u2019onglet d\u2019accueil de votre choix,<\/span><span data-contrast=\"auto\"> ce q<\/span><span data-contrast=\"auto\">ui vous permet de gagner du temps au lieu de passer d\u2019un onglet \u00e0 l\u2019autre, et de vous concentrer sur ce qui compte <\/span><span data-contrast=\"auto\">vraiment <\/span><span data-contrast=\"auto\">pour vous.<\/span><span data-ccp-props=\"{&quot;134233279&quot;:true}\">\u00a0<\/span><\/li>\n<\/ul>\n<p><a href=\"https:\/\/storage.googleapis.com\/wx-blg-prd-gcs\/wp-content\/uploads\/1\/2021\/05\/Select-Your-Default-in-Meetings.png\"><br \/>\n<img loading=\"lazy\" decoding=\"async\" class=\"aligncenter size-full wp-image-11233\" src=\"https:\/\/storage.googleapis.com\/wx-blg-prd-gcs\/wp-content\/uploads\/1\/2021\/05\/Select-Your-Default-in-Meetings.png\" alt=\"S\u00e9lectionner votre onglet par d\u00e9faut dans Meeting\" width=\"1440\" height=\"900\" srcset=\"https:\/\/blog.webex.com\/wp-content\/uploads\/2021\/05\/Select-Your-Default-in-Meetings.png 832w, https:\/\/blog.webex.com\/wp-content\/uploads\/2021\/05\/Select-Your-Default-in-Meetings-300x188.png 300w, https:\/\/blog.webex.com\/wp-content\/uploads\/2021\/05\/Select-Your-Default-in-Meetings-1024x640.png 1024w, https:\/\/blog.webex.com\/wp-content\/uploads\/2021\/05\/Select-Your-Default-in-Meetings-768x480.png 768w\" sizes=\"auto, (max-width: 1440px) 100vw, 1440px\" \/><br \/>\n<\/a><\/p>\n<ul>\n<li data-leveltext=\"\uf0b7\" data-font=\"Symbol\" data-listid=\"3\" aria-setsize=\"-1\" data-aria-posinset=\"2\" data-aria-level=\"1\"><span data-contrast=\"auto\">Le travail d\u2019\u00e9quipe, c\u2019est super. Le flux de travail <\/span><span data-contrast=\"auto\">avance<\/span><span data-contrast=\"auto\"> plus <\/span><span data-contrast=\"auto\">vite,<\/span><span data-contrast=\"auto\"> et il est possible de communiquer directement avec les coll\u00e8gues les plus importants pour nos projets. Cependant, lorsque vous travaillez dans plusieurs espaces et tchats individuels, il peut parfois s\u2019av\u00e9rer chrono<\/span><span data-contrast=\"auto\">phage de retrouver l\u2019espace que vous cherchez. Mais plus maintenant\u00a0! Webex int\u00e8gre \u00e0 pr\u00e9sent une fonctionnalit\u00e9 <\/span><b><br \/>\n<span data-contrast=\"auto\">d\u2019historique de navigation,<\/span><br \/>\n<\/b><span data-contrast=\"auto\"> q<\/span><span data-contrast=\"auto\">u<\/span><span data-contrast=\"auto\">i<\/span> <span data-contrast=\"auto\">vous permet d\u2019afficher les espaces d\u00e9j\u00e0 visit\u00e9s, <\/span><span data-contrast=\"auto\">tout comme <\/span><span data-contrast=\"auto\">le<\/span><span data-contrast=\"auto\"> ferait un navigateur.<\/span><span data-ccp-props=\"{&quot;134233279&quot;:true}\">\u00a0<\/span><\/li>\n<\/ul>\n<h2 id=\"MEETINGS IN WEBEX\">R\u00c9UNIONS DANS WEBEX<\/h2>\n<ul>\n<li data-leveltext=\"\uf0b7\" data-font=\"Symbol\" data-listid=\"4\" aria-setsize=\"-1\" data-aria-posinset=\"1\" data-aria-level=\"1\"><span data-contrast=\"none\">Les passages r\u00e9p\u00e9t\u00e9s d\u2019une application \u00e0 l\u2019autre pour planifier une r\u00e9union vous font perdre beaucoup de temps et d\u2019\u00e9nergie<\/span><span data-contrast=\"none\">. Avec <\/span><span data-contrast=\"none\">Webex<\/span><span data-contrast=\"none\">,<\/span> <span data-contrast=\"none\">v<\/span><span data-contrast=\"none\">ous pouvez d\u00e9sormais<\/span><b><br \/>\n<span data-contrast=\"none\">planifier une <\/span><br \/>\n<\/b><b><br \/>\n<span data-contrast=\"none\">r\u00e9union <\/span><br \/>\n<\/b><b><br \/>\n<span data-contrast=\"none\">directement <\/span><br \/>\n<\/b><b><br \/>\n<span data-contrast=\"none\">dans<\/span><br \/>\n<\/b> <b><br \/>\n<span data-contrast=\"none\">l\u2019application <\/span><br \/>\n<\/b><b><br \/>\n<span data-contrast=\"none\">Webex.<\/span><br \/>\n<\/b><b><\/p>\n<p><\/b><span data-contrast=\"none\">Auparavant, il vous fallait <\/span><span data-contrast=\"none\">quitter l\u2019application\u00a0<\/span><span data-contrast=\"none\">Webex<\/span> <span data-contrast=\"none\">et<\/span> <span data-contrast=\"none\">utiliser <\/span><span data-contrast=\"none\">un calendrier<\/span><span data-contrast=\"none\"> tiers<\/span><span data-contrast=\"none\">&#8211;<\/span><span data-contrast=\"none\">pour <\/span><span data-contrast=\"none\">planifier une r\u00e9union. <\/span><span data-contrast=\"none\">D\u00e9sormais, le nouveau calendrier int\u00e9gr\u00e9 vous permet <\/span><span data-contrast=\"none\">de planifier<\/span><span data-contrast=\"none\">,<\/span><span data-contrast=\"none\"> de mettre \u00e0 jour ou d\u2019annuler vos r\u00e9unions<\/span><span data-contrast=\"none\"> en un rien de temps<\/span><span data-contrast=\"none\">.<\/span> <span data-contrast=\"none\">Il vous suffit de vous rendre dans <\/span><span data-contrast=\"none\">l\u2019onglet\u00a0<\/span><span data-contrast=\"none\">R\u00e9unions,<\/span><span data-contrast=\"none\"> de <\/span><span data-contrast=\"none\">cliquer sur<\/span><span data-contrast=\"none\"> Planifier<\/span><span data-contrast=\"none\">, <\/span><span data-contrast=\"none\">puis de<\/span> <span data-contrast=\"none\">s\u00e9lectionner la<\/span><span data-contrast=\"none\"> date, l\u2019heure et les participants<\/span><span data-contrast=\"none\">.<\/span><span data-contrast=\"none\"> Pour v\u00e9rifier l\u2019emploi du temps de vos coll\u00e8gues, vous pouvez consulter les disponibilit\u00e9s de vos invit\u00e9s, afin de s\u00e9lectionner l\u2019horaire le plus ad\u00e9quat pour tout le monde.<\/span> <span data-contrast=\"none\">Consultez votre semaine de travail <\/span><span data-contrast=\"none\">en un coup d\u2019\u0153il<\/span><span data-contrast=\"none\"> dans le calendrier de l\u2019application, afin de planifier votre emploi du temps comme vous le souhaitez. <\/span><span data-contrast=\"none\">Une fois que tout le monde a re\u00e7u votre invitation, vos invit\u00e9s pourront vous r\u00e9pondre directement <\/span><span data-contrast=\"none\">dans <\/span><span data-contrast=\"none\">l\u2019application.<\/span><span data-ccp-props=\"{&quot;134233279&quot;:true,&quot;335559740&quot;:259}\">\u00a0<\/span><\/li>\n<\/ul>\n<p><span data-ccp-props=\"{}\"> <a href=\"https:\/\/storage.googleapis.com\/wx-blg-prd-gcs\/wp-content\/uploads\/1\/2021\/05\/In-app-Meeting-1.png\"><img loading=\"lazy\" decoding=\"async\" class=\"aligncenter size-full wp-image-11062\" src=\"https:\/\/storage.googleapis.com\/wx-blg-prd-gcs\/wp-content\/uploads\/1\/2021\/05\/In-app-Meeting-1.png\" alt=\"R\u00e9union int\u00e9gr\u00e9e\" width=\"2210\" height=\"1320\" srcset=\"https:\/\/blog.webex.com\/wp-content\/uploads\/2021\/05\/In-app-Meeting-1.png 871w, https:\/\/blog.webex.com\/wp-content\/uploads\/2021\/05\/In-app-Meeting-1-300x179.png 300w, https:\/\/blog.webex.com\/wp-content\/uploads\/2021\/05\/In-app-Meeting-1-1024x612.png 1024w, https:\/\/blog.webex.com\/wp-content\/uploads\/2021\/05\/In-app-Meeting-1-768x459.png 768w, https:\/\/blog.webex.com\/wp-content\/uploads\/2021\/05\/In-app-Meeting-1-1536x917.png 1536w, https:\/\/blog.webex.com\/wp-content\/uploads\/2021\/05\/In-app-Meeting-1-2048x1223.png 2048w\" sizes=\"auto, (max-width: 2210px) 100vw, 2210px\" \/><\/a><\/span><\/p>\n<ul>\n<li>Webex est devenu le nouveau bureau virtuel. Notre fonctionnalit\u00e9 de cr\u00e9ation d\u2019enregistrements et de transcriptions de r\u00e9unions en un clin d\u2019\u0153il n\u2019\u00e9tait que le d\u00e9but. D\u00e9sormais, il n\u2019a jamais \u00e9t\u00e9 aussi facile de suivre la participation \u00e0 vos r\u00e9unions. Si vous planifiez une r\u00e9union ou un \u00e9v\u00e8nement n\u00e9cessitant une inscription, vous pouvez <strong>exporter le rapport d\u2019inscription<\/strong> au format\u00a0CSV en tant qu\u2019h\u00f4te. Dans ce rapport, vous pourrez consulter le nom, l\u2019adresse e-mail, la date et l\u2019heure d\u2019inscription, ainsi que l\u2019\u00e9tat de confirmation de chaque participant.<\/li>\n<\/ul>\n<p><a href=\"https:\/\/storage.googleapis.com\/wx-blg-prd-gcs\/wp-content\/uploads\/1\/2021\/05\/Export-registration-report.jpg\"><br \/>\n<img loading=\"lazy\" decoding=\"async\" class=\"aligncenter size-full wp-image-11051\" src=\"https:\/\/storage.googleapis.com\/wx-blg-prd-gcs\/wp-content\/uploads\/1\/2021\/05\/Export-registration-report.jpg\" alt=\"Exporter un rapport d\u2019inscription\" width=\"1448\" height=\"848\" srcset=\"https:\/\/blog.webex.com\/wp-content\/uploads\/2021\/05\/Export-registration-report.jpg 888w, https:\/\/blog.webex.com\/wp-content\/uploads\/2021\/05\/Export-registration-report-300x176.jpg 300w, https:\/\/blog.webex.com\/wp-content\/uploads\/2021\/05\/Export-registration-report-1024x600.jpg 1024w, https:\/\/blog.webex.com\/wp-content\/uploads\/2021\/05\/Export-registration-report-768x450.jpg 768w\" sizes=\"auto, (max-width: 1448px) 100vw, 1448px\" \/><br \/>\n<\/a><\/p>\n<h2 id=\"CALLING IN WEBEX\">APPELER AVEC WEBEX<b><\/b><\/h2>\n<ul>\n<li data-leveltext=\"\uf0b7\" data-font=\"Symbol\" data-listid=\"5\" aria-setsize=\"-1\" data-aria-posinset=\"3\" data-aria-level=\"1\"><span data-contrast=\"auto\">Pour optimiser votre exp\u00e9rience lorsque vous travaillez \u00e0 la maison ou au bureau \u00e0 l\u2019aide d\u2019une webcam externe, l\u2019application<strong>\u00a0Webex int\u00e8gre d\u00e9sormais pleinement la <\/strong><\/span><strong><br \/>\n<a href=\"https:\/\/www.cisco.com\/c\/en\/us\/products\/collaboration-endpoints\/webex-desk-camera\/index.html\">Webex\u00a0Desk\u00a0Camera<\/a><br \/>\n<\/strong><span data-contrast=\"auto\">. Lorsque vous utilisez la webcam avec l\u2019application, le volet de confidentialit\u00e9 de la Webex\u00a0Desk\u00a0Camera fait office d\u2019interrupteur de partage de votre vid\u00e9o dans l\u2019application de bureau. Lorsque le volet est ouvert, vous pouvez contr\u00f4ler le partage de votre vid\u00e9o dans l\u2019application. Lorsqu\u2019il est ferm\u00e9, votre vid\u00e9o s\u2019\u00e9teindra \u00e9galement dans l\u2019application, et votre interlocuteur ou les participants \u00e0 votre r\u00e9union ne verront plus que votre avatar, tout en indiquant clairement que vous avez \u00e9teint le partage vid\u00e9o. Cette int\u00e9gration vous assure davantage de confidentialit\u00e9 et vous permet de contr\u00f4ler quand et comment vous souhaitez partager votre vid\u00e9o.\u00a0\u00a0<\/span><span data-ccp-props=\"{&quot;134233279&quot;:true}\">\u00a0<\/span><\/li>\n<\/ul>\n<p><a href=\"https:\/\/storage.googleapis.com\/wx-blg-prd-gcs\/wp-content\/uploads\/1\/2021\/05\/May-launch-image2-scaled.jpg\"><br \/>\n<img loading=\"lazy\" decoding=\"async\" class=\"aligncenter size-full wp-image-11075\" src=\"https:\/\/storage.googleapis.com\/wx-blg-prd-gcs\/wp-content\/uploads\/1\/2021\/05\/May-launch-image2-scaled.jpg\" alt=\"femme assise \u00e0 son bureau avec un ordinateur\" width=\"2560\" height=\"1440\" srcset=\"https:\/\/blog.webex.com\/wp-content\/uploads\/2021\/05\/May-launch-image2-scaled.jpg 2560w, https:\/\/blog.webex.com\/wp-content\/uploads\/2021\/05\/May-launch-image2-300x169.jpg 300w, https:\/\/blog.webex.com\/wp-content\/uploads\/2021\/05\/May-launch-image2-1024x576.jpg 1024w, https:\/\/blog.webex.com\/wp-content\/uploads\/2021\/05\/May-launch-image2-768x432.jpg 768w, https:\/\/blog.webex.com\/wp-content\/uploads\/2021\/05\/May-launch-image2-1536x864.jpg 1536w, https:\/\/blog.webex.com\/wp-content\/uploads\/2021\/05\/May-launch-image2-2048x1152.jpg 2048w\" sizes=\"auto, (max-width: 2560px) 100vw, 2560px\" \/><br \/>\n<\/a><\/p>\n<ul>\n<li data-leveltext=\"\uf0b7\" data-font=\"Symbol\" data-listid=\"5\" aria-setsize=\"-1\" data-aria-posinset=\"4\" data-aria-level=\"1\"><span data-contrast=\"auto\">Aujourd\u2019hui<\/span><span data-contrast=\"auto\">,<\/span><span data-contrast=\"auto\"> le travail d\u2019\u00e9quipe peut se faire n\u2019importe o\u00f9 dans le monde, selon ce qui vous convient le mieux, ce qui signifie parfois devoir travailler lorsque vous \u00eates en d\u00e9placement. Avec Webex, vous pouvez profiter de la m\u00eame exp\u00e9rience, o\u00f9 que vous travailliez et quel que soit l\u2019outil que vous utilisez.\u00a0 De plus, il n\u2019a jamais \u00e9t\u00e9 aussi facile de contr\u00f4ler le contenu que vous partagez au cours d\u2019un appel depuis votre appareil mobile. Vous pouvez d\u00e9sormais <\/span><b><br \/>\n<span data-contrast=\"auto\">arr\u00eater le partage dans votre appareil mobile<\/span><br \/>\n<\/b><span data-contrast=\"auto\"> sous Android et iOS. Vous verrez une ic\u00f4ne indiquant lorsque le partage est activ\u00e9 et pourrez facilement arr\u00eater le partage, sans m\u00eame avoir besoin de retourner dans l\u2019application. Cette fonctionnalit\u00e9 est \u00e9galement disponible <\/span><span data-contrast=\"auto\">pour <\/span><span data-contrast=\"auto\">les r\u00e9unions.<\/span><span data-ccp-props=\"{&quot;134233279&quot;:true}\">\u00a0<\/span><\/li>\n<\/ul>\n<p><a href=\"https:\/\/storage.googleapis.com\/wx-blg-prd-gcs\/wp-content\/uploads\/1\/2021\/05\/ADR_In-sharing-1.1-merged.jpg\"><br \/>\n<img loading=\"lazy\" decoding=\"async\" class=\"aligncenter size-full wp-image-11085\" src=\"https:\/\/storage.googleapis.com\/wx-blg-prd-gcs\/wp-content\/uploads\/1\/2021\/05\/ADR_In-sharing-1.1-merged.jpg\" alt=\"Arr\u00eater le partage dans les appareils mobiles sous Android et iOS\" width=\"1080\" height=\"1520\" srcset=\"https:\/\/blog.webex.com\/wp-content\/uploads\/2021\/05\/ADR_In-sharing-1.1-merged.jpg 369w, https:\/\/blog.webex.com\/wp-content\/uploads\/2021\/05\/ADR_In-sharing-1.1-merged-213x300.jpg 213w, https:\/\/blog.webex.com\/wp-content\/uploads\/2021\/05\/ADR_In-sharing-1.1-merged-728x1024.jpg 728w, https:\/\/blog.webex.com\/wp-content\/uploads\/2021\/05\/ADR_In-sharing-1.1-merged-768x1081.jpg 768w\" sizes=\"auto, (max-width: 1080px) 100vw, 1080px\" \/><br \/>\n<\/a><\/p>\n<p><b><br \/>\n<span data-contrast=\"auto\">L\u2019application\u00a0Webex<\/span><br \/>\n<\/b><b><br \/>\n<span data-contrast=\"auto\"> avec Unified\u00a0CM<\/span><br \/>\n<\/b><b><br \/>\n<span data-contrast=\"auto\">:<\/span><br \/>\n<\/b><span data-ccp-props=\"{}\">\u00a0<\/span><\/p>\n<ul>\n<li data-leveltext=\"\uf0b7\" data-font=\"Symbol\" data-listid=\"5\" aria-setsize=\"-1\" data-aria-posinset=\"1\" data-aria-level=\"1\"><b><br \/>\n<span data-contrast=\"auto\">Basculement vers enregistrement <\/span><br \/>\n<\/b><b><br \/>\n<span data-contrast=\"auto\">MRA<\/span><br \/>\n<\/b><b><br \/>\n<span data-contrast=\"auto\">(acc\u00e8s mobile \u00e0<\/span><br \/>\n<\/b><b><br \/>\n<span data-contrast=\"auto\">distance)<\/span><br \/>\n<\/b><b><br \/>\n<span data-contrast=\"auto\">:<\/span><br \/>\n<\/b><span data-contrast=\"auto\"> profitez d\u2019une meilleure qualit\u00e9 et performance m\u00eame lorsque des \u00e9l\u00e9ments de votre r\u00e9seau tombent en panne. La d\u00e9tection et r\u00e9solution des probl\u00e8mes est plus rapide pour une connexion plus fiable.<\/span><span data-ccp-props=\"{&quot;134233279&quot;:true}\"><br \/>\n<\/span><\/li>\n<\/ul>\n<ul>\n<li data-leveltext=\"\uf0b7\" data-font=\"Symbol\" data-listid=\"5\" aria-setsize=\"-1\" data-aria-posinset=\"2\" data-aria-level=\"1\"><span data-contrast=\"auto\">Acc\u00e8s \u00e0 des <\/span><b><br \/>\n<span data-contrast=\"auto\">informations de diagnostic d\u00e9taill\u00e9es<\/span><br \/>\n<\/b><span data-contrast=\"auto\"> au sein m\u00eame de l\u2019application\u00a0Webex\u00a0: b\u00e9n\u00e9ficiez d\u2019un acc\u00e8s plus facile aux informations de performance<\/span><span data-contrast=\"auto\">,<\/span><span data-contrast=\"auto\"> comme<\/span><span data-contrast=\"auto\"> l\u2019utilisation de la<\/span><span data-contrast=\"auto\"> m\u00e9moire<\/span><span data-contrast=\"auto\">, l\u2019utilisation du CPU, les informations de configuration, les statistiques m\u00e9dia pour les appels et appareils lors de l\u2019appariement, et les statistiques d\u2019appel. Vous pouvez exporter ces informations et les partager avec votre administrateur informatique afin de simplifier toute op\u00e9ration de d\u00e9pannage et de diagnostic, lorsque cela est n\u00e9cessaire.<\/span><span data-ccp-props=\"{&quot;134233279&quot;:true}\">\u00a0<\/span><\/li>\n<\/ul>\n<h2><a href=\"https:\/\/storage.googleapis.com\/wx-blg-prd-gcs\/wp-content\/uploads\/1\/2021\/05\/Diagnostics-1.0-cropped.png\"><br \/>\n<img loading=\"lazy\" decoding=\"async\" class=\"aligncenter size-full wp-image-11096\" src=\"https:\/\/storage.googleapis.com\/wx-blg-prd-gcs\/wp-content\/uploads\/1\/2021\/05\/Diagnostics-1.0-cropped.png\" alt=\"informations de diagnostic au sein de l\u2019application\u00a0Webex\" width=\"1194\" height=\"960\" srcset=\"https:\/\/blog.webex.com\/wp-content\/uploads\/2021\/05\/Diagnostics-1.0-cropped.png 647w, https:\/\/blog.webex.com\/wp-content\/uploads\/2021\/05\/Diagnostics-1.0-cropped-300x241.png 300w, https:\/\/blog.webex.com\/wp-content\/uploads\/2021\/05\/Diagnostics-1.0-cropped-1024x823.png 1024w, https:\/\/blog.webex.com\/wp-content\/uploads\/2021\/05\/Diagnostics-1.0-cropped-768x617.png 768w\" sizes=\"auto, (max-width: 1194px) 100vw, 1194px\" \/><br \/>\n<\/a><\/h2>\n<h2 id=\"WEBEX PLATFORM NEWS\">NOUVEAUT\u00c9S DE LA PLATEFORME\u00a0WEBEX<\/h2>\n<ul>\n<li data-leveltext=\"\uf0b7\" data-font=\"Symbol\" data-listid=\"3\" aria-setsize=\"-1\" data-aria-posinset=\"3\" data-aria-level=\"1\"><span data-contrast=\"auto\">En raison de la<\/span><span data-contrast=\"auto\"> forte<\/span><span data-contrast=\"auto\"> demande au sein de notre <\/span><span data-contrast=\"auto\">communaut\u00e9<\/span><span data-contrast=\"auto\"> d\u2019utilisateurs\u00a0Webex, et afin de proposer une exp\u00e9rience inclusive \u00e0 tous nos clients, <\/span><b><br \/>\n<span data-contrast=\"auto\">Webex<\/span><br \/>\n<\/b><b><br \/>\n<span data-contrast=\"auto\"> est d\u00e9sormais pris en charge sous Linux<\/span><br \/>\n<\/b><span data-contrast=\"auto\">. Au cours de la premi\u00e8re phase de d\u00e9ploiement, nous assurerons la prise en charge des fonctionnalit\u00e9s <\/span><span data-contrast=\"auto\">essentielles<\/span><span data-contrast=\"auto\"> de Webex, <\/span><span data-contrast=\"auto\">notamment<\/span><span data-contrast=\"auto\"> les appels<\/span><span data-contrast=\"auto\"> individuels <\/span><span data-contrast=\"auto\">d\u2019application \u00e0 application<\/span><span data-contrast=\"auto\"> dans<\/span> <span data-contrast=\"auto\">Webex<\/span><span data-contrast=\"auto\">, la participation aux r\u00e9unions et la messagerie. <\/span><span data-contrast=\"auto\">La prise en charge des appels avec Unified\u00a0CM<\/span><span data-contrast=\"auto\"> sera<\/span><span data-contrast=\"auto\"> bient\u00f4t disponible<\/span><span data-contrast=\"auto\">. <\/span><span data-contrast=\"auto\">Ce n\u2019est que le d\u00e9but de notre voyage, dont l\u2019objectif final est d\u2019arriver \u00e0 une prise en charge \u00e9quivalente \u00e0 celle sous Mac et Windows.<\/span><span data-ccp-props=\"{&quot;134233279&quot;:true,&quot;335559740&quot;:259}\">\u00a0<\/span><\/li>\n<\/ul>\n<p><a href=\"https:\/\/storage.googleapis.com\/wx-blg-prd-gcs\/wp-content\/uploads\/1\/2021\/05\/Linux_AH.png\"><br \/>\n<img loading=\"lazy\" decoding=\"async\" class=\"aligncenter size-full wp-image-11459\" src=\"https:\/\/storage.googleapis.com\/wx-blg-prd-gcs\/wp-content\/uploads\/1\/2021\/05\/Linux_AH.png\" alt=\"Linux\" width=\"1366\" height=\"768\" srcset=\"https:\/\/blog.webex.com\/wp-content\/uploads\/2021\/05\/Linux_AH.png 925w, https:\/\/blog.webex.com\/wp-content\/uploads\/2021\/05\/Linux_AH-300x169.png 300w, https:\/\/blog.webex.com\/wp-content\/uploads\/2021\/05\/Linux_AH-1024x576.png 1024w, https:\/\/blog.webex.com\/wp-content\/uploads\/2021\/05\/Linux_AH-768x432.png 768w\" sizes=\"auto, (max-width: 1366px) 100vw, 1366px\" \/><br \/>\n<\/a><\/p>\n<blockquote><p>Pour d\u00e9couvrir comment<span data-contrast=\"auto\"> travailler plus efficacement et optimiser votre temps, <a href=\"https:\/\/cart.webex.com\/sign-up?experienceType=Unified&amp;ft=selfsignup\">essayez Webex gratuitement\u00a0!<\/a><\/span><\/p><\/blockquote>\n<p><strong>Pour en savoir plus<\/strong><\/p>\n<p><a href=\"https:\/\/blog.webex.com\/fr\/visioconferences\/les-nouveautes-de-webex-mai-2021\/\">Les nouveaut\u00e9s de Webex\u00a0: mai\u00a02021<\/a><\/p>\n<p><a href=\"https:\/\/blog.webex.com\/fr\/visioconferences\/tout-est-dans-la-nouvelle-version-de-webex\/\">Tout est nouveau dans le nouveau Webex<\/a><\/p>\n<p><a href=\"https:\/\/blogs.cisco.com\/collaboration\/whats-so-new-about-the-all-new-webex\">Quelles sont les v\u00e9ritables nouveaut\u00e9s du nouveau\u00a0Webex\u00a0?<\/a><\/p>\n<p><strong>Vous avez encore besoin d\u2019aide\u00a0?<\/strong><\/p>\n<p><a href=\"https:\/\/globalpage-prod.webex.com\/join?surl=https%3A%2F%2Fsignin.webex.com%2Fcollabs%2F%23%2Fmeetings%2Fjoinbynumber%3F\">Rejoignez une r\u00e9union en ligne\u00a0Webex<\/a><\/p>\n<p><a href=\"https:\/\/www.cisco.com\/c\/en\/us\/solutions\/collaboration\/webinars.html\">Pour en savoir plus sur Webex, suivez une de nos prochaines formations<\/a><\/p>\n<p><a href=\"https:\/\/www.cisco.com\/c\/en\/us\/solutions\/collaboration\/webinars.html#~daily-demos\">D\u00e9couvrez nos d\u00e9monstrations de produit quotidiennes<\/a><\/p>\n<p><a href=\"https:\/\/www.webex.com\/video-conferencing\">Inscrivez-vous \u00e0 Webex<\/a><\/p>\n<p>Acc\u00e9dez \u00e0 notre <a href=\"https:\/\/www.webex.com\/\">page d\u2019accueil<\/a> ou <a href=\"https:\/\/www.webex.com\/contact-us.html\">contactez-nous<\/a> directement si vous avez besoin d\u2019aide.<\/p>\n","protected":false},"excerpt":{"rendered":"<p>Ce mois-ci, la mise \u00e0 jour de l\u2019application\u00a0Webex int\u00e8gre plusieurs fonctionnalit\u00e9s vous permettant de travailler plus efficacement et d\u2019optimiser votre temps.<\/p>\n","protected":false},"author":1,"featured_media":377324,"comment_status":"open","ping_status":"open","sticky":false,"template":"","format":"standard","meta":{"inline_featured_image":false,"footnotes":""},"categories":[1493],"tags":[3851,2066],"class_list":["post-19826","post","type-post","status-publish","format-standard","has-post-thumbnail","hentry","category-visioconferences","tag-collaboration-solutions","tag-outils-de-collaboration"],"acf":[],"yoast_head":"<!-- This site is optimized with the Yoast SEO plugin v27.1.1 - https:\/\/yoast.com\/product\/yoast-seo-wordpress\/ -->\n<title>Marquage des messages comme non lus, calendrier de planification int\u00e9gr\u00e9, Webex sous Linux et bien plus encore dans la mise \u00e0 jour de mai de l\u2019application\u00a0Webex | Webex Blog<\/title>\n<meta name=\"robots\" content=\"index, follow, max-snippet:-1, max-image-preview:large, max-video-preview:-1\" \/>\n<link rel=\"canonical\" href=\"https:\/\/blog.webex.com\/collaboration\/video-conferencing\/mark-messages-as-unread-in-app-scheduling-calendar-webex-on-linux-and-more-in-the-webex-app-may-update\/\" \/>\n<meta property=\"og:locale\" content=\"fr_FR\" \/>\n<meta property=\"og:type\" content=\"article\" \/>\n<meta property=\"og:title\" content=\"Marquage des messages comme non lus, calendrier de planification int\u00e9gr\u00e9, Webex sous Linux et bien plus encore dans la mise \u00e0 jour de mai de l\u2019application\u00a0Webex | Webex Blog\" \/>\n<meta property=\"og:description\" content=\"Ce mois-ci, la mise \u00e0 jour de l\u2019application\u00a0Webex int\u00e8gre plusieurs fonctionnalit\u00e9s vous permettant de travailler plus efficacement et d\u2019optimiser votre temps.\" \/>\n<meta property=\"og:url\" content=\"https:\/\/blog.webex.com\/collaboration\/video-conferencing\/mark-messages-as-unread-in-app-scheduling-calendar-webex-on-linux-and-more-in-the-webex-app-may-update\/\" \/>\n<meta property=\"og:site_name\" content=\"Webex Blog\" \/>\n<meta property=\"article:author\" content=\"https:\/\/www.facebook.com\/webex\" \/>\n<meta property=\"article:published_time\" content=\"2021-05-04T16:01:11+00:00\" \/>\n<meta property=\"article:modified_time\" content=\"2021-10-15T22:42:48+00:00\" \/>\n<meta property=\"og:image\" content=\"https:\/\/blog.webex.com\/wp-content\/uploads\/2021\/05\/In-app-Meeting.png\" \/>\n\t<meta property=\"og:image:width\" content=\"2210\" \/>\n\t<meta property=\"og:image:height\" content=\"1320\" \/>\n\t<meta property=\"og:image:type\" content=\"image\/png\" \/>\n<meta name=\"author\" content=\"Webex Team\" \/>\n<meta name=\"twitter:label1\" content=\"\u00c9crit par\" \/>\n\t<meta name=\"twitter:data1\" content=\"L\u2019\u00e9quipe Webex\" \/>\n\t<meta name=\"twitter:label2\" content=\"Dur\u00e9e de lecture estim\u00e9e\" \/>\n\t<meta name=\"twitter:data2\" content=\"7 minutes\" \/>\n<script type=\"application\/ld+json\" class=\"yoast-schema-graph\">{\"@context\":\"https:\/\/schema.org\",\"@graph\":[{\"@type\":\"Article\",\"@id\":\"https:\/\/blog.webex.com\/collaboration\/video-conferencing\/mark-messages-as-unread-in-app-scheduling-calendar-webex-on-linux-and-more-in-the-webex-app-may-update\/#article\",\"isPartOf\":{\"@id\":\"https:\/\/blog.webex.com\/collaboration\/video-conferencing\/mark-messages-as-unread-in-app-scheduling-calendar-webex-on-linux-and-more-in-the-webex-app-may-update\/\"},\"author\":{\"name\":\"Webex Team\",\"@id\":\"https:\/\/blog.webex.com\/es\/#\/schema\/person\/e377ec8e77fab0d70a792b66ebf647c0\"},\"headline\":\"Marquage des messages comme non lus, calendrier de planification ...\",\"datePublished\":\"2021-05-04T16:01:11+00:00\",\"dateModified\":\"2021-10-15T22:42:48+00:00\",\"mainEntityOfPage\":{\"@id\":\"https:\/\/blog.webex.com\/collaboration\/video-conferencing\/mark-messages-as-unread-in-app-scheduling-calendar-webex-on-linux-and-more-in-the-webex-app-may-update\/\"},\"wordCount\":1393,\"commentCount\":0,\"image\":{\"@id\":\"https:\/\/blog.webex.com\/collaboration\/video-conferencing\/mark-messages-as-unread-in-app-scheduling-calendar-webex-on-linux-and-more-in-the-webex-app-may-update\/#primaryimage\"},\"thumbnailUrl\":\"https:\/\/blog.webex.com\/wp-content\/uploads\/2021\/05\/In-app-Meeting.png\",\"keywords\":[\"Collaboration Solutions\",\"outils de collaboration\"],\"articleSection\":[\"Visioconf\u00e9rences\"],\"inLanguage\":\"fr-FR\",\"potentialAction\":[{\"@type\":\"CommentAction\",\"name\":\"Comment\",\"target\":[\"https:\/\/blog.webex.com\/collaboration\/video-conferencing\/mark-messages-as-unread-in-app-scheduling-calendar-webex-on-linux-and-more-in-the-webex-app-may-update\/#respond\"]}]},{\"@type\":\"WebPage\",\"@id\":\"https:\/\/blog.webex.com\/collaboration\/video-conferencing\/mark-messages-as-unread-in-app-scheduling-calendar-webex-on-linux-and-more-in-the-webex-app-may-update\/\",\"url\":\"https:\/\/blog.webex.com\/collaboration\/video-conferencing\/mark-messages-as-unread-in-app-scheduling-calendar-webex-on-linux-and-more-in-the-webex-app-may-update\/\",\"name\":\"Marquage des messages comme non lus, calendrier de planification int\u00e9gr\u00e9, Webex sous Linux et bien plus encore dans la mise \u00e0 jour de mai de l\u2019application\u00a0Webex | Webex Blog\",\"isPartOf\":{\"@id\":\"https:\/\/blog.webex.com\/es\/#website\"},\"primaryImageOfPage\":{\"@id\":\"https:\/\/blog.webex.com\/collaboration\/video-conferencing\/mark-messages-as-unread-in-app-scheduling-calendar-webex-on-linux-and-more-in-the-webex-app-may-update\/#primaryimage\"},\"image\":{\"@id\":\"https:\/\/blog.webex.com\/collaboration\/video-conferencing\/mark-messages-as-unread-in-app-scheduling-calendar-webex-on-linux-and-more-in-the-webex-app-may-update\/#primaryimage\"},\"thumbnailUrl\":\"https:\/\/blog.webex.com\/wp-content\/uploads\/2021\/05\/In-app-Meeting.png\",\"datePublished\":\"2021-05-04T16:01:11+00:00\",\"dateModified\":\"2021-10-15T22:42:48+00:00\",\"author\":{\"@id\":\"https:\/\/blog.webex.com\/es\/#\/schema\/person\/e377ec8e77fab0d70a792b66ebf647c0\"},\"breadcrumb\":{\"@id\":\"https:\/\/blog.webex.com\/collaboration\/video-conferencing\/mark-messages-as-unread-in-app-scheduling-calendar-webex-on-linux-and-more-in-the-webex-app-may-update\/#breadcrumb\"},\"inLanguage\":\"fr-FR\",\"potentialAction\":[{\"@type\":\"ReadAction\",\"target\":[\"https:\/\/blog.webex.com\/collaboration\/video-conferencing\/mark-messages-as-unread-in-app-scheduling-calendar-webex-on-linux-and-more-in-the-webex-app-may-update\/\"]}]},{\"@type\":\"ImageObject\",\"inLanguage\":\"fr-FR\",\"@id\":\"https:\/\/blog.webex.com\/collaboration\/video-conferencing\/mark-messages-as-unread-in-app-scheduling-calendar-webex-on-linux-and-more-in-the-webex-app-may-update\/#primaryimage\",\"url\":\"https:\/\/blog.webex.com\/wp-content\/uploads\/2021\/05\/In-app-Meeting.png\",\"contentUrl\":\"https:\/\/blog.webex.com\/wp-content\/uploads\/2021\/05\/In-app-Meeting.png\",\"width\":2210,\"height\":1320},{\"@type\":\"BreadcrumbList\",\"@id\":\"https:\/\/blog.webex.com\/collaboration\/video-conferencing\/mark-messages-as-unread-in-app-scheduling-calendar-webex-on-linux-and-more-in-the-webex-app-may-update\/#breadcrumb\",\"itemListElement\":[{\"@type\":\"ListItem\",\"position\":1,\"name\":\"Home\",\"item\":\"https:\/\/blog.webex.com\/fr\/\"},{\"@type\":\"ListItem\",\"position\":2,\"name\":\"Marquage des messages comme non lus, calendrier de planification ...\"}]},{\"@type\":\"WebSite\",\"@id\":\"https:\/\/blog.webex.com\/es\/#website\",\"url\":\"https:\/\/blog.webex.com\/es\/\",\"name\":\"Webex Blog\",\"description\":\"Webex by Cisco powers collaboration through industry-leading video conferencing, cloud calling and contact center solutions\",\"potentialAction\":[{\"@type\":\"SearchAction\",\"target\":{\"@type\":\"EntryPoint\",\"urlTemplate\":\"https:\/\/blog.webex.com\/es\/?s={search_term_string}\"},\"query-input\":{\"@type\":\"PropertyValueSpecification\",\"valueRequired\":true,\"valueName\":\"search_term_string\"}}],\"inLanguage\":\"fr-FR\"},{\"@type\":\"Person\",\"@id\":\"https:\/\/blog.webex.com\/es\/#\/schema\/person\/e377ec8e77fab0d70a792b66ebf647c0\",\"name\":\"Webex Team\",\"image\":{\"@type\":\"ImageObject\",\"inLanguage\":\"fr-FR\",\"@id\":\"https:\/\/blog.webex.com\/es\/#\/schema\/person\/image\/\",\"url\":\"https:\/\/secure.gravatar.com\/avatar\/f2de40eb6d70014e905cc35d9daca32b1f90d87519cf61fce7607ea15ec87b11?s=96&d=wp_user_avatar&r=g\",\"contentUrl\":\"https:\/\/secure.gravatar.com\/avatar\/f2de40eb6d70014e905cc35d9daca32b1f90d87519cf61fce7607ea15ec87b11?s=96&d=wp_user_avatar&r=g\",\"caption\":\"Webex Team\"},\"description\":\"Webex is a leading provider of cloud-based collaboration solutions which includes video meetings, calling, messaging, events, customer experience solutions like contact center, and purpose-built collaboration devices.\",\"sameAs\":[\"http:\/\/www.webex.com\",\"https:\/\/www.facebook.com\/webex\",\"https:\/\/www.linkedin.com\/company\/webex\",\"https:\/\/x.com\/https:\/\/twitter.com\/Webex\"],\"url\":\"https:\/\/blog.webex.com\/fr\/contributors\/webexadmin\/\"}]}<\/script>\n<!-- \/ Yoast SEO plugin. -->","yoast_head_json":{"title":"Marquage des messages comme non lus, calendrier de planification int\u00e9gr\u00e9, Webex sous Linux et bien plus encore dans la mise \u00e0 jour de mai de l\u2019application\u00a0Webex | Webex Blog","robots":{"index":"index","follow":"follow","max-snippet":"max-snippet:-1","max-image-preview":"max-image-preview:large","max-video-preview":"max-video-preview:-1"},"canonical":"https:\/\/blog.webex.com\/collaboration\/video-conferencing\/mark-messages-as-unread-in-app-scheduling-calendar-webex-on-linux-and-more-in-the-webex-app-may-update\/","og_locale":"fr_FR","og_type":"article","og_title":"Marquage des messages comme non lus, calendrier de planification int\u00e9gr\u00e9, Webex sous Linux et bien plus encore dans la mise \u00e0 jour de mai de l\u2019application\u00a0Webex | Webex Blog","og_description":"Ce mois-ci, la mise \u00e0 jour de l\u2019application\u00a0Webex int\u00e8gre plusieurs fonctionnalit\u00e9s vous permettant de travailler plus efficacement et d\u2019optimiser votre temps.","og_url":"https:\/\/blog.webex.com\/collaboration\/video-conferencing\/mark-messages-as-unread-in-app-scheduling-calendar-webex-on-linux-and-more-in-the-webex-app-may-update\/","og_site_name":"Webex Blog","article_author":"https:\/\/www.facebook.com\/webex","article_published_time":"2021-05-04T16:01:11+00:00","article_modified_time":"2021-10-15T22:42:48+00:00","og_image":[{"width":2210,"height":1320,"url":"https:\/\/blog.webex.com\/wp-content\/uploads\/2021\/05\/In-app-Meeting.png","type":"image\/png"}],"author":"Webex Team","twitter_misc":{"\u00c9crit par":"L\u2019\u00e9quipe Webex","Dur\u00e9e de lecture estim\u00e9e":"7 minutes"},"schema":{"@context":"https:\/\/schema.org","@graph":[{"@type":"Article","@id":"https:\/\/blog.webex.com\/collaboration\/video-conferencing\/mark-messages-as-unread-in-app-scheduling-calendar-webex-on-linux-and-more-in-the-webex-app-may-update\/#article","isPartOf":{"@id":"https:\/\/blog.webex.com\/collaboration\/video-conferencing\/mark-messages-as-unread-in-app-scheduling-calendar-webex-on-linux-and-more-in-the-webex-app-may-update\/"},"author":{"name":"Webex Team","@id":"https:\/\/blog.webex.com\/es\/#\/schema\/person\/e377ec8e77fab0d70a792b66ebf647c0"},"headline":"Marquage des messages comme non lus, calendrier de planification ...","datePublished":"2021-05-04T16:01:11+00:00","dateModified":"2021-10-15T22:42:48+00:00","mainEntityOfPage":{"@id":"https:\/\/blog.webex.com\/collaboration\/video-conferencing\/mark-messages-as-unread-in-app-scheduling-calendar-webex-on-linux-and-more-in-the-webex-app-may-update\/"},"wordCount":1393,"commentCount":0,"image":{"@id":"https:\/\/blog.webex.com\/collaboration\/video-conferencing\/mark-messages-as-unread-in-app-scheduling-calendar-webex-on-linux-and-more-in-the-webex-app-may-update\/#primaryimage"},"thumbnailUrl":"https:\/\/blog.webex.com\/wp-content\/uploads\/2021\/05\/In-app-Meeting.png","keywords":["Collaboration Solutions","outils de collaboration"],"articleSection":["Visioconf\u00e9rences"],"inLanguage":"fr-FR","potentialAction":[{"@type":"CommentAction","name":"Comment","target":["https:\/\/blog.webex.com\/collaboration\/video-conferencing\/mark-messages-as-unread-in-app-scheduling-calendar-webex-on-linux-and-more-in-the-webex-app-may-update\/#respond"]}]},{"@type":"WebPage","@id":"https:\/\/blog.webex.com\/collaboration\/video-conferencing\/mark-messages-as-unread-in-app-scheduling-calendar-webex-on-linux-and-more-in-the-webex-app-may-update\/","url":"https:\/\/blog.webex.com\/collaboration\/video-conferencing\/mark-messages-as-unread-in-app-scheduling-calendar-webex-on-linux-and-more-in-the-webex-app-may-update\/","name":"Marquage des messages comme non lus, calendrier de planification int\u00e9gr\u00e9, Webex sous Linux et bien plus encore dans la mise \u00e0 jour de mai de l\u2019application\u00a0Webex | Webex Blog","isPartOf":{"@id":"https:\/\/blog.webex.com\/es\/#website"},"primaryImageOfPage":{"@id":"https:\/\/blog.webex.com\/collaboration\/video-conferencing\/mark-messages-as-unread-in-app-scheduling-calendar-webex-on-linux-and-more-in-the-webex-app-may-update\/#primaryimage"},"image":{"@id":"https:\/\/blog.webex.com\/collaboration\/video-conferencing\/mark-messages-as-unread-in-app-scheduling-calendar-webex-on-linux-and-more-in-the-webex-app-may-update\/#primaryimage"},"thumbnailUrl":"https:\/\/blog.webex.com\/wp-content\/uploads\/2021\/05\/In-app-Meeting.png","datePublished":"2021-05-04T16:01:11+00:00","dateModified":"2021-10-15T22:42:48+00:00","author":{"@id":"https:\/\/blog.webex.com\/es\/#\/schema\/person\/e377ec8e77fab0d70a792b66ebf647c0"},"breadcrumb":{"@id":"https:\/\/blog.webex.com\/collaboration\/video-conferencing\/mark-messages-as-unread-in-app-scheduling-calendar-webex-on-linux-and-more-in-the-webex-app-may-update\/#breadcrumb"},"inLanguage":"fr-FR","potentialAction":[{"@type":"ReadAction","target":["https:\/\/blog.webex.com\/collaboration\/video-conferencing\/mark-messages-as-unread-in-app-scheduling-calendar-webex-on-linux-and-more-in-the-webex-app-may-update\/"]}]},{"@type":"ImageObject","inLanguage":"fr-FR","@id":"https:\/\/blog.webex.com\/collaboration\/video-conferencing\/mark-messages-as-unread-in-app-scheduling-calendar-webex-on-linux-and-more-in-the-webex-app-may-update\/#primaryimage","url":"https:\/\/blog.webex.com\/wp-content\/uploads\/2021\/05\/In-app-Meeting.png","contentUrl":"https:\/\/blog.webex.com\/wp-content\/uploads\/2021\/05\/In-app-Meeting.png","width":2210,"height":1320},{"@type":"BreadcrumbList","@id":"https:\/\/blog.webex.com\/collaboration\/video-conferencing\/mark-messages-as-unread-in-app-scheduling-calendar-webex-on-linux-and-more-in-the-webex-app-may-update\/#breadcrumb","itemListElement":[{"@type":"ListItem","position":1,"name":"Home","item":"https:\/\/blog.webex.com\/fr\/"},{"@type":"ListItem","position":2,"name":"Marquage des messages comme non lus, calendrier de planification ..."}]},{"@type":"WebSite","@id":"https:\/\/blog.webex.com\/es\/#website","url":"https:\/\/blog.webex.com\/es\/","name":"Webex Blog","description":"Webex by Cisco powers collaboration through industry-leading video conferencing, cloud calling and contact center solutions","potentialAction":[{"@type":"SearchAction","target":{"@type":"EntryPoint","urlTemplate":"https:\/\/blog.webex.com\/es\/?s={search_term_string}"},"query-input":{"@type":"PropertyValueSpecification","valueRequired":true,"valueName":"search_term_string"}}],"inLanguage":"fr-FR"},{"@type":"Person","@id":"https:\/\/blog.webex.com\/es\/#\/schema\/person\/e377ec8e77fab0d70a792b66ebf647c0","name":"Webex Team","image":{"@type":"ImageObject","inLanguage":"fr-FR","@id":"https:\/\/blog.webex.com\/es\/#\/schema\/person\/image\/","url":"https:\/\/secure.gravatar.com\/avatar\/f2de40eb6d70014e905cc35d9daca32b1f90d87519cf61fce7607ea15ec87b11?s=96&d=wp_user_avatar&r=g","contentUrl":"https:\/\/secure.gravatar.com\/avatar\/f2de40eb6d70014e905cc35d9daca32b1f90d87519cf61fce7607ea15ec87b11?s=96&d=wp_user_avatar&r=g","caption":"Webex Team"},"description":"Webex is a leading provider of cloud-based collaboration solutions which includes video meetings, calling, messaging, events, customer experience solutions like contact center, and purpose-built collaboration devices.","sameAs":["http:\/\/www.webex.com","https:\/\/www.facebook.com\/webex","https:\/\/www.linkedin.com\/company\/webex","https:\/\/x.com\/https:\/\/twitter.com\/Webex"],"url":"https:\/\/blog.webex.com\/fr\/contributors\/webexadmin\/"}]}},"_links":{"self":[{"href":"https:\/\/blog.webex.com\/fr\/wp-json\/wp\/v2\/posts\/19826","targetHints":{"allow":["GET"]}}],"collection":[{"href":"https:\/\/blog.webex.com\/fr\/wp-json\/wp\/v2\/posts"}],"about":[{"href":"https:\/\/blog.webex.com\/fr\/wp-json\/wp\/v2\/types\/post"}],"author":[{"embeddable":true,"href":"https:\/\/blog.webex.com\/fr\/wp-json\/wp\/v2\/users\/1"}],"replies":[{"embeddable":true,"href":"https:\/\/blog.webex.com\/fr\/wp-json\/wp\/v2\/comments?post=19826"}],"version-history":[{"count":0,"href":"https:\/\/blog.webex.com\/fr\/wp-json\/wp\/v2\/posts\/19826\/revisions"}],"wp:featuredmedia":[{"embeddable":true,"href":"https:\/\/blog.webex.com\/fr\/wp-json\/wp\/v2\/media\/377324"}],"wp:attachment":[{"href":"https:\/\/blog.webex.com\/fr\/wp-json\/wp\/v2\/media?parent=19826"}],"wp:term":[{"taxonomy":"category","embeddable":true,"href":"https:\/\/blog.webex.com\/fr\/wp-json\/wp\/v2\/categories?post=19826"},{"taxonomy":"post_tag","embeddable":true,"href":"https:\/\/blog.webex.com\/fr\/wp-json\/wp\/v2\/tags?post=19826"}],"curies":[{"name":"wp","href":"https:\/\/api.w.org\/{rel}","templated":true}]}}