{"id":20252,"date":"2021-07-16T16:01:35","date_gmt":"2021-07-16T23:01:35","guid":{"rendered":"https:\/\/blog.webex.com\/uncategorized-fr\/une-ecole-a-eu-recours-aux-appareils-video-webex-pour-favoriser-linclusion-et-la-reussite-des-eleves-durant-la-pandemie\/"},"modified":"2021-11-04T09:03:56","modified_gmt":"2021-11-04T16:03:56","slug":"une-ecole-a-eu-recours-aux-appareils-video-webex-pour-favoriser-linclusion-et-la-reussite-des-eleves-durant-la-pandemie","status":"publish","type":"post","link":"https:\/\/blog.webex.com\/fr\/customer-stories\/une-ecole-a-eu-recours-aux-appareils-video-webex-pour-favoriser-linclusion-et-la-reussite-des-eleves-durant-la-pandemie\/","title":{"rendered":"Une \u00e9cole a eu recours aux appareils vid\u00e9o Webex pour favoriser ..."},"content":{"rendered":"<h2><strong>Au-del\u00e0 des apprentissages avec les salles de classe hybrides Webex by Cisco<\/strong><\/h2>\n<p>Oak Meadow School est une \u00e9cole priv\u00e9e bas\u00e9e \u00e0 Littleton, dans le Massachusetts. Elle accueille des enfants \u00e2g\u00e9s de 15\u00a0mois \u00e0 14\u00a0ans. Oak Meadow School suit les pr\u00e9ceptes de la philosophie Montessori, qui place l\u2019enfant au centre et encourage l\u2019excellence scolaire, le d\u00e9veloppement personnel et les connaissances culturelles tout en stimulant l\u2019esprit des enfants.<\/p>\n<p>La particularit\u00e9 de l\u2019\u00e9cole Oak Meadow est que, d\u00e8s que l\u2019\u00c9tat a instaur\u00e9 le confinement en mars\u00a02020, sa direction s\u2019est attach\u00e9e \u00e0 chercher des solutions pour que les professeurs puissent enseigner de fa\u00e7on motivante afin que les \u00e9l\u00e8ves poursuivent leurs apprentissages et terminent l\u2019int\u00e9gralit\u00e9 des programmes scolaires. L\u2019objectif \u00e9tait de veiller \u00e0 ce que tous les enfants se sentent inclus, qu\u2019ils finissent par revenir en classe ou d\u00e9cident de rester chez eux pour l\u2019ann\u00e9e scolaire suivante.<\/p>\n<p>Cette approche contrastait fortement avec les mesures prises par la majorit\u00e9 des \u00e9tablissements scolaires, qui pr\u00f4naient \u00ab\u00a0l\u2019\u00e9cole \u00e0 la maison\u00a0\u00bb.\u00a0 Cette diff\u00e9rence subtile, consistant \u00e0 se concentrer sur les r\u00e9sultats plut\u00f4t que sur la m\u00e9thode, fut un des nombreux facteurs qui ont permis \u00e0 l\u2019\u00e9cole Oak Meadow de dispenser l\u2019int\u00e9gralit\u00e9 des programmes et d\u2019\u00e9viter les retards scolaires importants que de nombreuses autres \u00e9coles ont constat\u00e9s.<\/p>\n<h2><strong>Abandonner les cours enti\u00e8rement \u00e0 distance au profit de classes hybrides gr\u00e2ce aux appareils Webex<\/strong><\/h2>\n<p>Lorsque l\u2019\u00e9cole Oak Meadow a d\u00fb fermer en mars\u00a02020, ses enseignants et les \u00e9l\u00e8ves, tous confin\u00e9s chez eux, ont eu recours \u00e0 Webex. Apr\u00e8s une semaine seulement de pr\u00e9paration, les enseignants ont tous repris leurs cours depuis leur domicile. Et il ne s\u2019agissait pas simplement de cours en ligne, mais d\u2019un v\u00e9ritable enseignement.<\/p>\n<p>En parall\u00e8le, l\u2019\u00e9cole Oak Meadow a commenc\u00e9 sans tarder \u00e0 pr\u00e9parer la rentr\u00e9e scolaire de septembre. Alors que l\u2019\u00c9tat du Massachusetts autorisait la r\u00e9ouverture des \u00e9coles en pr\u00e9sentiel \u00e0 la condition que les mesures sanitaires appropri\u00e9es soient respect\u00e9es, \u00e0 l\u2019\u00e9cole Oak Meadow 70\u00a0% des familles ont choisi de renvoyer leurs enfants en classe, tandis que 30\u00a0% ont pr\u00e9f\u00e9r\u00e9 les garder \u00e0 la maison.<\/p>\n<p>Le nombre d\u2019enseignants \u00e9tait insuffisant pour faire classe s\u00e9par\u00e9ment aux \u00e9l\u00e8ves rest\u00e9s chez eux et \u00e0 ceux de retour \u00e0 l\u2019\u00e9cole. Pour l\u2019\u00e9cole Oak Meadow, il \u00e9tait essentiel qu\u2019un m\u00eame professeur puisse assurer un enseignement efficace aux \u00e9l\u00e8ves en classe et \u00e0 ceux rest\u00e9s chez eux, afin de pouvoir non seulement dispenser l\u2019int\u00e9gralit\u00e9 des programmes, mais aussi \u00e9viter tout retard scolaire.<\/p>\n<p><a href=\"https:\/\/storage.googleapis.com\/wx-blg-prd-gcs\/wp-content\/uploads\/1\/2021\/07\/In-class-at-oak-meadows.jpg\"><br \/>\n  <img loading=\"lazy\" decoding=\"async\" class=\"aligncenter size-full wp-image-18638\" src=\"https:\/\/storage.googleapis.com\/wx-blg-prd-gcs\/wp-content\/uploads\/1\/2021\/07\/In-class-at-oak-meadows.jpg\" alt=\"En classe \u00e0 l\u2019\u00e9cole Oak Meadow\" width=\"1155\" height=\"870\" srcset=\"https:\/\/blog.webex.com\/wp-content\/uploads\/2021\/07\/In-class-at-oak-meadows.jpg 690w, https:\/\/blog.webex.com\/wp-content\/uploads\/2021\/07\/In-class-at-oak-meadows-300x226.jpg 300w, https:\/\/blog.webex.com\/wp-content\/uploads\/2021\/07\/In-class-at-oak-meadows-1025x772.jpg 1025w, https:\/\/blog.webex.com\/wp-content\/uploads\/2021\/07\/In-class-at-oak-meadows-768x578.jpg 768w\" sizes=\"auto, (max-width: 1155px) 100vw, 1155px\" \/><br \/>\n<\/a><\/p>\n<p>Comme le montre la photo d\u2019une des salles de classe, cet objectif a \u00e9t\u00e9 atteint gr\u00e2ce \u00e0 l\u2019utilisation d\u2019un seul Webex Room Kit \u00e9quip\u00e9 de deux \u00e9crans Samsung associ\u00e9s, dans ce cas pr\u00e9cis, \u00e0 un Webex Board.<\/p>\n<p>Le principal atout de cette configuration est que l\u2019enseignante positionn\u00e9e \u00e0 l\u2019avant de la classe, \u00e0 c\u00f4t\u00e9 du Webex Board, peut voir et interagir avec tous les \u00e9l\u00e8ves, qu\u2019ils soient pr\u00e9sents physiquement ou suivent le cours \u00e0 distance, car ils se trouvent tous dans son champ de vision.\u00a0 Elle n\u2019a pas besoin de rester riv\u00e9e \u00e0 un ordinateur portable pour voir les \u00e9l\u00e8ves qui suivent la classe \u00e0 distance,\u00a0 ce qui favorise des \u00e9changes plus naturels et stimulants.\u00a0 De m\u00eame, les \u00e9l\u00e8ves \u00e0 distance ont le sentiment d\u2019\u00eatre dans la classe, et pas face \u00e0 elle.<\/p>\n<p>Puisqu\u2019ils apparaissent sur de grands \u00e9crans situ\u00e9s au milieu de leurs camarades, ils peuvent interagir avec l\u2019enseignant ainsi qu\u2019avec les enfants pr\u00e9sents physiquement. Ainsi, tout le monde se sent inclus.<\/p>\n<p><a href=\"https:\/\/storage.googleapis.com\/wx-blg-prd-gcs\/wp-content\/uploads\/1\/2021\/07\/Oak-Meadow-leader.png\"><br \/>\n  <img loading=\"lazy\" decoding=\"async\" class=\"aligncenter size-full wp-image-18648\" src=\"https:\/\/storage.googleapis.com\/wx-blg-prd-gcs\/wp-content\/uploads\/1\/2021\/07\/Oak-Meadow-leader.png\" alt=\"Directeur de l\u2019\u00e9cole Oak Meadow\" width=\"906\" height=\"508\" srcset=\"https:\/\/blog.webex.com\/wp-content\/uploads\/2021\/07\/Oak-Meadow-leader.png 906w, https:\/\/blog.webex.com\/wp-content\/uploads\/2021\/07\/Oak-Meadow-leader-300x168.png 300w, https:\/\/blog.webex.com\/wp-content\/uploads\/2021\/07\/Oak-Meadow-leader-768x431.png 768w\" sizes=\"auto, (max-width: 906px) 100vw, 906px\" \/><br \/>\n<\/a><\/p>\n<p><em>\u00ab\u00a0L\u2019efficacit\u00e9 de l\u2019enseignement repose sur un \u00e9quilibre ad\u00e9quat des aspects sociaux et \u00e9motionnels de la vie d\u2019\u00e9l\u00e8ve.\u00a0 Nous avions besoin d\u2019une technologie dont l\u2019utilit\u00e9 globale devait \u00eatre d\u2019impliquer les \u00e9l\u00e8ves dans les apprentissages.\u00a0\u00bb \u2013 Jay Scheurle, directeur d\u2019\u00e9cole<\/em><\/p>\n<p><a href=\"https:\/\/storage.googleapis.com\/wx-blg-prd-gcs\/wp-content\/uploads\/1\/2021\/07\/great-learning-and-oak-meadows.png\"><br \/>\n  <img loading=\"lazy\" decoding=\"async\" class=\"aligncenter size-full wp-image-18658\" src=\"https:\/\/storage.googleapis.com\/wx-blg-prd-gcs\/wp-content\/uploads\/1\/2021\/07\/great-learning-and-oak-meadows.png\" alt=\"Rylan Bottger \u2013 \u00c9l\u00e8ve de 6e \u00e0 l\u2019\u00e9cole Oak Meadow School suivant sa scolarit\u00e9 \u00e0 distance\" width=\"908\" height=\"498\" srcset=\"https:\/\/blog.webex.com\/wp-content\/uploads\/2021\/07\/great-learning-and-oak-meadows.png 908w, https:\/\/blog.webex.com\/wp-content\/uploads\/2021\/07\/great-learning-and-oak-meadows-300x165.png 300w, https:\/\/blog.webex.com\/wp-content\/uploads\/2021\/07\/great-learning-and-oak-meadows-768x421.png 768w\" sizes=\"auto, (max-width: 908px) 100vw, 908px\" \/><br \/>\n<\/a><\/p>\n<p>\u00ab\u00a0<em>Les \u00e9l\u00e8ves de la classe vous voient facilement. Ils peuvent interagir avec vous de la m\u00eame mani\u00e8re que vous pouvez interagir avec eux. Cela ressemble beaucoup \u00e0 une v\u00e9ritable salle de classe.\u00a0\u00bb Rylan Bottger \u2013 \u00c9l\u00e8ve de 6<sup>e<\/sup> suivant sa scolarit\u00e9 \u00e0 distance<\/em><\/p>\n<p><a href=\"https:\/\/storage.googleapis.com\/wx-blg-prd-gcs\/wp-content\/uploads\/1\/2021\/07\/Teacher-and-student-at-oak-meadows.png\"><br \/>\n  <img loading=\"lazy\" decoding=\"async\" class=\"aligncenter size-full wp-image-18668\" src=\"https:\/\/storage.googleapis.com\/wx-blg-prd-gcs\/wp-content\/uploads\/1\/2021\/07\/Teacher-and-student-at-oak-meadows.png\" alt=\"Un enseignant et une \u00e9l\u00e8ve de l\u2019\u00e9cole Oak Meadow\" width=\"908\" height=\"508\" srcset=\"https:\/\/blog.webex.com\/wp-content\/uploads\/2021\/07\/Teacher-and-student-at-oak-meadows.png 908w, https:\/\/blog.webex.com\/wp-content\/uploads\/2021\/07\/Teacher-and-student-at-oak-meadows-300x168.png 300w, https:\/\/blog.webex.com\/wp-content\/uploads\/2021\/07\/Teacher-and-student-at-oak-meadows-768x430.png 768w\" sizes=\"auto, (max-width: 908px) 100vw, 908px\" \/><br \/>\n<\/a><\/p>\n<p><em>\u00ab\u00a0Maintenant que je l\u2019ai utilis\u00e9e, je suis certain que cette solution va r\u00e9soudre de nombreux autres probl\u00e8mes sans lien avec la pand\u00e9mie.\u00a0\u00bb M. D\u2019Amore \u2013 Professeur de sciences<\/em><\/p>\n<h2><strong>Au-del\u00e0 de la pand\u00e9mie \u2013 comment l\u2019\u00e9cole Oak Meadow utilisera d\u00e9sormais les solutions et appareils Webex<\/strong><\/h2>\n<p>Selon M. Scheurle, l\u2019\u00e9cole Oak Meadow a connu une \u00ab\u00a0ann\u00e9e scolaire particuli\u00e8rement r\u00e9ussie\u00a0\u00bb. Ses enseignants se pr\u00e9parent activement \u00e0 utiliser les salles de classe et Webex afin de renforcer les programmes, m\u00eame si les \u00e9l\u00e8ves seront parfois tous pr\u00e9sents en classe. Ils envisagent d\u2019utiliser certains des services d\u2019enseignement Webex pour permettre aux \u00e9l\u00e8ves d\u2019\u00e9changer avec des agents des parcs nationaux ou des biologistes marins travaillant pour des aquariums, et ce, depuis leurs salles de classe. Cliquez <a href=\"https:\/\/oakmeadow.org\/blended-learning\/\">ici<\/a> pour en savoir plus sur l\u2019\u00e9cole Oak Meadow.<\/p>\n<p>Regardez la vid\u00e9o\u00a0:<\/p>\n<p><iframe loading=\"lazy\" title=\"A successful school year enabled by Webex  |  Hybrid Classrooms\" width=\"500\" height=\"281\" src=\"https:\/\/www.youtube.com\/embed\/kvnJ7JxWhyM?feature=oembed\" frameborder=\"0\" allow=\"accelerometer; autoplay; clipboard-write; encrypted-media; gyroscope; picture-in-picture; web-share\" referrerpolicy=\"strict-origin-when-cross-origin\" allowfullscreen><\/iframe><\/p>\n<p><strong>En savoir plus<\/strong><\/p>\n<p><a href=\"https:\/\/blog.webex.com\/fr\/visioconferences\/des-experiences-dapprentissage-grace-a-cisco-webex\/\">Des exp\u00e9riences p\u00e9dagogiques optimis\u00e9es par Cisco Webex<\/a><\/p>\n<p><a href=\"https:\/\/blog.webex.com\/video-conferencing\/experience-the-new-webex-for-education-simple-and-secure-out-of-the-box\/\">Blackboard Learn et Webex unissent leurs forces pour \u00e9tendre la port\u00e9e de l\u2019enseignement<\/a><\/p>\n<p><a href=\"https:\/\/blog.webex.com\/video-conferencing\/webex-integration-partners-join-cisco-in-offers-for-education\/\">Des partenaires d\u2019int\u00e9gration de Webex s\u2019associent \u00e0 Cisco afin de proposer des offres pour l\u2019enseignement\u00a0<\/a><\/p>\n<p><strong>Ressources pour l\u2019enseignement<\/strong><\/p>\n<p><a href=\"https:\/\/www.webex.com\/webexremoteedu.html\">Bienvenue dans l\u2019enseignement virtuel<\/a><\/p>\n<p><a href=\"https:\/\/www.cisco.com\/c\/en\/us\/solutions\/collaboration\/education-connector.html\">Cisco Webex Education Connector<\/a><\/p>\n<p><a href=\"https:\/\/www.webex.com\/industries\/education.html\">Cisco Webex pour l\u2019enseignement<\/a><\/p>\n","protected":false},"excerpt":{"rendered":"<p>D\u00e9couvrez comment l\u2019\u00e9cole Oak Meadow School a pu abandonner les cours enti\u00e8rement \u00e0 distance pour mettre en place des classes hybrides gr\u00e2ce aux appareils Webex.<\/p>\n","protected":false},"author":5431,"featured_media":18631,"comment_status":"open","ping_status":"open","sticky":false,"template":"","format":"standard","meta":{"inline_featured_image":false,"footnotes":""},"categories":[424,1502,1518],"tags":[2066,512,480],"class_list":["post-20252","post","type-post","status-publish","format-standard","has-post-thumbnail","hentry","category-customer-stories","category-customer-stories-fr","category-espaces-de-travail","tag-outils-de-collaboration","tag-screen-sharing","tag-webex-hybrid-education"],"acf":[],"yoast_head":"<!-- This site is optimized with the Yoast SEO plugin v27.1.1 - https:\/\/yoast.com\/product\/yoast-seo-wordpress\/ -->\n<title>Une \u00e9cole a eu recours aux appareils vid\u00e9o Webex pour favoriser l\u2019inclusion et la r\u00e9ussite des \u00e9l\u00e8ves durant la pand\u00e9mie | Webex Blog<\/title>\n<meta name=\"robots\" content=\"index, follow, max-snippet:-1, max-image-preview:large, max-video-preview:-1\" \/>\n<link rel=\"canonical\" href=\"https:\/\/blog.webex.com\/fr\/uncategorized-fr\/une-ecole-a-eu-recours-aux-appareils-video-webex-pour-favoriser-linclusion-et-la-reussite-des-eleves-durant-la-pandemie\/\" \/>\n<meta property=\"og:locale\" content=\"fr_FR\" \/>\n<meta property=\"og:type\" content=\"article\" \/>\n<meta property=\"og:title\" content=\"Une \u00e9cole a eu recours aux appareils vid\u00e9o Webex pour favoriser l\u2019inclusion et la r\u00e9ussite des \u00e9l\u00e8ves durant la pand\u00e9mie | Webex Blog\" \/>\n<meta property=\"og:description\" content=\"D\u00e9couvrez comment l\u2019\u00e9cole Oak Meadow School a pu abandonner les cours enti\u00e8rement \u00e0 distance pour mettre en place des classes hybrides gr\u00e2ce aux appareils Webex.\" \/>\n<meta property=\"og:url\" content=\"https:\/\/blog.webex.com\/fr\/uncategorized-fr\/une-ecole-a-eu-recours-aux-appareils-video-webex-pour-favoriser-linclusion-et-la-reussite-des-eleves-durant-la-pandemie\/\" \/>\n<meta property=\"og:site_name\" content=\"Webex Blog\" \/>\n<meta property=\"article:published_time\" content=\"2021-07-16T23:01:35+00:00\" \/>\n<meta property=\"article:modified_time\" content=\"2021-11-04T16:03:56+00:00\" \/>\n<meta property=\"og:image\" content=\"https:\/\/blog.webex.com\/wp-content\/uploads\/2021\/07\/Oak-Medows-2.png\" \/>\n\t<meta property=\"og:image:width\" content=\"975\" \/>\n\t<meta property=\"og:image:height\" content=\"554\" \/>\n\t<meta property=\"og:image:type\" content=\"image\/png\" \/>\n<meta name=\"author\" content=\"Marte Holt Sannesmoen\" \/>\n<meta name=\"twitter:label1\" content=\"\u00c9crit par\" \/>\n\t<meta name=\"twitter:data1\" content=\"Marte Holt Sannesmoen\" \/>\n\t<meta name=\"twitter:label2\" content=\"Dur\u00e9e de lecture estim\u00e9e\" \/>\n\t<meta name=\"twitter:data2\" content=\"5 minutes\" \/>\n<script type=\"application\/ld+json\" class=\"yoast-schema-graph\">{\"@context\":\"https:\/\/schema.org\",\"@graph\":[{\"@type\":\"Article\",\"@id\":\"https:\/\/blog.webex.com\/fr\/uncategorized-fr\/une-ecole-a-eu-recours-aux-appareils-video-webex-pour-favoriser-linclusion-et-la-reussite-des-eleves-durant-la-pandemie\/#article\",\"isPartOf\":{\"@id\":\"https:\/\/blog.webex.com\/fr\/uncategorized-fr\/une-ecole-a-eu-recours-aux-appareils-video-webex-pour-favoriser-linclusion-et-la-reussite-des-eleves-durant-la-pandemie\/\"},\"author\":{\"name\":\"Marte Holt Sannesmoen\",\"@id\":\"https:\/\/blog.webex.com\/es\/#\/schema\/person\/da0d411db2ceb72997ecc416df288a44\"},\"headline\":\"Une \u00e9cole a eu recours aux appareils vid\u00e9o Webex pour favoriser ...\",\"datePublished\":\"2021-07-16T23:01:35+00:00\",\"dateModified\":\"2021-11-04T16:03:56+00:00\",\"mainEntityOfPage\":{\"@id\":\"https:\/\/blog.webex.com\/fr\/uncategorized-fr\/une-ecole-a-eu-recours-aux-appareils-video-webex-pour-favoriser-linclusion-et-la-reussite-des-eleves-durant-la-pandemie\/\"},\"wordCount\":965,\"commentCount\":0,\"image\":{\"@id\":\"https:\/\/blog.webex.com\/fr\/uncategorized-fr\/une-ecole-a-eu-recours-aux-appareils-video-webex-pour-favoriser-linclusion-et-la-reussite-des-eleves-durant-la-pandemie\/#primaryimage\"},\"thumbnailUrl\":\"https:\/\/blog.webex.com\/wp-content\/uploads\/2021\/07\/Oak-Medows-2.png\",\"keywords\":[\"outils de collaboration\",\"Screen Sharing\",\"Webex Hybrid Education\"],\"articleSection\":[\"Customer Stories\",\"Customer Stories\",\"Espaces de travail\"],\"inLanguage\":\"fr-FR\",\"potentialAction\":[{\"@type\":\"CommentAction\",\"name\":\"Comment\",\"target\":[\"https:\/\/blog.webex.com\/fr\/uncategorized-fr\/une-ecole-a-eu-recours-aux-appareils-video-webex-pour-favoriser-linclusion-et-la-reussite-des-eleves-durant-la-pandemie\/#respond\"]}]},{\"@type\":\"WebPage\",\"@id\":\"https:\/\/blog.webex.com\/fr\/uncategorized-fr\/une-ecole-a-eu-recours-aux-appareils-video-webex-pour-favoriser-linclusion-et-la-reussite-des-eleves-durant-la-pandemie\/\",\"url\":\"https:\/\/blog.webex.com\/fr\/uncategorized-fr\/une-ecole-a-eu-recours-aux-appareils-video-webex-pour-favoriser-linclusion-et-la-reussite-des-eleves-durant-la-pandemie\/\",\"name\":\"Une \u00e9cole a eu recours aux appareils vid\u00e9o Webex pour favoriser l\u2019inclusion et la r\u00e9ussite des \u00e9l\u00e8ves durant la pand\u00e9mie | Webex Blog\",\"isPartOf\":{\"@id\":\"https:\/\/blog.webex.com\/es\/#website\"},\"primaryImageOfPage\":{\"@id\":\"https:\/\/blog.webex.com\/fr\/uncategorized-fr\/une-ecole-a-eu-recours-aux-appareils-video-webex-pour-favoriser-linclusion-et-la-reussite-des-eleves-durant-la-pandemie\/#primaryimage\"},\"image\":{\"@id\":\"https:\/\/blog.webex.com\/fr\/uncategorized-fr\/une-ecole-a-eu-recours-aux-appareils-video-webex-pour-favoriser-linclusion-et-la-reussite-des-eleves-durant-la-pandemie\/#primaryimage\"},\"thumbnailUrl\":\"https:\/\/blog.webex.com\/wp-content\/uploads\/2021\/07\/Oak-Medows-2.png\",\"datePublished\":\"2021-07-16T23:01:35+00:00\",\"dateModified\":\"2021-11-04T16:03:56+00:00\",\"author\":{\"@id\":\"https:\/\/blog.webex.com\/es\/#\/schema\/person\/da0d411db2ceb72997ecc416df288a44\"},\"breadcrumb\":{\"@id\":\"https:\/\/blog.webex.com\/fr\/uncategorized-fr\/une-ecole-a-eu-recours-aux-appareils-video-webex-pour-favoriser-linclusion-et-la-reussite-des-eleves-durant-la-pandemie\/#breadcrumb\"},\"inLanguage\":\"fr-FR\",\"potentialAction\":[{\"@type\":\"ReadAction\",\"target\":[\"https:\/\/blog.webex.com\/fr\/uncategorized-fr\/une-ecole-a-eu-recours-aux-appareils-video-webex-pour-favoriser-linclusion-et-la-reussite-des-eleves-durant-la-pandemie\/\"]}]},{\"@type\":\"ImageObject\",\"inLanguage\":\"fr-FR\",\"@id\":\"https:\/\/blog.webex.com\/fr\/uncategorized-fr\/une-ecole-a-eu-recours-aux-appareils-video-webex-pour-favoriser-linclusion-et-la-reussite-des-eleves-durant-la-pandemie\/#primaryimage\",\"url\":\"https:\/\/blog.webex.com\/wp-content\/uploads\/2021\/07\/Oak-Medows-2.png\",\"contentUrl\":\"https:\/\/blog.webex.com\/wp-content\/uploads\/2021\/07\/Oak-Medows-2.png\",\"width\":975,\"height\":554,\"caption\":\"Oak Meadows customer story\"},{\"@type\":\"BreadcrumbList\",\"@id\":\"https:\/\/blog.webex.com\/fr\/uncategorized-fr\/une-ecole-a-eu-recours-aux-appareils-video-webex-pour-favoriser-linclusion-et-la-reussite-des-eleves-durant-la-pandemie\/#breadcrumb\",\"itemListElement\":[{\"@type\":\"ListItem\",\"position\":1,\"name\":\"Home\",\"item\":\"https:\/\/blog.webex.com\/fr\/\"},{\"@type\":\"ListItem\",\"position\":2,\"name\":\"Une \u00e9cole a eu recours aux appareils vid\u00e9o Webex pour favoriser ...\"}]},{\"@type\":\"WebSite\",\"@id\":\"https:\/\/blog.webex.com\/es\/#website\",\"url\":\"https:\/\/blog.webex.com\/es\/\",\"name\":\"Webex Blog\",\"description\":\"Webex by Cisco powers collaboration through industry-leading video conferencing, cloud calling and contact center solutions\",\"potentialAction\":[{\"@type\":\"SearchAction\",\"target\":{\"@type\":\"EntryPoint\",\"urlTemplate\":\"https:\/\/blog.webex.com\/es\/?s={search_term_string}\"},\"query-input\":{\"@type\":\"PropertyValueSpecification\",\"valueRequired\":true,\"valueName\":\"search_term_string\"}}],\"inLanguage\":\"fr-FR\"},{\"@type\":\"Person\",\"@id\":\"https:\/\/blog.webex.com\/es\/#\/schema\/person\/da0d411db2ceb72997ecc416df288a44\",\"name\":\"Marte Holt Sannesmoen\",\"image\":{\"@type\":\"ImageObject\",\"inLanguage\":\"fr-FR\",\"@id\":\"https:\/\/blog.webex.com\/es\/#\/schema\/person\/image\/\",\"url\":\"https:\/\/secure.gravatar.com\/avatar\/9f511662b4f5fd84e2a947ee527cb3988dc0ac637969522d4041bdd63645f08f?s=96&d=wp_user_avatar&r=g\",\"contentUrl\":\"https:\/\/secure.gravatar.com\/avatar\/9f511662b4f5fd84e2a947ee527cb3988dc0ac637969522d4041bdd63645f08f?s=96&d=wp_user_avatar&r=g\",\"caption\":\"Marte Holt Sannesmoen\"},\"description\":\"Marte is a Creative Writer for the Product Marketing team for Webex Rooms. Prior to joining Cisco, she worked as a Graduate Client Manager for an insight agency. She also spent time interning for an international NGO, working in healthcare technology communications. She holds a MSc in Corporate Communications from The University of Amsterdam, and a BSc (Hons) from The University of Manchester.\",\"sameAs\":[\"https:\/\/www.linkedin.com\/in\/marte-sannesmoen-360aa2146\/\"],\"url\":\"https:\/\/blog.webex.com\/fr\/contributors\/marteholtsannesmoen\/\"}]}<\/script>\n<!-- \/ Yoast SEO plugin. -->","yoast_head_json":{"title":"Une \u00e9cole a eu recours aux appareils vid\u00e9o Webex pour favoriser l\u2019inclusion et la r\u00e9ussite des \u00e9l\u00e8ves durant la pand\u00e9mie | Webex Blog","robots":{"index":"index","follow":"follow","max-snippet":"max-snippet:-1","max-image-preview":"max-image-preview:large","max-video-preview":"max-video-preview:-1"},"canonical":"https:\/\/blog.webex.com\/fr\/uncategorized-fr\/une-ecole-a-eu-recours-aux-appareils-video-webex-pour-favoriser-linclusion-et-la-reussite-des-eleves-durant-la-pandemie\/","og_locale":"fr_FR","og_type":"article","og_title":"Une \u00e9cole a eu recours aux appareils vid\u00e9o Webex pour favoriser l\u2019inclusion et la r\u00e9ussite des \u00e9l\u00e8ves durant la pand\u00e9mie | Webex Blog","og_description":"D\u00e9couvrez comment l\u2019\u00e9cole Oak Meadow School a pu abandonner les cours enti\u00e8rement \u00e0 distance pour mettre en place des classes hybrides gr\u00e2ce aux appareils Webex.","og_url":"https:\/\/blog.webex.com\/fr\/uncategorized-fr\/une-ecole-a-eu-recours-aux-appareils-video-webex-pour-favoriser-linclusion-et-la-reussite-des-eleves-durant-la-pandemie\/","og_site_name":"Webex Blog","article_published_time":"2021-07-16T23:01:35+00:00","article_modified_time":"2021-11-04T16:03:56+00:00","og_image":[{"width":975,"height":554,"url":"https:\/\/blog.webex.com\/wp-content\/uploads\/2021\/07\/Oak-Medows-2.png","type":"image\/png"}],"author":"Marte Holt Sannesmoen","twitter_misc":{"\u00c9crit par":"Marte Holt Sannesmoen","Dur\u00e9e de lecture estim\u00e9e":"5 minutes"},"schema":{"@context":"https:\/\/schema.org","@graph":[{"@type":"Article","@id":"https:\/\/blog.webex.com\/fr\/uncategorized-fr\/une-ecole-a-eu-recours-aux-appareils-video-webex-pour-favoriser-linclusion-et-la-reussite-des-eleves-durant-la-pandemie\/#article","isPartOf":{"@id":"https:\/\/blog.webex.com\/fr\/uncategorized-fr\/une-ecole-a-eu-recours-aux-appareils-video-webex-pour-favoriser-linclusion-et-la-reussite-des-eleves-durant-la-pandemie\/"},"author":{"name":"Marte Holt Sannesmoen","@id":"https:\/\/blog.webex.com\/es\/#\/schema\/person\/da0d411db2ceb72997ecc416df288a44"},"headline":"Une \u00e9cole a eu recours aux appareils vid\u00e9o Webex pour favoriser ...","datePublished":"2021-07-16T23:01:35+00:00","dateModified":"2021-11-04T16:03:56+00:00","mainEntityOfPage":{"@id":"https:\/\/blog.webex.com\/fr\/uncategorized-fr\/une-ecole-a-eu-recours-aux-appareils-video-webex-pour-favoriser-linclusion-et-la-reussite-des-eleves-durant-la-pandemie\/"},"wordCount":965,"commentCount":0,"image":{"@id":"https:\/\/blog.webex.com\/fr\/uncategorized-fr\/une-ecole-a-eu-recours-aux-appareils-video-webex-pour-favoriser-linclusion-et-la-reussite-des-eleves-durant-la-pandemie\/#primaryimage"},"thumbnailUrl":"https:\/\/blog.webex.com\/wp-content\/uploads\/2021\/07\/Oak-Medows-2.png","keywords":["outils de collaboration","Screen Sharing","Webex Hybrid Education"],"articleSection":["Customer Stories","Customer Stories","Espaces de travail"],"inLanguage":"fr-FR","potentialAction":[{"@type":"CommentAction","name":"Comment","target":["https:\/\/blog.webex.com\/fr\/uncategorized-fr\/une-ecole-a-eu-recours-aux-appareils-video-webex-pour-favoriser-linclusion-et-la-reussite-des-eleves-durant-la-pandemie\/#respond"]}]},{"@type":"WebPage","@id":"https:\/\/blog.webex.com\/fr\/uncategorized-fr\/une-ecole-a-eu-recours-aux-appareils-video-webex-pour-favoriser-linclusion-et-la-reussite-des-eleves-durant-la-pandemie\/","url":"https:\/\/blog.webex.com\/fr\/uncategorized-fr\/une-ecole-a-eu-recours-aux-appareils-video-webex-pour-favoriser-linclusion-et-la-reussite-des-eleves-durant-la-pandemie\/","name":"Une \u00e9cole a eu recours aux appareils vid\u00e9o Webex pour favoriser l\u2019inclusion et la r\u00e9ussite des \u00e9l\u00e8ves durant la pand\u00e9mie | Webex Blog","isPartOf":{"@id":"https:\/\/blog.webex.com\/es\/#website"},"primaryImageOfPage":{"@id":"https:\/\/blog.webex.com\/fr\/uncategorized-fr\/une-ecole-a-eu-recours-aux-appareils-video-webex-pour-favoriser-linclusion-et-la-reussite-des-eleves-durant-la-pandemie\/#primaryimage"},"image":{"@id":"https:\/\/blog.webex.com\/fr\/uncategorized-fr\/une-ecole-a-eu-recours-aux-appareils-video-webex-pour-favoriser-linclusion-et-la-reussite-des-eleves-durant-la-pandemie\/#primaryimage"},"thumbnailUrl":"https:\/\/blog.webex.com\/wp-content\/uploads\/2021\/07\/Oak-Medows-2.png","datePublished":"2021-07-16T23:01:35+00:00","dateModified":"2021-11-04T16:03:56+00:00","author":{"@id":"https:\/\/blog.webex.com\/es\/#\/schema\/person\/da0d411db2ceb72997ecc416df288a44"},"breadcrumb":{"@id":"https:\/\/blog.webex.com\/fr\/uncategorized-fr\/une-ecole-a-eu-recours-aux-appareils-video-webex-pour-favoriser-linclusion-et-la-reussite-des-eleves-durant-la-pandemie\/#breadcrumb"},"inLanguage":"fr-FR","potentialAction":[{"@type":"ReadAction","target":["https:\/\/blog.webex.com\/fr\/uncategorized-fr\/une-ecole-a-eu-recours-aux-appareils-video-webex-pour-favoriser-linclusion-et-la-reussite-des-eleves-durant-la-pandemie\/"]}]},{"@type":"ImageObject","inLanguage":"fr-FR","@id":"https:\/\/blog.webex.com\/fr\/uncategorized-fr\/une-ecole-a-eu-recours-aux-appareils-video-webex-pour-favoriser-linclusion-et-la-reussite-des-eleves-durant-la-pandemie\/#primaryimage","url":"https:\/\/blog.webex.com\/wp-content\/uploads\/2021\/07\/Oak-Medows-2.png","contentUrl":"https:\/\/blog.webex.com\/wp-content\/uploads\/2021\/07\/Oak-Medows-2.png","width":975,"height":554,"caption":"Oak Meadows customer story"},{"@type":"BreadcrumbList","@id":"https:\/\/blog.webex.com\/fr\/uncategorized-fr\/une-ecole-a-eu-recours-aux-appareils-video-webex-pour-favoriser-linclusion-et-la-reussite-des-eleves-durant-la-pandemie\/#breadcrumb","itemListElement":[{"@type":"ListItem","position":1,"name":"Home","item":"https:\/\/blog.webex.com\/fr\/"},{"@type":"ListItem","position":2,"name":"Une \u00e9cole a eu recours aux appareils vid\u00e9o Webex pour favoriser ..."}]},{"@type":"WebSite","@id":"https:\/\/blog.webex.com\/es\/#website","url":"https:\/\/blog.webex.com\/es\/","name":"Webex Blog","description":"Webex by Cisco powers collaboration through industry-leading video conferencing, cloud calling and contact center solutions","potentialAction":[{"@type":"SearchAction","target":{"@type":"EntryPoint","urlTemplate":"https:\/\/blog.webex.com\/es\/?s={search_term_string}"},"query-input":{"@type":"PropertyValueSpecification","valueRequired":true,"valueName":"search_term_string"}}],"inLanguage":"fr-FR"},{"@type":"Person","@id":"https:\/\/blog.webex.com\/es\/#\/schema\/person\/da0d411db2ceb72997ecc416df288a44","name":"Marte Holt Sannesmoen","image":{"@type":"ImageObject","inLanguage":"fr-FR","@id":"https:\/\/blog.webex.com\/es\/#\/schema\/person\/image\/","url":"https:\/\/secure.gravatar.com\/avatar\/9f511662b4f5fd84e2a947ee527cb3988dc0ac637969522d4041bdd63645f08f?s=96&d=wp_user_avatar&r=g","contentUrl":"https:\/\/secure.gravatar.com\/avatar\/9f511662b4f5fd84e2a947ee527cb3988dc0ac637969522d4041bdd63645f08f?s=96&d=wp_user_avatar&r=g","caption":"Marte Holt Sannesmoen"},"description":"Marte is a Creative Writer for the Product Marketing team for Webex Rooms. Prior to joining Cisco, she worked as a Graduate Client Manager for an insight agency. She also spent time interning for an international NGO, working in healthcare technology communications. She holds a MSc in Corporate Communications from The University of Amsterdam, and a BSc (Hons) from The University of Manchester.","sameAs":["https:\/\/www.linkedin.com\/in\/marte-sannesmoen-360aa2146\/"],"url":"https:\/\/blog.webex.com\/fr\/contributors\/marteholtsannesmoen\/"}]}},"_links":{"self":[{"href":"https:\/\/blog.webex.com\/fr\/wp-json\/wp\/v2\/posts\/20252","targetHints":{"allow":["GET"]}}],"collection":[{"href":"https:\/\/blog.webex.com\/fr\/wp-json\/wp\/v2\/posts"}],"about":[{"href":"https:\/\/blog.webex.com\/fr\/wp-json\/wp\/v2\/types\/post"}],"author":[{"embeddable":true,"href":"https:\/\/blog.webex.com\/fr\/wp-json\/wp\/v2\/users\/5431"}],"replies":[{"embeddable":true,"href":"https:\/\/blog.webex.com\/fr\/wp-json\/wp\/v2\/comments?post=20252"}],"version-history":[{"count":0,"href":"https:\/\/blog.webex.com\/fr\/wp-json\/wp\/v2\/posts\/20252\/revisions"}],"wp:featuredmedia":[{"embeddable":true,"href":"https:\/\/blog.webex.com\/fr\/wp-json\/wp\/v2\/media\/18631"}],"wp:attachment":[{"href":"https:\/\/blog.webex.com\/fr\/wp-json\/wp\/v2\/media?parent=20252"}],"wp:term":[{"taxonomy":"category","embeddable":true,"href":"https:\/\/blog.webex.com\/fr\/wp-json\/wp\/v2\/categories?post=20252"},{"taxonomy":"post_tag","embeddable":true,"href":"https:\/\/blog.webex.com\/fr\/wp-json\/wp\/v2\/tags?post=20252"}],"curies":[{"name":"wp","href":"https:\/\/api.w.org\/{rel}","templated":true}]}}