{"id":20260,"date":"2021-07-20T10:07:53","date_gmt":"2021-07-20T17:07:53","guid":{"rendered":"https:\/\/blog.webex.com\/uncategorized-fr\/extension-des-capacites-de-collaboration-dans-webex-for-government\/"},"modified":"2021-08-02T14:59:25","modified_gmt":"2021-08-02T21:59:25","slug":"extension-des-capacites-de-collaboration-dans-webex-for-government","status":"publish","type":"post","link":"https:\/\/blog.webex.com\/fr\/collaboration-fr\/visioconferences\/extension-des-capacites-de-collaboration-dans-webex-for-government\/","title":{"rendered":"Extension des capacit\u00e9s de collaboration dans Webex for Government"},"content":{"rendered":"<h2>Optimiser le flux de travail<\/h2>\n<p>Depuis le d\u00e9but de la pand\u00e9mie, l\u2019utilisation des outils de collaboration num\u00e9riques a augment\u00e9 de 74\u00a0%, selon une \u00e9tude men\u00e9e par <a href=\"https:\/\/futurumresearch.com\/research-notes\/cisco-webex-suite-rebrand-and-product-pricing-focus-is-timely-strategic-and-necessary\/\">Futurum Research<\/a>. Le t\u00e9l\u00e9travail, d\u00e9j\u00e0 adopt\u00e9 par des agences f\u00e9d\u00e9rales am\u00e9ricaines et leurs organisations partenaires civiles, va poursuivre son essor en \u00e9voluant vers des mod\u00e8les de travail hybride. \u00c0 mesure que ces mod\u00e8les seront d\u00e9ploy\u00e9s, ces agences f\u00e9d\u00e9rales devront \u00e9tendre leurs capacit\u00e9s de collaboration avec leurs partenaires, tout en contr\u00f4lant l\u2019acc\u00e8s \u00e0 ces \u00e9cosyst\u00e8mes et en maintenant leur approche en mati\u00e8re de s\u00e9curit\u00e9, y compris leurs mesures de protection contre les pertes de donn\u00e9es.<\/p>\n<p>Ce mois-ci, Webex a \u00e9tendu les capacit\u00e9s de collaboration de Webex for Government (conforme aux exigences FedRAMP Moderate), permettant aux utilisateurs FedRAMP d\u2019\u00e9changer des messages et de partager des fichiers avec des utilisateurs Webex commerciaux et d\u2019autres organisations FedRAMP. Il est important de noter que si ces capacit\u00e9s ont \u00e9t\u00e9 \u00e9tendues, l\u2019essai de la fonctionnalit\u00e9 \u00ab\u00a0Guests Invited\u00a0\u00bb que nous proposons \u00e0 partir de ce mois-ci r\u00e9pond aux crit\u00e8res de s\u00e9curit\u00e9 des donn\u00e9es prescrits par l\u2019organisation Webex for Government \u00e0 l\u2019origine du processus. La fonctionnalit\u00e9 Guests Invited assure un \u00e9cosyst\u00e8me de collaboration s\u00e9curis\u00e9, r\u00e9duit les complexit\u00e9s et les redondances dans le flux de travail, et favorise la collaboration \u00e0 grande \u00e9chelle entre les organisations partenaires.<\/p>\n<h2>Guests Invited\u00a0: \u00e9tendre l\u2019\u00e9cosyst\u00e8me de collaboration<\/h2>\n<p>Grande premi\u00e8re dans le secteur, la fonctionnalit\u00e9 Guests Invited \u00e9limine les barri\u00e8res pour permettre aux utilisateurs de Webex for Government de collaborer avec des utilisateurs externes \u00e0 leur organisation. En repoussant les limites de la collaboration et en abandonnant un \u00e9cosyst\u00e8me de collaboration isol\u00e9, nous permettons aux titulaires de licences FedRAMP d\u2019accro\u00eetre leur productivit\u00e9 et de collaborer avec d\u2019innombrables sous-traitants, fournisseurs et partenaires via une application unique, simple d\u2019utilisation et parfaitement fluide \u2014 l\u2019application qu\u2019ils utilisent au quotidien. De plus, cette fonctionnalit\u00e9 permet aux administrateurs d\u2019une organisation Webex for Government d\u2019inviter des utilisateurs sans les ajouter \u00e0 leur instance Webex, \u00e9vitant ainsi de devoir disposer de licences suppl\u00e9mentaires.<\/p>\n<p>Gr\u00e2ce \u00e0 la fonctionnalit\u00e9 Guests Invited, les titulaires de licences FedRAMP peuvent inviter des utilisateurs Webex commerciaux dans des espaces priv\u00e9s ou de groupe pour \u00e9changer des messages et partager des fichiers et des liens. Les espaces sont toujours cr\u00e9\u00e9s par l\u2019organisation FedRAMP, ou organisation h\u00f4te, et l\u2019organisateur peut inviter plusieurs organisations dans un espace partag\u00e9. Durant cette phase de lancement initial de la fonctionnalit\u00e9, seuls la messagerie et le transfert de fichiers seront disponibles pour les utilisateurs invit\u00e9s par l\u2019organisation FedRAMP. Cette fonctionnalit\u00e9 r\u00e9pond aux contraintes n\u00e9cessaires pour respecter les exigences de s\u00e9curit\u00e9 FedRAMP en prot\u00e9geant la s\u00e9curit\u00e9 des donn\u00e9es sensibles. (Cette fonctionnalit\u00e9 est disponible avec l\u2019application Webex version\u00a041.5.0.18911 ou ult\u00e9rieure et est int\u00e9gr\u00e9e aux services Webex for Government par d\u00e9faut.)<\/p>\n<p><a href=\"https:\/\/storage.googleapis.com\/wx-blg-prd-gcs\/wp-content\/uploads\/1\/2021\/07\/FedRAMP_1.png\"><br \/>\n  <img loading=\"lazy\" decoding=\"async\" class=\"aligncenter size-full wp-image-18770\" src=\"https:\/\/storage.googleapis.com\/wx-blg-prd-gcs\/wp-content\/uploads\/1\/2021\/07\/FedRAMP_1.png\" alt=\"FedRAMP et fonctionnalit\u00e9 Guests Invited\" width=\"946\" height=\"396\" srcset=\"https:\/\/blog.webex.com\/wp-content\/uploads\/2021\/07\/FedRAMP_1.png 946w, https:\/\/blog.webex.com\/wp-content\/uploads\/2021\/07\/FedRAMP_1-300x126.png 300w, https:\/\/blog.webex.com\/wp-content\/uploads\/2021\/07\/FedRAMP_1-768x321.png 768w\" sizes=\"auto, (max-width: 946px) 100vw, 946px\" \/><br \/>\n<\/a><\/p>\n<h2>Collaborer avec des partenaires\u00a0: fonctionnement<\/h2>\n<p><a href=\"https:\/\/storage.googleapis.com\/wx-blg-prd-gcs\/wp-content\/uploads\/1\/2021\/07\/Fedramp_2.png\"><br \/>\n  <img loading=\"lazy\" decoding=\"async\" class=\"aligncenter size-full wp-image-18780\" src=\"https:\/\/storage.googleapis.com\/wx-blg-prd-gcs\/wp-content\/uploads\/1\/2021\/07\/Fedramp_2.png\" alt=\"Collaboration avec des partenaires et FedRAMP\" width=\"840\" height=\"648\" srcset=\"https:\/\/blog.webex.com\/wp-content\/uploads\/2021\/07\/Fedramp_2.png 674w, https:\/\/blog.webex.com\/wp-content\/uploads\/2021\/07\/Fedramp_2-300x231.png 300w, https:\/\/blog.webex.com\/wp-content\/uploads\/2021\/07\/Fedramp_2-768x592.png 768w\" sizes=\"auto, (max-width: 840px) 100vw, 840px\" \/><br \/>\n<\/a><\/p>\n<h2>Conformit\u00e9 et investigation \u00e9lectronique (eDiscovery)<\/h2>\n<p>Lors du d\u00e9ploiement de la fonctionnalit\u00e9 Guests Invited, seuls les administrateurs et le d\u00e9l\u00e9gu\u00e9 \u00e0 la conformit\u00e9 de l\u2019organisation FedRAMP (h\u00f4te) pourront visualiser les messages et contenus \u00e9chang\u00e9s avec les organisations invit\u00e9es. Le d\u00e9l\u00e9gu\u00e9 \u00e0 la conformit\u00e9 et l\u2019administrateur des organisations invit\u00e9es ne pourront pas consulter les messages et fichiers \u00e9chang\u00e9s par leurs utilisateurs avec les utilisateurs FedRAMP. Par cons\u00e9quent, l\u2019organisation h\u00f4te pourra utiliser des politiques de conservation, des pratiques d\u2019investigation \u00e9lectronique (eDiscovery) et des outils de pr\u00e9vention des pertes de donn\u00e9es sur les messages et fichiers \u00e9chang\u00e9s avec des utilisateurs invit\u00e9s, mais les organisations invit\u00e9es ne pourront pas en faire de m\u00eame. Webex informera tous les utilisateurs commerciaux de l\u2019absence de capacit\u00e9 de conformit\u00e9 dans le cadre de la disponibilit\u00e9 g\u00e9n\u00e9rale de la fonctionnalit\u00e9 Guests Invited \u00e0 l\u2019occasion du processus d\u2019int\u00e9gration des invit\u00e9s. Webex peut proposer des solutions aux clients pour lesquels cette limitation ne serait pas acceptable. De plus, Webex demande aux clients FedRAMP d\u2019examiner cette limitation avec les clients commerciaux et les utilisateurs finaux qu\u2019ils inviteront durant la phase d\u2019essai.<\/p>\n<h2>Rapidit\u00e9, fiabilit\u00e9 et s\u00e9curit\u00e9 dans le flux de travail<\/h2>\n<p>La fonctionnalit\u00e9 Guests Invited facilite les conversations en mettant les membres de l\u2019\u00e9quipe en contact via un outil unique int\u00e9grant des fonctions de messagerie, de r\u00e9unions, de vid\u00e9o et de partage de fichiers, favorisant ainsi des interactions plus fluides. Par ailleurs, les organisations peuvent s\u2019appuyer sur des autorisations de partage de fichiers et d\u2019\u00e9change de messages pour contr\u00f4ler les fuites de donn\u00e9es.<\/p>\n<p>Gr\u00e2ce \u00e0 la fonctionnalit\u00e9 Guests Invited, les organismes m\u00e9dicaux et d\u2019assurance-maladie, par exemple, peuvent interagir avec des prestataires de soins de sant\u00e9 et des mutuelles pour assurer la gestion des soins, des prises en charge ou des remboursements. Dans ce domaine, de nombreux prestataires ont besoin de collaborer \u00e9troitement avec des administrations publiques en partageant des fichiers et des messages de fa\u00e7on s\u00e9curis\u00e9e. Sans cette capacit\u00e9, ce travail ne pourrait \u00eatre r\u00e9alis\u00e9 que par courrier \u00e9lectronique, t\u00e9l\u00e9phone, fax et courrier postal. Par cons\u00e9quent, Webex acc\u00e9l\u00e8re consid\u00e9rablement ces processus en r\u00e9duisant les d\u00e9lais n\u00e9cessaires au traitement de chaque dossier.<\/p>\n<p>Les sous-traitants et les fournisseurs d\u2019administrations publiques peuvent eux aussi rationaliser leurs processus et leurs workflows de la m\u00eame mani\u00e8re. Gr\u00e2ce \u00e0 leur statut d\u2019invit\u00e9 dans Webex for Government, ils peuvent \u00e9changer des messages et partager des fichiers avec leurs clients et partenaires f\u00e9d\u00e9raux en toute s\u00e9curit\u00e9. Le partage et l\u2019envoi de commandes et de nomenclatures dans un \u00e9cosyst\u00e8me unique et s\u00e9curis\u00e9 rationalisent le processus.<\/p>\n<h2>Favoriser le travail hybride avec Webex for Government<\/h2>\n<p>Notre objectif chez Webex est d\u2019aider les utilisateurs \u00e0 r\u00e9duire les redondances et les complexit\u00e9s tout en renfor\u00e7ant leur efficacit\u00e9 et leur capacit\u00e9 \u00e0 tisser des relations pr\u00e9cieuses avec leurs partenaires. Le lancement de la fonctionnalit\u00e9 Guests Invited marque ainsi une nouvelle \u00e9tape dans le d\u00e9veloppement et l\u2019extension des capacit\u00e9s de collaboration dans Webex for Government. En tant que leader dans ce domaine, Webex offre la possibilit\u00e9 d\u2019\u00e9changer des messages et de partager des fichiers de mani\u00e8re totalement fluide entre diff\u00e9rentes organisations, sans compromettre la s\u00e9curit\u00e9 des donn\u00e9es sensibles.<\/p>\n<p>Dans les mois \u00e0 venir, nous allons continuer de d\u00e9ployer des fonctionnalit\u00e9s et des outils optimisant l\u2019exp\u00e9rience de collaboration dans Webex for Government, et ainsi de renforcer encore davantage les capacit\u00e9s et la gestion de l\u2019\u00e9cosyst\u00e8me de collaboration.<\/p>\n<blockquote><p>Pour en savoir plus, rendez-vous sur <a href=\"https:\/\/www.webex.com\/industries\/government.html\">Webex.com<\/a>.<\/p><\/blockquote>\n<p><strong>En savoir plus<\/strong><\/p>\n<p><a href=\"https:\/\/blog.webex.com\/fr\/travail-hybride\/sappuyer-sur-lelan-apporte-par-webex-de-meilleures-solutions-pour-le-travail-hybride\/\">Tirer parti de la dynamique Webex\u00a0: de meilleures solutions pour le travail hybride<\/a><\/p>\n<p><a href=\"https:\/\/blog.webex.com\/fr\/visioconferences\/les-nouveautes-de-webex-juillet-2021\/\">Quoi de neuf dans Webex\u00a0? juillet\u00a02021<\/a><\/p>\n<p><a href=\"https:\/\/blog.webex.com\/fr\/peripheriques-de-collaboration\/collaborez-en-toute-confiance-et-sans-compromis\/\">Collaborer en toute confiance, sans compromis<\/a><\/p>\n","protected":false},"excerpt":{"rendered":"<p>Notre objectif chez Webex est d\u2019aider les utilisateurs \u00e0 r\u00e9duire les redondances et les complexit\u00e9s tout en renfor\u00e7ant leur efficacit\u00e9 et leur capacit\u00e9 \u00e0 tisser des relations pr\u00e9cieuses avec leurs partenaires.<\/p>\n","protected":false},"author":5419,"featured_media":18721,"comment_status":"open","ping_status":"open","sticky":false,"template":"","format":"standard","meta":{"inline_featured_image":false,"footnotes":""},"categories":[5253,1493],"tags":[885,3907,10304,9925,2066,5672],"class_list":["post-20260","post","type-post","status-publish","format-standard","has-post-thumbnail","hentry","category-collaboration-fr","category-visioconferences","tag-business-phone","tag-data-loss-prevention","tag-data-loss-prevention-fr","tag-fedramp-fr","tag-outils-de-collaboration","tag-solutions-de-collaboration"],"acf":[],"yoast_head":"<!-- This site is optimized with the Yoast SEO plugin v27.1.1 - https:\/\/yoast.com\/product\/yoast-seo-wordpress\/ -->\n<title>Extension des capacit\u00e9s de collaboration dans Webex for Government | Webex Blog<\/title>\n<meta name=\"robots\" content=\"index, follow, max-snippet:-1, max-image-preview:large, max-video-preview:-1\" \/>\n<link rel=\"canonical\" href=\"https:\/\/blog.webex.com\/fr\/collaboration-fr\/visioconferences\/extension-des-capacites-de-collaboration-dans-webex-for-government\/\" \/>\n<meta property=\"og:locale\" content=\"fr_FR\" \/>\n<meta property=\"og:type\" content=\"article\" \/>\n<meta property=\"og:title\" content=\"Extension des capacit\u00e9s de collaboration dans Webex for Government | Webex Blog\" \/>\n<meta property=\"og:description\" content=\"Notre objectif chez Webex est d\u2019aider les utilisateurs \u00e0 r\u00e9duire les redondances et les complexit\u00e9s tout en renfor\u00e7ant leur efficacit\u00e9 et leur capacit\u00e9 \u00e0 tisser des relations pr\u00e9cieuses avec leurs partenaires.\" \/>\n<meta property=\"og:url\" content=\"https:\/\/blog.webex.com\/fr\/collaboration-fr\/visioconferences\/extension-des-capacites-de-collaboration-dans-webex-for-government\/\" \/>\n<meta property=\"og:site_name\" content=\"Webex Blog\" \/>\n<meta property=\"article:published_time\" content=\"2021-07-20T17:07:53+00:00\" \/>\n<meta property=\"article:modified_time\" content=\"2021-08-02T21:59:25+00:00\" \/>\n<meta property=\"og:image\" content=\"https:\/\/blog.webex.com\/wp-content\/uploads\/2021\/07\/radhi-fedramp-guests-invited-feature-image-v1-975x554-1.jpg\" \/>\n\t<meta property=\"og:image:width\" content=\"975\" \/>\n\t<meta property=\"og:image:height\" content=\"554\" \/>\n\t<meta property=\"og:image:type\" content=\"image\/jpeg\" \/>\n<meta name=\"author\" content=\"Radhika Chagarlamudi\" \/>\n<meta name=\"twitter:label1\" content=\"\u00c9crit par\" \/>\n\t<meta name=\"twitter:data1\" content=\"Radhika Chagarlamudi\" \/>\n\t<meta name=\"twitter:label2\" content=\"Dur\u00e9e de lecture estim\u00e9e\" \/>\n\t<meta name=\"twitter:data2\" content=\"6 minutes\" \/>\n<script type=\"application\/ld+json\" class=\"yoast-schema-graph\">{\"@context\":\"https:\/\/schema.org\",\"@graph\":[{\"@type\":\"Article\",\"@id\":\"https:\/\/blog.webex.com\/fr\/collaboration-fr\/visioconferences\/extension-des-capacites-de-collaboration-dans-webex-for-government\/#article\",\"isPartOf\":{\"@id\":\"https:\/\/blog.webex.com\/fr\/collaboration-fr\/visioconferences\/extension-des-capacites-de-collaboration-dans-webex-for-government\/\"},\"author\":{\"name\":\"Radhika Chagarlamudi\",\"@id\":\"https:\/\/blog.webex.com\/es\/#\/schema\/person\/39822513d5108378a6d7fa6d587c7d92\"},\"headline\":\"Extension des capacit\u00e9s de collaboration dans Webex for Government\",\"datePublished\":\"2021-07-20T17:07:53+00:00\",\"dateModified\":\"2021-08-02T21:59:25+00:00\",\"mainEntityOfPage\":{\"@id\":\"https:\/\/blog.webex.com\/fr\/collaboration-fr\/visioconferences\/extension-des-capacites-de-collaboration-dans-webex-for-government\/\"},\"wordCount\":1191,\"commentCount\":0,\"image\":{\"@id\":\"https:\/\/blog.webex.com\/fr\/collaboration-fr\/visioconferences\/extension-des-capacites-de-collaboration-dans-webex-for-government\/#primaryimage\"},\"thumbnailUrl\":\"https:\/\/blog.webex.com\/wp-content\/uploads\/2021\/07\/radhi-fedramp-guests-invited-feature-image-v1-975x554-1.jpg\",\"keywords\":[\"Business Phone\",\"Data Loss Prevention\",\"Data Loss Prevention\",\"FedRAMP\",\"outils de collaboration\",\"Solutions de collaboration\"],\"articleSection\":[\"Collaboration\",\"Visioconf\u00e9rences\"],\"inLanguage\":\"fr-FR\",\"potentialAction\":[{\"@type\":\"CommentAction\",\"name\":\"Comment\",\"target\":[\"https:\/\/blog.webex.com\/fr\/collaboration-fr\/visioconferences\/extension-des-capacites-de-collaboration-dans-webex-for-government\/#respond\"]}]},{\"@type\":\"WebPage\",\"@id\":\"https:\/\/blog.webex.com\/fr\/collaboration-fr\/visioconferences\/extension-des-capacites-de-collaboration-dans-webex-for-government\/\",\"url\":\"https:\/\/blog.webex.com\/fr\/collaboration-fr\/visioconferences\/extension-des-capacites-de-collaboration-dans-webex-for-government\/\",\"name\":\"Extension des capacit\u00e9s de collaboration dans Webex for Government | Webex Blog\",\"isPartOf\":{\"@id\":\"https:\/\/blog.webex.com\/es\/#website\"},\"primaryImageOfPage\":{\"@id\":\"https:\/\/blog.webex.com\/fr\/collaboration-fr\/visioconferences\/extension-des-capacites-de-collaboration-dans-webex-for-government\/#primaryimage\"},\"image\":{\"@id\":\"https:\/\/blog.webex.com\/fr\/collaboration-fr\/visioconferences\/extension-des-capacites-de-collaboration-dans-webex-for-government\/#primaryimage\"},\"thumbnailUrl\":\"https:\/\/blog.webex.com\/wp-content\/uploads\/2021\/07\/radhi-fedramp-guests-invited-feature-image-v1-975x554-1.jpg\",\"datePublished\":\"2021-07-20T17:07:53+00:00\",\"dateModified\":\"2021-08-02T21:59:25+00:00\",\"author\":{\"@id\":\"https:\/\/blog.webex.com\/es\/#\/schema\/person\/39822513d5108378a6d7fa6d587c7d92\"},\"breadcrumb\":{\"@id\":\"https:\/\/blog.webex.com\/fr\/collaboration-fr\/visioconferences\/extension-des-capacites-de-collaboration-dans-webex-for-government\/#breadcrumb\"},\"inLanguage\":\"fr-FR\",\"potentialAction\":[{\"@type\":\"ReadAction\",\"target\":[\"https:\/\/blog.webex.com\/fr\/collaboration-fr\/visioconferences\/extension-des-capacites-de-collaboration-dans-webex-for-government\/\"]}]},{\"@type\":\"ImageObject\",\"inLanguage\":\"fr-FR\",\"@id\":\"https:\/\/blog.webex.com\/fr\/collaboration-fr\/visioconferences\/extension-des-capacites-de-collaboration-dans-webex-for-government\/#primaryimage\",\"url\":\"https:\/\/blog.webex.com\/wp-content\/uploads\/2021\/07\/radhi-fedramp-guests-invited-feature-image-v1-975x554-1.jpg\",\"contentUrl\":\"https:\/\/blog.webex.com\/wp-content\/uploads\/2021\/07\/radhi-fedramp-guests-invited-feature-image-v1-975x554-1.jpg\",\"width\":975,\"height\":554,\"caption\":\"radhi-fedramp-guests-invited\"},{\"@type\":\"BreadcrumbList\",\"@id\":\"https:\/\/blog.webex.com\/fr\/collaboration-fr\/visioconferences\/extension-des-capacites-de-collaboration-dans-webex-for-government\/#breadcrumb\",\"itemListElement\":[{\"@type\":\"ListItem\",\"position\":1,\"name\":\"Home\",\"item\":\"https:\/\/blog.webex.com\/fr\/\"},{\"@type\":\"ListItem\",\"position\":2,\"name\":\"Extension des capacit\u00e9s de collaboration dans Webex for Government\"}]},{\"@type\":\"WebSite\",\"@id\":\"https:\/\/blog.webex.com\/es\/#website\",\"url\":\"https:\/\/blog.webex.com\/es\/\",\"name\":\"Webex Blog\",\"description\":\"Webex by Cisco powers collaboration through industry-leading video conferencing, cloud calling and contact center solutions\",\"potentialAction\":[{\"@type\":\"SearchAction\",\"target\":{\"@type\":\"EntryPoint\",\"urlTemplate\":\"https:\/\/blog.webex.com\/es\/?s={search_term_string}\"},\"query-input\":{\"@type\":\"PropertyValueSpecification\",\"valueRequired\":true,\"valueName\":\"search_term_string\"}}],\"inLanguage\":\"fr-FR\"},{\"@type\":\"Person\",\"@id\":\"https:\/\/blog.webex.com\/es\/#\/schema\/person\/39822513d5108378a6d7fa6d587c7d92\",\"name\":\"Radhika Chagarlamudi\",\"image\":{\"@type\":\"ImageObject\",\"inLanguage\":\"fr-FR\",\"@id\":\"https:\/\/blog.webex.com\/es\/#\/schema\/person\/image\/\",\"url\":\"https:\/\/secure.gravatar.com\/avatar\/0fed2bc7510f3a563900ef9cf0ccb143a49bf3d6e731b7e9580fc0ddab542924?s=96&d=wp_user_avatar&r=g\",\"contentUrl\":\"https:\/\/secure.gravatar.com\/avatar\/0fed2bc7510f3a563900ef9cf0ccb143a49bf3d6e731b7e9580fc0ddab542924?s=96&d=wp_user_avatar&r=g\",\"caption\":\"Radhika Chagarlamudi\"},\"description\":\"Known for spearheading innovation that accelerates business outcomes, Radhi Chagarlamudi leads the Webex Platform &amp; Infrastructure Engineering team at Cisco. She and her team oversee the strategy, build, and operation of the Webex Cloud. Collectively, their work in user experience, engineering, and product management drive the innovation and delivery of features and tools across the platform, including Webex Control Hub, Webex analytics platform, and common core services. Radhi is passionate about building high performing teams and has led multiple complex initiatives, including Cisco\u2019s Data Center transformation to software-defined infrastructure and an AIOps foundation. In her current role, she leads a global team whose charter is to grow the Webex Cloud Platform into new markets supporting innovative ways of working and learning. In her personal life, Radhi is an active community volunteer using her passion for collaboration, inclusion, and diversity to lead regional STEM programs through Cisco\u2019s Connected Women\u2019s affinity group, and her membership at the Orchid Giving Circle at the Texas Women\u2019s Foundation, which provides large community grants supporting social change and services for the North Texas Asian community. She holds an electrical and systems engineering bachelor\u2019s degree from Carleton University and an engineering management master\u2019s degree from Southern Methodist University. Radhi resides in Texas and enjoys spending time outdoors with her husband and two children. An avid hiker and global traveler, she often spends her family holidays exploring mountain summits.\",\"url\":\"https:\/\/blog.webex.com\/fr\/contributors\/radhikachagarlamudi\/\"}]}<\/script>\n<!-- \/ Yoast SEO plugin. -->","yoast_head_json":{"title":"Extension des capacit\u00e9s de collaboration dans Webex for Government | Webex Blog","robots":{"index":"index","follow":"follow","max-snippet":"max-snippet:-1","max-image-preview":"max-image-preview:large","max-video-preview":"max-video-preview:-1"},"canonical":"https:\/\/blog.webex.com\/fr\/collaboration-fr\/visioconferences\/extension-des-capacites-de-collaboration-dans-webex-for-government\/","og_locale":"fr_FR","og_type":"article","og_title":"Extension des capacit\u00e9s de collaboration dans Webex for Government | Webex Blog","og_description":"Notre objectif chez Webex est d\u2019aider les utilisateurs \u00e0 r\u00e9duire les redondances et les complexit\u00e9s tout en renfor\u00e7ant leur efficacit\u00e9 et leur capacit\u00e9 \u00e0 tisser des relations pr\u00e9cieuses avec leurs partenaires.","og_url":"https:\/\/blog.webex.com\/fr\/collaboration-fr\/visioconferences\/extension-des-capacites-de-collaboration-dans-webex-for-government\/","og_site_name":"Webex Blog","article_published_time":"2021-07-20T17:07:53+00:00","article_modified_time":"2021-08-02T21:59:25+00:00","og_image":[{"width":975,"height":554,"url":"https:\/\/blog.webex.com\/wp-content\/uploads\/2021\/07\/radhi-fedramp-guests-invited-feature-image-v1-975x554-1.jpg","type":"image\/jpeg"}],"author":"Radhika Chagarlamudi","twitter_misc":{"\u00c9crit par":"Radhika Chagarlamudi","Dur\u00e9e de lecture estim\u00e9e":"6 minutes"},"schema":{"@context":"https:\/\/schema.org","@graph":[{"@type":"Article","@id":"https:\/\/blog.webex.com\/fr\/collaboration-fr\/visioconferences\/extension-des-capacites-de-collaboration-dans-webex-for-government\/#article","isPartOf":{"@id":"https:\/\/blog.webex.com\/fr\/collaboration-fr\/visioconferences\/extension-des-capacites-de-collaboration-dans-webex-for-government\/"},"author":{"name":"Radhika Chagarlamudi","@id":"https:\/\/blog.webex.com\/es\/#\/schema\/person\/39822513d5108378a6d7fa6d587c7d92"},"headline":"Extension des capacit\u00e9s de collaboration dans Webex for Government","datePublished":"2021-07-20T17:07:53+00:00","dateModified":"2021-08-02T21:59:25+00:00","mainEntityOfPage":{"@id":"https:\/\/blog.webex.com\/fr\/collaboration-fr\/visioconferences\/extension-des-capacites-de-collaboration-dans-webex-for-government\/"},"wordCount":1191,"commentCount":0,"image":{"@id":"https:\/\/blog.webex.com\/fr\/collaboration-fr\/visioconferences\/extension-des-capacites-de-collaboration-dans-webex-for-government\/#primaryimage"},"thumbnailUrl":"https:\/\/blog.webex.com\/wp-content\/uploads\/2021\/07\/radhi-fedramp-guests-invited-feature-image-v1-975x554-1.jpg","keywords":["Business Phone","Data Loss Prevention","Data Loss Prevention","FedRAMP","outils de collaboration","Solutions de collaboration"],"articleSection":["Collaboration","Visioconf\u00e9rences"],"inLanguage":"fr-FR","potentialAction":[{"@type":"CommentAction","name":"Comment","target":["https:\/\/blog.webex.com\/fr\/collaboration-fr\/visioconferences\/extension-des-capacites-de-collaboration-dans-webex-for-government\/#respond"]}]},{"@type":"WebPage","@id":"https:\/\/blog.webex.com\/fr\/collaboration-fr\/visioconferences\/extension-des-capacites-de-collaboration-dans-webex-for-government\/","url":"https:\/\/blog.webex.com\/fr\/collaboration-fr\/visioconferences\/extension-des-capacites-de-collaboration-dans-webex-for-government\/","name":"Extension des capacit\u00e9s de collaboration dans Webex for Government | Webex Blog","isPartOf":{"@id":"https:\/\/blog.webex.com\/es\/#website"},"primaryImageOfPage":{"@id":"https:\/\/blog.webex.com\/fr\/collaboration-fr\/visioconferences\/extension-des-capacites-de-collaboration-dans-webex-for-government\/#primaryimage"},"image":{"@id":"https:\/\/blog.webex.com\/fr\/collaboration-fr\/visioconferences\/extension-des-capacites-de-collaboration-dans-webex-for-government\/#primaryimage"},"thumbnailUrl":"https:\/\/blog.webex.com\/wp-content\/uploads\/2021\/07\/radhi-fedramp-guests-invited-feature-image-v1-975x554-1.jpg","datePublished":"2021-07-20T17:07:53+00:00","dateModified":"2021-08-02T21:59:25+00:00","author":{"@id":"https:\/\/blog.webex.com\/es\/#\/schema\/person\/39822513d5108378a6d7fa6d587c7d92"},"breadcrumb":{"@id":"https:\/\/blog.webex.com\/fr\/collaboration-fr\/visioconferences\/extension-des-capacites-de-collaboration-dans-webex-for-government\/#breadcrumb"},"inLanguage":"fr-FR","potentialAction":[{"@type":"ReadAction","target":["https:\/\/blog.webex.com\/fr\/collaboration-fr\/visioconferences\/extension-des-capacites-de-collaboration-dans-webex-for-government\/"]}]},{"@type":"ImageObject","inLanguage":"fr-FR","@id":"https:\/\/blog.webex.com\/fr\/collaboration-fr\/visioconferences\/extension-des-capacites-de-collaboration-dans-webex-for-government\/#primaryimage","url":"https:\/\/blog.webex.com\/wp-content\/uploads\/2021\/07\/radhi-fedramp-guests-invited-feature-image-v1-975x554-1.jpg","contentUrl":"https:\/\/blog.webex.com\/wp-content\/uploads\/2021\/07\/radhi-fedramp-guests-invited-feature-image-v1-975x554-1.jpg","width":975,"height":554,"caption":"radhi-fedramp-guests-invited"},{"@type":"BreadcrumbList","@id":"https:\/\/blog.webex.com\/fr\/collaboration-fr\/visioconferences\/extension-des-capacites-de-collaboration-dans-webex-for-government\/#breadcrumb","itemListElement":[{"@type":"ListItem","position":1,"name":"Home","item":"https:\/\/blog.webex.com\/fr\/"},{"@type":"ListItem","position":2,"name":"Extension des capacit\u00e9s de collaboration dans Webex for Government"}]},{"@type":"WebSite","@id":"https:\/\/blog.webex.com\/es\/#website","url":"https:\/\/blog.webex.com\/es\/","name":"Webex Blog","description":"Webex by Cisco powers collaboration through industry-leading video conferencing, cloud calling and contact center solutions","potentialAction":[{"@type":"SearchAction","target":{"@type":"EntryPoint","urlTemplate":"https:\/\/blog.webex.com\/es\/?s={search_term_string}"},"query-input":{"@type":"PropertyValueSpecification","valueRequired":true,"valueName":"search_term_string"}}],"inLanguage":"fr-FR"},{"@type":"Person","@id":"https:\/\/blog.webex.com\/es\/#\/schema\/person\/39822513d5108378a6d7fa6d587c7d92","name":"Radhika Chagarlamudi","image":{"@type":"ImageObject","inLanguage":"fr-FR","@id":"https:\/\/blog.webex.com\/es\/#\/schema\/person\/image\/","url":"https:\/\/secure.gravatar.com\/avatar\/0fed2bc7510f3a563900ef9cf0ccb143a49bf3d6e731b7e9580fc0ddab542924?s=96&d=wp_user_avatar&r=g","contentUrl":"https:\/\/secure.gravatar.com\/avatar\/0fed2bc7510f3a563900ef9cf0ccb143a49bf3d6e731b7e9580fc0ddab542924?s=96&d=wp_user_avatar&r=g","caption":"Radhika Chagarlamudi"},"description":"Known for spearheading innovation that accelerates business outcomes, Radhi Chagarlamudi leads the Webex Platform &amp; Infrastructure Engineering team at Cisco. She and her team oversee the strategy, build, and operation of the Webex Cloud. Collectively, their work in user experience, engineering, and product management drive the innovation and delivery of features and tools across the platform, including Webex Control Hub, Webex analytics platform, and common core services. Radhi is passionate about building high performing teams and has led multiple complex initiatives, including Cisco\u2019s Data Center transformation to software-defined infrastructure and an AIOps foundation. In her current role, she leads a global team whose charter is to grow the Webex Cloud Platform into new markets supporting innovative ways of working and learning. In her personal life, Radhi is an active community volunteer using her passion for collaboration, inclusion, and diversity to lead regional STEM programs through Cisco\u2019s Connected Women\u2019s affinity group, and her membership at the Orchid Giving Circle at the Texas Women\u2019s Foundation, which provides large community grants supporting social change and services for the North Texas Asian community. She holds an electrical and systems engineering bachelor\u2019s degree from Carleton University and an engineering management master\u2019s degree from Southern Methodist University. Radhi resides in Texas and enjoys spending time outdoors with her husband and two children. An avid hiker and global traveler, she often spends her family holidays exploring mountain summits.","url":"https:\/\/blog.webex.com\/fr\/contributors\/radhikachagarlamudi\/"}]}},"_links":{"self":[{"href":"https:\/\/blog.webex.com\/fr\/wp-json\/wp\/v2\/posts\/20260","targetHints":{"allow":["GET"]}}],"collection":[{"href":"https:\/\/blog.webex.com\/fr\/wp-json\/wp\/v2\/posts"}],"about":[{"href":"https:\/\/blog.webex.com\/fr\/wp-json\/wp\/v2\/types\/post"}],"author":[{"embeddable":true,"href":"https:\/\/blog.webex.com\/fr\/wp-json\/wp\/v2\/users\/5419"}],"replies":[{"embeddable":true,"href":"https:\/\/blog.webex.com\/fr\/wp-json\/wp\/v2\/comments?post=20260"}],"version-history":[{"count":0,"href":"https:\/\/blog.webex.com\/fr\/wp-json\/wp\/v2\/posts\/20260\/revisions"}],"wp:featuredmedia":[{"embeddable":true,"href":"https:\/\/blog.webex.com\/fr\/wp-json\/wp\/v2\/media\/18721"}],"wp:attachment":[{"href":"https:\/\/blog.webex.com\/fr\/wp-json\/wp\/v2\/media?parent=20260"}],"wp:term":[{"taxonomy":"category","embeddable":true,"href":"https:\/\/blog.webex.com\/fr\/wp-json\/wp\/v2\/categories?post=20260"},{"taxonomy":"post_tag","embeddable":true,"href":"https:\/\/blog.webex.com\/fr\/wp-json\/wp\/v2\/tags?post=20260"}],"curies":[{"name":"wp","href":"https:\/\/api.w.org\/{rel}","templated":true}]}}