{"id":20792,"date":"2021-07-29T10:28:13","date_gmt":"2021-07-29T17:28:13","guid":{"rendered":"https:\/\/blog.webex.com\/uncategorized-fr\/uc-today-recompense-webex-meilleure-plateforme-de-collaboration-et-leader-de-lannee-dans-le-domaine-de-la-collaboration\/"},"modified":"2024-09-17T23:37:00","modified_gmt":"2024-09-18T06:37:00","slug":"uc-today-recompense-webex-meilleure-plateforme-de-collaboration-et-leader-de-lannee-dans-le-domaine-de-la-collaboration","status":"publish","type":"post","link":"https:\/\/blog.webex.com\/fr\/uncategorized-fr\/uc-today-recompense-webex-meilleure-plateforme-de-collaboration-et-leader-de-lannee-dans-le-domaine-de-la-collaboration\/","title":{"rendered":"UC Today r\u00e9compense Webex\u00a0: Meilleure plateforme de collaboration ..."},"content":{"rendered":"<p>Nous avons le plaisir de partager une nouvelle ph\u00e9nom\u00e9nale pour l\u2019\u00e9quipe Webex\u00a0! <a href=\"https:\/\/www.uctoday.com\/\">UC Today<\/a>, la principale publication sur les communications unifi\u00e9es et la collaboration, a annonc\u00e9 aujourd\u2019hui ses <a href=\"https:\/\/www.ucawards.com\/uc\/2021-winners\/\">2021 UC Awards<\/a> et Webex de Cisco a remport\u00e9 le prix de la <strong>meilleure plateforme de collaboration<\/strong>. <a href=\"https:\/\/www.linkedin.com\/in\/javed-khan-905560\/\">Javed Khan<\/a>, vice-pr\u00e9sident directeur g\u00e9n\u00e9ral de Cisco Collaboration, a \u00e9galement \u00e9t\u00e9 nomm\u00e9 <strong>leader de l\u2019ann\u00e9e dans le domaine de la collaboration<\/strong>\u00a0! Je ne pourrais pas \u00eatre plus fier de cette reconnaissance pour notre \u00e9quipe et notre leader. Voici quelques mots de Javed \u00e0 propos de cet <a href=\"https:\/\/youtu.be\/9yQ00e_dVcU\">incroyable honneur.<\/a><\/p>\n<p><iframe loading=\"lazy\" title=\"Announcing UC Leader of the year | Javed Khan\" width=\"500\" height=\"281\" src=\"https:\/\/www.youtube.com\/embed\/9yQ00e_dVcU?feature=oembed\" frameborder=\"0\" allow=\"accelerometer; autoplay; clipboard-write; encrypted-media; gyroscope; picture-in-picture; web-share\" referrerpolicy=\"strict-origin-when-cross-origin\" allowfullscreen><\/iframe><\/p>\n<h2><strong>Le travail hybride\u00a0: l\u2019avenir <\/strong><\/h2>\n<p>Alors que le monde commence \u00e0 sortir de la pand\u00e9mie, une chose est s\u00fbre\u00a0: l\u2019avenir du travail est hybride. Le travail hybride signifie que les gens travailleront en mode mixte &#8211; ils pourront alterner entre le travail \u00e0 domicile, au bureau ou sur la route, quel que soit le jour ou l\u2019heure.<\/p>\n<p>Et les dirigeants ont bien compris que le travail hybride n\u2019est pas seulement une question de lieu. C\u2019est aussi une question de personnes, de culture, de s\u00fbret\u00e9, de s\u00e9curit\u00e9, et le d\u00e9but de nouvelles opportunit\u00e9s. Webex alimente les <a href=\"https:\/\/blog.webex.com\/fr\/travail-hybride\/lavenement-du-travail-hybride\/\">cinq \u00e9l\u00e9ments essentiels<\/a> du travail hybride\u00a0: flexibilit\u00e9, inclusion, soutien, s\u00e9curit\u00e9 et gestion. Ce prix t\u00e9moigne de ce que Javed et son \u00e9quipe ont accompli au cours de l\u2019ann\u00e9e \u00e9coul\u00e9e pour propulser les solutions Webex au premier plan dans l\u2019espace de collaboration et en tant que leader du travail hybride.<\/p>\n<p>Voici quelques-unes des nombreuses distinctions et r\u00e9compenses qui soulignent le leadership de Webex sur le march\u00e9 de la collaboration\u00a0:<\/p>\n<ul>\n<li>Reconnu 13 fois de suite comme l\u2019un des leaders dans le <a href=\"https:\/\/transform.cisco.com\/c\/Disti_GartnerMagicQuandrantMeetSolutions?x=mBK66J&#038;xs=211161\">Magic Quadrant<\/a> de Gartner, dans le domaine des solutions de r\u00e9union<\/li>\n<li><a href=\"https:\/\/www.gartner.com\/doc\/reprints?id=1-249WPGTW&#038;ct=200930&#038;st=sb\"><\/a>Magic Quadrant de Gartner pour les communications unifi\u00e9es en tant que service<\/li>\n<li>Prix Red Dot Design pour les <a href=\"https:\/\/www.red-dot.org\/\">p\u00e9riph\u00e9riques vid\u00e9o<\/a><\/li>\n<li>Webex a remport\u00e9 plusieurs prix Best in Class 2021\u00a0:\n<ul>\n<li><a href=\"https:\/\/blogs.cisco.com\/collaboration\/webex-wins-multiple-best-in-class-2021-trustradius-awards\">Num\u00e9ro\u00a01 des Prix Trustradius<\/a>\u00a0:\n<ul>\n<li><a href=\"https:\/\/blogs.cisco.com\/collaboration\/whats-so-new-about-the-all-new-webex\">Webex Meetings<\/a> a remport\u00e9 la 1<sup>\u00e8re<\/sup> place dans la cat\u00e9gorie \u00ab\u00a0Meilleures fonctionnalit\u00e9s\u00a0\u00bb ainsi que 1<sup>\u00e8re<\/sup>dans la cat\u00e9gorie \u00ab\u00a0Meilleure convivialit\u00e9\u00a0\u00bb.<\/li>\n<li>Dans le domaine de la collaboration en \u00e9quipe, Webex s\u2019est class\u00e9 <sup>premier<\/sup> dans les cat\u00e9gories \u00ab\u00a0Meilleur support\u00a0\u00bb et \u00ab\u00a0Meilleure convivialit\u00e9\u00a0\u00bb<\/li>\n<li>Le DX80 a remport\u00e9 la 1<sup>\u00e8re<\/sup> place dans les cat\u00e9gories \u00ab\u00a0Meilleures fonctionnalit\u00e9s\u00a0\u00bb et \u00ab\u00a0Meilleur support\u00a0\u00bb dans le domaine des \u00e9quipements de visioconf\u00e9rence<\/li>\n<\/ul>\n<\/li>\n<\/ul>\n<\/li>\n<\/ul>\n<p>Les investissements strat\u00e9giques de Webex dans l\u2019avenir du travail hybride et l\u2019\u00e9tendue de ses solutions aident nos clients \u00e0 r\u00e9ussir dans le nouveau monde du travail hybride\u00a0:<\/p>\n<ul>\n<li>Lancement de plus de 800 innovations au cours des neuf derniers mois seulement<\/li>\n<li>Cinq nouvelles acquisitions\u00a0: <a href=\"https:\/\/www.cisco.com\/c\/en\/us\/about\/corporate-strategy-office\/acquisitions\/babblelabs.html\">Babblelabs<\/a>, <a href=\"https:\/\/www.prnewswire.com\/news-releases\/cisco-completes-acquisition-of-socio-labs-301327416.html\">Socio<\/a>, <a href=\"https:\/\/www.crn.com\/news\/networking\/cisco-closes-slido-deal-for-inclusive-webex-meetings\">Slido<\/a>, <a href=\"https:\/\/www.cisco.com\/c\/en\/us\/about\/corporate-strategy-office\/acquisitions\/imimobile.html\">IMIimobile<\/a> et <a href=\"https:\/\/blogs.cisco.com\/collaboration\/cisco-collab-blog-06-03-21\">Involvio<\/a><\/li>\n<li>Pr\u00e9sentation de la toute nouvelle <a href=\"https:\/\/www.webex.com\/content\/webex\/c\/en_US\/index\/collaboration-suite.html\/\">suite Webex<\/a> en juin &#8211; une seule application pour les appels, les r\u00e9unions, la messagerie, les sondages, les questions-r\u00e9ponses, les \u00e9v\u00e9nements, etc.<\/li>\n<li>Offrir une exp\u00e9rience d\u2019\u00e9v\u00e9nement hybride immersive \u00e0 grande \u00e9chelle<\/li>\n<li>Traduction\/transcription en temps r\u00e9el de l\u2019anglais vers 108 langues et bidirectionnelle dans 11 langues<\/li>\n<li><a href=\"https:\/\/newsroom.cisco.com\/press-release-content?type=webcontent&#038;articleId=2151037\">Les informations sur les personnes<\/a> fournissent des analyses sur les tendances personnelles, organisationnelles et d\u2019\u00e9quipe afin de favoriser l\u2019\u00e9quilibre entre vie professionnelle et vie priv\u00e9e et une meilleure collaboration, en vue de pr\u00e9venir l\u2019\u00e9puisement professionnel<\/li>\n<li>L\u2019assistant Webex pour Webex Rooms propose des commandes vocales sans contact<\/li>\n<li><a href=\"https:\/\/newsroom.cisco.com\/feature-content?type=webcontent&#038;articleId=2169373\">Le partenariat Thrive Global<\/a> + Webex, et l\u2019int\u00e9gration future, permettront de favoriser la pleine conscience et le bien-\u00eatre pour \u00e9viter la fatigue des employ\u00e9s<\/li>\n<\/ul>\n<p>Nous sommes honor\u00e9s de travailler avec un leader comme Javed, qui s\u2019engage autant \u00e0 d\u00e9velopper une technologie qui offre une exp\u00e9rience \u00e9gale pour tous et fait tomber les barri\u00e8res g\u00e9ographiques, linguistiques ou \u00e9conomiques. F\u00e9licitations Javed\u00a0! Cette r\u00e9compense est amplement m\u00e9rit\u00e9e\u00a0; nous sommes tr\u00e8s fiers de travailler avec vous et nous sommes impatients de d\u00e9couvrir la suite de notre voyage vers un avenir plus inclusif pour tous\u00a0!<\/p>\n<blockquote><p>Pour Cisco, la mission est claire\u00a0: comment cr\u00e9er l\u2019exp\u00e9rience hybride optimale pour le meilleur lieu de travail du monde\u00a0? Cliquez <a href=\"https:\/\/newsroom.cisco.com\/feature-content?type=webcontent&#038;articleId=2179804\">ici<\/a> pour en savoir plus sur la Great Hybrid Experience.<\/p><\/blockquote>\n<p>Toutes mes f\u00e9licitations,<\/p>\n<p>\u00a0<\/p>\n<p>Aruna<\/p>\n<p>Directrice du marketing et vice-pr\u00e9sidente, Webex\/Collaboration<\/p>\n<p><strong>En savoir plus<\/strong><\/p>\n<p><a href=\"https:\/\/blog.webex.com\/fr\/travail-hybride\/retour-au-bureau-penser-dabord-aux-personnes\/\">Retour au bureau\u00a0: Donnez la priorit\u00e9 \u00e0 vos collaborateurs<\/a><\/p>\n<p><a href=\"https:\/\/blog.webex.com\/fr\/gestion-des-evenements\/six-strategies-essentielles-pour-le-succes-dun-evenement-hybride\/\">Six strat\u00e9gies essentielles pour r\u00e9ussir les \u00e9v\u00e9nements hybrides<\/a><\/p>\n<p><a href=\"https:\/\/blog.webex.com\/fr\/travail-hybride\/sappuyer-sur-lelan-apporte-par-webex-de-meilleures-solutions-pour-le-travail-hybride\/\">Poursuivre sur la lanc\u00e9e de Webex\u00a0: De meilleures solutions pour le travail hybride<\/a><\/p>\n","protected":false},"excerpt":{"rendered":"<p>Ces r\u00e9compenses t\u00e9moignent de ce que Javed et son \u00e9quipe ont accompli au cours de l\u2019ann\u00e9e \u00e9coul\u00e9e pour propulser les solutions Webex au premier plan dans les espaces de collaboration et en tant que leader du travail hybride.<\/p>\n","protected":false},"author":5377,"featured_media":19537,"comment_status":"open","ping_status":"open","sticky":false,"template":"","format":"standard","meta":{"inline_featured_image":false,"footnotes":""},"categories":[5253,2770],"tags":[4421,2066,5825,5672,2393,774],"class_list":["post-20792","post","type-post","status-publish","format-standard","has-post-thumbnail","hentry","category-collaboration-fr","category-uncategorized-fr","tag-awards","tag-outils-de-collaboration","tag-recompensesprix","tag-solutions-de-collaboration","tag-travail-hybride","tag-voip"],"acf":[],"yoast_head":"<!-- This site is optimized with the Yoast SEO plugin v28.3 - https:\/\/yoast.com\/product\/yoast-seo-wordpress\/ -->\n<title>UC Today r\u00e9compense Webex\u00a0: Meilleure plateforme de collaboration et Leader de l\u2019ann\u00e9e dans le domaine de la collaboration | Webex Blog<\/title>\n<meta name=\"robots\" content=\"index, follow, max-snippet:-1, max-image-preview:large, max-video-preview:-1\" \/>\n<link rel=\"canonical\" href=\"https:\/\/blog.webex.com\/collaboration\/hybrid-work\/webex-gets-awards-nods-from-uc-today-best-collaboration-platform-collaboration-leader-of-the-year\/\" \/>\n<meta property=\"og:locale\" content=\"fr_FR\" \/>\n<meta property=\"og:type\" content=\"article\" \/>\n<meta property=\"og:title\" content=\"UC Today r\u00e9compense Webex\u00a0: Meilleure plateforme de collaboration et Leader de l\u2019ann\u00e9e dans le domaine de la collaboration | Webex Blog\" \/>\n<meta property=\"og:description\" content=\"Ces r\u00e9compenses t\u00e9moignent de ce que Javed et son \u00e9quipe ont accompli au cours de l\u2019ann\u00e9e \u00e9coul\u00e9e pour propulser les solutions Webex au premier plan dans les espaces de collaboration et en tant que leader du travail hybride.\" \/>\n<meta property=\"og:url\" content=\"https:\/\/blog.webex.com\/collaboration\/hybrid-work\/webex-gets-awards-nods-from-uc-today-best-collaboration-platform-collaboration-leader-of-the-year\/\" \/>\n<meta property=\"og:site_name\" content=\"Webex Blog\" \/>\n<meta property=\"article:published_time\" content=\"2021-07-29T17:28:13+00:00\" \/>\n<meta property=\"article:modified_time\" content=\"2024-09-18T06:37:00+00:00\" \/>\n<meta property=\"og:image\" content=\"https:\/\/blog.webex.com\/wp-content\/uploads\/2021\/07\/Javed-Blog1.png\" \/>\n\t<meta property=\"og:image:width\" content=\"975\" \/>\n\t<meta property=\"og:image:height\" content=\"554\" \/>\n\t<meta property=\"og:image:type\" content=\"image\/png\" \/>\n<meta name=\"author\" content=\"Aruna Ravichandran\" \/>\n<meta name=\"twitter:label1\" content=\"\u00c9crit par\" \/>\n\t<meta name=\"twitter:data1\" content=\"Aruna Ravichandran\" \/>\n\t<meta name=\"twitter:label2\" content=\"Dur\u00e9e de lecture estim\u00e9e\" \/>\n\t<meta name=\"twitter:data2\" content=\"4 minutes\" \/>\n<script type=\"application\/ld+json\" class=\"yoast-schema-graph\">{\"@context\":\"https:\\\/\\\/schema.org\",\"@graph\":[{\"@type\":\"Article\",\"@id\":\"https:\\\/\\\/blog.webex.com\\\/collaboration\\\/hybrid-work\\\/webex-gets-awards-nods-from-uc-today-best-collaboration-platform-collaboration-leader-of-the-year\\\/#article\",\"isPartOf\":{\"@id\":\"https:\\\/\\\/blog.webex.com\\\/collaboration\\\/hybrid-work\\\/webex-gets-awards-nods-from-uc-today-best-collaboration-platform-collaboration-leader-of-the-year\\\/\"},\"author\":{\"name\":\"Aruna Ravichandran\",\"@id\":\"https:\\\/\\\/blog.webex.com\\\/es\\\/#\\\/schema\\\/person\\\/13123e3d3a33894876e3bb847361fae4\"},\"headline\":\"UC Today r\u00e9compense Webex\u00a0: Meilleure plateforme de collaboration ...\",\"datePublished\":\"2021-07-29T17:28:13+00:00\",\"dateModified\":\"2024-09-18T06:37:00+00:00\",\"mainEntityOfPage\":{\"@id\":\"https:\\\/\\\/blog.webex.com\\\/collaboration\\\/hybrid-work\\\/webex-gets-awards-nods-from-uc-today-best-collaboration-platform-collaboration-leader-of-the-year\\\/\"},\"wordCount\":782,\"commentCount\":0,\"image\":{\"@id\":\"https:\\\/\\\/blog.webex.com\\\/collaboration\\\/hybrid-work\\\/webex-gets-awards-nods-from-uc-today-best-collaboration-platform-collaboration-leader-of-the-year\\\/#primaryimage\"},\"thumbnailUrl\":\"https:\\\/\\\/blog.webex.com\\\/wp-content\\\/uploads\\\/2021\\\/07\\\/Javed-Blog1.png\",\"keywords\":[\"Awards\",\"outils de collaboration\",\"r\u00e9compensesPrix\",\"Solutions de collaboration\",\"travail hybride\",\"VoIP\"],\"articleSection\":[\"Collaboration\",\"Uncategorized @fr\"],\"inLanguage\":\"fr-FR\",\"potentialAction\":[{\"@type\":\"CommentAction\",\"name\":\"Comment\",\"target\":[\"https:\\\/\\\/blog.webex.com\\\/collaboration\\\/hybrid-work\\\/webex-gets-awards-nods-from-uc-today-best-collaboration-platform-collaboration-leader-of-the-year\\\/#respond\"]}]},{\"@type\":\"WebPage\",\"@id\":\"https:\\\/\\\/blog.webex.com\\\/collaboration\\\/hybrid-work\\\/webex-gets-awards-nods-from-uc-today-best-collaboration-platform-collaboration-leader-of-the-year\\\/\",\"url\":\"https:\\\/\\\/blog.webex.com\\\/collaboration\\\/hybrid-work\\\/webex-gets-awards-nods-from-uc-today-best-collaboration-platform-collaboration-leader-of-the-year\\\/\",\"name\":\"UC Today r\u00e9compense Webex\u00a0: Meilleure plateforme de collaboration et Leader de l\u2019ann\u00e9e dans le domaine de la collaboration | Webex Blog\",\"isPartOf\":{\"@id\":\"https:\\\/\\\/blog.webex.com\\\/es\\\/#website\"},\"primaryImageOfPage\":{\"@id\":\"https:\\\/\\\/blog.webex.com\\\/collaboration\\\/hybrid-work\\\/webex-gets-awards-nods-from-uc-today-best-collaboration-platform-collaboration-leader-of-the-year\\\/#primaryimage\"},\"image\":{\"@id\":\"https:\\\/\\\/blog.webex.com\\\/collaboration\\\/hybrid-work\\\/webex-gets-awards-nods-from-uc-today-best-collaboration-platform-collaboration-leader-of-the-year\\\/#primaryimage\"},\"thumbnailUrl\":\"https:\\\/\\\/blog.webex.com\\\/wp-content\\\/uploads\\\/2021\\\/07\\\/Javed-Blog1.png\",\"datePublished\":\"2021-07-29T17:28:13+00:00\",\"dateModified\":\"2024-09-18T06:37:00+00:00\",\"author\":{\"@id\":\"https:\\\/\\\/blog.webex.com\\\/es\\\/#\\\/schema\\\/person\\\/13123e3d3a33894876e3bb847361fae4\"},\"breadcrumb\":{\"@id\":\"https:\\\/\\\/blog.webex.com\\\/collaboration\\\/hybrid-work\\\/webex-gets-awards-nods-from-uc-today-best-collaboration-platform-collaboration-leader-of-the-year\\\/#breadcrumb\"},\"inLanguage\":\"fr-FR\",\"potentialAction\":[{\"@type\":\"ReadAction\",\"target\":[\"https:\\\/\\\/blog.webex.com\\\/collaboration\\\/hybrid-work\\\/webex-gets-awards-nods-from-uc-today-best-collaboration-platform-collaboration-leader-of-the-year\\\/\"]}]},{\"@type\":\"ImageObject\",\"inLanguage\":\"fr-FR\",\"@id\":\"https:\\\/\\\/blog.webex.com\\\/collaboration\\\/hybrid-work\\\/webex-gets-awards-nods-from-uc-today-best-collaboration-platform-collaboration-leader-of-the-year\\\/#primaryimage\",\"url\":\"https:\\\/\\\/blog.webex.com\\\/wp-content\\\/uploads\\\/2021\\\/07\\\/Javed-Blog1.png\",\"contentUrl\":\"https:\\\/\\\/blog.webex.com\\\/wp-content\\\/uploads\\\/2021\\\/07\\\/Javed-Blog1.png\",\"width\":975,\"height\":554,\"caption\":\"Javed Blog\"},{\"@type\":\"BreadcrumbList\",\"@id\":\"https:\\\/\\\/blog.webex.com\\\/collaboration\\\/hybrid-work\\\/webex-gets-awards-nods-from-uc-today-best-collaboration-platform-collaboration-leader-of-the-year\\\/#breadcrumb\",\"itemListElement\":[{\"@type\":\"ListItem\",\"position\":1,\"name\":\"Home\",\"item\":\"https:\\\/\\\/blog.webex.com\\\/fr\\\/\"},{\"@type\":\"ListItem\",\"position\":2,\"name\":\"UC Today r\u00e9compense Webex\u00a0: Meilleure plateforme de collaboration ...\"}]},{\"@type\":\"WebSite\",\"@id\":\"https:\\\/\\\/blog.webex.com\\\/es\\\/#website\",\"url\":\"https:\\\/\\\/blog.webex.com\\\/es\\\/\",\"name\":\"Webex Blog\",\"description\":\"Webex by Cisco powers collaboration through industry-leading video conferencing, cloud calling and contact center solutions\",\"potentialAction\":[{\"@type\":\"SearchAction\",\"target\":{\"@type\":\"EntryPoint\",\"urlTemplate\":\"https:\\\/\\\/blog.webex.com\\\/es\\\/?s={search_term_string}\"},\"query-input\":{\"@type\":\"PropertyValueSpecification\",\"valueRequired\":true,\"valueName\":\"search_term_string\"}}],\"inLanguage\":\"fr-FR\"},{\"@type\":\"Person\",\"@id\":\"https:\\\/\\\/blog.webex.com\\\/es\\\/#\\\/schema\\\/person\\\/13123e3d3a33894876e3bb847361fae4\",\"name\":\"Aruna Ravichandran\",\"image\":{\"@type\":\"ImageObject\",\"inLanguage\":\"fr-FR\",\"@id\":\"https:\\\/\\\/secure.gravatar.com\\\/avatar\\\/c7448744d0884becd5a26d9b152a552ea57a4ade4d71ce42122061ea2ab76575?s=96&d=wp_user_avatar&r=g\",\"url\":\"https:\\\/\\\/secure.gravatar.com\\\/avatar\\\/c7448744d0884becd5a26d9b152a552ea57a4ade4d71ce42122061ea2ab76575?s=96&d=wp_user_avatar&r=g\",\"contentUrl\":\"https:\\\/\\\/secure.gravatar.com\\\/avatar\\\/c7448744d0884becd5a26d9b152a552ea57a4ade4d71ce42122061ea2ab76575?s=96&d=wp_user_avatar&r=g\",\"caption\":\"Aruna Ravichandran\"},\"description\":\"Aruna drives significant revenue growth and brand value through a powerful blend of technological expertise, data science acumen, strategic storytelling, and marketing innovation. An early adopter of marketing automation and AI, Aruna stays at the forefront of technological advancements, consistently leveraging them to disrupt competitive markets. Her leadership in SaaS marketing and enterprise technology and her vision for AI's role in shaping customer and employee experiences have made her a sought-after thought leader in the industry. Beyond her professional achievements, Aruna is a passionate advocate for women in technology and making the STEM fields more inclusive and accessible. Aruna has an MBA and MS in Computer Engineering from Santa Clara University and a BS in Computer Science from Bangalore Institute of Technology. She is an alumna of the CMO Leadership program at Kellogg Business School. She serves on Cal Polytechnic San Luis Obispo, Fast Company, Forbes Technology Council, and Vox Media boards.\",\"sameAs\":[\"https:\\\/\\\/www.linkedin.com\\\/in\\\/aruna2u\\\/\",\"https:\\\/\\\/x.com\\\/https:\\\/\\\/twitter.com\\\/aruna13\"],\"url\":\"https:\\\/\\\/blog.webex.com\\\/fr\\\/contributors\\\/arunaravichandran-2\\\/\"}]}<\/script>\n<!-- \/ Yoast SEO plugin. -->","yoast_head_json":{"title":"UC Today r\u00e9compense Webex\u00a0: Meilleure plateforme de collaboration et Leader de l\u2019ann\u00e9e dans le domaine de la collaboration | Webex Blog","robots":{"index":"index","follow":"follow","max-snippet":"max-snippet:-1","max-image-preview":"max-image-preview:large","max-video-preview":"max-video-preview:-1"},"canonical":"https:\/\/blog.webex.com\/collaboration\/hybrid-work\/webex-gets-awards-nods-from-uc-today-best-collaboration-platform-collaboration-leader-of-the-year\/","og_locale":"fr_FR","og_type":"article","og_title":"UC Today r\u00e9compense Webex\u00a0: Meilleure plateforme de collaboration et Leader de l\u2019ann\u00e9e dans le domaine de la collaboration | Webex Blog","og_description":"Ces r\u00e9compenses t\u00e9moignent de ce que Javed et son \u00e9quipe ont accompli au cours de l\u2019ann\u00e9e \u00e9coul\u00e9e pour propulser les solutions Webex au premier plan dans les espaces de collaboration et en tant que leader du travail hybride.","og_url":"https:\/\/blog.webex.com\/collaboration\/hybrid-work\/webex-gets-awards-nods-from-uc-today-best-collaboration-platform-collaboration-leader-of-the-year\/","og_site_name":"Webex Blog","article_published_time":"2021-07-29T17:28:13+00:00","article_modified_time":"2024-09-18T06:37:00+00:00","og_image":[{"width":975,"height":554,"url":"https:\/\/blog.webex.com\/wp-content\/uploads\/2021\/07\/Javed-Blog1.png","type":"image\/png"}],"author":"Aruna Ravichandran","twitter_misc":{"\u00c9crit par":"Aruna Ravichandran","Dur\u00e9e de lecture estim\u00e9e":"4 minutes"},"schema":{"@context":"https:\/\/schema.org","@graph":[{"@type":"Article","@id":"https:\/\/blog.webex.com\/collaboration\/hybrid-work\/webex-gets-awards-nods-from-uc-today-best-collaboration-platform-collaboration-leader-of-the-year\/#article","isPartOf":{"@id":"https:\/\/blog.webex.com\/collaboration\/hybrid-work\/webex-gets-awards-nods-from-uc-today-best-collaboration-platform-collaboration-leader-of-the-year\/"},"author":{"name":"Aruna Ravichandran","@id":"https:\/\/blog.webex.com\/es\/#\/schema\/person\/13123e3d3a33894876e3bb847361fae4"},"headline":"UC Today r\u00e9compense Webex\u00a0: Meilleure plateforme de collaboration ...","datePublished":"2021-07-29T17:28:13+00:00","dateModified":"2024-09-18T06:37:00+00:00","mainEntityOfPage":{"@id":"https:\/\/blog.webex.com\/collaboration\/hybrid-work\/webex-gets-awards-nods-from-uc-today-best-collaboration-platform-collaboration-leader-of-the-year\/"},"wordCount":782,"commentCount":0,"image":{"@id":"https:\/\/blog.webex.com\/collaboration\/hybrid-work\/webex-gets-awards-nods-from-uc-today-best-collaboration-platform-collaboration-leader-of-the-year\/#primaryimage"},"thumbnailUrl":"https:\/\/blog.webex.com\/wp-content\/uploads\/2021\/07\/Javed-Blog1.png","keywords":["Awards","outils de collaboration","r\u00e9compensesPrix","Solutions de collaboration","travail hybride","VoIP"],"articleSection":["Collaboration","Uncategorized @fr"],"inLanguage":"fr-FR","potentialAction":[{"@type":"CommentAction","name":"Comment","target":["https:\/\/blog.webex.com\/collaboration\/hybrid-work\/webex-gets-awards-nods-from-uc-today-best-collaboration-platform-collaboration-leader-of-the-year\/#respond"]}]},{"@type":"WebPage","@id":"https:\/\/blog.webex.com\/collaboration\/hybrid-work\/webex-gets-awards-nods-from-uc-today-best-collaboration-platform-collaboration-leader-of-the-year\/","url":"https:\/\/blog.webex.com\/collaboration\/hybrid-work\/webex-gets-awards-nods-from-uc-today-best-collaboration-platform-collaboration-leader-of-the-year\/","name":"UC Today r\u00e9compense Webex\u00a0: Meilleure plateforme de collaboration et Leader de l\u2019ann\u00e9e dans le domaine de la collaboration | Webex Blog","isPartOf":{"@id":"https:\/\/blog.webex.com\/es\/#website"},"primaryImageOfPage":{"@id":"https:\/\/blog.webex.com\/collaboration\/hybrid-work\/webex-gets-awards-nods-from-uc-today-best-collaboration-platform-collaboration-leader-of-the-year\/#primaryimage"},"image":{"@id":"https:\/\/blog.webex.com\/collaboration\/hybrid-work\/webex-gets-awards-nods-from-uc-today-best-collaboration-platform-collaboration-leader-of-the-year\/#primaryimage"},"thumbnailUrl":"https:\/\/blog.webex.com\/wp-content\/uploads\/2021\/07\/Javed-Blog1.png","datePublished":"2021-07-29T17:28:13+00:00","dateModified":"2024-09-18T06:37:00+00:00","author":{"@id":"https:\/\/blog.webex.com\/es\/#\/schema\/person\/13123e3d3a33894876e3bb847361fae4"},"breadcrumb":{"@id":"https:\/\/blog.webex.com\/collaboration\/hybrid-work\/webex-gets-awards-nods-from-uc-today-best-collaboration-platform-collaboration-leader-of-the-year\/#breadcrumb"},"inLanguage":"fr-FR","potentialAction":[{"@type":"ReadAction","target":["https:\/\/blog.webex.com\/collaboration\/hybrid-work\/webex-gets-awards-nods-from-uc-today-best-collaboration-platform-collaboration-leader-of-the-year\/"]}]},{"@type":"ImageObject","inLanguage":"fr-FR","@id":"https:\/\/blog.webex.com\/collaboration\/hybrid-work\/webex-gets-awards-nods-from-uc-today-best-collaboration-platform-collaboration-leader-of-the-year\/#primaryimage","url":"https:\/\/blog.webex.com\/wp-content\/uploads\/2021\/07\/Javed-Blog1.png","contentUrl":"https:\/\/blog.webex.com\/wp-content\/uploads\/2021\/07\/Javed-Blog1.png","width":975,"height":554,"caption":"Javed Blog"},{"@type":"BreadcrumbList","@id":"https:\/\/blog.webex.com\/collaboration\/hybrid-work\/webex-gets-awards-nods-from-uc-today-best-collaboration-platform-collaboration-leader-of-the-year\/#breadcrumb","itemListElement":[{"@type":"ListItem","position":1,"name":"Home","item":"https:\/\/blog.webex.com\/fr\/"},{"@type":"ListItem","position":2,"name":"UC Today r\u00e9compense Webex\u00a0: Meilleure plateforme de collaboration ..."}]},{"@type":"WebSite","@id":"https:\/\/blog.webex.com\/es\/#website","url":"https:\/\/blog.webex.com\/es\/","name":"Webex Blog","description":"Webex by Cisco powers collaboration through industry-leading video conferencing, cloud calling and contact center solutions","potentialAction":[{"@type":"SearchAction","target":{"@type":"EntryPoint","urlTemplate":"https:\/\/blog.webex.com\/es\/?s={search_term_string}"},"query-input":{"@type":"PropertyValueSpecification","valueRequired":true,"valueName":"search_term_string"}}],"inLanguage":"fr-FR"},{"@type":"Person","@id":"https:\/\/blog.webex.com\/es\/#\/schema\/person\/13123e3d3a33894876e3bb847361fae4","name":"Aruna Ravichandran","image":{"@type":"ImageObject","inLanguage":"fr-FR","@id":"https:\/\/secure.gravatar.com\/avatar\/c7448744d0884becd5a26d9b152a552ea57a4ade4d71ce42122061ea2ab76575?s=96&d=wp_user_avatar&r=g","url":"https:\/\/secure.gravatar.com\/avatar\/c7448744d0884becd5a26d9b152a552ea57a4ade4d71ce42122061ea2ab76575?s=96&d=wp_user_avatar&r=g","contentUrl":"https:\/\/secure.gravatar.com\/avatar\/c7448744d0884becd5a26d9b152a552ea57a4ade4d71ce42122061ea2ab76575?s=96&d=wp_user_avatar&r=g","caption":"Aruna Ravichandran"},"description":"Aruna drives significant revenue growth and brand value through a powerful blend of technological expertise, data science acumen, strategic storytelling, and marketing innovation. An early adopter of marketing automation and AI, Aruna stays at the forefront of technological advancements, consistently leveraging them to disrupt competitive markets. Her leadership in SaaS marketing and enterprise technology and her vision for AI's role in shaping customer and employee experiences have made her a sought-after thought leader in the industry. Beyond her professional achievements, Aruna is a passionate advocate for women in technology and making the STEM fields more inclusive and accessible. Aruna has an MBA and MS in Computer Engineering from Santa Clara University and a BS in Computer Science from Bangalore Institute of Technology. She is an alumna of the CMO Leadership program at Kellogg Business School. She serves on Cal Polytechnic San Luis Obispo, Fast Company, Forbes Technology Council, and Vox Media boards.","sameAs":["https:\/\/www.linkedin.com\/in\/aruna2u\/","https:\/\/x.com\/https:\/\/twitter.com\/aruna13"],"url":"https:\/\/blog.webex.com\/fr\/contributors\/arunaravichandran-2\/"}]}},"_links":{"self":[{"href":"https:\/\/blog.webex.com\/fr\/wp-json\/wp\/v2\/posts\/20792","targetHints":{"allow":["GET"]}}],"collection":[{"href":"https:\/\/blog.webex.com\/fr\/wp-json\/wp\/v2\/posts"}],"about":[{"href":"https:\/\/blog.webex.com\/fr\/wp-json\/wp\/v2\/types\/post"}],"author":[{"embeddable":true,"href":"https:\/\/blog.webex.com\/fr\/wp-json\/wp\/v2\/users\/5377"}],"replies":[{"embeddable":true,"href":"https:\/\/blog.webex.com\/fr\/wp-json\/wp\/v2\/comments?post=20792"}],"version-history":[{"count":0,"href":"https:\/\/blog.webex.com\/fr\/wp-json\/wp\/v2\/posts\/20792\/revisions"}],"wp:featuredmedia":[{"embeddable":true,"href":"https:\/\/blog.webex.com\/fr\/wp-json\/wp\/v2\/media\/19537"}],"wp:attachment":[{"href":"https:\/\/blog.webex.com\/fr\/wp-json\/wp\/v2\/media?parent=20792"}],"wp:term":[{"taxonomy":"category","embeddable":true,"href":"https:\/\/blog.webex.com\/fr\/wp-json\/wp\/v2\/categories?post=20792"},{"taxonomy":"post_tag","embeddable":true,"href":"https:\/\/blog.webex.com\/fr\/wp-json\/wp\/v2\/tags?post=20792"}],"curies":[{"name":"wp","href":"https:\/\/api.w.org\/{rel}","templated":true}]}}