{"id":21617,"date":"2021-08-04T10:11:21","date_gmt":"2021-08-04T17:11:21","guid":{"rendered":"https:\/\/blog.webex.com\/uncategorized-fr\/fiere-de-nos-partenariats-de-nos-collaborateurs-et-des-recompenses-recues\/"},"modified":"2024-09-17T23:36:58","modified_gmt":"2024-09-18T06:36:58","slug":"fiere-de-nos-partenariats-de-nos-collaborateurs-et-des-recompenses-recues","status":"publish","type":"post","link":"https:\/\/blog.webex.com\/fr\/uncategorized-fr\/fiere-de-nos-partenariats-de-nos-collaborateurs-et-des-recompenses-recues\/","title":{"rendered":"Fi\u00e8re de nos partenariats, de nos collaborateurs et des ..."},"content":{"rendered":"<p>Il n\u2019y a pas que les feux d\u2019artifice qui ont illumin\u00e9 le ciel en juillet. Nos \u00e9quipes ont accompli un travail remarquable dans le cadre de nos partenariats avec <a href=\"https:\/\/blog.webex.com\/fr\/visioconferences\/lequipe-cycliste-professionnelle-team-dsm-amplifie-ses-performances-grace-a-webex\/\">Team\u00a0DSM<\/a> et la campagne <a href=\"https:\/\/www.linkedin.com\/posts\/aruna2u_timesupnow-backtowork-webex-activity-6823316283489169408-zArZ\">Back to Work<\/a> d\u2019Argent. Le monde prend \u00e9galement note de nos innovations avec des r\u00e9compenses incroyables d\u00e9cern\u00e9es ce mois-ci. Tout cela t\u00e9moigne du travail acharn\u00e9 fourni par l\u2019\u00e9quipe Webex, de son engagement et de son talent ph\u00e9nom\u00e9nal.<\/p>\n<h2><strong>Webex s\u2019associe \u00e0 Argent dans le cadre de sa campagne Back to Work<\/strong><\/h2>\n<p><a href=\"https:\/\/blog.webex.com\/wp-content\/uploads\/2021\/08\/Argent.jpg\"><br \/>\n  <img loading=\"lazy\" decoding=\"async\" class=\"aligncenter size-full wp-image-20349\" src=\"https:\/\/blog.webex.com\/wp-content\/uploads\/2021\/08\/Argent.jpg\" alt=\"\" width=\"1148\" height=\"436\" srcset=\"https:\/\/blog.webex.com\/wp-content\/uploads\/2021\/08\/Argent.jpg 980w, https:\/\/blog.webex.com\/wp-content\/uploads\/2021\/08\/Argent-300x114.jpg 300w, https:\/\/blog.webex.com\/wp-content\/uploads\/2021\/08\/Argent-1025x389.jpg 1025w, https:\/\/blog.webex.com\/wp-content\/uploads\/2021\/08\/Argent-768x292.jpg 768w\" sizes=\"auto, (max-width: 1148px) 100vw, 1148px\" \/><br \/>\n<\/a><\/p>\n<p>La pand\u00e9mie a affect\u00e9 les femmes de mani\u00e8re disproportionn\u00e9e. Plusieurs millions d\u2019entre elles ont perdu leur emploi ou ont \u00e9t\u00e9 contraintes de quitter la vie active pour assumer une grande partie des obligations familiales li\u00e9es \u00e0 la garde des enfants. Nous sommes tr\u00e8s fiers de nous associer \u00e0 Argent, LinkedIn et Time\u2019s\u00a0Up dans le cadre de l\u2019initiative <a href=\"https:\/\/argentwork.com\/pages\/back-to-work\">Back to Work<\/a> qui vise \u00e0 aider les femmes \u00e0 r\u00e9int\u00e9grer le march\u00e9 du travail. Alors qu\u2019Argent et <a href=\"https:\/\/timesupnow.org\/care-economy-business-council\/\">le Care Economy Business Council de Time\u2019s Up<\/a> commencent \u00e0 organiser <strong>des journ\u00e9es d\u2019embauche virtuelles et d\u2019autres \u00e9v\u00e9nements virtuels<\/strong> destin\u00e9s aux femmes et propuls\u00e9s par Webex, je vous en dirai davantage au sujet de notre partenariat dans le courant du mois.<\/p>\n<h2><strong>L\u2019\u00e9quipe cycliste professionnelle Team\u00a0DSM amplifie ses performances gr\u00e2ce \u00e0 Webex<\/strong><\/h2>\n<div id=\"attachment_19654\" class=\"wp-caption aligncenter\"><img loading=\"lazy\" decoding=\"async\" aria-describedby=\"caption-attachment-19654\" class=\"wp-image-19654 size-full\" src=\"https:\/\/blog.webex.com\/wp-content\/uploads\/2021\/07\/Bike.png\" alt=\"Team\u00a0DSM\" width=\"975\" height=\"554\" srcset=\"https:\/\/blog.webex.com\/wp-content\/uploads\/2021\/07\/Bike.png 915w, https:\/\/blog.webex.com\/wp-content\/uploads\/2021\/07\/Bike-300x170.png 300w, https:\/\/blog.webex.com\/wp-content\/uploads\/2021\/07\/Bike-768x436.png 768w\" sizes=\"auto, (max-width: 975px) 100vw, 975px\" \/><p id=\"caption-attachment-19654\" class=\"wp-caption-text\"><br \/>\n<\/a> Avec l\u2019aimable autorisation de Team\u00a0DSM<\/p><\/div>\n<p>En d\u00e9but d\u2019ann\u00e9e, Webex a conclu un partenariat avec l\u2019\u00e9quipe cycliste professionnelle allemande <a href=\"https:\/\/www.team-dsm.com\/\">Team\u00a0DSM<\/a>, que nous aidons depuis lors \u00e0 red\u00e9finir les exp\u00e9riences sportives hybrides pour ses coureurs et pour ses millions de fans dans le monde.<\/p>\n<p>Nous sommes fiers d\u2019avoir pu soutenir ses succ\u00e8s r\u00e9cents et nous tenons \u00e0 f\u00e9liciter sa formation f\u00e9minine ainsi que sa formation masculine pour leurs victoires exceptionnelles dans les courses cyclistes professionnelles par \u00e9tapes les plus prestigieuses. Nous sommes impatients d\u2019aider l\u2019\u00e9quipe \u00e0 r\u00e9aliser d\u2019autres grands exploits dans les mois \u00e0 venir\u00a0! Allez Team\u00a0DSM\u00a0! Pour plus d\u2019informations \u00e0 ce sujet, <a href=\"https:\/\/blog.webex.com\/fr\/visioconferences\/lequipe-cycliste-professionnelle-team-dsm-amplifie-ses-performances-grace-a-webex\/\">cliquez ici.<\/a><\/p>\n<h2><strong>UC\u00a0Today nomme Webex meilleure plateforme de collaboration et Javed Khan leader de l\u2019ann\u00e9e dans le domaine de la collaboration<\/strong><\/h2>\n<p><a href=\"https:\/\/blog.webex.com\/wp-content\/uploads\/2021\/07\/Javed-Blog1.png\"><br \/>\n  <img loading=\"lazy\" decoding=\"async\" class=\"aligncenter size-full wp-image-19534\" src=\"https:\/\/blog.webex.com\/wp-content\/uploads\/2021\/07\/Javed-Blog1.png\" alt=\"Blog Javed\" width=\"975\" height=\"554\" srcset=\"https:\/\/blog.webex.com\/wp-content\/uploads\/2021\/07\/Javed-Blog1.png 915w, https:\/\/blog.webex.com\/wp-content\/uploads\/2021\/07\/Javed-Blog1-300x170.png 300w, https:\/\/blog.webex.com\/wp-content\/uploads\/2021\/07\/Javed-Blog1-768x436.png 768w\" sizes=\"auto, (max-width: 975px) 100vw, 975px\" \/><br \/>\n<\/a><\/p>\n<p>Nous avons re\u00e7u d\u2019autres nouvelles formidables ce mois-ci\u00a0: en effet, <a href=\"https:\/\/www.uctoday.com\/\">UC\u00a0Today<\/a>, l\u2019autorit\u00e9 de r\u00e9f\u00e9rence dans le domaine des communications unifi\u00e9es et de la collaboration, a d\u00e9sign\u00e9 Webex by Cisco meilleure plateforme de collaboration et d\u00e9cern\u00e9 le prix du leader de l\u2019ann\u00e9e dans le domaine de la collaboration \u00e0 <a href=\"https:\/\/www.linkedin.com\/in\/javed-khan-905560\/\">Javed Khan<\/a>, vice-pr\u00e9sident et directeur g\u00e9n\u00e9ral de Cisco Collaboration. Le panel de juges comprend certains des analystes les plus r\u00e9put\u00e9s de notre secteur et nous sommes honor\u00e9s de la reconnaissance que celui-ci a accord\u00e9e \u00e0 notre dirigeant et \u00e0 nos produits. Je suis extr\u00eamement fi\u00e8re de cette \u00e9quipe, de notre dirigeant et de ces r\u00e9compenses plus que m\u00e9rit\u00e9es\u00a0! Pour en savoir plus, lisez cet <a href=\"https:\/\/blog.webex.com\/fr\/travail-hybride\/uc-today-recompense-webex-meilleure-plateforme-de-collaboration-et-leader-de-lannee-dans-le-domaine-de-la-collaboration\/\">article de blog<\/a>.<\/p>\n<h2><strong>Le cabinet d\u2019analystes sp\u00e9cialis\u00e9s Aragon Research distingue Cisco en tant que leader des centres de contact intelligents pour l\u2019ann\u00e9e 2021 \u00a0<\/strong><\/h2>\n<p>Nous avons \u00e9t\u00e9 tr\u00e8s honor\u00e9s de voir la plateforme Webex Contact Center \u00eatre reconnue par le cabinet d\u2019analystes sp\u00e9cialis\u00e9s Aragon Research en tant que <strong>leader sur le march\u00e9 des centres de contact<\/strong>. Le cabinet a r\u00e9cemment publi\u00e9 son \u00e9valuation annuelle du march\u00e9 des centres de contact pour l\u2019ann\u00e9e 2021, intitul\u00e9e \u00ab\u00a0<a href=\"https:\/\/www.webex.com\/analyst-reports\/aragon-how-intelligent-ucc-platforms-power-team-collaboration.html\">Aragon Research Globe<\/a>&#x2122; for Intelligent Contact Centers\u00a0\u00bb. Pour la troisi\u00e8me ann\u00e9e cons\u00e9cutive, Webex Contact Center de Cisco a \u00e9t\u00e9 identifi\u00e9e en tant que leader dans ce domaine.<\/p>\n<p>Aragon souligne dans son rapport la nature critique de transformations num\u00e9riques continues, non seulement pour l\u2019efficacit\u00e9 op\u00e9rationnelle via des taux sup\u00e9rieurs d\u2019automatisation des processus, mais aussi pour <strong>un meilleur engagement client<\/strong>. Il est ind\u00e9niable que les consommateurs souhaitent avoir le choix dans leur mani\u00e8re d\u2019interagir ainsi qu\u2019un cadre \u00e0 suivre si une assistance humaine est n\u00e9cessaire. Pour plus d\u2019informations au sujet de cette distinction, <a href=\"https:\/\/blog.webex.com\/fr\/experience-client\/cisco-designe-comme-leader-dans-le-rapport-aragon-globe-2021-pour-les-centres-de-contact-intelligents\/\">cliquez ici<\/a>.<\/p>\n<h2><strong>Webex donne un coup d\u2019acc\u00e9l\u00e9rateur \u00e0 l\u2019innovation et \u00e0 l\u2019inclusivit\u00e9 dans le cadre du travail hybride<\/strong><\/h2>\n<p>Alors que les collaborateurs et les entreprises abordent le virage du travail hybride, Webex continue de concevoir et de proposer des innovations Webex qui rendent l\u2019exp\u00e9rience plus efficace, plus engageante et plus inclusive.<\/p>\n<p>L\u2019\u00e9quipe Webex s\u2019efforce d\u2019int\u00e9grer de nouvelles solutions \u00e0 la <a href=\"https:\/\/www.webex.com\/content\/webex\/c\/en_US\/index\/collaboration-suite.html\/\">suite Webex<\/a> afin de donner un coup d\u2019acc\u00e9l\u00e9rateur \u00e0 l\u2019innovation et \u00e0 l\u2019inclusivit\u00e9 dans le cadre du travail hybride\u00a0:<\/p>\n<ul>\n<li>Nous avons pr\u00e9sent\u00e9 <a href=\"https:\/\/www.webex.com\/company\/webex-leap.html\">Webex Leap<\/a>, un nouveau programme d\u2019incubation con\u00e7u pour acc\u00e9l\u00e9rer l\u2019innovation en vue de la prochaine g\u00e9n\u00e9ration de produits Webex qui n\u2019entrent pas directement dans le portefeuille existant.<\/li>\n<li><a href=\"https:\/\/newsroom.cisco.com\/press-release-content?type=webcontent&#038;articleId=2184802\">Vidcast<\/a>, la premi\u00e8re innovation issue du programme Webex Leap, a \u00e9t\u00e9 annonc\u00e9e hier. Il s\u2019agit d\u2019une solution de messagerie vid\u00e9o asynchrone tout-en-un qui permet aux \u00e9quipes de garder le contact \u00e0 tout moment gr\u00e2ce \u00e0 des vid\u00e9os enregistr\u00e9es pouvant \u00eatre partag\u00e9es instantan\u00e9ment.<\/li>\n<li><a href=\"https:\/\/www.webex.com\/webinar.html\">Webex Events<\/a> vous permet d\u00e9sormais de toucher un public plus large, de personnaliser facilement les pages d\u2019inscription afin qu\u2019elles refl\u00e8tent au mieux l\u2019image de votre marque, mais aussi de cr\u00e9er des exp\u00e9riences plus attrayantes pour les participants.<\/li>\n<li>Des capacit\u00e9s \u00e9volu\u00e9es ont \u00e9t\u00e9 int\u00e9gr\u00e9es \u00e0 <a href=\"https:\/\/www.webex.com\/control-hub.html\">Control Hub<\/a> dans le but de proposer des informations en temps r\u00e9el et des fonctionnalit\u00e9s de d\u00e9pannage avanc\u00e9es pour les \u00e9v\u00e9nements Webex.<\/li>\n<li>Nous avons diversifi\u00e9 les canaux de communication num\u00e9riques pris en charge par <a href=\"https:\/\/www.webex.com\/contact-center.html\">Webex Contact Center<\/a> en incluant Facebook Messenger et une fonction SMS am\u00e9lior\u00e9e afin d\u2019offrir aux clients plus de choix et de flexibilit\u00e9 pour interagir sur le canal qu\u2019ils jugent le plus confortable et le plus pratique.<\/li>\n<\/ul>\n<p>Pour plus d\u2019informations sur les moyens d\u00e9ploy\u00e9s par Webex pour ouvrir la voie \u00e0 une innovation puissante et permettre une collaboration engageante et inclusive, lisez cet <a href=\"https:\/\/blog.webex.com\/fr\/travail-hybride\/les-innovations-webex-au-service-dexperiences-de-collaboration-plus-inclusives\/\">article de blog<\/a> de Javed Khan, vice-pr\u00e9sident et directeur g\u00e9n\u00e9ral de Cisco Collaboration.<\/p>\n<h2><strong>Vivement la suite\u00a0! <\/strong><\/h2>\n<p>Le mois de juillet a \u00e9t\u00e9 ph\u00e9nom\u00e9nal pour l\u2019\u00e9quipe Webex\u00a0! Je suis extr\u00eamement fi\u00e8re de toutes nos r\u00e9compenses, de nos innovations et de nos partenariats. Il me tarde de voir ce que notre \u00e9quipe r\u00e9alisera dans les mois \u00e0 venir\u00a0!<\/p>\n<p><strong>\u00a0<\/strong><\/p>\n<p>Toutes mes f\u00e9licitations,<\/p>\n<p>Aruna Ravichandran<\/p>\n<p>Directrice du marketing et vice-pr\u00e9sidente, Webex\/Collaboration<\/p>\n<p><strong>En savoir plus<\/strong><\/p>\n<p><a href=\"https:\/\/blog.webex.com\/fr\/travail-hybride\/uc-today-recompense-webex-meilleure-plateforme-de-collaboration-et-leader-de-lannee-dans-le-domaine-de-la-collaboration\/\">UC Today r\u00e9compense Webex\u00a0: Meilleure plateforme de collaboration et Leader de l\u2019ann\u00e9e dans le domaine de la collaboration<\/a><\/p>\n<p><a href=\"https:\/\/blog.webex.com\/fr\/visioconferences\/lequipe-dsm-court-son-worldtour-accompagnee-de-webex-pour-une-nouvelle-experience-de-sport-hybride\/\">Team\u00a0DSM parcourt les routes du World Tour avec Webex pour une nouvelle exp\u00e9rience sportive hybride<\/a><\/p>\n<p><a href=\"https:\/\/blog.webex.com\/video-conferencing\/whats-possible-when-the-worlds-of-sports-and-technology-play-together\/\">Tout est possible lorsque les mondes du sport et de la technologie se rejoignent\u2026<\/a><\/p>\n<p>\u00a0<\/p>\n","protected":false},"excerpt":{"rendered":"<p>Il n\u2019y a pas que les feux d\u2019artifice qui ont illumin\u00e9 le ciel en juillet. D\u00e9couvrez les exploits accomplis par nos \u00e9quipes Webex \u00e0 travers nos partenariats et nos innovations, qui t\u00e9moignent de leur travail acharn\u00e9, de leur engagement et de leur talent ph\u00e9nom\u00e9nal.<\/p>\n","protected":false},"author":5377,"featured_media":377881,"comment_status":"open","ping_status":"open","sticky":false,"template":"","format":"standard","meta":{"inline_featured_image":false,"footnotes":""},"categories":[5253,2770],"tags":[4507,2066,5672,5919,2393,5467],"class_list":["post-21617","post","type-post","status-publish","format-standard","has-post-thumbnail","hentry","category-collaboration-fr","category-uncategorized-fr","tag-hybrid-sports","tag-outils-de-collaboration","tag-solutions-de-collaboration","tag-sports-hybrides","tag-travail-hybride","tag-webex-events-fr"],"acf":[],"yoast_head":"<!-- This site is optimized with the Yoast SEO plugin v27.1.1 - https:\/\/yoast.com\/product\/yoast-seo-wordpress\/ -->\n<title>Fi\u00e8re de nos partenariats, de nos collaborateurs et des r\u00e9compenses re\u00e7ues | Webex Blog<\/title>\n<meta name=\"robots\" content=\"index, follow, max-snippet:-1, max-image-preview:large, max-video-preview:-1\" \/>\n<link rel=\"canonical\" href=\"https:\/\/blog.webex.com\/collaboration\/hybrid-work\/proud-of-our-partnerships-people-and-product-awards\/\" \/>\n<meta property=\"og:locale\" content=\"fr_FR\" \/>\n<meta property=\"og:type\" content=\"article\" \/>\n<meta property=\"og:title\" content=\"Fi\u00e8re de nos partenariats, de nos collaborateurs et des r\u00e9compenses re\u00e7ues | Webex Blog\" \/>\n<meta property=\"og:description\" content=\"Il n\u2019y a pas que les feux d\u2019artifice qui ont illumin\u00e9 le ciel en juillet. D\u00e9couvrez les exploits accomplis par nos \u00e9quipes Webex \u00e0 travers nos partenariats et nos innovations, qui t\u00e9moignent de leur travail acharn\u00e9, de leur engagement et de leur talent ph\u00e9nom\u00e9nal.\" \/>\n<meta property=\"og:url\" content=\"https:\/\/blog.webex.com\/collaboration\/hybrid-work\/proud-of-our-partnerships-people-and-product-awards\/\" \/>\n<meta property=\"og:site_name\" content=\"Webex Blog\" \/>\n<meta property=\"article:published_time\" content=\"2021-08-04T17:11:21+00:00\" \/>\n<meta property=\"article:modified_time\" content=\"2024-09-18T06:36:58+00:00\" \/>\n<meta name=\"author\" content=\"Aruna Ravichandran\" \/>\n<meta name=\"twitter:label1\" content=\"\u00c9crit par\" \/>\n\t<meta name=\"twitter:data1\" content=\"Aruna Ravichandran\" \/>\n\t<meta name=\"twitter:label2\" content=\"Dur\u00e9e de lecture estim\u00e9e\" \/>\n\t<meta name=\"twitter:data2\" content=\"6 minutes\" \/>\n<script type=\"application\/ld+json\" class=\"yoast-schema-graph\">{\"@context\":\"https:\/\/schema.org\",\"@graph\":[{\"@type\":\"Article\",\"@id\":\"https:\/\/blog.webex.com\/collaboration\/hybrid-work\/proud-of-our-partnerships-people-and-product-awards\/#article\",\"isPartOf\":{\"@id\":\"https:\/\/blog.webex.com\/collaboration\/hybrid-work\/proud-of-our-partnerships-people-and-product-awards\/\"},\"author\":{\"name\":\"Aruna Ravichandran\",\"@id\":\"https:\/\/blog.webex.com\/es\/#\/schema\/person\/c99fef847631a735853b73a823f82a53\"},\"headline\":\"Fi\u00e8re de nos partenariats, de nos collaborateurs et des ...\",\"datePublished\":\"2021-08-04T17:11:21+00:00\",\"dateModified\":\"2024-09-18T06:36:58+00:00\",\"mainEntityOfPage\":{\"@id\":\"https:\/\/blog.webex.com\/collaboration\/hybrid-work\/proud-of-our-partnerships-people-and-product-awards\/\"},\"wordCount\":1195,\"commentCount\":0,\"image\":{\"@id\":\"https:\/\/blog.webex.com\/collaboration\/hybrid-work\/proud-of-our-partnerships-people-and-product-awards\/#primaryimage\"},\"thumbnailUrl\":\"\",\"keywords\":[\"Hybrid Sports\",\"outils de collaboration\",\"Solutions de collaboration\",\"sports hybrides\",\"travail hybride\",\"Webex Events\"],\"articleSection\":[\"Collaboration\",\"Uncategorized @fr\"],\"inLanguage\":\"fr-FR\",\"potentialAction\":[{\"@type\":\"CommentAction\",\"name\":\"Comment\",\"target\":[\"https:\/\/blog.webex.com\/collaboration\/hybrid-work\/proud-of-our-partnerships-people-and-product-awards\/#respond\"]}]},{\"@type\":\"WebPage\",\"@id\":\"https:\/\/blog.webex.com\/collaboration\/hybrid-work\/proud-of-our-partnerships-people-and-product-awards\/\",\"url\":\"https:\/\/blog.webex.com\/collaboration\/hybrid-work\/proud-of-our-partnerships-people-and-product-awards\/\",\"name\":\"Fi\u00e8re de nos partenariats, de nos collaborateurs et des r\u00e9compenses re\u00e7ues | Webex Blog\",\"isPartOf\":{\"@id\":\"https:\/\/blog.webex.com\/es\/#website\"},\"primaryImageOfPage\":{\"@id\":\"https:\/\/blog.webex.com\/collaboration\/hybrid-work\/proud-of-our-partnerships-people-and-product-awards\/#primaryimage\"},\"image\":{\"@id\":\"https:\/\/blog.webex.com\/collaboration\/hybrid-work\/proud-of-our-partnerships-people-and-product-awards\/#primaryimage\"},\"thumbnailUrl\":\"\",\"datePublished\":\"2021-08-04T17:11:21+00:00\",\"dateModified\":\"2024-09-18T06:36:58+00:00\",\"author\":{\"@id\":\"https:\/\/blog.webex.com\/es\/#\/schema\/person\/c99fef847631a735853b73a823f82a53\"},\"breadcrumb\":{\"@id\":\"https:\/\/blog.webex.com\/collaboration\/hybrid-work\/proud-of-our-partnerships-people-and-product-awards\/#breadcrumb\"},\"inLanguage\":\"fr-FR\",\"potentialAction\":[{\"@type\":\"ReadAction\",\"target\":[\"https:\/\/blog.webex.com\/collaboration\/hybrid-work\/proud-of-our-partnerships-people-and-product-awards\/\"]}]},{\"@type\":\"ImageObject\",\"inLanguage\":\"fr-FR\",\"@id\":\"https:\/\/blog.webex.com\/collaboration\/hybrid-work\/proud-of-our-partnerships-people-and-product-awards\/#primaryimage\",\"url\":\"\",\"contentUrl\":\"\"},{\"@type\":\"BreadcrumbList\",\"@id\":\"https:\/\/blog.webex.com\/collaboration\/hybrid-work\/proud-of-our-partnerships-people-and-product-awards\/#breadcrumb\",\"itemListElement\":[{\"@type\":\"ListItem\",\"position\":1,\"name\":\"Home\",\"item\":\"https:\/\/blog.webex.com\/fr\/\"},{\"@type\":\"ListItem\",\"position\":2,\"name\":\"Fi\u00e8re de nos partenariats, de nos collaborateurs et des ...\"}]},{\"@type\":\"WebSite\",\"@id\":\"https:\/\/blog.webex.com\/es\/#website\",\"url\":\"https:\/\/blog.webex.com\/es\/\",\"name\":\"Webex Blog\",\"description\":\"Webex by Cisco powers collaboration through industry-leading video conferencing, cloud calling and contact center solutions\",\"potentialAction\":[{\"@type\":\"SearchAction\",\"target\":{\"@type\":\"EntryPoint\",\"urlTemplate\":\"https:\/\/blog.webex.com\/es\/?s={search_term_string}\"},\"query-input\":{\"@type\":\"PropertyValueSpecification\",\"valueRequired\":true,\"valueName\":\"search_term_string\"}}],\"inLanguage\":\"fr-FR\"},{\"@type\":\"Person\",\"@id\":\"https:\/\/blog.webex.com\/es\/#\/schema\/person\/c99fef847631a735853b73a823f82a53\",\"name\":\"Aruna Ravichandran\",\"image\":{\"@type\":\"ImageObject\",\"inLanguage\":\"fr-FR\",\"@id\":\"https:\/\/blog.webex.com\/es\/#\/schema\/person\/image\/\",\"url\":\"https:\/\/secure.gravatar.com\/avatar\/c7448744d0884becd5a26d9b152a552ea57a4ade4d71ce42122061ea2ab76575?s=96&d=wp_user_avatar&r=g\",\"contentUrl\":\"https:\/\/secure.gravatar.com\/avatar\/c7448744d0884becd5a26d9b152a552ea57a4ade4d71ce42122061ea2ab76575?s=96&d=wp_user_avatar&r=g\",\"caption\":\"Aruna Ravichandran\"},\"description\":\"Aruna drives significant revenue growth and brand value through a powerful blend of technological expertise, data science acumen, strategic storytelling, and marketing innovation. An early adopter of marketing automation and AI, Aruna stays at the forefront of technological advancements, consistently leveraging them to disrupt competitive markets. Her leadership in SaaS marketing and enterprise technology and her vision for AI's role in shaping customer and employee experiences have made her a sought-after thought leader in the industry. Beyond her professional achievements, Aruna is a passionate advocate for women in technology and making the STEM fields more inclusive and accessible. Aruna has an MBA and MS in Computer Engineering from Santa Clara University and a BS in Computer Science from Bangalore Institute of Technology. She is an alumna of the CMO Leadership program at Kellogg Business School. She serves on Cal Polytechnic San Luis Obispo, Fast Company, Forbes Technology Council, and Vox Media boards.\",\"sameAs\":[\"https:\/\/www.linkedin.com\/in\/aruna2u\/\",\"https:\/\/x.com\/https:\/\/twitter.com\/aruna13\"],\"url\":\"https:\/\/blog.webex.com\/fr\/contributors\/arunaravichandran-2\/\"}]}<\/script>\n<!-- \/ Yoast SEO plugin. -->","yoast_head_json":{"title":"Fi\u00e8re de nos partenariats, de nos collaborateurs et des r\u00e9compenses re\u00e7ues | Webex Blog","robots":{"index":"index","follow":"follow","max-snippet":"max-snippet:-1","max-image-preview":"max-image-preview:large","max-video-preview":"max-video-preview:-1"},"canonical":"https:\/\/blog.webex.com\/collaboration\/hybrid-work\/proud-of-our-partnerships-people-and-product-awards\/","og_locale":"fr_FR","og_type":"article","og_title":"Fi\u00e8re de nos partenariats, de nos collaborateurs et des r\u00e9compenses re\u00e7ues | Webex Blog","og_description":"Il n\u2019y a pas que les feux d\u2019artifice qui ont illumin\u00e9 le ciel en juillet. D\u00e9couvrez les exploits accomplis par nos \u00e9quipes Webex \u00e0 travers nos partenariats et nos innovations, qui t\u00e9moignent de leur travail acharn\u00e9, de leur engagement et de leur talent ph\u00e9nom\u00e9nal.","og_url":"https:\/\/blog.webex.com\/collaboration\/hybrid-work\/proud-of-our-partnerships-people-and-product-awards\/","og_site_name":"Webex Blog","article_published_time":"2021-08-04T17:11:21+00:00","article_modified_time":"2024-09-18T06:36:58+00:00","author":"Aruna Ravichandran","twitter_misc":{"\u00c9crit par":"Aruna Ravichandran","Dur\u00e9e de lecture estim\u00e9e":"6 minutes"},"schema":{"@context":"https:\/\/schema.org","@graph":[{"@type":"Article","@id":"https:\/\/blog.webex.com\/collaboration\/hybrid-work\/proud-of-our-partnerships-people-and-product-awards\/#article","isPartOf":{"@id":"https:\/\/blog.webex.com\/collaboration\/hybrid-work\/proud-of-our-partnerships-people-and-product-awards\/"},"author":{"name":"Aruna Ravichandran","@id":"https:\/\/blog.webex.com\/es\/#\/schema\/person\/c99fef847631a735853b73a823f82a53"},"headline":"Fi\u00e8re de nos partenariats, de nos collaborateurs et des ...","datePublished":"2021-08-04T17:11:21+00:00","dateModified":"2024-09-18T06:36:58+00:00","mainEntityOfPage":{"@id":"https:\/\/blog.webex.com\/collaboration\/hybrid-work\/proud-of-our-partnerships-people-and-product-awards\/"},"wordCount":1195,"commentCount":0,"image":{"@id":"https:\/\/blog.webex.com\/collaboration\/hybrid-work\/proud-of-our-partnerships-people-and-product-awards\/#primaryimage"},"thumbnailUrl":"","keywords":["Hybrid Sports","outils de collaboration","Solutions de collaboration","sports hybrides","travail hybride","Webex Events"],"articleSection":["Collaboration","Uncategorized @fr"],"inLanguage":"fr-FR","potentialAction":[{"@type":"CommentAction","name":"Comment","target":["https:\/\/blog.webex.com\/collaboration\/hybrid-work\/proud-of-our-partnerships-people-and-product-awards\/#respond"]}]},{"@type":"WebPage","@id":"https:\/\/blog.webex.com\/collaboration\/hybrid-work\/proud-of-our-partnerships-people-and-product-awards\/","url":"https:\/\/blog.webex.com\/collaboration\/hybrid-work\/proud-of-our-partnerships-people-and-product-awards\/","name":"Fi\u00e8re de nos partenariats, de nos collaborateurs et des r\u00e9compenses re\u00e7ues | Webex Blog","isPartOf":{"@id":"https:\/\/blog.webex.com\/es\/#website"},"primaryImageOfPage":{"@id":"https:\/\/blog.webex.com\/collaboration\/hybrid-work\/proud-of-our-partnerships-people-and-product-awards\/#primaryimage"},"image":{"@id":"https:\/\/blog.webex.com\/collaboration\/hybrid-work\/proud-of-our-partnerships-people-and-product-awards\/#primaryimage"},"thumbnailUrl":"","datePublished":"2021-08-04T17:11:21+00:00","dateModified":"2024-09-18T06:36:58+00:00","author":{"@id":"https:\/\/blog.webex.com\/es\/#\/schema\/person\/c99fef847631a735853b73a823f82a53"},"breadcrumb":{"@id":"https:\/\/blog.webex.com\/collaboration\/hybrid-work\/proud-of-our-partnerships-people-and-product-awards\/#breadcrumb"},"inLanguage":"fr-FR","potentialAction":[{"@type":"ReadAction","target":["https:\/\/blog.webex.com\/collaboration\/hybrid-work\/proud-of-our-partnerships-people-and-product-awards\/"]}]},{"@type":"ImageObject","inLanguage":"fr-FR","@id":"https:\/\/blog.webex.com\/collaboration\/hybrid-work\/proud-of-our-partnerships-people-and-product-awards\/#primaryimage","url":"","contentUrl":""},{"@type":"BreadcrumbList","@id":"https:\/\/blog.webex.com\/collaboration\/hybrid-work\/proud-of-our-partnerships-people-and-product-awards\/#breadcrumb","itemListElement":[{"@type":"ListItem","position":1,"name":"Home","item":"https:\/\/blog.webex.com\/fr\/"},{"@type":"ListItem","position":2,"name":"Fi\u00e8re de nos partenariats, de nos collaborateurs et des ..."}]},{"@type":"WebSite","@id":"https:\/\/blog.webex.com\/es\/#website","url":"https:\/\/blog.webex.com\/es\/","name":"Webex Blog","description":"Webex by Cisco powers collaboration through industry-leading video conferencing, cloud calling and contact center solutions","potentialAction":[{"@type":"SearchAction","target":{"@type":"EntryPoint","urlTemplate":"https:\/\/blog.webex.com\/es\/?s={search_term_string}"},"query-input":{"@type":"PropertyValueSpecification","valueRequired":true,"valueName":"search_term_string"}}],"inLanguage":"fr-FR"},{"@type":"Person","@id":"https:\/\/blog.webex.com\/es\/#\/schema\/person\/c99fef847631a735853b73a823f82a53","name":"Aruna Ravichandran","image":{"@type":"ImageObject","inLanguage":"fr-FR","@id":"https:\/\/blog.webex.com\/es\/#\/schema\/person\/image\/","url":"https:\/\/secure.gravatar.com\/avatar\/c7448744d0884becd5a26d9b152a552ea57a4ade4d71ce42122061ea2ab76575?s=96&d=wp_user_avatar&r=g","contentUrl":"https:\/\/secure.gravatar.com\/avatar\/c7448744d0884becd5a26d9b152a552ea57a4ade4d71ce42122061ea2ab76575?s=96&d=wp_user_avatar&r=g","caption":"Aruna Ravichandran"},"description":"Aruna drives significant revenue growth and brand value through a powerful blend of technological expertise, data science acumen, strategic storytelling, and marketing innovation. An early adopter of marketing automation and AI, Aruna stays at the forefront of technological advancements, consistently leveraging them to disrupt competitive markets. Her leadership in SaaS marketing and enterprise technology and her vision for AI's role in shaping customer and employee experiences have made her a sought-after thought leader in the industry. Beyond her professional achievements, Aruna is a passionate advocate for women in technology and making the STEM fields more inclusive and accessible. Aruna has an MBA and MS in Computer Engineering from Santa Clara University and a BS in Computer Science from Bangalore Institute of Technology. She is an alumna of the CMO Leadership program at Kellogg Business School. She serves on Cal Polytechnic San Luis Obispo, Fast Company, Forbes Technology Council, and Vox Media boards.","sameAs":["https:\/\/www.linkedin.com\/in\/aruna2u\/","https:\/\/x.com\/https:\/\/twitter.com\/aruna13"],"url":"https:\/\/blog.webex.com\/fr\/contributors\/arunaravichandran-2\/"}]}},"_links":{"self":[{"href":"https:\/\/blog.webex.com\/fr\/wp-json\/wp\/v2\/posts\/21617","targetHints":{"allow":["GET"]}}],"collection":[{"href":"https:\/\/blog.webex.com\/fr\/wp-json\/wp\/v2\/posts"}],"about":[{"href":"https:\/\/blog.webex.com\/fr\/wp-json\/wp\/v2\/types\/post"}],"author":[{"embeddable":true,"href":"https:\/\/blog.webex.com\/fr\/wp-json\/wp\/v2\/users\/5377"}],"replies":[{"embeddable":true,"href":"https:\/\/blog.webex.com\/fr\/wp-json\/wp\/v2\/comments?post=21617"}],"version-history":[{"count":0,"href":"https:\/\/blog.webex.com\/fr\/wp-json\/wp\/v2\/posts\/21617\/revisions"}],"wp:featuredmedia":[{"embeddable":true,"href":"https:\/\/blog.webex.com\/fr\/wp-json\/"}],"wp:attachment":[{"href":"https:\/\/blog.webex.com\/fr\/wp-json\/wp\/v2\/media?parent=21617"}],"wp:term":[{"taxonomy":"category","embeddable":true,"href":"https:\/\/blog.webex.com\/fr\/wp-json\/wp\/v2\/categories?post=21617"},{"taxonomy":"post_tag","embeddable":true,"href":"https:\/\/blog.webex.com\/fr\/wp-json\/wp\/v2\/tags?post=21617"}],"curies":[{"name":"wp","href":"https:\/\/api.w.org\/{rel}","templated":true}]}}