{"id":352640,"date":"2021-08-03T04:50:29","date_gmt":"2021-08-03T11:50:29","guid":{"rendered":"https:\/\/blog.webex.com\/uncategorized\/quoi-de-neuf-dans-webex-aout-2021\/"},"modified":"2021-11-01T08:34:23","modified_gmt":"2021-11-01T15:34:23","slug":"quoi-de-neuf-dans-webex-aout-2021","status":"publish","type":"post","link":"https:\/\/blog.webex.com\/fr\/collaboration-fr\/visioconferences\/quoi-de-neuf-dans-webex-aout-2021\/","title":{"rendered":"Quoi de neuf dans Webex\u00a0: Ao\u00fbt\u00a02021"},"content":{"rendered":"<h2><strong>Les nouveaut\u00e9s du mois d\u2019ao\u00fbt combleront \u00e0 merveille vos attentes pour vous permettre de terminer l\u2019\u00e9t\u00e9 en beaut\u00e9\u00a0!<\/strong><\/h2>\n<p>Le mois d\u2019ao\u00fbt a \u00e9t\u00e9 caniculaire, mais cela ne nous a pas emp\u00each\u00e9s de continuer \u00e0 innover en d\u00e9veloppant de nouvelles fonctionnalit\u00e9s de travail hybride Webex pour vous permettre de collaborer tout en profitant des derniers jours d\u2019\u00e9t\u00e9.<\/p>\n<p>Aussi, la rentr\u00e9e scolaire approche \u00e0 grands pas, et Webex Classrooms est pr\u00eat \u00e0 vous offrir une exp\u00e9rience d\u2019apprentissage hybride d\u2019exception gr\u00e2ce \u00e0 un portail d\u2019apprentissage centralis\u00e9 sur le Web.<\/p>\n<p>Parmi les autres points forts des nouveaut\u00e9s de ce mois-ci, citons des capacit\u00e9s <strong>flexibles<\/strong> et <strong>inclusives<\/strong> pour peaufiner vos r\u00e9unions et \u00e9v\u00e8nements, des exp\u00e9riences client intelligentes avec l\u2019int\u00e9gration de la technologie IMImobile dans Webex Contact Center, et des mises \u00e0 jour de notre \u00e9cosyst\u00e8me de solutions industrielles pour r\u00e9imaginer et num\u00e9riser les flux de travail.<\/p>\n<p>Lisez ce qui suit pour en savoir plus.<\/p>\n<p><a href=\"#APPLICATION\u00a0WEBEX\">APPLICATION WEBEX<\/a><\/p>\n<p><a href=\"#R\u00c9UNIONS\">R\u00c9UNIONS<\/a><\/p>\n<p><a href=\"#APPELS\">APPELS<\/a><\/p>\n<p><a href=\"#\u00c9V\u00c8NEMENTS\">\u00c9V\u00c8NEMENTS<\/a><\/p>\n<p><a href=\"#P\u00c9RIPH\u00c9RIQUES\u00a0WEBEX\">P\u00c9RIPH\u00c9RIQUES\u00a0WEBEX<\/a><\/p>\n<p><a href=\"#INT\u00c9GRATIONS\">INT\u00c9GRATIONS<\/a><\/p>\n<p><a href=\"#CENTRE DE CONTACT\">CENTRE DE CONTACT<\/a><\/p>\n<p><a href=\"#CONTROL HUB, S\u00c9CURIT\u00c9 ET SERVICES EDGE\">CONTROL HUB, S\u00c9CURIT\u00c9 ET SERVICES EDGE<\/a><\/p>\n<h2 id=\"WEBEX APP\">APPLICATION\u00a0WEBEX<\/h2>\n<p><strong>Am\u00e9lioration de l\u2019accessibilit\u00e9 des r\u00e9unions<\/strong><\/p>\n<p>Nous continuons \u00e0 ajouter des capacit\u00e9s plus inclusives afin d\u2019offrir \u00e0 chacun la meilleure exp\u00e9rience de r\u00e9union possible. Ce mois-ci, nous avons ajout\u00e9 des param\u00e8tres de contraste \u00e9lev\u00e9 sur le bureau et des touches de raccourci clavier dans l\u2019application, et nous avons am\u00e9lior\u00e9 la navigation via l\u2019onglet de contr\u00f4le.<\/p>\n<p><a href=\"https:\/\/blog.webex.com\/wp-content\/uploads\/2021\/07\/App-22-3.png\"><br \/>\n  <img loading=\"lazy\" decoding=\"async\" class=\"aligncenter size-full wp-image-20071\" src=\"https:\/\/blog.webex.com\/wp-content\/uploads\/2021\/07\/App-22-3.png\" alt=\"Application (22)\" width=\"1202\" height=\"722\" srcset=\"https:\/\/blog.webex.com\/wp-content\/uploads\/2021\/07\/App-22-3.png 1202w, https:\/\/blog.webex.com\/wp-content\/uploads\/2021\/07\/App-22-3-300x180.png 300w, https:\/\/blog.webex.com\/wp-content\/uploads\/2021\/07\/App-22-3-1025x616.png 1025w, https:\/\/blog.webex.com\/wp-content\/uploads\/2021\/07\/App-22-3-768x461.png 768w, https:\/\/blog.webex.com\/wp-content\/uploads\/2021\/07\/App-22-3-600x360.png 600w\" sizes=\"auto, (max-width: 1202px) 100vw, 1202px\" \/><br \/>\n<\/a><\/p>\n<p><a href=\"https:\/\/blog.webex.com\/wp-content\/uploads\/2021\/07\/Keyboard-Shortcuts-Dialog-Default-2.0-Copy.png\"><br \/>\n  <img loading=\"lazy\" decoding=\"async\" class=\"aligncenter size-full wp-image-19873\" src=\"https:\/\/blog.webex.com\/wp-content\/uploads\/2021\/07\/Keyboard-Shortcuts-Dialog-Default-2.0-Copy.png\" alt=\"Raccourcis clavier - Dialog Default 2.0\" width=\"2560\" height=\"1529\" srcset=\"https:\/\/blog.webex.com\/wp-content\/uploads\/2021\/07\/Keyboard-Shortcuts-Dialog-Default-2.0-Copy.png 871w, https:\/\/blog.webex.com\/wp-content\/uploads\/2021\/07\/Keyboard-Shortcuts-Dialog-Default-2.0-Copy-300x179.png 300w, https:\/\/blog.webex.com\/wp-content\/uploads\/2021\/07\/Keyboard-Shortcuts-Dialog-Default-2.0-Copy-1025x612.png 1025w, https:\/\/blog.webex.com\/wp-content\/uploads\/2021\/07\/Keyboard-Shortcuts-Dialog-Default-2.0-Copy-768x459.png 768w, https:\/\/blog.webex.com\/wp-content\/uploads\/2021\/07\/Keyboard-Shortcuts-Dialog-Default-2.0-Copy-1536x918.png 1536w, https:\/\/blog.webex.com\/wp-content\/uploads\/2021\/07\/Keyboard-Shortcuts-Dialog-Default-2.0-Copy-2048x1224.png 2048w\" sizes=\"auto, (max-width: 2560px) 100vw, 2560px\" \/><br \/>\n<\/a><\/p>\n<h2 id=\"MEETINGS\">R\u00c9UNIONS<\/h2>\n<p><strong>Visualisez simultan\u00e9ment les participants et le contenu<\/strong><\/p>\n<p>Une exp\u00e9rience de r\u00e9union optimale qui am\u00e9liore la collaboration et l\u2019engagement. Gr\u00e2ce \u00e0 la nouvelle <strong>fen\u00eatre de partage active,<\/strong> le pr\u00e9sentateur peut voir tous les participants dans une fen\u00eatre vid\u00e9o flottante, qu\u2019il peut faire glisser \u00e0 l\u2019endroit de son choix, tout en partageant et en visualisant son contenu.<\/p>\n<p><a href=\"https:\/\/blog.webex.com\/wp-content\/uploads\/2021\/07\/active-share-window-view-participants-while-sharing-light.png\"><br \/>\n  <img loading=\"lazy\" decoding=\"async\" class=\"aligncenter size-full wp-image-19557\" src=\"https:\/\/blog.webex.com\/wp-content\/uploads\/2021\/07\/active-share-window-view-participants-while-sharing-light.png\" alt=\"active-share-window-view-participants-while-sharing-light\" width=\"2560\" height=\"1440\" srcset=\"https:\/\/blog.webex.com\/wp-content\/uploads\/2021\/07\/active-share-window-view-participants-while-sharing-light.png 924w, https:\/\/blog.webex.com\/wp-content\/uploads\/2021\/07\/active-share-window-view-participants-while-sharing-light-300x169.png 300w, https:\/\/blog.webex.com\/wp-content\/uploads\/2021\/07\/active-share-window-view-participants-while-sharing-light-1025x577.png 1025w, https:\/\/blog.webex.com\/wp-content\/uploads\/2021\/07\/active-share-window-view-participants-while-sharing-light-768x432.png 768w, https:\/\/blog.webex.com\/wp-content\/uploads\/2021\/07\/active-share-window-view-participants-while-sharing-light-1536x864.png 1536w, https:\/\/blog.webex.com\/wp-content\/uploads\/2021\/07\/active-share-window-view-participants-while-sharing-light-2048x1152.png 2048w\" sizes=\"auto, (max-width: 2560px) 100vw, 2560px\" \/><br \/>\n<\/a><\/p>\n<p>Pour en savoir plus sur toutes les nouvelles fonctionnalit\u00e9s que nous avons ajout\u00e9es aux r\u00e9unions ce mois-ci, veuillez consulter le blog <a href=\"https:\/\/blog.webex.com\/fr\/visioconferences\/quoi-de-neuf-dans-lapplication-webex-aout-2021\/\">Quoi de neuf dans l\u2019application Webex<\/a>.<\/p>\n<h2 id=\"CALLING\">APPELS<\/h2>\n<p><strong>Des appels<\/strong><strong> d\u2019une qualit\u00e9 exceptionnelle, o\u00f9 vous soyez\u00a0<\/strong><\/p>\n<p>Dans une r\u00e9alit\u00e9 de travail hybride, o\u00f9 vous travaillerez aussi bien au bureau qu\u2019\u00e0 domicile ou en d\u00e9placement, il est essentiel de disposer d\u2019une connectivit\u00e9 mobile et d\u2019une qualit\u00e9 d\u2019appel performantes pour garantir la fluidit\u00e9 des conversations. Webex se charge de tout\u00a0!\u00a0<strong>La fonctionnalit\u00e9 de continuit\u00e9 d\u2019appel\u00a0<\/strong>fait automatiquement basculer votre appel mobile des r\u00e9seaux WiFi vers ceux de votre op\u00e9rateur de t\u00e9l\u00e9phonie mobile, ce qui vous permet de vous d\u00e9placer librement sans interrompre ou couper votre appel. Vous pouvez \u00e9galement\u00a0<strong>changer de r\u00e9seau<\/strong> en transformant manuellement un appel WiFi en un appel mobile natif (Webex App avec Unified Communications Manager).<\/p>\n<p><a href=\"https:\/\/blog.webex.com\/wp-content\/uploads\/2021\/07\/native-call-menu-mobile-merged-1.jpg\"><br \/>\n  <img loading=\"lazy\" decoding=\"async\" class=\"aligncenter size-full wp-image-19955\" src=\"https:\/\/blog.webex.com\/wp-content\/uploads\/2021\/07\/native-call-menu-mobile-merged-1.jpg\" alt=\"native-call-menu-mobile-merged\" width=\"895\" height=\"485\" srcset=\"https:\/\/blog.webex.com\/wp-content\/uploads\/2021\/07\/native-call-menu-mobile-merged-1.jpg 895w, https:\/\/blog.webex.com\/wp-content\/uploads\/2021\/07\/native-call-menu-mobile-merged-1-300x163.jpg 300w, https:\/\/blog.webex.com\/wp-content\/uploads\/2021\/07\/native-call-menu-mobile-merged-1-768x416.jpg 768w\" sizes=\"auto, (max-width: 895px) 100vw, 895px\" \/><br \/>\n<\/a><\/p>\n<p>\u00a0<\/p>\n<p><strong>Contr\u00f4le du bureau \u00e0 distance<\/strong><\/p>\n<p>Il est essentiel d\u2019offrir la meilleure exp\u00e9rience d\u2019assistance technique aux employ\u00e9s, o\u00f9 qu\u2019ils se trouvent, pour assurer le bon fonctionnement de l\u2019organisation.\u00a0L\u2019application Webex permet d\u00e9sormais de <strong>contr\u00f4ler le bureau \u00e0 distance<\/strong>, ce qui donne aux utilisateurs la possibilit\u00e9 de contr\u00f4ler l\u2019\u00e9cran d\u2019une autre personne afin d\u2019acc\u00e9l\u00e9rer le d\u00e9pannage et la r\u00e9solution des probl\u00e8mes pendant les sessions d\u2019appel Webex actives. Les administrateurs TI peuvent \u00e9galement contr\u00f4ler les autorisations relatives \u00e0 cette fonctionnalit\u00e9 dans le Control Hub.<\/p>\n<p><a href=\"https:\/\/blog.webex.com\/wp-content\/uploads\/2021\/07\/remote-desktop-app-1-scaled.jpg\"><br \/>\n  <img loading=\"lazy\" decoding=\"async\" class=\"aligncenter size-full wp-image-19597\" src=\"https:\/\/blog.webex.com\/wp-content\/uploads\/2021\/07\/remote-desktop-app-1-scaled.jpg\" alt=\"remote-desktop-app\" width=\"2560\" height=\"1600\" srcset=\"https:\/\/blog.webex.com\/wp-content\/uploads\/2021\/07\/remote-desktop-app-1-scaled.jpg 832w, https:\/\/blog.webex.com\/wp-content\/uploads\/2021\/07\/remote-desktop-app-1-300x188.jpg 300w, https:\/\/blog.webex.com\/wp-content\/uploads\/2021\/07\/remote-desktop-app-1-1025x641.jpg 1025w, https:\/\/blog.webex.com\/wp-content\/uploads\/2021\/07\/remote-desktop-app-1-768x480.jpg 768w, https:\/\/blog.webex.com\/wp-content\/uploads\/2021\/07\/remote-desktop-app-1-1536x960.jpg 1536w, https:\/\/blog.webex.com\/wp-content\/uploads\/2021\/07\/remote-desktop-app-1-2048x1280.jpg 2048w\" sizes=\"auto, (max-width: 2560px) 100vw, 2560px\" \/><br \/>\n<\/a><\/p>\n<p><strong>Conformit\u00e9 STIR\/SHAKEN<br \/>\n<\/strong>Cisco Calling Plans et Webex Calling Carrier sont conformes aux normes STIR\/SHAKEN, Secure Telephone Identity Revisited (STIR) (nouvelle approche relative \u00e0 la s\u00e9curit\u00e9 de l\u2019identit\u00e9 de l\u2019appelant) et Signature-based Handling of Asserted Information Using toKENs (SHAKEN) (traitement de l\u2019information fournie en fonction de la signature au moyen de jetons).<\/p>\n<h2 id=\"EVENTS\">\u00c9V\u00c8NEMENTS<\/h2>\n<p><strong>Page d\u2019inscription personnalis\u00e9e et programmation simplifi\u00e9e<br \/>\n<\/strong>Il n\u2019y a rien de tel que d\u2019organiser des \u00e9v\u00e8nements attrayants pour mettre en valeur votre marque et vos produits tout en interagissant avec vos clients et prospects. En ao\u00fbt, nous int\u00e9grons de nouvelles fonctionnalit\u00e9s de personnalisation afin d\u2019offrir une exp\u00e9rience exceptionnelle, tant aux responsables marketing qu\u2019aux participants.<\/p>\n<p>Les responsables marketing peuvent d\u00e9sormais ais\u00e9ment personnaliser les pages d\u2019inscription aux webinaires et aux webdiffusions afin de refl\u00e9ter au mieux l\u2019aspect et la convivialit\u00e9 de votre marque. Ils peuvent choisir parmi diff\u00e9rents th\u00e8mes de couleurs, ajouter des images d\u2019arri\u00e8re-plan ou des logos personnalis\u00e9s, et cr\u00e9er des profils d\u2019intervenants qui se d\u00e9marquent.<\/p>\n<p>Les pages d\u2019inscription des participants sont optimis\u00e9es pour les appareils mobiles et de bureau, ce qui permet des interactions transparentes et une exp\u00e9rience agr\u00e9able, peu importe o\u00f9 se trouve votre public.<\/p>\n<p><a href=\"https:\/\/blog.webex.com\/wp-content\/uploads\/2021\/07\/Custom-Events-Fast.gif\"><br \/>\n  <img loading=\"lazy\" decoding=\"async\" class=\"aligncenter size-full wp-image-19980\" src=\"https:\/\/blog.webex.com\/wp-content\/uploads\/2021\/07\/Custom-Events-Fast.gif\" alt=\"Custom-Events---Fast\" width=\"800\" height=\"570\" \/><br \/>\n<\/a><\/p>\n<h2 id=\"WEBEX DEVICES\">P\u00c9RIPH\u00c9RIQUES\u00a0WEBEX<\/h2>\n<p><strong>La nouvelle marque Webex \u2013 maintenant disponible sur les p\u00e9riph\u00e9riques\u00a0! <\/strong><\/p>\n<p>Lors de notre <a href=\"https:\/\/www.webex.com\/hybrid-work.html\">\u00e9v\u00e8nement Hybrid Work<\/a> du 8 juin, nous avons d\u00e9voil\u00e9 la nouvelle marque Webex. En ao\u00fbt, la nouvelle marque appara\u00eetra sur l\u2019interface utilisateur de l\u2019\u00e9cran de nos p\u00e9riph\u00e9riques Webex. Attendez-vous \u00e0 de nouvelles couleurs, de nouveaux logos et de nouvelles ic\u00f4nes\u00a0! Nous allons lancer deux th\u00e8mes, \u00ab\u00a0Light\u00a0\u00bb (Clair) et \u00ab\u00a0Night\u00a0\u00bb (Nuit), qui peuvent tous deux \u00eatre s\u00e9lectionn\u00e9s dans Control Hub.<\/p>\n<p><a href=\"https:\/\/blog.webex.com\/wp-content\/uploads\/2021\/07\/Webex-Devices.jpg\"><br \/>\n  <img loading=\"lazy\" decoding=\"async\" class=\"aligncenter size-full wp-image-19736\" src=\"https:\/\/blog.webex.com\/wp-content\/uploads\/2021\/07\/Webex-Devices.jpg\" alt=\"P\u00e9riph\u00e9riques Webex\" width=\"950\" height=\"534\" srcset=\"https:\/\/blog.webex.com\/wp-content\/uploads\/2021\/07\/Webex-Devices.jpg 925w, https:\/\/blog.webex.com\/wp-content\/uploads\/2021\/07\/Webex-Devices-300x169.jpg 300w, https:\/\/blog.webex.com\/wp-content\/uploads\/2021\/07\/Webex-Devices-768x432.jpg 768w\" sizes=\"auto, (max-width: 950px) 100vw, 950px\" \/><br \/>\n<\/a><\/p>\n<p><strong>Partage invit\u00e9 \u00e0 partir du Web \u2014 prise en charge des appels<\/strong><\/p>\n<p>Oubliez les c\u00e2bles, les adaptateurs ou l\u2019installation de clients. Le client WebRTC share.webex.com permet de partager facilement du contenu directement depuis votre navigateur. Avec cette mise \u00e0 jour, le partage invit\u00e9 est \u00e9galement disponible lorsque le <strong>p\u00e9riph\u00e9rique Webex Room<\/strong> se trouve dans une r\u00e9union Webex. Disponible pour les p\u00e9riph\u00e9riques enregistr\u00e9s dans le cloud et les p\u00e9riph\u00e9riques dot\u00e9s de Webex Optimized Experience pour Webex Edge for Devices.<\/p>\n<h2 id=\"INTEGRATIONS\">INT\u00c9GRATIONS<\/h2>\n<p><strong>Webex Classrooms<\/strong><\/p>\n<p>Webex Classrooms est un portail d\u2019apprentissage en ligne convivial, s\u00e9curis\u00e9 et centralis\u00e9 o\u00f9 enseignants et \u00e9l\u00e8ves peuvent se r\u00e9unir pour une exp\u00e9rience d\u2019apprentissage \u00e0 distance ou hybride. Il offre aux enseignants la possibilit\u00e9 d\u2019organiser des sessions, des r\u00e9unions d\u2019\u00e9l\u00e8ves en face \u00e0 face, des conf\u00e9rences parents\/professeurs et bien plus encore. Les enseignants peuvent \u00e9galement consulter des rapports de pr\u00e9sence qui indiquent quand les \u00e9tudiants rejoignent et quittent les sessions de cours. Les \u00e9tudiants peuvent acc\u00e9der facilement aux enregistrements des cours, \u00e0 un tableau de bord personnalis\u00e9 et \u00e0 un calendrier pour suivre leurs cours au mieux.<\/p>\n<p><a href=\"https:\/\/blog.webex.com\/wp-content\/uploads\/2021\/08\/Classrooms_Home.png\"><br \/>\n  <img loading=\"lazy\" decoding=\"async\" class=\"aligncenter size-full wp-image-20101\" src=\"https:\/\/blog.webex.com\/wp-content\/uploads\/2021\/08\/Classrooms_Home.png\" alt=\"Classrooms_Home\" width=\"4800\" height=\"3680\" srcset=\"https:\/\/blog.webex.com\/wp-content\/uploads\/2021\/08\/Classrooms_Home.png 678w, https:\/\/blog.webex.com\/wp-content\/uploads\/2021\/08\/Classrooms_Home-300x230.png 300w, https:\/\/blog.webex.com\/wp-content\/uploads\/2021\/08\/Classrooms_Home-1025x786.png 1025w, https:\/\/blog.webex.com\/wp-content\/uploads\/2021\/08\/Classrooms_Home-768x589.png 768w, https:\/\/blog.webex.com\/wp-content\/uploads\/2021\/08\/Classrooms_Home-1536x1178.png 1536w, https:\/\/blog.webex.com\/wp-content\/uploads\/2021\/08\/Classrooms_Home-2048x1570.png 2048w\" sizes=\"auto, (max-width: 4800px) 100vw, 4800px\" \/><br \/>\n<\/a><\/p>\n<p><strong>Webex Telehealth Connector devient Webex Instant Connect for Virtual Care<\/strong><\/p>\n<p>Pour r\u00e9pondre aux besoins croissants en mati\u00e8re de t\u00e9l\u00e9m\u00e9decine, les prestataires de soins de sant\u00e9 ont besoin de solutions qui s\u2019int\u00e8grent \u00e0 leur plateforme de DME et offrent une exp\u00e9rience transparente et conviviale aux soignants et aux patients. Apr\u00e8s avoir lanc\u00e9 l\u2019int\u00e9gration de Webex avec Epic plus t\u00f4t cette ann\u00e9e, Webex introduit Instant Connect for Virtual Care. Cette association \u00e9tend l\u2019int\u00e9gration de Webex \u00e0 toutes les plateformes de DME. Instant Connect permet des consultations vid\u00e9o s\u00e9curis\u00e9es, bas\u00e9es sur un navigateur, programm\u00e9es et g\u00e9r\u00e9es directement \u00e0 partir de la plateforme de DME.<\/p>\n<p>Nous avons \u00e9galement rebaptis\u00e9 l\u2019int\u00e9gration avec Epic, qui s\u2019appelait auparavant Webex Teleheath Connector, en <strong>Webex Instant Connect for Epic<\/strong>.<\/p>\n<p><a href=\"https:\/\/blog.webex.com\/wp-content\/uploads\/2021\/07\/2.png\"><br \/>\n  <img loading=\"lazy\" decoding=\"async\" class=\"aligncenter size-full wp-image-19923\" src=\"https:\/\/blog.webex.com\/wp-content\/uploads\/2021\/07\/2.png\" alt=\"Webex Instant Connect for EPIC\" width=\"2880\" height=\"1722\" srcset=\"https:\/\/blog.webex.com\/wp-content\/uploads\/2021\/07\/2.png 869w, https:\/\/blog.webex.com\/wp-content\/uploads\/2021\/07\/2-300x179.png 300w, https:\/\/blog.webex.com\/wp-content\/uploads\/2021\/07\/2-1025x613.png 1025w, https:\/\/blog.webex.com\/wp-content\/uploads\/2021\/07\/2-768x459.png 768w, https:\/\/blog.webex.com\/wp-content\/uploads\/2021\/07\/2-1536x918.png 1536w, https:\/\/blog.webex.com\/wp-content\/uploads\/2021\/07\/2-2048x1225.png 2048w, https:\/\/blog.webex.com\/wp-content\/uploads\/2021\/07\/2-600x360.png 600w\" sizes=\"auto, (max-width: 2880px) 100vw, 2880px\" \/><br \/>\n<\/a><\/p>\n<p><strong>Workflow Automation Apps<\/strong><\/p>\n<p>Webex ajoute de nouvelles int\u00e9grations partenaires pour vous aider \u00e0 automatiser et \u00e0 g\u00e9rer les flux de travail complexes afin de lib\u00e9rer du temps et des ressources.<strong> \u00a0<\/strong><br \/>\nConsultez le Webex App Hub pour d\u00e9couvrir les applications suivantes qui vous aideront \u00e0 automatiser les processus commerciaux et \u00e0 r\u00e9duire le travail manuel\u00a0:\u00a0<a href=\"https:\/\/Adam.ai\">Adam.ai<\/a>, Moveworks,\u00a0<a href=\"https:\/\/Askr.ai\">Askr.ai<\/a>, Skael,\u00a0<a href=\"https:\/\/Automate.io\">Automate.io<\/a>, Workato,\u00a0<a href=\"https:\/\/Aloe.ai\">Aloe.ai<\/a>., Integromat and\u00a0<a href=\"https:\/\/n8n.io\">n8n.io<\/a>.<\/p>\n<h2 id=\"CONTACT CENTER\">CENTRE DE CONTACT<\/h2>\n<p><strong>Allez \u00e0 la rencontre des clients l\u00e0 o\u00f9 ils se trouvent, gr\u00e2ce aux nouveaux canaux num\u00e9riques<\/strong><\/p>\n<p>La mani\u00e8re dont les clients interagissent avec votre entreprise doit \u00eatre adapt\u00e9e \u00e0 leur mode de communication, qui passe aujourd\u2019hui essentiellement par les canaux num\u00e9riques. Parmi les nombreuses innovations que nous apportons \u00e0 Webex Contact Center suite \u00e0 notre acquisition d\u2019IMImobile en f\u00e9vrier\u00a02021, figure l\u2019acc\u00e8s \u00e0 leur \u00e9cosyst\u00e8me de canaux de communication num\u00e9rique, leader sur le march\u00e9, \u00e0 commencer ce mois-ci par les SMS et Facebook Messenger.<\/p>\n<p>Les agents peuvent visualiser exactement ce que le client voit gr\u00e2ce aux aper\u00e7us des messages, et cr\u00e9er des mod\u00e8les de messages num\u00e9riques multicanaux r\u00e9utilisables pour plus d\u2019efficacit\u00e9 et de coh\u00e9rence.<\/p>\n<p><a href=\"https:\/\/blog.webex.com\/wp-content\/uploads\/2021\/07\/CCchat_resized.png\"><br \/>\n  <img loading=\"lazy\" decoding=\"async\" class=\"aligncenter size-full wp-image-20000\" src=\"https:\/\/blog.webex.com\/wp-content\/uploads\/2021\/07\/CCchat_resized.png\" alt=\"CCchat_resized\" width=\"3304\" height=\"2324\" srcset=\"https:\/\/blog.webex.com\/wp-content\/uploads\/2021\/07\/CCchat_resized.png 739w, https:\/\/blog.webex.com\/wp-content\/uploads\/2021\/07\/CCchat_resized-300x211.png 300w, https:\/\/blog.webex.com\/wp-content\/uploads\/2021\/07\/CCchat_resized-1025x721.png 1025w, https:\/\/blog.webex.com\/wp-content\/uploads\/2021\/07\/CCchat_resized-768x540.png 768w, https:\/\/blog.webex.com\/wp-content\/uploads\/2021\/07\/CCchat_resized-1536x1080.png 1536w, https:\/\/blog.webex.com\/wp-content\/uploads\/2021\/07\/CCchat_resized-2048x1441.png 2048w\" sizes=\"auto, (max-width: 3304px) 100vw, 3304px\" \/><br \/>\n<\/a><\/p>\n<p><strong>Cr\u00e9ez rapidement des parcours clients interactifs gr\u00e2ce \u00e0 un nouveau g\u00e9n\u00e9rateur de flux de travail \u00e0 code r\u00e9duit <\/strong><\/p>\n<p>Un nouveau g\u00e9n\u00e9rateur de contr\u00f4le de flux de travail par glisser-d\u00e9poser permet aux utilisateurs professionnels de cr\u00e9er rapidement des parcours de communication interactifs et contextuels pour communiquer avec leurs clients.<\/p>\n<p>Int\u00e9grez les donn\u00e9es relatives \u00e0 l\u2019historique du client \u00e0 partir des principaux syst\u00e8mes d\u2019entreprise, y compris les CRM et les solutions de billetterie telles que Salesforce, Zendesk et Zoho, et cr\u00e9ez des interactions personnalis\u00e9es et proactives en utilisant le ou les canaux de communication choisis par le client, quel que soit leur nombre.<\/p>\n<p><a href=\"https:\/\/blog.webex.com\/wp-content\/uploads\/2021\/07\/Ticket-Maker.png\"><br \/>\n  <img loading=\"lazy\" decoding=\"async\" class=\"aligncenter size-full wp-image-19944\" src=\"https:\/\/blog.webex.com\/wp-content\/uploads\/2021\/07\/Ticket-Maker.png\" alt=\"Ticket Maker\" width=\"920\" height=\"490\" srcset=\"https:\/\/blog.webex.com\/wp-content\/uploads\/2021\/07\/Ticket-Maker.png 920w, https:\/\/blog.webex.com\/wp-content\/uploads\/2021\/07\/Ticket-Maker-300x160.png 300w, https:\/\/blog.webex.com\/wp-content\/uploads\/2021\/07\/Ticket-Maker-768x409.png 768w\" sizes=\"auto, (max-width: 920px) 100vw, 920px\" \/><br \/>\n<\/a><\/p>\n<p>Lorsqu\u2019il s\u2019agit de permettre des exp\u00e9riences client inclusives qui prennent en compte chaque \u00e9tape du cycle de vie client et s\u2019adaptent \u00e0 toute une s\u00e9rie de pr\u00e9f\u00e9rences de communication, Cisco place la barre tr\u00e8s haut. Webex Contact Center, notre centre de contact bas\u00e9 dans le cloud, a \u00e9t\u00e9 reconnu comme leader par <a href=\"https:\/\/blog.webex.com\/fr\/experience-client\/cisco-designe-comme-leader-dans-le-rapport-aragon-globe-2021-pour-les-centres-de-contact-intelligents\/\">Aragon Research Globe<\/a>&#x2122; en\u00a02021 dans le domaine des centres de contact intelligents, ce qui prouve une fois de plus que nous mettons l\u2019accent sur la conception et la fourniture d\u2019exp\u00e9riences Webex de qualit\u00e9 pour nos clients et <em>leur<\/em> propre client\u00e8le.<\/p>\n<h2 id=\"CONTROL HUB, SECURITY AND EDGE SERVICES\">CONTROL HUB, S\u00c9CURIT\u00c9 ET SERVICES EDGE<\/h2>\n<p><strong>Restriction des options de collaboration dans les r\u00e9unions externes<\/strong><\/p>\n<p>Webex ne se contente pas d\u2019offrir une exp\u00e9rience de collaboration transparente \u00e0 l\u2019\u00e9chelle de l\u2019entreprise, il permet \u00e9galement aux administrateurs TI de garantir la conformit\u00e9 avec les politiques de s\u00e9curit\u00e9 et de confidentialit\u00e9 des donn\u00e9es de leur organisation.\u00a0Nous avons ajout\u00e9 la possibilit\u00e9 de restreindre l\u2019acc\u00e8s des utilisateurs \u00e0 certaines fonctionnalit\u00e9s \u00ab\u00a0en cours de r\u00e9union\u00a0\u00bb telles que\u00a0:<em> Messagerie instantan\u00e9e, transfert de fichiers, partage d\u2019\u00e9cran + annotation, questions-r\u00e9ponses et sondages <\/em>dans les p\u00e9riph\u00e9riques personnels ou de l\u2019entreprise. Vos informations et donn\u00e9es les plus sensibles sont ainsi encore mieux prot\u00e9g\u00e9es.<\/p>\n<p><a href=\"https:\/\/blog.webex.com\/wp-content\/uploads\/2021\/07\/DSK-Non-regulated-attendee-file-transfer.png\"><br \/>\n  <img loading=\"lazy\" decoding=\"async\" class=\"aligncenter size-full wp-image-19694\" src=\"https:\/\/blog.webex.com\/wp-content\/uploads\/2021\/07\/DSK-Non-regulated-attendee-file-transfer.png\" alt=\"Transfert de fichiers de participants non r\u00e9glement\u00e9s DSK\" width=\"2560\" height=\"1440\" srcset=\"https:\/\/blog.webex.com\/wp-content\/uploads\/2021\/07\/DSK-Non-regulated-attendee-file-transfer.png 924w, https:\/\/blog.webex.com\/wp-content\/uploads\/2021\/07\/DSK-Non-regulated-attendee-file-transfer-300x169.png 300w, https:\/\/blog.webex.com\/wp-content\/uploads\/2021\/07\/DSK-Non-regulated-attendee-file-transfer-1025x577.png 1025w, https:\/\/blog.webex.com\/wp-content\/uploads\/2021\/07\/DSK-Non-regulated-attendee-file-transfer-768x432.png 768w, https:\/\/blog.webex.com\/wp-content\/uploads\/2021\/07\/DSK-Non-regulated-attendee-file-transfer-1536x864.png 1536w, https:\/\/blog.webex.com\/wp-content\/uploads\/2021\/07\/DSK-Non-regulated-attendee-file-transfer-2048x1152.png 2048w\" sizes=\"auto, (max-width: 2560px) 100vw, 2560px\" \/><br \/>\n<\/a><\/p>\n<p><strong>D\u00e9sactivation des h\u00f4tes inactifs et politiques de mots de passe qui r\u00e9pondent aux exigences de s\u00e9curit\u00e9 de votre entreprise<\/strong><\/p>\n<p>Vous devez imp\u00e9rativement respecter les limites de vos licences pour assurer la continuit\u00e9 de vos activit\u00e9s. Dor\u00e9navant, vous pouvez supprimer les licences des h\u00f4tes inactifs dans les sites g\u00e9r\u00e9s par Control Hub. Nous avons \u00e9galement permis aux administrateurs TI de personnaliser les politiques de mot de passe en fonction des exigences de s\u00e9curit\u00e9 de leur entreprise.<\/p>\n<p>Rendez-vous au mois de septembre pour plus de nouveaut\u00e9s Webex, et profitez des derniers jours de l\u2019\u00e9t\u00e9.<\/p>\n<blockquote><p>Cliquez <a href=\"https:\/\/www.webex.com\/collaboration-suite.html\">ici<\/a> pour en savoir plus sur la nouvelle suite Webex et les outils qu\u2019elle peut offrir \u00e0 votre organisation pour optimiser le travail hybride<\/p><\/blockquote>\n<p><strong>Ressources<\/strong><\/p>\n<p><a href=\"https:\/\/blog.webex.com\/fr\/travail-hybride\/presentation-de-la-suite-webex-la-premiere-suite-de-pointe-pour-le-travail-hybride\/\">En savoir plus sur la Suite Webex<\/a><\/p>\n<p><a href=\"https:\/\/essentials.webex.com\/journey-to-webex.html\">Pr\u00eat \u00e0 adopter la nouvelle application Webex\u00a0?<\/a><\/p>\n<p><strong>En savoir plus<\/strong><\/p>\n<p><a href=\"https:\/\/www.webex.com\/industries\/education.html\">En savoir plus sur Webex Classrooms<\/a><\/p>\n<p><a href=\"https:\/\/globalpage-prod.webex.com\/join?surl=https%3A%2F%2Fsignin.webex.com%2Fcollabs%2F%23%2Fmeetings%2Fjoinbynumber%3FTrackID%3D%26hbxref%3D%26goid%3Dattend-meeting\">Participez \u00e0 une r\u00e9union en ligne Webex<\/a><\/p>\n<p><a href=\"https:\/\/www.cisco.com\/c\/en\/us\/solutions\/collaboration\/webinars.html#~online-classes\">Pour en savoir plus sur Webex, participez \u00e0 l\u2019une de nos prochaines formations<\/a><\/p>\n<p><a href=\"https:\/\/www.cisco.com\/c\/en\/us\/solutions\/collaboration\/webinars.html#~daily-demos\">D\u00e9couvrez nos d\u00e9monstrations de produits quotidiennes<\/a><\/p>\n<p><a href=\"https:\/\/cart.webex.com\/sign-up\">S\u2019inscrire \u00e0 Webex<\/a><\/p>\n<p>\u00a0<\/p>\n","protected":false},"excerpt":{"rendered":"<p>Le mois d\u2019ao\u00fbt a \u00e9t\u00e9 caniculaire, mais cela ne nous a pas emp\u00each\u00e9s de continuer \u00e0 innover en d\u00e9veloppant de nouvelles fonctionnalit\u00e9s de travail hybride Webex pour vous permettre de collaborer tout en profitant des derniers jours d\u2019\u00e9t\u00e9.<\/p>\n","protected":false},"author":1,"featured_media":20094,"comment_status":"open","ping_status":"open","sticky":false,"template":"","format":"standard","meta":{"inline_featured_image":false,"footnotes":""},"categories":[5253,1493],"tags":[6681,2066,5672,5467,7981,7981],"class_list":["post-352640","post","type-post","status-publish","format-standard","has-post-thumbnail","hentry","category-collaboration-fr","category-visioconferences","tag-hub-dapplications-webex","tag-outils-de-collaboration","tag-solutions-de-collaboration","tag-webex-events-fr","tag-workforce-management-fr"],"acf":[],"yoast_head":"<!-- This site is optimized with the Yoast SEO plugin v27.1.1 - https:\/\/yoast.com\/product\/yoast-seo-wordpress\/ -->\n<title>Quoi de neuf dans Webex\u00a0: Ao\u00fbt\u00a02021 | Webex Blog<\/title>\n<meta name=\"robots\" content=\"index, follow, max-snippet:-1, max-image-preview:large, max-video-preview:-1\" \/>\n<link rel=\"canonical\" href=\"https:\/\/blog.webex.com\/collaboration\/video-conferencing\/whats-new-in-webex-august-2021\/\" \/>\n<meta property=\"og:locale\" content=\"fr_FR\" \/>\n<meta property=\"og:type\" content=\"article\" \/>\n<meta property=\"og:title\" content=\"Quoi de neuf dans Webex\u00a0: Ao\u00fbt\u00a02021 | Webex Blog\" \/>\n<meta property=\"og:description\" content=\"Le mois d\u2019ao\u00fbt a \u00e9t\u00e9 caniculaire, mais cela ne nous a pas emp\u00each\u00e9s de continuer \u00e0 innover en d\u00e9veloppant de nouvelles fonctionnalit\u00e9s de travail hybride Webex pour vous permettre de collaborer tout en profitant des derniers jours d\u2019\u00e9t\u00e9.\" \/>\n<meta property=\"og:url\" content=\"https:\/\/blog.webex.com\/collaboration\/video-conferencing\/whats-new-in-webex-august-2021\/\" \/>\n<meta property=\"og:site_name\" content=\"Webex Blog\" \/>\n<meta property=\"article:author\" content=\"https:\/\/www.facebook.com\/webex\" \/>\n<meta property=\"article:published_time\" content=\"2021-08-03T11:50:29+00:00\" \/>\n<meta property=\"article:modified_time\" content=\"2021-11-01T15:34:23+00:00\" \/>\n<meta property=\"og:image\" content=\"https:\/\/blog.webex.com\/wp-content\/uploads\/2021\/07\/Aug-2021-launch_blog_NewFeature_975x554_2X.jpg\" \/>\n\t<meta property=\"og:image:width\" content=\"1950\" \/>\n\t<meta property=\"og:image:height\" content=\"1109\" \/>\n\t<meta property=\"og:image:type\" content=\"image\/jpeg\" \/>\n<meta name=\"author\" content=\"Webex Team\" \/>\n<meta name=\"twitter:label1\" content=\"\u00c9crit par\" \/>\n\t<meta name=\"twitter:data1\" content=\"L\u2019\u00e9quipe Webex\" \/>\n\t<meta name=\"twitter:label2\" content=\"Dur\u00e9e de lecture estim\u00e9e\" \/>\n\t<meta name=\"twitter:data2\" content=\"10 minutes\" \/>\n<script type=\"application\/ld+json\" class=\"yoast-schema-graph\">{\"@context\":\"https:\/\/schema.org\",\"@graph\":[{\"@type\":\"Article\",\"@id\":\"https:\/\/blog.webex.com\/collaboration\/video-conferencing\/whats-new-in-webex-august-2021\/#article\",\"isPartOf\":{\"@id\":\"https:\/\/blog.webex.com\/collaboration\/video-conferencing\/whats-new-in-webex-august-2021\/\"},\"author\":{\"name\":\"Webex Team\",\"@id\":\"https:\/\/blog.webex.com\/es\/#\/schema\/person\/e377ec8e77fab0d70a792b66ebf647c0\"},\"headline\":\"Quoi de neuf dans Webex\u00a0: Ao\u00fbt\u00a02021\",\"datePublished\":\"2021-08-03T11:50:29+00:00\",\"dateModified\":\"2021-11-01T15:34:23+00:00\",\"mainEntityOfPage\":{\"@id\":\"https:\/\/blog.webex.com\/collaboration\/video-conferencing\/whats-new-in-webex-august-2021\/\"},\"wordCount\":1962,\"commentCount\":0,\"image\":{\"@id\":\"https:\/\/blog.webex.com\/collaboration\/video-conferencing\/whats-new-in-webex-august-2021\/#primaryimage\"},\"thumbnailUrl\":\"https:\/\/blog.webex.com\/wp-content\/uploads\/2021\/07\/Aug-2021-launch_blog_NewFeature_975x554_2X.jpg\",\"keywords\":[\"Hub d\u2019applications Webex\",\"outils de collaboration\",\"Solutions de collaboration\",\"Webex Events\",\"workforce management\",\"workforce management\"],\"articleSection\":[\"Collaboration\",\"Visioconf\u00e9rences\"],\"inLanguage\":\"fr-FR\",\"potentialAction\":[{\"@type\":\"CommentAction\",\"name\":\"Comment\",\"target\":[\"https:\/\/blog.webex.com\/collaboration\/video-conferencing\/whats-new-in-webex-august-2021\/#respond\"]}]},{\"@type\":\"WebPage\",\"@id\":\"https:\/\/blog.webex.com\/collaboration\/video-conferencing\/whats-new-in-webex-august-2021\/\",\"url\":\"https:\/\/blog.webex.com\/collaboration\/video-conferencing\/whats-new-in-webex-august-2021\/\",\"name\":\"Quoi de neuf dans Webex\u00a0: Ao\u00fbt\u00a02021 | Webex Blog\",\"isPartOf\":{\"@id\":\"https:\/\/blog.webex.com\/es\/#website\"},\"primaryImageOfPage\":{\"@id\":\"https:\/\/blog.webex.com\/collaboration\/video-conferencing\/whats-new-in-webex-august-2021\/#primaryimage\"},\"image\":{\"@id\":\"https:\/\/blog.webex.com\/collaboration\/video-conferencing\/whats-new-in-webex-august-2021\/#primaryimage\"},\"thumbnailUrl\":\"https:\/\/blog.webex.com\/wp-content\/uploads\/2021\/07\/Aug-2021-launch_blog_NewFeature_975x554_2X.jpg\",\"datePublished\":\"2021-08-03T11:50:29+00:00\",\"dateModified\":\"2021-11-01T15:34:23+00:00\",\"author\":{\"@id\":\"https:\/\/blog.webex.com\/es\/#\/schema\/person\/e377ec8e77fab0d70a792b66ebf647c0\"},\"breadcrumb\":{\"@id\":\"https:\/\/blog.webex.com\/collaboration\/video-conferencing\/whats-new-in-webex-august-2021\/#breadcrumb\"},\"inLanguage\":\"fr-FR\",\"potentialAction\":[{\"@type\":\"ReadAction\",\"target\":[\"https:\/\/blog.webex.com\/collaboration\/video-conferencing\/whats-new-in-webex-august-2021\/\"]}]},{\"@type\":\"ImageObject\",\"inLanguage\":\"fr-FR\",\"@id\":\"https:\/\/blog.webex.com\/collaboration\/video-conferencing\/whats-new-in-webex-august-2021\/#primaryimage\",\"url\":\"https:\/\/blog.webex.com\/wp-content\/uploads\/2021\/07\/Aug-2021-launch_blog_NewFeature_975x554_2X.jpg\",\"contentUrl\":\"https:\/\/blog.webex.com\/wp-content\/uploads\/2021\/07\/Aug-2021-launch_blog_NewFeature_975x554_2X.jpg\",\"width\":1950,\"height\":1109,\"caption\":\"Aug 2021 launch_blog_NewFeature_975x554_2X\"},{\"@type\":\"BreadcrumbList\",\"@id\":\"https:\/\/blog.webex.com\/collaboration\/video-conferencing\/whats-new-in-webex-august-2021\/#breadcrumb\",\"itemListElement\":[{\"@type\":\"ListItem\",\"position\":1,\"name\":\"Home\",\"item\":\"https:\/\/blog.webex.com\/fr\/\"},{\"@type\":\"ListItem\",\"position\":2,\"name\":\"Quoi de neuf dans Webex\u00a0: Ao\u00fbt\u00a02021\"}]},{\"@type\":\"WebSite\",\"@id\":\"https:\/\/blog.webex.com\/es\/#website\",\"url\":\"https:\/\/blog.webex.com\/es\/\",\"name\":\"Webex Blog\",\"description\":\"Webex by Cisco powers collaboration through industry-leading video conferencing, cloud calling and contact center solutions\",\"potentialAction\":[{\"@type\":\"SearchAction\",\"target\":{\"@type\":\"EntryPoint\",\"urlTemplate\":\"https:\/\/blog.webex.com\/es\/?s={search_term_string}\"},\"query-input\":{\"@type\":\"PropertyValueSpecification\",\"valueRequired\":true,\"valueName\":\"search_term_string\"}}],\"inLanguage\":\"fr-FR\"},{\"@type\":\"Person\",\"@id\":\"https:\/\/blog.webex.com\/es\/#\/schema\/person\/e377ec8e77fab0d70a792b66ebf647c0\",\"name\":\"Webex Team\",\"image\":{\"@type\":\"ImageObject\",\"inLanguage\":\"fr-FR\",\"@id\":\"https:\/\/blog.webex.com\/es\/#\/schema\/person\/image\/\",\"url\":\"https:\/\/secure.gravatar.com\/avatar\/f2de40eb6d70014e905cc35d9daca32b1f90d87519cf61fce7607ea15ec87b11?s=96&d=wp_user_avatar&r=g\",\"contentUrl\":\"https:\/\/secure.gravatar.com\/avatar\/f2de40eb6d70014e905cc35d9daca32b1f90d87519cf61fce7607ea15ec87b11?s=96&d=wp_user_avatar&r=g\",\"caption\":\"Webex Team\"},\"description\":\"Webex is a leading provider of cloud-based collaboration solutions which includes video meetings, calling, messaging, events, customer experience solutions like contact center, and purpose-built collaboration devices.\",\"sameAs\":[\"http:\/\/www.webex.com\",\"https:\/\/www.facebook.com\/webex\",\"https:\/\/www.linkedin.com\/company\/webex\",\"https:\/\/x.com\/https:\/\/twitter.com\/Webex\"],\"url\":\"https:\/\/blog.webex.com\/fr\/contributors\/webexadmin\/\"}]}<\/script>\n<!-- \/ Yoast SEO plugin. -->","yoast_head_json":{"title":"Quoi de neuf dans Webex\u00a0: Ao\u00fbt\u00a02021 | Webex Blog","robots":{"index":"index","follow":"follow","max-snippet":"max-snippet:-1","max-image-preview":"max-image-preview:large","max-video-preview":"max-video-preview:-1"},"canonical":"https:\/\/blog.webex.com\/collaboration\/video-conferencing\/whats-new-in-webex-august-2021\/","og_locale":"fr_FR","og_type":"article","og_title":"Quoi de neuf dans Webex\u00a0: Ao\u00fbt\u00a02021 | Webex Blog","og_description":"Le mois d\u2019ao\u00fbt a \u00e9t\u00e9 caniculaire, mais cela ne nous a pas emp\u00each\u00e9s de continuer \u00e0 innover en d\u00e9veloppant de nouvelles fonctionnalit\u00e9s de travail hybride Webex pour vous permettre de collaborer tout en profitant des derniers jours d\u2019\u00e9t\u00e9.","og_url":"https:\/\/blog.webex.com\/collaboration\/video-conferencing\/whats-new-in-webex-august-2021\/","og_site_name":"Webex Blog","article_author":"https:\/\/www.facebook.com\/webex","article_published_time":"2021-08-03T11:50:29+00:00","article_modified_time":"2021-11-01T15:34:23+00:00","og_image":[{"width":1950,"height":1109,"url":"https:\/\/blog.webex.com\/wp-content\/uploads\/2021\/07\/Aug-2021-launch_blog_NewFeature_975x554_2X.jpg","type":"image\/jpeg"}],"author":"Webex Team","twitter_misc":{"\u00c9crit par":"L\u2019\u00e9quipe Webex","Dur\u00e9e de lecture estim\u00e9e":"10 minutes"},"schema":{"@context":"https:\/\/schema.org","@graph":[{"@type":"Article","@id":"https:\/\/blog.webex.com\/collaboration\/video-conferencing\/whats-new-in-webex-august-2021\/#article","isPartOf":{"@id":"https:\/\/blog.webex.com\/collaboration\/video-conferencing\/whats-new-in-webex-august-2021\/"},"author":{"name":"Webex Team","@id":"https:\/\/blog.webex.com\/es\/#\/schema\/person\/e377ec8e77fab0d70a792b66ebf647c0"},"headline":"Quoi de neuf dans Webex\u00a0: Ao\u00fbt\u00a02021","datePublished":"2021-08-03T11:50:29+00:00","dateModified":"2021-11-01T15:34:23+00:00","mainEntityOfPage":{"@id":"https:\/\/blog.webex.com\/collaboration\/video-conferencing\/whats-new-in-webex-august-2021\/"},"wordCount":1962,"commentCount":0,"image":{"@id":"https:\/\/blog.webex.com\/collaboration\/video-conferencing\/whats-new-in-webex-august-2021\/#primaryimage"},"thumbnailUrl":"https:\/\/blog.webex.com\/wp-content\/uploads\/2021\/07\/Aug-2021-launch_blog_NewFeature_975x554_2X.jpg","keywords":["Hub d\u2019applications Webex","outils de collaboration","Solutions de collaboration","Webex Events","workforce management","workforce management"],"articleSection":["Collaboration","Visioconf\u00e9rences"],"inLanguage":"fr-FR","potentialAction":[{"@type":"CommentAction","name":"Comment","target":["https:\/\/blog.webex.com\/collaboration\/video-conferencing\/whats-new-in-webex-august-2021\/#respond"]}]},{"@type":"WebPage","@id":"https:\/\/blog.webex.com\/collaboration\/video-conferencing\/whats-new-in-webex-august-2021\/","url":"https:\/\/blog.webex.com\/collaboration\/video-conferencing\/whats-new-in-webex-august-2021\/","name":"Quoi de neuf dans Webex\u00a0: Ao\u00fbt\u00a02021 | Webex Blog","isPartOf":{"@id":"https:\/\/blog.webex.com\/es\/#website"},"primaryImageOfPage":{"@id":"https:\/\/blog.webex.com\/collaboration\/video-conferencing\/whats-new-in-webex-august-2021\/#primaryimage"},"image":{"@id":"https:\/\/blog.webex.com\/collaboration\/video-conferencing\/whats-new-in-webex-august-2021\/#primaryimage"},"thumbnailUrl":"https:\/\/blog.webex.com\/wp-content\/uploads\/2021\/07\/Aug-2021-launch_blog_NewFeature_975x554_2X.jpg","datePublished":"2021-08-03T11:50:29+00:00","dateModified":"2021-11-01T15:34:23+00:00","author":{"@id":"https:\/\/blog.webex.com\/es\/#\/schema\/person\/e377ec8e77fab0d70a792b66ebf647c0"},"breadcrumb":{"@id":"https:\/\/blog.webex.com\/collaboration\/video-conferencing\/whats-new-in-webex-august-2021\/#breadcrumb"},"inLanguage":"fr-FR","potentialAction":[{"@type":"ReadAction","target":["https:\/\/blog.webex.com\/collaboration\/video-conferencing\/whats-new-in-webex-august-2021\/"]}]},{"@type":"ImageObject","inLanguage":"fr-FR","@id":"https:\/\/blog.webex.com\/collaboration\/video-conferencing\/whats-new-in-webex-august-2021\/#primaryimage","url":"https:\/\/blog.webex.com\/wp-content\/uploads\/2021\/07\/Aug-2021-launch_blog_NewFeature_975x554_2X.jpg","contentUrl":"https:\/\/blog.webex.com\/wp-content\/uploads\/2021\/07\/Aug-2021-launch_blog_NewFeature_975x554_2X.jpg","width":1950,"height":1109,"caption":"Aug 2021 launch_blog_NewFeature_975x554_2X"},{"@type":"BreadcrumbList","@id":"https:\/\/blog.webex.com\/collaboration\/video-conferencing\/whats-new-in-webex-august-2021\/#breadcrumb","itemListElement":[{"@type":"ListItem","position":1,"name":"Home","item":"https:\/\/blog.webex.com\/fr\/"},{"@type":"ListItem","position":2,"name":"Quoi de neuf dans Webex\u00a0: Ao\u00fbt\u00a02021"}]},{"@type":"WebSite","@id":"https:\/\/blog.webex.com\/es\/#website","url":"https:\/\/blog.webex.com\/es\/","name":"Webex Blog","description":"Webex by Cisco powers collaboration through industry-leading video conferencing, cloud calling and contact center solutions","potentialAction":[{"@type":"SearchAction","target":{"@type":"EntryPoint","urlTemplate":"https:\/\/blog.webex.com\/es\/?s={search_term_string}"},"query-input":{"@type":"PropertyValueSpecification","valueRequired":true,"valueName":"search_term_string"}}],"inLanguage":"fr-FR"},{"@type":"Person","@id":"https:\/\/blog.webex.com\/es\/#\/schema\/person\/e377ec8e77fab0d70a792b66ebf647c0","name":"Webex Team","image":{"@type":"ImageObject","inLanguage":"fr-FR","@id":"https:\/\/blog.webex.com\/es\/#\/schema\/person\/image\/","url":"https:\/\/secure.gravatar.com\/avatar\/f2de40eb6d70014e905cc35d9daca32b1f90d87519cf61fce7607ea15ec87b11?s=96&d=wp_user_avatar&r=g","contentUrl":"https:\/\/secure.gravatar.com\/avatar\/f2de40eb6d70014e905cc35d9daca32b1f90d87519cf61fce7607ea15ec87b11?s=96&d=wp_user_avatar&r=g","caption":"Webex Team"},"description":"Webex is a leading provider of cloud-based collaboration solutions which includes video meetings, calling, messaging, events, customer experience solutions like contact center, and purpose-built collaboration devices.","sameAs":["http:\/\/www.webex.com","https:\/\/www.facebook.com\/webex","https:\/\/www.linkedin.com\/company\/webex","https:\/\/x.com\/https:\/\/twitter.com\/Webex"],"url":"https:\/\/blog.webex.com\/fr\/contributors\/webexadmin\/"}]}},"_links":{"self":[{"href":"https:\/\/blog.webex.com\/fr\/wp-json\/wp\/v2\/posts\/352640","targetHints":{"allow":["GET"]}}],"collection":[{"href":"https:\/\/blog.webex.com\/fr\/wp-json\/wp\/v2\/posts"}],"about":[{"href":"https:\/\/blog.webex.com\/fr\/wp-json\/wp\/v2\/types\/post"}],"author":[{"embeddable":true,"href":"https:\/\/blog.webex.com\/fr\/wp-json\/wp\/v2\/users\/1"}],"replies":[{"embeddable":true,"href":"https:\/\/blog.webex.com\/fr\/wp-json\/wp\/v2\/comments?post=352640"}],"version-history":[{"count":0,"href":"https:\/\/blog.webex.com\/fr\/wp-json\/wp\/v2\/posts\/352640\/revisions"}],"wp:featuredmedia":[{"embeddable":true,"href":"https:\/\/blog.webex.com\/fr\/wp-json\/wp\/v2\/media\/20094"}],"wp:attachment":[{"href":"https:\/\/blog.webex.com\/fr\/wp-json\/wp\/v2\/media?parent=352640"}],"wp:term":[{"taxonomy":"category","embeddable":true,"href":"https:\/\/blog.webex.com\/fr\/wp-json\/wp\/v2\/categories?post=352640"},{"taxonomy":"post_tag","embeddable":true,"href":"https:\/\/blog.webex.com\/fr\/wp-json\/wp\/v2\/tags?post=352640"}],"curies":[{"name":"wp","href":"https:\/\/api.w.org\/{rel}","templated":true}]}}