{"id":377802,"date":"2021-10-06T11:43:26","date_gmt":"2021-10-06T18:43:26","guid":{"rendered":"https:\/\/blog.webex.com\/uncategorized-fr\/webexone-2021-repousser-les-limites-de-linnovation-dans-lespace-et-dans-le-sport\/"},"modified":"2024-09-17T23:36:51","modified_gmt":"2024-09-18T06:36:51","slug":"webexone-2021-repousser-les-limites-de-linnovation-dans-lespace-et-dans-le-sport","status":"publish","type":"post","link":"https:\/\/blog.webex.com\/fr\/uncategorized-fr\/webexone-2021-repousser-les-limites-de-linnovation-dans-lespace-et-dans-le-sport\/","title":{"rendered":"WebexOne 2021 | Repousser les limites de l\u2019innovation, dans ..."},"content":{"rendered":"<h2>Sara Blakely, les astronautes Nicole Scott et Dr.\u00a0Sian Proctor, et l\u2019une des gymnastes am\u00e9ricaines les plus titr\u00e9es viennent nous donner d\u2019incroyables exemples d\u2019audace, de d\u00e9termination et de r\u00e9silience<\/h2>\n<p>surtout pas manquer! Pr\u00e9parez-vous \u00e0 vivre une exp\u00e9rience unique \u00e0 l\u2019occasion de notre deuxi\u00e8me conf\u00e9rence annuelle d\u2019utilisateurs \u2014<a href=\"https:\/\/blog.webex.com\/fr\/travail-hybride\/inscrivez-vous-des-aujourdhui-pour-assister-a-webexone-les-26-et-27-octobre-2021\/\">WebexOne<\/a>\u2014 du 27 au 28 octobre prochain. Nous vous proposons un incroyable panel d\u2019intervenants et des \u00e9l\u00e9ments de surprise pour vous inspirez, et vous permettre d\u2019approfondir vos connaissances dans le but de vous aider \u00e0 \u00e9lever le travail hybride et l\u2019exp\u00e9rience client dans votre organisation<strong>travail hybride<\/strong> et l\u2019<strong>exp\u00e9rience client<\/strong> dans votre organisation. <\/p>\n<h2><strong>WebexOne 2021\u00a0: un fantastique panel d\u2019intervenants de premier plan<\/strong><\/h2>\n<p><a href=\"https:\/\/blog.webex.com\/wp-content\/uploads\/2021\/10\/Day-1-and-day-2-speakers2.jpg\"><br \/>\n  <img loading=\"lazy\" decoding=\"async\" class=\"aligncenter size-full wp-image-374031\" src=\"https:\/\/blog.webex.com\/wp-content\/uploads\/2021\/10\/Day-1-and-day-2-speakers2.jpg\" alt=\"Intervenants lors des journ\u00e9es 1 et 2 (\" width=\"2560\" height=\"1440\" srcset=\"https:\/\/blog.webex.com\/wp-content\/uploads\/2021\/10\/Day-1-and-day-2-speakers2.jpg 924w, https:\/\/blog.webex.com\/wp-content\/uploads\/2021\/10\/Day-1-and-day-2-speakers2-300x169.jpg 300w, https:\/\/blog.webex.com\/wp-content\/uploads\/2021\/10\/Day-1-and-day-2-speakers2-1024x576.jpg 1024w, https:\/\/blog.webex.com\/wp-content\/uploads\/2021\/10\/Day-1-and-day-2-speakers2-768x432.jpg 768w, https:\/\/blog.webex.com\/wp-content\/uploads\/2021\/10\/Day-1-and-day-2-speakers2-1536x864.jpg 1536w, https:\/\/blog.webex.com\/wp-content\/uploads\/2021\/10\/Day-1-and-day-2-speakers2-2048x1152.jpg 2048w\" sizes=\"auto, (max-width: 2560px) 100vw, 2560px\" \/><br \/>\n<\/a><\/p>\n<h2><strong>Transformer de grandes id\u00e9es en milliards\u00a0: oser se lancer, avec Sara<\/strong><strong> Blakely, fondatrice et PDG de Spanx<\/strong><strong>\u00a0<\/strong><\/h2>\n<p>Attendez-vous \u00e0 trouver une source d\u2019inspiration incroyable en \u00e9coutant notre fabuleuse intervenante, <strong> fondatrice et PDG de Spanx<\/strong><a href=\"https:\/\/www.forbes.com\/profile\/sara-blakely\/?sh=393c04cc76bb\">,<br \/>\n  <strong>Sara Blakely<\/strong><br \/>\n<\/a><strong>.<\/strong> Class\u00e9e parmi les 100\u00a0personnalit\u00e9s les plus influentes au monde par TIME Magazine, elle a \u00e9galement fait la une de Forbes Magazine pour avoir \u00e9t\u00e9 la plus jeune femme autodidacte milliardaire. Sara Blakely \u00e9changera avec\u00a0<a href=\"https:\/\/www.linkedin.com\/in\/jeetupatel\/\"><br \/>\n  <strong>Jeetu\u00a0Patel<\/strong>,<br \/>\n<\/a> Vice-pr\u00e9sident ex\u00e9cutif et Directeur g\u00e9n\u00e9ral des activit\u00e9s S\u00e9curit\u00e9 et Collaboration de Cisco, au sujet de son incroyable parcours qui lui a permis de transformer 5\u00a0000\u00a0$ d\u2019\u00e9conomies personnelles en une entreprise mondiale valoris\u00e9e \u00e0 plus d\u2019un milliard de dollars, anim\u00e9e par la volont\u00e9 insatiable d\u2019aider les femmes \u00e0 se sentir mieux dans leurs v\u00eatements.\u00a0Ils parleront de la cr\u00e9ativit\u00e9, de l\u2019audace, de l\u2019\u00e9chec, de l\u2019\u00e9quilibre entre vie professionnelle et vie priv\u00e9e, et de l\u2019humour n\u00e9cessaires pour devenir milliardaire en s\u2019autofinan\u00e7ant. Enfin, ils \u00e9voqueront comment diriger durant une pand\u00e9mie en s\u2019appuyant sur la technologie, la culture et l\u2019empathie.<\/p>\n<h2><strong>Le Dr.\u00a0Sian Proctor, astronaute de SpaceX, et Nicole Scott, astronaute de la NASA, \u00e9voqueront comment rendre la fronti\u00e8re ultime accessible \u00e0 tous<\/strong><\/h2>\n<p>Alors que nos yeux sont tourn\u00e9s vers la Lune, vers Mars et au-del\u00e0, un personnel diversifi\u00e9, galvanis\u00e9 par une mission commune et des opportunit\u00e9s \u00e9gales de s\u2019exprimer, propulsera l\u2019humanit\u00e9 vers des horizons lointains, \u00e0 une vitesse sans pr\u00e9c\u00e9dent. <strong>Nicole Stott<\/strong>, <a href=\"https:\/\/en.wikipedia.org\/wiki\/Nicole_Stott\"><br \/>\n  <strong>ancienne astronaute de la NASA<\/strong>,<br \/>\n<\/a> et le \u00a0<strong>Dr.\u00a0Sian Proctor<\/strong>,\u00a0<a href=\"https:\/\/en.wikipedia.org\/wiki\/Sian_Proctor\"><br \/>\n  <strong>astronaute de SpaceX, pilote de la mission Inspiration4 et artiste<\/strong>,<br \/>\n<\/a> participeront avec moi \u00e0 une conversation sur l\u2019importance essentielle de l\u2019inclusivit\u00e9 pour l\u2019exploration spatiale et partageront leurs r\u00e9flexions sur l\u2019isolement, le travail d\u2019\u00e9quipe, la technologie, l\u2019art, les toilettes spatiales et la t\u00e9m\u00e9rit\u00e9 n\u00e9cessaire pour s\u2019aventurer l\u00e0 o\u00f9 aucun humain (ou tr\u00e8s peu) n\u2019est jamais all\u00e9.<\/p>\n<h2><strong>30 sessions scind\u00e9es avec plus de 30\u00a0clients | \u00c9coutez leurs t\u00e9moignages sur la transformation<\/strong><\/h2>\n<p><a href=\"https:\/\/blog.webex.com\/wp-content\/uploads\/2021\/10\/30-customer-speakers.jpg\"><br \/>\n  <img loading=\"lazy\" decoding=\"async\" class=\"aligncenter size-full wp-image-373967\" src=\"https:\/\/blog.webex.com\/wp-content\/uploads\/2021\/10\/30-customer-speakers.jpg\" alt=\"Plus de 30\u00a0interventions de clients\" width=\"2560\" height=\"1440\" srcset=\"https:\/\/blog.webex.com\/wp-content\/uploads\/2021\/10\/30-customer-speakers.jpg 924w, https:\/\/blog.webex.com\/wp-content\/uploads\/2021\/10\/30-customer-speakers-300x169.jpg 300w, https:\/\/blog.webex.com\/wp-content\/uploads\/2021\/10\/30-customer-speakers-1024x576.jpg 1024w, https:\/\/blog.webex.com\/wp-content\/uploads\/2021\/10\/30-customer-speakers-768x432.jpg 768w, https:\/\/blog.webex.com\/wp-content\/uploads\/2021\/10\/30-customer-speakers-1536x864.jpg 1536w, https:\/\/blog.webex.com\/wp-content\/uploads\/2021\/10\/30-customer-speakers-2048x1152.jpg 2048w\" sizes=\"auto, (max-width: 2560px) 100vw, 2560px\" \/><br \/>\n<\/a><\/p>\n<p>D\u00e9couvrez les technologies les plus r\u00e9centes qui transforment les entreprises qui effectuent la transition vers le travail hybride et \u00e9l\u00e8vent leur exp\u00e9rience client. Nous vous proposons un formidable panel de grands dirigeants de nombreuses entreprises du classement Fortune\u00a0500 du monde entier. Ne manquez pas cette occasion d\u2019entendre leurs t\u00e9moignages, leurs insights et leurs conseils clairvoyants.<\/p>\n<ul>\n<li><a href=\"https:\/\/www.linkedin.com\/in\/jeetupatel\/\"><br \/>\n  <strong>Jeetu\u00a0Patel<\/strong>,<br \/>\n<\/a> Vice-pr\u00e9sident ex\u00e9cutif et Directeur g\u00e9n\u00e9ral des activit\u00e9s S\u00e9curit\u00e9 et Collaboration, participera \u00e0 une discussion informelle avec <strong>Callie Field<\/strong>, <a href=\"https:\/\/www.linkedin.com\/in\/calliefield\/\"><br \/>\n  <strong>Vice-pr\u00e9sidente ex\u00e9cutive et responsable de l\u2019exp\u00e9rience client de T-Mobile<\/strong><br \/>\n<\/a>.<\/li>\n<li><a href=\"https:\/\/www.linkedin.com\/in\/javed-khan-905560\/\"><br \/>\n  <strong>Javed Khan<\/strong><br \/>\n<\/a>, Vice-pr\u00e9sident senior et Directeur g\u00e9n\u00e9ral de l\u2019activit\u00e9 Collaboration de Cisco, rejoindra <a href=\"https:\/\/www.jll.com.au\/en\/about-jll\/george-thomas\"><br \/>\n  <strong>George Thomas, Directeur informatique de JLL<\/strong><br \/>\n<\/a> et <strong>Curt Garner<a href=\"https:\/\/www.linkedin.com\/in\/curt-garner-6894764\/\">, Directeur informatique de Chipotle<\/a><\/strong>, \u00e0 l\u2019occasion d\u2019une table ronde consacr\u00e9e au r\u00f4le du directeur informatique.<\/li>\n<li><a href=\"https:\/\/www.linkedin.com\/in\/lorrissa-horton-432478b1\/\"><br \/>\n  <strong>Lorissa Horton<\/strong><br \/>\n<\/a>, Vice-pr\u00e9sidente et Directrice g\u00e9n\u00e9rale de l\u2019activit\u00e9 Appels de Cisco, \u00e9changera avec <strong>Mahesh Shah<\/strong>,<a href=\"https:\/\/www.linkedin.com\/in\/mshah2\/\"><br \/>\n  <strong>Vice-pr\u00e9sident ex\u00e9cutif et Directeur Produit et Technologie de CDK Global<\/strong>,<br \/>\n<\/a> et <strong>Rich Shaw Jr<\/strong>,<a href=\"https:\/\/www.linkedin.com\/in\/rich-shaw-jr-2825995\/\"><br \/>\n  <strong>Vice-pr\u00e9sident senior, responsable de l\u2019activit\u00e9 Voix et Collaboration d\u2019AT&#038;T.<\/strong><br \/>\n<\/a><\/li>\n<li><a href=\"https:\/\/www.linkedin.com\/in\/vinodmkrishnan\/\"><br \/>\n  <strong>Vinod Muthukrishnan<\/strong><br \/>\n  <strong>,<\/strong><br \/>\n<\/a> Directeur des op\u00e9rations pour l\u2019exp\u00e9rience client Webex, discutera avec <strong>Caron Baggaley<\/strong>, Directeur des services pr\u00e9pay\u00e9s<a href=\"https:\/\/www.linkedin.com\/in\/caron-baggaley-cbap\u00ae-pmp\u00ae-246566b\/?originalSubdomain=ca\"> de<br \/>\n  <strong>Rogers Communications<\/strong><br \/>\n<\/a>, et <strong>Stanley Toh<\/strong>, Responsable Services et Exp\u00e9rience pour les entreprises de <a href=\"https:\/\/www.linkedin.com\/in\/stanley-toh-982b5728\/\"><br \/>\n  <strong>Broadcom<\/strong>.<\/a><\/li>\n<li>ET AUSSI&#8230; Plus de 30\u00a0clients partageront leurs insights \u00e0 l\u2019occasion de 30\u00a0sessions de diffusion.<\/li>\n<\/ul>\n<h2><strong>Gretchen Rubin et Dr.\u00a0Daniel Goleman, partenaires techniques, analystes et leaders d\u2019opinion<\/strong><\/h2>\n<p><a href=\"https:\/\/blog.webex.com\/wp-content\/uploads\/2021\/10\/Slide92.jpg\"><br \/>\n  <img loading=\"lazy\" decoding=\"async\" class=\"aligncenter size-full wp-image-374021\" src=\"https:\/\/blog.webex.com\/wp-content\/uploads\/2021\/10\/Slide92.jpg\" alt=\"partenaires techniques WebexOne\" width=\"2560\" height=\"1440\" srcset=\"https:\/\/blog.webex.com\/wp-content\/uploads\/2021\/10\/Slide92.jpg 924w, https:\/\/blog.webex.com\/wp-content\/uploads\/2021\/10\/Slide92-300x169.jpg 300w, https:\/\/blog.webex.com\/wp-content\/uploads\/2021\/10\/Slide92-1024x576.jpg 1024w, https:\/\/blog.webex.com\/wp-content\/uploads\/2021\/10\/Slide92-768x432.jpg 768w, https:\/\/blog.webex.com\/wp-content\/uploads\/2021\/10\/Slide92-1536x864.jpg 1536w, https:\/\/blog.webex.com\/wp-content\/uploads\/2021\/10\/Slide92-2048x1152.jpg 2048w\" sizes=\"auto, (max-width: 2560px) 100vw, 2560px\" \/><br \/>\n<\/a><\/p>\n<h2><strong>Lib\u00e9rer le pouvoir de l\u2019intelligence \u00e9motionnelle et du bonheur \u00e0 l\u2019\u00e8re hybride<\/strong><\/h2>\n<p>Nous avons l\u2019immense plaisir d\u2019accueillir <a href=\"https:\/\/www.danielgoleman.info\/biography\/\"><br \/>\n  <strong>Daniel Goleman<\/strong><br \/>\n<\/a> et <a href=\"https:\/\/gretchenrubin.com\/about\/biography\/\"><br \/>\n  <strong>Gretchen Rubin<\/strong><br \/>\n<\/a>, deux leaders d\u2019opinion et auteurs \u00e0 succ\u00e8s, qui parleront des concepts d\u2019objectif, de r\u00e9silience et d\u2019\u00e9tablissement de relations durables dans l\u2019univers du travail hybride. Daniel Goleman, un des plus grands sp\u00e9cialistes mondiaux de l\u2019intelligence \u00e9motionnelle, et Gretchen Rubin, la cr\u00e9atrice du projet Happiness, \u00e9voqueront comment prosp\u00e9rer dans le monde post-COVID en interagissant plus profond\u00e9ment avec les autres, en prenant de meilleures d\u00e9cisions, ainsi qu\u2019en tenant nos promesses envers nous-m\u00eames et envers le monde.<\/p>\n<p>En outre, les <strong>PDG<\/strong> de nos partenaires technologiques <strong>Miro, Smartsheet et Mural<\/strong> se joindront \u00e0 <a href=\"https:\/\/www.linkedin.com\/in\/jeetupatel\/\"><br \/>\n  <strong>Jeetu\u00a0Patel<\/strong><br \/>\n<\/a>, Vice-pr\u00e9sident ex\u00e9cutif et Directeur g\u00e9n\u00e9ral des activit\u00e9s S\u00e9curit\u00e9 et Collaboration, pour discuter de mani\u00e8re informelle et partager leurs pr\u00e9dictions pour l\u2019avenir. Ne manquez pas cette occasion d\u2019\u00e9couter ces PDG d\u00e9crire leurs id\u00e9es pour une plus grande inclusivit\u00e9 ainsi que sur le travail hybride et sur le r\u00f4le que peut jouer la technologie pour favoriser un avenir plus radieux. Vous aurez \u00e9galement l\u2019opportunit\u00e9 d\u2019entendre des analystes reconnus parler des avanc\u00e9es technologiques \u00e0 venir qui optimiseront le <strong>travail hybride<\/strong> et l\u2019<strong>exp\u00e9rience client<\/strong>.<\/p>\n<h2><strong>Des intervenants de Cisco pr\u00e9sentent de nouvelles innovations et la plus prometteuse des technologies.<\/strong><\/h2>\n<p><a href=\"https:\/\/blog.webex.com\/wp-content\/uploads\/2021\/10\/Cisco-keynote-speakers.jpg\">  <img loading=\"lazy\" decoding=\"async\" class=\"aligncenter size-full wp-image-374000\" src=\"https:\/\/blog.webex.com\/wp-content\/uploads\/2021\/10\/Cisco-keynote-speakers.jpg\" alt=\"Intervenants de Cisco\" width=\"2560\" height=\"1440\" srcset=\"https:\/\/blog.webex.com\/wp-content\/uploads\/2021\/10\/Cisco-keynote-speakers.jpg 924w, https:\/\/blog.webex.com\/wp-content\/uploads\/2021\/10\/Cisco-keynote-speakers-300x169.jpg 300w, https:\/\/blog.webex.com\/wp-content\/uploads\/2021\/10\/Cisco-keynote-speakers-1024x576.jpg 1024w, https:\/\/blog.webex.com\/wp-content\/uploads\/2021\/10\/Cisco-keynote-speakers-768x432.jpg 768w, https:\/\/blog.webex.com\/wp-content\/uploads\/2021\/10\/Cisco-keynote-speakers-1536x864.jpg 1536w, https:\/\/blog.webex.com\/wp-content\/uploads\/2021\/10\/Cisco-keynote-speakers-2048x1152.jpg 2048w\" sizes=\"auto, (max-width: 2560px) 100vw, 2560px\" \/><\/a> Nos grands dirigeants, notre <a href=\"https:\/\/www.linkedin.com\/in\/chuck-robbins-9b47a195\/\">  <strong>PDG Chuck Robbins<\/strong>  <strong>,<\/strong><\/a><a href=\"https:\/\/www.linkedin.com\/in\/jeetupatel\/\">  <strong>JeetuPatel<\/strong><\/a><strong>, <\/strong>Vice-pr\u00e9sident ex\u00e9cutif et Directeur g\u00e9n\u00e9ral des activit\u00e9s S\u00e9curit\u00e9 et Collaboration de Cisco, <a href=\"https:\/\/www.linkedin.com\/in\/javed-khan-905560\/\">  <strong>Javed Khan<\/strong><\/a>, Vice-pr\u00e9sident senior et Directeur g\u00e9n\u00e9ral de l\u2019activit\u00e9 Collaboration de Cisco, et de nombreux autres se r\u00e9uniront pour partager leurs connaissances et leur expertise au sujet des innovations Webex les plus r\u00e9centes. Ils pr\u00e9senteront aussi leurs points de vue sur la diversit\u00e9 et l\u2019inclusion, ainsi que sur la mani\u00e8re dont la technologie peut contribuer \u00e0 \u00e9lever l\u2019humanit\u00e9 et \u00e0 construire un monde meilleur. <\/p>\n<h2><strong>Une approche innovante sans pr\u00e9c\u00e9dent dans Events<\/strong><\/h2>\n<p>Si cela ne suffit pas, nous savons que les participants souffrent de la fatigue due aux visioconf\u00e9rences et \u00e0 la multitude de pr\u00e9sentations PowerPoint. C\u2019est pourquoi nous vous proposons un <strong><br \/>\n  <em>\u00e9l\u00e9ment surprise<\/em><br \/>\n<\/strong> sans pr\u00e9c\u00e9dent dans l\u2019histoire des \u00e9v\u00e9nements virtuels. Ainsi, vous allez pouvoir r\u00e9inventer le <strong>travail hybride<\/strong> et l\u2019<strong>exp\u00e9rience client<\/strong> au sein de vos organisations. Pr\u00e9parez-vous \u00e0 \u00eatre impressionn\u00e9\u00a0!<\/p>\n<h2><strong>Concours WebexOne | Une chance unique de gagner une rencontre virtuelle avec les pilotes de l\u2019\u00e9curie de F1\u00a0McLaren\u00a0!<\/strong><\/h2>\n<p><a href=\"https:\/\/blog.webex.com\/wp-content\/uploads\/2021\/10\/McLarenSweepstakes_2160x2160.png\"><br \/>\n  <img loading=\"lazy\" decoding=\"async\" class=\"aligncenter size-full wp-image-374010\" src=\"https:\/\/blog.webex.com\/wp-content\/uploads\/2021\/10\/McLarenSweepstakes_2160x2160.png\" alt=\"Concours publicitaire McLaren\" width=\"2160\" height=\"2160\" srcset=\"https:\/\/blog.webex.com\/wp-content\/uploads\/2021\/10\/McLarenSweepstakes_2160x2160.png 520w, https:\/\/blog.webex.com\/wp-content\/uploads\/2021\/10\/McLarenSweepstakes_2160x2160-300x300.png 300w, https:\/\/blog.webex.com\/wp-content\/uploads\/2021\/10\/McLarenSweepstakes_2160x2160-1024x1024.png 1024w, https:\/\/blog.webex.com\/wp-content\/uploads\/2021\/10\/McLarenSweepstakes_2160x2160-150x150.png 150w, https:\/\/blog.webex.com\/wp-content\/uploads\/2021\/10\/McLarenSweepstakes_2160x2160-768x768.png 768w, https:\/\/blog.webex.com\/wp-content\/uploads\/2021\/10\/McLarenSweepstakes_2160x2160-1536x1536.png 1536w, https:\/\/blog.webex.com\/wp-content\/uploads\/2021\/10\/McLarenSweepstakes_2160x2160-2048x2048.png 2048w\" sizes=\"auto, (max-width: 2160px) 100vw, 2160px\" \/><br \/>\n<\/a><\/p>\n<p>Vous \u00eates-vous d\u00e9j\u00e0 demand\u00e9 ce que ressentent les pilotes de Formule\u00a01, lanc\u00e9s \u00e0 370\u00a0km\/h sur un circuit de Grand Prix, et comment ils supportent l\u2019incroyable force gravitationnelle qui s\u2019exerce dans les virages\u00a0? Voici l\u2019occasion unique d\u2019en savoir plus. Cinq heureux gagnants auront l\u2019opportunit\u00e9 de participer \u00e0 une rencontre virtuelle avec les pilotes de l\u2019\u00e9curie <a href=\"https:\/\/www.mclaren.com\/racing\/\">McLaren\u00a0F1<\/a>, <a href=\"https:\/\/www.mclaren.com\/racing\/team\/lando-norris\/\">Lando Norris<\/a> et <a href=\"https:\/\/www.mclaren.com\/racing\/team\/daniel-ricciardo\/\">Daniel Ricciardo<\/a>. Pour tenter votre chance, rendez-vous sur la page d\u2019<a href=\"https:\/\/www.webex.com\/webexone\/index.html?utm_medium=Website&#038;utm_source=CDCBlog&#038;utm_campaign=2021_wx1&#038;utm_content=Blog_FeatureImage&#038;team=CDC\">inscription \u00e0 WebexOne<\/a>, remplissez le formulaire d\u2019inscription en ligne et acceptez les conditions du r\u00e8glement officiel du concours.<\/p>\n<h2><strong>Joignez-vous \u00e0 nous pour une exp\u00e9rience incroyable qui contribuera \u00e0 \u00e9lever le monde<\/strong><\/h2>\n<p>Cette ann\u00e9e, le th\u00e8me de l\u2019\u00e9v\u00e9nement est \u00c9LEVER \u2013 aider les personnes, les communaut\u00e9s et les organisations \u00e0 s\u2019\u00e9lever en utilisant la technologie pour lib\u00e9rer leur potentiel, ind\u00e9pendamment de la nationalit\u00e9, de la langue, de l\u2019origine sociale ou des comp\u00e9tences.<\/p>\n<blockquote><p>Alors <a href=\"https:\/\/www.webex.com\/webexone\/index.html?utm_medium=Website&#038;utm_source=CDCBlog&#038;utm_campaign=2021_wx1&#038;utm_content=Blog_FeatureImage&#038;team=CDC\">inscrivez-vous<\/a> d\u00e8s aujourd\u2019hui \u00e0 WebexOne, si ce n\u2019est d\u00e9j\u00e0 fait&#8230; Ne manquez surtout pas cet \u00e9v\u00e9nement\u00a0!<\/p><\/blockquote>\n<p>\u00a0<\/p>\n<p>Cordialement,<\/p>\n<p>\u00a0<\/p>\n<p>Aruna<\/p>\n<p>\u00a0<\/p>\n<p>Directrice marketing et Vice-pr\u00e9sidente, Webex\/Collaboration<\/p>\n<p><strong>En savoir plus<\/strong><\/p>\n<p><a href=\"https:\/\/blog.webex.com\/fr\/travail-hybride\/inscrivez-vous-des-aujourdhui-pour-assister-a-webexone-les-26-et-27-octobre-2021\/\">Inscrivez-vous d\u00e8s aujourd\u2019hui pour assister \u00e0 WebexOne les 26 et 27\u00a0octobre\u00a02021\u00a0!<\/a><\/p>\n<p><a href=\"https:\/\/blog.webex.com\/fr\/visioconferences\/a-new-york-webex-et-ses-partenaires-dintegration-illuminent-la-nasdaq-tower-de-times-square\/\">Webex et ses partenaires d\u2019int\u00e9gration illuminent la Nasdaq Tower de Times Square<\/a><\/p>\n<p><a href=\"https:\/\/blog.webex.com\/fr\/visioconferences\/webex-by-cisco-elu-partenaire-officiel-en-technologie-collaborative-des-circuits-pga-of-australia-et-wpga-tour\/\">Webex by Cisco \u00e9lu partenaire officiel en technologie collaborative des circuits PGA of Australia et WPGA Tour<\/a><\/p>\n<p><a href=\"https:\/\/blog.webex.com\/fr\/visioconferences\/lequipe-cycliste-professionnelle-team-dsm-amplifie-ses-performances-grace-a-webex\/\">L\u2019\u00e9quipe de cyclisme pro DSM booste ses performances avec Webex<\/a><\/p>\n<p>\u00a0<\/p>\n","protected":false},"excerpt":{"rendered":"<p>Sara Blakely, les astronautes Nicole Scott et Dr.\u00a0Sian Proctor, et l\u2019une des gymnastes am\u00e9ricaines les plus titr\u00e9es viennent nous donner [&hellip;]<\/p>\n","protected":false},"author":5377,"featured_media":373869,"comment_status":"open","ping_status":"open","sticky":false,"template":"","format":"standard","meta":{"inline_featured_image":false,"footnotes":""},"categories":[5253,2770],"tags":[4507,5919,2393,15591,15590],"class_list":["post-377802","post","type-post","status-publish","format-standard","has-post-thumbnail","hentry","category-collaboration-fr","category-uncategorized-fr","tag-hybrid-sports","tag-sports-hybrides","tag-travail-hybride","tag-webex-meetings-fr-3","tag-webexone-fr-2"],"acf":[],"yoast_head":"<!-- This site is optimized with the Yoast SEO plugin v27.1.1 - https:\/\/yoast.com\/product\/yoast-seo-wordpress\/ -->\n<title>WebexOne 2021 | Repousser les limites de l\u2019innovation, dans l\u2019espace et dans le sport | Webex Blog<\/title>\n<meta name=\"robots\" content=\"index, follow, max-snippet:-1, max-image-preview:large, max-video-preview:-1\" \/>\n<link rel=\"canonical\" href=\"https:\/\/blog.webex.com\/collaboration\/hybrid-work\/webexone-2021-forging-frontiers-in-innovation-in-space-and-in-sports\/\" \/>\n<meta property=\"og:locale\" content=\"fr_FR\" \/>\n<meta property=\"og:type\" content=\"article\" \/>\n<meta property=\"og:title\" content=\"WebexOne 2021 | Repousser les limites de l\u2019innovation, dans l\u2019espace et dans le sport | Webex Blog\" \/>\n<meta property=\"og:description\" content=\"Sara Blakely, les astronautes Nicole Scott et Dr.\u00a0Sian Proctor, et l\u2019une des gymnastes am\u00e9ricaines les plus titr\u00e9es viennent nous donner [&hellip;]\" \/>\n<meta property=\"og:url\" content=\"https:\/\/blog.webex.com\/collaboration\/hybrid-work\/webexone-2021-forging-frontiers-in-innovation-in-space-and-in-sports\/\" \/>\n<meta property=\"og:site_name\" content=\"Webex Blog\" \/>\n<meta property=\"article:published_time\" content=\"2021-10-06T18:43:26+00:00\" \/>\n<meta property=\"article:modified_time\" content=\"2024-09-18T06:36:51+00:00\" \/>\n<meta property=\"og:image\" content=\"https:\/\/blog.webex.com\/wp-content\/uploads\/2021\/10\/WebexOne_Banner.png\" \/>\n\t<meta property=\"og:image:width\" content=\"975\" \/>\n\t<meta property=\"og:image:height\" content=\"554\" \/>\n\t<meta property=\"og:image:type\" content=\"image\/png\" \/>\n<meta name=\"author\" content=\"Aruna Ravichandran\" \/>\n<meta name=\"twitter:label1\" content=\"\u00c9crit par\" \/>\n\t<meta name=\"twitter:data1\" content=\"Aruna Ravichandran\" \/>\n\t<meta name=\"twitter:label2\" content=\"Dur\u00e9e de lecture estim\u00e9e\" \/>\n\t<meta name=\"twitter:data2\" content=\"7 minutes\" \/>\n<script type=\"application\/ld+json\" class=\"yoast-schema-graph\">{\"@context\":\"https:\/\/schema.org\",\"@graph\":[{\"@type\":\"Article\",\"@id\":\"https:\/\/blog.webex.com\/collaboration\/hybrid-work\/webexone-2021-forging-frontiers-in-innovation-in-space-and-in-sports\/#article\",\"isPartOf\":{\"@id\":\"https:\/\/blog.webex.com\/collaboration\/hybrid-work\/webexone-2021-forging-frontiers-in-innovation-in-space-and-in-sports\/\"},\"author\":{\"name\":\"Aruna Ravichandran\",\"@id\":\"https:\/\/blog.webex.com\/es\/#\/schema\/person\/c99fef847631a735853b73a823f82a53\"},\"headline\":\"WebexOne 2021 | Repousser les limites de l\u2019innovation, dans ...\",\"datePublished\":\"2021-10-06T18:43:26+00:00\",\"dateModified\":\"2024-09-18T06:36:51+00:00\",\"mainEntityOfPage\":{\"@id\":\"https:\/\/blog.webex.com\/collaboration\/hybrid-work\/webexone-2021-forging-frontiers-in-innovation-in-space-and-in-sports\/\"},\"wordCount\":1419,\"commentCount\":0,\"image\":{\"@id\":\"https:\/\/blog.webex.com\/collaboration\/hybrid-work\/webexone-2021-forging-frontiers-in-innovation-in-space-and-in-sports\/#primaryimage\"},\"thumbnailUrl\":\"https:\/\/blog.webex.com\/wp-content\/uploads\/2021\/10\/WebexOne_Banner.png\",\"keywords\":[\"Hybrid Sports\",\"sports hybrides\",\"travail hybride\",\"Webex Meetings\",\"WebexOne\"],\"articleSection\":[\"Collaboration\",\"Uncategorized @fr\"],\"inLanguage\":\"fr-FR\",\"potentialAction\":[{\"@type\":\"CommentAction\",\"name\":\"Comment\",\"target\":[\"https:\/\/blog.webex.com\/collaboration\/hybrid-work\/webexone-2021-forging-frontiers-in-innovation-in-space-and-in-sports\/#respond\"]}]},{\"@type\":\"WebPage\",\"@id\":\"https:\/\/blog.webex.com\/collaboration\/hybrid-work\/webexone-2021-forging-frontiers-in-innovation-in-space-and-in-sports\/\",\"url\":\"https:\/\/blog.webex.com\/collaboration\/hybrid-work\/webexone-2021-forging-frontiers-in-innovation-in-space-and-in-sports\/\",\"name\":\"WebexOne 2021 | Repousser les limites de l\u2019innovation, dans l\u2019espace et dans le sport | Webex Blog\",\"isPartOf\":{\"@id\":\"https:\/\/blog.webex.com\/es\/#website\"},\"primaryImageOfPage\":{\"@id\":\"https:\/\/blog.webex.com\/collaboration\/hybrid-work\/webexone-2021-forging-frontiers-in-innovation-in-space-and-in-sports\/#primaryimage\"},\"image\":{\"@id\":\"https:\/\/blog.webex.com\/collaboration\/hybrid-work\/webexone-2021-forging-frontiers-in-innovation-in-space-and-in-sports\/#primaryimage\"},\"thumbnailUrl\":\"https:\/\/blog.webex.com\/wp-content\/uploads\/2021\/10\/WebexOne_Banner.png\",\"datePublished\":\"2021-10-06T18:43:26+00:00\",\"dateModified\":\"2024-09-18T06:36:51+00:00\",\"author\":{\"@id\":\"https:\/\/blog.webex.com\/es\/#\/schema\/person\/c99fef847631a735853b73a823f82a53\"},\"breadcrumb\":{\"@id\":\"https:\/\/blog.webex.com\/collaboration\/hybrid-work\/webexone-2021-forging-frontiers-in-innovation-in-space-and-in-sports\/#breadcrumb\"},\"inLanguage\":\"fr-FR\",\"potentialAction\":[{\"@type\":\"ReadAction\",\"target\":[\"https:\/\/blog.webex.com\/collaboration\/hybrid-work\/webexone-2021-forging-frontiers-in-innovation-in-space-and-in-sports\/\"]}]},{\"@type\":\"ImageObject\",\"inLanguage\":\"fr-FR\",\"@id\":\"https:\/\/blog.webex.com\/collaboration\/hybrid-work\/webexone-2021-forging-frontiers-in-innovation-in-space-and-in-sports\/#primaryimage\",\"url\":\"https:\/\/blog.webex.com\/wp-content\/uploads\/2021\/10\/WebexOne_Banner.png\",\"contentUrl\":\"https:\/\/blog.webex.com\/wp-content\/uploads\/2021\/10\/WebexOne_Banner.png\",\"width\":975,\"height\":554,\"caption\":\"WebexOne_Banner\"},{\"@type\":\"BreadcrumbList\",\"@id\":\"https:\/\/blog.webex.com\/collaboration\/hybrid-work\/webexone-2021-forging-frontiers-in-innovation-in-space-and-in-sports\/#breadcrumb\",\"itemListElement\":[{\"@type\":\"ListItem\",\"position\":1,\"name\":\"Home\",\"item\":\"https:\/\/blog.webex.com\/fr\/\"},{\"@type\":\"ListItem\",\"position\":2,\"name\":\"WebexOne 2021 | Repousser les limites de l\u2019innovation, dans ...\"}]},{\"@type\":\"WebSite\",\"@id\":\"https:\/\/blog.webex.com\/es\/#website\",\"url\":\"https:\/\/blog.webex.com\/es\/\",\"name\":\"Webex Blog\",\"description\":\"Webex by Cisco powers collaboration through industry-leading video conferencing, cloud calling and contact center solutions\",\"potentialAction\":[{\"@type\":\"SearchAction\",\"target\":{\"@type\":\"EntryPoint\",\"urlTemplate\":\"https:\/\/blog.webex.com\/es\/?s={search_term_string}\"},\"query-input\":{\"@type\":\"PropertyValueSpecification\",\"valueRequired\":true,\"valueName\":\"search_term_string\"}}],\"inLanguage\":\"fr-FR\"},{\"@type\":\"Person\",\"@id\":\"https:\/\/blog.webex.com\/es\/#\/schema\/person\/c99fef847631a735853b73a823f82a53\",\"name\":\"Aruna Ravichandran\",\"image\":{\"@type\":\"ImageObject\",\"inLanguage\":\"fr-FR\",\"@id\":\"https:\/\/blog.webex.com\/es\/#\/schema\/person\/image\/\",\"url\":\"https:\/\/secure.gravatar.com\/avatar\/c7448744d0884becd5a26d9b152a552ea57a4ade4d71ce42122061ea2ab76575?s=96&d=wp_user_avatar&r=g\",\"contentUrl\":\"https:\/\/secure.gravatar.com\/avatar\/c7448744d0884becd5a26d9b152a552ea57a4ade4d71ce42122061ea2ab76575?s=96&d=wp_user_avatar&r=g\",\"caption\":\"Aruna Ravichandran\"},\"description\":\"Aruna drives significant revenue growth and brand value through a powerful blend of technological expertise, data science acumen, strategic storytelling, and marketing innovation. An early adopter of marketing automation and AI, Aruna stays at the forefront of technological advancements, consistently leveraging them to disrupt competitive markets. Her leadership in SaaS marketing and enterprise technology and her vision for AI's role in shaping customer and employee experiences have made her a sought-after thought leader in the industry. Beyond her professional achievements, Aruna is a passionate advocate for women in technology and making the STEM fields more inclusive and accessible. Aruna has an MBA and MS in Computer Engineering from Santa Clara University and a BS in Computer Science from Bangalore Institute of Technology. She is an alumna of the CMO Leadership program at Kellogg Business School. She serves on Cal Polytechnic San Luis Obispo, Fast Company, Forbes Technology Council, and Vox Media boards.\",\"sameAs\":[\"https:\/\/www.linkedin.com\/in\/aruna2u\/\",\"https:\/\/x.com\/https:\/\/twitter.com\/aruna13\"],\"url\":\"https:\/\/blog.webex.com\/fr\/contributors\/arunaravichandran-2\/\"}]}<\/script>\n<!-- \/ Yoast SEO plugin. -->","yoast_head_json":{"title":"WebexOne 2021 | Repousser les limites de l\u2019innovation, dans l\u2019espace et dans le sport | Webex Blog","robots":{"index":"index","follow":"follow","max-snippet":"max-snippet:-1","max-image-preview":"max-image-preview:large","max-video-preview":"max-video-preview:-1"},"canonical":"https:\/\/blog.webex.com\/collaboration\/hybrid-work\/webexone-2021-forging-frontiers-in-innovation-in-space-and-in-sports\/","og_locale":"fr_FR","og_type":"article","og_title":"WebexOne 2021 | Repousser les limites de l\u2019innovation, dans l\u2019espace et dans le sport | Webex Blog","og_description":"Sara Blakely, les astronautes Nicole Scott et Dr.\u00a0Sian Proctor, et l\u2019une des gymnastes am\u00e9ricaines les plus titr\u00e9es viennent nous donner [&hellip;]","og_url":"https:\/\/blog.webex.com\/collaboration\/hybrid-work\/webexone-2021-forging-frontiers-in-innovation-in-space-and-in-sports\/","og_site_name":"Webex Blog","article_published_time":"2021-10-06T18:43:26+00:00","article_modified_time":"2024-09-18T06:36:51+00:00","og_image":[{"width":975,"height":554,"url":"https:\/\/blog.webex.com\/wp-content\/uploads\/2021\/10\/WebexOne_Banner.png","type":"image\/png"}],"author":"Aruna Ravichandran","twitter_misc":{"\u00c9crit par":"Aruna Ravichandran","Dur\u00e9e de lecture estim\u00e9e":"7 minutes"},"schema":{"@context":"https:\/\/schema.org","@graph":[{"@type":"Article","@id":"https:\/\/blog.webex.com\/collaboration\/hybrid-work\/webexone-2021-forging-frontiers-in-innovation-in-space-and-in-sports\/#article","isPartOf":{"@id":"https:\/\/blog.webex.com\/collaboration\/hybrid-work\/webexone-2021-forging-frontiers-in-innovation-in-space-and-in-sports\/"},"author":{"name":"Aruna Ravichandran","@id":"https:\/\/blog.webex.com\/es\/#\/schema\/person\/c99fef847631a735853b73a823f82a53"},"headline":"WebexOne 2021 | Repousser les limites de l\u2019innovation, dans ...","datePublished":"2021-10-06T18:43:26+00:00","dateModified":"2024-09-18T06:36:51+00:00","mainEntityOfPage":{"@id":"https:\/\/blog.webex.com\/collaboration\/hybrid-work\/webexone-2021-forging-frontiers-in-innovation-in-space-and-in-sports\/"},"wordCount":1419,"commentCount":0,"image":{"@id":"https:\/\/blog.webex.com\/collaboration\/hybrid-work\/webexone-2021-forging-frontiers-in-innovation-in-space-and-in-sports\/#primaryimage"},"thumbnailUrl":"https:\/\/blog.webex.com\/wp-content\/uploads\/2021\/10\/WebexOne_Banner.png","keywords":["Hybrid Sports","sports hybrides","travail hybride","Webex Meetings","WebexOne"],"articleSection":["Collaboration","Uncategorized @fr"],"inLanguage":"fr-FR","potentialAction":[{"@type":"CommentAction","name":"Comment","target":["https:\/\/blog.webex.com\/collaboration\/hybrid-work\/webexone-2021-forging-frontiers-in-innovation-in-space-and-in-sports\/#respond"]}]},{"@type":"WebPage","@id":"https:\/\/blog.webex.com\/collaboration\/hybrid-work\/webexone-2021-forging-frontiers-in-innovation-in-space-and-in-sports\/","url":"https:\/\/blog.webex.com\/collaboration\/hybrid-work\/webexone-2021-forging-frontiers-in-innovation-in-space-and-in-sports\/","name":"WebexOne 2021 | Repousser les limites de l\u2019innovation, dans l\u2019espace et dans le sport | Webex Blog","isPartOf":{"@id":"https:\/\/blog.webex.com\/es\/#website"},"primaryImageOfPage":{"@id":"https:\/\/blog.webex.com\/collaboration\/hybrid-work\/webexone-2021-forging-frontiers-in-innovation-in-space-and-in-sports\/#primaryimage"},"image":{"@id":"https:\/\/blog.webex.com\/collaboration\/hybrid-work\/webexone-2021-forging-frontiers-in-innovation-in-space-and-in-sports\/#primaryimage"},"thumbnailUrl":"https:\/\/blog.webex.com\/wp-content\/uploads\/2021\/10\/WebexOne_Banner.png","datePublished":"2021-10-06T18:43:26+00:00","dateModified":"2024-09-18T06:36:51+00:00","author":{"@id":"https:\/\/blog.webex.com\/es\/#\/schema\/person\/c99fef847631a735853b73a823f82a53"},"breadcrumb":{"@id":"https:\/\/blog.webex.com\/collaboration\/hybrid-work\/webexone-2021-forging-frontiers-in-innovation-in-space-and-in-sports\/#breadcrumb"},"inLanguage":"fr-FR","potentialAction":[{"@type":"ReadAction","target":["https:\/\/blog.webex.com\/collaboration\/hybrid-work\/webexone-2021-forging-frontiers-in-innovation-in-space-and-in-sports\/"]}]},{"@type":"ImageObject","inLanguage":"fr-FR","@id":"https:\/\/blog.webex.com\/collaboration\/hybrid-work\/webexone-2021-forging-frontiers-in-innovation-in-space-and-in-sports\/#primaryimage","url":"https:\/\/blog.webex.com\/wp-content\/uploads\/2021\/10\/WebexOne_Banner.png","contentUrl":"https:\/\/blog.webex.com\/wp-content\/uploads\/2021\/10\/WebexOne_Banner.png","width":975,"height":554,"caption":"WebexOne_Banner"},{"@type":"BreadcrumbList","@id":"https:\/\/blog.webex.com\/collaboration\/hybrid-work\/webexone-2021-forging-frontiers-in-innovation-in-space-and-in-sports\/#breadcrumb","itemListElement":[{"@type":"ListItem","position":1,"name":"Home","item":"https:\/\/blog.webex.com\/fr\/"},{"@type":"ListItem","position":2,"name":"WebexOne 2021 | Repousser les limites de l\u2019innovation, dans ..."}]},{"@type":"WebSite","@id":"https:\/\/blog.webex.com\/es\/#website","url":"https:\/\/blog.webex.com\/es\/","name":"Webex Blog","description":"Webex by Cisco powers collaboration through industry-leading video conferencing, cloud calling and contact center solutions","potentialAction":[{"@type":"SearchAction","target":{"@type":"EntryPoint","urlTemplate":"https:\/\/blog.webex.com\/es\/?s={search_term_string}"},"query-input":{"@type":"PropertyValueSpecification","valueRequired":true,"valueName":"search_term_string"}}],"inLanguage":"fr-FR"},{"@type":"Person","@id":"https:\/\/blog.webex.com\/es\/#\/schema\/person\/c99fef847631a735853b73a823f82a53","name":"Aruna Ravichandran","image":{"@type":"ImageObject","inLanguage":"fr-FR","@id":"https:\/\/blog.webex.com\/es\/#\/schema\/person\/image\/","url":"https:\/\/secure.gravatar.com\/avatar\/c7448744d0884becd5a26d9b152a552ea57a4ade4d71ce42122061ea2ab76575?s=96&d=wp_user_avatar&r=g","contentUrl":"https:\/\/secure.gravatar.com\/avatar\/c7448744d0884becd5a26d9b152a552ea57a4ade4d71ce42122061ea2ab76575?s=96&d=wp_user_avatar&r=g","caption":"Aruna Ravichandran"},"description":"Aruna drives significant revenue growth and brand value through a powerful blend of technological expertise, data science acumen, strategic storytelling, and marketing innovation. An early adopter of marketing automation and AI, Aruna stays at the forefront of technological advancements, consistently leveraging them to disrupt competitive markets. Her leadership in SaaS marketing and enterprise technology and her vision for AI's role in shaping customer and employee experiences have made her a sought-after thought leader in the industry. Beyond her professional achievements, Aruna is a passionate advocate for women in technology and making the STEM fields more inclusive and accessible. Aruna has an MBA and MS in Computer Engineering from Santa Clara University and a BS in Computer Science from Bangalore Institute of Technology. She is an alumna of the CMO Leadership program at Kellogg Business School. She serves on Cal Polytechnic San Luis Obispo, Fast Company, Forbes Technology Council, and Vox Media boards.","sameAs":["https:\/\/www.linkedin.com\/in\/aruna2u\/","https:\/\/x.com\/https:\/\/twitter.com\/aruna13"],"url":"https:\/\/blog.webex.com\/fr\/contributors\/arunaravichandran-2\/"}]}},"_links":{"self":[{"href":"https:\/\/blog.webex.com\/fr\/wp-json\/wp\/v2\/posts\/377802","targetHints":{"allow":["GET"]}}],"collection":[{"href":"https:\/\/blog.webex.com\/fr\/wp-json\/wp\/v2\/posts"}],"about":[{"href":"https:\/\/blog.webex.com\/fr\/wp-json\/wp\/v2\/types\/post"}],"author":[{"embeddable":true,"href":"https:\/\/blog.webex.com\/fr\/wp-json\/wp\/v2\/users\/5377"}],"replies":[{"embeddable":true,"href":"https:\/\/blog.webex.com\/fr\/wp-json\/wp\/v2\/comments?post=377802"}],"version-history":[{"count":0,"href":"https:\/\/blog.webex.com\/fr\/wp-json\/wp\/v2\/posts\/377802\/revisions"}],"wp:featuredmedia":[{"embeddable":true,"href":"https:\/\/blog.webex.com\/fr\/wp-json\/wp\/v2\/media\/373869"}],"wp:attachment":[{"href":"https:\/\/blog.webex.com\/fr\/wp-json\/wp\/v2\/media?parent=377802"}],"wp:term":[{"taxonomy":"category","embeddable":true,"href":"https:\/\/blog.webex.com\/fr\/wp-json\/wp\/v2\/categories?post=377802"},{"taxonomy":"post_tag","embeddable":true,"href":"https:\/\/blog.webex.com\/fr\/wp-json\/wp\/v2\/tags?post=377802"}],"curies":[{"name":"wp","href":"https:\/\/api.w.org\/{rel}","templated":true}]}}