{"id":382951,"date":"2020-07-22T08:00:01","date_gmt":"2020-07-22T15:00:01","guid":{"rendered":"https:\/\/blog.webex.com\/uncategorized-fr\/le-portail-de-lavenir-du-travail-une-seule-plate-forme-regroupant-tout-le-contenu-sur-lavenir-du-travail\/"},"modified":"2024-09-17T23:37:28","modified_gmt":"2024-09-18T06:37:28","slug":"le-portail-de-lavenir-du-travail-une-seule-plate-forme-regroupant-tout-le-contenu-sur-lavenir-du-travail","status":"publish","type":"post","link":"https:\/\/blog.webex.com\/fr\/collaboration-fr\/le-portail-de-lavenir-du-travail-une-seule-plate-forme-regroupant-tout-le-contenu-sur-lavenir-du-travail\/","title":{"rendered":"Le portail de l\u2019avenir du travail\u00a0: Une seule plate-forme ..."},"content":{"rendered":"<h2><span><br \/>\n  <strong>Une seule plate-forme sur l\u2019avenir du travail<\/strong><br \/>\n<\/span><\/h2>\n<p>\u00c0 l\u2019heure actuelle, nous ne travaillons plus dans des bureaux classiques suivant des horaires conventionnels. La n\u00e9cessit\u00e9 de transformer les espaces de travail est arriv\u00e9e plus t\u00f4t que pr\u00e9vu, alors que certaines entreprises n\u2019\u00e9taient pas pr\u00eates \u00e0 ce changement.<\/p>\n<p>Cisco Webex a pens\u00e9 le portail de l\u2019avenir du travail <a href=\"https:\/\/www.webex.com\/\">pour vous accompagner<\/a> dans ce changement et vous aider \u00e0 comprendre les nouvelles tendances qui fa\u00e7onnent le travail du futur. Il s\u2019agit d\u2019une seule plate-forme regroupant des articles, vid\u00e9os et podcasts faisant le point sur les derni\u00e8res tendances et technologies d\u00e9di\u00e9es aux espaces de travail, pour vous aider \u00e0 planifier l\u2019avenir de votre propre organisation.<\/p>\n<h2><span><br \/>\n  <strong>Le portail de l\u2019avenir du travail<\/strong><br \/>\n<\/span><\/h2>\n<p>Voici un petit aper\u00e7u du contenu que vous trouverez sur le portail\u00a0:<\/p>\n<ul>\n<li><a href=\"https:\/\/futureofwork.webex.com\/?playvideo=true&#038;videoid=407645795\">Vid\u00e9o sur le travail du futur<\/a> &#8211; Elle d\u00e9crit bri\u00e8vement ce qu\u2019est l\u2019avenir du travail et comment l\u2019instaurer au sein de votre organisation\u00a0: c\u2019est quelque chose que vous fa\u00e7onnez, cr\u00e9ez et construisez.<\/li>\n<li><a href=\"https:\/\/www.cisco.com\/c\/dam\/en\/us\/solutions\/collateral\/collaboration\/fow-flash-survey.pdf\">Nouvelle vision de l\u2019espace de travail moderne<\/a> &#8211; Rapport sur la derni\u00e8re enqu\u00eate que nous avons men\u00e9e en partenariat avec Freeform Dynamics sur les enseignements \u00e0 retenir de cas concrets v\u00e9cus lors de la crise sanitaire.<\/li>\n<li><a href=\"http:\/\/futureofwork.webex.com\/assets\/cisco-pov-fow\/?embed-ebook=true&#038;ebook-id=5ec44e2bd47fcb69014f6243\">Tendances qui transforment les espaces de travail et plans d\u2019action qui en d\u00e9coulent<\/a> &#8211; livre num\u00e9rique sur l\u2019avenir du travail par Cisco.<\/li>\n<li><a href=\"https:\/\/futureofwork.webex.com\/assets\/hbr-futurizing-work\/\">Moderniser la collaboration gr\u00e2ce aux technologies intelligentes<\/a> &#8211; Rapport de l\u2019enqu\u00eate men\u00e9e par HBR sur l\u2019importance des technologies modernes dans la d\u00e9finition de l\u2019avenir du travail.<\/li>\n<li><a href=\"https:\/\/futureofwork.webex.com\/assets\/ffd-wt-maturity-ebook\/\">B\u00e9n\u00e9fices des espaces de travail modernes<\/a> &#8211; R\u00e9sultat de notre enqu\u00eate aupr\u00e8s de 1500 participants du monde entier sur la corr\u00e9lation entre modernit\u00e9 des espaces de travail et productivit\u00e9 individuelle<\/li>\n<li><a href=\"https:\/\/use.webex.com\/LP=405\">T\u00e9l\u00e9travail s\u00e9curis\u00e9 et productif<\/a> &#8211; Ce dont les organisations ont besoin pour un t\u00e9l\u00e9travail s\u00e9curis\u00e9 et productif<\/li>\n<li><a href=\"https:\/\/futureofwork.webex.com\/customer-stories\/\">T\u00e9moignages de transformation de nos clients<\/a> &#8211; Ces r\u00e9cits permettent de d\u00e9couvrir comment l\u2019adoption de la technologie par les entreprises a impact\u00e9 leurs espaces de travail et am\u00e9lior\u00e9 leur activit\u00e9.<\/li>\n<li><a href=\"https:\/\/futureofwork.webex.com\/articles\/\">Articles<\/a> &#8211; En plus des livres blancs, rapports et vid\u00e9os mentionn\u00e9s ci-dessus, notre site dispose d\u2019une large biblioth\u00e8que d\u2019articles et de podcasts. Nous nous sommes rapproch\u00e9s de futurologues, d\u2019analystes et d\u2019experts du secteur ainsi que du fameux magazine Wired et de la revue Harvard Business Review pour vous garantir un contenu riche et de qualit\u00e9, actualis\u00e9 toutes les semaines sur l\u2019avenir du travail.<\/li>\n<\/ul>\n<h2><span><br \/>\n  <strong>Et ce n\u2019est pas tout<\/strong><br \/>\n<\/span><\/h2>\n<p>En compl\u00e9ment du contenu pr\u00e9cit\u00e9, nous proposons sur le portail une s\u00e9rie d\u2019\u00e9missions en continu sur l\u2019avenir du travail, avec un outil d\u2019\u00e9valuation de la maturit\u00e9 de votre espace de travail en exclusivit\u00e9\u00a0:<\/p>\n<ul>\n<li><a href=\"https:\/\/futureofwork.webex.com\/fow-live\/\">S\u00e9rie en direct sur l\u2019avenir du travail<\/a> &#8211; Nous avons lanc\u00e9 en juin une s\u00e9rie d\u2019\u00e9missions bihebdomadaire sur l\u2019avenir du travail, avec pour invit\u00e9s, des chercheurs et des visionnaires de renom. Les \u00e9missions \u00e0 venir sont list\u00e9es sur la page de la s\u00e9rie, les pr\u00e9c\u00e9dentes sont disponibles \u00e0 la demande.<\/li>\n<li><a href=\"https:\/\/futureofwork.webex.com\/maturity-calculator\/\">Outil d\u2019\u00e9valuation de la maturit\u00e9 de l\u2019espace de travail<\/a> &#8211; Une enqu\u00eate rapide pour \u00e9valuer o\u00f9 se situe votre organisation dans le parcours de transformation vers l\u2019avenir et met en \u00e9vidence les axes d\u2019am\u00e9lioration \u00e0 r\u00e9aliser.<\/li>\n<\/ul>\n<p>L\u2019avenir du travail consiste \u00e0 permettre aux collaborateurs diff\u00e9rents modes de travail, \u00e0 concevoir des espaces de travail innovants et avec des flux de travail int\u00e9gr\u00e9s, gr\u00e2ce \u00e0 une plateforme de collaboration s\u00e9curis\u00e9e et intelligente. C\u2019est d\u2019autant plus d\u2019actualit\u00e9 aujourd\u2019hui, et le portail fournit aux organisations un contenu de qualit\u00e9, permettant d\u2019\u00e9laborer un plan d\u2019action pour pr\u00e9parer le retour au travail en pr\u00e9sentiel.<\/p>\n<blockquote><p><a href=\"https:\/\/futureofwork.webex.com\">Acc\u00e9dez \u00e0 la plateforme sur l\u2019avenir du travail<\/a> et restez connect\u00e9 sur <a href=\"https:\/\/twitter.com\/CiscoFoW\">Twitter<\/a><\/p><\/blockquote>\n<p><a href=\"https:\/\/feedburner.google.com\/fb\/a\/mailverify?uri=CiscoBlogCollaboration&#038;loc=en_US\"><br \/>\n  <img loading=\"lazy\" decoding=\"async\" class=\"aligncenter wp-image-329994 \" src=\"https:\/\/storage.googleapis.com\/blogs-images\/ciscoblogs\/1\/2020\/07\/Screen-Shot-2020-07-10-at-12.28.44-PM-768x129.png\" sizes=\"auto, (max-width: 768px) 100vw, 768px\" srcset=\"https:\/\/storage.googleapis.com\/blogs-images\/ciscoblogs\/1\/2020\/07\/Screen-Shot-2020-07-10-at-12.28.44-PM-300x50.png 300w, https:\/\/storage.googleapis.com\/blogs-images\/ciscoblogs\/1\/2020\/07\/Screen-Shot-2020-07-10-at-12.28.44-PM-768x129.png 768w\" alt=\"S\u2019abonner au blog Collaboration\" width=\"473\" height=\"80\" \/><br \/>\n<\/a><\/p>\n<p><em>Votre avis nous int\u00e9resse. Posez des questions, commentez ci-dessous et restez connect\u00e9 avec le blog Collaboration sur les r\u00e9seaux sociaux\u00a0!<\/em><\/p>\n<p><strong>R\u00e9seaux sociaux du blog Collaboration<\/strong><br \/>\n<a href=\"https:\/\/www.facebook.com\/CiscoCollab\">Facebook<\/a><br \/>\n<a href=\"https:\/\/twitter.com\/CiscoCollab\">Twitter<\/a><br \/>\nLinkedIn<br \/>\n<a href=\"https:\/\/www.youtube.com\/user\/Cisco\/playlists?view=50&#038;sort=dd&#038;shelf_id=6\">YouTube<\/a><\/p>\n<p><strong>En savoir plus<\/strong><\/p>\n<p>https:\/\/blogs.cisco.com\/collaboration\/collaboration-without-compromise-a-security-first-approach-to-remote-working<\/p>\n<p>https:\/\/blogs.cisco.com\/perspectives\/ciscos-connected-experiences-simplify-remote-working<\/p>\n<p>https:\/\/blogs.cisco.com\/collaboration\/how-webex-keeps-your-collaboration-safe-while-working-remotely<\/p>\n","protected":false},"excerpt":{"rendered":"<p>Cisco Webex a pens\u00e9 le portail de l\u2019avenir du travail pour vous accompagner dans ce changement et vous aider \u00e0 comprendre les nouvelles tendances qui fa\u00e7onnent le travail du futur.<\/p>\n","protected":false},"author":5405,"featured_media":0,"comment_status":"open","ping_status":"open","sticky":false,"template":"","format":"standard","meta":{"inline_featured_image":false,"footnotes":""},"categories":[5253],"tags":[2393],"class_list":["post-382951","post","type-post","status-publish","format-standard","hentry","category-collaboration-fr","tag-travail-hybride"],"acf":[],"yoast_head":"<!-- This site is optimized with the Yoast SEO plugin v27.1.1 - https:\/\/yoast.com\/product\/yoast-seo-wordpress\/ -->\n<title>Le portail de l\u2019avenir du travail\u00a0: Une seule plate-forme regroupant tout le contenu sur l\u2019avenir du travail | Webex Blog<\/title>\n<meta name=\"robots\" content=\"index, follow, max-snippet:-1, max-image-preview:large, max-video-preview:-1\" \/>\n<link rel=\"canonical\" href=\"https:\/\/blog.webex.com\/collaboration\/hybrid-work\/future-of-work-portal-one-stop-shop-for-all-content-around-the-future-of-work\/\" \/>\n<meta property=\"og:locale\" content=\"fr_FR\" \/>\n<meta property=\"og:type\" content=\"article\" \/>\n<meta property=\"og:title\" content=\"Le portail de l\u2019avenir du travail\u00a0: Une seule plate-forme regroupant tout le contenu sur l\u2019avenir du travail | Webex Blog\" \/>\n<meta property=\"og:description\" content=\"Cisco Webex a pens\u00e9 le portail de l\u2019avenir du travail pour vous accompagner dans ce changement et vous aider \u00e0 comprendre les nouvelles tendances qui fa\u00e7onnent le travail du futur.\" \/>\n<meta property=\"og:url\" content=\"https:\/\/blog.webex.com\/collaboration\/hybrid-work\/future-of-work-portal-one-stop-shop-for-all-content-around-the-future-of-work\/\" \/>\n<meta property=\"og:site_name\" content=\"Webex Blog\" \/>\n<meta property=\"article:published_time\" content=\"2020-07-22T15:00:01+00:00\" \/>\n<meta property=\"article:modified_time\" content=\"2024-09-18T06:37:28+00:00\" \/>\n<meta property=\"og:image\" content=\"https:\/\/storage.googleapis.com\/blogs-images\/ciscoblogs\/1\/2020\/07\/Screen-Shot-2020-07-10-at-12.28.44-PM-768x129.png\" \/>\n<meta name=\"author\" content=\"Aditya Mohta\" \/>\n<meta name=\"twitter:label1\" content=\"\u00c9crit par\" \/>\n\t<meta name=\"twitter:data1\" content=\"Aditya Mohta\" \/>\n\t<meta name=\"twitter:label2\" content=\"Dur\u00e9e de lecture estim\u00e9e\" \/>\n\t<meta name=\"twitter:data2\" content=\"4 minutes\" \/>\n<script type=\"application\/ld+json\" class=\"yoast-schema-graph\">{\"@context\":\"https:\/\/schema.org\",\"@graph\":[{\"@type\":\"Article\",\"@id\":\"https:\/\/blog.webex.com\/collaboration\/hybrid-work\/future-of-work-portal-one-stop-shop-for-all-content-around-the-future-of-work\/#article\",\"isPartOf\":{\"@id\":\"https:\/\/blog.webex.com\/collaboration\/hybrid-work\/future-of-work-portal-one-stop-shop-for-all-content-around-the-future-of-work\/\"},\"author\":{\"name\":\"Aditya Mohta\",\"@id\":\"https:\/\/blog.webex.com\/es\/#\/schema\/person\/aa673aa636c56344f7a76d3d89a28f46\"},\"headline\":\"Le portail de l\u2019avenir du travail\u00a0: Une seule plate-forme ...\",\"datePublished\":\"2020-07-22T15:00:01+00:00\",\"dateModified\":\"2024-09-18T06:37:28+00:00\",\"mainEntityOfPage\":{\"@id\":\"https:\/\/blog.webex.com\/collaboration\/hybrid-work\/future-of-work-portal-one-stop-shop-for-all-content-around-the-future-of-work\/\"},\"wordCount\":755,\"commentCount\":0,\"image\":{\"@id\":\"https:\/\/blog.webex.com\/collaboration\/hybrid-work\/future-of-work-portal-one-stop-shop-for-all-content-around-the-future-of-work\/#primaryimage\"},\"thumbnailUrl\":\"https:\/\/storage.googleapis.com\/blogs-images\/ciscoblogs\/1\/2020\/07\/Screen-Shot-2020-07-10-at-12.28.44-PM-768x129.png\",\"keywords\":[\"travail hybride\"],\"articleSection\":[\"Collaboration\"],\"inLanguage\":\"fr-FR\",\"potentialAction\":[{\"@type\":\"CommentAction\",\"name\":\"Comment\",\"target\":[\"https:\/\/blog.webex.com\/collaboration\/hybrid-work\/future-of-work-portal-one-stop-shop-for-all-content-around-the-future-of-work\/#respond\"]}]},{\"@type\":\"WebPage\",\"@id\":\"https:\/\/blog.webex.com\/collaboration\/hybrid-work\/future-of-work-portal-one-stop-shop-for-all-content-around-the-future-of-work\/\",\"url\":\"https:\/\/blog.webex.com\/collaboration\/hybrid-work\/future-of-work-portal-one-stop-shop-for-all-content-around-the-future-of-work\/\",\"name\":\"Le portail de l\u2019avenir du travail\u00a0: Une seule plate-forme regroupant tout le contenu sur l\u2019avenir du travail | Webex Blog\",\"isPartOf\":{\"@id\":\"https:\/\/blog.webex.com\/es\/#website\"},\"primaryImageOfPage\":{\"@id\":\"https:\/\/blog.webex.com\/collaboration\/hybrid-work\/future-of-work-portal-one-stop-shop-for-all-content-around-the-future-of-work\/#primaryimage\"},\"image\":{\"@id\":\"https:\/\/blog.webex.com\/collaboration\/hybrid-work\/future-of-work-portal-one-stop-shop-for-all-content-around-the-future-of-work\/#primaryimage\"},\"thumbnailUrl\":\"https:\/\/storage.googleapis.com\/blogs-images\/ciscoblogs\/1\/2020\/07\/Screen-Shot-2020-07-10-at-12.28.44-PM-768x129.png\",\"datePublished\":\"2020-07-22T15:00:01+00:00\",\"dateModified\":\"2024-09-18T06:37:28+00:00\",\"author\":{\"@id\":\"https:\/\/blog.webex.com\/es\/#\/schema\/person\/aa673aa636c56344f7a76d3d89a28f46\"},\"breadcrumb\":{\"@id\":\"https:\/\/blog.webex.com\/collaboration\/hybrid-work\/future-of-work-portal-one-stop-shop-for-all-content-around-the-future-of-work\/#breadcrumb\"},\"inLanguage\":\"fr-FR\",\"potentialAction\":[{\"@type\":\"ReadAction\",\"target\":[\"https:\/\/blog.webex.com\/collaboration\/hybrid-work\/future-of-work-portal-one-stop-shop-for-all-content-around-the-future-of-work\/\"]}]},{\"@type\":\"ImageObject\",\"inLanguage\":\"fr-FR\",\"@id\":\"https:\/\/blog.webex.com\/collaboration\/hybrid-work\/future-of-work-portal-one-stop-shop-for-all-content-around-the-future-of-work\/#primaryimage\",\"url\":\"https:\/\/storage.googleapis.com\/blogs-images\/ciscoblogs\/1\/2020\/07\/Screen-Shot-2020-07-10-at-12.28.44-PM-768x129.png\",\"contentUrl\":\"https:\/\/storage.googleapis.com\/blogs-images\/ciscoblogs\/1\/2020\/07\/Screen-Shot-2020-07-10-at-12.28.44-PM-768x129.png\"},{\"@type\":\"BreadcrumbList\",\"@id\":\"https:\/\/blog.webex.com\/collaboration\/hybrid-work\/future-of-work-portal-one-stop-shop-for-all-content-around-the-future-of-work\/#breadcrumb\",\"itemListElement\":[{\"@type\":\"ListItem\",\"position\":1,\"name\":\"Home\",\"item\":\"https:\/\/blog.webex.com\/fr\/\"},{\"@type\":\"ListItem\",\"position\":2,\"name\":\"Le portail de l\u2019avenir du travail\u00a0: Une seule plate-forme ...\"}]},{\"@type\":\"WebSite\",\"@id\":\"https:\/\/blog.webex.com\/es\/#website\",\"url\":\"https:\/\/blog.webex.com\/es\/\",\"name\":\"Webex Blog\",\"description\":\"Webex by Cisco powers collaboration through industry-leading video conferencing, cloud calling and contact center solutions\",\"potentialAction\":[{\"@type\":\"SearchAction\",\"target\":{\"@type\":\"EntryPoint\",\"urlTemplate\":\"https:\/\/blog.webex.com\/es\/?s={search_term_string}\"},\"query-input\":{\"@type\":\"PropertyValueSpecification\",\"valueRequired\":true,\"valueName\":\"search_term_string\"}}],\"inLanguage\":\"fr-FR\"},{\"@type\":\"Person\",\"@id\":\"https:\/\/blog.webex.com\/es\/#\/schema\/person\/aa673aa636c56344f7a76d3d89a28f46\",\"name\":\"Aditya Mohta\",\"image\":{\"@type\":\"ImageObject\",\"inLanguage\":\"fr-FR\",\"@id\":\"https:\/\/blog.webex.com\/es\/#\/schema\/person\/image\/\",\"url\":\"https:\/\/secure.gravatar.com\/avatar\/828147850eafee98d19597bb560b46f275815fb75f22ca23b69a229dda1f8e71?s=96&d=wp_user_avatar&r=g\",\"contentUrl\":\"https:\/\/secure.gravatar.com\/avatar\/828147850eafee98d19597bb560b46f275815fb75f22ca23b69a229dda1f8e71?s=96&d=wp_user_avatar&r=g\",\"caption\":\"Aditya Mohta\"},\"description\":\"Aditya Mohta has been with Cisco for more than 9 years. He currently works as a Sr. Manager, Solutions Marketing at Webex and leads solution messaging around workplace transformation and future of work tying the whole collaboration portfolio together. He is a subject matter expert on workplace transformation for customers, sales, engineering and technical marketing teams. Prior to this, he led cross architecture messaging and marketing for Artificial Intelligence and digital solutions around workforce experience and customer experience. Aditya has authored numerous whitepapers and presentations on digital transformation, AI, workplace transformation and customer experience. In his earlier role at Cisco, Aditya worked as a Senior Consultant where he helped clients transform their business using technology solutions by developing strategy, road map and value assessments. Overall Aditya has over 16 years of experience working of transformational projects in technology and manufacturing industries. Aditya holds an MBA from Vanderbilt University and a bachelor\u2019s degree in engineering from Mumbai University, India.\",\"sameAs\":[\"https:\/\/www.linkedin.com\/in\/adityamohta\/\",\"https:\/\/x.com\/https:\/\/twitter.com\/adityamohta25?lang=en\"],\"url\":\"https:\/\/blog.webex.com\/fr\/contributors\/adityamohta\/\"}]}<\/script>\n<!-- \/ Yoast SEO plugin. -->","yoast_head_json":{"title":"Le portail de l\u2019avenir du travail\u00a0: Une seule plate-forme regroupant tout le contenu sur l\u2019avenir du travail | Webex Blog","robots":{"index":"index","follow":"follow","max-snippet":"max-snippet:-1","max-image-preview":"max-image-preview:large","max-video-preview":"max-video-preview:-1"},"canonical":"https:\/\/blog.webex.com\/collaboration\/hybrid-work\/future-of-work-portal-one-stop-shop-for-all-content-around-the-future-of-work\/","og_locale":"fr_FR","og_type":"article","og_title":"Le portail de l\u2019avenir du travail\u00a0: Une seule plate-forme regroupant tout le contenu sur l\u2019avenir du travail | Webex Blog","og_description":"Cisco Webex a pens\u00e9 le portail de l\u2019avenir du travail pour vous accompagner dans ce changement et vous aider \u00e0 comprendre les nouvelles tendances qui fa\u00e7onnent le travail du futur.","og_url":"https:\/\/blog.webex.com\/collaboration\/hybrid-work\/future-of-work-portal-one-stop-shop-for-all-content-around-the-future-of-work\/","og_site_name":"Webex Blog","article_published_time":"2020-07-22T15:00:01+00:00","article_modified_time":"2024-09-18T06:37:28+00:00","og_image":[{"url":"https:\/\/storage.googleapis.com\/blogs-images\/ciscoblogs\/1\/2020\/07\/Screen-Shot-2020-07-10-at-12.28.44-PM-768x129.png","type":"","width":"","height":""}],"author":"Aditya Mohta","twitter_misc":{"\u00c9crit par":"Aditya Mohta","Dur\u00e9e de lecture estim\u00e9e":"4 minutes"},"schema":{"@context":"https:\/\/schema.org","@graph":[{"@type":"Article","@id":"https:\/\/blog.webex.com\/collaboration\/hybrid-work\/future-of-work-portal-one-stop-shop-for-all-content-around-the-future-of-work\/#article","isPartOf":{"@id":"https:\/\/blog.webex.com\/collaboration\/hybrid-work\/future-of-work-portal-one-stop-shop-for-all-content-around-the-future-of-work\/"},"author":{"name":"Aditya Mohta","@id":"https:\/\/blog.webex.com\/es\/#\/schema\/person\/aa673aa636c56344f7a76d3d89a28f46"},"headline":"Le portail de l\u2019avenir du travail\u00a0: Une seule plate-forme ...","datePublished":"2020-07-22T15:00:01+00:00","dateModified":"2024-09-18T06:37:28+00:00","mainEntityOfPage":{"@id":"https:\/\/blog.webex.com\/collaboration\/hybrid-work\/future-of-work-portal-one-stop-shop-for-all-content-around-the-future-of-work\/"},"wordCount":755,"commentCount":0,"image":{"@id":"https:\/\/blog.webex.com\/collaboration\/hybrid-work\/future-of-work-portal-one-stop-shop-for-all-content-around-the-future-of-work\/#primaryimage"},"thumbnailUrl":"https:\/\/storage.googleapis.com\/blogs-images\/ciscoblogs\/1\/2020\/07\/Screen-Shot-2020-07-10-at-12.28.44-PM-768x129.png","keywords":["travail hybride"],"articleSection":["Collaboration"],"inLanguage":"fr-FR","potentialAction":[{"@type":"CommentAction","name":"Comment","target":["https:\/\/blog.webex.com\/collaboration\/hybrid-work\/future-of-work-portal-one-stop-shop-for-all-content-around-the-future-of-work\/#respond"]}]},{"@type":"WebPage","@id":"https:\/\/blog.webex.com\/collaboration\/hybrid-work\/future-of-work-portal-one-stop-shop-for-all-content-around-the-future-of-work\/","url":"https:\/\/blog.webex.com\/collaboration\/hybrid-work\/future-of-work-portal-one-stop-shop-for-all-content-around-the-future-of-work\/","name":"Le portail de l\u2019avenir du travail\u00a0: Une seule plate-forme regroupant tout le contenu sur l\u2019avenir du travail | Webex Blog","isPartOf":{"@id":"https:\/\/blog.webex.com\/es\/#website"},"primaryImageOfPage":{"@id":"https:\/\/blog.webex.com\/collaboration\/hybrid-work\/future-of-work-portal-one-stop-shop-for-all-content-around-the-future-of-work\/#primaryimage"},"image":{"@id":"https:\/\/blog.webex.com\/collaboration\/hybrid-work\/future-of-work-portal-one-stop-shop-for-all-content-around-the-future-of-work\/#primaryimage"},"thumbnailUrl":"https:\/\/storage.googleapis.com\/blogs-images\/ciscoblogs\/1\/2020\/07\/Screen-Shot-2020-07-10-at-12.28.44-PM-768x129.png","datePublished":"2020-07-22T15:00:01+00:00","dateModified":"2024-09-18T06:37:28+00:00","author":{"@id":"https:\/\/blog.webex.com\/es\/#\/schema\/person\/aa673aa636c56344f7a76d3d89a28f46"},"breadcrumb":{"@id":"https:\/\/blog.webex.com\/collaboration\/hybrid-work\/future-of-work-portal-one-stop-shop-for-all-content-around-the-future-of-work\/#breadcrumb"},"inLanguage":"fr-FR","potentialAction":[{"@type":"ReadAction","target":["https:\/\/blog.webex.com\/collaboration\/hybrid-work\/future-of-work-portal-one-stop-shop-for-all-content-around-the-future-of-work\/"]}]},{"@type":"ImageObject","inLanguage":"fr-FR","@id":"https:\/\/blog.webex.com\/collaboration\/hybrid-work\/future-of-work-portal-one-stop-shop-for-all-content-around-the-future-of-work\/#primaryimage","url":"https:\/\/storage.googleapis.com\/blogs-images\/ciscoblogs\/1\/2020\/07\/Screen-Shot-2020-07-10-at-12.28.44-PM-768x129.png","contentUrl":"https:\/\/storage.googleapis.com\/blogs-images\/ciscoblogs\/1\/2020\/07\/Screen-Shot-2020-07-10-at-12.28.44-PM-768x129.png"},{"@type":"BreadcrumbList","@id":"https:\/\/blog.webex.com\/collaboration\/hybrid-work\/future-of-work-portal-one-stop-shop-for-all-content-around-the-future-of-work\/#breadcrumb","itemListElement":[{"@type":"ListItem","position":1,"name":"Home","item":"https:\/\/blog.webex.com\/fr\/"},{"@type":"ListItem","position":2,"name":"Le portail de l\u2019avenir du travail\u00a0: Une seule plate-forme ..."}]},{"@type":"WebSite","@id":"https:\/\/blog.webex.com\/es\/#website","url":"https:\/\/blog.webex.com\/es\/","name":"Webex Blog","description":"Webex by Cisco powers collaboration through industry-leading video conferencing, cloud calling and contact center solutions","potentialAction":[{"@type":"SearchAction","target":{"@type":"EntryPoint","urlTemplate":"https:\/\/blog.webex.com\/es\/?s={search_term_string}"},"query-input":{"@type":"PropertyValueSpecification","valueRequired":true,"valueName":"search_term_string"}}],"inLanguage":"fr-FR"},{"@type":"Person","@id":"https:\/\/blog.webex.com\/es\/#\/schema\/person\/aa673aa636c56344f7a76d3d89a28f46","name":"Aditya Mohta","image":{"@type":"ImageObject","inLanguage":"fr-FR","@id":"https:\/\/blog.webex.com\/es\/#\/schema\/person\/image\/","url":"https:\/\/secure.gravatar.com\/avatar\/828147850eafee98d19597bb560b46f275815fb75f22ca23b69a229dda1f8e71?s=96&d=wp_user_avatar&r=g","contentUrl":"https:\/\/secure.gravatar.com\/avatar\/828147850eafee98d19597bb560b46f275815fb75f22ca23b69a229dda1f8e71?s=96&d=wp_user_avatar&r=g","caption":"Aditya Mohta"},"description":"Aditya Mohta has been with Cisco for more than 9 years. He currently works as a Sr. Manager, Solutions Marketing at Webex and leads solution messaging around workplace transformation and future of work tying the whole collaboration portfolio together. He is a subject matter expert on workplace transformation for customers, sales, engineering and technical marketing teams. Prior to this, he led cross architecture messaging and marketing for Artificial Intelligence and digital solutions around workforce experience and customer experience. Aditya has authored numerous whitepapers and presentations on digital transformation, AI, workplace transformation and customer experience. In his earlier role at Cisco, Aditya worked as a Senior Consultant where he helped clients transform their business using technology solutions by developing strategy, road map and value assessments. Overall Aditya has over 16 years of experience working of transformational projects in technology and manufacturing industries. Aditya holds an MBA from Vanderbilt University and a bachelor\u2019s degree in engineering from Mumbai University, India.","sameAs":["https:\/\/www.linkedin.com\/in\/adityamohta\/","https:\/\/x.com\/https:\/\/twitter.com\/adityamohta25?lang=en"],"url":"https:\/\/blog.webex.com\/fr\/contributors\/adityamohta\/"}]}},"_links":{"self":[{"href":"https:\/\/blog.webex.com\/fr\/wp-json\/wp\/v2\/posts\/382951","targetHints":{"allow":["GET"]}}],"collection":[{"href":"https:\/\/blog.webex.com\/fr\/wp-json\/wp\/v2\/posts"}],"about":[{"href":"https:\/\/blog.webex.com\/fr\/wp-json\/wp\/v2\/types\/post"}],"author":[{"embeddable":true,"href":"https:\/\/blog.webex.com\/fr\/wp-json\/wp\/v2\/users\/5405"}],"replies":[{"embeddable":true,"href":"https:\/\/blog.webex.com\/fr\/wp-json\/wp\/v2\/comments?post=382951"}],"version-history":[{"count":0,"href":"https:\/\/blog.webex.com\/fr\/wp-json\/wp\/v2\/posts\/382951\/revisions"}],"wp:attachment":[{"href":"https:\/\/blog.webex.com\/fr\/wp-json\/wp\/v2\/media?parent=382951"}],"wp:term":[{"taxonomy":"category","embeddable":true,"href":"https:\/\/blog.webex.com\/fr\/wp-json\/wp\/v2\/categories?post=382951"},{"taxonomy":"post_tag","embeddable":true,"href":"https:\/\/blog.webex.com\/fr\/wp-json\/wp\/v2\/tags?post=382951"}],"curies":[{"name":"wp","href":"https:\/\/api.w.org\/{rel}","templated":true}]}}