{"id":382971,"date":"2021-02-08T11:46:07","date_gmt":"2021-02-08T19:46:07","guid":{"rendered":"https:\/\/blog.webex.com\/uncategorized-fr\/le-retour-au-bureau-vient-de-monter-dun-cran-en-ingeniosite\/"},"modified":"2024-09-17T23:37:14","modified_gmt":"2024-09-18T06:37:14","slug":"le-retour-au-bureau-vient-de-monter-dun-cran-en-ingeniosite","status":"publish","type":"post","link":"https:\/\/blog.webex.com\/fr\/espaces-de-travail\/le-retour-au-bureau-vient-de-monter-dun-cran-en-ingeniosite\/","title":{"rendered":"Le retour au bureau vient de monter d\u2019un cran en ing\u00e9niosit\u00e9\u00a0!"},"content":{"rendered":"<h2><span><br \/>\n  <strong>Analyses de l\u2019historique de tous les espaces de travail<\/strong><br \/>\n<\/span><\/h2>\n<p>Dans le monde entier, des compagnies sont en train de rentrer au bureau ou en tout cas, de planifier un retour. Nous savons tous pertinemment que le bureau que nous retrouverons ne sera plus le m\u00eame que celui que nous avons quitt\u00e9. Une collaboration efficace dans chaque espace de r\u00e9union est devenue essentielle \u00e0 l\u2019heure o\u00f9 les employ\u00e9s sont souvent dispers\u00e9s entre diff\u00e9rents lieux de travail (au bureau, \u00e0 la maison ou ailleurs).<\/p>\n<p>Pour les diff\u00e9rents services, les RH et la direction, il est important de savoir comment utiliser les espaces de travail, et les plans des b\u00e2timents devront probablement s\u2019adapter aux nouvelles fa\u00e7ons de travailler, au fur et \u00e0 mesure que nous revenons au bureau.<\/p>\n<p>Nous avions annonc\u00e9 l\u2019an dernier au cours de Cisco Live l\u2019introduction <a href=\"https:\/\/blogs.cisco.com\/collaboration\/workspaces-in-control-hub-whats-in-it-for-you\">d\u2019espaces de travail dans Control Hub<\/a>, ce qui a r\u00e9volutionn\u00e9 la collaboration entre le service informatique, les installations et les RH et par la m\u00eame occasion permis de rendre le retour au bureau aussi fluide et s\u00fbr que possible. Nous sommes heureux d\u2019annoncer, en plus de nos capacit\u00e9s \u00e0 afficher des alertes sur la distanciation sociale dans les espaces de travail et les limites de capacit\u00e9 maximales autoris\u00e9es, le lancement de l\u2019analyse de l\u2019historique de tous les espaces de travail avec un appareil Cisco Webex.<\/p>\n<p>Si vous voulez en savoir plus sur les donn\u00e9es de l\u2019historique disponibles pour les espaces de travail dans Control Hub, regardez la vid\u00e9o\u00a0:<\/p>\n<p><iframe loading=\"lazy\" title=\"Historical Data available for Workspaces in Control Hub\" width=\"500\" height=\"281\" src=\"https:\/\/www.youtube.com\/embed\/t3hJAmUgFSw?feature=oembed\" frameborder=\"0\" allow=\"accelerometer; autoplay; clipboard-write; encrypted-media; gyroscope; picture-in-picture; web-share\" referrerpolicy=\"strict-origin-when-cross-origin\" allowfullscreen><\/iframe><\/p>\n<p>\u00a0<\/p>\n<p><a href=\"https:\/\/storage.googleapis.com\/blogs-images\/ciscoblogs\/1\/2021\/02\/Historical-data-and-insights.png\"><br \/>\n  <img loading=\"lazy\" decoding=\"async\" class=\"aligncenter size-medium_large wp-image-354159\" src=\"https:\/\/storage.googleapis.com\/blogs-images\/ciscoblogs\/1\/2021\/02\/Historical-data-and-insights-768x353.png\" sizes=\"auto, (max-width: 768px) 100vw, 768px\" srcset=\"https:\/\/storage.googleapis.com\/blogs-images\/ciscoblogs\/1\/2021\/02\/Historical-data-and-insights-300x138.png 300w, https:\/\/storage.googleapis.com\/blogs-images\/ciscoblogs\/1\/2021\/02\/Historical-data-and-insights-768x353.png 768w\" alt=\"Donn\u00e9es et informations sur l\u2019historique\" width=\"640\" height=\"294\" \/><br \/>\n<\/a><\/p>\n<p>Tous les appareils des s\u00e9ries Webex Room, Board et Desk d\u00e9tectent la pr\u00e9sence en salle, le nombre de personnes pr\u00e9sentes et le bruit. Mais en connectant le <a href=\"https:\/\/www.cisco.com\/c\/en\/us\/products\/collaboration-endpoints\/webex-board\/index.html\">Navigateur de salle Webex<\/a> au dispositif Webex Board ou Webex Room, vous pourrez consulter des donn\u00e9es suppl\u00e9mentaires sur la temp\u00e9rature ambiante et l\u2019humidit\u00e9.<\/p>\n<p><a href=\"https:\/\/storage.googleapis.com\/blogs-images\/ciscoblogs\/1\/2021\/02\/Supported-Devices.png\"><br \/>\n  <img loading=\"lazy\" decoding=\"async\" class=\"aligncenter size-medium_large wp-image-354162\" src=\"https:\/\/storage.googleapis.com\/blogs-images\/ciscoblogs\/1\/2021\/02\/Supported-Devices-768x439.png\" sizes=\"auto, (max-width: 768px) 100vw, 768px\" srcset=\"https:\/\/storage.googleapis.com\/blogs-images\/ciscoblogs\/1\/2021\/02\/Supported-Devices-300x171.png 300w, https:\/\/storage.googleapis.com\/blogs-images\/ciscoblogs\/1\/2021\/02\/Supported-Devices-768x439.png 768w\" alt=\"Appareils pris en charge\" width=\"640\" height=\"366\" \/><br \/>\n<\/a><\/p>\n<p>La plateforme Webex a la capacit\u00e9 de transformer ces donn\u00e9es en informations et en tendances saillantes. Toutes ces informations sont facilement accessibles \u00e0 partir des fonctions d\u00e9di\u00e9es\u00a0! Associez ces donn\u00e9es avec notre syst\u00e8me d\u2019\u00e9tiquetage de salles et comparez en d\u00e9tail les petits espaces de r\u00e9unions priv\u00e9es aux salles de r\u00e9union ou aux espaces de travail\u00a0!<\/p>\n<p><a href=\"https:\/\/storage.googleapis.com\/blogs-images\/ciscoblogs\/1\/2021\/02\/Insights.png\"><br \/>\n  <img loading=\"lazy\" decoding=\"async\" class=\"aligncenter size-medium_large wp-image-354164\" src=\"https:\/\/storage.googleapis.com\/blogs-images\/ciscoblogs\/1\/2021\/02\/Insights-768x170.png\" sizes=\"auto, (max-width: 768px) 100vw, 768px\" srcset=\"https:\/\/storage.googleapis.com\/blogs-images\/ciscoblogs\/1\/2021\/02\/Insights-300x66.png 300w, https:\/\/storage.googleapis.com\/blogs-images\/ciscoblogs\/1\/2021\/02\/Insights-768x170.png 768w\" alt=\"Informations\" width=\"640\" height=\"142\" \/><br \/>\n<\/a><\/p>\n<p>Vous devez probablement penser que les int\u00e9grations de calendrier sont en mesure de r\u00e9soudre les probl\u00e8mes pr\u00e9c\u00e9demment cit\u00e9s. Pourtant, la majorit\u00e9 des int\u00e9grations de calendrier vous montrent quelle est <em>l\u2019intention <\/em>d\u2019utilisation de la salle, mais ne fournissent pas de compte-rendu factuel de la fa\u00e7on dont ces salles sont r\u00e9ellement utilis\u00e9es. D\u00e9sormais, gr\u00e2ce \u00e0 Control Hub et \u00e0 la plateforme Webex, vous pouvez constater l\u2019utilisation r\u00e9elle sur une p\u00e9riode de 24\u00a0heures, 7\u00a0jours ou 30\u00a0jours.<\/p>\n<p><a href=\"https:\/\/storage.googleapis.com\/blogs-images\/ciscoblogs\/1\/2021\/02\/Calendar-integration-with-Control-Hube-and-the-Webex-Platform.png\"><br \/>\n  <img loading=\"lazy\" decoding=\"async\" class=\"aligncenter size-medium_large wp-image-354166\" src=\"https:\/\/storage.googleapis.com\/blogs-images\/ciscoblogs\/1\/2021\/02\/Calendar-integration-with-Control-Hube-and-the-Webex-Platform-768x307.png\" sizes=\"auto, (max-width: 768px) 100vw, 768px\" srcset=\"https:\/\/storage.googleapis.com\/blogs-images\/ciscoblogs\/1\/2021\/02\/Calendar-integration-with-Control-Hube-and-the-Webex-Platform-300x120.png 300w, https:\/\/storage.googleapis.com\/blogs-images\/ciscoblogs\/1\/2021\/02\/Calendar-integration-with-Control-Hube-and-the-Webex-Platform-768x307.png 768w\" alt=\"L\u2019int\u00e9gration du calendrier avec Control Hub et la plateforme Webex\" width=\"640\" height=\"256\" \/><br \/>\n<\/a><\/p>\n<p>\u00a0<\/p>\n<p>Pour ce qui est du bruit, de la temp\u00e9rature et de l\u2019humidit\u00e9 dans une salle, les amplitudes sont cons\u00e9quentes. Dans Control Hub, vous pouvez non seulement voir les valeurs minimales et maximales que ces capteurs enregistrent au cours d\u2019une p\u00e9riode donn\u00e9e, mais aussi v\u00e9rifier si ces valeurs sont comprises dans une plage acceptable. Nous fixons aujourd\u2019hui ces seuils en nous basant sur les recherches des normes mondiales de construction.<\/p>\n<p>Le bruit peut affecter s\u00e9v\u00e8rement la qualit\u00e9 des appels pass\u00e9s depuis l\u2019espace de travail. Quoi de pire qu\u2019un son \u00e9touff\u00e9 ou des bruits qui perturbent votre r\u00e9union. Avec Control Hub, il est facile de d\u00e9tecter la cause d\u2019un son de mauvaise qualit\u00e9 \u2013 parfois, il arrive que les microphones captent les bruits ambiants comme celui des climatiseurs ou qu\u2019ils soient tout simplement install\u00e9s au mauvais endroit pour les utilisateurs de la pi\u00e8ce. Vous pouvez d\u00e9sormais arr\u00eater de sp\u00e9culer et agir\u00a0!<\/p>\n<blockquote>\n<h3><a href=\"https:\/\/www.cisco.com\/c\/en\/us\/products\/conferencing\/webex-control-hub\/index.html\"><br \/>\n  <span><br \/>\n    <strong>En savoir plus sur Cisco Webex Control Hub<\/strong><br \/>\n  <\/span><br \/>\n<\/a><\/h3>\n<\/blockquote>\n<p><strong>En savoir plus<\/strong><\/p>\n<p>https:\/\/blogs.cisco.com\/collaboration\/safe-at-the-office-productive-anywhere-with-webex-10x-better-experiences<\/p>\n<p>https:\/\/blogs.cisco.com\/collaboration\/how-to-optimize-meeting-spaces-for-hybrid-work<\/p>\n<p>https:\/\/blogs.cisco.com\/collaboration\/enabling-smart-hybrid-work-experiences-for-everyone-anywhere<\/p>\n","protected":false},"excerpt":{"rendered":"<p>Nous sommes heureux de vous annoncer que la gestion des espaces est facilit\u00e9e par l\u2019analyse de l\u2019historique de Webex dans Control Hub.<\/p>\n","protected":false},"author":5493,"featured_media":382972,"comment_status":"open","ping_status":"open","sticky":false,"template":"","format":"standard","meta":{"inline_featured_image":false,"footnotes":""},"categories":[5253,1518],"tags":[562,2066,5877,2393],"class_list":["post-382971","post","type-post","status-publish","format-standard","has-post-thumbnail","hentry","category-collaboration-fr","category-espaces-de-travail","tag-collaboration-tools","tag-outils-de-collaboration","tag-solutions-pour-salles-de-conference","tag-travail-hybride"],"acf":[],"yoast_head":"<!-- This site is optimized with the Yoast SEO plugin v27.1.1 - https:\/\/yoast.com\/product\/yoast-seo-wordpress\/ -->\n<title>Le retour au bureau vient de monter d\u2019un cran en ing\u00e9niosit\u00e9\u00a0! | Webex Blog<\/title>\n<meta name=\"robots\" content=\"index, follow, max-snippet:-1, max-image-preview:large, max-video-preview:-1\" \/>\n<link rel=\"canonical\" href=\"https:\/\/blog.webex.com\/fr\/uncategorized-fr\/le-retour-au-bureau-vient-de-monter-dun-cran-en-ingeniosite\/\" \/>\n<meta property=\"og:locale\" content=\"fr_FR\" \/>\n<meta property=\"og:type\" content=\"article\" \/>\n<meta property=\"og:title\" content=\"Le retour au bureau vient de monter d\u2019un cran en ing\u00e9niosit\u00e9\u00a0! | Webex Blog\" \/>\n<meta property=\"og:description\" content=\"Nous sommes heureux de vous annoncer que la gestion des espaces est facilit\u00e9e par l\u2019analyse de l\u2019historique de Webex dans Control Hub.\" \/>\n<meta property=\"og:url\" content=\"https:\/\/blog.webex.com\/fr\/uncategorized-fr\/le-retour-au-bureau-vient-de-monter-dun-cran-en-ingeniosite\/\" \/>\n<meta property=\"og:site_name\" content=\"Webex Blog\" \/>\n<meta property=\"article:published_time\" content=\"2021-02-08T19:46:07+00:00\" \/>\n<meta property=\"article:modified_time\" content=\"2024-09-18T06:37:14+00:00\" \/>\n<meta property=\"og:image\" content=\"https:\/\/blog.webex.com\/wp-content\/uploads\/2021\/02\/Espen_Blog-1-1.png\" \/>\n\t<meta property=\"og:image:width\" content=\"770\" \/>\n\t<meta property=\"og:image:height\" content=\"533\" \/>\n\t<meta property=\"og:image:type\" content=\"image\/png\" \/>\n<meta name=\"author\" content=\"Espen L\u00f8berg\" \/>\n<meta name=\"twitter:label1\" content=\"\u00c9crit par\" \/>\n\t<meta name=\"twitter:data1\" content=\"Espen L\u00f8berg\" \/>\n\t<meta name=\"twitter:label2\" content=\"Dur\u00e9e de lecture estim\u00e9e\" \/>\n\t<meta name=\"twitter:data2\" content=\"3 minutes\" \/>\n<script type=\"application\/ld+json\" class=\"yoast-schema-graph\">{\"@context\":\"https:\/\/schema.org\",\"@graph\":[{\"@type\":\"Article\",\"@id\":\"https:\/\/blog.webex.com\/fr\/uncategorized-fr\/le-retour-au-bureau-vient-de-monter-dun-cran-en-ingeniosite\/#article\",\"isPartOf\":{\"@id\":\"https:\/\/blog.webex.com\/fr\/uncategorized-fr\/le-retour-au-bureau-vient-de-monter-dun-cran-en-ingeniosite\/\"},\"author\":{\"name\":\"Espen L\u00f8berg\",\"@id\":\"https:\/\/blog.webex.com\/es\/#\/schema\/person\/0350f9351b2c51b88b8943fcc3e0d1ca\"},\"headline\":\"Le retour au bureau vient de monter d\u2019un cran en ing\u00e9niosit\u00e9\u00a0!\",\"datePublished\":\"2021-02-08T19:46:07+00:00\",\"dateModified\":\"2024-09-18T06:37:14+00:00\",\"mainEntityOfPage\":{\"@id\":\"https:\/\/blog.webex.com\/fr\/uncategorized-fr\/le-retour-au-bureau-vient-de-monter-dun-cran-en-ingeniosite\/\"},\"wordCount\":693,\"commentCount\":0,\"image\":{\"@id\":\"https:\/\/blog.webex.com\/fr\/uncategorized-fr\/le-retour-au-bureau-vient-de-monter-dun-cran-en-ingeniosite\/#primaryimage\"},\"thumbnailUrl\":\"https:\/\/blog.webex.com\/wp-content\/uploads\/2021\/02\/Espen_Blog-1-1.png\",\"keywords\":[\"Collaboration Tools\",\"outils de collaboration\",\"solutions pour salles de conf\u00e9rence\",\"travail hybride\"],\"articleSection\":[\"Collaboration\",\"Espaces de travail\"],\"inLanguage\":\"fr-FR\",\"potentialAction\":[{\"@type\":\"CommentAction\",\"name\":\"Comment\",\"target\":[\"https:\/\/blog.webex.com\/fr\/uncategorized-fr\/le-retour-au-bureau-vient-de-monter-dun-cran-en-ingeniosite\/#respond\"]}]},{\"@type\":\"WebPage\",\"@id\":\"https:\/\/blog.webex.com\/fr\/uncategorized-fr\/le-retour-au-bureau-vient-de-monter-dun-cran-en-ingeniosite\/\",\"url\":\"https:\/\/blog.webex.com\/fr\/uncategorized-fr\/le-retour-au-bureau-vient-de-monter-dun-cran-en-ingeniosite\/\",\"name\":\"Le retour au bureau vient de monter d\u2019un cran en ing\u00e9niosit\u00e9\u00a0! | Webex Blog\",\"isPartOf\":{\"@id\":\"https:\/\/blog.webex.com\/es\/#website\"},\"primaryImageOfPage\":{\"@id\":\"https:\/\/blog.webex.com\/fr\/uncategorized-fr\/le-retour-au-bureau-vient-de-monter-dun-cran-en-ingeniosite\/#primaryimage\"},\"image\":{\"@id\":\"https:\/\/blog.webex.com\/fr\/uncategorized-fr\/le-retour-au-bureau-vient-de-monter-dun-cran-en-ingeniosite\/#primaryimage\"},\"thumbnailUrl\":\"https:\/\/blog.webex.com\/wp-content\/uploads\/2021\/02\/Espen_Blog-1-1.png\",\"datePublished\":\"2021-02-08T19:46:07+00:00\",\"dateModified\":\"2024-09-18T06:37:14+00:00\",\"author\":{\"@id\":\"https:\/\/blog.webex.com\/es\/#\/schema\/person\/0350f9351b2c51b88b8943fcc3e0d1ca\"},\"breadcrumb\":{\"@id\":\"https:\/\/blog.webex.com\/fr\/uncategorized-fr\/le-retour-au-bureau-vient-de-monter-dun-cran-en-ingeniosite\/#breadcrumb\"},\"inLanguage\":\"fr-FR\",\"potentialAction\":[{\"@type\":\"ReadAction\",\"target\":[\"https:\/\/blog.webex.com\/fr\/uncategorized-fr\/le-retour-au-bureau-vient-de-monter-dun-cran-en-ingeniosite\/\"]}]},{\"@type\":\"ImageObject\",\"inLanguage\":\"fr-FR\",\"@id\":\"https:\/\/blog.webex.com\/fr\/uncategorized-fr\/le-retour-au-bureau-vient-de-monter-dun-cran-en-ingeniosite\/#primaryimage\",\"url\":\"https:\/\/blog.webex.com\/wp-content\/uploads\/2021\/02\/Espen_Blog-1-1.png\",\"contentUrl\":\"https:\/\/blog.webex.com\/wp-content\/uploads\/2021\/02\/Espen_Blog-1-1.png\",\"width\":770,\"height\":533},{\"@type\":\"BreadcrumbList\",\"@id\":\"https:\/\/blog.webex.com\/fr\/uncategorized-fr\/le-retour-au-bureau-vient-de-monter-dun-cran-en-ingeniosite\/#breadcrumb\",\"itemListElement\":[{\"@type\":\"ListItem\",\"position\":1,\"name\":\"Home\",\"item\":\"https:\/\/blog.webex.com\/fr\/\"},{\"@type\":\"ListItem\",\"position\":2,\"name\":\"Le retour au bureau vient de monter d\u2019un cran en ing\u00e9niosit\u00e9\u00a0!\"}]},{\"@type\":\"WebSite\",\"@id\":\"https:\/\/blog.webex.com\/es\/#website\",\"url\":\"https:\/\/blog.webex.com\/es\/\",\"name\":\"Webex Blog\",\"description\":\"Webex by Cisco powers collaboration through industry-leading video conferencing, cloud calling and contact center solutions\",\"potentialAction\":[{\"@type\":\"SearchAction\",\"target\":{\"@type\":\"EntryPoint\",\"urlTemplate\":\"https:\/\/blog.webex.com\/es\/?s={search_term_string}\"},\"query-input\":{\"@type\":\"PropertyValueSpecification\",\"valueRequired\":true,\"valueName\":\"search_term_string\"}}],\"inLanguage\":\"fr-FR\"},{\"@type\":\"Person\",\"@id\":\"https:\/\/blog.webex.com\/es\/#\/schema\/person\/0350f9351b2c51b88b8943fcc3e0d1ca\",\"name\":\"Espen L\u00f8berg\",\"image\":{\"@type\":\"ImageObject\",\"inLanguage\":\"fr-FR\",\"@id\":\"https:\/\/blog.webex.com\/es\/#\/schema\/person\/image\/\",\"url\":\"https:\/\/secure.gravatar.com\/avatar\/b37571e61be7686c53d3160950e41fbe76a49619258a711752fcdda9f6c4742d?s=96&d=wp_user_avatar&r=g\",\"contentUrl\":\"https:\/\/secure.gravatar.com\/avatar\/b37571e61be7686c53d3160950e41fbe76a49619258a711752fcdda9f6c4742d?s=96&d=wp_user_avatar&r=g\",\"caption\":\"Espen L\u00f8berg\"},\"description\":\"Espen L\u00f8berg is the Vice President and General Manager of the Collaboration Devices business at Cisco. Since joining Cisco through the acquisition of Tandberg in 2010, Espen has played a key role in transforming Cisco\u2019s conferencing and collaboration solutions to meet the demands of a rapidly evolving workplace. Today, Espen leads a global team responsible for the end-to-end strategy, development, and delivery of Cisco\u2019s industry-leading collaboration devices and software. His portfolio includes innovative video conferencing systems, desk devices, and intelligent peripherals that empower organizations to connect and collaborate seamlessly\u2014whether in the office or working remotely. Espen is known for driving bold innovation. Under his leadership, Cisco\u2019s devices have set new standards in AI-powered meeting experiences, security, and sustainability, helping millions of users adapt to hybrid work, including the launch of the award-winning Cisco Desk Pro which redefined the hybrid workspace experience for thousands of global enterprises. He champions close collaboration across engineering, design, and customer experience teams to ensure each solution is intuitive, future-ready, and impactful. A strong advocate for technology\u2019s role in shaping modern work culture, he believes in designing solutions that anticipate tomorrow\u2019s needs. Espen holds a Master of Science degree from the Norwegian University of Science and Technology and is based in Oslo. Outside the office, he enjoys hiking and cooking with his family\u2014passions that reflect his belief in the value of connection, both in work and life.\",\"sameAs\":[\"https:\/\/www.linkedin.com\/in\/espenloberg\/\",\"https:\/\/x.com\/https:\/\/mobile.twitter.com\/eloberg\"],\"url\":\"https:\/\/blog.webex.com\/fr\/contributors\/espenloberg\/\"}]}<\/script>\n<!-- \/ Yoast SEO plugin. -->","yoast_head_json":{"title":"Le retour au bureau vient de monter d\u2019un cran en ing\u00e9niosit\u00e9\u00a0! | Webex Blog","robots":{"index":"index","follow":"follow","max-snippet":"max-snippet:-1","max-image-preview":"max-image-preview:large","max-video-preview":"max-video-preview:-1"},"canonical":"https:\/\/blog.webex.com\/fr\/uncategorized-fr\/le-retour-au-bureau-vient-de-monter-dun-cran-en-ingeniosite\/","og_locale":"fr_FR","og_type":"article","og_title":"Le retour au bureau vient de monter d\u2019un cran en ing\u00e9niosit\u00e9\u00a0! | Webex Blog","og_description":"Nous sommes heureux de vous annoncer que la gestion des espaces est facilit\u00e9e par l\u2019analyse de l\u2019historique de Webex dans Control Hub.","og_url":"https:\/\/blog.webex.com\/fr\/uncategorized-fr\/le-retour-au-bureau-vient-de-monter-dun-cran-en-ingeniosite\/","og_site_name":"Webex Blog","article_published_time":"2021-02-08T19:46:07+00:00","article_modified_time":"2024-09-18T06:37:14+00:00","og_image":[{"width":770,"height":533,"url":"https:\/\/blog.webex.com\/wp-content\/uploads\/2021\/02\/Espen_Blog-1-1.png","type":"image\/png"}],"author":"Espen L\u00f8berg","twitter_misc":{"\u00c9crit par":"Espen L\u00f8berg","Dur\u00e9e de lecture estim\u00e9e":"3 minutes"},"schema":{"@context":"https:\/\/schema.org","@graph":[{"@type":"Article","@id":"https:\/\/blog.webex.com\/fr\/uncategorized-fr\/le-retour-au-bureau-vient-de-monter-dun-cran-en-ingeniosite\/#article","isPartOf":{"@id":"https:\/\/blog.webex.com\/fr\/uncategorized-fr\/le-retour-au-bureau-vient-de-monter-dun-cran-en-ingeniosite\/"},"author":{"name":"Espen L\u00f8berg","@id":"https:\/\/blog.webex.com\/es\/#\/schema\/person\/0350f9351b2c51b88b8943fcc3e0d1ca"},"headline":"Le retour au bureau vient de monter d\u2019un cran en ing\u00e9niosit\u00e9\u00a0!","datePublished":"2021-02-08T19:46:07+00:00","dateModified":"2024-09-18T06:37:14+00:00","mainEntityOfPage":{"@id":"https:\/\/blog.webex.com\/fr\/uncategorized-fr\/le-retour-au-bureau-vient-de-monter-dun-cran-en-ingeniosite\/"},"wordCount":693,"commentCount":0,"image":{"@id":"https:\/\/blog.webex.com\/fr\/uncategorized-fr\/le-retour-au-bureau-vient-de-monter-dun-cran-en-ingeniosite\/#primaryimage"},"thumbnailUrl":"https:\/\/blog.webex.com\/wp-content\/uploads\/2021\/02\/Espen_Blog-1-1.png","keywords":["Collaboration Tools","outils de collaboration","solutions pour salles de conf\u00e9rence","travail hybride"],"articleSection":["Collaboration","Espaces de travail"],"inLanguage":"fr-FR","potentialAction":[{"@type":"CommentAction","name":"Comment","target":["https:\/\/blog.webex.com\/fr\/uncategorized-fr\/le-retour-au-bureau-vient-de-monter-dun-cran-en-ingeniosite\/#respond"]}]},{"@type":"WebPage","@id":"https:\/\/blog.webex.com\/fr\/uncategorized-fr\/le-retour-au-bureau-vient-de-monter-dun-cran-en-ingeniosite\/","url":"https:\/\/blog.webex.com\/fr\/uncategorized-fr\/le-retour-au-bureau-vient-de-monter-dun-cran-en-ingeniosite\/","name":"Le retour au bureau vient de monter d\u2019un cran en ing\u00e9niosit\u00e9\u00a0! | Webex Blog","isPartOf":{"@id":"https:\/\/blog.webex.com\/es\/#website"},"primaryImageOfPage":{"@id":"https:\/\/blog.webex.com\/fr\/uncategorized-fr\/le-retour-au-bureau-vient-de-monter-dun-cran-en-ingeniosite\/#primaryimage"},"image":{"@id":"https:\/\/blog.webex.com\/fr\/uncategorized-fr\/le-retour-au-bureau-vient-de-monter-dun-cran-en-ingeniosite\/#primaryimage"},"thumbnailUrl":"https:\/\/blog.webex.com\/wp-content\/uploads\/2021\/02\/Espen_Blog-1-1.png","datePublished":"2021-02-08T19:46:07+00:00","dateModified":"2024-09-18T06:37:14+00:00","author":{"@id":"https:\/\/blog.webex.com\/es\/#\/schema\/person\/0350f9351b2c51b88b8943fcc3e0d1ca"},"breadcrumb":{"@id":"https:\/\/blog.webex.com\/fr\/uncategorized-fr\/le-retour-au-bureau-vient-de-monter-dun-cran-en-ingeniosite\/#breadcrumb"},"inLanguage":"fr-FR","potentialAction":[{"@type":"ReadAction","target":["https:\/\/blog.webex.com\/fr\/uncategorized-fr\/le-retour-au-bureau-vient-de-monter-dun-cran-en-ingeniosite\/"]}]},{"@type":"ImageObject","inLanguage":"fr-FR","@id":"https:\/\/blog.webex.com\/fr\/uncategorized-fr\/le-retour-au-bureau-vient-de-monter-dun-cran-en-ingeniosite\/#primaryimage","url":"https:\/\/blog.webex.com\/wp-content\/uploads\/2021\/02\/Espen_Blog-1-1.png","contentUrl":"https:\/\/blog.webex.com\/wp-content\/uploads\/2021\/02\/Espen_Blog-1-1.png","width":770,"height":533},{"@type":"BreadcrumbList","@id":"https:\/\/blog.webex.com\/fr\/uncategorized-fr\/le-retour-au-bureau-vient-de-monter-dun-cran-en-ingeniosite\/#breadcrumb","itemListElement":[{"@type":"ListItem","position":1,"name":"Home","item":"https:\/\/blog.webex.com\/fr\/"},{"@type":"ListItem","position":2,"name":"Le retour au bureau vient de monter d\u2019un cran en ing\u00e9niosit\u00e9\u00a0!"}]},{"@type":"WebSite","@id":"https:\/\/blog.webex.com\/es\/#website","url":"https:\/\/blog.webex.com\/es\/","name":"Webex Blog","description":"Webex by Cisco powers collaboration through industry-leading video conferencing, cloud calling and contact center solutions","potentialAction":[{"@type":"SearchAction","target":{"@type":"EntryPoint","urlTemplate":"https:\/\/blog.webex.com\/es\/?s={search_term_string}"},"query-input":{"@type":"PropertyValueSpecification","valueRequired":true,"valueName":"search_term_string"}}],"inLanguage":"fr-FR"},{"@type":"Person","@id":"https:\/\/blog.webex.com\/es\/#\/schema\/person\/0350f9351b2c51b88b8943fcc3e0d1ca","name":"Espen L\u00f8berg","image":{"@type":"ImageObject","inLanguage":"fr-FR","@id":"https:\/\/blog.webex.com\/es\/#\/schema\/person\/image\/","url":"https:\/\/secure.gravatar.com\/avatar\/b37571e61be7686c53d3160950e41fbe76a49619258a711752fcdda9f6c4742d?s=96&d=wp_user_avatar&r=g","contentUrl":"https:\/\/secure.gravatar.com\/avatar\/b37571e61be7686c53d3160950e41fbe76a49619258a711752fcdda9f6c4742d?s=96&d=wp_user_avatar&r=g","caption":"Espen L\u00f8berg"},"description":"Espen L\u00f8berg is the Vice President and General Manager of the Collaboration Devices business at Cisco. Since joining Cisco through the acquisition of Tandberg in 2010, Espen has played a key role in transforming Cisco\u2019s conferencing and collaboration solutions to meet the demands of a rapidly evolving workplace. Today, Espen leads a global team responsible for the end-to-end strategy, development, and delivery of Cisco\u2019s industry-leading collaboration devices and software. His portfolio includes innovative video conferencing systems, desk devices, and intelligent peripherals that empower organizations to connect and collaborate seamlessly\u2014whether in the office or working remotely. Espen is known for driving bold innovation. Under his leadership, Cisco\u2019s devices have set new standards in AI-powered meeting experiences, security, and sustainability, helping millions of users adapt to hybrid work, including the launch of the award-winning Cisco Desk Pro which redefined the hybrid workspace experience for thousands of global enterprises. He champions close collaboration across engineering, design, and customer experience teams to ensure each solution is intuitive, future-ready, and impactful. A strong advocate for technology\u2019s role in shaping modern work culture, he believes in designing solutions that anticipate tomorrow\u2019s needs. Espen holds a Master of Science degree from the Norwegian University of Science and Technology and is based in Oslo. Outside the office, he enjoys hiking and cooking with his family\u2014passions that reflect his belief in the value of connection, both in work and life.","sameAs":["https:\/\/www.linkedin.com\/in\/espenloberg\/","https:\/\/x.com\/https:\/\/mobile.twitter.com\/eloberg"],"url":"https:\/\/blog.webex.com\/fr\/contributors\/espenloberg\/"}]}},"_links":{"self":[{"href":"https:\/\/blog.webex.com\/fr\/wp-json\/wp\/v2\/posts\/382971","targetHints":{"allow":["GET"]}}],"collection":[{"href":"https:\/\/blog.webex.com\/fr\/wp-json\/wp\/v2\/posts"}],"about":[{"href":"https:\/\/blog.webex.com\/fr\/wp-json\/wp\/v2\/types\/post"}],"author":[{"embeddable":true,"href":"https:\/\/blog.webex.com\/fr\/wp-json\/wp\/v2\/users\/5493"}],"replies":[{"embeddable":true,"href":"https:\/\/blog.webex.com\/fr\/wp-json\/wp\/v2\/comments?post=382971"}],"version-history":[{"count":0,"href":"https:\/\/blog.webex.com\/fr\/wp-json\/wp\/v2\/posts\/382971\/revisions"}],"wp:featuredmedia":[{"embeddable":true,"href":"https:\/\/blog.webex.com\/fr\/wp-json\/wp\/v2\/media\/382972"}],"wp:attachment":[{"href":"https:\/\/blog.webex.com\/fr\/wp-json\/wp\/v2\/media?parent=382971"}],"wp:term":[{"taxonomy":"category","embeddable":true,"href":"https:\/\/blog.webex.com\/fr\/wp-json\/wp\/v2\/categories?post=382971"},{"taxonomy":"post_tag","embeddable":true,"href":"https:\/\/blog.webex.com\/fr\/wp-json\/wp\/v2\/tags?post=382971"}],"curies":[{"name":"wp","href":"https:\/\/api.w.org\/{rel}","templated":true}]}}