{"id":383606,"date":"2020-06-11T10:59:34","date_gmt":"2020-06-11T17:59:34","guid":{"rendered":"https:\/\/blog.webex.com\/uncategorized-fr\/comment-notre-conference-a-ete-en-ligne-avec-webex\/"},"modified":"2020-06-11T10:59:34","modified_gmt":"2020-06-11T17:59:34","slug":"comment-notre-conference-a-ete-en-ligne-avec-webex","status":"publish","type":"post","link":"https:\/\/blog.webex.com\/fr\/collaboration-fr\/visioconferences\/comment-notre-conference-a-ete-en-ligne-avec-webex\/","title":{"rendered":"Comment notre conf\u00e9rence a \u00e9t\u00e9 en ligne avec Webex"},"content":{"rendered":"<h2><span><br \/>\n  <strong>VirtualIsation AtlanTec de la technologie avec Webex<\/strong><br \/>\n<\/span><\/h2>\n<p>Que se passe-t-il lorsque vous et votre \u00e9quipe mettez votre temps personnel dans la planification d\u2019une conf\u00e9rence it annuelle et qu\u2019une crise globale de sant\u00e9 vous force \u00e0 repenser radicalement la forme et le format de votre \u00e9v\u00e9nement ? Vous vous tournez vers Webex, bien s\u00fbr !<\/p>\n<p><img loading=\"lazy\" decoding=\"async\" class=\"alignright wp-image-326491\" src=\"https:\/\/storage.googleapis.com\/blogs-images\/ciscoblogs\/1\/2020\/06\/IMG_79491-768x1341.jpg\" sizes=\"auto, (max-width: 768px) 100vw, 768px\" srcset=\"https:\/\/storage.googleapis.com\/blogs-images\/ciscoblogs\/1\/2020\/06\/IMG_79491-172x300.jpg 172w, https:\/\/storage.googleapis.com\/blogs-images\/ciscoblogs\/1\/2020\/06\/IMG_79491-587x1024.jpg 587w, https:\/\/storage.googleapis.com\/blogs-images\/ciscoblogs\/1\/2020\/06\/IMG_79491-768x1341.jpg 768w\" alt=\"Comment notre conf\u00e9rence a \u00e9t\u00e9 en ligne avec Webex\" width=\"300\" height=\"524\" \/><\/p>\n<p>En 2015, j\u2019ai co-fond\u00e9 AtlanTec, une conf\u00e9rence situ\u00e9e au bord de l\u2019oc\u00e9an Atlantique dans Galway City, Irlande. Situ\u00e9e au bas de la baie De Galway, la ville compte une ville qui d\u00e9bute avec un long historique de baies et une forte communaut\u00e9 IT de d\u00e9marrage. Notre vision d\u2019AtlanTec \u00e9tait de pr\u00e9senter le vaste groupe de talents situ\u00e9 dans l\u2019ouest de l\u2019Irlande et de r\u00e9unir de grands avis dans les communaut\u00e9s informatiques et technologiques.<\/p>\n<p>Alors que la conf\u00e9rence est entr\u00e9e dans sa 6\u00e8me ann\u00e9e, notre comit\u00e9 a repris fin 2019 et a commenc\u00e9 \u00e0 travailler sur l\u2019ordre du jour de la ligne 2020, qui promett d\u2019\u00eatre plus grande que jamais. Alors que la escalade de la s\u00e9curit\u00e9 globale de la sant\u00e9 s\u2019est envenim\u00e9e, nous avons rapidement d\u00e9cid\u00e9 de passer de la conf\u00e9rence \u00e0 une s\u00e9rie d\u2019\u00e9v\u00e9nements virtuels sur Webex, ce qui lui offrirait une excellente opportunit\u00e9 de prendre en charge la conf\u00e9rence et de continuer tous ses \u00e9v\u00e9nements virtuels.<\/p>\n<h2><span><br \/>\n  <strong>Avantages d\u2019organiser un \u00e9v\u00e9nement virtuel\u00a0<\/strong><br \/>\n<\/span><\/h2>\n<p>Nous avons rapidement spun\u00e9 un nouveau site Webex et nos invitations ont \u00e9t\u00e9 re-en forme pour les invit\u00e9s qui s\u2019inscrivent aux \u00e9v\u00e9nements virtuels. L\u2019organisation de l\u2019\u00e9v\u00e9nement en ligne nous a permis de r\u00e9duire notre temps d\u2019incrustation afin que la conf\u00e9rence soit un \u00e9v\u00e9nement gratuit pour tous les participants, alors que nous \u00e9tendons notre r\u00e9put\u00e9 \u00ab c\u00e9ad medle f\u00e0ilte \u00bb (Un centaines de milliers de bienvenue) aux invit\u00e9s qui nous rejoignent depuis l\u2019Australie, les \u00c9tats-Unis, le Royaume-Uni, le Kenya, l\u2019Espagne, l\u2019Inde et, bien entendu, tout l\u2019Irlande. Nous n\u2019avons simplement pas eu la possibilit\u00e9 de joindre ces personnes sans la puissance de Webex.<\/p>\n<h2><span><br \/>\n  <strong>L\u2019application de l\u2019IA dans la technologie de collaboration<\/strong><br \/>\n<\/span><\/h2>\n<p>J\u2019ai ouvert la conf\u00e9rence avec notre propre leader de site Distinguished Engineer et Cisco Galway, qui a parl\u00e9 de la fa\u00e7on dont Cisco fait \u00e9voluer l\u2019IA dans le paysage de <a href=\"https:\/\/ie.linkedin.com\/in\/keith-griffin-543b7b\"><\/a> collaboration.<\/p>\n<h2><span><br \/>\n  <strong>Sessions et animateurs vari\u00e9es<\/strong><br \/>\n<\/span><\/h2>\n<p>Les sujets pr\u00e9sent\u00e9s tout au long de la conf\u00e9rence \u00e9taient divers avec des sessions telles que \u00ab Cr\u00e9er une culture de la science des donn\u00e9es \u00bb et \u00ab Comment une force de police ressonnait les nouvelles ondes du secteur financier du commerce \u00e9lectronique \u00bb mais nous avons aussi pu utiliser Webex pour donner une voix aux d\u00e9marrages informatiques dans notre communaut\u00e9. Nous avons invit\u00e9 des intervenants \u00e0 parler de la fa\u00e7on de diriger les \u00e9quipes \u00e0 distance et de la meilleure fa\u00e7on de r\u00e9pondre aux nouveaux d\u00e9fis qui se pr\u00e9sentent lorsque nous travaillons \u00e0 l\u2019absence de nos bureaux. Nos animateurs ont parl\u00e9 de la fa\u00e7on d\u2019impliquer et d\u2019apporter votre personnalit\u00e9 aux r\u00e9unions en ayant allum\u00e9 votre cam\u00e9ra et en voyant vos amis et vos coll\u00e8gues en haute d\u00e9finition gr\u00e2ce \u00e0 l\u2019affichage en grille 5&#215;5 sur Webex.<\/p>\n<p>Au total, nous avons vu plus de 5 000 inscriptions pour une s\u00e9rie de 30 \u00e9v\u00e9nements organis\u00e9s tout au long de la semaine, y compris notre atlanTec quiz avec Webex, offrant \u00e9galement la possibilit\u00e9 d\u2019enregistrer sans probl\u00e8me tous nos \u00e9v\u00e9nements, permettant ainsi aux personnes qui n\u2019auront pas pu rejoindre les \u00e9v\u00e9nements en direct plus tard.<\/p>\n<h2><span><br \/>\n  <strong>Fonctionnalit\u00e9s interactives de Webex<\/strong><br \/>\n<\/span><\/h2>\n<p>Nous avons re\u00e7u des commentaires de participants qui ont appr\u00e9ci\u00e9 les capacit\u00e9s interactives de Webex. Pour moi, il a \u00e9t\u00e9 tr\u00e8s r\u00e9compens\u00e9 de voir le niveau d\u2019engagement augmenter au cours de ces sessions Webex car les participants ont utilis\u00e9 le service de messagerie instantan\u00e9e Webex pour poser davantage de questions aux animateurs depuis le confort de leur propre domicile.<\/p>\n<p>La pr\u00e9sentation de Webex \u00e0 la conf\u00e9rence AtlanTec changera la fa\u00e7on dont nous allons aborder les prochains jours de conf\u00e9rence, nous permettant de diffuser des futures sessions \u00e0 des participants qui ne peuvent pas \u00eatre pr\u00e9sents sur la journ\u00e9e mais qui souhaitent vivre notre sens de la communaut\u00e9 en ligne.<\/p>\n<h2><span><br \/>\n  <strong>R\u00e9flexions finales<\/strong><br \/>\n<\/span><\/h2>\n<p>En fin de compte, AtlanTec a toujours eu le sens de la communaut\u00e9 et des r\u00e9unions des id\u00e9es chaque ann\u00e9e dans Galway.\u00a0 C&rsquo;\u2019\u00e9tait un privil\u00e8ge de combiner ma vie professionnelle en tant que chef de produit\u00a0 Webex avec ma passion pour cette conf\u00e9rence. Nous avons \u00e9t\u00e9 ravis de voir cette conf\u00e9rence se poursuivre en 2020, car nous avons mis \u00e0 profit la puissance de Webex pour r\u00e9unir tout le monde \u2013 en particulier parce que nous avons plus besoin que jamais de la communaut\u00e9. Consultez AtlanTec (www.AtlanTec.ie ), et nous vous verrez peut-\u00eatre dans Galway l\u2019ann\u00e9e prochaine \u2014 ou m\u00eame \u00e0<a href=\"https:\/\/atlantec.ie\/\"><\/a>distance, via Webex !<\/p>\n<blockquote>\n<h2><strong>D\u00e9couvrez comment Webex peut transformer votre \u00e9v\u00e9nement \u2014 lancez-vous avec <a href=\"https:\/\/cart.webex.com\/sign-up-webex?utm_source=WDCBlog&#038;utm_medium=OwnedContent&#038;utm_campaign=WW__\">un forfait gratuit Cisco Webex forfait<\/a><\/strong><strong> d\u00e8s aujourd\u2019hui !<\/strong><\/h2>\n<\/blockquote>\n<p>\u00a0<\/p>\n<hr \/>\n<p><strong>En savoir plus<\/strong><\/p>\n<p><a href=\"https:\/\/blogs.cisco.com\/collaboration\/planning-your-large-virtual-event-webex-meetings-adds-streaming-support-for-youtube-twitter-linkedin-facebook-for-workplace-and-more\">Planifier votre grand \u00e9v\u00e9nement virtuel ? Webex Meetings la prise en charge de la diffusion pour YouTube, Twitter, LinkedIn, Facebook + En savoir plus&#8230;<\/a><\/p>\n<p><a href=\"https:\/\/blogs.cisco.com\/collaboration\/how-webex-teams-delivered-workplace-transformation-at-cisco\">Comment Webex Teams une transformation du lieu de travail chez Cisco<\/a><\/p>\n<p><a href=\"https:\/\/blogs.cisco.com\/collaboration\/webex-teams-tips-tricks\">Webex Teams conseils &#038; astuces<\/a><\/p>\n<p><a href=\"https:\/\/blogs.cisco.com\/collaboration\/secure-and-compliant-collaboration-with-webex-teams\">Collaboration s\u00e9curis\u00e9e et conforme avec les Webex Teams<\/a><\/p>\n<p><a href=\"https:\/\/blogs.cisco.com\/collaboration\/webex-teams-seamless-fit\">Pourquoi l Webex Teams adapt\u00e9 \u00e0 tous les clients<\/a><\/p>\n<p>\u00a0<\/p>\n","protected":false},"excerpt":{"rendered":"<p>C\u2019\u00e9tait un privil\u00e8ge de combiner ma vie professionnelle en tant que chef de produit sur Webex avec ma passion pour cette conf\u00e9rence alors que nous avons mis \u00e0 profit la puissance de Webex pour r\u00e9unir tout le monde.<\/p>\n","protected":false},"author":5353,"featured_media":0,"comment_status":"open","ping_status":"open","sticky":false,"template":"","format":"standard","meta":{"inline_featured_image":false,"footnotes":""},"categories":[5253,1493],"tags":[3851,562],"class_list":["post-383606","post","type-post","status-publish","format-standard","hentry","category-collaboration-fr","category-visioconferences","tag-collaboration-solutions","tag-collaboration-tools"],"acf":[],"yoast_head":"<!-- This site is optimized with the Yoast SEO plugin v27.1.1 - https:\/\/yoast.com\/product\/yoast-seo-wordpress\/ -->\n<title>Comment notre conf\u00e9rence a \u00e9t\u00e9 en ligne avec Webex | Webex Blog<\/title>\n<meta name=\"robots\" content=\"index, follow, max-snippet:-1, max-image-preview:large, max-video-preview:-1\" \/>\n<link rel=\"canonical\" href=\"https:\/\/blog.webex.com\/collaboration\/video-conferencing\/how-our-conference-thrived-online-with-webex\/\" \/>\n<meta property=\"og:locale\" content=\"fr_FR\" \/>\n<meta property=\"og:type\" content=\"article\" \/>\n<meta property=\"og:title\" content=\"Comment notre conf\u00e9rence a \u00e9t\u00e9 en ligne avec Webex | Webex Blog\" \/>\n<meta property=\"og:description\" content=\"C\u2019\u00e9tait un privil\u00e8ge de combiner ma vie professionnelle en tant que chef de produit sur Webex avec ma passion pour cette conf\u00e9rence alors que nous avons mis \u00e0 profit la puissance de Webex pour r\u00e9unir tout le monde.\" \/>\n<meta property=\"og:url\" content=\"https:\/\/blog.webex.com\/collaboration\/video-conferencing\/how-our-conference-thrived-online-with-webex\/\" \/>\n<meta property=\"og:site_name\" content=\"Webex Blog\" \/>\n<meta property=\"article:published_time\" content=\"2020-06-11T17:59:34+00:00\" \/>\n<meta property=\"og:image\" content=\"https:\/\/storage.googleapis.com\/blogs-images\/ciscoblogs\/1\/2020\/06\/IMG_79491-768x1341.jpg\" \/>\n<meta name=\"author\" content=\"Patrick Eustace\" \/>\n<meta name=\"twitter:label1\" content=\"\u00c9crit par\" \/>\n\t<meta name=\"twitter:data1\" content=\"Patrick Eustace\" \/>\n\t<meta name=\"twitter:label2\" content=\"Dur\u00e9e de lecture estim\u00e9e\" \/>\n\t<meta name=\"twitter:data2\" content=\"5 minutes\" \/>\n<script type=\"application\/ld+json\" class=\"yoast-schema-graph\">{\"@context\":\"https:\/\/schema.org\",\"@graph\":[{\"@type\":\"Article\",\"@id\":\"https:\/\/blog.webex.com\/collaboration\/video-conferencing\/how-our-conference-thrived-online-with-webex\/#article\",\"isPartOf\":{\"@id\":\"https:\/\/blog.webex.com\/collaboration\/video-conferencing\/how-our-conference-thrived-online-with-webex\/\"},\"author\":{\"name\":\"Patrick Eustace\",\"@id\":\"https:\/\/blog.webex.com\/es\/#\/schema\/person\/c85a133cd71db8c29beae61b93028548\"},\"headline\":\"Comment notre conf\u00e9rence a \u00e9t\u00e9 en ligne avec Webex\",\"datePublished\":\"2020-06-11T17:59:34+00:00\",\"mainEntityOfPage\":{\"@id\":\"https:\/\/blog.webex.com\/collaboration\/video-conferencing\/how-our-conference-thrived-online-with-webex\/\"},\"wordCount\":952,\"commentCount\":0,\"image\":{\"@id\":\"https:\/\/blog.webex.com\/collaboration\/video-conferencing\/how-our-conference-thrived-online-with-webex\/#primaryimage\"},\"thumbnailUrl\":\"https:\/\/storage.googleapis.com\/blogs-images\/ciscoblogs\/1\/2020\/06\/IMG_79491-768x1341.jpg\",\"keywords\":[\"Collaboration Solutions\",\"Collaboration Tools\"],\"articleSection\":[\"Collaboration\",\"Visioconf\u00e9rences\"],\"inLanguage\":\"fr-FR\",\"potentialAction\":[{\"@type\":\"CommentAction\",\"name\":\"Comment\",\"target\":[\"https:\/\/blog.webex.com\/collaboration\/video-conferencing\/how-our-conference-thrived-online-with-webex\/#respond\"]}]},{\"@type\":\"WebPage\",\"@id\":\"https:\/\/blog.webex.com\/collaboration\/video-conferencing\/how-our-conference-thrived-online-with-webex\/\",\"url\":\"https:\/\/blog.webex.com\/collaboration\/video-conferencing\/how-our-conference-thrived-online-with-webex\/\",\"name\":\"Comment notre conf\u00e9rence a \u00e9t\u00e9 en ligne avec Webex | Webex Blog\",\"isPartOf\":{\"@id\":\"https:\/\/blog.webex.com\/es\/#website\"},\"primaryImageOfPage\":{\"@id\":\"https:\/\/blog.webex.com\/collaboration\/video-conferencing\/how-our-conference-thrived-online-with-webex\/#primaryimage\"},\"image\":{\"@id\":\"https:\/\/blog.webex.com\/collaboration\/video-conferencing\/how-our-conference-thrived-online-with-webex\/#primaryimage\"},\"thumbnailUrl\":\"https:\/\/storage.googleapis.com\/blogs-images\/ciscoblogs\/1\/2020\/06\/IMG_79491-768x1341.jpg\",\"datePublished\":\"2020-06-11T17:59:34+00:00\",\"author\":{\"@id\":\"https:\/\/blog.webex.com\/es\/#\/schema\/person\/c85a133cd71db8c29beae61b93028548\"},\"breadcrumb\":{\"@id\":\"https:\/\/blog.webex.com\/collaboration\/video-conferencing\/how-our-conference-thrived-online-with-webex\/#breadcrumb\"},\"inLanguage\":\"fr-FR\",\"potentialAction\":[{\"@type\":\"ReadAction\",\"target\":[\"https:\/\/blog.webex.com\/collaboration\/video-conferencing\/how-our-conference-thrived-online-with-webex\/\"]}]},{\"@type\":\"ImageObject\",\"inLanguage\":\"fr-FR\",\"@id\":\"https:\/\/blog.webex.com\/collaboration\/video-conferencing\/how-our-conference-thrived-online-with-webex\/#primaryimage\",\"url\":\"https:\/\/storage.googleapis.com\/blogs-images\/ciscoblogs\/1\/2020\/06\/IMG_79491-768x1341.jpg\",\"contentUrl\":\"https:\/\/storage.googleapis.com\/blogs-images\/ciscoblogs\/1\/2020\/06\/IMG_79491-768x1341.jpg\"},{\"@type\":\"BreadcrumbList\",\"@id\":\"https:\/\/blog.webex.com\/collaboration\/video-conferencing\/how-our-conference-thrived-online-with-webex\/#breadcrumb\",\"itemListElement\":[{\"@type\":\"ListItem\",\"position\":1,\"name\":\"Home\",\"item\":\"https:\/\/blog.webex.com\/fr\/\"},{\"@type\":\"ListItem\",\"position\":2,\"name\":\"Comment notre conf\u00e9rence a \u00e9t\u00e9 en ligne avec Webex\"}]},{\"@type\":\"WebSite\",\"@id\":\"https:\/\/blog.webex.com\/es\/#website\",\"url\":\"https:\/\/blog.webex.com\/es\/\",\"name\":\"Webex Blog\",\"description\":\"Webex by Cisco powers collaboration through industry-leading video conferencing, cloud calling and contact center solutions\",\"potentialAction\":[{\"@type\":\"SearchAction\",\"target\":{\"@type\":\"EntryPoint\",\"urlTemplate\":\"https:\/\/blog.webex.com\/es\/?s={search_term_string}\"},\"query-input\":{\"@type\":\"PropertyValueSpecification\",\"valueRequired\":true,\"valueName\":\"search_term_string\"}}],\"inLanguage\":\"fr-FR\"},{\"@type\":\"Person\",\"@id\":\"https:\/\/blog.webex.com\/es\/#\/schema\/person\/c85a133cd71db8c29beae61b93028548\",\"name\":\"Patrick Eustace\",\"image\":{\"@type\":\"ImageObject\",\"inLanguage\":\"fr-FR\",\"@id\":\"https:\/\/blog.webex.com\/es\/#\/schema\/person\/image\/\",\"url\":\"https:\/\/secure.gravatar.com\/avatar\/a02bada906ac126d4bb660cfd879703fa3d3092620b9a3fd2b3115413a276aca?s=96&d=wp_user_avatar&r=g\",\"contentUrl\":\"https:\/\/secure.gravatar.com\/avatar\/a02bada906ac126d4bb660cfd879703fa3d3092620b9a3fd2b3115413a276aca?s=96&d=wp_user_avatar&r=g\",\"caption\":\"Patrick Eustace\"},\"description\":\"Patrick is a Strategic Growth &amp; Go to Market Product Manager for the Cisco Webex Device portfolio, encompassing Desk Devices, Room Devices, Headsets, Phones and Cameras, with an emphasis on our Webex on Webex Gold Standard and Device open interop positioning. Passionate about customer experience, he joined Cisco in 2008 and holds over a decades Collaboration industry experience working across product, engineering, design, go to market and customer sales teams to drive our collaboration suite market adoption. Prior to his current role, he was lead Desktop PM for Jabber and Webex Teams, introducing Jabber Softphone for VDI (JVDI) to the portfolio and defining the VDI strategy. Patrick is a regular speaker at Cisco Live, Enterprise Connect and Partner, and was recognised by the customer and partner field as top collaboration speaker at a number of these sessions Patrick is co-founder of the AtlanTec Conference, the leading technology conference in the west of Ireland which during 2020 and 2021 was run exclusively on Webex and saw over 5,000 attendees join over a week of events. Patrick holds an honours degree in Computer Engineering from the University of Limerick, Ireland, an MBA from the Open University International Business School along with Project Management Professional (PMP) and High Impact Leadership certifications. Patrick is based out of the Cisco offices in Galway, Ireland. When not in the office, Patrick can be found spending time with his family and sea-swimming in the Atlantic ocean.\",\"sameAs\":[\"https:\/\/www.linkedin.com\/in\/patrickeustace1\/\",\"https:\/\/x.com\/https:\/\/twitter.com\/paeustace\"],\"url\":\"https:\/\/blog.webex.com\/fr\/contributors\/patrickeustace-2\/\"}]}<\/script>\n<!-- \/ Yoast SEO plugin. -->","yoast_head_json":{"title":"Comment notre conf\u00e9rence a \u00e9t\u00e9 en ligne avec Webex | Webex Blog","robots":{"index":"index","follow":"follow","max-snippet":"max-snippet:-1","max-image-preview":"max-image-preview:large","max-video-preview":"max-video-preview:-1"},"canonical":"https:\/\/blog.webex.com\/collaboration\/video-conferencing\/how-our-conference-thrived-online-with-webex\/","og_locale":"fr_FR","og_type":"article","og_title":"Comment notre conf\u00e9rence a \u00e9t\u00e9 en ligne avec Webex | Webex Blog","og_description":"C\u2019\u00e9tait un privil\u00e8ge de combiner ma vie professionnelle en tant que chef de produit sur Webex avec ma passion pour cette conf\u00e9rence alors que nous avons mis \u00e0 profit la puissance de Webex pour r\u00e9unir tout le monde.","og_url":"https:\/\/blog.webex.com\/collaboration\/video-conferencing\/how-our-conference-thrived-online-with-webex\/","og_site_name":"Webex Blog","article_published_time":"2020-06-11T17:59:34+00:00","og_image":[{"url":"https:\/\/storage.googleapis.com\/blogs-images\/ciscoblogs\/1\/2020\/06\/IMG_79491-768x1341.jpg","type":"","width":"","height":""}],"author":"Patrick Eustace","twitter_misc":{"\u00c9crit par":"Patrick Eustace","Dur\u00e9e de lecture estim\u00e9e":"5 minutes"},"schema":{"@context":"https:\/\/schema.org","@graph":[{"@type":"Article","@id":"https:\/\/blog.webex.com\/collaboration\/video-conferencing\/how-our-conference-thrived-online-with-webex\/#article","isPartOf":{"@id":"https:\/\/blog.webex.com\/collaboration\/video-conferencing\/how-our-conference-thrived-online-with-webex\/"},"author":{"name":"Patrick Eustace","@id":"https:\/\/blog.webex.com\/es\/#\/schema\/person\/c85a133cd71db8c29beae61b93028548"},"headline":"Comment notre conf\u00e9rence a \u00e9t\u00e9 en ligne avec Webex","datePublished":"2020-06-11T17:59:34+00:00","mainEntityOfPage":{"@id":"https:\/\/blog.webex.com\/collaboration\/video-conferencing\/how-our-conference-thrived-online-with-webex\/"},"wordCount":952,"commentCount":0,"image":{"@id":"https:\/\/blog.webex.com\/collaboration\/video-conferencing\/how-our-conference-thrived-online-with-webex\/#primaryimage"},"thumbnailUrl":"https:\/\/storage.googleapis.com\/blogs-images\/ciscoblogs\/1\/2020\/06\/IMG_79491-768x1341.jpg","keywords":["Collaboration Solutions","Collaboration Tools"],"articleSection":["Collaboration","Visioconf\u00e9rences"],"inLanguage":"fr-FR","potentialAction":[{"@type":"CommentAction","name":"Comment","target":["https:\/\/blog.webex.com\/collaboration\/video-conferencing\/how-our-conference-thrived-online-with-webex\/#respond"]}]},{"@type":"WebPage","@id":"https:\/\/blog.webex.com\/collaboration\/video-conferencing\/how-our-conference-thrived-online-with-webex\/","url":"https:\/\/blog.webex.com\/collaboration\/video-conferencing\/how-our-conference-thrived-online-with-webex\/","name":"Comment notre conf\u00e9rence a \u00e9t\u00e9 en ligne avec Webex | Webex Blog","isPartOf":{"@id":"https:\/\/blog.webex.com\/es\/#website"},"primaryImageOfPage":{"@id":"https:\/\/blog.webex.com\/collaboration\/video-conferencing\/how-our-conference-thrived-online-with-webex\/#primaryimage"},"image":{"@id":"https:\/\/blog.webex.com\/collaboration\/video-conferencing\/how-our-conference-thrived-online-with-webex\/#primaryimage"},"thumbnailUrl":"https:\/\/storage.googleapis.com\/blogs-images\/ciscoblogs\/1\/2020\/06\/IMG_79491-768x1341.jpg","datePublished":"2020-06-11T17:59:34+00:00","author":{"@id":"https:\/\/blog.webex.com\/es\/#\/schema\/person\/c85a133cd71db8c29beae61b93028548"},"breadcrumb":{"@id":"https:\/\/blog.webex.com\/collaboration\/video-conferencing\/how-our-conference-thrived-online-with-webex\/#breadcrumb"},"inLanguage":"fr-FR","potentialAction":[{"@type":"ReadAction","target":["https:\/\/blog.webex.com\/collaboration\/video-conferencing\/how-our-conference-thrived-online-with-webex\/"]}]},{"@type":"ImageObject","inLanguage":"fr-FR","@id":"https:\/\/blog.webex.com\/collaboration\/video-conferencing\/how-our-conference-thrived-online-with-webex\/#primaryimage","url":"https:\/\/storage.googleapis.com\/blogs-images\/ciscoblogs\/1\/2020\/06\/IMG_79491-768x1341.jpg","contentUrl":"https:\/\/storage.googleapis.com\/blogs-images\/ciscoblogs\/1\/2020\/06\/IMG_79491-768x1341.jpg"},{"@type":"BreadcrumbList","@id":"https:\/\/blog.webex.com\/collaboration\/video-conferencing\/how-our-conference-thrived-online-with-webex\/#breadcrumb","itemListElement":[{"@type":"ListItem","position":1,"name":"Home","item":"https:\/\/blog.webex.com\/fr\/"},{"@type":"ListItem","position":2,"name":"Comment notre conf\u00e9rence a \u00e9t\u00e9 en ligne avec Webex"}]},{"@type":"WebSite","@id":"https:\/\/blog.webex.com\/es\/#website","url":"https:\/\/blog.webex.com\/es\/","name":"Webex Blog","description":"Webex by Cisco powers collaboration through industry-leading video conferencing, cloud calling and contact center solutions","potentialAction":[{"@type":"SearchAction","target":{"@type":"EntryPoint","urlTemplate":"https:\/\/blog.webex.com\/es\/?s={search_term_string}"},"query-input":{"@type":"PropertyValueSpecification","valueRequired":true,"valueName":"search_term_string"}}],"inLanguage":"fr-FR"},{"@type":"Person","@id":"https:\/\/blog.webex.com\/es\/#\/schema\/person\/c85a133cd71db8c29beae61b93028548","name":"Patrick Eustace","image":{"@type":"ImageObject","inLanguage":"fr-FR","@id":"https:\/\/blog.webex.com\/es\/#\/schema\/person\/image\/","url":"https:\/\/secure.gravatar.com\/avatar\/a02bada906ac126d4bb660cfd879703fa3d3092620b9a3fd2b3115413a276aca?s=96&d=wp_user_avatar&r=g","contentUrl":"https:\/\/secure.gravatar.com\/avatar\/a02bada906ac126d4bb660cfd879703fa3d3092620b9a3fd2b3115413a276aca?s=96&d=wp_user_avatar&r=g","caption":"Patrick Eustace"},"description":"Patrick is a Strategic Growth &amp; Go to Market Product Manager for the Cisco Webex Device portfolio, encompassing Desk Devices, Room Devices, Headsets, Phones and Cameras, with an emphasis on our Webex on Webex Gold Standard and Device open interop positioning. Passionate about customer experience, he joined Cisco in 2008 and holds over a decades Collaboration industry experience working across product, engineering, design, go to market and customer sales teams to drive our collaboration suite market adoption. Prior to his current role, he was lead Desktop PM for Jabber and Webex Teams, introducing Jabber Softphone for VDI (JVDI) to the portfolio and defining the VDI strategy. Patrick is a regular speaker at Cisco Live, Enterprise Connect and Partner, and was recognised by the customer and partner field as top collaboration speaker at a number of these sessions Patrick is co-founder of the AtlanTec Conference, the leading technology conference in the west of Ireland which during 2020 and 2021 was run exclusively on Webex and saw over 5,000 attendees join over a week of events. Patrick holds an honours degree in Computer Engineering from the University of Limerick, Ireland, an MBA from the Open University International Business School along with Project Management Professional (PMP) and High Impact Leadership certifications. Patrick is based out of the Cisco offices in Galway, Ireland. When not in the office, Patrick can be found spending time with his family and sea-swimming in the Atlantic ocean.","sameAs":["https:\/\/www.linkedin.com\/in\/patrickeustace1\/","https:\/\/x.com\/https:\/\/twitter.com\/paeustace"],"url":"https:\/\/blog.webex.com\/fr\/contributors\/patrickeustace-2\/"}]}},"_links":{"self":[{"href":"https:\/\/blog.webex.com\/fr\/wp-json\/wp\/v2\/posts\/383606","targetHints":{"allow":["GET"]}}],"collection":[{"href":"https:\/\/blog.webex.com\/fr\/wp-json\/wp\/v2\/posts"}],"about":[{"href":"https:\/\/blog.webex.com\/fr\/wp-json\/wp\/v2\/types\/post"}],"author":[{"embeddable":true,"href":"https:\/\/blog.webex.com\/fr\/wp-json\/wp\/v2\/users\/5353"}],"replies":[{"embeddable":true,"href":"https:\/\/blog.webex.com\/fr\/wp-json\/wp\/v2\/comments?post=383606"}],"version-history":[{"count":0,"href":"https:\/\/blog.webex.com\/fr\/wp-json\/wp\/v2\/posts\/383606\/revisions"}],"wp:attachment":[{"href":"https:\/\/blog.webex.com\/fr\/wp-json\/wp\/v2\/media?parent=383606"}],"wp:term":[{"taxonomy":"category","embeddable":true,"href":"https:\/\/blog.webex.com\/fr\/wp-json\/wp\/v2\/categories?post=383606"},{"taxonomy":"post_tag","embeddable":true,"href":"https:\/\/blog.webex.com\/fr\/wp-json\/wp\/v2\/tags?post=383606"}],"curies":[{"name":"wp","href":"https:\/\/api.w.org\/{rel}","templated":true}]}}