{"id":390246,"date":"2022-03-07T11:00:04","date_gmt":"2022-03-07T19:00:04","guid":{"rendered":"https:\/\/blog.webex.com\/uncategorized-fr\/ce-que-webex-vous-reserve-au-salon-enterprise-connect-2022\/"},"modified":"2024-09-17T23:36:27","modified_gmt":"2024-09-18T06:36:27","slug":"ce-que-webex-vous-reserve-au-salon-enterprise-connect-2022","status":"publish","type":"post","link":"https:\/\/blog.webex.com\/fr\/uncategorized-fr\/ce-que-webex-vous-reserve-au-salon-enterprise-connect-2022\/","title":{"rendered":"Ce que Webex vous r\u00e9serve au salon Enterprise Connect\u00a02022"},"content":{"rendered":"<p>Nous sommes ravis de participer au salon Enterprise Connect\u00a02022 et il nous tarde d\u2019y voir un grand nombre d\u2019entre vous en personne. Notre secteur a connu une telle transformation depuis la derni\u00e8re fois que nous nous sommes rencontr\u00e9s\u00a0! L\u2019environnement de travail d\u2019aujourd\u2019hui exige des niveaux de flexibilit\u00e9 in\u00e9dits pour s\u2019adapter aux conditions en peine mutation, \u00e0 des effectifs dispers\u00e9s et \u00e0 des workflows qui impliquent votre organisation enti\u00e8re, vos clients et vos partenaires. Ce mois-ci, nous allons pr\u00e9senter la technologie Webex qui fa\u00e7onne cet avenir du travail hybride \u00e0 l\u2019occasion d\u2019<a href=\"https:\/\/www.enterpriseconnect.com\/orlando\" target=\"_blank\" rel=\"noopener\">Enterprise Connect<\/a>, le principal salon consacr\u00e9 \u00e0 la collaboration et aux communications d\u2019entreprise.<\/p>\n<h2><strong>O\u00f9 <\/strong><\/h2>\n<p>Gaylord Palms Resort &amp; Convention Center, stand 1906<\/p>\n<h2><strong>Quand <\/strong><\/h2>\n<p>Du 21 au 24\u00a0mars\u00a02022<\/p>\n<p>Les participants d\u00e9couvriront les toutes derni\u00e8res innovations Webex concernant des domaines tr\u00e8s divers\u00a0: appels cloud, r\u00e9unions, messageries, CPaaS d\u2019entreprise, centres de contact, \u00e9cosyst\u00e8me technologique, int\u00e9grations \u00e9troites, interop\u00e9rabilit\u00e9, intelligence artificielle, s\u00e9curit\u00e9, gestion du travail hybride et m\u00eame hologrammes. Ces solutions seront pr\u00e9sent\u00e9es dans divers endroits pendant le salon. Des interventions de dirigeants et d\u2019experts en technologie de Webex sont \u00e9galement pr\u00e9vues tout au long de l\u2019\u00e9v\u00e9nement.<\/p>\n<p><a href=\"https:\/\/blog.webex.com\/wp-content\/uploads\/2022\/03\/IMG_2824.jpeg\"><br \/>\n<img loading=\"lazy\" decoding=\"async\" class=\"aligncenter size-full wp-image-390056\" src=\"https:\/\/blog.webex.com\/wp-content\/uploads\/2022\/03\/IMG_2824.jpeg\" alt=\"Hybride\" width=\"2065\" height=\"887\" srcset=\"https:\/\/blog.webex.com\/wp-content\/uploads\/2022\/03\/IMG_2824.jpeg 980w, https:\/\/blog.webex.com\/wp-content\/uploads\/2022\/03\/IMG_2824-300x129.jpeg 300w, https:\/\/blog.webex.com\/wp-content\/uploads\/2022\/03\/IMG_2824-1024x440.jpeg 1024w, https:\/\/blog.webex.com\/wp-content\/uploads\/2022\/03\/IMG_2824-768x330.jpeg 768w, https:\/\/blog.webex.com\/wp-content\/uploads\/2022\/03\/IMG_2824-1536x660.jpeg 1536w, https:\/\/blog.webex.com\/wp-content\/uploads\/2022\/03\/IMG_2824-2048x880.jpeg 2048w\" sizes=\"auto, (max-width: 2065px) 100vw, 2065px\" \/><br \/>\n<\/a><\/p>\n<h2>Annonces d\u2019innovations Webex pour le travail hybride et les exp\u00e9riences client<\/h2>\n<p>Durant son intervention du 22\u00a0mars \u00e0 10\u00a0h\u00a045 EST, Javed Khan, SVP et directeur g\u00e9n\u00e9ral de l\u2019activit\u00e9 Collaboration de Cisco, annoncera les r\u00e9centes innovations Webex qui stimulent le travail hybride et les exp\u00e9riences client. D\u2019autres intervenants de Webex prendront part aux discussions suivantes\u00a0:<\/p>\n<ul>\n<li>Chris Rowen, VP Engineering de l\u2019activit\u00e9 IA pour la collaboration, Webex (21\u00a0mars, 9\u00a0h\u00a000 EST) &#8211; <a href=\"https:\/\/schedule.enterpriseconnect.com\/session\/video-2025-how-smart-how-good-and-how-common\/885011\" target=\"_blank\" rel=\"noopener\">Video 2025: How Smart, How Good, and How Common? (Vid\u00e9o 2025\u00a0: \u00e0 quel point sera-t-elle connect\u00e9e, efficace et r\u00e9pandue\u00a0?)<\/a><\/li>\n<li>Niraj Gopal, responsable Gestion de produit, Webex Platform (21\u00a0mars, 9\u00a0h\u00a000 EST) &#8211; <a href=\"https:\/\/schedule.enterpriseconnect.com\/session\/new-issues-in-team-collaboration-security\/884332\" target=\"_blank\" rel=\"noopener\">New Issues in Team Collaboration Security (Probl\u00e8mes de s\u00e9curit\u00e9 \u00e9mergents pour la collaboration des \u00e9quipes)<\/a><\/li>\n<li>Jason Copeland, VP Produit, Webex Platform (21\u00a0mars, 10\u00a0h\u00a015 EST) &#8211; <a href=\"https:\/\/schedule.enterpriseconnect.com\/session\/making-the-composable-enterprise-real\/884322\" target=\"_blank\" rel=\"noopener\">Making the Composable Enterprise Real (Concr\u00e9tiser l\u2019entreprise composable)<\/a><\/li>\n<li>Brad Bonin, VP Engineering des syst\u00e8mes (21\u00a0mars, 11\u00a0h\u00a015 EST) &#8211; <a href=\"https:\/\/schedule.enterpriseconnect.com\/session\/cloud-2025-how-communications-will-use-distributed-cloud-architectures\/884338\" target=\"_blank\" rel=\"noopener\">Cloud 2025: How Communications will Use Distributed Cloud Architectures (Cloud 2025\u00a0: comment les communications tireront parti des architectures cloud distribu\u00e9es)<\/a><\/li>\n<li>Abhay Kulkarni, SVP et directeur g\u00e9n\u00e9ral, Webex App, Cisco Collaboration (21\u00a0mars, 11\u00a0h\u00a015) &#8211; <a href=\"https:\/\/schedule.enterpriseconnect.com\/session\/video-conferencing-room-interoperability-what-are-the-paths-forward\/884315\" target=\"_blank\" rel=\"noopener\">Video Conferencing Room Interoperability: What Are the Paths Forward? (Interop\u00e9rabilit\u00e9 des salles de visioconf\u00e9rence\u00a0: quelles sont les voies \u00e0 suivre\u00a0?)<\/a><\/li>\n<li>Lorrissa Horton, VP et directrice g\u00e9n\u00e9rale, Webex Calling et Contact Center (21\u00a0mars, 13\u00a0h\u00a000 EST) &#8211; <a href=\"https:\/\/schedule.enterpriseconnect.com\/session\/opening-general-session-communications-collaboration-making-good-on-the-promise\/884339\" target=\"_blank\" rel=\"noopener\">Communications &amp; Collaboration: Making Good on the Promise? (Communications &amp; Collaboration\u00a0: promesses tenues\u00a0?)<\/a><\/li>\n<li>Logan Seger, directeur de compte, Socio, Webex (22\u00a0mars, 15\u00a0h\u00a000 EST) &#8211; <a href=\"https:\/\/schedule.enterpriseconnect.com\/session\/virtual-events-in-the-hybrid-world\/885010\" target=\"_blank\" rel=\"noopener\">Virtual Events in the Hybrid World (\u00c9v\u00e9nements virtuels dans l\u2019univers hybride)<\/a><\/li>\n<li>Kedar Ganta, directeur Global Growth Verticals, Groupe Collaboration (23\u00a0mars, 14\u00a0h\u00a000 EST) &#8211; <a href=\"https:\/\/schedule.enterpriseconnect.com\/session\/enabling-frontline-communications-whats-the-right-technology-approach\/884319\" target=\"_blank\" rel=\"noopener\">Enabling Frontline Communications: What\u2019s the Right Technology Approach? (D\u00e9velopper les communications en premi\u00e8re ligne\u00a0: quelle approche technologique\u00a0?)<\/a><\/li>\n<li>Tom Richards, directeur, Gestion de produits, Webex Devices (23\u00a0mars, 15\u00a0h\u00a000 EST) &#8211; <a href=\"https:\/\/schedule.enterpriseconnect.com\/session\/is-ideation-the-cure-for-lost-creativity\/885009\" target=\"_blank\" rel=\"noopener\">Is Ideation the Cure for Lost Creativity? (L\u2019id\u00e9ation, un rem\u00e8de pour la cr\u00e9ativit\u00e9 en berne\u00a0?)<\/a><\/li>\n<li>Elizabeth Bieniek, Fondatrice\/cofondatrice Internal Startup, Webex Hologram (24\u00a0mars, 9\u00a0h\u00a000 EST) &#8211; <a href=\"https:\/\/schedule.enterpriseconnect.com\/session\/the-reality-of-ar-in-the-enterprise\/885212\" target=\"_blank\" rel=\"noopener\">The Reality of AR in the Enterprise (La r\u00e9alit\u00e9 de la r\u00e9alit\u00e9 augment\u00e9e dans l\u2019entreprise)<\/a><\/li>\n<\/ul>\n<p>Venez d\u00e9couvrir en personne l\u2019avenir du travail hybride \u00e0 Orlando. Profitez d\u2019une remise de 500\u00a0$ sur un Conference Pass ou recevez gratuitement un Expo Plus Pass <a href=\"https:\/\/l.feathr.co\/enterprise-connect-2022-Cisco-Systems\" target=\"_blank\" rel=\"noopener\">en mentionnant le code CISCO<\/a> et <a href=\"https:\/\/cisco.jifflenow.com\/external-request\/ec2022boothtours\/meeting-request?token=e707fdd15020c2693987\" target=\"_blank\" rel=\"noopener\">programmez une visite guid\u00e9e<\/a> avec un expert des technologies Webex.<\/p>\n<blockquote><p>Les places partant vite, <a href=\"https:\/\/cisco.jifflenow.com\/external-request\/ec2022boothtours\/meeting-request?token=e707fdd15020c2693987\" target=\"_blank\" rel=\"noopener\">r\u00e9servez sans plus attendre<\/a>\u00a0!<\/p><\/blockquote>\n<p><strong>En savoir plus<\/strong><\/p>\n<p><a href=\"https:\/\/blog.webex.com\/fr\/gestion-des-evenements\/experiences-immersives-et-inclusives-le-coeur-de-webex-en-matiere-de-travail-hybride\/\">Exp\u00e9riences immersives et inclusives : le c\u0153ur de Webex en mati\u00e8re de travail hybride<\/a><\/p>\n<p><a href=\"https:\/\/blog.webex.com\/fr\/travail-hybride\/ameliorer-le-travail-et-les-experiences-des-clients-dans-un-monde-hybride\/\">Am\u00e9liorer le travail et les exp\u00e9riences des clients dans un monde hybride<\/a><\/p>\n<p><a href=\"https:\/\/blog.webex.com\/fr\/travail-hybride\/innovations-recentes-de-webex-un-design-accessible-genere-une-experience-de-collaboration-plus-inclusive\/\">Innovations r\u00e9centes de Webex\u00a0: un design accessible g\u00e9n\u00e8re une exp\u00e9rience de collaboration plus inclusive<\/a><\/p>\n","protected":false},"excerpt":{"rendered":"<p>Nous sommes ravis de participer au salon Enterprise Connect\u00a02022 et il nous tarde d\u2019y voir un grand nombre d\u2019entre vous [&hellip;]<\/p>\n","protected":false},"author":1,"featured_media":390049,"comment_status":"closed","ping_status":"open","sticky":false,"template":"","format":"standard","meta":{"inline_featured_image":false,"footnotes":""},"categories":[5253,2770],"tags":[2393],"class_list":["post-390246","post","type-post","status-publish","format-standard","has-post-thumbnail","hentry","category-collaboration-fr","category-uncategorized-fr","tag-travail-hybride"],"acf":[],"yoast_head":"<!-- This site is optimized with the Yoast SEO plugin v27.1.1 - https:\/\/yoast.com\/product\/yoast-seo-wordpress\/ -->\n<title>Ce que Webex vous r\u00e9serve au salon Enterprise Connect\u00a02022 | Webex Blog<\/title>\n<meta name=\"robots\" content=\"index, follow, max-snippet:-1, max-image-preview:large, max-video-preview:-1\" \/>\n<link rel=\"canonical\" href=\"https:\/\/blog.webex.com\/fr\/uncategorized-fr\/ce-que-webex-vous-reserve-au-salon-enterprise-connect-2022\/\" \/>\n<meta property=\"og:locale\" content=\"fr_FR\" \/>\n<meta property=\"og:type\" content=\"article\" \/>\n<meta property=\"og:title\" content=\"Ce que Webex vous r\u00e9serve au salon Enterprise Connect\u00a02022 | Webex Blog\" \/>\n<meta property=\"og:description\" content=\"Nous sommes ravis de participer au salon Enterprise Connect\u00a02022 et il nous tarde d\u2019y voir un grand nombre d\u2019entre vous [&hellip;]\" \/>\n<meta property=\"og:url\" content=\"https:\/\/blog.webex.com\/fr\/uncategorized-fr\/ce-que-webex-vous-reserve-au-salon-enterprise-connect-2022\/\" \/>\n<meta property=\"og:site_name\" content=\"Webex Blog\" \/>\n<meta property=\"article:author\" content=\"https:\/\/www.facebook.com\/webex\" \/>\n<meta property=\"article:published_time\" content=\"2022-03-07T19:00:04+00:00\" \/>\n<meta property=\"article:modified_time\" content=\"2024-09-18T06:36:27+00:00\" \/>\n<meta property=\"og:image\" content=\"https:\/\/blog.webex.com\/wp-content\/uploads\/2022\/03\/CM-4092_EC_SocialAssets_1920x1080_ccexpress.png\" \/>\n\t<meta property=\"og:image:width\" content=\"975\" \/>\n\t<meta property=\"og:image:height\" content=\"554\" \/>\n\t<meta property=\"og:image:type\" content=\"image\/png\" \/>\n<meta name=\"author\" content=\"Webex Team\" \/>\n<meta name=\"twitter:label1\" content=\"\u00c9crit par\" \/>\n\t<meta name=\"twitter:data1\" content=\"L\u2019\u00e9quipe Webex\" \/>\n\t<meta name=\"twitter:label2\" content=\"Dur\u00e9e de lecture estim\u00e9e\" \/>\n\t<meta name=\"twitter:data2\" content=\"3 minutes\" \/>\n<script type=\"application\/ld+json\" class=\"yoast-schema-graph\">{\"@context\":\"https:\/\/schema.org\",\"@graph\":[{\"@type\":\"Article\",\"@id\":\"https:\/\/blog.webex.com\/fr\/uncategorized-fr\/ce-que-webex-vous-reserve-au-salon-enterprise-connect-2022\/#article\",\"isPartOf\":{\"@id\":\"https:\/\/blog.webex.com\/fr\/uncategorized-fr\/ce-que-webex-vous-reserve-au-salon-enterprise-connect-2022\/\"},\"author\":{\"name\":\"Webex Team\",\"@id\":\"https:\/\/blog.webex.com\/es\/#\/schema\/person\/e377ec8e77fab0d70a792b66ebf647c0\"},\"headline\":\"Ce que Webex vous r\u00e9serve au salon Enterprise Connect\u00a02022\",\"datePublished\":\"2022-03-07T19:00:04+00:00\",\"dateModified\":\"2024-09-18T06:36:27+00:00\",\"mainEntityOfPage\":{\"@id\":\"https:\/\/blog.webex.com\/fr\/uncategorized-fr\/ce-que-webex-vous-reserve-au-salon-enterprise-connect-2022\/\"},\"wordCount\":680,\"image\":{\"@id\":\"https:\/\/blog.webex.com\/fr\/uncategorized-fr\/ce-que-webex-vous-reserve-au-salon-enterprise-connect-2022\/#primaryimage\"},\"thumbnailUrl\":\"https:\/\/blog.webex.com\/wp-content\/uploads\/2022\/03\/CM-4092_EC_SocialAssets_1920x1080_ccexpress.png\",\"keywords\":[\"travail hybride\"],\"articleSection\":[\"Collaboration\",\"Uncategorized @fr\"],\"inLanguage\":\"fr-FR\"},{\"@type\":\"WebPage\",\"@id\":\"https:\/\/blog.webex.com\/fr\/uncategorized-fr\/ce-que-webex-vous-reserve-au-salon-enterprise-connect-2022\/\",\"url\":\"https:\/\/blog.webex.com\/fr\/uncategorized-fr\/ce-que-webex-vous-reserve-au-salon-enterprise-connect-2022\/\",\"name\":\"Ce que Webex vous r\u00e9serve au salon Enterprise Connect\u00a02022 | Webex Blog\",\"isPartOf\":{\"@id\":\"https:\/\/blog.webex.com\/es\/#website\"},\"primaryImageOfPage\":{\"@id\":\"https:\/\/blog.webex.com\/fr\/uncategorized-fr\/ce-que-webex-vous-reserve-au-salon-enterprise-connect-2022\/#primaryimage\"},\"image\":{\"@id\":\"https:\/\/blog.webex.com\/fr\/uncategorized-fr\/ce-que-webex-vous-reserve-au-salon-enterprise-connect-2022\/#primaryimage\"},\"thumbnailUrl\":\"https:\/\/blog.webex.com\/wp-content\/uploads\/2022\/03\/CM-4092_EC_SocialAssets_1920x1080_ccexpress.png\",\"datePublished\":\"2022-03-07T19:00:04+00:00\",\"dateModified\":\"2024-09-18T06:36:27+00:00\",\"author\":{\"@id\":\"https:\/\/blog.webex.com\/es\/#\/schema\/person\/e377ec8e77fab0d70a792b66ebf647c0\"},\"breadcrumb\":{\"@id\":\"https:\/\/blog.webex.com\/fr\/uncategorized-fr\/ce-que-webex-vous-reserve-au-salon-enterprise-connect-2022\/#breadcrumb\"},\"inLanguage\":\"fr-FR\",\"potentialAction\":[{\"@type\":\"ReadAction\",\"target\":[\"https:\/\/blog.webex.com\/fr\/uncategorized-fr\/ce-que-webex-vous-reserve-au-salon-enterprise-connect-2022\/\"]}]},{\"@type\":\"ImageObject\",\"inLanguage\":\"fr-FR\",\"@id\":\"https:\/\/blog.webex.com\/fr\/uncategorized-fr\/ce-que-webex-vous-reserve-au-salon-enterprise-connect-2022\/#primaryimage\",\"url\":\"https:\/\/blog.webex.com\/wp-content\/uploads\/2022\/03\/CM-4092_EC_SocialAssets_1920x1080_ccexpress.png\",\"contentUrl\":\"https:\/\/blog.webex.com\/wp-content\/uploads\/2022\/03\/CM-4092_EC_SocialAssets_1920x1080_ccexpress.png\",\"width\":975,\"height\":554,\"caption\":\"Enterprise_Connect_2022\"},{\"@type\":\"BreadcrumbList\",\"@id\":\"https:\/\/blog.webex.com\/fr\/uncategorized-fr\/ce-que-webex-vous-reserve-au-salon-enterprise-connect-2022\/#breadcrumb\",\"itemListElement\":[{\"@type\":\"ListItem\",\"position\":1,\"name\":\"Home\",\"item\":\"https:\/\/blog.webex.com\/fr\/\"},{\"@type\":\"ListItem\",\"position\":2,\"name\":\"Ce que Webex vous r\u00e9serve au salon Enterprise Connect\u00a02022\"}]},{\"@type\":\"WebSite\",\"@id\":\"https:\/\/blog.webex.com\/es\/#website\",\"url\":\"https:\/\/blog.webex.com\/es\/\",\"name\":\"Webex Blog\",\"description\":\"Webex by Cisco powers collaboration through industry-leading video conferencing, cloud calling and contact center solutions\",\"potentialAction\":[{\"@type\":\"SearchAction\",\"target\":{\"@type\":\"EntryPoint\",\"urlTemplate\":\"https:\/\/blog.webex.com\/es\/?s={search_term_string}\"},\"query-input\":{\"@type\":\"PropertyValueSpecification\",\"valueRequired\":true,\"valueName\":\"search_term_string\"}}],\"inLanguage\":\"fr-FR\"},{\"@type\":\"Person\",\"@id\":\"https:\/\/blog.webex.com\/es\/#\/schema\/person\/e377ec8e77fab0d70a792b66ebf647c0\",\"name\":\"Webex Team\",\"image\":{\"@type\":\"ImageObject\",\"inLanguage\":\"fr-FR\",\"@id\":\"https:\/\/blog.webex.com\/es\/#\/schema\/person\/image\/\",\"url\":\"https:\/\/secure.gravatar.com\/avatar\/f2de40eb6d70014e905cc35d9daca32b1f90d87519cf61fce7607ea15ec87b11?s=96&d=wp_user_avatar&r=g\",\"contentUrl\":\"https:\/\/secure.gravatar.com\/avatar\/f2de40eb6d70014e905cc35d9daca32b1f90d87519cf61fce7607ea15ec87b11?s=96&d=wp_user_avatar&r=g\",\"caption\":\"Webex Team\"},\"description\":\"Webex is a leading provider of cloud-based collaboration solutions which includes video meetings, calling, messaging, events, customer experience solutions like contact center, and purpose-built collaboration devices.\",\"sameAs\":[\"http:\/\/www.webex.com\",\"https:\/\/www.facebook.com\/webex\",\"https:\/\/www.linkedin.com\/company\/webex\",\"https:\/\/x.com\/https:\/\/twitter.com\/Webex\"],\"url\":\"https:\/\/blog.webex.com\/fr\/contributors\/webexadmin\/\"}]}<\/script>\n<!-- \/ Yoast SEO plugin. -->","yoast_head_json":{"title":"Ce que Webex vous r\u00e9serve au salon Enterprise Connect\u00a02022 | Webex Blog","robots":{"index":"index","follow":"follow","max-snippet":"max-snippet:-1","max-image-preview":"max-image-preview:large","max-video-preview":"max-video-preview:-1"},"canonical":"https:\/\/blog.webex.com\/fr\/uncategorized-fr\/ce-que-webex-vous-reserve-au-salon-enterprise-connect-2022\/","og_locale":"fr_FR","og_type":"article","og_title":"Ce que Webex vous r\u00e9serve au salon Enterprise Connect\u00a02022 | Webex Blog","og_description":"Nous sommes ravis de participer au salon Enterprise Connect\u00a02022 et il nous tarde d\u2019y voir un grand nombre d\u2019entre vous [&hellip;]","og_url":"https:\/\/blog.webex.com\/fr\/uncategorized-fr\/ce-que-webex-vous-reserve-au-salon-enterprise-connect-2022\/","og_site_name":"Webex Blog","article_author":"https:\/\/www.facebook.com\/webex","article_published_time":"2022-03-07T19:00:04+00:00","article_modified_time":"2024-09-18T06:36:27+00:00","og_image":[{"width":975,"height":554,"url":"https:\/\/blog.webex.com\/wp-content\/uploads\/2022\/03\/CM-4092_EC_SocialAssets_1920x1080_ccexpress.png","type":"image\/png"}],"author":"Webex Team","twitter_misc":{"\u00c9crit par":"L\u2019\u00e9quipe Webex","Dur\u00e9e de lecture estim\u00e9e":"3 minutes"},"schema":{"@context":"https:\/\/schema.org","@graph":[{"@type":"Article","@id":"https:\/\/blog.webex.com\/fr\/uncategorized-fr\/ce-que-webex-vous-reserve-au-salon-enterprise-connect-2022\/#article","isPartOf":{"@id":"https:\/\/blog.webex.com\/fr\/uncategorized-fr\/ce-que-webex-vous-reserve-au-salon-enterprise-connect-2022\/"},"author":{"name":"Webex Team","@id":"https:\/\/blog.webex.com\/es\/#\/schema\/person\/e377ec8e77fab0d70a792b66ebf647c0"},"headline":"Ce que Webex vous r\u00e9serve au salon Enterprise Connect\u00a02022","datePublished":"2022-03-07T19:00:04+00:00","dateModified":"2024-09-18T06:36:27+00:00","mainEntityOfPage":{"@id":"https:\/\/blog.webex.com\/fr\/uncategorized-fr\/ce-que-webex-vous-reserve-au-salon-enterprise-connect-2022\/"},"wordCount":680,"image":{"@id":"https:\/\/blog.webex.com\/fr\/uncategorized-fr\/ce-que-webex-vous-reserve-au-salon-enterprise-connect-2022\/#primaryimage"},"thumbnailUrl":"https:\/\/blog.webex.com\/wp-content\/uploads\/2022\/03\/CM-4092_EC_SocialAssets_1920x1080_ccexpress.png","keywords":["travail hybride"],"articleSection":["Collaboration","Uncategorized @fr"],"inLanguage":"fr-FR"},{"@type":"WebPage","@id":"https:\/\/blog.webex.com\/fr\/uncategorized-fr\/ce-que-webex-vous-reserve-au-salon-enterprise-connect-2022\/","url":"https:\/\/blog.webex.com\/fr\/uncategorized-fr\/ce-que-webex-vous-reserve-au-salon-enterprise-connect-2022\/","name":"Ce que Webex vous r\u00e9serve au salon Enterprise Connect\u00a02022 | Webex Blog","isPartOf":{"@id":"https:\/\/blog.webex.com\/es\/#website"},"primaryImageOfPage":{"@id":"https:\/\/blog.webex.com\/fr\/uncategorized-fr\/ce-que-webex-vous-reserve-au-salon-enterprise-connect-2022\/#primaryimage"},"image":{"@id":"https:\/\/blog.webex.com\/fr\/uncategorized-fr\/ce-que-webex-vous-reserve-au-salon-enterprise-connect-2022\/#primaryimage"},"thumbnailUrl":"https:\/\/blog.webex.com\/wp-content\/uploads\/2022\/03\/CM-4092_EC_SocialAssets_1920x1080_ccexpress.png","datePublished":"2022-03-07T19:00:04+00:00","dateModified":"2024-09-18T06:36:27+00:00","author":{"@id":"https:\/\/blog.webex.com\/es\/#\/schema\/person\/e377ec8e77fab0d70a792b66ebf647c0"},"breadcrumb":{"@id":"https:\/\/blog.webex.com\/fr\/uncategorized-fr\/ce-que-webex-vous-reserve-au-salon-enterprise-connect-2022\/#breadcrumb"},"inLanguage":"fr-FR","potentialAction":[{"@type":"ReadAction","target":["https:\/\/blog.webex.com\/fr\/uncategorized-fr\/ce-que-webex-vous-reserve-au-salon-enterprise-connect-2022\/"]}]},{"@type":"ImageObject","inLanguage":"fr-FR","@id":"https:\/\/blog.webex.com\/fr\/uncategorized-fr\/ce-que-webex-vous-reserve-au-salon-enterprise-connect-2022\/#primaryimage","url":"https:\/\/blog.webex.com\/wp-content\/uploads\/2022\/03\/CM-4092_EC_SocialAssets_1920x1080_ccexpress.png","contentUrl":"https:\/\/blog.webex.com\/wp-content\/uploads\/2022\/03\/CM-4092_EC_SocialAssets_1920x1080_ccexpress.png","width":975,"height":554,"caption":"Enterprise_Connect_2022"},{"@type":"BreadcrumbList","@id":"https:\/\/blog.webex.com\/fr\/uncategorized-fr\/ce-que-webex-vous-reserve-au-salon-enterprise-connect-2022\/#breadcrumb","itemListElement":[{"@type":"ListItem","position":1,"name":"Home","item":"https:\/\/blog.webex.com\/fr\/"},{"@type":"ListItem","position":2,"name":"Ce que Webex vous r\u00e9serve au salon Enterprise Connect\u00a02022"}]},{"@type":"WebSite","@id":"https:\/\/blog.webex.com\/es\/#website","url":"https:\/\/blog.webex.com\/es\/","name":"Webex Blog","description":"Webex by Cisco powers collaboration through industry-leading video conferencing, cloud calling and contact center solutions","potentialAction":[{"@type":"SearchAction","target":{"@type":"EntryPoint","urlTemplate":"https:\/\/blog.webex.com\/es\/?s={search_term_string}"},"query-input":{"@type":"PropertyValueSpecification","valueRequired":true,"valueName":"search_term_string"}}],"inLanguage":"fr-FR"},{"@type":"Person","@id":"https:\/\/blog.webex.com\/es\/#\/schema\/person\/e377ec8e77fab0d70a792b66ebf647c0","name":"Webex Team","image":{"@type":"ImageObject","inLanguage":"fr-FR","@id":"https:\/\/blog.webex.com\/es\/#\/schema\/person\/image\/","url":"https:\/\/secure.gravatar.com\/avatar\/f2de40eb6d70014e905cc35d9daca32b1f90d87519cf61fce7607ea15ec87b11?s=96&d=wp_user_avatar&r=g","contentUrl":"https:\/\/secure.gravatar.com\/avatar\/f2de40eb6d70014e905cc35d9daca32b1f90d87519cf61fce7607ea15ec87b11?s=96&d=wp_user_avatar&r=g","caption":"Webex Team"},"description":"Webex is a leading provider of cloud-based collaboration solutions which includes video meetings, calling, messaging, events, customer experience solutions like contact center, and purpose-built collaboration devices.","sameAs":["http:\/\/www.webex.com","https:\/\/www.facebook.com\/webex","https:\/\/www.linkedin.com\/company\/webex","https:\/\/x.com\/https:\/\/twitter.com\/Webex"],"url":"https:\/\/blog.webex.com\/fr\/contributors\/webexadmin\/"}]}},"_links":{"self":[{"href":"https:\/\/blog.webex.com\/fr\/wp-json\/wp\/v2\/posts\/390246","targetHints":{"allow":["GET"]}}],"collection":[{"href":"https:\/\/blog.webex.com\/fr\/wp-json\/wp\/v2\/posts"}],"about":[{"href":"https:\/\/blog.webex.com\/fr\/wp-json\/wp\/v2\/types\/post"}],"author":[{"embeddable":true,"href":"https:\/\/blog.webex.com\/fr\/wp-json\/wp\/v2\/users\/1"}],"replies":[{"embeddable":true,"href":"https:\/\/blog.webex.com\/fr\/wp-json\/wp\/v2\/comments?post=390246"}],"version-history":[{"count":0,"href":"https:\/\/blog.webex.com\/fr\/wp-json\/wp\/v2\/posts\/390246\/revisions"}],"wp:featuredmedia":[{"embeddable":true,"href":"https:\/\/blog.webex.com\/fr\/wp-json\/wp\/v2\/media\/390049"}],"wp:attachment":[{"href":"https:\/\/blog.webex.com\/fr\/wp-json\/wp\/v2\/media?parent=390246"}],"wp:term":[{"taxonomy":"category","embeddable":true,"href":"https:\/\/blog.webex.com\/fr\/wp-json\/wp\/v2\/categories?post=390246"},{"taxonomy":"post_tag","embeddable":true,"href":"https:\/\/blog.webex.com\/fr\/wp-json\/wp\/v2\/tags?post=390246"}],"curies":[{"name":"wp","href":"https:\/\/api.w.org\/{rel}","templated":true}]}}