{"id":390475,"date":"2022-03-14T08:45:56","date_gmt":"2022-03-14T15:45:56","guid":{"rendered":"https:\/\/blog.webex.com\/uncategorized-fr\/slido-dans-webex-lintegration-au-centre-de-toutes-les-discussions\/"},"modified":"2024-09-17T23:36:26","modified_gmt":"2024-09-18T06:36:26","slug":"slido-dans-webex-lintegration-au-centre-de-toutes-les-discussions","status":"publish","type":"post","link":"https:\/\/blog.webex.com\/fr\/uncategorized-fr\/slido-dans-webex-lintegration-au-centre-de-toutes-les-discussions\/","title":{"rendered":"Slido dans Webex\u00a0: l\u2019int\u00e9gration au centre de toutes les discussions"},"content":{"rendered":"<p>Alors que les organisations commencent \u00e0 adopter un <a href=\"https:\/\/www.webex.com\/what-is-hybrid-work.html\">mod\u00e8le de travail hybride<\/a> in\u00e9dit, leur nouveau d\u00e9fi consiste \u00e0 faire en sorte que chacun b\u00e9n\u00e9ficie d\u2019une exp\u00e9rience de collaboration exceptionnelle, des m\u00eames opportunit\u00e9s et d\u2019un moyen d\u2019exprimer ses opinions, quelle que soit sa localisation.<\/p>\n<p>C\u2019est l\u00e0 tout l\u2019int\u00e9r\u00eat de l\u2019int\u00e9gration native de <a href=\"https:\/\/www.webex.com\/audience-engagement.html\">Slido dans Webex<\/a>. Avec Slido, chaque r\u00e9union repr\u00e9sente une opportunit\u00e9 de motiver les membres de votre \u00e9quipe \u00e0 participer \u00e0 la conversation. Qu\u2019elle rassemble 10\u00a0participants ou 10\u00a0000, une r\u00e9union n\u2019a de sens que si elle permet \u00e0 tous les participants de s\u2019exprimer. Nous n\u2019entendons pas par l\u00e0 que tout le monde devrait activer son audio et parler en m\u00eame temps, mais plut\u00f4t que l\u2019inclusivit\u00e9 est au c\u0153ur de l\u2019engagement de Webex, et que permettre \u00e0 chacun de contribuer et de participer o\u00f9 et comme il le souhaite est \u00e9galement un \u00e9l\u00e9ment central des fonctionnalit\u00e9s offertes par Slido.<\/p>\n<p>L\u2019int\u00e9gration de Slido dans Webex vous permet de recueillir du feedback et de stimuler l\u2019implication en temps r\u00e9el durant vos r\u00e9unions. Comment\u00a0? Simplement en r\u00e9alisant un sondage, en proposant un quiz interactif ou en donnant \u00e0 vos coll\u00e8gues la possibilit\u00e9 de poser des questions \u00e0 l\u2019occasion d\u2019une session de questions-r\u00e9ponses. Vous pourrez ainsi d\u00e9couvrir ce que chacun pense r\u00e9ellement, rendre vos discussions plus inclusives et tisser des relations plus solides.<\/p>\n<p>Tout cela est plus simple que vous ne le pensez. D\u00e9couvrez quelques mani\u00e8res d\u2019utiliser Slido avec votre \u00e9quipe afin d\u2019optimiser l\u2019efficacit\u00e9 des r\u00e9unions Webex.<\/p>\n<h2><strong>Se pr\u00e9parer pour r\u00e9ussir<\/strong><\/h2>\n<p>\u00c9laborez vos sondages Slido en amont de vos r\u00e9unions. Vous vous sentirez ainsi parfaitement pr\u00e9par\u00e9 et concentr\u00e9 au moment de les rejoindre. Si vous avez besoin d\u2019inspiration, quelques clics suffisent pour profiter d\u2019une vaste biblioth\u00e8que de mod\u00e8les Slido et ajouter un sondage interactif \u00e0 votre r\u00e9union.<\/p>\n<h2><strong>Activit\u00e9s pour briser la glace<\/strong><\/h2>\n<p>Favorisez une discussion ouverte en d\u00e9butant votre r\u00e9union par un sondage afin d\u2019en savoir plus sur les participants. Que vous leur demandiez dans quel sport ils s\u2019imagineraient remporter une m\u00e9daille aux Jeux olympiques (il s\u2019agirait de la d\u00e9gustation de caf\u00e9 en ce qui nous concerne) ou leur communiquiez des informations actualis\u00e9es concernant les projets en cours, lancer une r\u00e9union par des <a href=\"https:\/\/blog.sli.do\/virtual-icebreakers\/\">questions ouvertes<\/a> encourage d\u00e8s le d\u00e9part la participation tout en renfor\u00e7ant les relations entre coll\u00e8gues.<\/p>\n<p><a href=\"https:\/\/blog.webex.com\/wp-content\/uploads\/2022\/03\/Group-626959.png\"><br \/>\n<img loading=\"lazy\" decoding=\"async\" class=\"aligncenter size-full wp-image-390329\" src=\"https:\/\/blog.webex.com\/wp-content\/uploads\/2022\/03\/Group-626959.png\" alt=\"Des relations solides entre coll\u00e8gues\" width=\"1709\" height=\"973\" srcset=\"https:\/\/blog.webex.com\/wp-content\/uploads\/2022\/03\/Group-626959.png 913w, https:\/\/blog.webex.com\/wp-content\/uploads\/2022\/03\/Group-626959-300x171.png 300w, https:\/\/blog.webex.com\/wp-content\/uploads\/2022\/03\/Group-626959-1024x583.png 1024w, https:\/\/blog.webex.com\/wp-content\/uploads\/2022\/03\/Group-626959-768x437.png 768w, https:\/\/blog.webex.com\/wp-content\/uploads\/2022\/03\/Group-626959-1536x875.png 1536w\" sizes=\"auto, (max-width: 1709px) 100vw, 1709px\" \/><br \/>\n<\/a><\/p>\n<h2><strong>Quiz<\/strong><\/h2>\n<p>Rien ne vaut un peu de concurrence amicale. Les quiz Slido vous permettent de tester les connaissances des participants \u00e0 la suite de formations ou d\u2019\u00e9v\u00e9nements, tout en impliquant tout le monde dans une activit\u00e9 ludique. Vous pouvez cr\u00e9er des quiz au format familier directement dans Webex. Lancez un minuteur pour chaque question afin d\u2019attiser l\u2019esprit de comp\u00e9tition et affichez le classement des participants \u00e0 la fin pour d\u00e9signer les vainqueurs.<\/p>\n<p><a href=\"https:\/\/blog.webex.com\/wp-content\/uploads\/2022\/03\/Group-626956.png\"><br \/>\n<img loading=\"lazy\" decoding=\"async\" class=\"aligncenter size-full wp-image-390339\" src=\"https:\/\/blog.webex.com\/wp-content\/uploads\/2022\/03\/Group-626956.png\" alt=\"Quiz dans Slido\" width=\"1709\" height=\"972\" srcset=\"https:\/\/blog.webex.com\/wp-content\/uploads\/2022\/03\/Group-626956.png 914w, https:\/\/blog.webex.com\/wp-content\/uploads\/2022\/03\/Group-626956-300x171.png 300w, https:\/\/blog.webex.com\/wp-content\/uploads\/2022\/03\/Group-626956-1024x582.png 1024w, https:\/\/blog.webex.com\/wp-content\/uploads\/2022\/03\/Group-626956-768x437.png 768w, https:\/\/blog.webex.com\/wp-content\/uploads\/2022\/03\/Group-626956-1536x874.png 1536w\" sizes=\"auto, (max-width: 1709px) 100vw, 1709px\" \/><br \/>\n<\/a><\/p>\n<h2><strong>S\u00e9ances de brainstorming<\/strong><\/h2>\n<p>Plus besoin de s\u2019enfermer dans une salle de conf\u00e9rence, devant un tableau blanc, pour r\u00e9aliser des s\u00e9ances de brainstorming. Gr\u00e2ce \u00e0 des nuages de mots et des sondages appelant des r\u00e9ponses ouvertes, tout le monde peut exprimer son point de vue en temps r\u00e9el. Rendez vos sessions de brainstorming plus inclusives en donnant \u00e0 chacun l\u2019espace n\u00e9cessaire pour apporter sa contribution sans devoir prendre la parole ou parler plus fort que les autres.<\/p>\n<h2><strong>Insights en temps r\u00e9el<\/strong><\/h2>\n<p>En recueillant du feedback en temps r\u00e9el durant les r\u00e9unions Webex, Slido fournit non seulement des donn\u00e9es utiles, par exemple concernant le nombre de personnes qui participent, mais contribue \u00e9galement \u00e0 d\u00e9voiler les avis, les pr\u00e9f\u00e9rences et le niveau de compr\u00e9hension des participants. Toutes ces informations peuvent \u00eatre export\u00e9es afin de r\u00e9aliser des analyses suppl\u00e9mentaires et de prendre des d\u00e9cisions professionnelles bas\u00e9es sur les donn\u00e9es et parfaitement adapt\u00e9es \u00e0 votre \u00e9quipe.<\/p>\n<h2><a href=\"https:\/\/blog.webex.com\/wp-content\/uploads\/2022\/03\/Group-626954.png\"><br \/>\n<img loading=\"lazy\" decoding=\"async\" class=\"aligncenter size-full wp-image-390349\" src=\"https:\/\/blog.webex.com\/wp-content\/uploads\/2022\/03\/Group-626954.png\" alt=\"insights en temps r\u00e9el\" width=\"1709\" height=\"972\" srcset=\"https:\/\/blog.webex.com\/wp-content\/uploads\/2022\/03\/Group-626954.png 914w, https:\/\/blog.webex.com\/wp-content\/uploads\/2022\/03\/Group-626954-300x171.png 300w, https:\/\/blog.webex.com\/wp-content\/uploads\/2022\/03\/Group-626954-1024x582.png 1024w, https:\/\/blog.webex.com\/wp-content\/uploads\/2022\/03\/Group-626954-768x437.png 768w, https:\/\/blog.webex.com\/wp-content\/uploads\/2022\/03\/Group-626954-1536x874.png 1536w\" sizes=\"auto, (max-width: 1709px) 100vw, 1709px\" \/><br \/>\n<\/a><\/h2>\n<h2><strong>Feedback continu<\/strong><\/h2>\n<p>Recueillez des informations avant, pendant et apr\u00e8s vos r\u00e9unions. En plus d\u2019\u00eatre une solution extr\u00eamement efficace pour cr\u00e9er des exp\u00e9riences de r\u00e9union captivantes, Slido est aussi utilisable en dehors des r\u00e9unions, via un lien \u00e0 partager. Il s\u2019agit d\u2019un excellent moyen de recevoir des questions \u00e0 l\u2019avance, d\u2019obtenir du feedback apr\u00e8s coup et d\u2019inclure tous ceux qui ne peuvent pas participer en direct.<\/p>\n<p><iframe loading=\"lazy\" title=\"Keep things interactive with Webex video conferencing and Slido\" width=\"500\" height=\"281\" src=\"https:\/\/www.youtube.com\/embed\/3DIFpz12tjs?feature=oembed\" frameborder=\"0\" allow=\"accelerometer; autoplay; clipboard-write; encrypted-media; gyroscope; picture-in-picture; web-share\" referrerpolicy=\"strict-origin-when-cross-origin\" allowfullscreen><\/iframe><\/p>\n<p>Pr\u00eat \u00e0 ajouter Slido \u00e0 votre prochaine r\u00e9union Webex\u00a0? Acc\u00e9dez \u00e0 <a href=\"https:\/\/apphub.webex.com\/applications\/slido-slido-55705\">Webex App Hub<\/a>.<\/p>\n<blockquote><p>Ces exemples ne sont que quelques illustrations de la capacit\u00e9 de Slido \u00e0 rendre les r\u00e9unions plus inclusives, productives et pertinentes. D\u00e9couvrez comment <a href=\"https:\/\/apphub.webex.com\/applications\/slido-slido-55705\">ajouter Slido \u00e0 Webex<\/a>.<\/p><\/blockquote>\n<p><strong>Pr\u00eat \u00e0 donner une nouvelle dimension \u00e0 vos r\u00e9unions\u00a0? Consultez les ressources suivantes.<\/strong><\/p>\n<p><a href=\"https:\/\/blog.sli.do\/webex-meetings-polling-tips\/\">11\u00a0astuces pour utiliser Slido durant vos r\u00e9unions Webex<\/a><\/p>\n<p><a href=\"https:\/\/blog.sli.do\/all-hands-meetings-ideas\/\">8\u00a0id\u00e9es interactives pour votre prochaine r\u00e9union g\u00e9n\u00e9rale<\/a><\/p>\n<p><a href=\"https:\/\/blog.sli.do\/5-minute-team-building-activities\/\">7\u00a0activit\u00e9s ultra-motivantes pour d\u00e9velopper la coh\u00e9sion d\u2019\u00e9quipe en 5\u00a0minutes durant vos r\u00e9unions<\/a><\/p>\n<p><strong>Vous recherchez des informations suppl\u00e9mentaires\u00a0?<\/strong><\/p>\n<p>Consultez la page consacr\u00e9e aux <a href=\"https:\/\/www.webex.com\/products\/integrations\/index.html\">int\u00e9grations Webex<\/a> pour en savoir plus sur les diverses int\u00e9grations Webex actuellement prises en charge.<\/p>\n<p>Rendez-vous sur la page des <a href=\"https:\/\/developer.webex.com\/\">D\u00e9veloppeurs Webex<\/a> pour acc\u00e9der \u00e0 de la documentation, des articles de blog, des ressources, des outils, etc., qui vous permettront de cr\u00e9er des int\u00e9grations, des applications int\u00e9gr\u00e9es, des robots et des widgets.<\/p>\n<p>Suivez-nous<\/p>\n<p>Twitter\u00a0:\u00a0<a href=\"https:\/\/twitter.com\/Webex\">@Webex<\/a>,\u00a0<a href=\"https:\/\/twitter.com\/WebexDevs\">@WebexDevs<\/a>\u00a0\u00a0<a href=\"https:\/\/twitter.com\/slidoapp\">@Slidoapp<\/a><\/p>\n","protected":false},"excerpt":{"rendered":"<p>Alors que les organisations commencent \u00e0 adopter un mod\u00e8le de travail hybride in\u00e9dit, leur nouveau d\u00e9fi consiste \u00e0 faire en [&hellip;]<\/p>\n","protected":false},"author":5577,"featured_media":390417,"comment_status":"closed","ping_status":"open","sticky":false,"template":"","format":"standard","meta":{"inline_featured_image":false,"footnotes":""},"categories":[5253,2770],"tags":[4551,6681,5782,4730,2066,5350,2393],"class_list":["post-390475","post","type-post","status-publish","format-standard","has-post-thumbnail","hentry","category-collaboration-fr","category-uncategorized-fr","tag-audience-engagement","tag-hub-dapplications-webex","tag-implication-du-public","tag-intelligence-artificielle","tag-outils-de-collaboration","tag-slido-fr","tag-travail-hybride"],"acf":[],"yoast_head":"<!-- This site is optimized with the Yoast SEO plugin v27.1.1 - https:\/\/yoast.com\/product\/yoast-seo-wordpress\/ -->\n<title>Slido dans Webex\u00a0: l\u2019int\u00e9gration au centre de toutes les discussions | Webex Blog<\/title>\n<meta name=\"robots\" content=\"index, follow, max-snippet:-1, max-image-preview:large, max-video-preview:-1\" \/>\n<link rel=\"canonical\" href=\"https:\/\/blog.webex.com\/fr\/uncategorized-fr\/slido-dans-webex-lintegration-au-centre-de-toutes-les-discussions\/\" \/>\n<meta property=\"og:locale\" content=\"fr_FR\" \/>\n<meta property=\"og:type\" content=\"article\" \/>\n<meta property=\"og:title\" content=\"Slido dans Webex\u00a0: l\u2019int\u00e9gration au centre de toutes les discussions | Webex Blog\" \/>\n<meta property=\"og:description\" content=\"Alors que les organisations commencent \u00e0 adopter un mod\u00e8le de travail hybride in\u00e9dit, leur nouveau d\u00e9fi consiste \u00e0 faire en [&hellip;]\" \/>\n<meta property=\"og:url\" content=\"https:\/\/blog.webex.com\/fr\/uncategorized-fr\/slido-dans-webex-lintegration-au-centre-de-toutes-les-discussions\/\" \/>\n<meta property=\"og:site_name\" content=\"Webex Blog\" \/>\n<meta property=\"article:published_time\" content=\"2022-03-14T15:45:56+00:00\" \/>\n<meta property=\"article:modified_time\" content=\"2024-09-18T06:36:26+00:00\" \/>\n<meta property=\"og:image\" content=\"https:\/\/blog.webex.com\/wp-content\/uploads\/2022\/03\/Group-626952blogV2.png\" \/>\n\t<meta property=\"og:image:width\" content=\"975\" \/>\n\t<meta property=\"og:image:height\" content=\"554\" \/>\n\t<meta property=\"og:image:type\" content=\"image\/png\" \/>\n<meta name=\"author\" content=\"Jessica Knieff\" \/>\n<meta name=\"twitter:label1\" content=\"\u00c9crit par\" \/>\n\t<meta name=\"twitter:data1\" content=\"Jessica Knieff\" \/>\n\t<meta name=\"twitter:label2\" content=\"Dur\u00e9e de lecture estim\u00e9e\" \/>\n\t<meta name=\"twitter:data2\" content=\"5 minutes\" \/>\n<script type=\"application\/ld+json\" class=\"yoast-schema-graph\">{\"@context\":\"https:\/\/schema.org\",\"@graph\":[{\"@type\":\"Article\",\"@id\":\"https:\/\/blog.webex.com\/fr\/uncategorized-fr\/slido-dans-webex-lintegration-au-centre-de-toutes-les-discussions\/#article\",\"isPartOf\":{\"@id\":\"https:\/\/blog.webex.com\/fr\/uncategorized-fr\/slido-dans-webex-lintegration-au-centre-de-toutes-les-discussions\/\"},\"author\":{\"name\":\"Jessica Knieff\",\"@id\":\"https:\/\/blog.webex.com\/es\/#\/schema\/person\/13fdf68aabdbbdd7b0f407af309b7a8b\"},\"headline\":\"Slido dans Webex\u00a0: l\u2019int\u00e9gration au centre de toutes les discussions\",\"datePublished\":\"2022-03-14T15:45:56+00:00\",\"dateModified\":\"2024-09-18T06:36:26+00:00\",\"mainEntityOfPage\":{\"@id\":\"https:\/\/blog.webex.com\/fr\/uncategorized-fr\/slido-dans-webex-lintegration-au-centre-de-toutes-les-discussions\/\"},\"wordCount\":945,\"image\":{\"@id\":\"https:\/\/blog.webex.com\/fr\/uncategorized-fr\/slido-dans-webex-lintegration-au-centre-de-toutes-les-discussions\/#primaryimage\"},\"thumbnailUrl\":\"https:\/\/blog.webex.com\/wp-content\/uploads\/2022\/03\/Group-626952blogV2.png\",\"keywords\":[\"Audience Engagement\",\"Hub d\u2019applications Webex\",\"implication du public\",\"intelligence artificielle\",\"outils de collaboration\",\"Slido\",\"travail hybride\"],\"articleSection\":[\"Collaboration\",\"Uncategorized @fr\"],\"inLanguage\":\"fr-FR\"},{\"@type\":\"WebPage\",\"@id\":\"https:\/\/blog.webex.com\/fr\/uncategorized-fr\/slido-dans-webex-lintegration-au-centre-de-toutes-les-discussions\/\",\"url\":\"https:\/\/blog.webex.com\/fr\/uncategorized-fr\/slido-dans-webex-lintegration-au-centre-de-toutes-les-discussions\/\",\"name\":\"Slido dans Webex\u00a0: l\u2019int\u00e9gration au centre de toutes les discussions | Webex Blog\",\"isPartOf\":{\"@id\":\"https:\/\/blog.webex.com\/es\/#website\"},\"primaryImageOfPage\":{\"@id\":\"https:\/\/blog.webex.com\/fr\/uncategorized-fr\/slido-dans-webex-lintegration-au-centre-de-toutes-les-discussions\/#primaryimage\"},\"image\":{\"@id\":\"https:\/\/blog.webex.com\/fr\/uncategorized-fr\/slido-dans-webex-lintegration-au-centre-de-toutes-les-discussions\/#primaryimage\"},\"thumbnailUrl\":\"https:\/\/blog.webex.com\/wp-content\/uploads\/2022\/03\/Group-626952blogV2.png\",\"datePublished\":\"2022-03-14T15:45:56+00:00\",\"dateModified\":\"2024-09-18T06:36:26+00:00\",\"author\":{\"@id\":\"https:\/\/blog.webex.com\/es\/#\/schema\/person\/13fdf68aabdbbdd7b0f407af309b7a8b\"},\"breadcrumb\":{\"@id\":\"https:\/\/blog.webex.com\/fr\/uncategorized-fr\/slido-dans-webex-lintegration-au-centre-de-toutes-les-discussions\/#breadcrumb\"},\"inLanguage\":\"fr-FR\",\"potentialAction\":[{\"@type\":\"ReadAction\",\"target\":[\"https:\/\/blog.webex.com\/fr\/uncategorized-fr\/slido-dans-webex-lintegration-au-centre-de-toutes-les-discussions\/\"]}]},{\"@type\":\"ImageObject\",\"inLanguage\":\"fr-FR\",\"@id\":\"https:\/\/blog.webex.com\/fr\/uncategorized-fr\/slido-dans-webex-lintegration-au-centre-de-toutes-les-discussions\/#primaryimage\",\"url\":\"https:\/\/blog.webex.com\/wp-content\/uploads\/2022\/03\/Group-626952blogV2.png\",\"contentUrl\":\"https:\/\/blog.webex.com\/wp-content\/uploads\/2022\/03\/Group-626952blogV2.png\",\"width\":975,\"height\":554,\"caption\":\"Slido in Webex\"},{\"@type\":\"BreadcrumbList\",\"@id\":\"https:\/\/blog.webex.com\/fr\/uncategorized-fr\/slido-dans-webex-lintegration-au-centre-de-toutes-les-discussions\/#breadcrumb\",\"itemListElement\":[{\"@type\":\"ListItem\",\"position\":1,\"name\":\"Home\",\"item\":\"https:\/\/blog.webex.com\/fr\/\"},{\"@type\":\"ListItem\",\"position\":2,\"name\":\"Slido dans Webex\u00a0: l\u2019int\u00e9gration au centre de toutes les discussions\"}]},{\"@type\":\"WebSite\",\"@id\":\"https:\/\/blog.webex.com\/es\/#website\",\"url\":\"https:\/\/blog.webex.com\/es\/\",\"name\":\"Webex Blog\",\"description\":\"Webex by Cisco powers collaboration through industry-leading video conferencing, cloud calling and contact center solutions\",\"potentialAction\":[{\"@type\":\"SearchAction\",\"target\":{\"@type\":\"EntryPoint\",\"urlTemplate\":\"https:\/\/blog.webex.com\/es\/?s={search_term_string}\"},\"query-input\":{\"@type\":\"PropertyValueSpecification\",\"valueRequired\":true,\"valueName\":\"search_term_string\"}}],\"inLanguage\":\"fr-FR\"},{\"@type\":\"Person\",\"@id\":\"https:\/\/blog.webex.com\/es\/#\/schema\/person\/13fdf68aabdbbdd7b0f407af309b7a8b\",\"name\":\"Jessica Knieff\",\"image\":{\"@type\":\"ImageObject\",\"inLanguage\":\"fr-FR\",\"@id\":\"https:\/\/blog.webex.com\/es\/#\/schema\/person\/image\/\",\"url\":\"https:\/\/secure.gravatar.com\/avatar\/800d1a7108bfd62cc1d5e061f08deaca4a8b6ec25d53f6d80faa15bfa792ce7d?s=96&d=wp_user_avatar&r=g\",\"contentUrl\":\"https:\/\/secure.gravatar.com\/avatar\/800d1a7108bfd62cc1d5e061f08deaca4a8b6ec25d53f6d80faa15bfa792ce7d?s=96&d=wp_user_avatar&r=g\",\"caption\":\"Jessica Knieff\"},\"description\":\"Jessica Knieff is a Marketing Manager on the Ecosystem &amp; Tech Integrations Marketing team at Webex. She is responsible for managing partner market launches and driving compelling content across multiple channels to drive broad market awareness. Jessica has spent her career enabling partner success and supporting the clear communication of partner value propositions. With a wide breadth of experience between channel partners and integration partners, her current focus is enabling hybrid work with partner-developed, integrated enhancements to Webex meetings and messaging. Jessica holds a bachelor's degree in Mass Media from Washburn University and is passionate about leadership and personal development. She is based out of Denver and spends her free time working in animal rescue, making music, and exploring the Rocky Mountains.\",\"sameAs\":[\"https:\/\/www.linkedin.com\/in\/jessicaknieff\/\",\"https:\/\/x.com\/https:\/\/twitter.com\/JessKnieff\"],\"url\":\"https:\/\/blog.webex.com\/fr\/contributors\/jessica_knieff\/\"}]}<\/script>\n<!-- \/ Yoast SEO plugin. -->","yoast_head_json":{"title":"Slido dans Webex\u00a0: l\u2019int\u00e9gration au centre de toutes les discussions | Webex Blog","robots":{"index":"index","follow":"follow","max-snippet":"max-snippet:-1","max-image-preview":"max-image-preview:large","max-video-preview":"max-video-preview:-1"},"canonical":"https:\/\/blog.webex.com\/fr\/uncategorized-fr\/slido-dans-webex-lintegration-au-centre-de-toutes-les-discussions\/","og_locale":"fr_FR","og_type":"article","og_title":"Slido dans Webex\u00a0: l\u2019int\u00e9gration au centre de toutes les discussions | Webex Blog","og_description":"Alors que les organisations commencent \u00e0 adopter un mod\u00e8le de travail hybride in\u00e9dit, leur nouveau d\u00e9fi consiste \u00e0 faire en [&hellip;]","og_url":"https:\/\/blog.webex.com\/fr\/uncategorized-fr\/slido-dans-webex-lintegration-au-centre-de-toutes-les-discussions\/","og_site_name":"Webex Blog","article_published_time":"2022-03-14T15:45:56+00:00","article_modified_time":"2024-09-18T06:36:26+00:00","og_image":[{"width":975,"height":554,"url":"https:\/\/blog.webex.com\/wp-content\/uploads\/2022\/03\/Group-626952blogV2.png","type":"image\/png"}],"author":"Jessica Knieff","twitter_misc":{"\u00c9crit par":"Jessica Knieff","Dur\u00e9e de lecture estim\u00e9e":"5 minutes"},"schema":{"@context":"https:\/\/schema.org","@graph":[{"@type":"Article","@id":"https:\/\/blog.webex.com\/fr\/uncategorized-fr\/slido-dans-webex-lintegration-au-centre-de-toutes-les-discussions\/#article","isPartOf":{"@id":"https:\/\/blog.webex.com\/fr\/uncategorized-fr\/slido-dans-webex-lintegration-au-centre-de-toutes-les-discussions\/"},"author":{"name":"Jessica Knieff","@id":"https:\/\/blog.webex.com\/es\/#\/schema\/person\/13fdf68aabdbbdd7b0f407af309b7a8b"},"headline":"Slido dans Webex\u00a0: l\u2019int\u00e9gration au centre de toutes les discussions","datePublished":"2022-03-14T15:45:56+00:00","dateModified":"2024-09-18T06:36:26+00:00","mainEntityOfPage":{"@id":"https:\/\/blog.webex.com\/fr\/uncategorized-fr\/slido-dans-webex-lintegration-au-centre-de-toutes-les-discussions\/"},"wordCount":945,"image":{"@id":"https:\/\/blog.webex.com\/fr\/uncategorized-fr\/slido-dans-webex-lintegration-au-centre-de-toutes-les-discussions\/#primaryimage"},"thumbnailUrl":"https:\/\/blog.webex.com\/wp-content\/uploads\/2022\/03\/Group-626952blogV2.png","keywords":["Audience Engagement","Hub d\u2019applications Webex","implication du public","intelligence artificielle","outils de collaboration","Slido","travail hybride"],"articleSection":["Collaboration","Uncategorized @fr"],"inLanguage":"fr-FR"},{"@type":"WebPage","@id":"https:\/\/blog.webex.com\/fr\/uncategorized-fr\/slido-dans-webex-lintegration-au-centre-de-toutes-les-discussions\/","url":"https:\/\/blog.webex.com\/fr\/uncategorized-fr\/slido-dans-webex-lintegration-au-centre-de-toutes-les-discussions\/","name":"Slido dans Webex\u00a0: l\u2019int\u00e9gration au centre de toutes les discussions | Webex Blog","isPartOf":{"@id":"https:\/\/blog.webex.com\/es\/#website"},"primaryImageOfPage":{"@id":"https:\/\/blog.webex.com\/fr\/uncategorized-fr\/slido-dans-webex-lintegration-au-centre-de-toutes-les-discussions\/#primaryimage"},"image":{"@id":"https:\/\/blog.webex.com\/fr\/uncategorized-fr\/slido-dans-webex-lintegration-au-centre-de-toutes-les-discussions\/#primaryimage"},"thumbnailUrl":"https:\/\/blog.webex.com\/wp-content\/uploads\/2022\/03\/Group-626952blogV2.png","datePublished":"2022-03-14T15:45:56+00:00","dateModified":"2024-09-18T06:36:26+00:00","author":{"@id":"https:\/\/blog.webex.com\/es\/#\/schema\/person\/13fdf68aabdbbdd7b0f407af309b7a8b"},"breadcrumb":{"@id":"https:\/\/blog.webex.com\/fr\/uncategorized-fr\/slido-dans-webex-lintegration-au-centre-de-toutes-les-discussions\/#breadcrumb"},"inLanguage":"fr-FR","potentialAction":[{"@type":"ReadAction","target":["https:\/\/blog.webex.com\/fr\/uncategorized-fr\/slido-dans-webex-lintegration-au-centre-de-toutes-les-discussions\/"]}]},{"@type":"ImageObject","inLanguage":"fr-FR","@id":"https:\/\/blog.webex.com\/fr\/uncategorized-fr\/slido-dans-webex-lintegration-au-centre-de-toutes-les-discussions\/#primaryimage","url":"https:\/\/blog.webex.com\/wp-content\/uploads\/2022\/03\/Group-626952blogV2.png","contentUrl":"https:\/\/blog.webex.com\/wp-content\/uploads\/2022\/03\/Group-626952blogV2.png","width":975,"height":554,"caption":"Slido in Webex"},{"@type":"BreadcrumbList","@id":"https:\/\/blog.webex.com\/fr\/uncategorized-fr\/slido-dans-webex-lintegration-au-centre-de-toutes-les-discussions\/#breadcrumb","itemListElement":[{"@type":"ListItem","position":1,"name":"Home","item":"https:\/\/blog.webex.com\/fr\/"},{"@type":"ListItem","position":2,"name":"Slido dans Webex\u00a0: l\u2019int\u00e9gration au centre de toutes les discussions"}]},{"@type":"WebSite","@id":"https:\/\/blog.webex.com\/es\/#website","url":"https:\/\/blog.webex.com\/es\/","name":"Webex Blog","description":"Webex by Cisco powers collaboration through industry-leading video conferencing, cloud calling and contact center solutions","potentialAction":[{"@type":"SearchAction","target":{"@type":"EntryPoint","urlTemplate":"https:\/\/blog.webex.com\/es\/?s={search_term_string}"},"query-input":{"@type":"PropertyValueSpecification","valueRequired":true,"valueName":"search_term_string"}}],"inLanguage":"fr-FR"},{"@type":"Person","@id":"https:\/\/blog.webex.com\/es\/#\/schema\/person\/13fdf68aabdbbdd7b0f407af309b7a8b","name":"Jessica Knieff","image":{"@type":"ImageObject","inLanguage":"fr-FR","@id":"https:\/\/blog.webex.com\/es\/#\/schema\/person\/image\/","url":"https:\/\/secure.gravatar.com\/avatar\/800d1a7108bfd62cc1d5e061f08deaca4a8b6ec25d53f6d80faa15bfa792ce7d?s=96&d=wp_user_avatar&r=g","contentUrl":"https:\/\/secure.gravatar.com\/avatar\/800d1a7108bfd62cc1d5e061f08deaca4a8b6ec25d53f6d80faa15bfa792ce7d?s=96&d=wp_user_avatar&r=g","caption":"Jessica Knieff"},"description":"Jessica Knieff is a Marketing Manager on the Ecosystem &amp; Tech Integrations Marketing team at Webex. She is responsible for managing partner market launches and driving compelling content across multiple channels to drive broad market awareness. Jessica has spent her career enabling partner success and supporting the clear communication of partner value propositions. With a wide breadth of experience between channel partners and integration partners, her current focus is enabling hybrid work with partner-developed, integrated enhancements to Webex meetings and messaging. Jessica holds a bachelor's degree in Mass Media from Washburn University and is passionate about leadership and personal development. She is based out of Denver and spends her free time working in animal rescue, making music, and exploring the Rocky Mountains.","sameAs":["https:\/\/www.linkedin.com\/in\/jessicaknieff\/","https:\/\/x.com\/https:\/\/twitter.com\/JessKnieff"],"url":"https:\/\/blog.webex.com\/fr\/contributors\/jessica_knieff\/"}]}},"_links":{"self":[{"href":"https:\/\/blog.webex.com\/fr\/wp-json\/wp\/v2\/posts\/390475","targetHints":{"allow":["GET"]}}],"collection":[{"href":"https:\/\/blog.webex.com\/fr\/wp-json\/wp\/v2\/posts"}],"about":[{"href":"https:\/\/blog.webex.com\/fr\/wp-json\/wp\/v2\/types\/post"}],"author":[{"embeddable":true,"href":"https:\/\/blog.webex.com\/fr\/wp-json\/wp\/v2\/users\/5577"}],"replies":[{"embeddable":true,"href":"https:\/\/blog.webex.com\/fr\/wp-json\/wp\/v2\/comments?post=390475"}],"version-history":[{"count":0,"href":"https:\/\/blog.webex.com\/fr\/wp-json\/wp\/v2\/posts\/390475\/revisions"}],"wp:featuredmedia":[{"embeddable":true,"href":"https:\/\/blog.webex.com\/fr\/wp-json\/wp\/v2\/media\/390417"}],"wp:attachment":[{"href":"https:\/\/blog.webex.com\/fr\/wp-json\/wp\/v2\/media?parent=390475"}],"wp:term":[{"taxonomy":"category","embeddable":true,"href":"https:\/\/blog.webex.com\/fr\/wp-json\/wp\/v2\/categories?post=390475"},{"taxonomy":"post_tag","embeddable":true,"href":"https:\/\/blog.webex.com\/fr\/wp-json\/wp\/v2\/tags?post=390475"}],"curies":[{"name":"wp","href":"https:\/\/api.w.org\/{rel}","templated":true}]}}