{"id":392986,"date":"2022-03-22T07:09:56","date_gmt":"2022-03-22T14:09:56","guid":{"rendered":"https:\/\/blog.webex.com\/uncategorized-fr\/ajouter-une-touche-de-magie-au-travail-hybride-les-appareils-webex-prennent-maintenant-en-charge-apple-airplay\/"},"modified":"2024-09-17T23:36:22","modified_gmt":"2024-09-18T06:36:22","slug":"ajouter-une-touche-de-magie-au-travail-hybride-les-appareils-webex-prennent-maintenant-en-charge-apple-airplay","status":"publish","type":"post","link":"https:\/\/blog.webex.com\/fr\/customer-stories-fr\/ajouter-une-touche-de-magie-au-travail-hybride-les-appareils-webex-prennent-maintenant-en-charge-apple-airplay\/","title":{"rendered":"Ajouter une touche de magie au travail hybride\u00a0: les appareils ..."},"content":{"rendered":"<p>Une des cl\u00e9s de la r\u00e9ussite dans l\u2019univers du travail hybride consiste \u00e0 offrir aux employ\u00e9s la libert\u00e9 de choisir o\u00f9, quand et comment ils souhaitent travailler\u2026 gr\u00e2ce \u00e0 des appareils et des applications d\u2019exception.<\/p>\n<p>Pour cr\u00e9er des exp\u00e9riences utilisateur v\u00e9ritablement magiques, nous nous attachons chez Cisco \u00e0 d\u00e9velopper des int\u00e9grations natives qui permettent \u00e0 chacun d\u2019utiliser ses appareils favoris pour travailler efficacement.<\/p>\n<p>En octobre, \u00e0 l\u2019occasion de WebexOne, nous avons annonc\u00e9 la cr\u00e9ation d\u2019une exp\u00e9rience ax\u00e9e sur la mobilit\u00e9 gr\u00e2ce \u00e0 <a href=\"https:\/\/blog.webex.com\/fr\/travail-hybride\/des-experiences-magiques-presentation-de-la-toute-nouvelle-application-webex-pour-ipad\/\" target=\"_blank\" rel=\"noopener\"><br \/>\n  <strong>Webex pour iPad<\/strong><br \/>\n<\/a>. Depuis lors, notre \u00e9quipe interne d\u00e9di\u00e9e au d\u00e9veloppement et \u00e0 la conception de solutions pour Apple n\u2019a cess\u00e9 d\u2019innover. Je suis fier d\u2019annoncer aujourd\u2019hui que l\u2019exp\u00e9rience Webex va int\u00e9grer AirPlay\u00a0!<\/p>\n<p><a href=\"https:\/\/blog.webex.com\/wp-content\/uploads\/2022\/03\/MacPro_DeskPro_AirPlay2png.png\"><br \/>\n  <img loading=\"lazy\" decoding=\"async\" class=\"aligncenter size-full wp-image-391301\" src=\"https:\/\/blog.webex.com\/wp-content\/uploads\/2022\/03\/MacPro_DeskPro_AirPlay2png.png\" alt=\"MacPro_DeskPro_AirPlay2\" width=\"2352\" height=\"1325\" srcset=\"https:\/\/blog.webex.com\/wp-content\/uploads\/2022\/03\/MacPro_DeskPro_AirPlay2png.png 923w, https:\/\/blog.webex.com\/wp-content\/uploads\/2022\/03\/MacPro_DeskPro_AirPlay2png-300x169.png 300w, https:\/\/blog.webex.com\/wp-content\/uploads\/2022\/03\/MacPro_DeskPro_AirPlay2png-1024x577.png 1024w, https:\/\/blog.webex.com\/wp-content\/uploads\/2022\/03\/MacPro_DeskPro_AirPlay2png-768x433.png 768w, https:\/\/blog.webex.com\/wp-content\/uploads\/2022\/03\/MacPro_DeskPro_AirPlay2png-1536x865.png 1536w, https:\/\/blog.webex.com\/wp-content\/uploads\/2022\/03\/MacPro_DeskPro_AirPlay2png-2048x1154.png 2048w\" sizes=\"auto, (max-width: 2352px) 100vw, 2352px\" \/><br \/>\n<\/a><\/p>\n<p>L\u2019int\u00e9gration d\u2019AirPlay aux appareils Webex nous permet d\u2019offrir la flexibilit\u00e9 que les professionnels recherchent et dont ils ont besoin. Ils peuvent maintenant collaborer, partager et profiter de leurs contenus tr\u00e8s simplement, au travail ou chez eux, sur les appareils qu\u2019ils appr\u00e9cient et utilisent quotidiennement.<\/p>\n<p>Avec la prise en charge d\u2019AirPlay sur les appareils Webex des s\u00e9ries Room, Desk et Board, les utilisateurs peuvent \u00e0 pr\u00e9sent profiter d\u2019une connexion sans fil \u00e0 leur iPhone, iPad et Mac pour partager des contenus ou mettre leurs \u00e9crans en miroir durant une r\u00e9union avec des coll\u00e8gues, qu\u2019ils soient rassembl\u00e9s dans une salle de r\u00e9union ou participent \u00e0 distance \u00e0 un appel vid\u00e9o. Plus besoin de chercher partout les bons c\u00e2bles ou de se pr\u00e9occuper des connexions.<\/p>\n<p>Gr\u00e2ce aux mesures de confidentialit\u00e9 et de s\u00e9curit\u00e9 int\u00e9gr\u00e9es \u00e0 Webex et \u00e0 AirPlay, les utilisateurs ont l\u2019assurance de partager leur contenu sur l\u2019\u00e9cran appropri\u00e9, en toute s\u00e9r\u00e9nit\u00e9. Les administrateurs peuvent mettre en \u0153uvre une protection simple et s\u00e9curis\u00e9e par code PIN durant la configuration, et faire en sorte qu\u2019elle s\u2019affiche chaque fois qu\u2019un utilisateur tente de partager un contenu.<\/p>\n<p>Je suis ravi de pr\u00e9senter ce niveau in\u00e9dit de collaboration, qui s\u2019inscrit totalement dans notre engagement en faveur du travail hybride et permet d\u2019utiliser AirPlay avec les appareils Webex chez soi, au bureau ou en d\u00e9placement.<\/p>\n<p>Cette exp\u00e9rience de partage moderne et remarquable sera disponible dans le monde entier sur les appareils Webex compatibles \u00e0 partir de juin\u00a02022. Nous sommes convaincus que nos clients vont l\u2019adorer.<\/p>\n<p>Regardez cette vid\u00e9o pour en savoir plus\u00a0:<\/p>\n<p><iframe loading=\"lazy\" title=\"Apple AirPlay now on Webex Devices\" width=\"500\" height=\"281\" src=\"https:\/\/www.youtube.com\/embed\/SO0RCylJFZk?feature=oembed\" frameborder=\"0\" allow=\"accelerometer; autoplay; clipboard-write; encrypted-media; gyroscope; picture-in-picture; web-share\" referrerpolicy=\"strict-origin-when-cross-origin\" allowfullscreen><\/iframe><\/p>\n<p>\u00a0<\/p>\n<h2><strong>Et <\/strong><strong>ensuite\u00a0?<\/strong><\/h2>\n<p>Nous pensons que les produits Apple sont absolument exceptionnels et constituent des exemples parfaits de solutions id\u00e9alement con\u00e7ues pour le travail. Nous sommes ravis de notre partenariat d\u00e9but\u00e9 il y a six ans avec le lancement de Fast Lane pour iOS, d\u00e9sormais accessible \u00e0 90\u00a0% des clients de Cisco, et nous nous r\u00e9jouissons de poursuivre notre travail commun.<\/p>\n<blockquote><p><strong>Je vous invite \u00e0 consulter l\u2019article <a href=\"https:\/\/blog.webex.com\/fr\/visioconferences\/quoi-de-neuf-dans-webex-mars-2022\/\" target=\"_blank\" rel=\"noopener\">Quoi de neuf dans Webex\u00a0?<\/a> ainsi que notre <a href=\"https:\/\/newsroom.cisco.com\/c\/r\/newsroom\/en\/us\/a\/y2022\/m03\/webex-by-cisco-reimagines-hybrid-work-experiences.html\" target=\"_blank\" rel=\"noopener\">Newsroom<\/a> pour en apprendre davantage sur l\u2019actualit\u00e9 de Webex.<\/strong><\/p><\/blockquote>\n<p><strong>En savoir plus<\/strong><\/p>\n<p>Webex by Cisco r\u00e9invente les exp\u00e9riences de travail hybride [<a href=\"https:\/\/newsroom.cisco.com\/c\/r\/newsroom\/en\/us\/a\/y2022\/m03\/webex-by-cisco-reimagines-hybrid-work-experiences.html\" target=\"_blank\" rel=\"noopener\">communiqu\u00e9 de presse<\/a>]<\/p>\n<p><a href=\"https:\/\/blog.webex.com\/fr\/customer-stories\/vos-applications-professionnelles-favorites-bientot-disponibles-sur-les-appareils-webex\/\" target=\"_blank\" rel=\"noopener\">Vos applications professionnelles favorites bient\u00f4t disponibles sur les appareils Webex<\/a><\/p>\n<p><a href=\"https:\/\/blog.webex.com\/fr\/customer-stories\/reinventer-le-travail-avec-webex\/\" target=\"_blank\" rel=\"noopener\">R\u00e9inventer le travail avec Webex<\/a><\/p>\n<p>\u00a0<\/p>\n","protected":false},"excerpt":{"rendered":"<p>Une des cl\u00e9s de la r\u00e9ussite dans l\u2019univers du travail hybride consiste \u00e0 offrir aux employ\u00e9s la libert\u00e9 de choisir [&hellip;]<\/p>\n","protected":false},"author":5404,"featured_media":391293,"comment_status":"closed","ping_status":"open","sticky":false,"template":"","format":"standard","meta":{"inline_featured_image":false,"footnotes":""},"categories":[5253,1502],"tags":[1587,3851,2066,5672,5346,2393],"class_list":["post-392986","post","type-post","status-publish","format-standard","has-post-thumbnail","hentry","category-collaboration-fr","category-customer-stories-fr","tag-appareils-webex","tag-collaboration-solutions","tag-outils-de-collaboration","tag-solutions-de-collaboration","tag-transformation-du-lieu-de-travail","tag-travail-hybride"],"acf":[],"yoast_head":"<!-- This site is optimized with the Yoast SEO plugin v27.1.1 - https:\/\/yoast.com\/product\/yoast-seo-wordpress\/ -->\n<title>Ajouter une touche de magie au travail hybride\u00a0: les appareils Webex prennent maintenant en charge Apple AirPlay | Webex Blog<\/title>\n<meta name=\"robots\" content=\"index, follow, max-snippet:-1, max-image-preview:large, max-video-preview:-1\" \/>\n<link rel=\"canonical\" href=\"https:\/\/blog.webex.com\/fr\/customer-stories-fr\/ajouter-une-touche-de-magie-au-travail-hybride-les-appareils-webex-prennent-maintenant-en-charge-apple-airplay\/\" \/>\n<meta property=\"og:locale\" content=\"fr_FR\" \/>\n<meta property=\"og:type\" content=\"article\" \/>\n<meta property=\"og:title\" content=\"Ajouter une touche de magie au travail hybride\u00a0: les appareils Webex prennent maintenant en charge Apple AirPlay | Webex Blog\" \/>\n<meta property=\"og:description\" content=\"Une des cl\u00e9s de la r\u00e9ussite dans l\u2019univers du travail hybride consiste \u00e0 offrir aux employ\u00e9s la libert\u00e9 de choisir [&hellip;]\" \/>\n<meta property=\"og:url\" content=\"https:\/\/blog.webex.com\/fr\/customer-stories-fr\/ajouter-une-touche-de-magie-au-travail-hybride-les-appareils-webex-prennent-maintenant-en-charge-apple-airplay\/\" \/>\n<meta property=\"og:site_name\" content=\"Webex Blog\" \/>\n<meta property=\"article:published_time\" content=\"2022-03-22T14:09:56+00:00\" \/>\n<meta property=\"article:modified_time\" content=\"2024-09-18T06:36:22+00:00\" \/>\n<meta property=\"og:image\" content=\"https:\/\/blog.webex.com\/wp-content\/uploads\/2022\/03\/camera_ccexpress.jpeg\" \/>\n\t<meta property=\"og:image:width\" content=\"975\" \/>\n\t<meta property=\"og:image:height\" content=\"554\" \/>\n\t<meta property=\"og:image:type\" content=\"image\/jpeg\" \/>\n<meta name=\"author\" content=\"Jeetu Patel\" \/>\n<meta name=\"twitter:label1\" content=\"\u00c9crit par\" \/>\n\t<meta name=\"twitter:data1\" content=\"Jeetu Patel\" \/>\n\t<meta name=\"twitter:label2\" content=\"Dur\u00e9e de lecture estim\u00e9e\" \/>\n\t<meta name=\"twitter:data2\" content=\"3 minutes\" \/>\n<script type=\"application\/ld+json\" class=\"yoast-schema-graph\">{\"@context\":\"https:\/\/schema.org\",\"@graph\":[{\"@type\":\"Article\",\"@id\":\"https:\/\/blog.webex.com\/fr\/customer-stories-fr\/ajouter-une-touche-de-magie-au-travail-hybride-les-appareils-webex-prennent-maintenant-en-charge-apple-airplay\/#article\",\"isPartOf\":{\"@id\":\"https:\/\/blog.webex.com\/fr\/customer-stories-fr\/ajouter-une-touche-de-magie-au-travail-hybride-les-appareils-webex-prennent-maintenant-en-charge-apple-airplay\/\"},\"author\":{\"name\":\"Jeetu Patel\",\"@id\":\"https:\/\/blog.webex.com\/es\/#\/schema\/person\/42a777fd5577c746c2624933ccd6e97f\"},\"headline\":\"Ajouter une touche de magie au travail hybride\u00a0: les appareils ...\",\"datePublished\":\"2022-03-22T14:09:56+00:00\",\"dateModified\":\"2024-09-18T06:36:22+00:00\",\"mainEntityOfPage\":{\"@id\":\"https:\/\/blog.webex.com\/fr\/customer-stories-fr\/ajouter-une-touche-de-magie-au-travail-hybride-les-appareils-webex-prennent-maintenant-en-charge-apple-airplay\/\"},\"wordCount\":570,\"image\":{\"@id\":\"https:\/\/blog.webex.com\/fr\/customer-stories-fr\/ajouter-une-touche-de-magie-au-travail-hybride-les-appareils-webex-prennent-maintenant-en-charge-apple-airplay\/#primaryimage\"},\"thumbnailUrl\":\"https:\/\/blog.webex.com\/wp-content\/uploads\/2022\/03\/camera_ccexpress.jpeg\",\"keywords\":[\"appareils webex\",\"Collaboration Solutions\",\"outils de collaboration\",\"Solutions de collaboration\",\"transformation du lieu de travail\",\"travail hybride\"],\"articleSection\":[\"Collaboration\",\"Customer Stories\"],\"inLanguage\":\"fr-FR\"},{\"@type\":\"WebPage\",\"@id\":\"https:\/\/blog.webex.com\/fr\/customer-stories-fr\/ajouter-une-touche-de-magie-au-travail-hybride-les-appareils-webex-prennent-maintenant-en-charge-apple-airplay\/\",\"url\":\"https:\/\/blog.webex.com\/fr\/customer-stories-fr\/ajouter-une-touche-de-magie-au-travail-hybride-les-appareils-webex-prennent-maintenant-en-charge-apple-airplay\/\",\"name\":\"Ajouter une touche de magie au travail hybride\u00a0: les appareils Webex prennent maintenant en charge Apple AirPlay | Webex Blog\",\"isPartOf\":{\"@id\":\"https:\/\/blog.webex.com\/es\/#website\"},\"primaryImageOfPage\":{\"@id\":\"https:\/\/blog.webex.com\/fr\/customer-stories-fr\/ajouter-une-touche-de-magie-au-travail-hybride-les-appareils-webex-prennent-maintenant-en-charge-apple-airplay\/#primaryimage\"},\"image\":{\"@id\":\"https:\/\/blog.webex.com\/fr\/customer-stories-fr\/ajouter-une-touche-de-magie-au-travail-hybride-les-appareils-webex-prennent-maintenant-en-charge-apple-airplay\/#primaryimage\"},\"thumbnailUrl\":\"https:\/\/blog.webex.com\/wp-content\/uploads\/2022\/03\/camera_ccexpress.jpeg\",\"datePublished\":\"2022-03-22T14:09:56+00:00\",\"dateModified\":\"2024-09-18T06:36:22+00:00\",\"author\":{\"@id\":\"https:\/\/blog.webex.com\/es\/#\/schema\/person\/42a777fd5577c746c2624933ccd6e97f\"},\"breadcrumb\":{\"@id\":\"https:\/\/blog.webex.com\/fr\/customer-stories-fr\/ajouter-une-touche-de-magie-au-travail-hybride-les-appareils-webex-prennent-maintenant-en-charge-apple-airplay\/#breadcrumb\"},\"inLanguage\":\"fr-FR\",\"potentialAction\":[{\"@type\":\"ReadAction\",\"target\":[\"https:\/\/blog.webex.com\/fr\/customer-stories-fr\/ajouter-une-touche-de-magie-au-travail-hybride-les-appareils-webex-prennent-maintenant-en-charge-apple-airplay\/\"]}]},{\"@type\":\"ImageObject\",\"inLanguage\":\"fr-FR\",\"@id\":\"https:\/\/blog.webex.com\/fr\/customer-stories-fr\/ajouter-une-touche-de-magie-au-travail-hybride-les-appareils-webex-prennent-maintenant-en-charge-apple-airplay\/#primaryimage\",\"url\":\"https:\/\/blog.webex.com\/wp-content\/uploads\/2022\/03\/camera_ccexpress.jpeg\",\"contentUrl\":\"https:\/\/blog.webex.com\/wp-content\/uploads\/2022\/03\/camera_ccexpress.jpeg\",\"width\":975,\"height\":554,\"caption\":\"camera\"},{\"@type\":\"BreadcrumbList\",\"@id\":\"https:\/\/blog.webex.com\/fr\/customer-stories-fr\/ajouter-une-touche-de-magie-au-travail-hybride-les-appareils-webex-prennent-maintenant-en-charge-apple-airplay\/#breadcrumb\",\"itemListElement\":[{\"@type\":\"ListItem\",\"position\":1,\"name\":\"Home\",\"item\":\"https:\/\/blog.webex.com\/fr\/\"},{\"@type\":\"ListItem\",\"position\":2,\"name\":\"Ajouter une touche de magie au travail hybride\u00a0: les appareils ...\"}]},{\"@type\":\"WebSite\",\"@id\":\"https:\/\/blog.webex.com\/es\/#website\",\"url\":\"https:\/\/blog.webex.com\/es\/\",\"name\":\"Webex Blog\",\"description\":\"Webex by Cisco powers collaboration through industry-leading video conferencing, cloud calling and contact center solutions\",\"potentialAction\":[{\"@type\":\"SearchAction\",\"target\":{\"@type\":\"EntryPoint\",\"urlTemplate\":\"https:\/\/blog.webex.com\/es\/?s={search_term_string}\"},\"query-input\":{\"@type\":\"PropertyValueSpecification\",\"valueRequired\":true,\"valueName\":\"search_term_string\"}}],\"inLanguage\":\"fr-FR\"},{\"@type\":\"Person\",\"@id\":\"https:\/\/blog.webex.com\/es\/#\/schema\/person\/42a777fd5577c746c2624933ccd6e97f\",\"name\":\"Jeetu Patel\",\"image\":{\"@type\":\"ImageObject\",\"inLanguage\":\"fr-FR\",\"@id\":\"https:\/\/blog.webex.com\/es\/#\/schema\/person\/image\/\",\"url\":\"https:\/\/secure.gravatar.com\/avatar\/f9c919c015c3badca20d2f3bc53b829386c36faddd3a8537f081083e66d02884?s=96&d=wp_user_avatar&r=g\",\"contentUrl\":\"https:\/\/secure.gravatar.com\/avatar\/f9c919c015c3badca20d2f3bc53b829386c36faddd3a8537f081083e66d02884?s=96&d=wp_user_avatar&r=g\",\"caption\":\"Jeetu Patel\"},\"description\":\"Jeetu Patel is Cisco\u2019s President and Chief Product Officer, leading global product\u00a0vision and\u00a0strategy. Under his leadership, Cisco has driven innovation across its broad portfolio of products, establishing the company as the critical infrastructure for the AI era. Patel joined Cisco in 2020 to lead the collaboration and security business. He\u00a0quickly became recognized\u00a0for his commitment to product\u00a0design and user experience, leading the team through a period of rapid innovation to transform Webex and support customers through the global pandemic. In 2024 he was promoted to the role of Chief Product Officer, where he now leads several\u00a0multibillion-dollar categories, including networking, computing, security, Splunk, and more. A recognized expert in artificial intelligence\u00a0and product strategy, Patel\u2019s\u00a0held senior leadership roles at Box, EMC, and Doculabs. Jeetu also serves on the board of JLL. He holds a B.S. in Information Decision Sciences from the University of Illinois, Chicago.\",\"url\":\"https:\/\/blog.webex.com\/fr\/contributors\/jeetupatel\/\"}]}<\/script>\n<!-- \/ Yoast SEO plugin. -->","yoast_head_json":{"title":"Ajouter une touche de magie au travail hybride\u00a0: les appareils Webex prennent maintenant en charge Apple AirPlay | Webex Blog","robots":{"index":"index","follow":"follow","max-snippet":"max-snippet:-1","max-image-preview":"max-image-preview:large","max-video-preview":"max-video-preview:-1"},"canonical":"https:\/\/blog.webex.com\/fr\/customer-stories-fr\/ajouter-une-touche-de-magie-au-travail-hybride-les-appareils-webex-prennent-maintenant-en-charge-apple-airplay\/","og_locale":"fr_FR","og_type":"article","og_title":"Ajouter une touche de magie au travail hybride\u00a0: les appareils Webex prennent maintenant en charge Apple AirPlay | Webex Blog","og_description":"Une des cl\u00e9s de la r\u00e9ussite dans l\u2019univers du travail hybride consiste \u00e0 offrir aux employ\u00e9s la libert\u00e9 de choisir [&hellip;]","og_url":"https:\/\/blog.webex.com\/fr\/customer-stories-fr\/ajouter-une-touche-de-magie-au-travail-hybride-les-appareils-webex-prennent-maintenant-en-charge-apple-airplay\/","og_site_name":"Webex Blog","article_published_time":"2022-03-22T14:09:56+00:00","article_modified_time":"2024-09-18T06:36:22+00:00","og_image":[{"width":975,"height":554,"url":"https:\/\/blog.webex.com\/wp-content\/uploads\/2022\/03\/camera_ccexpress.jpeg","type":"image\/jpeg"}],"author":"Jeetu Patel","twitter_misc":{"\u00c9crit par":"Jeetu Patel","Dur\u00e9e de lecture estim\u00e9e":"3 minutes"},"schema":{"@context":"https:\/\/schema.org","@graph":[{"@type":"Article","@id":"https:\/\/blog.webex.com\/fr\/customer-stories-fr\/ajouter-une-touche-de-magie-au-travail-hybride-les-appareils-webex-prennent-maintenant-en-charge-apple-airplay\/#article","isPartOf":{"@id":"https:\/\/blog.webex.com\/fr\/customer-stories-fr\/ajouter-une-touche-de-magie-au-travail-hybride-les-appareils-webex-prennent-maintenant-en-charge-apple-airplay\/"},"author":{"name":"Jeetu Patel","@id":"https:\/\/blog.webex.com\/es\/#\/schema\/person\/42a777fd5577c746c2624933ccd6e97f"},"headline":"Ajouter une touche de magie au travail hybride\u00a0: les appareils ...","datePublished":"2022-03-22T14:09:56+00:00","dateModified":"2024-09-18T06:36:22+00:00","mainEntityOfPage":{"@id":"https:\/\/blog.webex.com\/fr\/customer-stories-fr\/ajouter-une-touche-de-magie-au-travail-hybride-les-appareils-webex-prennent-maintenant-en-charge-apple-airplay\/"},"wordCount":570,"image":{"@id":"https:\/\/blog.webex.com\/fr\/customer-stories-fr\/ajouter-une-touche-de-magie-au-travail-hybride-les-appareils-webex-prennent-maintenant-en-charge-apple-airplay\/#primaryimage"},"thumbnailUrl":"https:\/\/blog.webex.com\/wp-content\/uploads\/2022\/03\/camera_ccexpress.jpeg","keywords":["appareils webex","Collaboration Solutions","outils de collaboration","Solutions de collaboration","transformation du lieu de travail","travail hybride"],"articleSection":["Collaboration","Customer Stories"],"inLanguage":"fr-FR"},{"@type":"WebPage","@id":"https:\/\/blog.webex.com\/fr\/customer-stories-fr\/ajouter-une-touche-de-magie-au-travail-hybride-les-appareils-webex-prennent-maintenant-en-charge-apple-airplay\/","url":"https:\/\/blog.webex.com\/fr\/customer-stories-fr\/ajouter-une-touche-de-magie-au-travail-hybride-les-appareils-webex-prennent-maintenant-en-charge-apple-airplay\/","name":"Ajouter une touche de magie au travail hybride\u00a0: les appareils Webex prennent maintenant en charge Apple AirPlay | Webex Blog","isPartOf":{"@id":"https:\/\/blog.webex.com\/es\/#website"},"primaryImageOfPage":{"@id":"https:\/\/blog.webex.com\/fr\/customer-stories-fr\/ajouter-une-touche-de-magie-au-travail-hybride-les-appareils-webex-prennent-maintenant-en-charge-apple-airplay\/#primaryimage"},"image":{"@id":"https:\/\/blog.webex.com\/fr\/customer-stories-fr\/ajouter-une-touche-de-magie-au-travail-hybride-les-appareils-webex-prennent-maintenant-en-charge-apple-airplay\/#primaryimage"},"thumbnailUrl":"https:\/\/blog.webex.com\/wp-content\/uploads\/2022\/03\/camera_ccexpress.jpeg","datePublished":"2022-03-22T14:09:56+00:00","dateModified":"2024-09-18T06:36:22+00:00","author":{"@id":"https:\/\/blog.webex.com\/es\/#\/schema\/person\/42a777fd5577c746c2624933ccd6e97f"},"breadcrumb":{"@id":"https:\/\/blog.webex.com\/fr\/customer-stories-fr\/ajouter-une-touche-de-magie-au-travail-hybride-les-appareils-webex-prennent-maintenant-en-charge-apple-airplay\/#breadcrumb"},"inLanguage":"fr-FR","potentialAction":[{"@type":"ReadAction","target":["https:\/\/blog.webex.com\/fr\/customer-stories-fr\/ajouter-une-touche-de-magie-au-travail-hybride-les-appareils-webex-prennent-maintenant-en-charge-apple-airplay\/"]}]},{"@type":"ImageObject","inLanguage":"fr-FR","@id":"https:\/\/blog.webex.com\/fr\/customer-stories-fr\/ajouter-une-touche-de-magie-au-travail-hybride-les-appareils-webex-prennent-maintenant-en-charge-apple-airplay\/#primaryimage","url":"https:\/\/blog.webex.com\/wp-content\/uploads\/2022\/03\/camera_ccexpress.jpeg","contentUrl":"https:\/\/blog.webex.com\/wp-content\/uploads\/2022\/03\/camera_ccexpress.jpeg","width":975,"height":554,"caption":"camera"},{"@type":"BreadcrumbList","@id":"https:\/\/blog.webex.com\/fr\/customer-stories-fr\/ajouter-une-touche-de-magie-au-travail-hybride-les-appareils-webex-prennent-maintenant-en-charge-apple-airplay\/#breadcrumb","itemListElement":[{"@type":"ListItem","position":1,"name":"Home","item":"https:\/\/blog.webex.com\/fr\/"},{"@type":"ListItem","position":2,"name":"Ajouter une touche de magie au travail hybride\u00a0: les appareils ..."}]},{"@type":"WebSite","@id":"https:\/\/blog.webex.com\/es\/#website","url":"https:\/\/blog.webex.com\/es\/","name":"Webex Blog","description":"Webex by Cisco powers collaboration through industry-leading video conferencing, cloud calling and contact center solutions","potentialAction":[{"@type":"SearchAction","target":{"@type":"EntryPoint","urlTemplate":"https:\/\/blog.webex.com\/es\/?s={search_term_string}"},"query-input":{"@type":"PropertyValueSpecification","valueRequired":true,"valueName":"search_term_string"}}],"inLanguage":"fr-FR"},{"@type":"Person","@id":"https:\/\/blog.webex.com\/es\/#\/schema\/person\/42a777fd5577c746c2624933ccd6e97f","name":"Jeetu Patel","image":{"@type":"ImageObject","inLanguage":"fr-FR","@id":"https:\/\/blog.webex.com\/es\/#\/schema\/person\/image\/","url":"https:\/\/secure.gravatar.com\/avatar\/f9c919c015c3badca20d2f3bc53b829386c36faddd3a8537f081083e66d02884?s=96&d=wp_user_avatar&r=g","contentUrl":"https:\/\/secure.gravatar.com\/avatar\/f9c919c015c3badca20d2f3bc53b829386c36faddd3a8537f081083e66d02884?s=96&d=wp_user_avatar&r=g","caption":"Jeetu Patel"},"description":"Jeetu Patel is Cisco\u2019s President and Chief Product Officer, leading global product\u00a0vision and\u00a0strategy. Under his leadership, Cisco has driven innovation across its broad portfolio of products, establishing the company as the critical infrastructure for the AI era. Patel joined Cisco in 2020 to lead the collaboration and security business. He\u00a0quickly became recognized\u00a0for his commitment to product\u00a0design and user experience, leading the team through a period of rapid innovation to transform Webex and support customers through the global pandemic. In 2024 he was promoted to the role of Chief Product Officer, where he now leads several\u00a0multibillion-dollar categories, including networking, computing, security, Splunk, and more. A recognized expert in artificial intelligence\u00a0and product strategy, Patel\u2019s\u00a0held senior leadership roles at Box, EMC, and Doculabs. Jeetu also serves on the board of JLL. He holds a B.S. in Information Decision Sciences from the University of Illinois, Chicago.","url":"https:\/\/blog.webex.com\/fr\/contributors\/jeetupatel\/"}]}},"_links":{"self":[{"href":"https:\/\/blog.webex.com\/fr\/wp-json\/wp\/v2\/posts\/392986","targetHints":{"allow":["GET"]}}],"collection":[{"href":"https:\/\/blog.webex.com\/fr\/wp-json\/wp\/v2\/posts"}],"about":[{"href":"https:\/\/blog.webex.com\/fr\/wp-json\/wp\/v2\/types\/post"}],"author":[{"embeddable":true,"href":"https:\/\/blog.webex.com\/fr\/wp-json\/wp\/v2\/users\/5404"}],"replies":[{"embeddable":true,"href":"https:\/\/blog.webex.com\/fr\/wp-json\/wp\/v2\/comments?post=392986"}],"version-history":[{"count":0,"href":"https:\/\/blog.webex.com\/fr\/wp-json\/wp\/v2\/posts\/392986\/revisions"}],"wp:featuredmedia":[{"embeddable":true,"href":"https:\/\/blog.webex.com\/fr\/wp-json\/wp\/v2\/media\/391293"}],"wp:attachment":[{"href":"https:\/\/blog.webex.com\/fr\/wp-json\/wp\/v2\/media?parent=392986"}],"wp:term":[{"taxonomy":"category","embeddable":true,"href":"https:\/\/blog.webex.com\/fr\/wp-json\/wp\/v2\/categories?post=392986"},{"taxonomy":"post_tag","embeddable":true,"href":"https:\/\/blog.webex.com\/fr\/wp-json\/wp\/v2\/tags?post=392986"}],"curies":[{"name":"wp","href":"https:\/\/api.w.org\/{rel}","templated":true}]}}