{"id":393029,"date":"2022-03-22T07:10:35","date_gmt":"2022-03-22T14:10:35","guid":{"rendered":"https:\/\/blog.webex.com\/uncategorized-fr\/reinventer-le-travail-avec-webex\/"},"modified":"2024-09-17T23:36:21","modified_gmt":"2024-09-18T06:36:21","slug":"reinventer-le-travail-avec-webex","status":"publish","type":"post","link":"https:\/\/blog.webex.com\/fr\/customer-stories-fr\/reinventer-le-travail-avec-webex\/","title":{"rendered":"R\u00e9inventer le travail avec Webex"},"content":{"rendered":"<p><span class=\"TextRun SCXW254116873 BCX4\" lang=\"fr\" xml:lang=\"fr\" data-contrast=\"auto\"><br \/>\n  <span class=\"NormalTextRun SCXW254116873 BCX4\">Beaucoup de choses ont chang\u00e9 ces derni\u00e8res ann\u00e9es. <\/span><br \/>\n<\/span><span class=\"TextRun SCXW254116873 BCX4\" lang=\"fr\" xml:lang=\"fr\" data-contrast=\"auto\"><br \/>\n  <span class=\"NormalTextRun SCXW254116873 BCX4\">La productivit\u00e9 a augment\u00e9, mais le bien-\u00eatre des employ\u00e9s a d\u00e9clin\u00e9. <\/span><br \/>\n<\/span><span class=\"TextRun SCXW254116873 BCX4\" lang=\"fr\" xml:lang=\"fr\" data-contrast=\"auto\"><br \/>\n  <span class=\"NormalTextRun SCXW254116873 BCX4\" data-ccp-charstyle=\"normaltextrun\" data-ccp-charstyle-defn=\"{&quot;ObjectId&quot;:&quot;a75bb00c-d82f-43f8-a195-dcf1b28ceec0|15&quot;,&quot;ClassId&quot;:1073872969,&quot;Properties&quot;:[469775450,&quot;normaltextrun&quot;,201340122,&quot;1&quot;,134233614,&quot;true&quot;,469778129,&quot;normaltextrun&quot;,335572020,&quot;1&quot;,469778324,&quot;Default Paragraph Font&quot;]}\">Des probl\u00e8mes qui ne concernaient autrefois <\/span><br \/>\n  <span class=\"NormalTextRun ContextualSpellingAndGrammarErrorV2 SCXW254116873 BCX4\" data-ccp-charstyle=\"normaltextrun\">que<\/span><br \/>\n  <span class=\"NormalTextRun SCXW254116873 BCX4\" data-ccp-charstyle=\"normaltextrun\"> certains groupes, comme encha\u00eener les r\u00e9unions sans faire de pause, sont devenus une pr\u00e9occupation commune \u00e0 tous<\/span><br \/>\n  <span class=\"NormalTextRun SCXW254116873 BCX4\" data-ccp-charstyle=\"eop\" data-ccp-charstyle-defn=\"{&quot;ObjectId&quot;:&quot;a75bb00c-d82f-43f8-a195-dcf1b28ceec0|16&quot;,&quot;ClassId&quot;:1073872969,&quot;Properties&quot;:[469775450,&quot;eop&quot;,201340122,&quot;1&quot;,134233614,&quot;true&quot;,469778129,&quot;eop&quot;,335572020,&quot;1&quot;,469778324,&quot;Default Paragraph Font&quot;]}\">. <\/span><br \/>\n<\/span><span class=\"TextRun SCXW254116873 BCX4\" lang=\"fr\" xml:lang=\"fr\" data-contrast=\"auto\"><br \/>\n  <span class=\"NormalTextRun SCXW254116873 BCX4\">L\u2019a<\/span><br \/>\n  <span class=\"NormalTextRun SCXW254116873 BCX4\">doption des<\/span><br \/>\n  <span class=\"NormalTextRun SCXW254116873 BCX4\"> outils de collaboration s\u2019est acc\u00e9l\u00e9r\u00e9e, mais <\/span><br \/>\n  <span class=\"NormalTextRun SCXW254116873 BCX4\">leur gestion a <\/span><br \/>\n  <span class=\"NormalTextRun SCXW254116873 BCX4\">g\u00e9n\u00e9r\u00e9<\/span><br \/>\n  <span class=\"NormalTextRun SCXW254116873 BCX4\"> de nouvelles complexit\u00e9s pour les \u00e9quipes IT<\/span><br \/>\n  <span class=\"NormalTextRun SCXW254116873 BCX4\">. <\/span><br \/>\n  <span class=\"NormalTextRun SCXW254116873 BCX4\">Et alors qu<\/span><br \/>\n  <span class=\"NormalTextRun SCXW254116873 BCX4\">e tout le monde b\u00e9n\u00e9ficiait du m\u00eame espace \u00e0 l\u2019\u00e9cran, <\/span><br \/>\n  <span class=\"NormalTextRun SCXW254116873 BCX4\">les opportunit\u00e9s de collaborer \u00e9taient-elles <\/span><br \/>\n  <span class=\"NormalTextRun SCXW254116873 BCX4\">l<\/span><br \/>\n  <span class=\"NormalTextRun SCXW254116873 BCX4\">es <\/span><br \/>\n  <span class=\"NormalTextRun SCXW254116873 BCX4\">m\u00eames pour tous\u00a0?<\/span><br \/>\n  <span class=\"NormalTextRun SCXW254116873 BCX4\">\u00a0<\/span><br \/>\n<\/span><span class=\"EOP SCXW254116873 BCX4\" data-ccp-props=\"{}\">\u00a0<\/span><\/p>\n<p><span data-contrast=\"auto\">Nous sommes \u00e0 la<\/span> <span data-contrast=\"auto\">veille d\u2019une transition massive. Le travail hybride est \u00e0 la fois diff\u00e9rent des m\u00e9thodes de travail que nous avons connues ces deux derni\u00e8res ann\u00e9es et plus difficile. <\/span><a href=\"https:\/\/www.adecco-jobs.com\/-\/media\/project\/adeccogroup\/pdf-files\/resetting-normal-pdf-files\/resetting-normal-2021_the-adecco-group_final_latest.pdf\/?modified=20210930133229\" target=\"_blank\" rel=\"noopener\"><br \/>\n  <span data-contrast=\"none\">Plus de la moiti\u00e9 des employ\u00e9s dans le monde aimeraient t\u00e9l\u00e9travailler la moiti\u00e9 du temps<\/span><br \/>\n<\/a><span data-contrast=\"auto\"> et, lorsqu\u2019ils font leur retour au bureau, ils tiennent \u00e0 imposer leurs conditions.\u00a0 Faire en sorte que les employ\u00e9s soient motiv\u00e9s et productifs lorsque certains sont pr\u00e9sents au bureau tandis que d\u2019autres t\u00e9l\u00e9travaillent donne naissance \u00e0 de nouveaux d\u00e9fis. Les interactions devront \u00e9galement \u00eatre int\u00e9ressantes et inclusives, quels que soient leurs types et leurs port\u00e9es. Les espaces de travail et les outils vont aussi devoir \u00e9voluer \u00e0 mesure que les organisations identifieront des solutions permettant de trouver un juste \u00e9quilibre entre les attentes des employ\u00e9s et les besoins g\u00e9n\u00e9raux de l\u2019entreprise.\u202f\u00a0<\/span><span data-ccp-props=\"{&quot;134233117&quot;:true,&quot;134233118&quot;:true}\">\u00a0<\/span><\/p>\n<h2><b><br \/>\n  <span data-contrast=\"auto\">Des espaces de travail r\u00e9invent\u00e9s<\/span><br \/>\n<\/b><span data-ccp-props=\"{&quot;335559740&quot;:259}\">\u00a0<\/span><\/h2>\n<p><span class=\"TextRun SCXW131854042 BCX4\" lang=\"fr\" xml:lang=\"fr\" data-contrast=\"auto\"><br \/>\n  <span class=\"NormalTextRun SCXW131854042 BCX4\" data-ccp-parastyle=\"Normal (Web)\">Alors que les employ\u00e9s reprennent le chemin du bureau, les<\/span> <span class=\"NormalTextRun SCXW131854042 BCX4\" data-ccp-parastyle=\"Normal (Web)\">attentes <\/span><span class=\"NormalTextRun SCXW131854042 BCX4\" data-ccp-parastyle=\"Normal (Web)\">ont chang\u00e9. Les o<\/span><span class=\"NormalTextRun SCXW131854042 BCX4\" data-ccp-parastyle=\"Normal (Web)\">rganisations reconsid\u00e8rent la question de la <\/span><span class=\"NormalTextRun SCXW131854042 BCX4\" data-ccp-parastyle=\"Normal (Web)\">surface physique occup\u00e9e<\/span><span class=\"NormalTextRun SCXW131854042 BCX4\" data-ccp-parastyle=\"Normal (Web)\">\u00a0: celles q<\/span><span class=\"NormalTextRun SCXW131854042 BCX4\" data-ccp-parastyle=\"Normal (Web)\">ui envisagent une strat\u00e9gie hybride <\/span><\/span><a class=\"Hyperlink SCXW131854042 BCX4\" href=\"https:\/\/www2.deloitte.com\/us\/en\/pages\/human-capital\/articles\/2021-return-to-workplace-survey.html\" target=\"_blank\" rel=\"noopener\"><br \/>\n  <span class=\"TextRun Underlined SCXW131854042 BCX4\" lang=\"fr\" xml:lang=\"fr\" data-contrast=\"none\"><br \/>\n    <span class=\"NormalTextRun SCXW131854042 BCX4\" data-ccp-charstyle=\"Hyperlink\">sont 4,5\u00a0fois plus susceptibles<\/span><br \/>\n  <\/span><br \/>\n<\/a><span class=\"TextRun SCXW131854042 BCX4\" lang=\"fr\" xml:lang=\"fr\" data-contrast=\"auto\"> <span class=\"NormalTextRun SCXW131854042 BCX4\" data-ccp-parastyle=\"Normal (Web)\">de conna\u00eetre<\/span><span class=\"NormalTextRun SCXW131854042 BCX4\" data-ccp-parastyle=\"Normal (Web)\"> une<\/span><span class=\"NormalTextRun SCXW131854042 BCX4\" data-ccp-parastyle=\"Normal (Web)\"> r\u00e9duction de plus de 10\u00a0%<\/span><span class=\"NormalTextRun SCXW131854042 BCX4\" data-ccp-parastyle=\"Normal (Web)\"> en termes d\u2019espace<\/span><span class=\"NormalTextRun SCXW131854042 BCX4\" data-ccp-parastyle=\"Normal (Web)\">.<\/span> <\/span><a class=\"Hyperlink SCXW131854042 BCX4\" href=\"https:\/\/www.adecco-jobs.com\/-\/media\/project\/adeccogroup\/pdf-files\/resetting-normal-pdf-files\/resetting-normal-2021_the-adecco-group_final_latest.pdf\/?modified=20210930133229\" target=\"_blank\" rel=\"noopener\"><br \/>\n  <span class=\"TextRun Underlined SCXW131854042 BCX4\" lang=\"fr\" xml:lang=\"fr\" data-contrast=\"none\"><br \/>\n    <span class=\"NormalTextRun SCXW131854042 BCX4\" data-ccp-charstyle=\"Hyperlink\">La perte de productivit\u00e9 <\/span><br \/>\n    <span class=\"NormalTextRun SCXW131854042 BCX4\" data-ccp-charstyle=\"Hyperlink\">et le r\u00e9am\u00e9nagement des espaces de travail pour favoriser la s\u00e9curit\u00e9 et l\u2019efficacit\u00e9<\/span><br \/>\n  <\/span><br \/>\n<\/a><span class=\"TextRun SCXW131854042 BCX4\" lang=\"fr\" xml:lang=\"fr\" data-contrast=\"auto\"> <span class=\"NormalTextRun SCXW131854042 BCX4\" data-ccp-parastyle=\"Normal (Web)\">constituent<\/span><span class=\"NormalTextRun SCXW131854042 BCX4\" data-ccp-parastyle=\"Normal (Web)\"> \u00e9galement des <\/span><span class=\"NormalTextRun SCXW131854042 BCX4\" data-ccp-parastyle=\"Normal (Web)\">pr\u00e9occupations pour les employ\u00e9s.\u00a0<\/span><\/span><span class=\"EOP SCXW131854042 BCX4\" data-ccp-props=\"{&quot;134233117&quot;:true,&quot;134233118&quot;:true,&quot;335559739&quot;:240}\">\u00a0<\/span><\/p>\n<p><span data-contrast=\"auto\">Chez Webex, nous nous attachons \u00e0 apporter des r\u00e9ponses \u00e0 ces deux probl\u00e9matiques. Nous avons compl\u00e8tement repens\u00e9 les espaces de travail, que ce soit chez soi, au bureau ou en d\u00e9placement. Nous avons aussi con\u00e7u notre suite d\u2019appareils et d\u2019applications pour vous permettre d\u2019offrir \u00e0 vos \u00e9quipes des exp\u00e9riences optimales, quels que soient le moment, l\u2019endroit et la mani\u00e8re dont elles travaillent. Que vous travailliez chez vous, au bureau, depuis un espace partag\u00e9 ou dans un espace de travail d\u00e9di\u00e9, Webex a les solutions qu\u2019il vous faut.\u00a0<\/span><span data-ccp-props=\"{&quot;335559740&quot;:259}\">\u00a0<\/span><\/p>\n<p><span data-contrast=\"auto\">Pour les espaces de travail \u00e0 domicile, la <\/span><b><br \/>\n  <span data-contrast=\"auto\">cam\u00e9ra Webex Desk<\/span><br \/>\n<\/b><span data-contrast=\"auto\"> et les <\/span><b><br \/>\n  <span data-contrast=\"auto\">casques Cisco<\/span><br \/>\n<\/b><span data-contrast=\"auto\"> offrent une exp\u00e9rience de grande qualit\u00e9 dans tous les environnements, avec un son cristallin pour les appels, une vid\u00e9o parfaitement nette lors des r\u00e9unions et la suppression du bruit pour favoriser la concentration. Portable, le <\/span><b><br \/>\n  <span data-contrast=\"auto\">Webex Desk Mini<\/span><br \/>\n<\/b><span data-contrast=\"auto\"> peut \u00eatre d\u00e9plac\u00e9 d\u2019un espace \u00e0 un autre ou s\u2019utiliser comme second \u00e9cran\u00a0: plus besoin de vous pencher sur votre ordinateur portable \u00e0 la maison pour distinguer les contenus \u00e0 l\u2019\u00e9cran. Le <\/span><b><br \/>\n  <span data-contrast=\"auto\">Webex Desk Pro<\/span><br \/>\n<\/b><span data-contrast=\"auto\"> est un poste de travail tout-en-un, dot\u00e9 de fonctionnalit\u00e9s d\u2019IA et d\u00e9di\u00e9 \u00e0 la collaboration. Les cam\u00e9ras\u00a0HD et le cadrage dynamique vous permettent de rester toujours visible \u00e0 l\u2019\u00e9cran, m\u00eame lorsque vous vous levez pour vous d\u00e9gourdir les jambes. <\/span>Pour en savoir plus, consultez notre article <a href=\"https:\/\/blog.webex.com\/fr\/peripheriques-de-collaboration\/plus-que-des-solutions-de-visioconference-des-experiences-de-travail-reinventees\/\" target=\"_blank\" rel=\"noopener\">Plus que des solutions de visioconf\u00e9rence\u00a0: des exp\u00e9riences de travail r\u00e9invent\u00e9es<\/a><\/p>\n<p><span data-contrast=\"auto\">De nombreuses personnes ont d\u00e9j\u00e0 fait leur retour au bureau, mais beaucoup de choses vont \u00eatre diff\u00e9rentes. Les bureaux partag\u00e9s ne sont pas un nouveau concept\u00a0: les entreprises et les employ\u00e9s partagent des espaces de travail depuis des ann\u00e9es. Mais nous pensons qu\u2019un bureau partag\u00e9 ne doit pas seulement \u00eatre un espace de travail pour la journ\u00e9e. Il doit devenir votre bureau personnel et offrir une exp\u00e9rience identique ou sup\u00e9rieure \u00e0 ce que vous avez connu lorsque vous travailliez de votre domicile.\u00a0<\/span><span data-ccp-props=\"{}\">\u00a0<\/span><\/p>\n<p><span data-contrast=\"auto\">C\u2019est donc ce que nous avons r\u00e9alis\u00e9. Une <\/span><b><br \/>\n  <span data-contrast=\"auto\">nouvelle exp\u00e9rience de bureau partag\u00e9 Webex<\/span><br \/>\n<\/b><span data-contrast=\"auto\"> est \u00e0 pr\u00e9sent disponible sur toute la gamme Webex Desk. Vous pouvez ainsi proposer davantage d\u2019options pour les espaces partag\u00e9s afin de respecter vos exigences en mati\u00e8re de surface occup\u00e9e, tout en permettant \u00e0 vos employ\u00e9s de b\u00e9n\u00e9ficier des exp\u00e9riences exceptionnelles qu\u2019ils attendent.\u00a0<\/span><b><br \/>\n  <span data-contrast=\"auto\">\u00a0<\/span><br \/>\n<\/b> <a href=\"https:\/\/blog.webex.com\/wp-content\/uploads\/2022\/03\/A-new-Webex-hot-desking-experience.png\"><br \/>\n  <img loading=\"lazy\" decoding=\"async\" class=\"aligncenter size-full wp-image-391057\" src=\"https:\/\/blog.webex.com\/wp-content\/uploads\/2022\/03\/A-new-Webex-hot-desking-experience.png\" alt=\"Une nouvelle exp\u00e9rience Webex pour les bureaux partag\u00e9s\" width=\"1372\" height=\"720\" srcset=\"https:\/\/blog.webex.com\/wp-content\/uploads\/2022\/03\/A-new-Webex-hot-desking-experience.png 980w, https:\/\/blog.webex.com\/wp-content\/uploads\/2022\/03\/A-new-Webex-hot-desking-experience-300x157.png 300w, https:\/\/blog.webex.com\/wp-content\/uploads\/2022\/03\/A-new-Webex-hot-desking-experience-1024x537.png 1024w, https:\/\/blog.webex.com\/wp-content\/uploads\/2022\/03\/A-new-Webex-hot-desking-experience-768x403.png 768w\" sizes=\"auto, (max-width: 1372px) 100vw, 1372px\" \/><br \/>\n<\/a><\/p>\n<p><span data-contrast=\"auto\">La connexion \u00e0 un appareil est d\u2019une grande simplicit\u00e9\u00a0: il suffit de scanner un code QR, de brancher votre ordinateur portable ou de placer votre smartphone sur un Webex Desk Hub.<\/span> <span data-contrast=\"auto\">L\u2019appareil Webex devient alors votre appareil de collaboration personnel, vous donnant ainsi acc\u00e8s \u00e0 votre travail, vos tableaux blancs ou vos calendriers. Vous pouvez aussi rejoindre une r\u00e9union en appuyant simplement sur un bouton. Et tout est inclus avec un enregistrement Webex Cloud.\u00a0<\/span><span data-ccp-props=\"{}\">\u00a0<\/span><\/p>\n<p><span data-contrast=\"auto\">Les salles de conf\u00e9rence doivent changer afin que tous les participants b\u00e9n\u00e9ficient du m\u00eame espace \u00e0 l\u2019\u00e9cran, o\u00f9 qu\u2019ils se trouvent. <\/span><b><br \/>\n  <span data-contrast=\"auto\">People Focus<\/span><br \/>\n<\/b><span data-contrast=\"auto\"> apporte une r\u00e9ponse \u00e0 cette probl\u00e9matique. L\u2019intelligence des cam\u00e9ras Webex optimise la vue de la salle de conf\u00e9rence pour les participants \u00e0 distance en d\u00e9tectant les personnes qui s\u2019y trouvent et en cr\u00e9ant un flux vid\u00e9o individuel pour chacun. Tout le monde b\u00e9n\u00e9ficie de la m\u00eame visibilit\u00e9 \u00e0 l\u2019\u00e9cran, m\u00eame ceux qui participent \u00e0 la visioconf\u00e9rence depuis des plateformes de r\u00e9union tierces<\/span><span data-contrast=\"auto\"><\/span><span data-contrast=\"auto\">.\u00a0<\/span><span data-ccp-props=\"{}\">\u00a0<\/span><\/p>\n<p><a href=\"https:\/\/blog.webex.com\/wp-content\/uploads\/2022\/03\/People-focus.png\"><br \/>\n  <img loading=\"lazy\" decoding=\"async\" class=\"aligncenter size-full wp-image-391068\" src=\"https:\/\/blog.webex.com\/wp-content\/uploads\/2022\/03\/People-focus.png\" alt=\"People Focus\" width=\"1430\" height=\"766\" srcset=\"https:\/\/blog.webex.com\/wp-content\/uploads\/2022\/03\/People-focus.png 971w, https:\/\/blog.webex.com\/wp-content\/uploads\/2022\/03\/People-focus-300x161.png 300w, https:\/\/blog.webex.com\/wp-content\/uploads\/2022\/03\/People-focus-1024x549.png 1024w, https:\/\/blog.webex.com\/wp-content\/uploads\/2022\/03\/People-focus-768x411.png 768w\" sizes=\"auto, (max-width: 1430px) 100vw, 1430px\" \/><br \/>\n<\/a><\/p>\n<p><span class=\"TextRun SCXW29440434 BCX4\" lang=\"fr\" xml:lang=\"fr\" data-contrast=\"auto\"><br \/>\n  <span class=\"NormalTextRun SCXW29440434 BCX4\">85\u00a0% des organisations<\/span><br \/>\n  <span class=\"NormalTextRun SCXW29440434 BCX4\">*<\/span><br \/>\n  <span class=\"NormalTextRun SCXW29440434 BCX4\"> utilisent <\/span><br \/>\n  <span class=\"NormalTextRun SCXW29440434 BCX4\">plusieurs plateformes de r\u00e9union au quotidien<\/span><br \/>\n  <span class=\"NormalTextRun SCXW29440434 BCX4\">. <\/span><br \/>\n  <span class=\"NormalTextRun SCXW29440434 BCX4\">Je suis ravi d\u2019annoncer que <\/span><br \/>\n  <span class=\"NormalTextRun SCXW29440434 BCX4\">les appareils Webex offrent \u00e0 pr\u00e9sent une parfaite interop\u00e9rabilit\u00e9 avec Zoom, Microsoft<\/span><br \/>\n  <span class=\"NormalTextRun SCXW29440434 BCX4\"> Teams<\/span><br \/>\n  <span class=\"NormalTextRun SCXW29440434 BCX4\"> et Google<\/span><br \/>\n  <span class=\"NormalTextRun SCXW29440434 BCX4\"> Meet<\/span><br \/>\n  <span class=\"NormalTextRun SCXW29440434 BCX4\">,<\/span> <span class=\"NormalTextRun SCXW29440434 BCX4\">vous permettant ainsi de rejoindre facilement des r\u00e9unions tout au long de la journ\u00e9e. Inutile<\/span><span class=\"NormalTextRun SCXW29440434 BCX4\"> de changer de logiciel ou de reconfigur<\/span><span class=\"NormalTextRun SCXW29440434 BCX4\">er<\/span><span class=\"NormalTextRun SCXW29440434 BCX4\"> votre appareil. De plus, vous <\/span><span class=\"NormalTextRun SCXW29440434 BCX4\">profitez<\/span><span class=\"NormalTextRun SCXW29440434 BCX4\"> toujours des fonctionnalit\u00e9s avanc\u00e9es de Webex que vous connaissez et que vous appr\u00e9ciez.\u00a0<\/span><\/span><span class=\"EOP SCXW29440434 BCX4\" data-ccp-props=\"{}\">\u00a0<\/span><\/p>\n<p><span class=\"TextRun SCXW151398023 BCX4\" lang=\"fr\" xml:lang=\"fr\" data-contrast=\"auto\"><br \/>\n  <span class=\"NormalTextRun SCXW151398023 BCX4\">Les organisations disposent \u00e9galement d\u2019options suppl\u00e9mentaires pour g\u00e9rer leurs espaces de travail gr\u00e2ce \u00e0 <\/span><br \/>\n<\/span><span class=\"TextRun SCXW151398023 BCX4\" lang=\"fr\" xml:lang=\"fr\" data-contrast=\"auto\"><br \/>\n  <span class=\"NormalTextRun SCXW151398023 BCX4\">l\u2019application d\u00e9di\u00e9e int\u00e9gr\u00e9e \u00e0 <\/span><br \/>\n  <span class=\"NormalTextRun SCXW151398023 BCX4\">Webex<\/span> <span class=\"NormalTextRun SCXW151398023 BCX4\">Room Navigator<\/span><\/span><span class=\"TextRun SCXW151398023 BCX4\" lang=\"fr\" xml:lang=\"fr\" data-contrast=\"auto\"><br \/>\n  <span class=\"NormalTextRun SCXW151398023 BCX4\">. Room Navigator prend maintenant en charge des applications tierces, telles que <\/span><br \/>\n  <span class=\"NormalTextRun SCXW151398023 BCX4\">Humly<\/span><br \/>\n  <span class=\"NormalTextRun SCXW151398023 BCX4\">, <\/span><br \/>\n  <span class=\"NormalTextRun SpellingErrorV2 SCXW151398023 BCX4\">AppSpace<\/span><br \/>\n  <span class=\"NormalTextRun SCXW151398023 BCX4\"> et <\/span><br \/>\n  <span class=\"NormalTextRun CommentStart SCXW151398023 BCX4\">UMA<\/span><br \/>\n  <span class=\"NormalTextRun SCXW151398023 BCX4\">. <\/span><br \/>\n<\/span><span class=\"TextRun SCXW151398023 BCX4\" lang=\"fr\" xml:lang=\"fr\" data-contrast=\"none\"><br \/>\n  <span class=\"NormalTextRun SCXW151398023 BCX4\">Vous<\/span><br \/>\n  <span class=\"NormalTextRun SCXW151398023 BCX4\"> pouvez utiliser les applications de gestion des espaces de travail dont vous disposez d\u00e9j\u00e0 et <\/span><br \/>\n  <span class=\"NormalTextRun SCXW151398023 BCX4\">profiter<\/span><br \/>\n  <span class=\"NormalTextRun SCXW151398023 BCX4\"> d\u2019exp\u00e9riences exceptionnelles qui int\u00e8grent les insights fournis par les appareils <\/span><br \/>\n  <span class=\"NormalTextRun SCXW151398023 BCX4\">Webex<\/span><br \/>\n  <span class=\"NormalTextRun SCXW151398023 BCX4\"> Room, ou opter pour la solution Room <\/span><br \/>\n  <span class=\"NormalTextRun CommentStart SCXW151398023 BCX4\">Navigator<\/span><br \/>\n  <span class=\"NormalTextRun SCXW151398023 BCX4\"> par d\u00e9faut. <\/span><br \/>\n<\/span><span data-contrast=\"none\">Nous avons le plaisir <\/span><span data-contrast=\"none\">d\u2019annoncer qu\u2019un grand nombre des applications int\u00e9gr\u00e9es que vous aimez seront bient\u00f4t disponib<\/span><span data-contrast=\"none\">les<\/span><span data-contrast=\"none\"> sur les appareils des gammes <\/span><span data-contrast=\"none\">Webex<\/span><span data-contrast=\"none\"> Desk et <\/span><span data-contrast=\"none\">Webex<\/span><span data-contrast=\"none\"> Board<\/span><span data-contrast=\"none\">, qui reposent sur <\/span><span data-contrast=\"none\">RoomOS<\/span><span data-contrast=\"none\">.\u00a0<\/span><span data-ccp-props=\"{}\">\u00a0<\/span><\/p>\n<p><span data-contrast=\"auto\">Encore une chose&#8230; Cisco et Apple ont entam\u00e9 un partenariat d\u2019entreprise il y a six ans de cela, et je suis ravi de d\u00e9voiler que <\/span><b><br \/>\n  <span data-contrast=\"auto\">la technologie Apple AirPlay est maintenant disponible sur les appareils Webex.<\/span><br \/>\n<\/b><span data-contrast=\"auto\"> Nous pensons qu\u2019il s\u2019agit de la premi\u00e8re int\u00e9gration d\u2019AirPlay sur des appareils d\u00e9di\u00e9s de visioconf\u00e9rence pour les entreprises. D\u00e9couvrez comment nous <\/span><a href=\"https:\/\/blog.webex.com\/fr\/customer-stories\/ajouter-une-touche-de-magie-au-travail-hybride-les-appareils-webex-prennent-maintenant-en-charge-apple-airplay\/\" target=\"_blank\" rel=\"noopener\"><br \/>\n  <span data-contrast=\"auto\">ajoutons une touche de magie au travail hybride<\/span><br \/>\n<\/a><span data-contrast=\"auto\"> en consultant l\u2019article de Jeetu Patel.<\/span><span data-ccp-props=\"{}\">\u00a0<\/span><\/p>\n<p><iframe loading=\"lazy\" title=\"Apple AirPlay now on Webex Devices\" width=\"500\" height=\"281\" src=\"https:\/\/www.youtube.com\/embed\/SO0RCylJFZk?feature=oembed\" frameborder=\"0\" allow=\"accelerometer; autoplay; clipboard-write; encrypted-media; gyroscope; picture-in-picture; web-share\" referrerpolicy=\"strict-origin-when-cross-origin\" allowfullscreen><\/iframe><\/p>\n<h2><strong>Et pour travailler en d\u00e9placement\u00a0?<\/strong><\/h2>\n<p>Nous pouvons aujourd\u2019hui <strong>travailler depuis quasiment partout<\/strong>, simplement \u00e0 l\u2019aide de notre t\u00e9l\u00e9phone portable. Mais tout le monde ne tient pas \u00e0 donner son num\u00e9ro personnel pour des communications professionnelles. <strong>Webex Go <\/strong>est la solution \u00e0 ce probl\u00e8me. Vous pouvez maintenant ajouter votre num\u00e9ro professionnel Webex pour b\u00e9n\u00e9ficier d\u2019une seconde ligne sur votre t\u00e9l\u00e9phone portable.\u00a0 Associez vos contacts professionnels \u00e0 votre ligne d\u00e9di\u00e9e, et vos amis et vos proches \u00e0 votre ligne personnelle. Lorsque votre t\u00e9l\u00e9phone sonne, vous savez de quelle ligne il s\u2019agit. Inutile de t\u00e9l\u00e9charger et de lancer une application distincte\u00a0: tout est int\u00e9gr\u00e9 \u00e0 l\u2019exp\u00e9rience native offerte par votre t\u00e9l\u00e9phone, pour une qualit\u00e9 d\u2019appel exceptionnelle. Cette fonctionnalit\u00e9, qu\u2019aucun autre fournisseur ne propose, est d\u00e9sormais disponible dans Webex Calling, notre plateforme d\u2019appels cloud con\u00e7ue pour les entreprises. Nous avons aussi franchi un cap notable dans Webex Calling en d\u00e9passant la barre des 6\u00a0millions d\u2019abonn\u00e9s. Webex Calling \u00e9tant maintenant disponible pour les multinationales qui poss\u00e8dent des succursales en Inde, ce chiffre ne va cesser d\u2019augmenter. Pour en savoir plus, consultez notre article intitul\u00e9 <a href=\"https:\/\/blog.webex.com\/fr\/systeme-telephonique-cloud\/les-appels-reinventes-connecter-tout-le-monde-partout-pour-optimiser-le-travail-hybride\/\" target=\"_blank\" rel=\"noopener\">Les appels r\u00e9invent\u00e9s\u00a0: connecter tout le monde, partout, pour optimiser le travail hybride<\/a>.<\/p>\n<p><span class=\"TextRun SCXW90511003 BCX4\" lang=\"fr\" xml:lang=\"fr\" data-contrast=\"auto\"><br \/>\n  <span class=\"NormalTextRun SCXW90511003 BCX4\">Votre <\/span><br \/>\n<\/span><span class=\"TextRun SCXW90511003 BCX4\" lang=\"fr\" xml:lang=\"fr\" data-contrast=\"auto\"><br \/>\n  <span class=\"NormalTextRun SCXW90511003 BCX4\">voiture <\/span><br \/>\n  <span class=\"NormalTextRun SCXW90511003 BCX4\">sera <\/span><br \/>\n  <span class=\"NormalTextRun SCXW90511003 BCX4\">peut-\u00eatre<\/span><br \/>\n  <span class=\"NormalTextRun SCXW90511003 BCX4\"> bient\u00f4t votre <\/span><br \/>\n  <span class=\"NormalTextRun SCXW90511003 BCX4\">nouveau<\/span><br \/>\n  <span class=\"NormalTextRun SCXW90511003 BCX4\"> bureau mobile.<\/span><br \/>\n<\/span><span class=\"TextRun SCXW90511003 BCX4\" lang=\"fr\" xml:lang=\"fr\" data-contrast=\"auto\"> <span class=\"NormalTextRun SCXW90511003 BCX4\">Ford <\/span><\/span><span class=\"TextRun SCXW90511003 BCX4\" lang=\"fr\" xml:lang=\"fr\" data-contrast=\"auto\"><br \/>\n  <span class=\"NormalTextRun SCXW90511003 BCX4\">a <\/span><br \/>\n<\/span><span class=\"TextRun SCXW90511003 BCX4\" lang=\"fr\" xml:lang=\"fr\" data-contrast=\"auto\"><br \/>\n  <span class=\"NormalTextRun SCXW90511003 BCX4\">annonc\u00e9 aujourd\u2019hui l\u2019optimisation de l\u2019exp\u00e9rience de navigation offerte par Sync4, un nouveau syst\u00e8me dot\u00e9 d\u2019un \u00e9cran de 15\u00a0pouces qui \u00e9quipe <\/span><br \/>\n<\/span><span class=\"TextRun SCXW90511003 BCX4\" lang=\"fr\" xml:lang=\"fr\" data-contrast=\"auto\"><br \/>\n  <span class=\"NormalTextRun SCXW90511003 BCX4\">ses nouveaux v\u00e9hicules \u00e9lectriques, et permet ainsi de communiquer avec Webex<\/span><br \/>\n<\/span><span class=\"TextRun SCXW90511003 BCX4\" lang=\"fr\" xml:lang=\"fr\" data-contrast=\"auto\"><br \/>\n  <span class=\"NormalTextRun SCXW90511003 BCX4\">. Sync4 utilise le format HTML\u00a05 pour offrir une nouvelle exp\u00e9rience logicielle, qu\u2019il est possible de mettre \u00e0 jour via Internet \u00e0 mesure que de nouvelles fonctionnalit\u00e9s sont propos\u00e9es. Bient\u00f4t, une application Webex native sera aussi accessible directement depuis l\u2019\u00e9cran du syst\u00e8me Sync4 pour profiter d\u2019une exp\u00e9rience de collaboration parfaitement fluide. La s\u00e9curit\u00e9 \u00e9tant une priorit\u00e9 essentielle pour Ford, la solution Webex ne peut utiliser que l\u2019audio lorsque le v\u00e9hicule est en marche<\/span><br \/>\n  <span class=\"NormalTextRun SCXW90511003 BCX4\">. L<\/span><br \/>\n  <span class=\"NormalTextRun SCXW90511003 BCX4\">orsqu\u2019il est en stationnement<\/span><br \/>\n  <span class=\"NormalTextRun SCXW90511003 BCX4\">, davantage de fonctionnalit\u00e9s de<\/span><br \/>\n  <span class=\"NormalTextRun SCXW90511003 BCX4\"> collaboration Webex<\/span> <span class=\"NormalTextRun SCXW90511003 BCX4\">sont accessibles.<\/span><\/span><span class=\"EOP SCXW90511003 BCX4\" data-ccp-props=\"{}\">\u00a0<\/span><\/p>\n<p><iframe loading=\"lazy\" title=\"The future of work on the go  |  Ford &amp; Webex\" width=\"500\" height=\"281\" src=\"https:\/\/www.youtube.com\/embed\/kd_HwyTX1lg?feature=oembed\" frameborder=\"0\" allow=\"accelerometer; autoplay; clipboard-write; encrypted-media; gyroscope; picture-in-picture; web-share\" referrerpolicy=\"strict-origin-when-cross-origin\" allowfullscreen><\/iframe><\/p>\n<p><a href=\"https:\/\/www.youtube.com\/watch?v=AnhddpmElAo\" target=\"_blank\" rel=\"noopener\">\u00ab\u00a0Optimiser pour ma voix\u00a0\u00bb<\/a>, la solution d\u2019intelligence sonore propri\u00e9taire de Webex, offre une exp\u00e9rience optimis\u00e9e au conducteur et \u00e0 tout passager ayant besoin de travailler depuis le v\u00e9hicule. Elle permet d\u2019entendre et de se faire entendre plus facilement en isolant la voix d\u2019une personne donn\u00e9e pour en perfectionner l\u2019intelligibilit\u00e9 tout en \u00e9liminant les conversations et les bruits g\u00eanants \u00e0 l\u2019arri\u00e8re-plan. Ford d\u00e9crit ce sc\u00e9nario comme un bureau \u00e0 la fois individuel et collectif.<\/p>\n<h2><strong>Des modes de travail flexibles<\/strong><\/h2>\n<p><a href=\"https:\/\/www.adecco-jobs.com\/-\/media\/project\/adeccogroup\/pdf-files\/resetting-normal-pdf-files\/resetting-normal-2021_the-adecco-group_final_latest.pdf\/?modified=20210930133229\" target=\"_blank\" rel=\"noopener\">75\u00a0% des employ\u00e9s estiment qu\u2019il est important de pr\u00e9server un certain niveau de flexibilit\u00e9<\/a> dans leur emploi du temps. Avec des \u00e9quipes dispers\u00e9es dans le monde entier, il peut \u00eatre compliqu\u00e9 de se r\u00e9unir au moment et de la mani\u00e8re qui conviennent \u00e0 tous. Comment faire en sorte que tout le monde puisse participer pleinement dans ce contexte\u00a0?<\/p>\n<p>La <strong>toute nouvelle application autonome de tableau blanc Webex <\/strong>permet de cr\u00e9er des tableaux blancs de grande qualit\u00e9 gr\u00e2ce auxquels chacun peut facilement apporter ses contributions et proposer des id\u00e9es, sur tous les fuseaux horaires, en temps r\u00e9el et hors ligne, de fa\u00e7on asynchrone.<\/p>\n<p><a href=\"https:\/\/blog.webex.com\/wp-content\/uploads\/2022\/03\/Whiteboard.png\"><br \/>\n  <img loading=\"lazy\" decoding=\"async\" class=\"aligncenter size-full wp-image-391098\" src=\"https:\/\/blog.webex.com\/wp-content\/uploads\/2022\/03\/Whiteboard.png\" alt=\"Tableau blanc\" width=\"1451\" height=\"910\" srcset=\"https:\/\/blog.webex.com\/wp-content\/uploads\/2022\/03\/Whiteboard.png 829w, https:\/\/blog.webex.com\/wp-content\/uploads\/2022\/03\/Whiteboard-300x188.png 300w, https:\/\/blog.webex.com\/wp-content\/uploads\/2022\/03\/Whiteboard-1024x642.png 1024w, https:\/\/blog.webex.com\/wp-content\/uploads\/2022\/03\/Whiteboard-768x482.png 768w\" sizes=\"auto, (max-width: 1451px) 100vw, 1451px\" \/><br \/>\n<\/a><\/p>\n<p><span class=\"TextRun SCXW148836562 BCX4\" lang=\"fr\" xml:lang=\"fr\" data-contrast=\"auto\"><br \/>\n  <span class=\"NormalTextRun CommentStart SCXW148836562 BCX4\" data-ccp-charstyle=\"normaltextrun\" data-ccp-charstyle-defn=\"{&quot;ObjectId&quot;:&quot;a75bb00c-d82f-43f8-a195-dcf1b28ceec0|15&quot;,&quot;ClassId&quot;:1073872969,&quot;Properties&quot;:[469775450,&quot;normaltextrun&quot;,201340122,&quot;1&quot;,134233614,&quot;true&quot;,469778129,&quot;normaltextrun&quot;,335572020,&quot;1&quot;,469778324,&quot;Default Paragraph Font&quot;]}\">Acc\u00e9dez<\/span><br \/>\n  <span class=\"NormalTextRun SCXW148836562 BCX4\" data-ccp-charstyle=\"normaltextrun\"><\/span><br \/>\n  <span class=\"NormalTextRun SCXW148836562 BCX4\" data-ccp-charstyle=\"normaltextrun\"> \u00e0<\/span><br \/>\n  <span class=\"NormalTextRun SCXW148836562 BCX4\" data-ccp-charstyle=\"normaltextrun\"> vos <\/span><br \/>\n  <span class=\"NormalTextRun SCXW148836562 BCX4\" data-ccp-charstyle=\"normaltextrun\">applications<\/span><br \/>\n  <span class=\"NormalTextRun SCXW148836562 BCX4\" data-ccp-charstyle=\"normaltextrun\"> int\u00e9gr\u00e9es <\/span><br \/>\n<\/span><span class=\"TextRun SCXW148836562 BCX4\" lang=\"fr\" xml:lang=\"fr\" data-contrast=\"auto\"><br \/>\n  <span class=\"NormalTextRun SCXW148836562 BCX4\" data-ccp-charstyle=\"normaltextrun\">favorites<\/span><br \/>\n<\/span><span class=\"TextRun SCXW148836562 BCX4\" lang=\"fr\" xml:lang=\"fr\" data-contrast=\"auto\"> <span class=\"NormalTextRun SCXW148836562 BCX4\" data-ccp-charstyle=\"normaltextrun\">,<\/span><span class=\"NormalTextRun SCXW148836562 BCX4\" data-ccp-charstyle=\"normaltextrun\"> telles que Miro<\/span><\/span><span class=\"TrackChangeTextInsertion TrackedChange SCXW148836562 BCX4\"><br \/>\n  <span class=\"TextRun SCXW148836562 BCX4\" lang=\"fr\" xml:lang=\"fr\" data-contrast=\"auto\"><br \/>\n    <span class=\"NormalTextRun SCXW148836562 BCX4\" data-ccp-charstyle=\"normaltextrun\">, <\/span><br \/>\n  <\/span><br \/>\n<\/span><span class=\"TrackChangeTextDeletion TrackedChange SCXW148836562 BCX4\"><br \/>\n  <span class=\"TextRun SCXW148836562 BCX4\" lang=\"fr\" xml:lang=\"fr\" data-contrast=\"auto\"><br \/>\n    <span class=\"NormalTextRun SCXW148836562 BCX4\" data-ccp-charstyle=\"normaltextrun\"><\/span><br \/>\n  <\/span><br \/>\n<\/span><span class=\"TextRun SCXW148836562 BCX4\" lang=\"fr\" xml:lang=\"fr\" data-contrast=\"auto\"><br \/>\n  <span class=\"NormalTextRun SCXW148836562 BCX4\" data-ccp-charstyle=\"normaltextrun\">Mural<\/span><br \/>\n<\/span> <span class=\"TrackChangeTextDeletion TrackedChange SCXW148836562 BCX4\"><br \/>\n  <span class=\"TextRun SCXW148836562 BCX4\" lang=\"fr\" xml:lang=\"fr\" data-contrast=\"auto\"><br \/>\n    <span class=\"NormalTextRun SCXW148836562 BCX4\" data-ccp-charstyle=\"normaltextrun\"> ou Slido<\/span><br \/>\n  <\/span><br \/>\n<\/span><span class=\"TextRun SCXW148836562 BCX4\" lang=\"fr\" xml:lang=\"fr\" data-contrast=\"auto\"><br \/>\n  <span class=\"NormalTextRun SCXW148836562 BCX4\" data-ccp-charstyle=\"normaltextrun\">, <\/span><br \/>\n  <span class=\"NormalTextRun SCXW148836562 BCX4\" data-ccp-charstyle=\"normaltextrun\">affichez-les \u00e0 l\u2019\u00e9cran et commencez \u00e0 les utiliser directement depuis l\u2019application de tableau blanc <\/span><br \/>\n  <span class=\"NormalTextRun SCXW148836562 BCX4\" data-ccp-charstyle=\"normaltextrun\">Webex<\/span><span class=\"NormalTextRun CommentStart SCXW148836562 BCX4\" data-ccp-charstyle=\"normaltextrun\"><\/span><span class=\"NormalTextRun SCXW148836562 BCX4\" data-ccp-charstyle=\"normaltextrun\"><\/span><span class=\"NormalTextRun SCXW148836562 BCX4\" data-ccp-charstyle=\"normaltextrun\">. Vous pouvez <\/span><\/span><span class=\"TextRun SCXW148836562 BCX4\" lang=\"fr\" xml:lang=\"fr\" data-contrast=\"auto\"><br \/>\n  <span class=\"NormalTextRun SCXW148836562 BCX4\">conserver <\/span><br \/>\n  <span class=\"NormalTextRun SCXW148836562 BCX4\">vos tableaux blancs au m\u00eame endroit afin de <\/span><br \/>\n  <span class=\"NormalTextRun SCXW148836562 BCX4\">les<\/span><br \/>\n  <span class=\"NormalTextRun SCXW148836562 BCX4\"> trouver, les nommer et les partager facilement avec les personnes de votre choix<\/span><br \/>\n  <span class=\"NormalTextRun SCXW148836562 BCX4\">,<\/span><br \/>\n  <span class=\"NormalTextRun SCXW148836562 BCX4\"> y compris des participants externes. L\u2019application autonome est<\/span> <\/span><span class=\"TextRun SCXW148836562 BCX4\" lang=\"fr\" xml:lang=\"fr\" data-contrast=\"auto\"><br \/>\n  <span class=\"NormalTextRun SCXW148836562 BCX4\" data-ccp-charstyle=\"normaltextrun\">maintenant disponible pour un <\/span><br \/>\n<\/span><span class=\"TextRun SCXW148836562 BCX4\" lang=\"fr\" xml:lang=\"fr\" data-contrast=\"auto\"><br \/>\n  <span class=\"NormalTextRun SCXW148836562 BCX4\">nombre limit\u00e9 de clients.\u00a0<\/span><br \/>\n<\/span><span class=\"EOP TrackedChange SCXW148836562 BCX4\" data-ccp-props=\"{}\">\u00a0<\/span><\/p>\n<p>Webex abolit \u00e9galement les barri\u00e8res de la langue. Que vous ayez besoin d\u2019une assistance linguistique ou pr\u00e9f\u00e9riez simplement lire ce qui se dit, la <strong>traduction en temps r\u00e9el<\/strong> <strong>est maintenant disponible sur l\u2019int\u00e9gralit\u00e9 des appareils et de la Suite Webex<\/strong>. Nos sous-titres ferm\u00e9s automatis\u00e9s utilisent le traitement du langage naturel pour transcrire des paroles en anglais en 108\u00a0langues diff\u00e9rentes. Gr\u00e2ce aux derniers ajouts, notre technologie est capable de reconna\u00eetre 13\u00a0langues orales, auxquelles d\u2019autres viendront s\u2019additionner prochainement, cr\u00e9ant ainsi une exp\u00e9rience plus inclusive pour davantage de personnes.<\/p>\n<p>Une r\u00e9union n\u2019est pas toujours n\u00e9cessaire. <strong>Vidcast<\/strong>, notre nouvel outil de messagerie vid\u00e9o asynchrone, constitue un excellent moyen de r\u00e9duire le nombre de r\u00e9unions tout en continuant d\u2019interagir les uns avec les autres. Je l\u2019utilise r\u00e9guli\u00e8rement pour communiquer et partager des informations avec des milliers d\u2019employ\u00e9s dans le monde entier. Son utilisation est extr\u00eamement simple. Je peux enregistrer une vid\u00e9o ou capturer du contenu sur mon \u00e9cran, ou les deux, \u00e0 l\u2019aide d\u2019un navigateur. En quelques secondes, tout est pr\u00eat \u00e0 \u00eatre partag\u00e9 via le canal de mon choix. Les membres de mon \u00e9quipe peuvent ajouter des r\u00e9actions ou des commentaires, et naviguer entre les diff\u00e9rents chapitres que j\u2019ai cr\u00e9\u00e9s, me fournissant ainsi des informations pr\u00e9cieuses sur ce qui les int\u00e9resse. D\u00e9sormais, il est possible d\u2019int\u00e9grer des contenus Vidcast enregistr\u00e9s \u00e0 Slido, afin de recueillir des commentaires de fa\u00e7on plus immersive.<\/p>\n<p><a href=\"https:\/\/blog.webex.com\/wp-content\/uploads\/2022\/03\/Vidcast-only.gif\"><br \/>\n  <img loading=\"lazy\" decoding=\"async\" class=\"aligncenter size-full wp-image-391148\" src=\"https:\/\/blog.webex.com\/wp-content\/uploads\/2022\/03\/Vidcast-only.gif\" alt=\"Vidcast\" width=\"853\" height=\"480\" \/><br \/>\n<\/a><\/p>\n<h2><strong>Des \u00e9v\u00e9nements hybrides exceptionnels<\/strong><\/h2>\n<p>L\u2019essor des \u00e9v\u00e9nements en personne impose de relever un nouveau d\u00e9fi. Comment concilier la port\u00e9e d\u2019un \u00e9v\u00e9nement virtuel et les interactions personnelles des \u00e9v\u00e9nements en pr\u00e9sentiel pour offrir aux participants les meilleures exp\u00e9riences hybrides qui soient, ind\u00e9pendamment de la fa\u00e7on dont ils y assistent\u00a0?<\/p>\n<p>La nouvelle solution <strong>Webex Events <\/strong>(anciennement Socio) permet de r\u00e9pondre \u00e0 ce d\u00e9fi. Webex Events est notre plateforme de gestion d\u2019\u00e9v\u00e9nements de bout en bout pour les \u00e9v\u00e9nements virtuels, en pr\u00e9sentiel et hybrides. Nous pr\u00e9sentons aujourd\u2019hui les am\u00e9liorations apport\u00e9es \u00e0 ces trois types d\u2019interactions. Avec le retour des \u00e9v\u00e9nements en pr\u00e9sentiel, les directives sanitaires et de s\u00e9curit\u00e9 constituent des pr\u00e9occupations majeures pour de nombreuses personnes. Webex Events et CLEAR ont uni leurs forces pour associer une attestation de vaccination ou un r\u00e9sultat de test \u00e0 l\u2019identit\u00e9 confirm\u00e9e des participants. Ceux-ci, comme les organisateurs, peuvent ainsi faire totalement confiance aux protocoles de s\u00e9curit\u00e9 mis en place.<\/p>\n<p>Bient\u00f4t, Webex Events sera encore plus inclusif. Nous y avons en effet int\u00e9gr\u00e9 l\u2019intelligence audio qui optimise d\u00e9j\u00e0 l\u2019accessibilit\u00e9 de Webex Meetings et Webex Webinars. Vous pouvez rejoindre un \u00e9v\u00e9nement depuis votre appareil mobile, transformant celui-ci en traducteur en temps r\u00e9el. Vous avez alors la possibilit\u00e9 de lire la transcription en temps r\u00e9el de la conversation (de l\u2019anglais vers 34\u00a0langues diff\u00e9rentes) pour ainsi profiter d\u2019une exp\u00e9rience optimale. D\u00e9sormais, le d\u00e9partement\u00a0IT b\u00e9n\u00e9ficie aussi d\u2019une visibilit\u00e9 et d\u2019un contr\u00f4le accrus gr\u00e2ce \u00e0 l\u2019int\u00e9gration de Webex Events dans Control Hub.\u00a0 Pour en savoir plus, consultez notre article intitul\u00e9 <a href=\"https:\/\/blog.webex.com\/fr\/travail-hybride\/creer-des-experiences-connectees-pour-les-evenements-virtuels-et-en-presentiel\/\" target=\"_blank\" rel=\"noopener\">\u00c9v\u00e9nements hybrides d\u2019entreprise\u00a0: cr\u00e9er des exp\u00e9riences connect\u00e9es pour les \u00e9v\u00e9nements virtuels et en pr\u00e9sentiel<\/a>.<\/p>\n<h2><strong>Des exp\u00e9riences client m\u00e9morables<\/strong><\/h2>\n<p>Les exp\u00e9riences client vont aussi devoir gagner en inclusivit\u00e9 et prendre en compte les besoins et pr\u00e9f\u00e9rences des personnes avec lesquelles les entreprises interagissent. Les relations humaines et les interactions de service client de personne \u00e0 personne figurent au <a href=\"https:\/\/www.deloittedigital.com\/us\/en\/offerings\/customer-led-marketing\/digital-customer\/elevating-customer-service.html?id=us:2el:3dp:wsjspon:awa:WSJCIO:2022:WSJFY22\" target=\"_blank\" rel=\"noopener\">premier rang<\/a> des facteurs jug\u00e9s comme essentiels pour \u00ab\u00a0se sentir valoris\u00e9 par une marque\u00a0\u00bb. Les clients souhaitent aussi pouvoir \u00e9changer via le canal de communication le plus \u00e0 m\u00eame de favoriser la r\u00e9solution de leur probl\u00e8me d\u00e8s la premi\u00e8re tentative.<\/p>\n<p><strong>Webex Connect (anciennement imiconnect),<\/strong> notre plateforme de communication d\u2019entreprise, contribue \u00e0 r\u00e9pondre \u00e0 ces attentes. Webex Connect permet aux entreprises d\u2019orchestrer intelligemment ces relations de bout en bout afin de cr\u00e9er des exp\u00e9riences personnalis\u00e9es et totalement fluides sur les canaux num\u00e9riques pr\u00e9f\u00e9r\u00e9s des clients, tels que WhatsApp, Apple Business Chat, Facebook Messenger, etc. Ces capacit\u00e9s cr\u00e9ent des opportunit\u00e9s de proposer des communications par messagerie plus interactives, via des contenus enrichis, tels que des liens, des carrousels et des r\u00e9ponses rapides.<\/p>\n<p><iframe loading=\"lazy\" title=\"Every customer journey should end with a solution  |  Webex Customer Experience\" width=\"500\" height=\"281\" src=\"https:\/\/www.youtube.com\/embed\/jt3kktWGe4c?feature=oembed\" frameborder=\"0\" allow=\"accelerometer; autoplay; clipboard-write; encrypted-media; gyroscope; picture-in-picture; web-share\" referrerpolicy=\"strict-origin-when-cross-origin\" allowfullscreen><\/iframe><\/p>\n<p>Nous avons \u00e9galement facilit\u00e9 la cr\u00e9ation de ces exp\u00e9riences totalement fluides gr\u00e2ce \u00e0 l\u2019ajout de l\u2019outil de cr\u00e9ation de bots Botbuilder \u00e0 notre solution Developer Sandbox (bac \u00e0 sable des d\u00e9veloppeurs), de Google Dialogflow et du nouveau moteur d\u2019entra\u00eenement MindMeld NLU.<\/p>\n<p>En outre, les capacit\u00e9s de Webex Connect s\u2019int\u00e8grent maintenant \u00e0 Webex Contact Center, notre centre de contact cloud pr\u00eat \u00e0 l\u2019emploi d\u00e9di\u00e9 aux entreprises. Ainsi, vous pouvez fournir \u00e0 vos clients les r\u00e9ponses qu\u2019ils recherchent via leur canal favori, avec une rapidit\u00e9 et une pr\u00e9cision exceptionnelles.<\/p>\n<blockquote><p><strong>Nous nous attachons depuis des ann\u00e9es \u00e0 r\u00e9soudre les probl\u00e8mes les plus complexes relatifs au travail, que ce soit de chez soi, au bureau ou en d\u00e9placement. Webex vous r\u00e9serve de nombreuses autres nouvelles cette semaine. Je vous invite \u00e0 consulter l\u2019article <a href=\"https:\/\/blog.webex.com\/fr\/visioconferences\/quoi-de-neuf-dans-webex-mars-2022\/\" target=\"_blank\" rel=\"noopener\">Quoi de neuf dans Webex\u00a0?<\/a> ainsi que notre <a href=\"https:\/\/newsroom.cisco.com\/c\/r\/newsroom\/en\/us\/a\/y2022\/m03\/webex-by-cisco-reimagines-hybrid-work-experiences.html\" target=\"_blank\" rel=\"noopener\">Newsroom<\/a>.<\/strong><\/p><\/blockquote>\n<p><strong>Sources\u00a0:<\/strong><\/p>\n<p>Enqu\u00eate Cisco Devices aupr\u00e8s des d\u00e9cisionnaires \u2013 2022<\/p>\n<p><a href=\"https:\/\/www.adecco-jobs.com\/-\/media\/project\/adeccogroup\/pdf-files\/resetting-normal-pdf-files\/resetting-normal-2021_the-adecco-group_final_latest.pdf\/?modified=20210930133229\" target=\"_blank\" rel=\"noopener\">Red\u00e9finir la normalit\u00e9\u00a0: D\u00e9finir la nouvelle \u00e8re du travail<\/a> [Adecco]<\/p>\n<p><a href=\"Points de vue de dirigeants sur l\u2019\u00e9conomie en 2022\" target=\"_blank\" rel=\"noopener\">Points de vue de dirigeants sur l\u2019\u00e9conomie en 2022<\/a> [enqu\u00eate PwC Pulse]<\/p>\n<p><a href=\"https:\/\/www.deloittedigital.com\/us\/en\/offerings\/customer-led-marketing\/digital-customer\/elevating-customer-service.html?id=us:2el:3dp:wsjspon:awa:WSJCIO:2022:WSJFY22\" target=\"_blank\" rel=\"noopener\">Donner une nouvelle dimension au service client<\/a> [Deloitte Digital]<\/p>\n<p><a href=\"https:\/\/www2.deloitte.com\/us\/en\/pages\/human-capital\/articles\/2021-return-to-workplace-survey.html\" target=\"_blank\" rel=\"noopener\">Des dirigeants partagent leurs plans de retour sur le lieu de travail<\/a> [Deloitte]<\/p>\n<p><strong>En savoir plus<\/strong><\/p>\n<p><a href=\"https:\/\/blog.webex.com\/fr\/customer-stories\/ajouter-une-touche-de-magie-au-travail-hybride-les-appareils-webex-prennent-maintenant-en-charge-apple-airplay\/\" target=\"_blank\" rel=\"noopener\">Ajouter une touche de magie au travail hybride\u00a0<\/a><\/p>\n<p><a href=\"https:\/\/blog.webex.com\/fr\/customer-stories\/ajouter-une-touche-de-magie-au-travail-hybride-les-appareils-webex-prennent-maintenant-en-charge-apple-airplay\/\" target=\"_blank\" rel=\"noopener\">Plus que des solutions de visioconf\u00e9rence\u00a0: des exp\u00e9riences de travail r\u00e9invent\u00e9es<\/a><\/p>\n<p><a href=\"https:\/\/blog.webex.com\/fr\/customer-stories\/ajouter-une-touche-de-magie-au-travail-hybride-les-appareils-webex-prennent-maintenant-en-charge-apple-airplay\/\" target=\"_blank\" rel=\"noopener\">Les appels r\u00e9invent\u00e9s\u00a0: connecter tout le monde, partout, pour optimiser le travail hybride<\/a><\/p>\n<p><a href=\"https:\/\/blog.webex.com\/fr\/travail-hybride\/creer-des-experiences-connectees-pour-les-evenements-virtuels-et-en-presentiel\/\" target=\"_blank\" rel=\"noopener\">\u00c9v\u00e9nements hybrides d\u2019entreprise\u00a0: cr\u00e9er des exp\u00e9riences connect\u00e9es pour les \u00e9v\u00e9nements virtuels et en pr\u00e9sentiel<\/a><\/p>\n<p><a href=\"https:\/\/blog.webex.com\/fr\/experience-client\/le-centre-de-contact-cloud-et-lavenir-de-lexperience-client\/\" target=\"_blank\" rel=\"noopener\">Le centre de contact cloud et l\u2019avenir de l\u2019exp\u00e9rience client<\/a><\/p>\n<p>\u00a0<\/p>\n","protected":false},"excerpt":{"rendered":"<p>Beaucoup de choses ont chang\u00e9 ces derni\u00e8res ann\u00e9es. La productivit\u00e9 a augment\u00e9, mais le bien-\u00eatre des employ\u00e9s a d\u00e9clin\u00e9. Des [&hellip;]<\/p>\n","protected":false},"author":308,"featured_media":391050,"comment_status":"closed","ping_status":"open","sticky":false,"template":"","format":"standard","meta":{"inline_featured_image":false,"footnotes":""},"categories":[5253,1502],"tags":[1587,10553,4730,4628,7300,5672,2393,5844,7212,7362,5467],"class_list":["post-393029","post","type-post","status-publish","format-standard","has-post-thumbnail","hentry","category-collaboration-fr","category-customer-stories-fr","tag-appareils-webex","tag-cas-dutilisation","tag-intelligence-artificielle","tag-machine-learning-fr","tag-microsoft-teams-fr","tag-solutions-de-collaboration","tag-travail-hybride","tag-webex-appels","tag-webex-connect","tag-webex-connect-fr","tag-webex-events-fr"],"acf":[],"yoast_head":"<!-- This site is optimized with the Yoast SEO plugin v27.1.1 - https:\/\/yoast.com\/product\/yoast-seo-wordpress\/ -->\n<title>R\u00e9inventer le travail avec Webex | Webex Blog<\/title>\n<meta name=\"robots\" content=\"index, follow, max-snippet:-1, max-image-preview:large, max-video-preview:-1\" \/>\n<link rel=\"canonical\" href=\"https:\/\/blog.webex.com\/fr\/customer-stories-fr\/reinventer-le-travail-avec-webex\/\" \/>\n<meta property=\"og:locale\" content=\"fr_FR\" \/>\n<meta property=\"og:type\" content=\"article\" \/>\n<meta property=\"og:title\" content=\"R\u00e9inventer le travail avec Webex | Webex Blog\" \/>\n<meta property=\"og:description\" content=\"Beaucoup de choses ont chang\u00e9 ces derni\u00e8res ann\u00e9es. La productivit\u00e9 a augment\u00e9, mais le bien-\u00eatre des employ\u00e9s a d\u00e9clin\u00e9. Des [&hellip;]\" \/>\n<meta property=\"og:url\" content=\"https:\/\/blog.webex.com\/fr\/customer-stories-fr\/reinventer-le-travail-avec-webex\/\" \/>\n<meta property=\"og:site_name\" content=\"Webex Blog\" \/>\n<meta property=\"article:published_time\" content=\"2022-03-22T14:10:35+00:00\" \/>\n<meta property=\"article:modified_time\" content=\"2024-09-18T06:36:21+00:00\" \/>\n<meta property=\"og:image\" content=\"https:\/\/blog.webex.com\/wp-content\/uploads\/2022\/03\/CM-4446-March-Launch-image-975_554.jpeg\" \/>\n\t<meta property=\"og:image:width\" content=\"975\" \/>\n\t<meta property=\"og:image:height\" content=\"554\" \/>\n\t<meta property=\"og:image:type\" content=\"image\/jpeg\" \/>\n<meta name=\"author\" content=\"Javed Khan\" \/>\n<meta name=\"twitter:label1\" content=\"\u00c9crit par\" \/>\n\t<meta name=\"twitter:data1\" content=\"Javed Khan\" \/>\n\t<meta name=\"twitter:label2\" content=\"Dur\u00e9e de lecture estim\u00e9e\" \/>\n\t<meta name=\"twitter:data2\" content=\"15 minutes\" \/>\n<script type=\"application\/ld+json\" class=\"yoast-schema-graph\">{\"@context\":\"https:\/\/schema.org\",\"@graph\":[{\"@type\":\"Article\",\"@id\":\"https:\/\/blog.webex.com\/fr\/customer-stories-fr\/reinventer-le-travail-avec-webex\/#article\",\"isPartOf\":{\"@id\":\"https:\/\/blog.webex.com\/fr\/customer-stories-fr\/reinventer-le-travail-avec-webex\/\"},\"author\":{\"name\":\"Javed Khan\",\"@id\":\"https:\/\/blog.webex.com\/es\/#\/schema\/person\/ab9d91cf8e30bbe7020f4cde6db3794c\"},\"headline\":\"R\u00e9inventer le travail avec Webex\",\"datePublished\":\"2022-03-22T14:10:35+00:00\",\"dateModified\":\"2024-09-18T06:36:21+00:00\",\"mainEntityOfPage\":{\"@id\":\"https:\/\/blog.webex.com\/fr\/customer-stories-fr\/reinventer-le-travail-avec-webex\/\"},\"wordCount\":2951,\"image\":{\"@id\":\"https:\/\/blog.webex.com\/fr\/customer-stories-fr\/reinventer-le-travail-avec-webex\/#primaryimage\"},\"thumbnailUrl\":\"https:\/\/blog.webex.com\/wp-content\/uploads\/2022\/03\/CM-4446-March-Launch-image-975_554.jpeg\",\"keywords\":[\"appareils webex\",\"Cas d\u2019utilisation\",\"intelligence artificielle\",\"Machine learning\",\"Microsoft Teams\",\"Solutions de collaboration\",\"travail hybride\",\"Webex appels\",\"Webex Connect\",\"Webex Connect\",\"Webex Events\"],\"articleSection\":[\"Collaboration\",\"Customer Stories\"],\"inLanguage\":\"fr-FR\"},{\"@type\":\"WebPage\",\"@id\":\"https:\/\/blog.webex.com\/fr\/customer-stories-fr\/reinventer-le-travail-avec-webex\/\",\"url\":\"https:\/\/blog.webex.com\/fr\/customer-stories-fr\/reinventer-le-travail-avec-webex\/\",\"name\":\"R\u00e9inventer le travail avec Webex | Webex Blog\",\"isPartOf\":{\"@id\":\"https:\/\/blog.webex.com\/es\/#website\"},\"primaryImageOfPage\":{\"@id\":\"https:\/\/blog.webex.com\/fr\/customer-stories-fr\/reinventer-le-travail-avec-webex\/#primaryimage\"},\"image\":{\"@id\":\"https:\/\/blog.webex.com\/fr\/customer-stories-fr\/reinventer-le-travail-avec-webex\/#primaryimage\"},\"thumbnailUrl\":\"https:\/\/blog.webex.com\/wp-content\/uploads\/2022\/03\/CM-4446-March-Launch-image-975_554.jpeg\",\"datePublished\":\"2022-03-22T14:10:35+00:00\",\"dateModified\":\"2024-09-18T06:36:21+00:00\",\"author\":{\"@id\":\"https:\/\/blog.webex.com\/es\/#\/schema\/person\/ab9d91cf8e30bbe7020f4cde6db3794c\"},\"breadcrumb\":{\"@id\":\"https:\/\/blog.webex.com\/fr\/customer-stories-fr\/reinventer-le-travail-avec-webex\/#breadcrumb\"},\"inLanguage\":\"fr-FR\",\"potentialAction\":[{\"@type\":\"ReadAction\",\"target\":[\"https:\/\/blog.webex.com\/fr\/customer-stories-fr\/reinventer-le-travail-avec-webex\/\"]}]},{\"@type\":\"ImageObject\",\"inLanguage\":\"fr-FR\",\"@id\":\"https:\/\/blog.webex.com\/fr\/customer-stories-fr\/reinventer-le-travail-avec-webex\/#primaryimage\",\"url\":\"https:\/\/blog.webex.com\/wp-content\/uploads\/2022\/03\/CM-4446-March-Launch-image-975_554.jpeg\",\"contentUrl\":\"https:\/\/blog.webex.com\/wp-content\/uploads\/2022\/03\/CM-4446-March-Launch-image-975_554.jpeg\",\"width\":975,\"height\":554,\"caption\":\"CM-4446 March Launch image 975_554\"},{\"@type\":\"BreadcrumbList\",\"@id\":\"https:\/\/blog.webex.com\/fr\/customer-stories-fr\/reinventer-le-travail-avec-webex\/#breadcrumb\",\"itemListElement\":[{\"@type\":\"ListItem\",\"position\":1,\"name\":\"Home\",\"item\":\"https:\/\/blog.webex.com\/fr\/\"},{\"@type\":\"ListItem\",\"position\":2,\"name\":\"R\u00e9inventer le travail avec Webex\"}]},{\"@type\":\"WebSite\",\"@id\":\"https:\/\/blog.webex.com\/es\/#website\",\"url\":\"https:\/\/blog.webex.com\/es\/\",\"name\":\"Webex Blog\",\"description\":\"Webex by Cisco powers collaboration through industry-leading video conferencing, cloud calling and contact center solutions\",\"potentialAction\":[{\"@type\":\"SearchAction\",\"target\":{\"@type\":\"EntryPoint\",\"urlTemplate\":\"https:\/\/blog.webex.com\/es\/?s={search_term_string}\"},\"query-input\":{\"@type\":\"PropertyValueSpecification\",\"valueRequired\":true,\"valueName\":\"search_term_string\"}}],\"inLanguage\":\"fr-FR\"},{\"@type\":\"Person\",\"@id\":\"https:\/\/blog.webex.com\/es\/#\/schema\/person\/ab9d91cf8e30bbe7020f4cde6db3794c\",\"name\":\"Javed Khan\",\"image\":{\"@type\":\"ImageObject\",\"inLanguage\":\"fr-FR\",\"@id\":\"https:\/\/blog.webex.com\/es\/#\/schema\/person\/image\/\",\"url\":\"https:\/\/secure.gravatar.com\/avatar\/9ec50bf03fdff2e3ea773fe45b36039847660e0b3e13914645d5bff43c3d06f9?s=96&d=wp_user_avatar&r=g\",\"contentUrl\":\"https:\/\/secure.gravatar.com\/avatar\/9ec50bf03fdff2e3ea773fe45b36039847660e0b3e13914645d5bff43c3d06f9?s=96&d=wp_user_avatar&r=g\",\"caption\":\"Javed Khan\"},\"description\":\"Javed Khan is the Senior Vice President and General Manager of Cisco Collaboration. This multi-billion-dollar business boasts the award-winning Webex product portfolio, including Cisco Devices, Webex Meetings, Webex Contact Center, Slido, Webex Events, and Webex Connect. Javed is passionate about delivering unrivaled collaboration experiences that fuel the future of work. He took on this leadership role in the midst of a global pandemic, leading and innovating through exponential growth as remote work unfolded. Now the team has delivered thousands of innovations and transformed the portfolio to help customers prepare for the next normal. In his tenure with Cisco, Javed has held several leadership roles in Collaboration, including VP\/GM for the Calling and Meetings business units, where his team delivered several transformative initiatives, including a single meetings platform architecture and modernization of the Webex experience. Prior to joining Cisco, he served as Vice President of Enterprise and Consumer Security products at Symantec, securing the most important user and enterprise environments at scale. He started his career as an engineer at Novell Networks, moving into escalating leadership roles there and at Symantec. With over 20 years of enterprise and consumer product leadership, Javed is an accomplished speaker on the future of work, business transformation, sustainability, product development, and technology architectures. He holds an MS in Computer Science from Loyola University and an MBA from the Anderson School of Management at UCLA.\",\"sameAs\":[\"https:\/\/www.linkedin.com\/in\/javed-khan-cisco\",\"https:\/\/x.com\/https:\/\/twitter.com\/javed_khan\"],\"url\":\"https:\/\/blog.webex.com\/fr\/contributors\/javedkhan\/\"}]}<\/script>\n<!-- \/ Yoast SEO plugin. -->","yoast_head_json":{"title":"R\u00e9inventer le travail avec Webex | Webex Blog","robots":{"index":"index","follow":"follow","max-snippet":"max-snippet:-1","max-image-preview":"max-image-preview:large","max-video-preview":"max-video-preview:-1"},"canonical":"https:\/\/blog.webex.com\/fr\/customer-stories-fr\/reinventer-le-travail-avec-webex\/","og_locale":"fr_FR","og_type":"article","og_title":"R\u00e9inventer le travail avec Webex | Webex Blog","og_description":"Beaucoup de choses ont chang\u00e9 ces derni\u00e8res ann\u00e9es. La productivit\u00e9 a augment\u00e9, mais le bien-\u00eatre des employ\u00e9s a d\u00e9clin\u00e9. Des [&hellip;]","og_url":"https:\/\/blog.webex.com\/fr\/customer-stories-fr\/reinventer-le-travail-avec-webex\/","og_site_name":"Webex Blog","article_published_time":"2022-03-22T14:10:35+00:00","article_modified_time":"2024-09-18T06:36:21+00:00","og_image":[{"width":975,"height":554,"url":"https:\/\/blog.webex.com\/wp-content\/uploads\/2022\/03\/CM-4446-March-Launch-image-975_554.jpeg","type":"image\/jpeg"}],"author":"Javed Khan","twitter_misc":{"\u00c9crit par":"Javed Khan","Dur\u00e9e de lecture estim\u00e9e":"15 minutes"},"schema":{"@context":"https:\/\/schema.org","@graph":[{"@type":"Article","@id":"https:\/\/blog.webex.com\/fr\/customer-stories-fr\/reinventer-le-travail-avec-webex\/#article","isPartOf":{"@id":"https:\/\/blog.webex.com\/fr\/customer-stories-fr\/reinventer-le-travail-avec-webex\/"},"author":{"name":"Javed Khan","@id":"https:\/\/blog.webex.com\/es\/#\/schema\/person\/ab9d91cf8e30bbe7020f4cde6db3794c"},"headline":"R\u00e9inventer le travail avec Webex","datePublished":"2022-03-22T14:10:35+00:00","dateModified":"2024-09-18T06:36:21+00:00","mainEntityOfPage":{"@id":"https:\/\/blog.webex.com\/fr\/customer-stories-fr\/reinventer-le-travail-avec-webex\/"},"wordCount":2951,"image":{"@id":"https:\/\/blog.webex.com\/fr\/customer-stories-fr\/reinventer-le-travail-avec-webex\/#primaryimage"},"thumbnailUrl":"https:\/\/blog.webex.com\/wp-content\/uploads\/2022\/03\/CM-4446-March-Launch-image-975_554.jpeg","keywords":["appareils webex","Cas d\u2019utilisation","intelligence artificielle","Machine learning","Microsoft Teams","Solutions de collaboration","travail hybride","Webex appels","Webex Connect","Webex Connect","Webex Events"],"articleSection":["Collaboration","Customer Stories"],"inLanguage":"fr-FR"},{"@type":"WebPage","@id":"https:\/\/blog.webex.com\/fr\/customer-stories-fr\/reinventer-le-travail-avec-webex\/","url":"https:\/\/blog.webex.com\/fr\/customer-stories-fr\/reinventer-le-travail-avec-webex\/","name":"R\u00e9inventer le travail avec Webex | Webex Blog","isPartOf":{"@id":"https:\/\/blog.webex.com\/es\/#website"},"primaryImageOfPage":{"@id":"https:\/\/blog.webex.com\/fr\/customer-stories-fr\/reinventer-le-travail-avec-webex\/#primaryimage"},"image":{"@id":"https:\/\/blog.webex.com\/fr\/customer-stories-fr\/reinventer-le-travail-avec-webex\/#primaryimage"},"thumbnailUrl":"https:\/\/blog.webex.com\/wp-content\/uploads\/2022\/03\/CM-4446-March-Launch-image-975_554.jpeg","datePublished":"2022-03-22T14:10:35+00:00","dateModified":"2024-09-18T06:36:21+00:00","author":{"@id":"https:\/\/blog.webex.com\/es\/#\/schema\/person\/ab9d91cf8e30bbe7020f4cde6db3794c"},"breadcrumb":{"@id":"https:\/\/blog.webex.com\/fr\/customer-stories-fr\/reinventer-le-travail-avec-webex\/#breadcrumb"},"inLanguage":"fr-FR","potentialAction":[{"@type":"ReadAction","target":["https:\/\/blog.webex.com\/fr\/customer-stories-fr\/reinventer-le-travail-avec-webex\/"]}]},{"@type":"ImageObject","inLanguage":"fr-FR","@id":"https:\/\/blog.webex.com\/fr\/customer-stories-fr\/reinventer-le-travail-avec-webex\/#primaryimage","url":"https:\/\/blog.webex.com\/wp-content\/uploads\/2022\/03\/CM-4446-March-Launch-image-975_554.jpeg","contentUrl":"https:\/\/blog.webex.com\/wp-content\/uploads\/2022\/03\/CM-4446-March-Launch-image-975_554.jpeg","width":975,"height":554,"caption":"CM-4446 March Launch image 975_554"},{"@type":"BreadcrumbList","@id":"https:\/\/blog.webex.com\/fr\/customer-stories-fr\/reinventer-le-travail-avec-webex\/#breadcrumb","itemListElement":[{"@type":"ListItem","position":1,"name":"Home","item":"https:\/\/blog.webex.com\/fr\/"},{"@type":"ListItem","position":2,"name":"R\u00e9inventer le travail avec Webex"}]},{"@type":"WebSite","@id":"https:\/\/blog.webex.com\/es\/#website","url":"https:\/\/blog.webex.com\/es\/","name":"Webex Blog","description":"Webex by Cisco powers collaboration through industry-leading video conferencing, cloud calling and contact center solutions","potentialAction":[{"@type":"SearchAction","target":{"@type":"EntryPoint","urlTemplate":"https:\/\/blog.webex.com\/es\/?s={search_term_string}"},"query-input":{"@type":"PropertyValueSpecification","valueRequired":true,"valueName":"search_term_string"}}],"inLanguage":"fr-FR"},{"@type":"Person","@id":"https:\/\/blog.webex.com\/es\/#\/schema\/person\/ab9d91cf8e30bbe7020f4cde6db3794c","name":"Javed Khan","image":{"@type":"ImageObject","inLanguage":"fr-FR","@id":"https:\/\/blog.webex.com\/es\/#\/schema\/person\/image\/","url":"https:\/\/secure.gravatar.com\/avatar\/9ec50bf03fdff2e3ea773fe45b36039847660e0b3e13914645d5bff43c3d06f9?s=96&d=wp_user_avatar&r=g","contentUrl":"https:\/\/secure.gravatar.com\/avatar\/9ec50bf03fdff2e3ea773fe45b36039847660e0b3e13914645d5bff43c3d06f9?s=96&d=wp_user_avatar&r=g","caption":"Javed Khan"},"description":"Javed Khan is the Senior Vice President and General Manager of Cisco Collaboration. This multi-billion-dollar business boasts the award-winning Webex product portfolio, including Cisco Devices, Webex Meetings, Webex Contact Center, Slido, Webex Events, and Webex Connect. Javed is passionate about delivering unrivaled collaboration experiences that fuel the future of work. He took on this leadership role in the midst of a global pandemic, leading and innovating through exponential growth as remote work unfolded. Now the team has delivered thousands of innovations and transformed the portfolio to help customers prepare for the next normal. In his tenure with Cisco, Javed has held several leadership roles in Collaboration, including VP\/GM for the Calling and Meetings business units, where his team delivered several transformative initiatives, including a single meetings platform architecture and modernization of the Webex experience. Prior to joining Cisco, he served as Vice President of Enterprise and Consumer Security products at Symantec, securing the most important user and enterprise environments at scale. He started his career as an engineer at Novell Networks, moving into escalating leadership roles there and at Symantec. With over 20 years of enterprise and consumer product leadership, Javed is an accomplished speaker on the future of work, business transformation, sustainability, product development, and technology architectures. He holds an MS in Computer Science from Loyola University and an MBA from the Anderson School of Management at UCLA.","sameAs":["https:\/\/www.linkedin.com\/in\/javed-khan-cisco","https:\/\/x.com\/https:\/\/twitter.com\/javed_khan"],"url":"https:\/\/blog.webex.com\/fr\/contributors\/javedkhan\/"}]}},"_links":{"self":[{"href":"https:\/\/blog.webex.com\/fr\/wp-json\/wp\/v2\/posts\/393029","targetHints":{"allow":["GET"]}}],"collection":[{"href":"https:\/\/blog.webex.com\/fr\/wp-json\/wp\/v2\/posts"}],"about":[{"href":"https:\/\/blog.webex.com\/fr\/wp-json\/wp\/v2\/types\/post"}],"author":[{"embeddable":true,"href":"https:\/\/blog.webex.com\/fr\/wp-json\/wp\/v2\/users\/308"}],"replies":[{"embeddable":true,"href":"https:\/\/blog.webex.com\/fr\/wp-json\/wp\/v2\/comments?post=393029"}],"version-history":[{"count":0,"href":"https:\/\/blog.webex.com\/fr\/wp-json\/wp\/v2\/posts\/393029\/revisions"}],"wp:featuredmedia":[{"embeddable":true,"href":"https:\/\/blog.webex.com\/fr\/wp-json\/wp\/v2\/media\/391050"}],"wp:attachment":[{"href":"https:\/\/blog.webex.com\/fr\/wp-json\/wp\/v2\/media?parent=393029"}],"wp:term":[{"taxonomy":"category","embeddable":true,"href":"https:\/\/blog.webex.com\/fr\/wp-json\/wp\/v2\/categories?post=393029"},{"taxonomy":"post_tag","embeddable":true,"href":"https:\/\/blog.webex.com\/fr\/wp-json\/wp\/v2\/tags?post=393029"}],"curies":[{"name":"wp","href":"https:\/\/api.w.org\/{rel}","templated":true}]}}