{"id":401507,"date":"2022-10-25T07:24:29","date_gmt":"2022-10-25T14:24:29","guid":{"rendered":"https:\/\/blog.webex.com\/uncategorized-fr\/webex-le-logiciel-de-collaboration-de-demain\/"},"modified":"2024-09-17T23:36:13","modified_gmt":"2024-09-18T06:36:13","slug":"webex-le-logiciel-de-collaboration-de-demain","status":"publish","type":"post","link":"https:\/\/blog.webex.com\/fr\/uncategorized-fr\/webex-le-logiciel-de-collaboration-de-demain\/","title":{"rendered":"Webex\u00a0: le logiciel de collaboration de demain"},"content":{"rendered":"<p>Le travail hybride a beaucoup \u00e9volu\u00e9 en un an. Les entreprises et les collaborateurs dessinent ensemble cette nouvelle \u00e8re qui m\u00e8ne \u00e0 de nouvelles politiques, organisations et habitudes de travail. Le travail hybride pose des d\u00e9fis in\u00e9dits qui ne devraient pas nous surprendre. En effet, il implique un changement radical des modes de travail, pas uniquement de nouveaux horaires ou am\u00e9nagements de poste. Et il doit r\u00e9pondre aux attentes de collaborateurs r\u00e9partis dans le monde entier, avec des besoins tr\u00e8s diff\u00e9rents.<\/p>\n<p>Tout doit \u00eatre repens\u00e9, des modes de travail \u00e0 la culture d&rsquo;entreprise en passant par le r\u00f4le des bureaux physiques et la gestion des \u00e9quipes. Pour r\u00e9pondre \u00e0 toutes les questions pos\u00e9es par le travail hybride, une seule technologie, une seule personne ou une seule entreprise ne suffira pas. Une approche pluridisciplinaire est n\u00e9cessaire, avec un alignement \u00e9troit des \u00e9quipes RH, IT et technique. Il faut \u00e9galement une pile technologique compl\u00e8te et s\u00e9curis\u00e9e avec des \u00e9quipements, un r\u00e9seau et une connectivit\u00e9 fiables, le tout orchestr\u00e9 par un logiciel de collaboration performant. C&rsquo;est exactement la mission de Webex.<\/p>\n<h2>Une collaboration adapt\u00e9e aux besoins de chaque \u00e9quipe<\/h2>\n<p>Il n&rsquo;existe pas d&rsquo;approche universelle du travail. Les \u00e9quipes sont toutes diff\u00e9rentes, avec des postes, des modes de travail et des besoins uniques. Et chaque jour, les interactions se suivent et ne se ressemblent pas, avec des appels t\u00e9l\u00e9phoniques individuels, des r\u00e9unions en petit comit\u00e9 ou encore de grands \u00e9v\u00e9nements r\u00e9unissant des dizaines de milliers de personnes. Webex\u00a0Suite a \u00e9t\u00e9 con\u00e7ue pour prendre en charge tous ces \u00e9changes. Cette suite int\u00e9gr\u00e9e unique regroupe aujourd&rsquo;hui toutes les cat\u00e9gories des produits Webex, \u00e0 savoir les appels, la messagerie, les r\u00e9unions, les tableaux blancs, les webinars, les \u00e9v\u00e9nements, les sondages et les vid\u00e9os asynchrones. Un an \u00e0 peine apr\u00e8s son lancement, Webex\u00a0Suite a d\u00e9j\u00e0 conquis de tr\u00e8s nombreux clients qui ne cessent de vanter les m\u00e9rites de cette offre int\u00e9gr\u00e9e. Et ce n&rsquo;est que le d\u00e9but. Aujourd&rsquo;hui, nous avons le plaisir d&rsquo;annoncer le lancement de plus de 40\u00a0nouvelles fonctionnalit\u00e9s et am\u00e9liorations dans toute la suite Webex. En voici quelques-unes.<\/p>\n<h3>Une messagerie optimis\u00e9e<\/h3>\n<p>Nous sommes de plus en plus nombreux \u00e0 communiquer davantage par messages instantan\u00e9s que par e-mail, que ce soit dans le cadre priv\u00e9 comme pour les \u00e9changes professionnels. La nouvelle fonctionnalit\u00e9 d&rsquo;espaces publics disponible dans la messagerie permet de cr\u00e9er et de rejoindre des espaces ouverts sur des th\u00e8mes, des missions ou des loisirs sp\u00e9cifiques afin de d\u00e9velopper plus facilement une communaut\u00e9 au travail. Et avec la fonctionnalit\u00e9 de regroupement d&rsquo;espace, vous pouvez trier et organiser \u00e0 votre fa\u00e7on vos messages.<\/p>\n<p><a href=\"https:\/\/blog.webex.com\/wp-content\/uploads\/2022\/10\/space-grouping.png\"><img loading=\"lazy\" decoding=\"async\" class=\"alignnone wp-image-399841 size-full\" src=\"https:\/\/blog.webex.com\/wp-content\/uploads\/2022\/10\/space-grouping.png\" alt=\"\" width=\"1000\" height=\"630\" srcset=\"https:\/\/blog.webex.com\/wp-content\/uploads\/2022\/10\/space-grouping.png 825w, https:\/\/blog.webex.com\/wp-content\/uploads\/2022\/10\/space-grouping-300x189.png 300w, https:\/\/blog.webex.com\/wp-content\/uploads\/2022\/10\/space-grouping-768x484.png 768w\" sizes=\"auto, (max-width: 1000px) 100vw, 1000px\" \/><\/a><\/p>\n<h3>Des r\u00e9unions plus performantes<\/h3>\n<p>Vous pouvez d\u00e9sormais choisir ce que vous voulez voir gr\u00e2ce aux dispositions personnalisables. Que vous souhaitiez afficher la pr\u00e9sentation ou le public, l&rsquo;animateur ou jusqu&rsquo;\u00e0 81\u00a0personnes sous la forme d&rsquo;une grille 9&#215;9, les cartes sont entre vos mains.<\/p>\n<p><a href=\"https:\/\/blog.webex.com\/wp-content\/uploads\/2022\/10\/wx-large-room.jpg\"><img loading=\"lazy\" decoding=\"async\" class=\"alignnone wp-image-399851 size-full\" src=\"https:\/\/blog.webex.com\/wp-content\/uploads\/2022\/10\/wx-large-room.jpg\" alt=\"\" width=\"1000\" height=\"563\" srcset=\"https:\/\/blog.webex.com\/wp-content\/uploads\/2022\/10\/wx-large-room.jpg 924w, https:\/\/blog.webex.com\/wp-content\/uploads\/2022\/10\/wx-large-room-300x169.jpg 300w, https:\/\/blog.webex.com\/wp-content\/uploads\/2022\/10\/wx-large-room-768x432.jpg 768w\" sizes=\"auto, (max-width: 1000px) 100vw, 1000px\" \/><\/a><\/p>\n<p>Mobile Camera View, notre fonctionnalit\u00e9 in\u00e9dite de partage d&rsquo;appareil photo mobile, offre \u00e9galement de nouvelles opportunit\u00e9s de collaboration et de partage pendant les r\u00e9unions. Elle vous permet d&rsquo;interagir avec le contenu de vos interlocuteurs en temps r\u00e9el, m\u00eame \u00e0 des kilom\u00e8tres de distance. Partagez en direct une vid\u00e9o de haute qualit\u00e9 \u00e0 partir de la cam\u00e9ra de votre t\u00e9l\u00e9phone portable et les participants pourront r\u00e9agir, interagir et intervenir sur ce contenu de mani\u00e8re instantan\u00e9e. C&rsquo;est particuli\u00e8rement int\u00e9ressant pour les collaborateurs de terrain qui doivent transmettre des informations en temps r\u00e9el aux \u00e9quipes du bureau depuis l&rsquo;endroit o\u00f9 ils se trouvent. [lien vers l&rsquo;article de blog de Jeetu]<\/p>\n<p>Voyez par vous-m\u00eame\u00a0!<\/p>\n<p><iframe loading=\"lazy\" src=\"https:\/\/www.youtube.com\/embed\/OihsjxNBFQc?autoplay=1\" width=\"980\" height=\"514\" frameborder=\"0\" allowfullscreen=\"allowfullscreen\"><\/iframe><\/p>\n<h2>Des appels plus efficaces<\/h2>\n<p>Les appels sont un outil de travail essentiel pour chaque collaborateur, qu&rsquo;il soit technicien sur site, agent de service client ou expert consultant. Webex Calling offre des fonctionnalit\u00e9s d&rsquo;appel professionnelles depuis le cloud sous la forme d&rsquo;une solution \u00e9volutive, s\u00e9curis\u00e9e et r\u00e9siliente \u00e0 l&rsquo;efficacit\u00e9 prouv\u00e9e. Webex continue \u00e9galement d&rsquo;innover pour proposer des workflows de plus en plus fluides.La fonction de <\/p>\n<p><a href=\"https:\/\/www.webex.com\/content\/dam\/wbx\/us\/aag\/group_call_management_cm-5216.pdf\" target=\"_blank\" rel=\"noopener\">gestion des appels de groupe<\/a> est un centre d&rsquo;appels disponible gratuitement avec Webex Calling qui assure un routage et une analyse avanc\u00e9s pour optimiser les performances des \u00e9quipes charg\u00e9es des appels entrants. Nous simplifions \u00e9galement le workflow en int\u00e9grant <a href=\"https:\/\/youtu.be\/UvoRIjLFDBE\" target=\"_blank\" rel=\"noopener\">Webex\u00a0Calling dans Microsoft Teams<\/a> avec une toute nouvelle interface utilisateur. Il n&rsquo;est plus n\u00e9cessaire de jongler entre les deux\u00a0applications.<\/p>\n<p><a href=\"https:\/\/blog.webex.com\/wp-content\/uploads\/2022\/10\/webex-conference.png\"><img loading=\"lazy\" decoding=\"async\" class=\"alignnone wp-image-399861 size-full\" src=\"https:\/\/blog.webex.com\/wp-content\/uploads\/2022\/10\/webex-conference.png\" alt=\"\" width=\"902\" height=\"553\" srcset=\"https:\/\/blog.webex.com\/wp-content\/uploads\/2022\/10\/webex-conference.png 848w, https:\/\/blog.webex.com\/wp-content\/uploads\/2022\/10\/webex-conference-300x184.png 300w, https:\/\/blog.webex.com\/wp-content\/uploads\/2022\/10\/webex-conference-768x471.png 768w\" sizes=\"auto, (max-width: 902px) 100vw, 902px\" \/><\/a><\/p>\n<p>De plus, les utilisateurs Google\u00a0Chrome peuvent d\u00e9sormais passer et recevoir des appels t\u00e9l\u00e9phoniques Webex directement depuis le navigateur en un seul clic. D\u00e9couvrez cette toute nouvelle fonctionnalit\u00e9 sur notre <a href=\"https:\/\/apphub.webex.com\/applications\/webex-calling-for-chrome\" target=\"_blank\" rel=\"noopener\">page App Hub<\/a>.<\/p>\n<p>Ce ne sont l\u00e0 que quelques-unes de nos derni\u00e8res innovations pour vous aider \u00e0 offrir \u00e0 vos clients et \u00e0 vos \u00e9quipes les meilleures exp\u00e9riences possibles. Nous vous r\u00e9servons encore bien d&rsquo;autres surprises, telles que la centralisation des tableaux blancs, le d\u00e9veloppement des sondages et de nouvelles donn\u00e9es et fonctionnalit\u00e9s d&rsquo;\u00e9dition pour les vid\u00e9os asynchrones.<\/p>\n<h2>Des \u00e9changes uniques<\/h2>\n<p>Nous avons vu ces derni\u00e8res ann\u00e9es qu&rsquo;il existe une demande r\u00e9elle pour des strat\u00e9gies et des technologies qui permettent d&rsquo;organiser des \u00e9v\u00e9nements et des webinars hybrides dynamiques, sur site comme \u00e0 distance. Essayez notre nouvelle fonctionnalit\u00e9 de sous-titrage et de traduction en temps r\u00e9el. Elle est disponible dans plus de 30\u00a0langues pour les contenus \u00e0 la demande, en direct et en simulive, partout et sur tout type d&rsquo;\u00e9quipement.<\/p>\n<p>La qualit\u00e9 des interactions ne concerne pas uniquement les participants. Les organisateurs de webinar peuvent \u00e9galement exploiter pleinement leurs investissements marketing gr\u00e2ce \u00e0 des int\u00e9grations strat\u00e9giques avec des solutions telles que Salesforce et Eloqua. Et avec le nouvel outil Stage\u00a0Manager, tous les membres de votre \u00e9quipe ont acc\u00e8s \u00e0 une biblioth\u00e8que d&rsquo;arri\u00e8re-plans color\u00e9s et peuvent ajouter des logos, des images ou encore des titres pour donner du style \u00e0 votre webinar.<\/p>\n<p>Les \u00e9v\u00e9nements hybrides peuvent \u00eatre difficiles \u00e0 g\u00e9rer, surtout lorsque des changements sont n\u00e9cessaires. Nos nouveaux widgets de contenus int\u00e9grables offrent davantage de flexibilit\u00e9 et de contr\u00f4le aux organisateurs d&rsquo;\u00e9v\u00e9nement. Les modules li\u00e9s au programme, au sponsor et aux intervenants peuvent \u00eatre int\u00e9gr\u00e9s facilement sur le site web de l&rsquo;\u00e9v\u00e9nement et sont mis \u00e0 jour instantan\u00e9ment d\u00e8s qu&rsquo;une modification est apport\u00e9e dans Webex\u00a0Events.<\/p>\n<p>Voici quelques exemples des <a href=\"https:\/\/blog.webex.com\/event-management\/feature-for-cant-miss-events\/\" target=\"_blank\" rel=\"noopener\">nombreuses possibilit\u00e9s<\/a>\u00a0que nous vous offrons afin que vous puissiez personnaliser vos \u00e9v\u00e9nements et optimiser l&rsquo;exp\u00e9rience de vos participants. Toutes ces fonctionnalit\u00e9s sont accessibles facilement et sans frais additionnels dans Webex\u00a0Suite.<\/p>\n<h2>Des espaces de travail plus conviviaux<\/h2>\n<p>Bon nombre d&rsquo;entreprises accueillent \u00e0 nouveau leurs collaborateurs au bureau et souhaitent am\u00e9liorer leur exp\u00e9rience. Nous avons \u00e9largi <a href=\"https:\/\/blog.webex.com\/hybrid-work\/more-flexibility-hybrid-work\" target=\"_blank\" rel=\"noopener\">notre gamme d&rsquo;\u00e9quipements Cisco<\/a> con\u00e7us pour r\u00e9pondre aux besoins en constante \u00e9volution du travail hybride moderne. Le syst\u00e8me Room Kit EQ est l&rsquo;\u00e9quipement de collaboration le plus puissant de Cisco \u00e0 ce jour. C&rsquo;est une v\u00e9ritable innovation pour les grands espaces de r\u00e9union.<\/p>\n<p><iframe loading=\"lazy\" src=\"https:\/\/www.youtube.com\/embed\/UYmgLio57D8\" width=\"980\" height=\"514\" frameborder=\"0\" allowfullscreen=\"allowfullscreen\"><\/iframe><\/p>\n<p>Vous pouvez personnaliser la configuration de votre salle en connectant jusqu&rsquo;\u00e0 trois\u00a0\u00e9crans, plusieurs microphones, des cam\u00e9ras et d&rsquo;autres accessoires pour salle de r\u00e9union afin de rendre les grands espaces encore plus attrayants. <\/p>\n<p>85\u00a0% des entreprises utilisent au moins deux\u00a0plateformes au quotidien et cela ne devrait pas changer. Il est temps pour Webex de proposer une toute nouvelle approche des r\u00e9unions multi-plateforme. Au cours des derni\u00e8res ann\u00e9es, nous avons beaucoup investi dans l&rsquo;interop\u00e9rabilit\u00e9 avec d&rsquo;autres fournisseurs de plateformes comme Microsoft, Google et Zoom, afin que les utilisateurs puissent b\u00e9n\u00e9ficier d&rsquo;une exp\u00e9rience coh\u00e9rente et transparente sur nos \u00e9quipements, quelle que soit leur plateforme de collaboration. En r\u00e9alit\u00e9, ces plateformes s&rsquo;av\u00e8rent encore plus performantes gr\u00e2ce aux puissantes fonctionnalit\u00e9s audio et vid\u00e9o de nos \u00e9quipements.<\/p>\n<p>Nos \u00e9quipements Cisco prennent d\u00e9sormais en charge <a href=\"https:\/\/blog.webex.com\/collaboration-devices\/cisco-devices-for-microsoft-teams-rooms\/\" target=\"_blank\" rel=\"noopener\">l&rsquo;exp\u00e9rience Microsoft Teams Room de mani\u00e8re native<\/a>. Les clients auront bient\u00f4t la possibilit\u00e9 de configurer Microsoft Teams Rooms comme option par d\u00e9faut. \u00c0 noter que les \u00e9quipements Cisco continueront \u00e0 prendre en charge les r\u00e9unions Webex avec toutes les caract\u00e9ristiques et fonctionnalit\u00e9s dont vous b\u00e9n\u00e9ficiez aujourd&rsquo;hui.<\/p>\n<p>Dans un premier temps, six de nos \u00e9quipements de r\u00e9union les plus pl\u00e9biscit\u00e9s et trois\u00a0p\u00e9riph\u00e9riques seront certifi\u00e9s pour Teams, en commen\u00e7ant par <a href=\"https:\/\/www.webex.com\/devices\/webex-room-bar.html\" target=\"_blank\" rel=\"noopener\">Cisco Room Bar<\/a>, <a href=\"https:\/\/www.cisco.com\/c\/en\/us\/products\/collaboration-endpoints\/webex-board\/index.html\" target=\"_blank\" rel=\"noopener\">Cisco Board<\/a> Pro 55&Prime; et 75&Prime;, et <a href=\"https:\/\/hardware.webex.com\/products\/Cisco%20Webex%20Room%20Kit%20Pro\" target=\"_blank\" rel=\"noopener\">Cisco Room Kit Pro<\/a>, suivis de Cisco Desk Pro et Cisco Room Navigator. Le premier p\u00e9riph\u00e9rique certifi\u00e9, <a href=\"https:\/\/www.cisco.com\/c\/en\/us\/products\/collaboration-endpoints\/webex-desk-camera\/index.html\" target=\"_blank\" rel=\"noopener\">Cisco Desk Camera 4K<\/a>, sera disponible d&rsquo;ici deux\u00a0semaines. Suivront deux\u00a0casques dot\u00e9s d&rsquo;un bouton Teams d\u00e9but\u00a02023.<\/p>\n<p><iframe loading=\"lazy\" src=\"https:\/\/www.youtube.com\/embed\/DKWxubvGQLU\" width=\"980\" height=\"514\" frameborder=\"0\" allowfullscreen=\"allowfullscreen\"><\/iframe><\/p>\n<h2>Une gestion IT facile et s\u00e9curis\u00e9e<\/h2>\n<p>Webex met tout en \u0153uvre pour proposer des solutions de collaboration s\u00e9curis\u00e9es et faciles \u00e0 g\u00e9rer. La simplicit\u00e9 de gestion et la s\u00e9curit\u00e9 sont des priorit\u00e9s pour l&rsquo;\u00e9quipe IT qui fait face \u00e0 des risques toujours plus nombreux dans un environnement de collaboration hybride d\u00e9j\u00e0 complexe. Control Hub, notre outil d&rsquo;administration centralis\u00e9 pour tous les services et \u00e9quipements Webex, peut d\u00e9sormais \u00eatre utilis\u00e9 pour g\u00e9rer votre centre de contact. Control Hub vous permet de provisionner et de g\u00e9rer votre d\u00e9ploiement Webex en toute simplicit\u00e9 avec des informations d\u00e9taill\u00e9es sur l&rsquo;utilisation, l&rsquo;adoption et les performances, afin de garantir le respect de la conformit\u00e9 et un contr\u00f4le total sur la solution.<\/p>\n<p>De plus, la nouvelle fonctionnalit\u00e9 de <a href=\"https:\/\/www.youtube.com\/watch?v=KJZ_jtMNuu8\" target=\"_blank\" rel=\"noopener\">coaching Control Hub<\/a> utilise l&rsquo;intelligence artificielle int\u00e9gr\u00e9e pour sugg\u00e9rer des moyens de simplifier la gestion et fournir des informations exploitables aux administrateurs. Vous pouvez ainsi am\u00e9liorer le taux d&rsquo;adoption, mettre en \u0153uvre votre strat\u00e9gie de conformit\u00e9 et fixer des objectifs pour exploiter tout le potentiel de l&rsquo;\u00e9cosyst\u00e8me Webex, en sachant exactement o\u00f9 se trouvent vos donn\u00e9es \u00e0 chaque instant.<\/p>\n<p><a href=\"https:\/\/blog.webex.com\/wp-content\/uploads\/2022\/10\/javed-control-hub.jpg\"><img loading=\"lazy\" decoding=\"async\" class=\"alignnone wp-image-399871 size-full\" src=\"https:\/\/blog.webex.com\/wp-content\/uploads\/2022\/10\/javed-control-hub.jpg\" alt=\"\" width=\"1000\" height=\"844\" srcset=\"https:\/\/blog.webex.com\/wp-content\/uploads\/2022\/10\/javed-control-hub.jpg 616w, https:\/\/blog.webex.com\/wp-content\/uploads\/2022\/10\/javed-control-hub-300x253.jpg 300w, https:\/\/blog.webex.com\/wp-content\/uploads\/2022\/10\/javed-control-hub-768x648.jpg 768w\" sizes=\"auto, (max-width: 1000px) 100vw, 1000px\" \/><\/a><\/p>\n<p>Nous renfor\u00e7ons \u00e9galement la s\u00e9curit\u00e9 gr\u00e2ce \u00e0 une nouvelle technologie de filigrane audio qui sera bient\u00f4t disponible. La dispersion des \u00e9quipes \u00e0 travers le monde est telle qu&rsquo;il est parfois difficile de garantir la confidentialit\u00e9 des r\u00e9unions. Avec le filigrane audio, vous aborderez ce d\u00e9fi plus sereinement. Il vous suffira de d\u00e9finir une r\u00e9union comme prot\u00e9g\u00e9e pour que chaque flux audio de chaque participant soit marqu\u00e9 en filigrane par un identifiant inaudible unique. Ainsi, votre \u00e9quipe responsable de la s\u00e9curit\u00e9 pourra remonter plus facilement \u00e0 la source d&rsquo;\u00e9ventuelles fuites.<\/p>\n<p>Nous venons de voir quelques-unes des derni\u00e8res fonctionnalit\u00e9s qui enrichissent l&rsquo;exp\u00e9rience Webex. Mais le plus important, c&rsquo;est la fa\u00e7on dont ces outils s&rsquo;associent pour fournir une solution int\u00e9gr\u00e9e, notamment\u00a0:<\/p>\n<ul>\n<li><strong>Transf\u00e9rer un message<\/strong> vers un appel, puis vers une r\u00e9union<\/li>\n<li><strong>Utiliser des tableaux de bord et des sondages<\/strong> pendant une r\u00e9union, mais aussi dans un autre contexte ou dans une vid\u00e9o<\/li>\n<li><strong>Utiliser l&rsquo;IA pour optimiser la qualit\u00e9 audio<\/strong> dans les r\u00e9unions et les appels, sur tous les \u00e9quipements Webex<\/li>\n<li><strong>Utiliser Webex Control Hub pour g\u00e9rer le parc et r\u00e9soudre les probl\u00e8mes<\/strong> pour l&rsquo;ensemble des utilisateurs et des \u00e9quipements, et int\u00e9grer ThousandEyes pour un d\u00e9pannage et une visibilit\u00e9 sur l&rsquo;ensemble du r\u00e9seau<\/li>\n<\/ul>\n<p>La suite Webex vous assure une exp\u00e9rience unifi\u00e9e et coh\u00e9rente. Et cela, seule une plateforme de collaboration unique peut vous l&rsquo;offrir. Nous mettons tout en \u0153uvre pour proposer des exp\u00e9riences de travail hybride toujours plus exceptionnelles, et nous n&rsquo;avons pas l&rsquo;intention de nous arr\u00eater l\u00e0.<\/p>\n<p><strong>En savoir plus<\/strong><\/p>\n<ul>\n<li><a href=\"https:\/\/blog.webex.com\/customer-experience\/pushing-boundaries-of-digital-interaction\/\" target=\"_blank\" rel=\"noopener\">Repousser les fronti\u00e8res de l&rsquo;interaction num\u00e9rique<\/a><\/li>\n<li><a href=\"https:\/\/blog.webex.com\/customer-experience\/webex-for-moments-that-matter\/\" target=\"_blank\" rel=\"noopener\">Webex connecte les exp\u00e9riences client pour les moments importants<\/a><\/li>\n<li><a href=\"https:\/\/blog.webex.com\/webex-calling\/heart-of-hybrid-collaboration\/\" target=\"_blank\" rel=\"noopener\">Les appels au c\u0153ur de la collaboration hybride<\/a><\/li>\n<\/ul>\n","protected":false},"excerpt":{"rendered":"<p>Le travail hybride a beaucoup \u00e9volu\u00e9 en un an. Les entreprises et les collaborateurs dessinent ensemble cette nouvelle \u00e8re qui [&hellip;]<\/p>\n","protected":false},"author":308,"featured_media":399896,"comment_status":"closed","ping_status":"open","sticky":false,"template":"","format":"standard","meta":{"inline_featured_image":false,"footnotes":""},"categories":[5253,2770],"tags":[1587,6681,4730,7300,2066,5672,2393,4470,5844,15591],"class_list":["post-401507","post","type-post","status-publish","format-standard","has-post-thumbnail","hentry","category-collaboration-fr","category-uncategorized-fr","tag-appareils-webex","tag-hub-dapplications-webex","tag-intelligence-artificielle","tag-microsoft-teams-fr","tag-outils-de-collaboration","tag-solutions-de-collaboration","tag-travail-hybride","tag-webex-app-hub","tag-webex-appels","tag-webex-meetings-fr-3"],"acf":[],"yoast_head":"<!-- This site is optimized with the Yoast SEO plugin v27.1.1 - https:\/\/yoast.com\/product\/yoast-seo-wordpress\/ -->\n<title>Webex\u00a0: le logiciel de collaboration de demain | Webex Blog<\/title>\n<meta name=\"robots\" content=\"index, follow, max-snippet:-1, max-image-preview:large, max-video-preview:-1\" \/>\n<link rel=\"canonical\" href=\"https:\/\/blog.webex.com\/fr\/uncategorized-fr\/webex-le-logiciel-de-collaboration-de-demain\/\" \/>\n<meta property=\"og:locale\" content=\"fr_FR\" \/>\n<meta property=\"og:type\" content=\"article\" \/>\n<meta property=\"og:title\" content=\"Webex\u00a0: le logiciel de collaboration de demain | Webex Blog\" \/>\n<meta property=\"og:description\" content=\"Le travail hybride a beaucoup \u00e9volu\u00e9 en un an. Les entreprises et les collaborateurs dessinent ensemble cette nouvelle \u00e8re qui [&hellip;]\" \/>\n<meta property=\"og:url\" content=\"https:\/\/blog.webex.com\/fr\/uncategorized-fr\/webex-le-logiciel-de-collaboration-de-demain\/\" \/>\n<meta property=\"og:site_name\" content=\"Webex Blog\" \/>\n<meta property=\"article:published_time\" content=\"2022-10-25T14:24:29+00:00\" \/>\n<meta property=\"article:modified_time\" content=\"2024-09-18T06:36:13+00:00\" \/>\n<meta property=\"og:image\" content=\"https:\/\/blog.webex.com\/wp-content\/uploads\/2022\/10\/feature.jpg\" \/>\n\t<meta property=\"og:image:width\" content=\"1000\" \/>\n\t<meta property=\"og:image:height\" content=\"562\" \/>\n\t<meta property=\"og:image:type\" content=\"image\/jpeg\" \/>\n<meta name=\"author\" content=\"Javed Khan\" \/>\n<meta name=\"twitter:label1\" content=\"\u00c9crit par\" \/>\n\t<meta name=\"twitter:data1\" content=\"Javed Khan\" \/>\n\t<meta name=\"twitter:label2\" content=\"Dur\u00e9e de lecture estim\u00e9e\" \/>\n\t<meta name=\"twitter:data2\" content=\"10 minutes\" \/>\n<script type=\"application\/ld+json\" class=\"yoast-schema-graph\">{\"@context\":\"https:\/\/schema.org\",\"@graph\":[{\"@type\":\"Article\",\"@id\":\"https:\/\/blog.webex.com\/fr\/uncategorized-fr\/webex-le-logiciel-de-collaboration-de-demain\/#article\",\"isPartOf\":{\"@id\":\"https:\/\/blog.webex.com\/fr\/uncategorized-fr\/webex-le-logiciel-de-collaboration-de-demain\/\"},\"author\":{\"name\":\"Javed Khan\",\"@id\":\"https:\/\/blog.webex.com\/es\/#\/schema\/person\/ab9d91cf8e30bbe7020f4cde6db3794c\"},\"headline\":\"Webex\u00a0: le logiciel de collaboration de demain\",\"datePublished\":\"2022-10-25T14:24:29+00:00\",\"dateModified\":\"2024-09-18T06:36:13+00:00\",\"mainEntityOfPage\":{\"@id\":\"https:\/\/blog.webex.com\/fr\/uncategorized-fr\/webex-le-logiciel-de-collaboration-de-demain\/\"},\"wordCount\":1998,\"image\":{\"@id\":\"https:\/\/blog.webex.com\/fr\/uncategorized-fr\/webex-le-logiciel-de-collaboration-de-demain\/#primaryimage\"},\"thumbnailUrl\":\"https:\/\/blog.webex.com\/wp-content\/uploads\/2022\/10\/feature.jpg\",\"keywords\":[\"appareils webex\",\"Hub d\u2019applications Webex\",\"intelligence artificielle\",\"Microsoft Teams\",\"outils de collaboration\",\"Solutions de collaboration\",\"travail hybride\",\"Webex App Hub\",\"Webex appels\",\"Webex Meetings\"],\"articleSection\":[\"Collaboration\",\"Uncategorized @fr\"],\"inLanguage\":\"fr-FR\"},{\"@type\":\"WebPage\",\"@id\":\"https:\/\/blog.webex.com\/fr\/uncategorized-fr\/webex-le-logiciel-de-collaboration-de-demain\/\",\"url\":\"https:\/\/blog.webex.com\/fr\/uncategorized-fr\/webex-le-logiciel-de-collaboration-de-demain\/\",\"name\":\"Webex\u00a0: le logiciel de collaboration de demain | Webex Blog\",\"isPartOf\":{\"@id\":\"https:\/\/blog.webex.com\/es\/#website\"},\"primaryImageOfPage\":{\"@id\":\"https:\/\/blog.webex.com\/fr\/uncategorized-fr\/webex-le-logiciel-de-collaboration-de-demain\/#primaryimage\"},\"image\":{\"@id\":\"https:\/\/blog.webex.com\/fr\/uncategorized-fr\/webex-le-logiciel-de-collaboration-de-demain\/#primaryimage\"},\"thumbnailUrl\":\"https:\/\/blog.webex.com\/wp-content\/uploads\/2022\/10\/feature.jpg\",\"datePublished\":\"2022-10-25T14:24:29+00:00\",\"dateModified\":\"2024-09-18T06:36:13+00:00\",\"author\":{\"@id\":\"https:\/\/blog.webex.com\/es\/#\/schema\/person\/ab9d91cf8e30bbe7020f4cde6db3794c\"},\"breadcrumb\":{\"@id\":\"https:\/\/blog.webex.com\/fr\/uncategorized-fr\/webex-le-logiciel-de-collaboration-de-demain\/#breadcrumb\"},\"inLanguage\":\"fr-FR\",\"potentialAction\":[{\"@type\":\"ReadAction\",\"target\":[\"https:\/\/blog.webex.com\/fr\/uncategorized-fr\/webex-le-logiciel-de-collaboration-de-demain\/\"]}]},{\"@type\":\"ImageObject\",\"inLanguage\":\"fr-FR\",\"@id\":\"https:\/\/blog.webex.com\/fr\/uncategorized-fr\/webex-le-logiciel-de-collaboration-de-demain\/#primaryimage\",\"url\":\"https:\/\/blog.webex.com\/wp-content\/uploads\/2022\/10\/feature.jpg\",\"contentUrl\":\"https:\/\/blog.webex.com\/wp-content\/uploads\/2022\/10\/feature.jpg\",\"width\":1000,\"height\":562,\"caption\":\"#image_title\"},{\"@type\":\"BreadcrumbList\",\"@id\":\"https:\/\/blog.webex.com\/fr\/uncategorized-fr\/webex-le-logiciel-de-collaboration-de-demain\/#breadcrumb\",\"itemListElement\":[{\"@type\":\"ListItem\",\"position\":1,\"name\":\"Home\",\"item\":\"https:\/\/blog.webex.com\/fr\/\"},{\"@type\":\"ListItem\",\"position\":2,\"name\":\"Webex\u00a0: le logiciel de collaboration de demain\"}]},{\"@type\":\"WebSite\",\"@id\":\"https:\/\/blog.webex.com\/es\/#website\",\"url\":\"https:\/\/blog.webex.com\/es\/\",\"name\":\"Webex Blog\",\"description\":\"Webex by Cisco powers collaboration through industry-leading video conferencing, cloud calling and contact center solutions\",\"potentialAction\":[{\"@type\":\"SearchAction\",\"target\":{\"@type\":\"EntryPoint\",\"urlTemplate\":\"https:\/\/blog.webex.com\/es\/?s={search_term_string}\"},\"query-input\":{\"@type\":\"PropertyValueSpecification\",\"valueRequired\":true,\"valueName\":\"search_term_string\"}}],\"inLanguage\":\"fr-FR\"},{\"@type\":\"Person\",\"@id\":\"https:\/\/blog.webex.com\/es\/#\/schema\/person\/ab9d91cf8e30bbe7020f4cde6db3794c\",\"name\":\"Javed Khan\",\"image\":{\"@type\":\"ImageObject\",\"inLanguage\":\"fr-FR\",\"@id\":\"https:\/\/blog.webex.com\/es\/#\/schema\/person\/image\/\",\"url\":\"https:\/\/secure.gravatar.com\/avatar\/9ec50bf03fdff2e3ea773fe45b36039847660e0b3e13914645d5bff43c3d06f9?s=96&d=wp_user_avatar&r=g\",\"contentUrl\":\"https:\/\/secure.gravatar.com\/avatar\/9ec50bf03fdff2e3ea773fe45b36039847660e0b3e13914645d5bff43c3d06f9?s=96&d=wp_user_avatar&r=g\",\"caption\":\"Javed Khan\"},\"description\":\"Javed Khan is the Senior Vice President and General Manager of Cisco Collaboration. This multi-billion-dollar business boasts the award-winning Webex product portfolio, including Cisco Devices, Webex Meetings, Webex Contact Center, Slido, Webex Events, and Webex Connect. Javed is passionate about delivering unrivaled collaboration experiences that fuel the future of work. He took on this leadership role in the midst of a global pandemic, leading and innovating through exponential growth as remote work unfolded. Now the team has delivered thousands of innovations and transformed the portfolio to help customers prepare for the next normal. In his tenure with Cisco, Javed has held several leadership roles in Collaboration, including VP\/GM for the Calling and Meetings business units, where his team delivered several transformative initiatives, including a single meetings platform architecture and modernization of the Webex experience. Prior to joining Cisco, he served as Vice President of Enterprise and Consumer Security products at Symantec, securing the most important user and enterprise environments at scale. He started his career as an engineer at Novell Networks, moving into escalating leadership roles there and at Symantec. With over 20 years of enterprise and consumer product leadership, Javed is an accomplished speaker on the future of work, business transformation, sustainability, product development, and technology architectures. He holds an MS in Computer Science from Loyola University and an MBA from the Anderson School of Management at UCLA.\",\"sameAs\":[\"https:\/\/www.linkedin.com\/in\/javed-khan-cisco\",\"https:\/\/x.com\/https:\/\/twitter.com\/javed_khan\"],\"url\":\"https:\/\/blog.webex.com\/fr\/contributors\/javedkhan\/\"}]}<\/script>\n<!-- \/ Yoast SEO plugin. -->","yoast_head_json":{"title":"Webex\u00a0: le logiciel de collaboration de demain | Webex Blog","robots":{"index":"index","follow":"follow","max-snippet":"max-snippet:-1","max-image-preview":"max-image-preview:large","max-video-preview":"max-video-preview:-1"},"canonical":"https:\/\/blog.webex.com\/fr\/uncategorized-fr\/webex-le-logiciel-de-collaboration-de-demain\/","og_locale":"fr_FR","og_type":"article","og_title":"Webex\u00a0: le logiciel de collaboration de demain | Webex Blog","og_description":"Le travail hybride a beaucoup \u00e9volu\u00e9 en un an. Les entreprises et les collaborateurs dessinent ensemble cette nouvelle \u00e8re qui [&hellip;]","og_url":"https:\/\/blog.webex.com\/fr\/uncategorized-fr\/webex-le-logiciel-de-collaboration-de-demain\/","og_site_name":"Webex Blog","article_published_time":"2022-10-25T14:24:29+00:00","article_modified_time":"2024-09-18T06:36:13+00:00","og_image":[{"width":1000,"height":562,"url":"https:\/\/blog.webex.com\/wp-content\/uploads\/2022\/10\/feature.jpg","type":"image\/jpeg"}],"author":"Javed Khan","twitter_misc":{"\u00c9crit par":"Javed Khan","Dur\u00e9e de lecture estim\u00e9e":"10 minutes"},"schema":{"@context":"https:\/\/schema.org","@graph":[{"@type":"Article","@id":"https:\/\/blog.webex.com\/fr\/uncategorized-fr\/webex-le-logiciel-de-collaboration-de-demain\/#article","isPartOf":{"@id":"https:\/\/blog.webex.com\/fr\/uncategorized-fr\/webex-le-logiciel-de-collaboration-de-demain\/"},"author":{"name":"Javed Khan","@id":"https:\/\/blog.webex.com\/es\/#\/schema\/person\/ab9d91cf8e30bbe7020f4cde6db3794c"},"headline":"Webex\u00a0: le logiciel de collaboration de demain","datePublished":"2022-10-25T14:24:29+00:00","dateModified":"2024-09-18T06:36:13+00:00","mainEntityOfPage":{"@id":"https:\/\/blog.webex.com\/fr\/uncategorized-fr\/webex-le-logiciel-de-collaboration-de-demain\/"},"wordCount":1998,"image":{"@id":"https:\/\/blog.webex.com\/fr\/uncategorized-fr\/webex-le-logiciel-de-collaboration-de-demain\/#primaryimage"},"thumbnailUrl":"https:\/\/blog.webex.com\/wp-content\/uploads\/2022\/10\/feature.jpg","keywords":["appareils webex","Hub d\u2019applications Webex","intelligence artificielle","Microsoft Teams","outils de collaboration","Solutions de collaboration","travail hybride","Webex App Hub","Webex appels","Webex Meetings"],"articleSection":["Collaboration","Uncategorized @fr"],"inLanguage":"fr-FR"},{"@type":"WebPage","@id":"https:\/\/blog.webex.com\/fr\/uncategorized-fr\/webex-le-logiciel-de-collaboration-de-demain\/","url":"https:\/\/blog.webex.com\/fr\/uncategorized-fr\/webex-le-logiciel-de-collaboration-de-demain\/","name":"Webex\u00a0: le logiciel de collaboration de demain | Webex Blog","isPartOf":{"@id":"https:\/\/blog.webex.com\/es\/#website"},"primaryImageOfPage":{"@id":"https:\/\/blog.webex.com\/fr\/uncategorized-fr\/webex-le-logiciel-de-collaboration-de-demain\/#primaryimage"},"image":{"@id":"https:\/\/blog.webex.com\/fr\/uncategorized-fr\/webex-le-logiciel-de-collaboration-de-demain\/#primaryimage"},"thumbnailUrl":"https:\/\/blog.webex.com\/wp-content\/uploads\/2022\/10\/feature.jpg","datePublished":"2022-10-25T14:24:29+00:00","dateModified":"2024-09-18T06:36:13+00:00","author":{"@id":"https:\/\/blog.webex.com\/es\/#\/schema\/person\/ab9d91cf8e30bbe7020f4cde6db3794c"},"breadcrumb":{"@id":"https:\/\/blog.webex.com\/fr\/uncategorized-fr\/webex-le-logiciel-de-collaboration-de-demain\/#breadcrumb"},"inLanguage":"fr-FR","potentialAction":[{"@type":"ReadAction","target":["https:\/\/blog.webex.com\/fr\/uncategorized-fr\/webex-le-logiciel-de-collaboration-de-demain\/"]}]},{"@type":"ImageObject","inLanguage":"fr-FR","@id":"https:\/\/blog.webex.com\/fr\/uncategorized-fr\/webex-le-logiciel-de-collaboration-de-demain\/#primaryimage","url":"https:\/\/blog.webex.com\/wp-content\/uploads\/2022\/10\/feature.jpg","contentUrl":"https:\/\/blog.webex.com\/wp-content\/uploads\/2022\/10\/feature.jpg","width":1000,"height":562,"caption":"#image_title"},{"@type":"BreadcrumbList","@id":"https:\/\/blog.webex.com\/fr\/uncategorized-fr\/webex-le-logiciel-de-collaboration-de-demain\/#breadcrumb","itemListElement":[{"@type":"ListItem","position":1,"name":"Home","item":"https:\/\/blog.webex.com\/fr\/"},{"@type":"ListItem","position":2,"name":"Webex\u00a0: le logiciel de collaboration de demain"}]},{"@type":"WebSite","@id":"https:\/\/blog.webex.com\/es\/#website","url":"https:\/\/blog.webex.com\/es\/","name":"Webex Blog","description":"Webex by Cisco powers collaboration through industry-leading video conferencing, cloud calling and contact center solutions","potentialAction":[{"@type":"SearchAction","target":{"@type":"EntryPoint","urlTemplate":"https:\/\/blog.webex.com\/es\/?s={search_term_string}"},"query-input":{"@type":"PropertyValueSpecification","valueRequired":true,"valueName":"search_term_string"}}],"inLanguage":"fr-FR"},{"@type":"Person","@id":"https:\/\/blog.webex.com\/es\/#\/schema\/person\/ab9d91cf8e30bbe7020f4cde6db3794c","name":"Javed Khan","image":{"@type":"ImageObject","inLanguage":"fr-FR","@id":"https:\/\/blog.webex.com\/es\/#\/schema\/person\/image\/","url":"https:\/\/secure.gravatar.com\/avatar\/9ec50bf03fdff2e3ea773fe45b36039847660e0b3e13914645d5bff43c3d06f9?s=96&d=wp_user_avatar&r=g","contentUrl":"https:\/\/secure.gravatar.com\/avatar\/9ec50bf03fdff2e3ea773fe45b36039847660e0b3e13914645d5bff43c3d06f9?s=96&d=wp_user_avatar&r=g","caption":"Javed Khan"},"description":"Javed Khan is the Senior Vice President and General Manager of Cisco Collaboration. This multi-billion-dollar business boasts the award-winning Webex product portfolio, including Cisco Devices, Webex Meetings, Webex Contact Center, Slido, Webex Events, and Webex Connect. Javed is passionate about delivering unrivaled collaboration experiences that fuel the future of work. He took on this leadership role in the midst of a global pandemic, leading and innovating through exponential growth as remote work unfolded. Now the team has delivered thousands of innovations and transformed the portfolio to help customers prepare for the next normal. In his tenure with Cisco, Javed has held several leadership roles in Collaboration, including VP\/GM for the Calling and Meetings business units, where his team delivered several transformative initiatives, including a single meetings platform architecture and modernization of the Webex experience. Prior to joining Cisco, he served as Vice President of Enterprise and Consumer Security products at Symantec, securing the most important user and enterprise environments at scale. He started his career as an engineer at Novell Networks, moving into escalating leadership roles there and at Symantec. With over 20 years of enterprise and consumer product leadership, Javed is an accomplished speaker on the future of work, business transformation, sustainability, product development, and technology architectures. He holds an MS in Computer Science from Loyola University and an MBA from the Anderson School of Management at UCLA.","sameAs":["https:\/\/www.linkedin.com\/in\/javed-khan-cisco","https:\/\/x.com\/https:\/\/twitter.com\/javed_khan"],"url":"https:\/\/blog.webex.com\/fr\/contributors\/javedkhan\/"}]}},"_links":{"self":[{"href":"https:\/\/blog.webex.com\/fr\/wp-json\/wp\/v2\/posts\/401507","targetHints":{"allow":["GET"]}}],"collection":[{"href":"https:\/\/blog.webex.com\/fr\/wp-json\/wp\/v2\/posts"}],"about":[{"href":"https:\/\/blog.webex.com\/fr\/wp-json\/wp\/v2\/types\/post"}],"author":[{"embeddable":true,"href":"https:\/\/blog.webex.com\/fr\/wp-json\/wp\/v2\/users\/308"}],"replies":[{"embeddable":true,"href":"https:\/\/blog.webex.com\/fr\/wp-json\/wp\/v2\/comments?post=401507"}],"version-history":[{"count":0,"href":"https:\/\/blog.webex.com\/fr\/wp-json\/wp\/v2\/posts\/401507\/revisions"}],"wp:featuredmedia":[{"embeddable":true,"href":"https:\/\/blog.webex.com\/fr\/wp-json\/wp\/v2\/media\/399896"}],"wp:attachment":[{"href":"https:\/\/blog.webex.com\/fr\/wp-json\/wp\/v2\/media?parent=401507"}],"wp:term":[{"taxonomy":"category","embeddable":true,"href":"https:\/\/blog.webex.com\/fr\/wp-json\/wp\/v2\/categories?post=401507"},{"taxonomy":"post_tag","embeddable":true,"href":"https:\/\/blog.webex.com\/fr\/wp-json\/wp\/v2\/tags?post=401507"}],"curies":[{"name":"wp","href":"https:\/\/api.w.org\/{rel}","templated":true}]}}