{"id":382903,"date":"2020-10-19T13:03:46","date_gmt":"2020-10-19T20:03:46","guid":{"rendered":"https:\/\/blog.webex.com\/uncategorized-it\/mi-vedi-ora-quando-lia-porta-la-mascherina\/"},"modified":"2020-10-19T13:03:46","modified_gmt":"2020-10-19T20:03:46","slug":"mi-vedi-ora-quando-lia-porta-la-mascherina","status":"publish","type":"post","link":"https:\/\/blog.webex.com\/it\/spazi-di-lavoro\/mi-vedi-ora-quando-lia-porta-la-mascherina\/","title":{"rendered":"Mi vedi ora? \u2013 Quando l&#8217;IA porta la mascherina"},"content":{"rendered":"<h2><span>Cosa hanno a che fare le mascherine e l&#8217;arrivo dell&#8217;intelligenza artificiale con i luoghi di lavoro intelligenti<\/span><\/h2>\n<p>&#8220;Facciamo un gioco?&#8221;<\/p>\n<p>Crescere negli anni &#8217;80 mi ha insegnato tutto quello che c&#8217;\u00e8 da sapere sull&#8217;intelligenza artificiale: i computer diventeranno senzienti con ingenuit\u00e0 infantile e cercheranno di conquistare il mondo. Di sicuro \u00e8 ci\u00f2 che sottintende questa domanda del film <em>WarGames<\/em> in cui un supercomputer militare minaccia l&#8217;umanit\u00e0. Se una rete come Skynet avesse una coscienza, i cyborg prenderebbe il sopravvento come suggerito nella saga di <em>Terminator<\/em>?<\/p>\n<h2><span>Vivere nel mondo odierno dell&#8217;IA<\/span><\/h2>\n<p>Queste sono le storie raccontate nei film, ma in realt\u00e0 viviamo da un bel po&#8217; in un mondo di intelligenza artificiale e apprendimento automatico senza che questi abbiano preso il sopravvento sull&#8217;uomo. Basti pensare ai suggerimenti di Netflix o Facebook, su misura per l&#8217;utente. E quale momento migliore per un piccolo aiuto dall&#8217;intelligenza artificiale se non ora, in un mondo in cui gli orari flessibili nel luogo di lavoro ibrido implicano che si pu\u00f2 <a href=\"https:\/\/blogs.cisco.com\/collaboration\/10-tips-to-keep-remote-work-moving\">lavorare da casa<\/a> (dove siamo abituati all&#8217;intelligenza artificiale), in ufficio (dove gli spazi intelligenti sono ormai una necessit\u00e0) e in qualunque altro posto? Forse ho imparato di pi\u00f9 sull&#8217;intelligenza artificiale nel 2020 che non nei film degli anni &#8217;80. <a href=\"https:\/\/blogs.cisco.com\/collaboration\/how-intelligent-is-your-workplace\">Che forma ha l&#8217;intelligenza artificiale nell&#8217;ambiente di lavoro, quindi?<\/a><\/p>\n<p><a href=\"https:\/\/storage.googleapis.com\/blogs-images\/ciscoblogs\/1\/2020\/10\/Women-wearing-mask.png\"><br \/>\n  <img loading=\"lazy\" decoding=\"async\" class=\"aligncenter size-medium_large wp-image-342343\" src=\"https:\/\/storage.googleapis.com\/blogs-images\/ciscoblogs\/1\/2020\/10\/Women-wearing-mask-768x512.png\" sizes=\"auto, (max-width: 768px) 100vw, 768px\" srcset=\"https:\/\/storage.googleapis.com\/blogs-images\/ciscoblogs\/1\/2020\/10\/Women-wearing-mask-300x200.png 300w, https:\/\/storage.googleapis.com\/blogs-images\/ciscoblogs\/1\/2020\/10\/Women-wearing-mask-768x512.png 768w\" alt=\"Due donne con la mascherina sedute a un tavolo\" width=\"640\" height=\"427\" \/><br \/>\n<\/a><\/p>\n<h2><span>Intelligenza perfettamente integrata<\/span><\/h2>\n<p>L&#8217;intelligenza incorporata dovrebbe essere senza soluzione di continuit\u00e0. Dovrebbe essere qualcosa a cui non dover pensare, perch\u00e9, se devi pensarci troppo, la tecnologia diventa pi\u00f9 un peso che un aiuto. Ora che la maggior parte delle persone lavora da casa e <a href=\"https:\/\/www.cisco.com\/c\/en\/us\/products\/collaboration-endpoints\/workforce-survey-2020.html\">con il 98% delle riunioni che, anche dopo il ritorno in ufficio, comprender\u00e0 partecipanti da remoto<\/a>, le etichette dei nomi sono importanti. Altrettanto importanti, quando siamo in ufficio, sono gli avvisi sulla capienza delle sale e le indicazioni sulla disponibilit\u00e0 delle sale. Tutte funzioni offerte dall&#8217;intelligenza artificiale integrata nei nostri dispositivi, che fornisce il riconoscimento facciale, il conteggio delle persone e la prenotazione delle sale, come annunciato di recente.<\/p>\n<h2><span>L&#8217;IA di Cisco semplifica la vita, la sicurezza e la produttivit\u00e0<\/span><\/h2>\n<p>Sebbene abbiamo implementato l&#8217;intelligenza artificiale nei nostri dispositivi qualche tempo fa, il mondo continua a cambiare. Come funzionano le cose quando portiamo la mascherina in ufficio? <a href=\"https:\/\/www.cisco.com\/c\/en\/us\/products\/collaboration-endpoints\/webex-room-series\/index.html\">Cisco Webex Rooms<\/a> ha progettato un algoritmo di rilevamento delle persone basato su un potente processo di apprendimento automatico. Ci\u00f2 significa che il nostro modello impara ad adattarsi a &#8220;variazioni facciali&#8221; che possono andare dagli occhiali da sole, ai caschetti di sicurezza fino alle mascherine. Ha anche imparato da solo a riconoscere le persone anche quando voltano le spalle alla telecamera. Pertanto, lo sforzo per le modifiche conseguenti alle variazioni \u00e8 minimo.<\/p>\n<p><a href=\"https:\/\/storage.googleapis.com\/blogs-images\/ciscoblogs\/1\/2020\/10\/Jason-wearing-a-mask.png\"><br \/>\n  <img loading=\"lazy\" decoding=\"async\" class=\"aligncenter size-medium_large wp-image-342340\" src=\"https:\/\/storage.googleapis.com\/blogs-images\/ciscoblogs\/1\/2020\/10\/Jason-wearing-a-mask-768x433.png\" sizes=\"auto, (max-width: 768px) 100vw, 768px\" srcset=\"https:\/\/storage.googleapis.com\/blogs-images\/ciscoblogs\/1\/2020\/10\/Jason-wearing-a-mask-300x169.png 300w, https:\/\/storage.googleapis.com\/blogs-images\/ciscoblogs\/1\/2020\/10\/Jason-wearing-a-mask-768x433.png 768w\" alt=\"Jason con la mascherina\" width=\"640\" height=\"361\" \/><br \/>\n<\/a><\/p>\n<p>Oggi, una volta che la piattaforma ti ha riconosciuto, puoi mettere la mascherina e l&#8217;etichetta con il tuo nome continuer\u00e0 a seguirti anche mentre ti muovi per la sala. Inoltre, che tu abbia o meno etichette con i nomi, l&#8217;intelligenza integrata continuer\u00e0 a contare il numero di persone presenti in un ambiente e fornir\u00e0 sempre gli avvisi di capienza e la guida per la sala, se abilitati Cisco ha pensato a tutto, con o senza mascherina.<\/p>\n<p>Non posso sapere se il supercomputer di <em> WarGames<\/em> o Skynet di <em>Terminator<\/em> fossero conformi alla privacy, al consenso e alla protezione dei dati, ma suppongo di no. Posso <em>invece<\/em> assicurare che il riconoscimento facciale di Cisco Webex <em>lo \u00e8 &#8211; <\/em>ed \u00e8 conforme anche al GDPR. Ci\u00f2 significa che, a differenza dell&#8217;IA dei film, l&#8217;intelligenza artificiale di Cisco non si impadronir\u00e0 del mondo. Esiste solo per rendere la vita pi\u00f9 facile, pi\u00f9 sicura e pi\u00f9 produttiva in un momento in cui a tutti pu\u00f2 fare comodo un piccolo aiuto nelle modalit\u00e0 di lavoro.<\/p>\n<h2><span>Luogo di lavoro ibrido e connessione attraverso l&#8217;IA<\/span><\/h2>\n<p>Il luogo di lavoro ibrido non dovrebbe portare a &#8220;un&#8217;esperienza sconnessa&#8221;, bens\u00ec coerente. Se dovessimo re-imparare completamente come lavorare, la produttivit\u00e0 e la tranquillit\u00e0 diminuirebbero. Invece, fornire un&#8217;esperienza coerente, che si evolve di pari passo con i cambiamenti del mondo, consente a tutti noi di fare ci\u00f2 che sappiamo fare meglio, vale a dire arrivare al successo sulle base delle connessioni umane e far crescere le nostre competenze chiave. La tecnologia dovrebbe promuovere questa cultura e portare benessere. Credo che Cisco oggi lo stia facendo attraverso l&#8217;intelligenza artificiale, che colma le lacune venutesi a creare nel nuovo paradigma. E se nello specifico vogliamo sapere come sfruttiamo tutto ci\u00f2 nei nostri dispositivi, chiediamoci ad esempio: &#8220;Webex Rooms \u00e8 il meccanismo di conteggio delle persone pi\u00f9 potente che esiste?&#8221; Penso di poter rispondere: &#8220;A parte gli esseri umani, s\u00ec&#8221;.<\/p>\n<blockquote><p><a href=\"https:\/\/www.cisco.com\/c\/en\/us\/solutions\/collaboration\/hybrid-workplace.html\">Scopri di pi\u00f9 sull&#8217;utilizzo dell&#8217;intelligenza artificiale per fornire un ambiente di lavoro ibrido senza soluzione di continuit\u00e0 (e senza la minaccia di computer che prendono il sopravvento sugli umani)<\/a><\/p><\/blockquote>\n<p><strong>Scopri di pi\u00f9<\/strong><\/p>\n<p><a href=\"https:\/\/blogs.cisco.com\/collaboration\/intelligent-insightful-and-inclusive-welcome-to-the-office-of-the-future\">Intelligente, ricco di informazioni e inclusivo: ecco a voi l&#8217;ufficio del futuro<\/a><\/p>\n<p><a href=\"https:\/\/blogs.cisco.com\/collaboration\/collaboration-in-the-age-of-ai-how-cisco-is-pioneering-the-use-of-ai-and-emerging-technology-within-collaboration\">La collaborazione nell&#8217;era dell&#8217;IA: Come Cisco \u00e8 tra le prime aziende a utilizzare l&#8217;IA e la tecnologia emergente nella collaborazione<\/a><\/p>\n<p><a href=\"https:\/\/www.wwt.com\/article\/understanding-the-new-normal-requires-a-new-iq\">Per comprendere &#8220;la nuova normalit\u00e0&#8221; ci vuole un nuovo QI<\/a><\/p>\n","protected":false},"excerpt":{"rendered":"<p>Scopri come Cisco utilizza l&#8217;intelligenza artificiale per collegare esperienza ibrida e luogo di lavoro ibrido.<\/p>\n","protected":false},"author":5498,"featured_media":0,"comment_status":"open","ping_status":"open","sticky":false,"template":"","format":"standard","meta":{"inline_featured_image":false,"footnotes":""},"categories":[5273,1520],"tags":[573,5893],"class_list":["post-382903","post","type-post","status-publish","format-standard","hentry","category-collaborazione","category-spazi-di-lavoro","tag-artificial-intelligence","tag-soluzioni-per-sale-conferenze"],"acf":[],"yoast_head":"<!-- This site is optimized with the Yoast SEO plugin v27.1.1 - https:\/\/yoast.com\/product\/yoast-seo-wordpress\/ -->\n<title>Mi vedi ora? \u2013 Quando l&#039;IA porta la mascherina | Webex Blog<\/title>\n<meta name=\"robots\" content=\"index, follow, max-snippet:-1, max-image-preview:large, max-video-preview:-1\" \/>\n<link rel=\"canonical\" href=\"https:\/\/blog.webex.com\/it\/uncategorized-it\/mi-vedi-ora-quando-lia-porta-la-mascherina\/\" \/>\n<meta property=\"og:locale\" content=\"it_IT\" \/>\n<meta property=\"og:type\" content=\"article\" \/>\n<meta property=\"og:title\" content=\"Mi vedi ora? \u2013 Quando l&#039;IA porta la mascherina | Webex Blog\" \/>\n<meta property=\"og:description\" content=\"Scopri come Cisco utilizza l&#039;intelligenza artificiale per collegare esperienza ibrida e luogo di lavoro ibrido.\" \/>\n<meta property=\"og:url\" content=\"https:\/\/blog.webex.com\/it\/uncategorized-it\/mi-vedi-ora-quando-lia-porta-la-mascherina\/\" \/>\n<meta property=\"og:site_name\" content=\"Webex Blog\" \/>\n<meta property=\"article:published_time\" content=\"2020-10-19T20:03:46+00:00\" \/>\n<meta name=\"author\" content=\"Jason Hansen\" \/>\n<meta name=\"twitter:label1\" content=\"Scritto da\" \/>\n\t<meta name=\"twitter:data1\" content=\"Jason Hansen\" \/>\n\t<meta name=\"twitter:label2\" content=\"Tempo di lettura stimato\" \/>\n\t<meta name=\"twitter:data2\" content=\"4 minuti\" \/>\n<script type=\"application\/ld+json\" class=\"yoast-schema-graph\">{\"@context\":\"https:\/\/schema.org\",\"@graph\":[{\"@type\":\"Article\",\"@id\":\"https:\/\/blog.webex.com\/it\/uncategorized-it\/mi-vedi-ora-quando-lia-porta-la-mascherina\/#article\",\"isPartOf\":{\"@id\":\"https:\/\/blog.webex.com\/it\/uncategorized-it\/mi-vedi-ora-quando-lia-porta-la-mascherina\/\"},\"author\":{\"name\":\"Jason Hansen\",\"@id\":\"https:\/\/blog.webex.com\/es\/#\/schema\/person\/8cd601301f6295456a3ab4f2c027b826\"},\"headline\":\"Mi vedi ora? \u2013 Quando l&#8217;IA porta la mascherina\",\"datePublished\":\"2020-10-19T20:03:46+00:00\",\"mainEntityOfPage\":{\"@id\":\"https:\/\/blog.webex.com\/it\/uncategorized-it\/mi-vedi-ora-quando-lia-porta-la-mascherina\/\"},\"wordCount\":822,\"commentCount\":0,\"image\":{\"@id\":\"https:\/\/blog.webex.com\/it\/uncategorized-it\/mi-vedi-ora-quando-lia-porta-la-mascherina\/#primaryimage\"},\"thumbnailUrl\":\"https:\/\/storage.googleapis.com\/blogs-images\/ciscoblogs\/1\/2020\/10\/Women-wearing-mask-768x512.png\",\"keywords\":[\"Artificial Intelligence\",\"soluzioni per sale conferenze\"],\"articleSection\":[\"Collaborazione\",\"Spazi di lavoro\"],\"inLanguage\":\"it-IT\",\"potentialAction\":[{\"@type\":\"CommentAction\",\"name\":\"Comment\",\"target\":[\"https:\/\/blog.webex.com\/it\/uncategorized-it\/mi-vedi-ora-quando-lia-porta-la-mascherina\/#respond\"]}]},{\"@type\":\"WebPage\",\"@id\":\"https:\/\/blog.webex.com\/it\/uncategorized-it\/mi-vedi-ora-quando-lia-porta-la-mascherina\/\",\"url\":\"https:\/\/blog.webex.com\/it\/uncategorized-it\/mi-vedi-ora-quando-lia-porta-la-mascherina\/\",\"name\":\"Mi vedi ora? \u2013 Quando l'IA porta la mascherina | Webex Blog\",\"isPartOf\":{\"@id\":\"https:\/\/blog.webex.com\/es\/#website\"},\"primaryImageOfPage\":{\"@id\":\"https:\/\/blog.webex.com\/it\/uncategorized-it\/mi-vedi-ora-quando-lia-porta-la-mascherina\/#primaryimage\"},\"image\":{\"@id\":\"https:\/\/blog.webex.com\/it\/uncategorized-it\/mi-vedi-ora-quando-lia-porta-la-mascherina\/#primaryimage\"},\"thumbnailUrl\":\"https:\/\/storage.googleapis.com\/blogs-images\/ciscoblogs\/1\/2020\/10\/Women-wearing-mask-768x512.png\",\"datePublished\":\"2020-10-19T20:03:46+00:00\",\"author\":{\"@id\":\"https:\/\/blog.webex.com\/es\/#\/schema\/person\/8cd601301f6295456a3ab4f2c027b826\"},\"breadcrumb\":{\"@id\":\"https:\/\/blog.webex.com\/it\/uncategorized-it\/mi-vedi-ora-quando-lia-porta-la-mascherina\/#breadcrumb\"},\"inLanguage\":\"it-IT\",\"potentialAction\":[{\"@type\":\"ReadAction\",\"target\":[\"https:\/\/blog.webex.com\/it\/uncategorized-it\/mi-vedi-ora-quando-lia-porta-la-mascherina\/\"]}]},{\"@type\":\"ImageObject\",\"inLanguage\":\"it-IT\",\"@id\":\"https:\/\/blog.webex.com\/it\/uncategorized-it\/mi-vedi-ora-quando-lia-porta-la-mascherina\/#primaryimage\",\"url\":\"https:\/\/storage.googleapis.com\/blogs-images\/ciscoblogs\/1\/2020\/10\/Women-wearing-mask-768x512.png\",\"contentUrl\":\"https:\/\/storage.googleapis.com\/blogs-images\/ciscoblogs\/1\/2020\/10\/Women-wearing-mask-768x512.png\"},{\"@type\":\"BreadcrumbList\",\"@id\":\"https:\/\/blog.webex.com\/it\/uncategorized-it\/mi-vedi-ora-quando-lia-porta-la-mascherina\/#breadcrumb\",\"itemListElement\":[{\"@type\":\"ListItem\",\"position\":1,\"name\":\"Home\",\"item\":\"https:\/\/blog.webex.com\/it\/\"},{\"@type\":\"ListItem\",\"position\":2,\"name\":\"Mi vedi ora? \u2013 Quando l&#8217;IA porta la mascherina\"}]},{\"@type\":\"WebSite\",\"@id\":\"https:\/\/blog.webex.com\/es\/#website\",\"url\":\"https:\/\/blog.webex.com\/es\/\",\"name\":\"Webex Blog\",\"description\":\"Webex by Cisco powers collaboration through industry-leading video conferencing, cloud calling and contact center solutions\",\"potentialAction\":[{\"@type\":\"SearchAction\",\"target\":{\"@type\":\"EntryPoint\",\"urlTemplate\":\"https:\/\/blog.webex.com\/es\/?s={search_term_string}\"},\"query-input\":{\"@type\":\"PropertyValueSpecification\",\"valueRequired\":true,\"valueName\":\"search_term_string\"}}],\"inLanguage\":\"it-IT\"},{\"@type\":\"Person\",\"@id\":\"https:\/\/blog.webex.com\/es\/#\/schema\/person\/8cd601301f6295456a3ab4f2c027b826\",\"name\":\"Jason Hansen\",\"image\":{\"@type\":\"ImageObject\",\"inLanguage\":\"it-IT\",\"@id\":\"https:\/\/blog.webex.com\/es\/#\/schema\/person\/image\/\",\"url\":\"https:\/\/secure.gravatar.com\/avatar\/a5761a47c8af3d9a58377466d42bfe1aa70f567459171ea23392673b91d5c564?s=96&d=wp_user_avatar&r=g\",\"contentUrl\":\"https:\/\/secure.gravatar.com\/avatar\/a5761a47c8af3d9a58377466d42bfe1aa70f567459171ea23392673b91d5c564?s=96&d=wp_user_avatar&r=g\",\"caption\":\"Jason Hansen\"},\"description\":\"Jason Hansen is Chief of Staff for Webex Devices supporting the global business unit for video, phone, wearables and peripherals. After spending over 15 years in collaboration sales and business development, Jason believes at the heart of every great technology is a connected experience that enhances both work and home life.Jason received a BA summa cum laude from Colorado Christian University in communication and is working toward a Master of Communication Management with a concentration on User Experience Strategy at the University of Denver. No stranger to storytelling, he is an accomplished musician, collects vinyl records, and loves playing video games with his children.\",\"sameAs\":[\"http:\/\/linkedin.com\/in\/jasonhansen7\",\"https:\/\/x.com\/https:\/\/twitter.com\/csco_jason\"],\"url\":\"https:\/\/blog.webex.com\/it\/contributors\/jasonhansen\/\"}]}<\/script>\n<!-- \/ Yoast SEO plugin. -->","yoast_head_json":{"title":"Mi vedi ora? \u2013 Quando l'IA porta la mascherina | Webex Blog","robots":{"index":"index","follow":"follow","max-snippet":"max-snippet:-1","max-image-preview":"max-image-preview:large","max-video-preview":"max-video-preview:-1"},"canonical":"https:\/\/blog.webex.com\/it\/uncategorized-it\/mi-vedi-ora-quando-lia-porta-la-mascherina\/","og_locale":"it_IT","og_type":"article","og_title":"Mi vedi ora? \u2013 Quando l'IA porta la mascherina | Webex Blog","og_description":"Scopri come Cisco utilizza l'intelligenza artificiale per collegare esperienza ibrida e luogo di lavoro ibrido.","og_url":"https:\/\/blog.webex.com\/it\/uncategorized-it\/mi-vedi-ora-quando-lia-porta-la-mascherina\/","og_site_name":"Webex Blog","article_published_time":"2020-10-19T20:03:46+00:00","author":"Jason Hansen","twitter_misc":{"Scritto da":"Jason Hansen","Tempo di lettura stimato":"4 minuti"},"schema":{"@context":"https:\/\/schema.org","@graph":[{"@type":"Article","@id":"https:\/\/blog.webex.com\/it\/uncategorized-it\/mi-vedi-ora-quando-lia-porta-la-mascherina\/#article","isPartOf":{"@id":"https:\/\/blog.webex.com\/it\/uncategorized-it\/mi-vedi-ora-quando-lia-porta-la-mascherina\/"},"author":{"name":"Jason Hansen","@id":"https:\/\/blog.webex.com\/es\/#\/schema\/person\/8cd601301f6295456a3ab4f2c027b826"},"headline":"Mi vedi ora? \u2013 Quando l&#8217;IA porta la mascherina","datePublished":"2020-10-19T20:03:46+00:00","mainEntityOfPage":{"@id":"https:\/\/blog.webex.com\/it\/uncategorized-it\/mi-vedi-ora-quando-lia-porta-la-mascherina\/"},"wordCount":822,"commentCount":0,"image":{"@id":"https:\/\/blog.webex.com\/it\/uncategorized-it\/mi-vedi-ora-quando-lia-porta-la-mascherina\/#primaryimage"},"thumbnailUrl":"https:\/\/storage.googleapis.com\/blogs-images\/ciscoblogs\/1\/2020\/10\/Women-wearing-mask-768x512.png","keywords":["Artificial Intelligence","soluzioni per sale conferenze"],"articleSection":["Collaborazione","Spazi di lavoro"],"inLanguage":"it-IT","potentialAction":[{"@type":"CommentAction","name":"Comment","target":["https:\/\/blog.webex.com\/it\/uncategorized-it\/mi-vedi-ora-quando-lia-porta-la-mascherina\/#respond"]}]},{"@type":"WebPage","@id":"https:\/\/blog.webex.com\/it\/uncategorized-it\/mi-vedi-ora-quando-lia-porta-la-mascherina\/","url":"https:\/\/blog.webex.com\/it\/uncategorized-it\/mi-vedi-ora-quando-lia-porta-la-mascherina\/","name":"Mi vedi ora? \u2013 Quando l'IA porta la mascherina | Webex Blog","isPartOf":{"@id":"https:\/\/blog.webex.com\/es\/#website"},"primaryImageOfPage":{"@id":"https:\/\/blog.webex.com\/it\/uncategorized-it\/mi-vedi-ora-quando-lia-porta-la-mascherina\/#primaryimage"},"image":{"@id":"https:\/\/blog.webex.com\/it\/uncategorized-it\/mi-vedi-ora-quando-lia-porta-la-mascherina\/#primaryimage"},"thumbnailUrl":"https:\/\/storage.googleapis.com\/blogs-images\/ciscoblogs\/1\/2020\/10\/Women-wearing-mask-768x512.png","datePublished":"2020-10-19T20:03:46+00:00","author":{"@id":"https:\/\/blog.webex.com\/es\/#\/schema\/person\/8cd601301f6295456a3ab4f2c027b826"},"breadcrumb":{"@id":"https:\/\/blog.webex.com\/it\/uncategorized-it\/mi-vedi-ora-quando-lia-porta-la-mascherina\/#breadcrumb"},"inLanguage":"it-IT","potentialAction":[{"@type":"ReadAction","target":["https:\/\/blog.webex.com\/it\/uncategorized-it\/mi-vedi-ora-quando-lia-porta-la-mascherina\/"]}]},{"@type":"ImageObject","inLanguage":"it-IT","@id":"https:\/\/blog.webex.com\/it\/uncategorized-it\/mi-vedi-ora-quando-lia-porta-la-mascherina\/#primaryimage","url":"https:\/\/storage.googleapis.com\/blogs-images\/ciscoblogs\/1\/2020\/10\/Women-wearing-mask-768x512.png","contentUrl":"https:\/\/storage.googleapis.com\/blogs-images\/ciscoblogs\/1\/2020\/10\/Women-wearing-mask-768x512.png"},{"@type":"BreadcrumbList","@id":"https:\/\/blog.webex.com\/it\/uncategorized-it\/mi-vedi-ora-quando-lia-porta-la-mascherina\/#breadcrumb","itemListElement":[{"@type":"ListItem","position":1,"name":"Home","item":"https:\/\/blog.webex.com\/it\/"},{"@type":"ListItem","position":2,"name":"Mi vedi ora? \u2013 Quando l&#8217;IA porta la mascherina"}]},{"@type":"WebSite","@id":"https:\/\/blog.webex.com\/es\/#website","url":"https:\/\/blog.webex.com\/es\/","name":"Webex Blog","description":"Webex by Cisco powers collaboration through industry-leading video conferencing, cloud calling and contact center solutions","potentialAction":[{"@type":"SearchAction","target":{"@type":"EntryPoint","urlTemplate":"https:\/\/blog.webex.com\/es\/?s={search_term_string}"},"query-input":{"@type":"PropertyValueSpecification","valueRequired":true,"valueName":"search_term_string"}}],"inLanguage":"it-IT"},{"@type":"Person","@id":"https:\/\/blog.webex.com\/es\/#\/schema\/person\/8cd601301f6295456a3ab4f2c027b826","name":"Jason Hansen","image":{"@type":"ImageObject","inLanguage":"it-IT","@id":"https:\/\/blog.webex.com\/es\/#\/schema\/person\/image\/","url":"https:\/\/secure.gravatar.com\/avatar\/a5761a47c8af3d9a58377466d42bfe1aa70f567459171ea23392673b91d5c564?s=96&d=wp_user_avatar&r=g","contentUrl":"https:\/\/secure.gravatar.com\/avatar\/a5761a47c8af3d9a58377466d42bfe1aa70f567459171ea23392673b91d5c564?s=96&d=wp_user_avatar&r=g","caption":"Jason Hansen"},"description":"Jason Hansen is Chief of Staff for Webex Devices supporting the global business unit for video, phone, wearables and peripherals. After spending over 15 years in collaboration sales and business development, Jason believes at the heart of every great technology is a connected experience that enhances both work and home life.Jason received a BA summa cum laude from Colorado Christian University in communication and is working toward a Master of Communication Management with a concentration on User Experience Strategy at the University of Denver. No stranger to storytelling, he is an accomplished musician, collects vinyl records, and loves playing video games with his children.","sameAs":["http:\/\/linkedin.com\/in\/jasonhansen7","https:\/\/x.com\/https:\/\/twitter.com\/csco_jason"],"url":"https:\/\/blog.webex.com\/it\/contributors\/jasonhansen\/"}]}},"_links":{"self":[{"href":"https:\/\/blog.webex.com\/it\/wp-json\/wp\/v2\/posts\/382903","targetHints":{"allow":["GET"]}}],"collection":[{"href":"https:\/\/blog.webex.com\/it\/wp-json\/wp\/v2\/posts"}],"about":[{"href":"https:\/\/blog.webex.com\/it\/wp-json\/wp\/v2\/types\/post"}],"author":[{"embeddable":true,"href":"https:\/\/blog.webex.com\/it\/wp-json\/wp\/v2\/users\/5498"}],"replies":[{"embeddable":true,"href":"https:\/\/blog.webex.com\/it\/wp-json\/wp\/v2\/comments?post=382903"}],"version-history":[{"count":0,"href":"https:\/\/blog.webex.com\/it\/wp-json\/wp\/v2\/posts\/382903\/revisions"}],"wp:attachment":[{"href":"https:\/\/blog.webex.com\/it\/wp-json\/wp\/v2\/media?parent=382903"}],"wp:term":[{"taxonomy":"category","embeddable":true,"href":"https:\/\/blog.webex.com\/it\/wp-json\/wp\/v2\/categories?post=382903"},{"taxonomy":"post_tag","embeddable":true,"href":"https:\/\/blog.webex.com\/it\/wp-json\/wp\/v2\/tags?post=382903"}],"curies":[{"name":"wp","href":"https:\/\/api.w.org\/{rel}","templated":true}]}}