{"id":389316,"date":"2022-02-01T07:23:33","date_gmt":"2022-02-01T15:23:33","guid":{"rendered":"https:\/\/blog.webex.com\/uncategorized-it\/personalizza-il-tuo-spazio-di-lavoro-con-un-dispositivo-colorato\/"},"modified":"2022-02-01T07:23:33","modified_gmt":"2022-02-01T15:23:33","slug":"personalizza-il-tuo-spazio-di-lavoro-con-un-dispositivo-colorato","status":"publish","type":"post","link":"https:\/\/blog.webex.com\/it\/spazi-di-lavoro\/personalizza-il-tuo-spazio-di-lavoro-con-un-dispositivo-colorato\/","title":{"rendered":"Personalizza il tuo spazio di lavoro, con un dispositivo colorato"},"content":{"rendered":"<p>A ottobre all&#8217;evento Webex One, Cisco ha annunciato i nuovi Webex Desk Mni e Webex Desk in nuovi colori in edizione limitata. Sono entusiasta di condividere maggiori dettagli su questa serie di nuovissimi colori ora disponibili.<\/p>\n<p>Oltre al nostro grigio chiaro che gi\u00e0 conosci, ora puoi ordinare il nero carbone scuro, che sar\u00e0 uno dei nostri nuovi colori standard, nonch\u00e9 tre nuovi colori in edizione limitata formulati per integrarsi in spazi e stili di vita diversi: sabbia, blu nordico e verde bosco.<\/p>\n<p><iframe loading=\"lazy\" title=\"The portable all-in-one collaboration device  |  Webex Desk Mini\" width=\"500\" height=\"281\" src=\"https:\/\/www.youtube.com\/embed\/x___ZapiSlw?feature=oembed\" frameborder=\"0\" allow=\"accelerometer; autoplay; clipboard-write; encrypted-media; gyroscope; picture-in-picture; web-share\" referrerpolicy=\"strict-origin-when-cross-origin\" allowfullscreen><\/iframe><\/p>\n<p>Le persone hanno sempre pi\u00f9 possibilit\u00e0 di scegliere dove e come lavorare e stiamo supportando attivamente tale cambiamento con un prodotto basato su un design incentrato proprio sulla persona. I nostri dispositivi Webex Desk sono piacevoli da vedere, facili da utilizzare e facili da spostare ovunque desideri lavorare e ora sono disponibili in nuovi colori per adattarli facilmente ad ambienti e umori diversi.<\/p>\n<p>Diamo un&#8217;occhiata da vicino al significato dietro a ciascun colore.<\/p>\n<h2><strong>Grigio chiaro<\/strong><\/h2>\n<p>Moderno, elegante, neutro e piacevole, questo grigio rende qualsiasi spazio di lavoro luminoso, equilibrato e professionale.<\/p>\n<div id=\"attachment_384751\" class=\"wp-caption aligncenter\"><img loading=\"lazy\" decoding=\"async\" aria-describedby=\"caption-attachment-384751\" class=\"size-full wp-image-384751\" src=\"https:\/\/blog.webex.com\/wp-content\/uploads\/2022\/01\/091221_Cisco_Q1_05_LivingRoom1TemporaryWorkspace_GroupShot_001662-JC-1-1-scaled.jpg\" alt=\"Webex Desk Mini grigio chiaro\" width=\"2560\" height=\"1708\" srcset=\"https:\/\/blog.webex.com\/wp-content\/uploads\/2022\/01\/091221_Cisco_Q1_05_LivingRoom1TemporaryWorkspace_GroupShot_001662-JC-1-1-scaled.jpg 779w, https:\/\/blog.webex.com\/wp-content\/uploads\/2022\/01\/091221_Cisco_Q1_05_LivingRoom1TemporaryWorkspace_GroupShot_001662-JC-1-1-300x200.jpg 300w, https:\/\/blog.webex.com\/wp-content\/uploads\/2022\/01\/091221_Cisco_Q1_05_LivingRoom1TemporaryWorkspace_GroupShot_001662-JC-1-1-1024x683.jpg 1024w, https:\/\/blog.webex.com\/wp-content\/uploads\/2022\/01\/091221_Cisco_Q1_05_LivingRoom1TemporaryWorkspace_GroupShot_001662-JC-1-1-768x512.jpg 768w, https:\/\/blog.webex.com\/wp-content\/uploads\/2022\/01\/091221_Cisco_Q1_05_LivingRoom1TemporaryWorkspace_GroupShot_001662-JC-1-1-1536x1025.jpg 1536w, https:\/\/blog.webex.com\/wp-content\/uploads\/2022\/01\/091221_Cisco_Q1_05_LivingRoom1TemporaryWorkspace_GroupShot_001662-JC-1-1-2048x1366.jpg 2048w\" sizes=\"auto, (max-width: 2560px) 100vw, 2560px\" \/><p id=\"caption-attachment-384751\" class=\"wp-caption-text\"><br \/>\n<\/a> Webex Desk Mini grigio chiaro, accoppiato con le cuffie 730 wireless, in uno spazio di lavoro condiviso temporaneo in una casa movimentata.<\/p><\/div>\n<div id=\"attachment_384894\" class=\"wp-caption aligncenter\"><img loading=\"lazy\" decoding=\"async\" aria-describedby=\"caption-attachment-384894\" class=\"wp-image-384894 size-full\" src=\"https:\/\/blog.webex.com\/wp-content\/uploads\/2022\/01\/Octavio_HuddleSpaces_v3_warm-CROP1-scaled.jpg\" alt=\"\" width=\"2560\" height=\"1500\" srcset=\"https:\/\/blog.webex.com\/wp-content\/uploads\/2022\/01\/Octavio_HuddleSpaces_v3_warm-CROP1-scaled.jpg 887w, https:\/\/blog.webex.com\/wp-content\/uploads\/2022\/01\/Octavio_HuddleSpaces_v3_warm-CROP1-300x176.jpg 300w, https:\/\/blog.webex.com\/wp-content\/uploads\/2022\/01\/Octavio_HuddleSpaces_v3_warm-CROP1-1024x600.jpg 1024w, https:\/\/blog.webex.com\/wp-content\/uploads\/2022\/01\/Octavio_HuddleSpaces_v3_warm-CROP1-768x450.jpg 768w, https:\/\/blog.webex.com\/wp-content\/uploads\/2022\/01\/Octavio_HuddleSpaces_v3_warm-CROP1-1536x900.jpg 1536w, https:\/\/blog.webex.com\/wp-content\/uploads\/2022\/01\/Octavio_HuddleSpaces_v3_warm-CROP1-2048x1200.jpg 2048w\" sizes=\"auto, (max-width: 2560px) 100vw, 2560px\" \/><p id=\"caption-attachment-384894\" class=\"wp-caption-text\"><br \/>\n<\/a> Webex Desk grigio chiaro in queste piccole sale di collaborazione luminose si integra con le pareti in cemento e i pavimenti in pietra lucida in questo spazio di lavoro contemporaneo.<\/p><\/div>\n<h2>Nero carbone<\/h2>\n<p>Profondo e intenso, questo tono scuro risulta raffinato e deciso e si integra perfettamente con gli ambienti pi\u00f9 scuri.<\/p>\n<div id=\"attachment_384771\" class=\"wp-caption aligncenter\"><img loading=\"lazy\" decoding=\"async\" aria-describedby=\"caption-attachment-384771\" class=\"size-full wp-image-384771\" src=\"https:\/\/blog.webex.com\/wp-content\/uploads\/2022\/01\/v2_BlackOffice-scaled.jpg\" alt=\"Nero ufficio\" width=\"2560\" height=\"2048\" srcset=\"https:\/\/blog.webex.com\/wp-content\/uploads\/2022\/01\/v2_BlackOffice-scaled.jpg 650w, https:\/\/blog.webex.com\/wp-content\/uploads\/2022\/01\/v2_BlackOffice-300x240.jpg 300w, https:\/\/blog.webex.com\/wp-content\/uploads\/2022\/01\/v2_BlackOffice-1024x819.jpg 1024w, https:\/\/blog.webex.com\/wp-content\/uploads\/2022\/01\/v2_BlackOffice-768x614.jpg 768w, https:\/\/blog.webex.com\/wp-content\/uploads\/2022\/01\/v2_BlackOffice-1536x1229.jpg 1536w, https:\/\/blog.webex.com\/wp-content\/uploads\/2022\/01\/v2_BlackOffice-2048x1638.jpg 2048w\" sizes=\"auto, (max-width: 2560px) 100vw, 2560px\" \/><p id=\"caption-attachment-384771\" class=\"wp-caption-text\"><br \/>\n<\/a> Webex Desk nero carbone in un moderno ufficio open space.<\/p><\/div>\n<div id=\"attachment_384781\" class=\"wp-caption aligncenter\"><img loading=\"lazy\" decoding=\"async\" aria-describedby=\"caption-attachment-384781\" class=\"size-full wp-image-384781\" src=\"https:\/\/blog.webex.com\/wp-content\/uploads\/2022\/01\/7-Environment-2-CARBON-scaled.jpg\" alt=\"Carbone ambiente\" width=\"2560\" height=\"1440\" srcset=\"https:\/\/blog.webex.com\/wp-content\/uploads\/2022\/01\/7-Environment-2-CARBON-scaled.jpg 924w, https:\/\/blog.webex.com\/wp-content\/uploads\/2022\/01\/7-Environment-2-CARBON-300x169.jpg 300w, https:\/\/blog.webex.com\/wp-content\/uploads\/2022\/01\/7-Environment-2-CARBON-1024x576.jpg 1024w, https:\/\/blog.webex.com\/wp-content\/uploads\/2022\/01\/7-Environment-2-CARBON-768x432.jpg 768w, https:\/\/blog.webex.com\/wp-content\/uploads\/2022\/01\/7-Environment-2-CARBON-1536x864.jpg 1536w, https:\/\/blog.webex.com\/wp-content\/uploads\/2022\/01\/7-Environment-2-CARBON-2048x1152.jpg 2048w\" sizes=\"auto, (max-width: 2560px) 100vw, 2560px\" \/><p id=\"caption-attachment-384781\" class=\"wp-caption-text\"><br \/>\n<\/a> Webex Desk Mini nero carbone adatto perfino per gli spazi di lavoro temporanei pi\u00f9 piccoli, come questo piano di lavoro in cucina.<\/p><\/div>\n<h2>Sabbia<\/h2>\n<p>Caldo e neutro, questa tonalit\u00e0 di terra trasmette sincerit\u00e0 e si integra perfettamente con un arredamento moderno e confortevole.<\/p>\n<div id=\"attachment_384904\" class=\"wp-caption aligncenter\"><img loading=\"lazy\" decoding=\"async\" aria-describedby=\"caption-attachment-384904\" class=\"wp-image-384904 size-full\" src=\"https:\/\/blog.webex.com\/wp-content\/uploads\/2022\/01\/v2_BeigeOfficeCROP-scaled.jpg\" alt=\"\" width=\"2560\" height=\"1440\" srcset=\"https:\/\/blog.webex.com\/wp-content\/uploads\/2022\/01\/v2_BeigeOfficeCROP-scaled.jpg 924w, https:\/\/blog.webex.com\/wp-content\/uploads\/2022\/01\/v2_BeigeOfficeCROP-300x169.jpg 300w, https:\/\/blog.webex.com\/wp-content\/uploads\/2022\/01\/v2_BeigeOfficeCROP-1024x576.jpg 1024w, https:\/\/blog.webex.com\/wp-content\/uploads\/2022\/01\/v2_BeigeOfficeCROP-768x432.jpg 768w, https:\/\/blog.webex.com\/wp-content\/uploads\/2022\/01\/v2_BeigeOfficeCROP-1536x864.jpg 1536w, https:\/\/blog.webex.com\/wp-content\/uploads\/2022\/01\/v2_BeigeOfficeCROP-2048x1152.jpg 2048w\" sizes=\"auto, (max-width: 2560px) 100vw, 2560px\" \/><p id=\"caption-attachment-384904\" class=\"wp-caption-text\"><br \/>\n<\/a> Webex Desk sabbia in un ufficio a casa caldo e invitante.<\/p><\/div>\n<div id=\"attachment_384801\" class=\"wp-caption aligncenter\"><img loading=\"lazy\" decoding=\"async\" aria-describedby=\"caption-attachment-384801\" class=\"wp-image-384801 size-full\" src=\"https:\/\/blog.webex.com\/wp-content\/uploads\/2022\/01\/8-Environment-3-BEIGE-Flare-scaled.jpg\" alt=\"Beige\" width=\"2560\" height=\"1440\" srcset=\"https:\/\/blog.webex.com\/wp-content\/uploads\/2022\/01\/8-Environment-3-BEIGE-Flare-scaled.jpg 924w, https:\/\/blog.webex.com\/wp-content\/uploads\/2022\/01\/8-Environment-3-BEIGE-Flare-300x169.jpg 300w, https:\/\/blog.webex.com\/wp-content\/uploads\/2022\/01\/8-Environment-3-BEIGE-Flare-1024x576.jpg 1024w, https:\/\/blog.webex.com\/wp-content\/uploads\/2022\/01\/8-Environment-3-BEIGE-Flare-768x432.jpg 768w, https:\/\/blog.webex.com\/wp-content\/uploads\/2022\/01\/8-Environment-3-BEIGE-Flare-1536x864.jpg 1536w, https:\/\/blog.webex.com\/wp-content\/uploads\/2022\/01\/8-Environment-3-BEIGE-Flare-2048x1152.jpg 2048w\" sizes=\"auto, (max-width: 2560px) 100vw, 2560px\" \/><p id=\"caption-attachment-384801\" class=\"wp-caption-text\"><br \/>\n<\/a> Webex Desk Mini sabbia integrato perfettamente in un salotto con angolo cucina con colori tenui e naturali.<\/p><\/div>\n<h2>Blu nordico<\/h2>\n<p>Tranquillo e rilassante, questo blu profondo trasmette semplicit\u00e0 e pace, dando alle stanze un carattere audace e inconfondibile.<\/p>\n<div id=\"attachment_384811\" class=\"wp-caption aligncenter\"><img loading=\"lazy\" decoding=\"async\" aria-describedby=\"caption-attachment-384811\" class=\"size-full wp-image-384811\" src=\"https:\/\/blog.webex.com\/wp-content\/uploads\/2022\/01\/v2_BeigeBlueOffice-scaled.jpg\" alt=\"Webex Desk blu nordico\" width=\"2560\" height=\"1824\" srcset=\"https:\/\/blog.webex.com\/wp-content\/uploads\/2022\/01\/v2_BeigeBlueOffice-scaled.jpg 730w, https:\/\/blog.webex.com\/wp-content\/uploads\/2022\/01\/v2_BeigeBlueOffice-300x214.jpg 300w, https:\/\/blog.webex.com\/wp-content\/uploads\/2022\/01\/v2_BeigeBlueOffice-1024x730.jpg 1024w, https:\/\/blog.webex.com\/wp-content\/uploads\/2022\/01\/v2_BeigeBlueOffice-768x547.jpg 768w, https:\/\/blog.webex.com\/wp-content\/uploads\/2022\/01\/v2_BeigeBlueOffice-1536x1094.jpg 1536w, https:\/\/blog.webex.com\/wp-content\/uploads\/2022\/01\/v2_BeigeBlueOffice-2048x1459.jpg 2048w\" sizes=\"auto, (max-width: 2560px) 100vw, 2560px\" \/><p id=\"caption-attachment-384811\" class=\"wp-caption-text\"><br \/>\n<\/a> Webex Desk blu nordico e sabbia insieme in un ufficio open space per spiccare e farsi notare.<\/p><\/div>\n<div id=\"attachment_384821\" class=\"wp-caption aligncenter\"><img loading=\"lazy\" decoding=\"async\" aria-describedby=\"caption-attachment-384821\" class=\"size-full wp-image-384821\" src=\"https:\/\/blog.webex.com\/wp-content\/uploads\/2022\/01\/9-Enrivonment-4-BLUE-scaled.jpg\" alt=\"Webex Desk Mini blu nordico\" width=\"2560\" height=\"1440\" srcset=\"https:\/\/blog.webex.com\/wp-content\/uploads\/2022\/01\/9-Enrivonment-4-BLUE-scaled.jpg 924w, https:\/\/blog.webex.com\/wp-content\/uploads\/2022\/01\/9-Enrivonment-4-BLUE-300x169.jpg 300w, https:\/\/blog.webex.com\/wp-content\/uploads\/2022\/01\/9-Enrivonment-4-BLUE-1024x576.jpg 1024w, https:\/\/blog.webex.com\/wp-content\/uploads\/2022\/01\/9-Enrivonment-4-BLUE-768x432.jpg 768w, https:\/\/blog.webex.com\/wp-content\/uploads\/2022\/01\/9-Enrivonment-4-BLUE-1536x864.jpg 1536w, https:\/\/blog.webex.com\/wp-content\/uploads\/2022\/01\/9-Enrivonment-4-BLUE-2048x1152.jpg 2048w\" sizes=\"auto, (max-width: 2560px) 100vw, 2560px\" \/><p id=\"caption-attachment-384821\" class=\"wp-caption-text\"><br \/>\n<\/a> Webex Desk Mini blu nordico si adatta perferttamente allo stile della tua casa, integrandosi in modo naturale nel tuo arredamento esistente.<\/p><\/div>\n<h2>Verde bosco<\/h2>\n<p>Rilassante e positiva, questa tonalit\u00e0 ispirata dalla natura aggiunge energia armoniosa e piena di speranza ricollegandoci all&#8217;ambiente esterno.<\/p>\n<div id=\"attachment_384831\" class=\"wp-caption aligncenter\"><img loading=\"lazy\" decoding=\"async\" aria-describedby=\"caption-attachment-384831\" class=\"size-full wp-image-384831\" src=\"https:\/\/blog.webex.com\/wp-content\/uploads\/2022\/01\/v3_GreenOffice1-scaled.jpg\" alt=\"Ufficio green\" width=\"2560\" height=\"1680\" srcset=\"https:\/\/blog.webex.com\/wp-content\/uploads\/2022\/01\/v3_GreenOffice1-scaled.jpg 792w, https:\/\/blog.webex.com\/wp-content\/uploads\/2022\/01\/v3_GreenOffice1-300x197.jpg 300w, https:\/\/blog.webex.com\/wp-content\/uploads\/2022\/01\/v3_GreenOffice1-1024x672.jpg 1024w, https:\/\/blog.webex.com\/wp-content\/uploads\/2022\/01\/v3_GreenOffice1-768x504.jpg 768w, https:\/\/blog.webex.com\/wp-content\/uploads\/2022\/01\/v3_GreenOffice1-1536x1008.jpg 1536w, https:\/\/blog.webex.com\/wp-content\/uploads\/2022\/01\/v3_GreenOffice1-2048x1344.jpg 2048w\" sizes=\"auto, (max-width: 2560px) 100vw, 2560px\" \/><p id=\"caption-attachment-384831\" class=\"wp-caption-text\"><br \/>\n<\/a> Webex Desk verde bosco porta l&#8217;ambiente esterno naturale in questo spazio d&#8217;ufficio contemporaneo.<\/p><\/div>\n<div id=\"attachment_384841\" class=\"wp-caption aligncenter\"><img loading=\"lazy\" decoding=\"async\" aria-describedby=\"caption-attachment-384841\" class=\"size-full wp-image-384841\" src=\"https:\/\/blog.webex.com\/wp-content\/uploads\/2022\/01\/9.1-Environment-5-GREEN-scaled.jpg\" alt=\"Webex Desk Mini in verde bosco\" width=\"2560\" height=\"1440\" srcset=\"https:\/\/blog.webex.com\/wp-content\/uploads\/2022\/01\/9.1-Environment-5-GREEN-scaled.jpg 924w, https:\/\/blog.webex.com\/wp-content\/uploads\/2022\/01\/9.1-Environment-5-GREEN-300x169.jpg 300w, https:\/\/blog.webex.com\/wp-content\/uploads\/2022\/01\/9.1-Environment-5-GREEN-1024x576.jpg 1024w, https:\/\/blog.webex.com\/wp-content\/uploads\/2022\/01\/9.1-Environment-5-GREEN-768x432.jpg 768w, https:\/\/blog.webex.com\/wp-content\/uploads\/2022\/01\/9.1-Environment-5-GREEN-1536x864.jpg 1536w, https:\/\/blog.webex.com\/wp-content\/uploads\/2022\/01\/9.1-Environment-5-GREEN-2048x1152.jpg 2048w\" sizes=\"auto, (max-width: 2560px) 100vw, 2560px\" \/><p id=\"caption-attachment-384841\" class=\"wp-caption-text\"><br \/>\n<\/a> Webex Desk Mini verde bosco sul tavolino del salotto ti fa sentire pi\u00f9 vicino alla natura e conferisce al tuo ambiente un tocco del tutto naturale. Qui anche con i tuoi brani preferiti.<\/p><\/div>\n<p>Sia che tu stia lavorando in un ufficio a casa dedicato, un ufficio aperto, una postazione di hot desking, uno spazo di collaborazione, un ufficio direzionale o persino l&#8217;area di ingresso dell&#8217;ufficio, c&#8217;\u00e8 un colore che aspetta proprio te.<\/p>\n<blockquote><p>Quindi, qual \u00e8 il tuo colore preferito? Faccelo sapere su <a href=\"https:\/\/twitter.com\/Webex\/status\/1488547441368608771?s=20&#038;t=ntvwtwX2rKbHAxzIvXOCcQ\">Twitter<\/a> o <a href=\"https:\/\/www.linkedin.com\/feed\/update\/urn:li:activity:6894312072830930944\">LinkedIn<\/a>!<\/p><\/blockquote>\n<p>Per ulteriori informazioni su Webex Desk Mini<\/p>\n<p>Visita <a href=\"https:\/\/hardware.webex.com\/products\/desk-mini\">hardware.webex.com\/products\/desk-mini<\/a><\/p>\n<p><a href=\"https:\/\/blog.webex.com\/wp-content\/uploads\/2022\/01\/Desk_Mini_JetFormation1-scaled.jpg\"><br \/>\n  <img loading=\"lazy\" decoding=\"async\" class=\"aligncenter size-full wp-image-384861\" src=\"https:\/\/blog.webex.com\/wp-content\/uploads\/2022\/01\/Desk_Mini_JetFormation1-scaled.jpg\" alt=\"Desk Mini Jet Formation\" width=\"2560\" height=\"1440\" srcset=\"https:\/\/blog.webex.com\/wp-content\/uploads\/2022\/01\/Desk_Mini_JetFormation1-scaled.jpg 924w, https:\/\/blog.webex.com\/wp-content\/uploads\/2022\/01\/Desk_Mini_JetFormation1-300x169.jpg 300w, https:\/\/blog.webex.com\/wp-content\/uploads\/2022\/01\/Desk_Mini_JetFormation1-1024x576.jpg 1024w, https:\/\/blog.webex.com\/wp-content\/uploads\/2022\/01\/Desk_Mini_JetFormation1-768x432.jpg 768w, https:\/\/blog.webex.com\/wp-content\/uploads\/2022\/01\/Desk_Mini_JetFormation1-1536x864.jpg 1536w, https:\/\/blog.webex.com\/wp-content\/uploads\/2022\/01\/Desk_Mini_JetFormation1-2048x1152.jpg 2048w\" sizes=\"auto, (max-width: 2560px) 100vw, 2560px\" \/><br \/>\n<\/a><\/p>\n<p>Per ulteriori informazioni su Webex Desk guarda questo <a href=\"https:\/\/www.youtube.com\/watch?v=O_1bSEHvYkI\">video<\/a> o visita <a href=\"https:\/\/hardware.webex.com\/products\/desk\">hardware.webex.com\/products\/desk<\/a><\/p>\n<p><a href=\"https:\/\/blog.webex.com\/wp-content\/uploads\/2022\/01\/1_O_JetFormation_LastFrame-scaled.jpg\"><br \/>\n  <img loading=\"lazy\" decoding=\"async\" class=\"aligncenter size-full wp-image-384851\" src=\"https:\/\/blog.webex.com\/wp-content\/uploads\/2022\/01\/1_O_JetFormation_LastFrame-scaled.jpg\" alt=\"\" width=\"2560\" height=\"1440\" srcset=\"https:\/\/blog.webex.com\/wp-content\/uploads\/2022\/01\/1_O_JetFormation_LastFrame-scaled.jpg 924w, https:\/\/blog.webex.com\/wp-content\/uploads\/2022\/01\/1_O_JetFormation_LastFrame-300x169.jpg 300w, https:\/\/blog.webex.com\/wp-content\/uploads\/2022\/01\/1_O_JetFormation_LastFrame-1024x576.jpg 1024w, https:\/\/blog.webex.com\/wp-content\/uploads\/2022\/01\/1_O_JetFormation_LastFrame-768x432.jpg 768w, https:\/\/blog.webex.com\/wp-content\/uploads\/2022\/01\/1_O_JetFormation_LastFrame-1536x864.jpg 1536w, https:\/\/blog.webex.com\/wp-content\/uploads\/2022\/01\/1_O_JetFormation_LastFrame-2048x1152.jpg 2048w\" sizes=\"auto, (max-width: 2560px) 100vw, 2560px\" \/><br \/>\n<\/a><\/p>\n<p><strong>Ulteriori informazioni<\/strong><\/p>\n<p><a href=\"https:\/\/blog.webex.com\/it\/dispositivi-di-collaborazione\/una-nota-sul-lato-umano-del-lavoro-ibrido\/\">Una nota sul lato umano dell&#8217;ibrido<\/a><\/p>\n<p><a href=\"https:\/\/blog.webex.com\/it\/dispositivi-di-collaborazione\/an-inside-view-on-the-red-dot-winning-cisco-webex-room-panorama-awarded-best-of-the-best\/\">Una vista dall&#8217;interno di Cisco Webex Room Panorama vincitore del premio Red Hot Best of the Best!<\/a><\/p>\n<p><a href=\"https:\/\/blog.webex.com\/it\/videoconferenze\/novita-di-webex-gennaio-2022\/\">Novit\u00e0 di Webex: gennaio 2022<\/a><\/p>\n","protected":false},"excerpt":{"rendered":"<p>A ottobre all&#8217;evento Webex One, Cisco ha annunciato i nuovi Webex Desk Mni e Webex Desk in nuovi colori in [&hellip;]<\/p>\n","protected":false},"author":5504,"featured_media":384552,"comment_status":"closed","ping_status":"open","sticky":false,"template":"","format":"standard","meta":{"inline_featured_image":false,"footnotes":""},"categories":[1520],"tags":[4001],"class_list":["post-389316","post","type-post","status-publish","format-standard","has-post-thumbnail","hentry","category-spazi-di-lavoro","tag-cisco-headset-700-series"],"acf":[],"yoast_head":"<!-- This site is optimized with the Yoast SEO plugin v28.3 - https:\/\/yoast.com\/product\/yoast-seo-wordpress\/ -->\n<title>Personalizza il tuo spazio di lavoro, con un dispositivo colorato | Webex Blog<\/title>\n<meta name=\"robots\" content=\"index, follow, max-snippet:-1, max-image-preview:large, max-video-preview:-1\" \/>\n<link rel=\"canonical\" href=\"https:\/\/blog.webex.com\/it\/uncategorized-it\/personalizza-il-tuo-spazio-di-lavoro-con-un-dispositivo-colorato\/\" \/>\n<meta property=\"og:locale\" content=\"it_IT\" \/>\n<meta property=\"og:type\" content=\"article\" \/>\n<meta property=\"og:title\" content=\"Personalizza il tuo spazio di lavoro, con un dispositivo colorato | Webex Blog\" \/>\n<meta property=\"og:description\" content=\"A ottobre all&#8217;evento Webex One, Cisco ha annunciato i nuovi Webex Desk Mni e Webex Desk in nuovi colori in [&hellip;]\" \/>\n<meta property=\"og:url\" content=\"https:\/\/blog.webex.com\/it\/uncategorized-it\/personalizza-il-tuo-spazio-di-lavoro-con-un-dispositivo-colorato\/\" \/>\n<meta property=\"og:site_name\" content=\"Webex Blog\" \/>\n<meta property=\"article:published_time\" content=\"2022-02-01T15:23:33+00:00\" \/>\n<meta property=\"og:image\" content=\"https:\/\/blog.webex.com\/wp-content\/uploads\/2022\/01\/v1_DeskDeskMiniThumbnail.jpg\" \/>\n\t<meta property=\"og:image:width\" content=\"975\" \/>\n\t<meta property=\"og:image:height\" content=\"544\" \/>\n\t<meta property=\"og:image:type\" content=\"image\/jpeg\" \/>\n<meta name=\"author\" content=\"Sondre Ager-Wick\" \/>\n<meta name=\"twitter:label1\" content=\"Scritto da\" \/>\n\t<meta name=\"twitter:data1\" content=\"Sondre Ager-Wick\" \/>\n\t<meta name=\"twitter:label2\" content=\"Tempo di lettura stimato\" \/>\n\t<meta name=\"twitter:data2\" content=\"3 minuti\" \/>\n<script type=\"application\/ld+json\" class=\"yoast-schema-graph\">{\"@context\":\"https:\\\/\\\/schema.org\",\"@graph\":[{\"@type\":\"Article\",\"@id\":\"https:\\\/\\\/blog.webex.com\\\/it\\\/uncategorized-it\\\/personalizza-il-tuo-spazio-di-lavoro-con-un-dispositivo-colorato\\\/#article\",\"isPartOf\":{\"@id\":\"https:\\\/\\\/blog.webex.com\\\/it\\\/uncategorized-it\\\/personalizza-il-tuo-spazio-di-lavoro-con-un-dispositivo-colorato\\\/\"},\"author\":{\"name\":\"Sondre Ager-Wick\",\"@id\":\"https:\\\/\\\/blog.webex.com\\\/es\\\/#\\\/schema\\\/person\\\/d6643fe0c3558028ebb1c87daa3d79e9\"},\"headline\":\"Personalizza il tuo spazio di lavoro, con un dispositivo colorato\",\"datePublished\":\"2022-02-01T15:23:33+00:00\",\"mainEntityOfPage\":{\"@id\":\"https:\\\/\\\/blog.webex.com\\\/it\\\/uncategorized-it\\\/personalizza-il-tuo-spazio-di-lavoro-con-un-dispositivo-colorato\\\/\"},\"wordCount\":643,\"image\":{\"@id\":\"https:\\\/\\\/blog.webex.com\\\/it\\\/uncategorized-it\\\/personalizza-il-tuo-spazio-di-lavoro-con-un-dispositivo-colorato\\\/#primaryimage\"},\"thumbnailUrl\":\"https:\\\/\\\/blog.webex.com\\\/wp-content\\\/uploads\\\/2022\\\/01\\\/v1_DeskDeskMiniThumbnail.jpg\",\"keywords\":[\"Cisco Headset 700 Series\"],\"articleSection\":[\"Spazi di lavoro\"],\"inLanguage\":\"it-IT\"},{\"@type\":\"WebPage\",\"@id\":\"https:\\\/\\\/blog.webex.com\\\/it\\\/uncategorized-it\\\/personalizza-il-tuo-spazio-di-lavoro-con-un-dispositivo-colorato\\\/\",\"url\":\"https:\\\/\\\/blog.webex.com\\\/it\\\/uncategorized-it\\\/personalizza-il-tuo-spazio-di-lavoro-con-un-dispositivo-colorato\\\/\",\"name\":\"Personalizza il tuo spazio di lavoro, con un dispositivo colorato | Webex Blog\",\"isPartOf\":{\"@id\":\"https:\\\/\\\/blog.webex.com\\\/es\\\/#website\"},\"primaryImageOfPage\":{\"@id\":\"https:\\\/\\\/blog.webex.com\\\/it\\\/uncategorized-it\\\/personalizza-il-tuo-spazio-di-lavoro-con-un-dispositivo-colorato\\\/#primaryimage\"},\"image\":{\"@id\":\"https:\\\/\\\/blog.webex.com\\\/it\\\/uncategorized-it\\\/personalizza-il-tuo-spazio-di-lavoro-con-un-dispositivo-colorato\\\/#primaryimage\"},\"thumbnailUrl\":\"https:\\\/\\\/blog.webex.com\\\/wp-content\\\/uploads\\\/2022\\\/01\\\/v1_DeskDeskMiniThumbnail.jpg\",\"datePublished\":\"2022-02-01T15:23:33+00:00\",\"author\":{\"@id\":\"https:\\\/\\\/blog.webex.com\\\/es\\\/#\\\/schema\\\/person\\\/d6643fe0c3558028ebb1c87daa3d79e9\"},\"breadcrumb\":{\"@id\":\"https:\\\/\\\/blog.webex.com\\\/it\\\/uncategorized-it\\\/personalizza-il-tuo-spazio-di-lavoro-con-un-dispositivo-colorato\\\/#breadcrumb\"},\"inLanguage\":\"it-IT\",\"potentialAction\":[{\"@type\":\"ReadAction\",\"target\":[\"https:\\\/\\\/blog.webex.com\\\/it\\\/uncategorized-it\\\/personalizza-il-tuo-spazio-di-lavoro-con-un-dispositivo-colorato\\\/\"]}]},{\"@type\":\"ImageObject\",\"inLanguage\":\"it-IT\",\"@id\":\"https:\\\/\\\/blog.webex.com\\\/it\\\/uncategorized-it\\\/personalizza-il-tuo-spazio-di-lavoro-con-un-dispositivo-colorato\\\/#primaryimage\",\"url\":\"https:\\\/\\\/blog.webex.com\\\/wp-content\\\/uploads\\\/2022\\\/01\\\/v1_DeskDeskMiniThumbnail.jpg\",\"contentUrl\":\"https:\\\/\\\/blog.webex.com\\\/wp-content\\\/uploads\\\/2022\\\/01\\\/v1_DeskDeskMiniThumbnail.jpg\",\"width\":975,\"height\":544,\"caption\":\"personalized colors Webex devices\"},{\"@type\":\"BreadcrumbList\",\"@id\":\"https:\\\/\\\/blog.webex.com\\\/it\\\/uncategorized-it\\\/personalizza-il-tuo-spazio-di-lavoro-con-un-dispositivo-colorato\\\/#breadcrumb\",\"itemListElement\":[{\"@type\":\"ListItem\",\"position\":1,\"name\":\"Home\",\"item\":\"https:\\\/\\\/blog.webex.com\\\/it\\\/\"},{\"@type\":\"ListItem\",\"position\":2,\"name\":\"Personalizza il tuo spazio di lavoro, con un dispositivo colorato\"}]},{\"@type\":\"WebSite\",\"@id\":\"https:\\\/\\\/blog.webex.com\\\/es\\\/#website\",\"url\":\"https:\\\/\\\/blog.webex.com\\\/es\\\/\",\"name\":\"Webex Blog\",\"description\":\"Webex by Cisco powers collaboration through industry-leading video conferencing, cloud calling and contact center solutions\",\"potentialAction\":[{\"@type\":\"SearchAction\",\"target\":{\"@type\":\"EntryPoint\",\"urlTemplate\":\"https:\\\/\\\/blog.webex.com\\\/es\\\/?s={search_term_string}\"},\"query-input\":{\"@type\":\"PropertyValueSpecification\",\"valueRequired\":true,\"valueName\":\"search_term_string\"}}],\"inLanguage\":\"it-IT\"},{\"@type\":\"Person\",\"@id\":\"https:\\\/\\\/blog.webex.com\\\/es\\\/#\\\/schema\\\/person\\\/d6643fe0c3558028ebb1c87daa3d79e9\",\"name\":\"Sondre Ager-Wick\",\"image\":{\"@type\":\"ImageObject\",\"inLanguage\":\"it-IT\",\"@id\":\"https:\\\/\\\/secure.gravatar.com\\\/avatar\\\/ae6e9b82a17bbe9956fa6f306efcbe408fe270fdd07d48b24fb8d2ba19b27101?s=96&d=wp_user_avatar&r=g\",\"url\":\"https:\\\/\\\/secure.gravatar.com\\\/avatar\\\/ae6e9b82a17bbe9956fa6f306efcbe408fe270fdd07d48b24fb8d2ba19b27101?s=96&d=wp_user_avatar&r=g\",\"contentUrl\":\"https:\\\/\\\/secure.gravatar.com\\\/avatar\\\/ae6e9b82a17bbe9956fa6f306efcbe408fe270fdd07d48b24fb8d2ba19b27101?s=96&d=wp_user_avatar&r=g\",\"caption\":\"Sondre Ager-Wick\"},\"description\":\"Sondre creates experiences, products and services that help people work better together. He is passionate about making experiences that enrich people\u00b4s everyday lives, either through products that delights by their presence or user interfaces that simply empowers people. Sondre started designing communication products when he joined Nokia in 2006. He led design strategy &amp; foresight during the launch of the award-winning Lumia portfolio. In 2013, he joined Microsoft with the acquisition of Nokia Phones, where he championed design-led innovation across the Phones, Surface and Xbox teams. After leaving Microsoft in 2015, he worked as a design and strategy consultant start-ups and a number of global brands like IKEA, Audi, Duracell and Cisco. In 2017, he joined Cisco to lead the design team behind Red Dot Award winning Cisco Webex Devices. Sondre lives in Helsinki.\",\"sameAs\":[\"https:\\\/\\\/www.linkedin.com\\\/in\\\/sondreagerwick\\\/\"],\"url\":\"https:\\\/\\\/blog.webex.com\\\/it\\\/contributors\\\/sondreagerwick\\\/\"}]}<\/script>\n<!-- \/ Yoast SEO plugin. -->","yoast_head_json":{"title":"Personalizza il tuo spazio di lavoro, con un dispositivo colorato | Webex Blog","robots":{"index":"index","follow":"follow","max-snippet":"max-snippet:-1","max-image-preview":"max-image-preview:large","max-video-preview":"max-video-preview:-1"},"canonical":"https:\/\/blog.webex.com\/it\/uncategorized-it\/personalizza-il-tuo-spazio-di-lavoro-con-un-dispositivo-colorato\/","og_locale":"it_IT","og_type":"article","og_title":"Personalizza il tuo spazio di lavoro, con un dispositivo colorato | Webex Blog","og_description":"A ottobre all&#8217;evento Webex One, Cisco ha annunciato i nuovi Webex Desk Mni e Webex Desk in nuovi colori in [&hellip;]","og_url":"https:\/\/blog.webex.com\/it\/uncategorized-it\/personalizza-il-tuo-spazio-di-lavoro-con-un-dispositivo-colorato\/","og_site_name":"Webex Blog","article_published_time":"2022-02-01T15:23:33+00:00","og_image":[{"width":975,"height":544,"url":"https:\/\/blog.webex.com\/wp-content\/uploads\/2022\/01\/v1_DeskDeskMiniThumbnail.jpg","type":"image\/jpeg"}],"author":"Sondre Ager-Wick","twitter_misc":{"Scritto da":"Sondre Ager-Wick","Tempo di lettura stimato":"3 minuti"},"schema":{"@context":"https:\/\/schema.org","@graph":[{"@type":"Article","@id":"https:\/\/blog.webex.com\/it\/uncategorized-it\/personalizza-il-tuo-spazio-di-lavoro-con-un-dispositivo-colorato\/#article","isPartOf":{"@id":"https:\/\/blog.webex.com\/it\/uncategorized-it\/personalizza-il-tuo-spazio-di-lavoro-con-un-dispositivo-colorato\/"},"author":{"name":"Sondre Ager-Wick","@id":"https:\/\/blog.webex.com\/es\/#\/schema\/person\/d6643fe0c3558028ebb1c87daa3d79e9"},"headline":"Personalizza il tuo spazio di lavoro, con un dispositivo colorato","datePublished":"2022-02-01T15:23:33+00:00","mainEntityOfPage":{"@id":"https:\/\/blog.webex.com\/it\/uncategorized-it\/personalizza-il-tuo-spazio-di-lavoro-con-un-dispositivo-colorato\/"},"wordCount":643,"image":{"@id":"https:\/\/blog.webex.com\/it\/uncategorized-it\/personalizza-il-tuo-spazio-di-lavoro-con-un-dispositivo-colorato\/#primaryimage"},"thumbnailUrl":"https:\/\/blog.webex.com\/wp-content\/uploads\/2022\/01\/v1_DeskDeskMiniThumbnail.jpg","keywords":["Cisco Headset 700 Series"],"articleSection":["Spazi di lavoro"],"inLanguage":"it-IT"},{"@type":"WebPage","@id":"https:\/\/blog.webex.com\/it\/uncategorized-it\/personalizza-il-tuo-spazio-di-lavoro-con-un-dispositivo-colorato\/","url":"https:\/\/blog.webex.com\/it\/uncategorized-it\/personalizza-il-tuo-spazio-di-lavoro-con-un-dispositivo-colorato\/","name":"Personalizza il tuo spazio di lavoro, con un dispositivo colorato | Webex Blog","isPartOf":{"@id":"https:\/\/blog.webex.com\/es\/#website"},"primaryImageOfPage":{"@id":"https:\/\/blog.webex.com\/it\/uncategorized-it\/personalizza-il-tuo-spazio-di-lavoro-con-un-dispositivo-colorato\/#primaryimage"},"image":{"@id":"https:\/\/blog.webex.com\/it\/uncategorized-it\/personalizza-il-tuo-spazio-di-lavoro-con-un-dispositivo-colorato\/#primaryimage"},"thumbnailUrl":"https:\/\/blog.webex.com\/wp-content\/uploads\/2022\/01\/v1_DeskDeskMiniThumbnail.jpg","datePublished":"2022-02-01T15:23:33+00:00","author":{"@id":"https:\/\/blog.webex.com\/es\/#\/schema\/person\/d6643fe0c3558028ebb1c87daa3d79e9"},"breadcrumb":{"@id":"https:\/\/blog.webex.com\/it\/uncategorized-it\/personalizza-il-tuo-spazio-di-lavoro-con-un-dispositivo-colorato\/#breadcrumb"},"inLanguage":"it-IT","potentialAction":[{"@type":"ReadAction","target":["https:\/\/blog.webex.com\/it\/uncategorized-it\/personalizza-il-tuo-spazio-di-lavoro-con-un-dispositivo-colorato\/"]}]},{"@type":"ImageObject","inLanguage":"it-IT","@id":"https:\/\/blog.webex.com\/it\/uncategorized-it\/personalizza-il-tuo-spazio-di-lavoro-con-un-dispositivo-colorato\/#primaryimage","url":"https:\/\/blog.webex.com\/wp-content\/uploads\/2022\/01\/v1_DeskDeskMiniThumbnail.jpg","contentUrl":"https:\/\/blog.webex.com\/wp-content\/uploads\/2022\/01\/v1_DeskDeskMiniThumbnail.jpg","width":975,"height":544,"caption":"personalized colors Webex devices"},{"@type":"BreadcrumbList","@id":"https:\/\/blog.webex.com\/it\/uncategorized-it\/personalizza-il-tuo-spazio-di-lavoro-con-un-dispositivo-colorato\/#breadcrumb","itemListElement":[{"@type":"ListItem","position":1,"name":"Home","item":"https:\/\/blog.webex.com\/it\/"},{"@type":"ListItem","position":2,"name":"Personalizza il tuo spazio di lavoro, con un dispositivo colorato"}]},{"@type":"WebSite","@id":"https:\/\/blog.webex.com\/es\/#website","url":"https:\/\/blog.webex.com\/es\/","name":"Webex Blog","description":"Webex by Cisco powers collaboration through industry-leading video conferencing, cloud calling and contact center solutions","potentialAction":[{"@type":"SearchAction","target":{"@type":"EntryPoint","urlTemplate":"https:\/\/blog.webex.com\/es\/?s={search_term_string}"},"query-input":{"@type":"PropertyValueSpecification","valueRequired":true,"valueName":"search_term_string"}}],"inLanguage":"it-IT"},{"@type":"Person","@id":"https:\/\/blog.webex.com\/es\/#\/schema\/person\/d6643fe0c3558028ebb1c87daa3d79e9","name":"Sondre Ager-Wick","image":{"@type":"ImageObject","inLanguage":"it-IT","@id":"https:\/\/secure.gravatar.com\/avatar\/ae6e9b82a17bbe9956fa6f306efcbe408fe270fdd07d48b24fb8d2ba19b27101?s=96&d=wp_user_avatar&r=g","url":"https:\/\/secure.gravatar.com\/avatar\/ae6e9b82a17bbe9956fa6f306efcbe408fe270fdd07d48b24fb8d2ba19b27101?s=96&d=wp_user_avatar&r=g","contentUrl":"https:\/\/secure.gravatar.com\/avatar\/ae6e9b82a17bbe9956fa6f306efcbe408fe270fdd07d48b24fb8d2ba19b27101?s=96&d=wp_user_avatar&r=g","caption":"Sondre Ager-Wick"},"description":"Sondre creates experiences, products and services that help people work better together. He is passionate about making experiences that enrich people\u00b4s everyday lives, either through products that delights by their presence or user interfaces that simply empowers people. Sondre started designing communication products when he joined Nokia in 2006. He led design strategy &amp; foresight during the launch of the award-winning Lumia portfolio. In 2013, he joined Microsoft with the acquisition of Nokia Phones, where he championed design-led innovation across the Phones, Surface and Xbox teams. After leaving Microsoft in 2015, he worked as a design and strategy consultant start-ups and a number of global brands like IKEA, Audi, Duracell and Cisco. In 2017, he joined Cisco to lead the design team behind Red Dot Award winning Cisco Webex Devices. Sondre lives in Helsinki.","sameAs":["https:\/\/www.linkedin.com\/in\/sondreagerwick\/"],"url":"https:\/\/blog.webex.com\/it\/contributors\/sondreagerwick\/"}]}},"_links":{"self":[{"href":"https:\/\/blog.webex.com\/it\/wp-json\/wp\/v2\/posts\/389316","targetHints":{"allow":["GET"]}}],"collection":[{"href":"https:\/\/blog.webex.com\/it\/wp-json\/wp\/v2\/posts"}],"about":[{"href":"https:\/\/blog.webex.com\/it\/wp-json\/wp\/v2\/types\/post"}],"author":[{"embeddable":true,"href":"https:\/\/blog.webex.com\/it\/wp-json\/wp\/v2\/users\/5504"}],"replies":[{"embeddable":true,"href":"https:\/\/blog.webex.com\/it\/wp-json\/wp\/v2\/comments?post=389316"}],"version-history":[{"count":0,"href":"https:\/\/blog.webex.com\/it\/wp-json\/wp\/v2\/posts\/389316\/revisions"}],"wp:featuredmedia":[{"embeddable":true,"href":"https:\/\/blog.webex.com\/it\/wp-json\/wp\/v2\/media\/384552"}],"wp:attachment":[{"href":"https:\/\/blog.webex.com\/it\/wp-json\/wp\/v2\/media?parent=389316"}],"wp:term":[{"taxonomy":"category","embeddable":true,"href":"https:\/\/blog.webex.com\/it\/wp-json\/wp\/v2\/categories?post=389316"},{"taxonomy":"post_tag","embeddable":true,"href":"https:\/\/blog.webex.com\/it\/wp-json\/wp\/v2\/tags?post=389316"}],"curies":[{"name":"wp","href":"https:\/\/api.w.org\/{rel}","templated":true}]}}