{"id":391333,"date":"2020-01-29T11:45:44","date_gmt":"2020-01-29T19:45:44","guid":{"rendered":"https:\/\/blog.webex.com\/uncategorized-it\/cisco-annuncia-la-nuova-webex-room-usb-progettata-per-iniziare-le-piccole-dimensioni-e-per-andare-in-grande\/"},"modified":"2020-01-29T11:45:44","modified_gmt":"2020-01-29T19:45:44","slug":"cisco-annuncia-la-nuova-webex-room-usb-progettata-per-iniziare-le-piccole-dimensioni-e-per-andare-in-grande","status":"publish","type":"post","link":"https:\/\/blog.webex.com\/it\/spazi-di-lavoro\/cisco-annuncia-la-nuova-webex-room-usb-progettata-per-iniziare-le-piccole-dimensioni-e-per-andare-in-grande\/","title":{"rendered":"Cisco annuncia la nuova Webex Room USB progettata per iniziare le ..."},"content":{"rendered":"<h2><span><br \/>\n  <strong>Distribuzione di esperienze di collaborazione leader del settore<\/strong><br \/>\n<\/span><\/h2>\n<p class=\"paragraph\"><span class=\"normaltextrun\">Flessibilit\u00e0. interoperabilit\u00e0 Facile da usare. Quando \u00e8 necessario questo livello di esperienza combinata con un video di eccezione e un suono pi\u00f9 chiaro, si chiama Cisco. A novembre, ho pubblicato un blog sulla trasformazione del luogo di <\/g><\/g>   <\/g> <\/g> lavoro e andare oltre l&#8217;installazione di sale video.\u202fLa collaborazione reale riguarda la connessione dei dispositivi in spazi diversi con il supporto di pi\u00f9 stile di lavoro.<\/span><span lang=\"NO-BOK\"><a href=\"https:\/\/blogs.cisco.com\/collaboration\/webex-devices-transforming-workspaces-so-you-can-get-stuff-done\"><span lang=\"it\"><\/span><\/a><\/span><span class=\"normaltextrun\">\u202f\u00a0<\/span><span class=\"eop\">\u00a0<\/span><\/p>\n<p class=\"paragraph\"><span class=\"normaltextrun\">L&#8217;obiettivo di <\/g>Webex Rooms \u00e8 di humanizzare la tecnologia e riunire le persone, sia attraverso la<\/g> tabella che in tutto il mondo. Grazie alla comprensione autentica degli utenti, abbiamo creato prodotti semplici e coinvolgenti da installare, impostare, gestire e utilizzare.<\/span><span class=\"spellingerror\"><\/span><span class=\"normaltextrun\"><\/span><span class=\"eop\">\u00a0<\/span><\/p>\n<h2><span><br \/>\n  <strong>Introduzione a Cisco Webex Room USB<\/strong><br \/>\n<\/span><\/h2>\n<p class=\"paragraph\"><span class=\"normaltextrun\">Questo mi porta al nuovo <\/g>Cisco Webex Room<\/g>   <\/g> <\/g>USB! Sono oltre che contento di annunciare questo nuovo prodotto, che migliorer\u00e0 l&#8217;esperienza di riunione tramite &#8220;Bring Your Own Device&#8221; <\/g>(BYOD). \u00c8 sufficiente collegare il proprio portatile alla usb della sala Webex e partecipare a qualsiasi riunione da qualsiasi client: sar\u00e0 possibile incontrarsi faccia a faccia con <\/g>chiunque nel<\/g> mondo!<\/span><span lang=\"NO-BOK\"><a href=\"https:\/\/www.cisco.com\/c\/en\/us\/products\/collaboration-endpoints\/webex-board\/index.html\"><span lang=\"it\"><\/span><\/a><\/span><span class=\"normaltextrun\"><i><\/i><\/span><span class=\"spellingerror\"><\/span><span class=\"normaltextrun\"><\/span><span class=\"eop\">\u00a0<\/span><\/p>\n<p class=\"paragraph\"><span class=\"normaltextrun\">La sala USB \u00e8 dotato di funzionalit\u00e0 di condivisione wireless, video intelligente, audio premium e dispone di un campo di visualizzazione ampio di 120 utenti perfetto per gli spazi huddle.\u00a0<\/span><span class=\"eop\">\u00a0<\/span><\/p>\n<h2><span><br \/>\n  <strong>Semplifica e scopri le grandi esperienze utente<\/strong><br \/>\n<\/span><\/h2>\n<p class=\"paragraph\"><span class=\"normaltextrun\">Si \u00e8 pronti per le riunioni di livello successivo?\u00a0<\/span><span class=\"eop\">\u00a0<\/span><\/p>\n<p class=\"paragraph\"><span class=\"normaltextrun\">La sala USB non pu\u00f2 attendere di essere la prossima <\/g>sala Kit mini<\/g>   <\/g> <\/g>. \u00a0L&#8217;aggiornamento include un controller di sala Cisco Touch 10 e i tasti per sbloccare la licenza Codec per provare la potenza della piattaforma Webex &#8212; Laptop non <\/g><\/g>pi\u00f9<\/g>richiesto!<\/span><span lang=\"NO-BOK\"><a href=\"https:\/\/www.cisco.com\/c\/en\/us\/products\/collaboration-endpoints\/webex-room-kit-mini\/index.html\"><span lang=\"it\"><\/span><\/a><\/span><span class=\"normaltextrun\"><\/span><span class=\"spellingerror\"><\/span><span class=\"normaltextrun\"><b><\/b>\u00a0<\/span><span class=\"eop\">\u00a0<\/span><\/p>\n<p class=\"paragraph\"><span class=\"normaltextrun\">Il <\/span><span class=\"spellingerror\">nuovo<\/span><span class=\"normaltextrun\"> <\/span><span class=\"normaltextrun\">sistema USB per sala ha un prezzo e \u00e8 progettato per essere facilmente scalabile. Altri fornitori desiderano inserire funzioni avanzate come la configurazione automatica, la condivisione wireless degli ospiti e il contenuto 4K nei prodotti high-end.\u00a0Le innovazioni sono in grado di riunire gli spazi in un modo conveniente e semplice.<\/span><span class=\"normaltextrun\"> <\/span><span class=\"normaltextrun\">Indipendentemente <\/span><span class=\"spellingerror\">dal<\/span><span class=\"normaltextrun\"> <\/span><span class=\"spellingerror\">dispositivoche<\/span><span class=\"normaltextrun\"> <\/span><span class=\"spellingerror\"><\/span> <span class=\"normaltextrun\"><\/span><span class=\"spellingerror\">siscegliere<\/span><span class=\"normaltextrun\"> <\/span><span class=\"spellingerror\">  <\/span><span class=\"normaltextrun\"><\/span><span class=\"spellingerror\">dal nostroportfofo,<\/span><span class=\"normaltextrun\"> <\/span><span class=\"spellingerror\">le sale Webex <\/span><span class=\"normaltextrun\"><\/span> <span class=\"spellingerror\"><\/span><span class=\"normaltextrun\"><\/span><span class=\"spellingerror\"><\/span><span class=\"normaltextrun\"> <\/span><span class=\"spellingerror\"><\/span><span class=\"normaltextrun\"><\/span><span class=\"spellingerror\"><\/span>  <span class=\"normaltextrun\"><\/span> <span class=\"spellingerror\"> <\/span><span class=\"normaltextrun\">offronoil migliore ambiente di riunioneesportabile, pertanto<\/span><span class=\"spellingerror\"><\/span><span class=\"normaltextrun\"><\/span>  <span class=\"spellingerror\">\u00e8 possibile<\/span><span class=\"normaltextrun\"> <\/span><span class=\"spellingerror\">Concentrarsi<\/span><span class=\"normaltextrun\"> <\/span><span class=\"spellingerror\">perquali<\/span><span class=\"normaltextrun\"><\/span><span class=\"spellingerror\"><\/span> <span class=\"normaltextrun\"><\/span> <span class=\"spellingerror\">argomenti<\/span><span class=\"normaltextrun\"> : introduzione.<\/span> <span class=\"spellingerror\"><\/span><span class=\"normaltextrun\"> <\/span><span class=\"spellingerror\"><\/span><span class=\"normaltextrun\"><\/span><span class=\"eop\">\u00a0<\/span><\/p>\n<h2><span><br \/>\n  <strong>Visualizza tu stesso<\/strong><br \/>\n<\/span><\/h2>\n<p class=\"paragraph\"><span class=\"normaltextrun\">Stop by the Collaboration Diesporre in Madrid, Spagna, al via il <\/g>primo Cisco Live!<\/g>      <\/g>   <\/g> <\/g>dell&#8217;anno. Non vedo l&#8217;ora di incontrare i nostri straordinari partner e clienti e condividere informazioni e mostrare alcune delle mie innovazioni preferite.\u00a0Partecipa a my Innovation Talk tramite streaming in diretta o di persona per saperne di pi\u00f9 su come trasformare il tuo luogo di lavoro.\u00a0Non vedo l&#8217;ora di condividere in che modo Webex Rooms trasforma la conversazione in azione e offrire collaborazione sicura e <\/g><\/g>      <\/g>   <\/g> <\/g>abilitata aiA per tutti.<\/span><span lang=\"NO-BOK\"><a href=\"https:\/\/www.ciscolive.com\/emea.html\"><span lang=\"it\"><\/span><span lang=\"it\"><\/span><\/a><\/span><span class=\"normaltextrun\"><\/span><span lang=\"NO-BOK\"><a href=\"https:\/\/www.cisco.com\/c\/en\/us\/products\/collaboration-endpoints\/webex-room-series\/index.html\"><span lang=\"it\"><\/span><span lang=\"it\"><\/span><\/a><\/span><span class=\"normaltextrun\">\u00a0<\/span><span class=\"eop\">\u00a0<\/span><span class=\"eop\">\u00a0<\/span><\/p>\n<p class=\"paragraph\" align=\"center\"><span class=\"normaltextrun\"><br \/>\n  <b>Partecipa a Innovation Talk in streaming in diretta, gioved\u00ec 30<\/g> gennaio, 12.00-12.30 CET <\/g> <\/g>qui!<sup><\/sup><\/b><\/span><span lang=\"NO-BOK\"><a href=\"https:\/\/twitter.com\/CiscoCollab\/status\/1221576587457396736?s=20\"><b><span lang=\"it\"><\/span><br \/>\n    <\/b><br \/>\n    <span lang=\"it\">\u00a0<\/span><br \/>\n  <\/a><br \/>\n<\/span><\/p>\n<p class=\"paragraph\"><span class=\"normaltextrun\">La sala USB ha un prezzo conveniente e consente di estendere il budget di collaborazione e fornire pi\u00f9 spazi riunione per proteggere al contempo gli investimenti nei  <\/g>soft client gi\u00e0 effettuati.<b><\/b>\u00a0<\/span><span class=\"eop\">\u00a0<\/span><\/p>\n<p class=\"paragraph\"><span class=\"normaltextrun\">Si \u00e8 pronti per l&#8217;esperienza Premium Webex? Collegare la sala USB a un account Webex per sfruttare tutte le funzionalit\u00e0 della piattaforma come l&#8217;firmatario digitale, un portale di gestione con un singolo riquadro di vetro da Control Hub e la potenza di RoomOS.<\/span><span class=\"spellingerror\"><\/span><span class=\"normaltextrun\"><\/span><span class=\"spellingerror\"><\/span><span class=\"normaltextrun\"><\/span><span lang=\"NO-BOK\"><a href=\"https:\/\/help.webex.com\/en-us\/6ger7db\/What-s-New-in-RoomOS\"><span lang=\"it\"><\/span><br \/>\n    <span lang=\"it\">\u00a0<\/span><br \/>\n  <\/a><br \/>\n<\/span><\/p>\n<p><a href=\"https:\/\/alln-extcloud-storage.cisco.com\/blogs\/1\/2020\/01\/Ready-for-premium-Webex-experience.png\"><br \/>\n  <img loading=\"lazy\" decoding=\"async\" class=\"aligncenter size-full wp-image-310326\" src=\"https:\/\/alln-extcloud-storage.cisco.com\/blogs\/1\/2020\/01\/Ready-for-premium-Webex-experience.png\" alt=\"Si \u00e8 pronti per l'esperienza Premium Webex? Collegare la sala USB a un account Webex per sfruttare tutte le funzionalit\u00e0 della piattaforma come l'firmatario digitale, un portale di gestione con un singolo riquadro di vetro da Control Hub e la potenza di RoomOS. \" width=\"943\" height=\"529\" \/><br \/>\n<\/a><\/p>\n<blockquote>\n<p class=\"paragraph\"><span class=\"normaltextrun\">Puoi utilizzare la mia parola <\/span>o scoprirla<span class=\"contextualspellingandgrammarerror\"><\/span> da te stesso su <span class=\"normaltextrun\"><\/span><span lang=\"NO-BOK\">   <a href=\"https:\/\/www.ciscolive.com\/emea.html\">     Cisco Live!<span lang=\"it\">Il lea<\/span>     <span lang=\"it\"> <\/span>   <\/a><\/span> <span class=\"normaltextrun\">e<\/span> <span lang=\"NO-BOK\"><a href=\"https:\/\/www.iseurope.org\/\">   <span lang=\"it\">     ISE Amsterdam.<\/span>   <\/a> <\/span><span class=\"normaltextrun\"><\/span><span class=\"normaltextrun\">\u00a0<\/span><span class=\"eop\"><br \/>\n  <span lang=\"NO-BOK\">\u00a0<\/span><br \/>\n<\/span><\/p>\n<\/blockquote>\n<hr \/>\n<p class=\"paragraph\"><span class=\"normaltextrun\"><br \/>\n  <strong>Ulteriori informazioni<\/strong><br \/>\n<\/span><\/p>\n<p class=\"paragraph\"><a href=\"https:\/\/blogs.cisco.com\/collaboration\/webex-devices-transforming-workspaces-so-you-can-get-stuff-done\"><br \/>\n  <span class=\"normaltextrun\">Dispositivi Webex: Trasformazione degli spazi di lavoro per completare le attivit\u00e0<\/span><br \/>\n<\/a><\/p>\n<p><a href=\"https:\/\/blogs.cisco.com\/collaboration\/cisco-samsung-powering-workplace-transformation-by-doubling-down-on-co-creation-and-huddle-spaces\">Cisco + Samsung: Potenza della trasformazione di Workplace grazie alla doppia visualizzazione degli spazi Huddle e dell&#8217;ideazione, coinvolgere i team con nuove modalit\u00e0 di uso di Cisco Webex Devices Entrare in connessione con tutti i<\/g>  <\/g>  blog di Webex Rooms<\/a><a href=\"https:\/\/blogs.cisco.com\/collaboration\/do-more-with-webex-digital-signage\"><\/a><a href=\"https:\/\/blogs.cisco.com\/tag\/WebexRooms\"><\/a><\/p>\n","protected":false},"excerpt":{"rendered":"<p>Siamo lieti di annunciare che il nuovo dispositivo USB Webex Room migliorer\u00e0 l&#8217;esperienza di riunione tramite &#8220;Bring Your Own Device&#8221; (BYOD), in modo da poter concentrarsi sugli argomenti, facendo delle cose da fare.\u00a0<\/p>\n","protected":false},"author":5450,"featured_media":391334,"comment_status":"open","ping_status":"open","sticky":false,"template":"","format":"standard","meta":{"inline_featured_image":false,"footnotes":""},"categories":[5273,1520],"tags":[4126],"class_list":["post-391333","post","type-post","status-publish","format-standard","has-post-thumbnail","hentry","category-collaborazione","category-spazi-di-lavoro","tag-webex-roomos"],"acf":[],"yoast_head":"<!-- This site is optimized with the Yoast SEO plugin v27.1.1 - https:\/\/yoast.com\/product\/yoast-seo-wordpress\/ -->\n<title>Cisco annuncia la nuova Webex Room USB progettata per iniziare le piccole dimensioni e per andare in grande! | Webex Blog<\/title>\n<meta name=\"robots\" content=\"index, follow, max-snippet:-1, max-image-preview:large, max-video-preview:-1\" \/>\n<link rel=\"canonical\" href=\"https:\/\/blog.webex.com\/it\/spazi-di-lavoro\/cisco-annuncia-la-nuova-webex-room-usb-progettata-per-iniziare-le-piccole-dimensioni-e-per-andare-in-grande\/\" \/>\n<meta property=\"og:locale\" content=\"it_IT\" \/>\n<meta property=\"og:type\" content=\"article\" \/>\n<meta property=\"og:title\" content=\"Cisco annuncia la nuova Webex Room USB progettata per iniziare le piccole dimensioni e per andare in grande! | Webex Blog\" \/>\n<meta property=\"og:description\" content=\"Siamo lieti di annunciare che il nuovo dispositivo USB Webex Room migliorer\u00e0 l&#039;esperienza di riunione tramite &quot;Bring Your Own Device&quot; (BYOD), in modo da poter concentrarsi sugli argomenti, facendo delle cose da fare.\u00a0\" \/>\n<meta property=\"og:url\" content=\"https:\/\/blog.webex.com\/it\/spazi-di-lavoro\/cisco-annuncia-la-nuova-webex-room-usb-progettata-per-iniziare-le-piccole-dimensioni-e-per-andare-in-grande\/\" \/>\n<meta property=\"og:site_name\" content=\"Webex Blog\" \/>\n<meta property=\"article:author\" content=\"https:\/\/www.linkedin.com\/in\/mehrasandeep\/\" \/>\n<meta property=\"article:published_time\" content=\"2020-01-29T19:45:44+00:00\" \/>\n<meta property=\"og:image\" content=\"https:\/\/blog.webex.com\/wp-content\/uploads\/2020\/01\/New-Cisco-Webex-Room-USB-1.png\" \/>\n\t<meta property=\"og:image:width\" content=\"943\" \/>\n\t<meta property=\"og:image:height\" content=\"629\" \/>\n\t<meta property=\"og:image:type\" content=\"image\/png\" \/>\n<meta name=\"author\" content=\"Sandeep Mehra\" \/>\n<meta name=\"twitter:label1\" content=\"Scritto da\" \/>\n\t<meta name=\"twitter:data1\" content=\"Sandeep Mehra\" \/>\n\t<meta name=\"twitter:label2\" content=\"Tempo di lettura stimato\" \/>\n\t<meta name=\"twitter:data2\" content=\"3 minuti\" \/>\n<script type=\"application\/ld+json\" class=\"yoast-schema-graph\">{\"@context\":\"https:\/\/schema.org\",\"@graph\":[{\"@type\":\"Article\",\"@id\":\"https:\/\/blog.webex.com\/it\/spazi-di-lavoro\/cisco-annuncia-la-nuova-webex-room-usb-progettata-per-iniziare-le-piccole-dimensioni-e-per-andare-in-grande\/#article\",\"isPartOf\":{\"@id\":\"https:\/\/blog.webex.com\/it\/spazi-di-lavoro\/cisco-annuncia-la-nuova-webex-room-usb-progettata-per-iniziare-le-piccole-dimensioni-e-per-andare-in-grande\/\"},\"author\":{\"name\":\"Sandeep Mehra\",\"@id\":\"https:\/\/blog.webex.com\/es\/#\/schema\/person\/32de49f252739fcadde957a6bef21771\"},\"headline\":\"Cisco annuncia la nuova Webex Room USB progettata per iniziare le ...\",\"datePublished\":\"2020-01-29T19:45:44+00:00\",\"mainEntityOfPage\":{\"@id\":\"https:\/\/blog.webex.com\/it\/spazi-di-lavoro\/cisco-annuncia-la-nuova-webex-room-usb-progettata-per-iniziare-le-piccole-dimensioni-e-per-andare-in-grande\/\"},\"wordCount\":589,\"commentCount\":0,\"image\":{\"@id\":\"https:\/\/blog.webex.com\/it\/spazi-di-lavoro\/cisco-annuncia-la-nuova-webex-room-usb-progettata-per-iniziare-le-piccole-dimensioni-e-per-andare-in-grande\/#primaryimage\"},\"thumbnailUrl\":\"https:\/\/blog.webex.com\/wp-content\/uploads\/2020\/01\/New-Cisco-Webex-Room-USB-1.png\",\"keywords\":[\"Webex RoomOS\"],\"articleSection\":[\"Collaborazione\",\"Spazi di lavoro\"],\"inLanguage\":\"it-IT\",\"potentialAction\":[{\"@type\":\"CommentAction\",\"name\":\"Comment\",\"target\":[\"https:\/\/blog.webex.com\/it\/spazi-di-lavoro\/cisco-annuncia-la-nuova-webex-room-usb-progettata-per-iniziare-le-piccole-dimensioni-e-per-andare-in-grande\/#respond\"]}]},{\"@type\":\"WebPage\",\"@id\":\"https:\/\/blog.webex.com\/it\/spazi-di-lavoro\/cisco-annuncia-la-nuova-webex-room-usb-progettata-per-iniziare-le-piccole-dimensioni-e-per-andare-in-grande\/\",\"url\":\"https:\/\/blog.webex.com\/it\/spazi-di-lavoro\/cisco-annuncia-la-nuova-webex-room-usb-progettata-per-iniziare-le-piccole-dimensioni-e-per-andare-in-grande\/\",\"name\":\"Cisco annuncia la nuova Webex Room USB progettata per iniziare le piccole dimensioni e per andare in grande! | Webex Blog\",\"isPartOf\":{\"@id\":\"https:\/\/blog.webex.com\/es\/#website\"},\"primaryImageOfPage\":{\"@id\":\"https:\/\/blog.webex.com\/it\/spazi-di-lavoro\/cisco-annuncia-la-nuova-webex-room-usb-progettata-per-iniziare-le-piccole-dimensioni-e-per-andare-in-grande\/#primaryimage\"},\"image\":{\"@id\":\"https:\/\/blog.webex.com\/it\/spazi-di-lavoro\/cisco-annuncia-la-nuova-webex-room-usb-progettata-per-iniziare-le-piccole-dimensioni-e-per-andare-in-grande\/#primaryimage\"},\"thumbnailUrl\":\"https:\/\/blog.webex.com\/wp-content\/uploads\/2020\/01\/New-Cisco-Webex-Room-USB-1.png\",\"datePublished\":\"2020-01-29T19:45:44+00:00\",\"author\":{\"@id\":\"https:\/\/blog.webex.com\/es\/#\/schema\/person\/32de49f252739fcadde957a6bef21771\"},\"breadcrumb\":{\"@id\":\"https:\/\/blog.webex.com\/it\/spazi-di-lavoro\/cisco-annuncia-la-nuova-webex-room-usb-progettata-per-iniziare-le-piccole-dimensioni-e-per-andare-in-grande\/#breadcrumb\"},\"inLanguage\":\"it-IT\",\"potentialAction\":[{\"@type\":\"ReadAction\",\"target\":[\"https:\/\/blog.webex.com\/it\/spazi-di-lavoro\/cisco-annuncia-la-nuova-webex-room-usb-progettata-per-iniziare-le-piccole-dimensioni-e-per-andare-in-grande\/\"]}]},{\"@type\":\"ImageObject\",\"inLanguage\":\"it-IT\",\"@id\":\"https:\/\/blog.webex.com\/it\/spazi-di-lavoro\/cisco-annuncia-la-nuova-webex-room-usb-progettata-per-iniziare-le-piccole-dimensioni-e-per-andare-in-grande\/#primaryimage\",\"url\":\"https:\/\/blog.webex.com\/wp-content\/uploads\/2020\/01\/New-Cisco-Webex-Room-USB-1.png\",\"contentUrl\":\"https:\/\/blog.webex.com\/wp-content\/uploads\/2020\/01\/New-Cisco-Webex-Room-USB-1.png\",\"width\":943,\"height\":629},{\"@type\":\"BreadcrumbList\",\"@id\":\"https:\/\/blog.webex.com\/it\/spazi-di-lavoro\/cisco-annuncia-la-nuova-webex-room-usb-progettata-per-iniziare-le-piccole-dimensioni-e-per-andare-in-grande\/#breadcrumb\",\"itemListElement\":[{\"@type\":\"ListItem\",\"position\":1,\"name\":\"Home\",\"item\":\"https:\/\/blog.webex.com\/it\/\"},{\"@type\":\"ListItem\",\"position\":2,\"name\":\"Cisco annuncia la nuova Webex Room USB progettata per iniziare le ...\"}]},{\"@type\":\"WebSite\",\"@id\":\"https:\/\/blog.webex.com\/es\/#website\",\"url\":\"https:\/\/blog.webex.com\/es\/\",\"name\":\"Webex Blog\",\"description\":\"Webex by Cisco powers collaboration through industry-leading video conferencing, cloud calling and contact center solutions\",\"potentialAction\":[{\"@type\":\"SearchAction\",\"target\":{\"@type\":\"EntryPoint\",\"urlTemplate\":\"https:\/\/blog.webex.com\/es\/?s={search_term_string}\"},\"query-input\":{\"@type\":\"PropertyValueSpecification\",\"valueRequired\":true,\"valueName\":\"search_term_string\"}}],\"inLanguage\":\"it-IT\"},{\"@type\":\"Person\",\"@id\":\"https:\/\/blog.webex.com\/es\/#\/schema\/person\/32de49f252739fcadde957a6bef21771\",\"name\":\"Sandeep Mehra\",\"image\":{\"@type\":\"ImageObject\",\"inLanguage\":\"it-IT\",\"@id\":\"https:\/\/blog.webex.com\/es\/#\/schema\/person\/image\/\",\"url\":\"https:\/\/secure.gravatar.com\/avatar\/55ff9c7f1b7423792d46fed5689064eacf100061dd07be4d7559ed75267d755c?s=96&d=wp_user_avatar&r=g\",\"contentUrl\":\"https:\/\/secure.gravatar.com\/avatar\/55ff9c7f1b7423792d46fed5689064eacf100061dd07be4d7559ed75267d755c?s=96&d=wp_user_avatar&r=g\",\"caption\":\"Sandeep Mehra\"},\"description\":\"Sandeep Mehra is Vice President &amp; General Manager of Webex Rooms and Telepresence at Cisco. Continuing the deep tradition of Scandinavian design, Sandeep is responsible for the global strategy and growth of Cisco\u2019s video and collaboration devices developed from the business unit located in Oslo, Norway. With over 20 years of technology experience, Sandeep knows what drives effective collaboration and engagement within organizations.Prior to VP &amp; GM of Webex Rooms, Sandeep was the Managing Director of APJC for Collaboration Sales. In addition to leading both sales and business units within a Fortune 100 company, Sandeep has also been successful within startups, such as co-founding India\u2019s first conferencing service provider \u2013 CyberBaar \u2013 leading to its eventual acquisition by WebEx Inc.Sandeep holds a BS in industrial engineering and operations research from the University of Massachusetts. When not working, he is passionate about cricket, jazz, and taking in local culture as a world traveler.\",\"sameAs\":[\"https:\/\/www.linkedin.com\/in\/mehrasandeep\/\"],\"url\":\"https:\/\/blog.webex.com\/it\/contributors\/sandeepmehra\/\"}]}<\/script>\n<!-- \/ Yoast SEO plugin. -->","yoast_head_json":{"title":"Cisco annuncia la nuova Webex Room USB progettata per iniziare le piccole dimensioni e per andare in grande! | Webex Blog","robots":{"index":"index","follow":"follow","max-snippet":"max-snippet:-1","max-image-preview":"max-image-preview:large","max-video-preview":"max-video-preview:-1"},"canonical":"https:\/\/blog.webex.com\/it\/spazi-di-lavoro\/cisco-annuncia-la-nuova-webex-room-usb-progettata-per-iniziare-le-piccole-dimensioni-e-per-andare-in-grande\/","og_locale":"it_IT","og_type":"article","og_title":"Cisco annuncia la nuova Webex Room USB progettata per iniziare le piccole dimensioni e per andare in grande! | Webex Blog","og_description":"Siamo lieti di annunciare che il nuovo dispositivo USB Webex Room migliorer\u00e0 l'esperienza di riunione tramite \"Bring Your Own Device\" (BYOD), in modo da poter concentrarsi sugli argomenti, facendo delle cose da fare.\u00a0","og_url":"https:\/\/blog.webex.com\/it\/spazi-di-lavoro\/cisco-annuncia-la-nuova-webex-room-usb-progettata-per-iniziare-le-piccole-dimensioni-e-per-andare-in-grande\/","og_site_name":"Webex Blog","article_author":"https:\/\/www.linkedin.com\/in\/mehrasandeep\/","article_published_time":"2020-01-29T19:45:44+00:00","og_image":[{"width":943,"height":629,"url":"https:\/\/blog.webex.com\/wp-content\/uploads\/2020\/01\/New-Cisco-Webex-Room-USB-1.png","type":"image\/png"}],"author":"Sandeep Mehra","twitter_misc":{"Scritto da":"Sandeep Mehra","Tempo di lettura stimato":"3 minuti"},"schema":{"@context":"https:\/\/schema.org","@graph":[{"@type":"Article","@id":"https:\/\/blog.webex.com\/it\/spazi-di-lavoro\/cisco-annuncia-la-nuova-webex-room-usb-progettata-per-iniziare-le-piccole-dimensioni-e-per-andare-in-grande\/#article","isPartOf":{"@id":"https:\/\/blog.webex.com\/it\/spazi-di-lavoro\/cisco-annuncia-la-nuova-webex-room-usb-progettata-per-iniziare-le-piccole-dimensioni-e-per-andare-in-grande\/"},"author":{"name":"Sandeep Mehra","@id":"https:\/\/blog.webex.com\/es\/#\/schema\/person\/32de49f252739fcadde957a6bef21771"},"headline":"Cisco annuncia la nuova Webex Room USB progettata per iniziare le ...","datePublished":"2020-01-29T19:45:44+00:00","mainEntityOfPage":{"@id":"https:\/\/blog.webex.com\/it\/spazi-di-lavoro\/cisco-annuncia-la-nuova-webex-room-usb-progettata-per-iniziare-le-piccole-dimensioni-e-per-andare-in-grande\/"},"wordCount":589,"commentCount":0,"image":{"@id":"https:\/\/blog.webex.com\/it\/spazi-di-lavoro\/cisco-annuncia-la-nuova-webex-room-usb-progettata-per-iniziare-le-piccole-dimensioni-e-per-andare-in-grande\/#primaryimage"},"thumbnailUrl":"https:\/\/blog.webex.com\/wp-content\/uploads\/2020\/01\/New-Cisco-Webex-Room-USB-1.png","keywords":["Webex RoomOS"],"articleSection":["Collaborazione","Spazi di lavoro"],"inLanguage":"it-IT","potentialAction":[{"@type":"CommentAction","name":"Comment","target":["https:\/\/blog.webex.com\/it\/spazi-di-lavoro\/cisco-annuncia-la-nuova-webex-room-usb-progettata-per-iniziare-le-piccole-dimensioni-e-per-andare-in-grande\/#respond"]}]},{"@type":"WebPage","@id":"https:\/\/blog.webex.com\/it\/spazi-di-lavoro\/cisco-annuncia-la-nuova-webex-room-usb-progettata-per-iniziare-le-piccole-dimensioni-e-per-andare-in-grande\/","url":"https:\/\/blog.webex.com\/it\/spazi-di-lavoro\/cisco-annuncia-la-nuova-webex-room-usb-progettata-per-iniziare-le-piccole-dimensioni-e-per-andare-in-grande\/","name":"Cisco annuncia la nuova Webex Room USB progettata per iniziare le piccole dimensioni e per andare in grande! | Webex Blog","isPartOf":{"@id":"https:\/\/blog.webex.com\/es\/#website"},"primaryImageOfPage":{"@id":"https:\/\/blog.webex.com\/it\/spazi-di-lavoro\/cisco-annuncia-la-nuova-webex-room-usb-progettata-per-iniziare-le-piccole-dimensioni-e-per-andare-in-grande\/#primaryimage"},"image":{"@id":"https:\/\/blog.webex.com\/it\/spazi-di-lavoro\/cisco-annuncia-la-nuova-webex-room-usb-progettata-per-iniziare-le-piccole-dimensioni-e-per-andare-in-grande\/#primaryimage"},"thumbnailUrl":"https:\/\/blog.webex.com\/wp-content\/uploads\/2020\/01\/New-Cisco-Webex-Room-USB-1.png","datePublished":"2020-01-29T19:45:44+00:00","author":{"@id":"https:\/\/blog.webex.com\/es\/#\/schema\/person\/32de49f252739fcadde957a6bef21771"},"breadcrumb":{"@id":"https:\/\/blog.webex.com\/it\/spazi-di-lavoro\/cisco-annuncia-la-nuova-webex-room-usb-progettata-per-iniziare-le-piccole-dimensioni-e-per-andare-in-grande\/#breadcrumb"},"inLanguage":"it-IT","potentialAction":[{"@type":"ReadAction","target":["https:\/\/blog.webex.com\/it\/spazi-di-lavoro\/cisco-annuncia-la-nuova-webex-room-usb-progettata-per-iniziare-le-piccole-dimensioni-e-per-andare-in-grande\/"]}]},{"@type":"ImageObject","inLanguage":"it-IT","@id":"https:\/\/blog.webex.com\/it\/spazi-di-lavoro\/cisco-annuncia-la-nuova-webex-room-usb-progettata-per-iniziare-le-piccole-dimensioni-e-per-andare-in-grande\/#primaryimage","url":"https:\/\/blog.webex.com\/wp-content\/uploads\/2020\/01\/New-Cisco-Webex-Room-USB-1.png","contentUrl":"https:\/\/blog.webex.com\/wp-content\/uploads\/2020\/01\/New-Cisco-Webex-Room-USB-1.png","width":943,"height":629},{"@type":"BreadcrumbList","@id":"https:\/\/blog.webex.com\/it\/spazi-di-lavoro\/cisco-annuncia-la-nuova-webex-room-usb-progettata-per-iniziare-le-piccole-dimensioni-e-per-andare-in-grande\/#breadcrumb","itemListElement":[{"@type":"ListItem","position":1,"name":"Home","item":"https:\/\/blog.webex.com\/it\/"},{"@type":"ListItem","position":2,"name":"Cisco annuncia la nuova Webex Room USB progettata per iniziare le ..."}]},{"@type":"WebSite","@id":"https:\/\/blog.webex.com\/es\/#website","url":"https:\/\/blog.webex.com\/es\/","name":"Webex Blog","description":"Webex by Cisco powers collaboration through industry-leading video conferencing, cloud calling and contact center solutions","potentialAction":[{"@type":"SearchAction","target":{"@type":"EntryPoint","urlTemplate":"https:\/\/blog.webex.com\/es\/?s={search_term_string}"},"query-input":{"@type":"PropertyValueSpecification","valueRequired":true,"valueName":"search_term_string"}}],"inLanguage":"it-IT"},{"@type":"Person","@id":"https:\/\/blog.webex.com\/es\/#\/schema\/person\/32de49f252739fcadde957a6bef21771","name":"Sandeep Mehra","image":{"@type":"ImageObject","inLanguage":"it-IT","@id":"https:\/\/blog.webex.com\/es\/#\/schema\/person\/image\/","url":"https:\/\/secure.gravatar.com\/avatar\/55ff9c7f1b7423792d46fed5689064eacf100061dd07be4d7559ed75267d755c?s=96&d=wp_user_avatar&r=g","contentUrl":"https:\/\/secure.gravatar.com\/avatar\/55ff9c7f1b7423792d46fed5689064eacf100061dd07be4d7559ed75267d755c?s=96&d=wp_user_avatar&r=g","caption":"Sandeep Mehra"},"description":"Sandeep Mehra is Vice President &amp; General Manager of Webex Rooms and Telepresence at Cisco. Continuing the deep tradition of Scandinavian design, Sandeep is responsible for the global strategy and growth of Cisco\u2019s video and collaboration devices developed from the business unit located in Oslo, Norway. With over 20 years of technology experience, Sandeep knows what drives effective collaboration and engagement within organizations.Prior to VP &amp; GM of Webex Rooms, Sandeep was the Managing Director of APJC for Collaboration Sales. In addition to leading both sales and business units within a Fortune 100 company, Sandeep has also been successful within startups, such as co-founding India\u2019s first conferencing service provider \u2013 CyberBaar \u2013 leading to its eventual acquisition by WebEx Inc.Sandeep holds a BS in industrial engineering and operations research from the University of Massachusetts. When not working, he is passionate about cricket, jazz, and taking in local culture as a world traveler.","sameAs":["https:\/\/www.linkedin.com\/in\/mehrasandeep\/"],"url":"https:\/\/blog.webex.com\/it\/contributors\/sandeepmehra\/"}]}},"_links":{"self":[{"href":"https:\/\/blog.webex.com\/it\/wp-json\/wp\/v2\/posts\/391333","targetHints":{"allow":["GET"]}}],"collection":[{"href":"https:\/\/blog.webex.com\/it\/wp-json\/wp\/v2\/posts"}],"about":[{"href":"https:\/\/blog.webex.com\/it\/wp-json\/wp\/v2\/types\/post"}],"author":[{"embeddable":true,"href":"https:\/\/blog.webex.com\/it\/wp-json\/wp\/v2\/users\/5450"}],"replies":[{"embeddable":true,"href":"https:\/\/blog.webex.com\/it\/wp-json\/wp\/v2\/comments?post=391333"}],"version-history":[{"count":0,"href":"https:\/\/blog.webex.com\/it\/wp-json\/wp\/v2\/posts\/391333\/revisions"}],"wp:featuredmedia":[{"embeddable":true,"href":"https:\/\/blog.webex.com\/it\/wp-json\/wp\/v2\/media\/391334"}],"wp:attachment":[{"href":"https:\/\/blog.webex.com\/it\/wp-json\/wp\/v2\/media?parent=391333"}],"wp:term":[{"taxonomy":"category","embeddable":true,"href":"https:\/\/blog.webex.com\/it\/wp-json\/wp\/v2\/categories?post=391333"},{"taxonomy":"post_tag","embeddable":true,"href":"https:\/\/blog.webex.com\/it\/wp-json\/wp\/v2\/tags?post=391333"}],"curies":[{"name":"wp","href":"https:\/\/api.w.org\/{rel}","templated":true}]}}