{"id":16927,"date":"2021-07-09T08:10:03","date_gmt":"2021-07-09T15:10:03","guid":{"rendered":"https:\/\/cisco2393.wpengine.com\/uncategorized\/blackboard-learn-e-webex-unem-forca-para-expandir-o-alcance-da-educacao\/"},"modified":"2021-07-09T08:10:03","modified_gmt":"2021-07-09T15:10:03","slug":"blackboard-learn-e-webex-unem-forca-para-expandir-o-alcance-da-educacao","status":"publish","type":"post","link":"https:\/\/blog.webex.com\/pt-br\/espacos-de-trabalho\/blackboard-learn-e-webex-unem-forca-para-expandir-o-alcance-da-educacao\/","title":{"rendered":"Blackboard Learn e Webex unem for\u00e7a para expandir o alcance da ..."},"content":{"rendered":"<h2>O Webex Education Connector amplia o alcance da sala de aula<\/h2>\n<p><span data-contrast=\"auto\">A colabora\u00e7\u00e3o nas escolas<\/span><span data-contrast=\"auto\"> ficou mais f\u00e1cil com<\/span><span data-contrast=\"auto\"> <\/span><span data-contrast=\"auto\">Blackboard Learn + <\/span><span data-contrast=\"auto\">Webex<\/span><span data-contrast=\"auto\"> Education Connector! <\/span><span data-contrast=\"auto\">Institui\u00e7\u00f5es de educa\u00e7\u00e3o que t\u00eam o Blackboard Learn como sistema de gerenciamento de aprendizagem (LMS) agora podem integrar o <\/span><span data-contrast=\"auto\">Webex<\/span><span data-contrast=\"auto\"> ao Blackboard Learn por meio do <\/span><a href=\"https:\/\/www.cisco.com\/c\/en\/us\/solutions\/collaboration\/education-connector.html\"><br \/>\n  <span data-contrast=\"auto\">Webex<\/span><br \/>\n  <span data-contrast=\"auto\"> Education Connector<\/span><br \/>\n<\/a><span data-contrast=\"auto\">. Isso permite<\/span><span data-contrast=\"auto\"> <\/span><span data-contrast=\"auto\">que instrutores e alunos aproveitem os recursos e as capacidades do <\/span><span data-contrast=\"auto\">Webex<\/span><span data-contrast=\"auto\"> sem baixar o <\/span><span data-contrast=\"auto\">aplicativo <\/span><span data-contrast=\"auto\">Webex.<\/span><span data-contrast=\"auto\"> Os <\/span><span data-contrast=\"auto\">instrutores podem <\/span><span data-contrast=\"auto\">agendar<\/span><span data-contrast=\"auto\"> e iniciar reuni\u00f5es<\/span><span data-contrast=\"auto\"> <\/span><span data-contrast=\"auto\">na interface do Blackboard Learn, enquanto os alunos podem entrar em reuni\u00f5es<\/span><span data-contrast=\"auto\"> <\/span><span data-contrast=\"auto\">e visualizar sess\u00f5es gravadas anteriormente.\u00a0<\/span><span data-ccp-props=\"{&quot;134233117&quot;:true,&quot;134233118&quot;:true}\">\u00a0<\/span><\/p>\n<p><span data-contrast=\"auto\">O pacote completo de recursos inclui:\u00a0<\/span><span data-ccp-props=\"{&quot;134233117&quot;:true,&quot;134233118&quot;:true}\">\u00a0<\/span><\/p>\n<ul>\n<li data-leveltext=\"\uf0b7\" data-font=\"Symbol\" data-listid=\"3\" aria-setsize=\"-1\" data-aria-posinset=\"1\" data-aria-level=\"1\"><span data-contrast=\"auto\">Agendar reuni\u00f5es\u00a0<\/span><span data-ccp-props=\"{&quot;134233117&quot;:true,&quot;134233118&quot;:true}\">\u00a0<\/span><\/li>\n<li data-leveltext=\"\uf0b7\" data-font=\"Symbol\" data-listid=\"3\" aria-setsize=\"-1\" data-aria-posinset=\"2\" data-aria-level=\"1\"><span data-contrast=\"auto\">Iniciar e entrar em reuni\u00f5es<\/span><span data-ccp-props=\"{&quot;134233117&quot;:true,&quot;134233118&quot;:true}\">\u00a0<\/span><\/li>\n<li data-leveltext=\"\uf0b7\" data-font=\"Symbol\" data-listid=\"3\" aria-setsize=\"-1\" data-aria-posinset=\"3\" data-aria-level=\"1\"><span data-contrast=\"auto\">Visualizar grava\u00e7\u00f5es de reuni\u00f5es anteriores<\/span><span data-ccp-props=\"{&quot;134233117&quot;:true,&quot;134233118&quot;:true}\">\u00a0<\/span><\/li>\n<li data-leveltext=\"\uf0b7\" data-font=\"Symbol\" data-listid=\"3\" aria-setsize=\"-1\" data-aria-posinset=\"4\" data-aria-level=\"1\"><span data-contrast=\"auto\">Agendar horas do escrit\u00f3rio\u00a0<\/span><span data-ccp-props=\"{&quot;134233117&quot;:true,&quot;134233118&quot;:true}\">\u00a0<\/span><\/li>\n<li data-leveltext=\"\uf0b7\" data-font=\"Symbol\" data-listid=\"3\" aria-setsize=\"-1\" data-aria-posinset=\"5\" data-aria-level=\"1\"><span data-contrast=\"auto\">Criar equipes e espa\u00e7os<\/span><span data-ccp-props=\"{&quot;134233117&quot;:true,&quot;134233118&quot;:true}\">\u00a0<\/span><\/li>\n<li data-leveltext=\"\uf0b7\" data-font=\"Symbol\" data-listid=\"3\" aria-setsize=\"-1\" data-aria-posinset=\"5\" data-aria-level=\"1\"><span data-contrast=\"auto\">Colaborar (mensagens, chamada e compartilhamento de arquivos) com os alunos\u00a0<\/span><span data-ccp-props=\"{&quot;134233117&quot;:true,&quot;134233118&quot;:true}\">\u00a0<\/span><\/li>\n<\/ul>\n<p><a href=\"https:\/\/blog.webex.com\/wp-content\/uploads\/2020\/02\/BlackBoardEducation-e1582851794102.png\"><br \/>\n  <img loading=\"lazy\" decoding=\"async\" class=\"aligncenter size-large wp-image-5745\" src=\"https:\/\/blog.webex.com\/wp-content\/uploads\/2020\/02\/BlackBoardEducation-e1582851794102-1024x621.png\" alt=\"Blackboard Learn e Webex unem for\u00e7a para expandir o alcance da educa\u00e7\u00e3o \" width=\"1024\" height=\"621\" \/><br \/>\n<\/a><\/p>\n<h2><b><br \/>\n  <span data-contrast=\"none\">Mas aguarde&#8230; tem mais! <\/span><br \/>\n<\/b><span data-ccp-props=\"{&quot;134233117&quot;:true,&quot;134233118&quot;:true}\">\u00a0<\/span><\/h2>\n<p><span data-contrast=\"auto\">Al\u00e9m do Blackboard Learn, agora tamb\u00e9m temos uma <\/span><span data-contrast=\"auto\">biblioteca<\/span> <span data-contrast=\"auto\">de grava\u00e7\u00e3o<\/span> <span data-contrast=\"auto\">detalhada. <\/span><span data-contrast=\"auto\"><\/span><span data-contrast=\"auto\">Na <\/span><span data-contrast=\"auto\">educa\u00e7\u00e3o,<\/span><span data-contrast=\"auto\"> as grava\u00e7\u00f5es t\u00eam muitos <\/span><span data-contrast=\"auto\">usos <\/span><span data-contrast=\"auto\">valiosos<\/span><span data-contrast=\"auto\">.<\/span> <span data-contrast=\"auto\">As grava\u00e7\u00f5es de sess\u00f5es existentes podem ser <\/span><span data-contrast=\"auto\">reutilizadas<\/span><span data-contrast=\"auto\"> em<\/span><span data-contrast=\"auto\"> semestres futuros<\/span><span data-contrast=\"auto\">, <\/span><span data-contrast=\"auto\">podem ser usadas como material complementar<\/span><span data-contrast=\"auto\"> <\/span><span data-contrast=\"auto\">em <\/span><span data-contrast=\"auto\">outras ofertas de aulas<\/span><span data-contrast=\"auto\"> <\/span><span data-contrast=\"auto\">ou como conte\u00fado de palestrante convidado no mundo todo<\/span><span data-contrast=\"auto\">.\u00a0<\/span> <span data-contrast=\"auto\">Al\u00e9m disso, com o avan\u00e7o da<\/span><span data-contrast=\"auto\"> aprendizagem invertida<\/span><span data-contrast=\"auto\"> (abordagem pedag\u00f3gica da aprendizagem em que os alunos aprendem os materiais antes da aula)<\/span><span data-contrast=\"auto\">, as grava\u00e7\u00f5es<\/span><span data-contrast=\"auto\"> permitem que o tempo da aula seja usado de uma maneira diferente, com foco na compreens\u00e3o mais profunda dos materiais e nas atividades de <\/span><span data-contrast=\"auto\">resolu\u00e7\u00e3o de problemas<\/span><span data-contrast=\"auto\">.\u00a0<\/span><span data-ccp-props=\"{&quot;134233117&quot;:true,&quot;134233118&quot;:true}\">\u00a0<\/span><\/p>\n<p><span data-contrast=\"auto\">A <\/span><span data-contrast=\"auto\">biblioteca de grava\u00e7\u00f5es permite que um instrutor crie uma <\/span><span data-contrast=\"auto\">grava\u00e7\u00e3o<\/span> <span data-contrast=\"auto\">e<\/span><span data-contrast=\"auto\"> publique-a para seus alunos em outras aulas<\/span><span data-contrast=\"auto\"> com os seguintes <\/span><span data-contrast=\"auto\">recursos<\/span><span data-contrast=\"auto\">:\u00a0<\/span><span data-ccp-props=\"{&quot;134233117&quot;:true,&quot;134233118&quot;:true}\">\u00a0<\/span><\/p>\n<ul>\n<li data-leveltext=\"\uf0b7\" data-font=\"Symbol\" data-listid=\"3\" aria-setsize=\"-1\" data-aria-posinset=\"1\" data-aria-level=\"1\"><span data-contrast=\"auto\">Permite que um instrutor renomeie, visualize e exclua suas pr\u00f3prias grava\u00e7\u00f5es\u00a0<\/span><span data-ccp-props=\"{&quot;134233117&quot;:true,&quot;134233118&quot;:true}\">\u00a0<\/span><\/li>\n<li data-leveltext=\"\uf0b7\" data-font=\"Symbol\" data-listid=\"3\" aria-setsize=\"-1\" data-aria-posinset=\"2\" data-aria-level=\"1\"><span data-contrast=\"auto\">Recurso de organizar uma reuni\u00e3o <\/span><span data-contrast=\"auto\">Webex<\/span><span data-contrast=\"auto\"> dentro de um curso com a finalidade de capturar uma grava\u00e7\u00e3o <\/span><span data-contrast=\"auto\">Webex<\/span><span data-contrast=\"auto\"> sem tornar a reuni\u00e3o imediatamente vis\u00edvel para os <\/span><span data-contrast=\"auto\">alunos\u00a0<\/span><span data-ccp-props=\"{&quot;134233117&quot;:true,&quot;134233118&quot;:true}\">\u00a0<\/span><\/li>\n<li data-leveltext=\"\uf0b7\" data-font=\"Symbol\" data-listid=\"3\" aria-setsize=\"-1\" data-aria-posinset=\"3\" data-aria-level=\"1\"><span data-contrast=\"auto\">Recurso de gravar uma reuni\u00e3o <\/span><span data-contrast=\"auto\">Webex<\/span><span data-contrast=\"auto\"> privada e compartilhar com os alunos em <\/span><span data-contrast=\"auto\">uma ou v\u00e1rias aulas<\/span><span data-contrast=\"auto\">\u00a0<\/span><span data-ccp-props=\"{&quot;134233117&quot;:true,&quot;134233118&quot;:true}\">\u00a0<\/span><\/li>\n<li data-leveltext=\"\uf0b7\" data-font=\"Symbol\" data-listid=\"3\" aria-setsize=\"-1\" data-aria-posinset=\"3\" data-aria-level=\"1\"><span data-contrast=\"auto\">Recurso de um aluno visualizar reuni\u00f5es <\/span><span data-contrast=\"auto\">Webex<\/span><span data-contrast=\"auto\"> gravadas que o instrutor compartilhou\u00a0<\/span><span data-ccp-props=\"{&quot;134233117&quot;:true,&quot;134233118&quot;:true}\">\u00a0<\/span><\/li>\n<\/ul>\n<p><a href=\"https:\/\/blog.webex.com\/wp-content\/uploads\/2020\/02\/Ability-for-a-student-to-view-recorded-Webex-Meetings-e1582851915914.png\"><br \/>\n  <img loading=\"lazy\" decoding=\"async\" class=\"aligncenter size-large wp-image-5746\" src=\"https:\/\/blog.webex.com\/wp-content\/uploads\/2020\/02\/Ability-for-a-student-to-view-recorded-Webex-Meetings-e1582851915914-1024x588.png\" alt=\"Recurso de um aluno visualizar as reuni\u00f5es Webex gravadas.\" width=\"1024\" height=\"588\" \/><br \/>\n<\/a><\/p>\n<h2><b><br \/>\n  <span data-contrast=\"auto\">O que<\/span><br \/>\n<\/b><b><br \/>\n  <span data-contrast=\"auto\"> vem a seguir<\/span><br \/>\n<\/b><span data-ccp-props=\"{&quot;134233117&quot;:true,&quot;134233118&quot;:true}\">\u00a0<\/span><\/h2>\n<p><span data-contrast=\"auto\">Como nem toda institui\u00e7\u00e3o de educa\u00e7\u00e3o <\/span><span data-contrast=\"auto\">usa<\/span><span data-contrast=\"auto\"> os mesmos m\u00e9todos, as <\/span><span data-contrast=\"auto\">pr\u00f3ximas<\/span><span data-contrast=\"auto\"> funcionalidades <\/span><span data-contrast=\"auto\">incluir\u00e3o <\/span><span data-contrast=\"auto\">mais administra\u00e7\u00e3o<\/span><span data-contrast=\"auto\"> para o LMS<\/span> <span data-contrast=\"auto\">e controle granular <\/span><span data-contrast=\"auto\">sobre os <\/span><span data-contrast=\"auto\">agrupamentos de sala de aula<\/span><span data-contrast=\"auto\">. <\/span><span data-contrast=\"auto\">Os administradores <\/span><span data-contrast=\"auto\">que usam o painel de administra\u00e7\u00e3o <\/span><span data-contrast=\"auto\">ser\u00e3o capazes de controlar<\/span> <span data-contrast=\"auto\">ao que os usu\u00e1rios<\/span><span data-contrast=\"auto\"> t\u00eam visibilidade<\/span><span data-contrast=\"auto\">; <\/span><span data-contrast=\"auto\">isso<\/span> <span data-contrast=\"auto\">inclui<\/span> <span data-contrast=\"auto\">todas<\/span> <span data-contrast=\"auto\">as<\/span><span data-contrast=\"auto\"> <\/span><span data-contrast=\"auto\">funcionalidades do <\/span><span data-contrast=\"auto\">Webex<\/span><span data-contrast=\"auto\"> Education Connector<\/span><span data-contrast=\"auto\"> ou apenas um subconjunto<\/span><span data-contrast=\"auto\">. Isso ajuda<\/span><span data-contrast=\"auto\"> a garantir o cumprimento<\/span><span data-contrast=\"auto\"> das leis<\/span><span data-contrast=\"auto\"> <\/span><span data-contrast=\"auto\">educacionais, bem<\/span><span data-contrast=\"auto\"> como<\/span><span data-contrast=\"auto\"> simplifica <\/span><span data-contrast=\"auto\">a<\/span><span data-contrast=\"auto\"> <\/span><span data-contrast=\"auto\">experi\u00eancia, <\/span><span data-contrast=\"auto\">removendo funcionalidades<\/span><span data-contrast=\"auto\"> <\/span><span data-contrast=\"auto\">n\u00e3o utilizadas<\/span><span data-contrast=\"auto\">.\u00a0<\/span><span data-ccp-props=\"{}\">\u00a0<\/span><\/p>\n<p><a href=\"https:\/\/blog.webex.com\/wp-content\/uploads\/2020\/02\/Cisco-Webex-Education-Center-e1582854383950.png\"><br \/>\n  <img loading=\"lazy\" decoding=\"async\" class=\"aligncenter size-full wp-image-5756\" src=\"https:\/\/blog.webex.com\/wp-content\/uploads\/2020\/02\/Cisco-Webex-Education-Center-e1582854383950.png\" alt=\"Para escolas que usam o recurso de colabora\u00e7\u00e3o \u201cse\u00e7\u00f5es em sala de aula\u201d no Canvas (criando equipes virtuais), os administradores agora poder\u00e3o aplicar divis\u00f5es para que os alunos de uma se\u00e7\u00e3o n\u00e3o consigam ver os espa\u00e7os criados por outras se\u00e7\u00f5es. Isso ajuda a manter o trabalho dos alunos apenas no seu grupo, mantendo os grupos focados. \" width=\"902\" height=\"775\" \/><br \/>\n<\/a><\/p>\n<p><span data-contrast=\"auto\">Para escolas que usam o recurso de colabora\u00e7\u00e3o \u201cse\u00e7\u00f5es em sala de aula\u201d no Canvas (criando equipes virtuais), os administradores agora poder\u00e3o aplicar divis\u00f5es para que os alunos de uma se\u00e7\u00e3o n\u00e3o consigam ver os espa\u00e7os criados por outras se\u00e7\u00f5es. Isso ajuda a manter o trabalho dos alunos apenas no seu grupo, mantendo os grupos focados.<\/span><span data-ccp-props=\"{}\">\u00a0<\/span><\/p>\n<h2>Reunir a sala de aula com a colabora\u00e7\u00e3o<\/h2>\n<p><span data-contrast=\"auto\">Em parceria com plataformas educacionais como a Blackboard, estamos sempre procurando ver como podemos usar a colabora\u00e7\u00e3o para tornar a vida de alunos, professores e <\/span><span data-contrast=\"auto\">pais<\/span><span data-contrast=\"auto\"> mais simples, mais f\u00e1cil e <\/span><span data-contrast=\"auto\">mais <\/span><span data-contrast=\"auto\">acess\u00edvel globalmente.<\/span> <span data-contrast=\"auto\">Da<\/span> <span data-contrast=\"auto\">sala de aula<\/span> <span data-contrast=\"auto\">\u00e0 <\/span><span data-contrast=\"auto\">gradua\u00e7\u00e3o<\/span><span data-contrast=\"auto\">, a <\/span><span data-contrast=\"auto\">Webex<\/span><span data-contrast=\"auto\"> ajuda voc\u00ea.<\/span><\/p>\n<blockquote><p><span data-contrast=\"auto\">Para acompanhar os \u00faltimos avan\u00e7os na educa\u00e7\u00e3o em colabora\u00e7\u00e3o, <\/span><span data-contrast=\"auto\">confira o site <\/span><a href=\"https:\/\/help.webex.com\/en-us\/ngd7brv\/The-Cisco-Webex-Education-Connector-for-Teachers\"><br \/>\n  <span data-contrast=\"none\">Webex <\/span><br \/>\n  <span data-contrast=\"none\">Education Connector<\/span><br \/>\n<\/a><span data-contrast=\"auto\">.<\/span><\/p><\/blockquote>\n<p>Para obter mais informa\u00e7\u00f5es, no Webex Education Connector, consulte o seguinte:<\/p>\n<ul>\n<li><a href=\"https:\/\/help.webex.com\/article\/ngd7brv\">Cisco Webex Education Connector para professores<\/a><\/li>\n<li><a href=\"https:\/\/help.webex.com\/article\/n7evh4t\">Cisco Webex Education Connector para alunos<\/a><\/li>\n<li><a href=\"https:\/\/help.webex.com\/article\/n77zrcq\">Instale o Cisco Webex Education Connector no seu sistema de gerenciamento de aprendizagem<\/a><\/li>\n<\/ul>\n<p><strong>Saiba mais<\/strong><\/p>\n<p><a href=\"https:\/\/blog.webex.com\/video-conferencing\/building-the-foundation-for-the-future-of-education\/\">Criar a base para o futuro da educa\u00e7\u00e3o<\/a><\/p>\n<p><a href=\"https:\/\/blog.webex.com\/video-conferencing\/improving-patient-diagnoses-with-video-conferencing\/\">Melhorar os diagn\u00f3sticos de pacientes com videoconfer\u00eancia<\/a><\/p>\n<p><a href=\"https:\/\/blog.webex.com\/video-conferencing\/build-bridges-between-business-contacts-and-human-relationships-in-your-video-conference-meetings\/\">Criar pontes entre contatos profissionais e rela\u00e7\u00f5es humanas em suas reuni\u00f5es de videoconfer\u00eancia<\/a><\/p>\n","protected":false},"excerpt":{"rendered":"<p>A colabora\u00e7\u00e3o nas escolas ficou mais f\u00e1cil com Blackboard Learn + Webex Education Connector! <\/p>\n","protected":false},"author":1,"featured_media":16930,"comment_status":"open","ping_status":"open","sticky":false,"template":"","format":"standard","meta":{"inline_featured_image":false,"footnotes":""},"categories":[1524],"tags":[3521],"class_list":["post-16927","post","type-post","status-publish","format-standard","has-post-thumbnail","hentry","category-espacos-de-trabalho","tag-webexmeeting-pt-br"],"acf":[],"yoast_head":"<!-- This site is optimized with the Yoast SEO plugin v27.1.1 - https:\/\/yoast.com\/product\/yoast-seo-wordpress\/ -->\n<title>Blackboard Learn e Webex unem for\u00e7a para expandir o alcance da educa\u00e7\u00e3o | Webex Blog<\/title>\n<meta name=\"robots\" content=\"index, follow, max-snippet:-1, max-image-preview:large, max-video-preview:-1\" \/>\n<link rel=\"canonical\" href=\"https:\/\/blog.webex.com\/pt-br\/uncategorized-pt-br\/blackboard-learn-e-webex-unem-forca-para-expandir-o-alcance-da-educacao\/\" \/>\n<meta property=\"og:locale\" content=\"pt_BR\" \/>\n<meta property=\"og:type\" content=\"article\" \/>\n<meta property=\"og:title\" content=\"Blackboard Learn e Webex unem for\u00e7a para expandir o alcance da educa\u00e7\u00e3o | Webex Blog\" \/>\n<meta property=\"og:description\" content=\"A colabora\u00e7\u00e3o nas escolas ficou mais f\u00e1cil com Blackboard Learn + Webex Education Connector!\" \/>\n<meta property=\"og:url\" content=\"https:\/\/blog.webex.com\/pt-br\/uncategorized-pt-br\/blackboard-learn-e-webex-unem-forca-para-expandir-o-alcance-da-educacao\/\" \/>\n<meta property=\"og:site_name\" content=\"Webex Blog\" \/>\n<meta property=\"article:author\" content=\"https:\/\/www.facebook.com\/webex\" \/>\n<meta property=\"article:published_time\" content=\"2021-07-09T15:10:03+00:00\" \/>\n<meta property=\"og:image\" content=\"https:\/\/blog.webex.com\/wp-content\/uploads\/2020\/02\/Blackboard-Learn-and-Webex-join-forces-to-expand-the-reach-of-education-e1582852222684-scaled.jpg\" \/>\n\t<meta property=\"og:image:width\" content=\"2560\" \/>\n\t<meta property=\"og:image:height\" content=\"1707\" \/>\n\t<meta property=\"og:image:type\" content=\"image\/jpeg\" \/>\n<meta name=\"author\" content=\"Webex Team\" \/>\n<meta name=\"twitter:label1\" content=\"Escrito por\" \/>\n\t<meta name=\"twitter:data1\" content=\"Webex Team\" \/>\n\t<meta name=\"twitter:label2\" content=\"Est. tempo de leitura\" \/>\n\t<meta name=\"twitter:data2\" content=\"3 minutos\" \/>\n<script type=\"application\/ld+json\" class=\"yoast-schema-graph\">{\"@context\":\"https:\/\/schema.org\",\"@graph\":[{\"@type\":\"Article\",\"@id\":\"https:\/\/blog.webex.com\/pt-br\/uncategorized-pt-br\/blackboard-learn-e-webex-unem-forca-para-expandir-o-alcance-da-educacao\/#article\",\"isPartOf\":{\"@id\":\"https:\/\/blog.webex.com\/pt-br\/uncategorized-pt-br\/blackboard-learn-e-webex-unem-forca-para-expandir-o-alcance-da-educacao\/\"},\"author\":{\"name\":\"Webex Team\",\"@id\":\"https:\/\/blog.webex.com\/es\/#\/schema\/person\/e377ec8e77fab0d70a792b66ebf647c0\"},\"headline\":\"Blackboard Learn e Webex unem for\u00e7a para expandir o alcance da ...\",\"datePublished\":\"2021-07-09T15:10:03+00:00\",\"mainEntityOfPage\":{\"@id\":\"https:\/\/blog.webex.com\/pt-br\/uncategorized-pt-br\/blackboard-learn-e-webex-unem-forca-para-expandir-o-alcance-da-educacao\/\"},\"wordCount\":688,\"commentCount\":0,\"image\":{\"@id\":\"https:\/\/blog.webex.com\/pt-br\/uncategorized-pt-br\/blackboard-learn-e-webex-unem-forca-para-expandir-o-alcance-da-educacao\/#primaryimage\"},\"thumbnailUrl\":\"https:\/\/blog.webex.com\/wp-content\/uploads\/2020\/02\/Blackboard-Learn-and-Webex-join-forces-to-expand-the-reach-of-education-e1582852222684-scaled.jpg\",\"keywords\":[\"#WebexMeeting\"],\"articleSection\":[\"Espa\u00e7os de trabalho\"],\"inLanguage\":\"pt-BR\",\"potentialAction\":[{\"@type\":\"CommentAction\",\"name\":\"Comment\",\"target\":[\"https:\/\/blog.webex.com\/pt-br\/uncategorized-pt-br\/blackboard-learn-e-webex-unem-forca-para-expandir-o-alcance-da-educacao\/#respond\"]}]},{\"@type\":\"WebPage\",\"@id\":\"https:\/\/blog.webex.com\/pt-br\/uncategorized-pt-br\/blackboard-learn-e-webex-unem-forca-para-expandir-o-alcance-da-educacao\/\",\"url\":\"https:\/\/blog.webex.com\/pt-br\/uncategorized-pt-br\/blackboard-learn-e-webex-unem-forca-para-expandir-o-alcance-da-educacao\/\",\"name\":\"Blackboard Learn e Webex unem for\u00e7a para expandir o alcance da educa\u00e7\u00e3o | Webex Blog\",\"isPartOf\":{\"@id\":\"https:\/\/blog.webex.com\/es\/#website\"},\"primaryImageOfPage\":{\"@id\":\"https:\/\/blog.webex.com\/pt-br\/uncategorized-pt-br\/blackboard-learn-e-webex-unem-forca-para-expandir-o-alcance-da-educacao\/#primaryimage\"},\"image\":{\"@id\":\"https:\/\/blog.webex.com\/pt-br\/uncategorized-pt-br\/blackboard-learn-e-webex-unem-forca-para-expandir-o-alcance-da-educacao\/#primaryimage\"},\"thumbnailUrl\":\"https:\/\/blog.webex.com\/wp-content\/uploads\/2020\/02\/Blackboard-Learn-and-Webex-join-forces-to-expand-the-reach-of-education-e1582852222684-scaled.jpg\",\"datePublished\":\"2021-07-09T15:10:03+00:00\",\"author\":{\"@id\":\"https:\/\/blog.webex.com\/es\/#\/schema\/person\/e377ec8e77fab0d70a792b66ebf647c0\"},\"breadcrumb\":{\"@id\":\"https:\/\/blog.webex.com\/pt-br\/uncategorized-pt-br\/blackboard-learn-e-webex-unem-forca-para-expandir-o-alcance-da-educacao\/#breadcrumb\"},\"inLanguage\":\"pt-BR\",\"potentialAction\":[{\"@type\":\"ReadAction\",\"target\":[\"https:\/\/blog.webex.com\/pt-br\/uncategorized-pt-br\/blackboard-learn-e-webex-unem-forca-para-expandir-o-alcance-da-educacao\/\"]}]},{\"@type\":\"ImageObject\",\"inLanguage\":\"pt-BR\",\"@id\":\"https:\/\/blog.webex.com\/pt-br\/uncategorized-pt-br\/blackboard-learn-e-webex-unem-forca-para-expandir-o-alcance-da-educacao\/#primaryimage\",\"url\":\"https:\/\/blog.webex.com\/wp-content\/uploads\/2020\/02\/Blackboard-Learn-and-Webex-join-forces-to-expand-the-reach-of-education-e1582852222684-scaled.jpg\",\"contentUrl\":\"https:\/\/blog.webex.com\/wp-content\/uploads\/2020\/02\/Blackboard-Learn-and-Webex-join-forces-to-expand-the-reach-of-education-e1582852222684-scaled.jpg\",\"width\":2560,\"height\":1707},{\"@type\":\"BreadcrumbList\",\"@id\":\"https:\/\/blog.webex.com\/pt-br\/uncategorized-pt-br\/blackboard-learn-e-webex-unem-forca-para-expandir-o-alcance-da-educacao\/#breadcrumb\",\"itemListElement\":[{\"@type\":\"ListItem\",\"position\":1,\"name\":\"Home\",\"item\":\"https:\/\/blog.webex.com\/pt-br\/\"},{\"@type\":\"ListItem\",\"position\":2,\"name\":\"Blackboard Learn e Webex unem for\u00e7a para expandir o alcance da ...\"}]},{\"@type\":\"WebSite\",\"@id\":\"https:\/\/blog.webex.com\/es\/#website\",\"url\":\"https:\/\/blog.webex.com\/es\/\",\"name\":\"Webex Blog\",\"description\":\"Webex by Cisco powers collaboration through industry-leading video conferencing, cloud calling and contact center solutions\",\"potentialAction\":[{\"@type\":\"SearchAction\",\"target\":{\"@type\":\"EntryPoint\",\"urlTemplate\":\"https:\/\/blog.webex.com\/es\/?s={search_term_string}\"},\"query-input\":{\"@type\":\"PropertyValueSpecification\",\"valueRequired\":true,\"valueName\":\"search_term_string\"}}],\"inLanguage\":\"pt-BR\"},{\"@type\":\"Person\",\"@id\":\"https:\/\/blog.webex.com\/es\/#\/schema\/person\/e377ec8e77fab0d70a792b66ebf647c0\",\"name\":\"Webex Team\",\"image\":{\"@type\":\"ImageObject\",\"inLanguage\":\"pt-BR\",\"@id\":\"https:\/\/blog.webex.com\/es\/#\/schema\/person\/image\/\",\"url\":\"https:\/\/secure.gravatar.com\/avatar\/f2de40eb6d70014e905cc35d9daca32b1f90d87519cf61fce7607ea15ec87b11?s=96&d=wp_user_avatar&r=g\",\"contentUrl\":\"https:\/\/secure.gravatar.com\/avatar\/f2de40eb6d70014e905cc35d9daca32b1f90d87519cf61fce7607ea15ec87b11?s=96&d=wp_user_avatar&r=g\",\"caption\":\"Webex Team\"},\"description\":\"Webex is a leading provider of cloud-based collaboration solutions which includes video meetings, calling, messaging, events, customer experience solutions like contact center, and purpose-built collaboration devices.\",\"sameAs\":[\"http:\/\/www.webex.com\",\"https:\/\/www.facebook.com\/webex\",\"https:\/\/www.linkedin.com\/company\/webex\",\"https:\/\/x.com\/https:\/\/twitter.com\/Webex\"],\"url\":\"https:\/\/blog.webex.com\/pt-br\/contributors\/webexadmin\/\"}]}<\/script>\n<!-- \/ Yoast SEO plugin. -->","yoast_head_json":{"title":"Blackboard Learn e Webex unem for\u00e7a para expandir o alcance da educa\u00e7\u00e3o | Webex Blog","robots":{"index":"index","follow":"follow","max-snippet":"max-snippet:-1","max-image-preview":"max-image-preview:large","max-video-preview":"max-video-preview:-1"},"canonical":"https:\/\/blog.webex.com\/pt-br\/uncategorized-pt-br\/blackboard-learn-e-webex-unem-forca-para-expandir-o-alcance-da-educacao\/","og_locale":"pt_BR","og_type":"article","og_title":"Blackboard Learn e Webex unem for\u00e7a para expandir o alcance da educa\u00e7\u00e3o | Webex Blog","og_description":"A colabora\u00e7\u00e3o nas escolas ficou mais f\u00e1cil com Blackboard Learn + Webex Education Connector!","og_url":"https:\/\/blog.webex.com\/pt-br\/uncategorized-pt-br\/blackboard-learn-e-webex-unem-forca-para-expandir-o-alcance-da-educacao\/","og_site_name":"Webex Blog","article_author":"https:\/\/www.facebook.com\/webex","article_published_time":"2021-07-09T15:10:03+00:00","og_image":[{"width":2560,"height":1707,"url":"https:\/\/blog.webex.com\/wp-content\/uploads\/2020\/02\/Blackboard-Learn-and-Webex-join-forces-to-expand-the-reach-of-education-e1582852222684-scaled.jpg","type":"image\/jpeg"}],"author":"Webex Team","twitter_misc":{"Escrito por":"Webex Team","Est. tempo de leitura":"3 minutos"},"schema":{"@context":"https:\/\/schema.org","@graph":[{"@type":"Article","@id":"https:\/\/blog.webex.com\/pt-br\/uncategorized-pt-br\/blackboard-learn-e-webex-unem-forca-para-expandir-o-alcance-da-educacao\/#article","isPartOf":{"@id":"https:\/\/blog.webex.com\/pt-br\/uncategorized-pt-br\/blackboard-learn-e-webex-unem-forca-para-expandir-o-alcance-da-educacao\/"},"author":{"name":"Webex Team","@id":"https:\/\/blog.webex.com\/es\/#\/schema\/person\/e377ec8e77fab0d70a792b66ebf647c0"},"headline":"Blackboard Learn e Webex unem for\u00e7a para expandir o alcance da ...","datePublished":"2021-07-09T15:10:03+00:00","mainEntityOfPage":{"@id":"https:\/\/blog.webex.com\/pt-br\/uncategorized-pt-br\/blackboard-learn-e-webex-unem-forca-para-expandir-o-alcance-da-educacao\/"},"wordCount":688,"commentCount":0,"image":{"@id":"https:\/\/blog.webex.com\/pt-br\/uncategorized-pt-br\/blackboard-learn-e-webex-unem-forca-para-expandir-o-alcance-da-educacao\/#primaryimage"},"thumbnailUrl":"https:\/\/blog.webex.com\/wp-content\/uploads\/2020\/02\/Blackboard-Learn-and-Webex-join-forces-to-expand-the-reach-of-education-e1582852222684-scaled.jpg","keywords":["#WebexMeeting"],"articleSection":["Espa\u00e7os de trabalho"],"inLanguage":"pt-BR","potentialAction":[{"@type":"CommentAction","name":"Comment","target":["https:\/\/blog.webex.com\/pt-br\/uncategorized-pt-br\/blackboard-learn-e-webex-unem-forca-para-expandir-o-alcance-da-educacao\/#respond"]}]},{"@type":"WebPage","@id":"https:\/\/blog.webex.com\/pt-br\/uncategorized-pt-br\/blackboard-learn-e-webex-unem-forca-para-expandir-o-alcance-da-educacao\/","url":"https:\/\/blog.webex.com\/pt-br\/uncategorized-pt-br\/blackboard-learn-e-webex-unem-forca-para-expandir-o-alcance-da-educacao\/","name":"Blackboard Learn e Webex unem for\u00e7a para expandir o alcance da educa\u00e7\u00e3o | Webex Blog","isPartOf":{"@id":"https:\/\/blog.webex.com\/es\/#website"},"primaryImageOfPage":{"@id":"https:\/\/blog.webex.com\/pt-br\/uncategorized-pt-br\/blackboard-learn-e-webex-unem-forca-para-expandir-o-alcance-da-educacao\/#primaryimage"},"image":{"@id":"https:\/\/blog.webex.com\/pt-br\/uncategorized-pt-br\/blackboard-learn-e-webex-unem-forca-para-expandir-o-alcance-da-educacao\/#primaryimage"},"thumbnailUrl":"https:\/\/blog.webex.com\/wp-content\/uploads\/2020\/02\/Blackboard-Learn-and-Webex-join-forces-to-expand-the-reach-of-education-e1582852222684-scaled.jpg","datePublished":"2021-07-09T15:10:03+00:00","author":{"@id":"https:\/\/blog.webex.com\/es\/#\/schema\/person\/e377ec8e77fab0d70a792b66ebf647c0"},"breadcrumb":{"@id":"https:\/\/blog.webex.com\/pt-br\/uncategorized-pt-br\/blackboard-learn-e-webex-unem-forca-para-expandir-o-alcance-da-educacao\/#breadcrumb"},"inLanguage":"pt-BR","potentialAction":[{"@type":"ReadAction","target":["https:\/\/blog.webex.com\/pt-br\/uncategorized-pt-br\/blackboard-learn-e-webex-unem-forca-para-expandir-o-alcance-da-educacao\/"]}]},{"@type":"ImageObject","inLanguage":"pt-BR","@id":"https:\/\/blog.webex.com\/pt-br\/uncategorized-pt-br\/blackboard-learn-e-webex-unem-forca-para-expandir-o-alcance-da-educacao\/#primaryimage","url":"https:\/\/blog.webex.com\/wp-content\/uploads\/2020\/02\/Blackboard-Learn-and-Webex-join-forces-to-expand-the-reach-of-education-e1582852222684-scaled.jpg","contentUrl":"https:\/\/blog.webex.com\/wp-content\/uploads\/2020\/02\/Blackboard-Learn-and-Webex-join-forces-to-expand-the-reach-of-education-e1582852222684-scaled.jpg","width":2560,"height":1707},{"@type":"BreadcrumbList","@id":"https:\/\/blog.webex.com\/pt-br\/uncategorized-pt-br\/blackboard-learn-e-webex-unem-forca-para-expandir-o-alcance-da-educacao\/#breadcrumb","itemListElement":[{"@type":"ListItem","position":1,"name":"Home","item":"https:\/\/blog.webex.com\/pt-br\/"},{"@type":"ListItem","position":2,"name":"Blackboard Learn e Webex unem for\u00e7a para expandir o alcance da ..."}]},{"@type":"WebSite","@id":"https:\/\/blog.webex.com\/es\/#website","url":"https:\/\/blog.webex.com\/es\/","name":"Webex Blog","description":"Webex by Cisco powers collaboration through industry-leading video conferencing, cloud calling and contact center solutions","potentialAction":[{"@type":"SearchAction","target":{"@type":"EntryPoint","urlTemplate":"https:\/\/blog.webex.com\/es\/?s={search_term_string}"},"query-input":{"@type":"PropertyValueSpecification","valueRequired":true,"valueName":"search_term_string"}}],"inLanguage":"pt-BR"},{"@type":"Person","@id":"https:\/\/blog.webex.com\/es\/#\/schema\/person\/e377ec8e77fab0d70a792b66ebf647c0","name":"Webex Team","image":{"@type":"ImageObject","inLanguage":"pt-BR","@id":"https:\/\/blog.webex.com\/es\/#\/schema\/person\/image\/","url":"https:\/\/secure.gravatar.com\/avatar\/f2de40eb6d70014e905cc35d9daca32b1f90d87519cf61fce7607ea15ec87b11?s=96&d=wp_user_avatar&r=g","contentUrl":"https:\/\/secure.gravatar.com\/avatar\/f2de40eb6d70014e905cc35d9daca32b1f90d87519cf61fce7607ea15ec87b11?s=96&d=wp_user_avatar&r=g","caption":"Webex Team"},"description":"Webex is a leading provider of cloud-based collaboration solutions which includes video meetings, calling, messaging, events, customer experience solutions like contact center, and purpose-built collaboration devices.","sameAs":["http:\/\/www.webex.com","https:\/\/www.facebook.com\/webex","https:\/\/www.linkedin.com\/company\/webex","https:\/\/x.com\/https:\/\/twitter.com\/Webex"],"url":"https:\/\/blog.webex.com\/pt-br\/contributors\/webexadmin\/"}]}},"_links":{"self":[{"href":"https:\/\/blog.webex.com\/pt-br\/wp-json\/wp\/v2\/posts\/16927","targetHints":{"allow":["GET"]}}],"collection":[{"href":"https:\/\/blog.webex.com\/pt-br\/wp-json\/wp\/v2\/posts"}],"about":[{"href":"https:\/\/blog.webex.com\/pt-br\/wp-json\/wp\/v2\/types\/post"}],"author":[{"embeddable":true,"href":"https:\/\/blog.webex.com\/pt-br\/wp-json\/wp\/v2\/users\/1"}],"replies":[{"embeddable":true,"href":"https:\/\/blog.webex.com\/pt-br\/wp-json\/wp\/v2\/comments?post=16927"}],"version-history":[{"count":0,"href":"https:\/\/blog.webex.com\/pt-br\/wp-json\/wp\/v2\/posts\/16927\/revisions"}],"wp:featuredmedia":[{"embeddable":true,"href":"https:\/\/blog.webex.com\/pt-br\/wp-json\/wp\/v2\/media\/16930"}],"wp:attachment":[{"href":"https:\/\/blog.webex.com\/pt-br\/wp-json\/wp\/v2\/media?parent=16927"}],"wp:term":[{"taxonomy":"category","embeddable":true,"href":"https:\/\/blog.webex.com\/pt-br\/wp-json\/wp\/v2\/categories?post=16927"},{"taxonomy":"post_tag","embeddable":true,"href":"https:\/\/blog.webex.com\/pt-br\/wp-json\/wp\/v2\/tags?post=16927"}],"curies":[{"name":"wp","href":"https:\/\/api.w.org\/{rel}","templated":true}]}}