{"id":19064,"date":"2021-06-25T09:10:25","date_gmt":"2021-06-25T16:10:25","guid":{"rendered":"https:\/\/cisco2393.wpengine.com\/e-mais-facil-do-que-nunca-as-pequenas-empresas-comecarem-a-usar-o-webex-calling\/"},"modified":"2021-07-23T14:38:56","modified_gmt":"2021-07-23T21:38:56","slug":"e-mais-facil-do-que-nunca-as-pequenas-empresas-comecarem-a-usar-o-webex-calling","status":"publish","type":"post","link":"https:\/\/blog.webex.com\/pt-br\/colaboracao\/e-mais-facil-do-que-nunca-as-pequenas-empresas-comecarem-a-usar-o-webex-calling\/","title":{"rendered":"\u00c9 mais f\u00e1cil do que nunca as pequenas empresas come\u00e7arem a usar o ..."},"content":{"rendered":"<p>\u00c0 medida que o mundo volta ao normal depois da pandemia, aprendemos o quanto de incerteza pode ocorrer a qualquer momento e que h\u00e1 um verdadeiro valor em ser flex\u00edvel. Para mim, m\u00e3e de quatro filhos, a flexibilidade \u00e9 essencial para o meu sucesso em tudo o que fa\u00e7o, incluindo o trabalho. Tamb\u00e9m aprendemos que o trabalho pode ser realizado de qualquer lugar e que ter a seguran\u00e7a certa \u00e9 essencial. Os recursos modernos de comunica\u00e7\u00e3o est\u00e3o na vanguarda dessa transi\u00e7\u00e3o.<\/p>\n<h2><strong>Um telefone comercial com recursos e seguran\u00e7a corporativos <\/strong><\/h2>\n<p>Com o Webex, entendemos esse novo ambiente e temos solu\u00e7\u00f5es criadas para pequenas empresas. Oferecemos um \u00fanico aplicativo onde voc\u00ea pode fazer liga\u00e7\u00f5es, reuni\u00f5es e enviar mensagens, para continuar seu trabalho em qualquer lugar. O aspecto empolgante do Webex \u00e9 ter todos os recursos de chamada de um telefone corporativo no aplicativo. Voc\u00ea tamb\u00e9m recebe o n\u00edvel de seguran\u00e7a corporativo por padr\u00e3o para garantir a tranquilidade durante conversas importantes e fluxos de trabalho. Disso temos muito orgulho.<\/p>\n<h2>Comece em minutos<\/h2>\n<p>Este m\u00eas, lan\u00e7amos novos <strong>planos de chamadas no Webex.com <\/strong>para adquirir facilmente um n\u00famero de telefone, recursos de chamadas avan\u00e7ados e liga\u00e7\u00f5es nacionais e internacionais ilimitadas para nossos pequenos clientes. Essa oferta inclui recursos familiares que antes estavam dispon\u00edveis apenas para o escrit\u00f3rio. Do encaminhamento de chamadas at\u00e9 a configura\u00e7\u00e3o de um menu de telefone, voc\u00ea pode adquirir na internet um sistema de telefone na nuvem com todos os recursos.<\/p>\n<p><a href=\"https:\/\/blog.webex.com\/wp-content\/uploads\/2021\/06\/calling-plan-dark2.png\"><br \/>\n  <img loading=\"lazy\" decoding=\"async\" class=\"aligncenter size-full wp-image-13608\" src=\"https:\/\/blog.webex.com\/wp-content\/uploads\/2021\/06\/calling-plan-dark2.png\" alt=\"calling plan dark(2).png\" width=\"2278\" height=\"1446\" srcset=\"https:\/\/blog.webex.com\/wp-content\/uploads\/2021\/06\/calling-plan-dark2.png 819w, https:\/\/blog.webex.com\/wp-content\/uploads\/2021\/06\/calling-plan-dark2-300x190.png 300w, https:\/\/blog.webex.com\/wp-content\/uploads\/2021\/06\/calling-plan-dark2-1025x651.png 1025w, https:\/\/blog.webex.com\/wp-content\/uploads\/2021\/06\/calling-plan-dark2-768x488.png 768w, https:\/\/blog.webex.com\/wp-content\/uploads\/2021\/06\/calling-plan-dark2-1536x975.png 1536w, https:\/\/blog.webex.com\/wp-content\/uploads\/2021\/06\/calling-plan-dark2-2048x1300.png 2048w\" sizes=\"auto, (max-width: 2278px) 100vw, 2278px\" \/><br \/>\n<\/a><\/p>\n<p>Em minutos, voc\u00ea pode estar em atividade nos seus neg\u00f3cios.\u00a0\u00a0Voc\u00ea tamb\u00e9m pode aproveitar nosso portal de administra\u00e7\u00e3o, que o ajudar\u00e1 a gerenciar seu plano de chamadas e os usu\u00e1rios.\u00a0\u00a0Assista a este v\u00eddeo para ver como \u00e9 f\u00e1cil obter o Webex Calling hoje.<\/p>\n<p><iframe loading=\"lazy\" title=\"Call plans for small business  |  Webex Calling\" width=\"500\" height=\"281\" src=\"https:\/\/www.youtube.com\/embed\/qS8qrt2YKeA?feature=oembed\" frameborder=\"0\" allow=\"accelerometer; autoplay; clipboard-write; encrypted-media; gyroscope; picture-in-picture; web-share\" referrerpolicy=\"strict-origin-when-cross-origin\" allowfullscreen><\/iframe><\/p>\n<div id=\"attachment_15185\" class=\"wp-caption aligncenter\"><img loading=\"lazy\" decoding=\"async\" aria-describedby=\"caption-attachment-15185\" class=\"wp-image-15185 size-full\" src=\"https:\/\/blog.webex.com\/wp-content\/uploads\/2021\/06\/What-are-the-benefits-of-the-cloud.jpg\" alt=\"Quais s\u00e3o os benef\u00edcios da nuvem\" width=\"720\" height=\"460\" srcset=\"https:\/\/blog.webex.com\/wp-content\/uploads\/2021\/06\/What-are-the-benefits-of-the-cloud.jpg 720w, https:\/\/blog.webex.com\/wp-content\/uploads\/2021\/06\/What-are-the-benefits-of-the-cloud-300x192.jpg 300w\" sizes=\"auto, (max-width: 720px) 100vw, 720px\" \/><p id=\"caption-attachment-15185\" class=\"wp-caption-text\">(fonte: <a href=\"https:\/\/www.webex.com\/content\/dam\/wbx\/us\/documents\/pdf\/Cloud_Calling_Comes_in_all_Shapes_and_Sizes_Infographic.pdf\">A liga\u00e7\u00e3o na nuvem est\u00e1 dispon\u00edvel em todos os formatos e tamanhos<\/a>)<\/p><\/div>\n<h2><strong>Est\u00e1 pronto?<\/strong><\/h2>\n<p>Considerando o que eu conversei com voc\u00ea hoje, voc\u00ea est\u00e1 pronto para explorar o Webex Calling e muito mais?\u00a0 Voc\u00ea pode continuar trabalhando em qualquer lugar. Acesse Webex.com para obter as informa\u00e7\u00f5es mais recentes e pre\u00e7os.<\/p>\n<blockquote><p><a href=\"https:\/\/www.webex.com\/enterprise-cloud-calling.html\">Saiba mais sobre o Webex Calling<\/a><\/p><\/blockquote>\n<p><strong>Recursos<\/strong><\/p>\n<p><a href=\"https:\/\/www.webex.com\/content\/dam\/wbx\/us\/documents\/pdf\/reimagine-calling-for-your-business-with-webex.pdf\">Reimagine as chamadas da sua empresa com o Webex<\/a><\/p>\n<p>Acesse <a href=\"https:\/\/Webex.com\">Webex.com<\/a> para uma avalia\u00e7\u00e3o e\/ou comprar diretamente<\/p>\n<p><strong>Saiba mais<\/strong><\/p>\n<p><a href=\"https:\/\/blog.webex.com\/pt-br\/videoconferencia\/o-que-ha-de-novo-no-webex-junho-de-2021\/\">O que h\u00e1 de novo no Webex: Junho de 2021<\/a><\/p>\n<p><a href=\"https:\/\/blog.webex.com\/pt-br\/sistema-de-telefonia-na-nuvem\/webex-calling-agora-inclui-recursos-expandidos-de-gravacao-de-chamada\/\">Agora o Webex Calling conta com recursos expandidos de grava\u00e7\u00e3o de chamadas<\/a><\/p>\n<p><a href=\"https:\/\/blog.webex.com\/pt-br\/trabalho-hibrido\/apresentando-o-webex-suite-o-primeiro-e-melhor-pacote-para-trabalho-hibrido\/\">Apresenta\u00e7\u00e3o do Webex Suite: O primeiro e melhor pacote para trabalho h\u00edbrido<\/a><\/p>\n","protected":false},"excerpt":{"rendered":"<p>\u00c0 medida que o mundo\u00a0volta\u00a0ao normal, com o Webex, entendemos esse novo ambiente e temos solu\u00e7\u00f5es criadas para pequenas empresas que podem continuar trabalhando em qualquer lugar.<\/p>\n","protected":false},"author":5418,"featured_media":19067,"comment_status":"open","ping_status":"open","sticky":false,"template":"","format":"standard","meta":{"inline_featured_image":false,"footnotes":""},"categories":[5283],"tags":[885,5485,3851,4674,2105,5439,2581],"class_list":["post-19064","post","type-post","status-publish","format-standard","has-post-thumbnail","hentry","category-colaboracao","tag-business-phone","tag-chamadas-do-webex","tag-collaboration-solutions","tag-comunicacoes-na-nuvem","tag-ferramentas-de-colaboracao","tag-solucoes-de-colaboracao","tag-telefone-comercial"],"acf":[],"yoast_head":"<!-- This site is optimized with the Yoast SEO plugin v28.4 - https:\/\/yoast.com\/product\/yoast-seo-wordpress\/ -->\n<title>\u00c9 mais f\u00e1cil do que nunca as pequenas empresas come\u00e7arem a usar o Webex Calling | Webex Blog<\/title>\n<meta name=\"robots\" content=\"index, follow, max-snippet:-1, max-image-preview:large, max-video-preview:-1\" \/>\n<link rel=\"canonical\" href=\"https:\/\/blog.webex.com\/collaboration\/easier-than-ever-for-small-businesses-to-get-started-with-webex-calling\/\" \/>\n<meta property=\"og:locale\" content=\"pt_BR\" \/>\n<meta property=\"og:type\" content=\"article\" \/>\n<meta property=\"og:title\" content=\"\u00c9 mais f\u00e1cil do que nunca as pequenas empresas come\u00e7arem a usar o Webex Calling | Webex Blog\" \/>\n<meta property=\"og:description\" content=\"\u00c0 medida que o mundo\u00a0volta\u00a0ao normal, com o Webex, entendemos esse novo ambiente e temos solu\u00e7\u00f5es criadas para pequenas empresas que podem continuar trabalhando em qualquer lugar.\" \/>\n<meta property=\"og:url\" content=\"https:\/\/blog.webex.com\/collaboration\/easier-than-ever-for-small-businesses-to-get-started-with-webex-calling\/\" \/>\n<meta property=\"og:site_name\" content=\"Webex Blog\" \/>\n<meta property=\"article:published_time\" content=\"2021-06-25T16:10:25+00:00\" \/>\n<meta property=\"article:modified_time\" content=\"2021-07-23T21:38:56+00:00\" \/>\n<meta property=\"og:image\" content=\"https:\/\/blog.webex.com\/wp-content\/uploads\/2021\/06\/Ah6-16-1.png\" \/>\n\t<meta property=\"og:image:width\" content=\"975\" \/>\n\t<meta property=\"og:image:height\" content=\"554\" \/>\n\t<meta property=\"og:image:type\" content=\"image\/png\" \/>\n<meta name=\"author\" content=\"Miya Mcclain\" \/>\n<meta name=\"twitter:label1\" content=\"Escrito por\" \/>\n\t<meta name=\"twitter:data1\" content=\"Miya Mcclain\" \/>\n\t<meta name=\"twitter:label2\" content=\"Est. tempo de leitura\" \/>\n\t<meta name=\"twitter:data2\" content=\"2 minutos\" \/>\n<script type=\"application\/ld+json\" class=\"yoast-schema-graph\">{\"@context\":\"https:\\\/\\\/schema.org\",\"@graph\":[{\"@type\":\"Article\",\"@id\":\"https:\\\/\\\/blog.webex.com\\\/collaboration\\\/easier-than-ever-for-small-businesses-to-get-started-with-webex-calling\\\/#article\",\"isPartOf\":{\"@id\":\"https:\\\/\\\/blog.webex.com\\\/collaboration\\\/easier-than-ever-for-small-businesses-to-get-started-with-webex-calling\\\/\"},\"author\":{\"name\":\"Miya Mcclain\",\"@id\":\"https:\\\/\\\/blog.webex.com\\\/es\\\/#\\\/schema\\\/person\\\/aa1d97f6b4014b2fd96c64d37677f98c\"},\"headline\":\"\u00c9 mais f\u00e1cil do que nunca as pequenas empresas come\u00e7arem a usar o ...\",\"datePublished\":\"2021-06-25T16:10:25+00:00\",\"dateModified\":\"2021-07-23T21:38:56+00:00\",\"mainEntityOfPage\":{\"@id\":\"https:\\\/\\\/blog.webex.com\\\/collaboration\\\/easier-than-ever-for-small-businesses-to-get-started-with-webex-calling\\\/\"},\"wordCount\":459,\"commentCount\":0,\"image\":{\"@id\":\"https:\\\/\\\/blog.webex.com\\\/collaboration\\\/easier-than-ever-for-small-businesses-to-get-started-with-webex-calling\\\/#primaryimage\"},\"thumbnailUrl\":\"https:\\\/\\\/blog.webex.com\\\/wp-content\\\/uploads\\\/2021\\\/06\\\/Ah6-16-1.png\",\"keywords\":[\"Business Phone\",\"chamadas do Webex\",\"Collaboration Solutions\",\"comunica\u00e7\u00f5es na nuvem\",\"ferramentas de colabora\u00e7\u00e3o\",\"Solu\u00e7\u00f5es de colabora\u00e7\u00e3o\",\"telefone comercial\"],\"articleSection\":[\"Colabora\u00e7\u00e3o\"],\"inLanguage\":\"pt-BR\",\"potentialAction\":[{\"@type\":\"CommentAction\",\"name\":\"Comment\",\"target\":[\"https:\\\/\\\/blog.webex.com\\\/collaboration\\\/easier-than-ever-for-small-businesses-to-get-started-with-webex-calling\\\/#respond\"]}]},{\"@type\":\"WebPage\",\"@id\":\"https:\\\/\\\/blog.webex.com\\\/collaboration\\\/easier-than-ever-for-small-businesses-to-get-started-with-webex-calling\\\/\",\"url\":\"https:\\\/\\\/blog.webex.com\\\/collaboration\\\/easier-than-ever-for-small-businesses-to-get-started-with-webex-calling\\\/\",\"name\":\"\u00c9 mais f\u00e1cil do que nunca as pequenas empresas come\u00e7arem a usar o Webex Calling | Webex Blog\",\"isPartOf\":{\"@id\":\"https:\\\/\\\/blog.webex.com\\\/es\\\/#website\"},\"primaryImageOfPage\":{\"@id\":\"https:\\\/\\\/blog.webex.com\\\/collaboration\\\/easier-than-ever-for-small-businesses-to-get-started-with-webex-calling\\\/#primaryimage\"},\"image\":{\"@id\":\"https:\\\/\\\/blog.webex.com\\\/collaboration\\\/easier-than-ever-for-small-businesses-to-get-started-with-webex-calling\\\/#primaryimage\"},\"thumbnailUrl\":\"https:\\\/\\\/blog.webex.com\\\/wp-content\\\/uploads\\\/2021\\\/06\\\/Ah6-16-1.png\",\"datePublished\":\"2021-06-25T16:10:25+00:00\",\"dateModified\":\"2021-07-23T21:38:56+00:00\",\"author\":{\"@id\":\"https:\\\/\\\/blog.webex.com\\\/es\\\/#\\\/schema\\\/person\\\/aa1d97f6b4014b2fd96c64d37677f98c\"},\"breadcrumb\":{\"@id\":\"https:\\\/\\\/blog.webex.com\\\/collaboration\\\/easier-than-ever-for-small-businesses-to-get-started-with-webex-calling\\\/#breadcrumb\"},\"inLanguage\":\"pt-BR\",\"potentialAction\":[{\"@type\":\"ReadAction\",\"target\":[\"https:\\\/\\\/blog.webex.com\\\/collaboration\\\/easier-than-ever-for-small-businesses-to-get-started-with-webex-calling\\\/\"]}]},{\"@type\":\"ImageObject\",\"inLanguage\":\"pt-BR\",\"@id\":\"https:\\\/\\\/blog.webex.com\\\/collaboration\\\/easier-than-ever-for-small-businesses-to-get-started-with-webex-calling\\\/#primaryimage\",\"url\":\"https:\\\/\\\/blog.webex.com\\\/wp-content\\\/uploads\\\/2021\\\/06\\\/Ah6-16-1.png\",\"contentUrl\":\"https:\\\/\\\/blog.webex.com\\\/wp-content\\\/uploads\\\/2021\\\/06\\\/Ah6-16-1.png\",\"width\":975,\"height\":554},{\"@type\":\"BreadcrumbList\",\"@id\":\"https:\\\/\\\/blog.webex.com\\\/collaboration\\\/easier-than-ever-for-small-businesses-to-get-started-with-webex-calling\\\/#breadcrumb\",\"itemListElement\":[{\"@type\":\"ListItem\",\"position\":1,\"name\":\"Home\",\"item\":\"https:\\\/\\\/blog.webex.com\\\/pt-br\\\/\"},{\"@type\":\"ListItem\",\"position\":2,\"name\":\"\u00c9 mais f\u00e1cil do que nunca as pequenas empresas come\u00e7arem a usar o ...\"}]},{\"@type\":\"WebSite\",\"@id\":\"https:\\\/\\\/blog.webex.com\\\/es\\\/#website\",\"url\":\"https:\\\/\\\/blog.webex.com\\\/es\\\/\",\"name\":\"Webex Blog\",\"description\":\"Webex by Cisco powers collaboration through industry-leading video conferencing, cloud calling and contact center solutions\",\"potentialAction\":[{\"@type\":\"SearchAction\",\"target\":{\"@type\":\"EntryPoint\",\"urlTemplate\":\"https:\\\/\\\/blog.webex.com\\\/es\\\/?s={search_term_string}\"},\"query-input\":{\"@type\":\"PropertyValueSpecification\",\"valueRequired\":true,\"valueName\":\"search_term_string\"}}],\"inLanguage\":\"pt-BR\"},{\"@type\":\"Person\",\"@id\":\"https:\\\/\\\/blog.webex.com\\\/es\\\/#\\\/schema\\\/person\\\/aa1d97f6b4014b2fd96c64d37677f98c\",\"name\":\"Miya Mcclain\",\"image\":{\"@type\":\"ImageObject\",\"inLanguage\":\"pt-BR\",\"@id\":\"https:\\\/\\\/secure.gravatar.com\\\/avatar\\\/ea105bb0c5530b157bd9e335428e3dc8af191f102095ccc47aa5786aff10676c?s=96&d=wp_user_avatar&r=g\",\"url\":\"https:\\\/\\\/secure.gravatar.com\\\/avatar\\\/ea105bb0c5530b157bd9e335428e3dc8af191f102095ccc47aa5786aff10676c?s=96&d=wp_user_avatar&r=g\",\"contentUrl\":\"https:\\\/\\\/secure.gravatar.com\\\/avatar\\\/ea105bb0c5530b157bd9e335428e3dc8af191f102095ccc47aa5786aff10676c?s=96&d=wp_user_avatar&r=g\",\"caption\":\"Miya Mcclain\"},\"description\":\"Miya leads the Webex.com Product Management team. She started her career as a Software Development Engineer in Test, eventually switching to Product Management. Over the last 15 years Miya has led both engineering and PM teams across Microsoft, Nordstrom and now Cisco. Prior to joining Cisco, she has worked on a variety of products including Office.com, the Microsoft retail platform and Nordstrom Mobile and Store Apps. Miya is passionate about building software products that seamlessly enhance and integrate with our everyday lives. Miya began working for startups and building websites as a freshman in high school and went on to study Computer Science at Mills College, an all-women\u2019s college in Oakland, CA. Miya is passionate about equal education for women and people of color. She has spoken at multiple events for students of color including WOMEN IN TECH REGATTA (2021), Grace Hopper (2019, 2020), the Technology Access Foundation yearly luncheon, University of Washington WiSE Conference and Year Up\u2019s Puget Sound Career Day. Miya lives in Seattle with her husband and four children.\",\"sameAs\":[\"https:\\\/\\\/www.linkedin.com\\\/in\\\/miyamcclain\\\/\"],\"url\":\"https:\\\/\\\/blog.webex.com\\\/pt-br\\\/contributors\\\/mmcclain\\\/\"}]}<\/script>\n<!-- \/ Yoast SEO plugin. -->","yoast_head_json":{"title":"\u00c9 mais f\u00e1cil do que nunca as pequenas empresas come\u00e7arem a usar o Webex Calling | Webex Blog","robots":{"index":"index","follow":"follow","max-snippet":"max-snippet:-1","max-image-preview":"max-image-preview:large","max-video-preview":"max-video-preview:-1"},"canonical":"https:\/\/blog.webex.com\/collaboration\/easier-than-ever-for-small-businesses-to-get-started-with-webex-calling\/","og_locale":"pt_BR","og_type":"article","og_title":"\u00c9 mais f\u00e1cil do que nunca as pequenas empresas come\u00e7arem a usar o Webex Calling | Webex Blog","og_description":"\u00c0 medida que o mundo\u00a0volta\u00a0ao normal, com o Webex, entendemos esse novo ambiente e temos solu\u00e7\u00f5es criadas para pequenas empresas que podem continuar trabalhando em qualquer lugar.","og_url":"https:\/\/blog.webex.com\/collaboration\/easier-than-ever-for-small-businesses-to-get-started-with-webex-calling\/","og_site_name":"Webex Blog","article_published_time":"2021-06-25T16:10:25+00:00","article_modified_time":"2021-07-23T21:38:56+00:00","og_image":[{"width":975,"height":554,"url":"https:\/\/blog.webex.com\/wp-content\/uploads\/2021\/06\/Ah6-16-1.png","type":"image\/png"}],"author":"Miya Mcclain","twitter_misc":{"Escrito por":"Miya Mcclain","Est. tempo de leitura":"2 minutos"},"schema":{"@context":"https:\/\/schema.org","@graph":[{"@type":"Article","@id":"https:\/\/blog.webex.com\/collaboration\/easier-than-ever-for-small-businesses-to-get-started-with-webex-calling\/#article","isPartOf":{"@id":"https:\/\/blog.webex.com\/collaboration\/easier-than-ever-for-small-businesses-to-get-started-with-webex-calling\/"},"author":{"name":"Miya Mcclain","@id":"https:\/\/blog.webex.com\/es\/#\/schema\/person\/aa1d97f6b4014b2fd96c64d37677f98c"},"headline":"\u00c9 mais f\u00e1cil do que nunca as pequenas empresas come\u00e7arem a usar o ...","datePublished":"2021-06-25T16:10:25+00:00","dateModified":"2021-07-23T21:38:56+00:00","mainEntityOfPage":{"@id":"https:\/\/blog.webex.com\/collaboration\/easier-than-ever-for-small-businesses-to-get-started-with-webex-calling\/"},"wordCount":459,"commentCount":0,"image":{"@id":"https:\/\/blog.webex.com\/collaboration\/easier-than-ever-for-small-businesses-to-get-started-with-webex-calling\/#primaryimage"},"thumbnailUrl":"https:\/\/blog.webex.com\/wp-content\/uploads\/2021\/06\/Ah6-16-1.png","keywords":["Business Phone","chamadas do Webex","Collaboration Solutions","comunica\u00e7\u00f5es na nuvem","ferramentas de colabora\u00e7\u00e3o","Solu\u00e7\u00f5es de colabora\u00e7\u00e3o","telefone comercial"],"articleSection":["Colabora\u00e7\u00e3o"],"inLanguage":"pt-BR","potentialAction":[{"@type":"CommentAction","name":"Comment","target":["https:\/\/blog.webex.com\/collaboration\/easier-than-ever-for-small-businesses-to-get-started-with-webex-calling\/#respond"]}]},{"@type":"WebPage","@id":"https:\/\/blog.webex.com\/collaboration\/easier-than-ever-for-small-businesses-to-get-started-with-webex-calling\/","url":"https:\/\/blog.webex.com\/collaboration\/easier-than-ever-for-small-businesses-to-get-started-with-webex-calling\/","name":"\u00c9 mais f\u00e1cil do que nunca as pequenas empresas come\u00e7arem a usar o Webex Calling | Webex Blog","isPartOf":{"@id":"https:\/\/blog.webex.com\/es\/#website"},"primaryImageOfPage":{"@id":"https:\/\/blog.webex.com\/collaboration\/easier-than-ever-for-small-businesses-to-get-started-with-webex-calling\/#primaryimage"},"image":{"@id":"https:\/\/blog.webex.com\/collaboration\/easier-than-ever-for-small-businesses-to-get-started-with-webex-calling\/#primaryimage"},"thumbnailUrl":"https:\/\/blog.webex.com\/wp-content\/uploads\/2021\/06\/Ah6-16-1.png","datePublished":"2021-06-25T16:10:25+00:00","dateModified":"2021-07-23T21:38:56+00:00","author":{"@id":"https:\/\/blog.webex.com\/es\/#\/schema\/person\/aa1d97f6b4014b2fd96c64d37677f98c"},"breadcrumb":{"@id":"https:\/\/blog.webex.com\/collaboration\/easier-than-ever-for-small-businesses-to-get-started-with-webex-calling\/#breadcrumb"},"inLanguage":"pt-BR","potentialAction":[{"@type":"ReadAction","target":["https:\/\/blog.webex.com\/collaboration\/easier-than-ever-for-small-businesses-to-get-started-with-webex-calling\/"]}]},{"@type":"ImageObject","inLanguage":"pt-BR","@id":"https:\/\/blog.webex.com\/collaboration\/easier-than-ever-for-small-businesses-to-get-started-with-webex-calling\/#primaryimage","url":"https:\/\/blog.webex.com\/wp-content\/uploads\/2021\/06\/Ah6-16-1.png","contentUrl":"https:\/\/blog.webex.com\/wp-content\/uploads\/2021\/06\/Ah6-16-1.png","width":975,"height":554},{"@type":"BreadcrumbList","@id":"https:\/\/blog.webex.com\/collaboration\/easier-than-ever-for-small-businesses-to-get-started-with-webex-calling\/#breadcrumb","itemListElement":[{"@type":"ListItem","position":1,"name":"Home","item":"https:\/\/blog.webex.com\/pt-br\/"},{"@type":"ListItem","position":2,"name":"\u00c9 mais f\u00e1cil do que nunca as pequenas empresas come\u00e7arem a usar o ..."}]},{"@type":"WebSite","@id":"https:\/\/blog.webex.com\/es\/#website","url":"https:\/\/blog.webex.com\/es\/","name":"Webex Blog","description":"Webex by Cisco powers collaboration through industry-leading video conferencing, cloud calling and contact center solutions","potentialAction":[{"@type":"SearchAction","target":{"@type":"EntryPoint","urlTemplate":"https:\/\/blog.webex.com\/es\/?s={search_term_string}"},"query-input":{"@type":"PropertyValueSpecification","valueRequired":true,"valueName":"search_term_string"}}],"inLanguage":"pt-BR"},{"@type":"Person","@id":"https:\/\/blog.webex.com\/es\/#\/schema\/person\/aa1d97f6b4014b2fd96c64d37677f98c","name":"Miya Mcclain","image":{"@type":"ImageObject","inLanguage":"pt-BR","@id":"https:\/\/secure.gravatar.com\/avatar\/ea105bb0c5530b157bd9e335428e3dc8af191f102095ccc47aa5786aff10676c?s=96&d=wp_user_avatar&r=g","url":"https:\/\/secure.gravatar.com\/avatar\/ea105bb0c5530b157bd9e335428e3dc8af191f102095ccc47aa5786aff10676c?s=96&d=wp_user_avatar&r=g","contentUrl":"https:\/\/secure.gravatar.com\/avatar\/ea105bb0c5530b157bd9e335428e3dc8af191f102095ccc47aa5786aff10676c?s=96&d=wp_user_avatar&r=g","caption":"Miya Mcclain"},"description":"Miya leads the Webex.com Product Management team. She started her career as a Software Development Engineer in Test, eventually switching to Product Management. Over the last 15 years Miya has led both engineering and PM teams across Microsoft, Nordstrom and now Cisco. Prior to joining Cisco, she has worked on a variety of products including Office.com, the Microsoft retail platform and Nordstrom Mobile and Store Apps. Miya is passionate about building software products that seamlessly enhance and integrate with our everyday lives. Miya began working for startups and building websites as a freshman in high school and went on to study Computer Science at Mills College, an all-women\u2019s college in Oakland, CA. Miya is passionate about equal education for women and people of color. She has spoken at multiple events for students of color including WOMEN IN TECH REGATTA (2021), Grace Hopper (2019, 2020), the Technology Access Foundation yearly luncheon, University of Washington WiSE Conference and Year Up\u2019s Puget Sound Career Day. Miya lives in Seattle with her husband and four children.","sameAs":["https:\/\/www.linkedin.com\/in\/miyamcclain\/"],"url":"https:\/\/blog.webex.com\/pt-br\/contributors\/mmcclain\/"}]}},"_links":{"self":[{"href":"https:\/\/blog.webex.com\/pt-br\/wp-json\/wp\/v2\/posts\/19064","targetHints":{"allow":["GET"]}}],"collection":[{"href":"https:\/\/blog.webex.com\/pt-br\/wp-json\/wp\/v2\/posts"}],"about":[{"href":"https:\/\/blog.webex.com\/pt-br\/wp-json\/wp\/v2\/types\/post"}],"author":[{"embeddable":true,"href":"https:\/\/blog.webex.com\/pt-br\/wp-json\/wp\/v2\/users\/5418"}],"replies":[{"embeddable":true,"href":"https:\/\/blog.webex.com\/pt-br\/wp-json\/wp\/v2\/comments?post=19064"}],"version-history":[{"count":0,"href":"https:\/\/blog.webex.com\/pt-br\/wp-json\/wp\/v2\/posts\/19064\/revisions"}],"wp:featuredmedia":[{"embeddable":true,"href":"https:\/\/blog.webex.com\/pt-br\/wp-json\/wp\/v2\/media\/19067"}],"wp:attachment":[{"href":"https:\/\/blog.webex.com\/pt-br\/wp-json\/wp\/v2\/media?parent=19064"}],"wp:term":[{"taxonomy":"category","embeddable":true,"href":"https:\/\/blog.webex.com\/pt-br\/wp-json\/wp\/v2\/categories?post=19064"},{"taxonomy":"post_tag","embeddable":true,"href":"https:\/\/blog.webex.com\/pt-br\/wp-json\/wp\/v2\/tags?post=19064"}],"curies":[{"name":"wp","href":"https:\/\/api.w.org\/{rel}","templated":true}]}}