{"id":19864,"date":"2021-05-26T08:32:21","date_gmt":"2021-05-26T15:32:21","guid":{"rendered":"https:\/\/blog.webex.com\/uncategorized-pt-br\/potencialize-uma-forca-de-trabalho-inclusiva-e-engajada-com-o-webex-e-o-workplace-do-facebook\/"},"modified":"2021-07-30T08:50:47","modified_gmt":"2021-07-30T15:50:47","slug":"potencialize-uma-forca-de-trabalho-inclusiva-e-engajada-com-o-webex-e-o-workplace-do-facebook","status":"publish","type":"post","link":"https:\/\/blog.webex.com\/pt-br\/colaboracao\/team-collaboration-pt-br\/potencialize-uma-forca-de-trabalho-inclusiva-e-engajada-com-o-webex-e-o-workplace-do-facebook\/","title":{"rendered":"Potencialize uma for\u00e7a de trabalho inclusiva e engajada com o ..."},"content":{"rendered":"<h2>Webex e Workplace do Facebook<\/h2>\n<p>O futuro do trabalho ser\u00e1 h\u00edbrido. A for\u00e7a de trabalho ser\u00e1 distribu\u00edda, m\u00f3vel e remota. Al\u00e9m disso, os trabalhadores da linha de frente s\u00e3o uma parte importante desta for\u00e7a de trabalho global. Existem 2,7 bilh\u00f5es de trabalhadores de linha de frente no mundo, e eles representam 80% de todos os trabalhadores.<a href=\"#_edn1\" name=\"_ednref1\">[i]<\/a><\/p>\n<p>Neste mundo de trabalho disperso, manter os funcion\u00e1rios engajados torna-se mais importante do que nunca.<\/p>\n<ul>\n<li>Em uma pesquisa da Gallup com quase 200 organiza\u00e7\u00f5es, as empresas com alto engajamento de funcion\u00e1rios foram 22% mais lucrativas.<a href=\"#_edn2\" name=\"_ednref2\">[ii]<\/a><\/li>\n<li>Em uma pesquisa do grupo Aberdeen, as empresas que trabalham para envolver ativamente os funcion\u00e1rios t\u00eam taxas de fidelidade de clientes 233% mais altas do que aquelas que n\u00e3o t\u00eam.<a href=\"#_edn3\" name=\"_ednref3\">[iii]<\/a><\/li>\n<li>A pesquisa da SHRM descobriu que cada vez que um funcion\u00e1rio sai, custa aproximadamente US$ 5.000 em m\u00e9dia para contratar e integrar uma nova contrata\u00e7\u00e3o.<a href=\"#_edn4\" name=\"_ednref4\">[iv]<\/a><\/li>\n<\/ul>\n<p>O engajamento come\u00e7a a partir do topo. Para criar uma cultura inclusiva e envolver plenamente a for\u00e7a de trabalho, os executivos precisam estar em contato regular com seus funcion\u00e1rios. Ao mesmo tempo, os funcion\u00e1rios precisam de um f\u00f3rum f\u00e1cil para entrar em contato com os executivos e ter um senso de conex\u00e3o com sua lideran\u00e7a.<\/p>\n<p>Juntamente com a ferramenta Workplace, de f\u00e1cil utiliza\u00e7\u00e3o e pronta para uso, que cria uma comunidade de funcion\u00e1rios dentro de uma organiza\u00e7\u00e3o e com a experi\u00eancia de reuni\u00e3o perfeita, segura e inteligente do Webex, estamos facilitando a conex\u00e3o das organiza\u00e7\u00f5es e executivos com todos na empresa, desde os trabalhadores do escrit\u00f3rio at\u00e9 os da linha de frente, independentemente da localiza\u00e7\u00e3o, fuso hor\u00e1rio, idioma e fun\u00e7\u00e3o.<\/p>\n<p>Nossa solu\u00e7\u00e3o ajuda a:<\/p>\n<h2>Dar vida \u00e0s comunica\u00e7\u00f5es de lideran\u00e7a a partir de qualquer lugar<\/h2>\n<p>Permitir aos l\u00edderes a transmiss\u00e3o ao vivo (broadcast) para o Workplace a partir de reuni\u00f5es Webex e com dispositivos Webex em um home office, escrit\u00f3rio comercial ou salas de confer\u00eancia.<\/p>\n<p><a href=\"https:\/\/storage.googleapis.com\/wx-blg-prd-gcs\/wp-content\/uploads\/1\/2021\/05\/Bring-leadership-communications-to-life-from-anywhere.png\"><br \/>\n  <img loading=\"lazy\" decoding=\"async\" class=\"alignnone size-full wp-image-12123\" src=\"https:\/\/storage.googleapis.com\/wx-blg-prd-gcs\/wp-content\/uploads\/1\/2021\/05\/Bring-leadership-communications-to-life-from-anywhere.png\" alt=\"Usar o Workplace do Webex Meetings em muitos lugares on-line\" width=\"606\" height=\"384\" srcset=\"https:\/\/blog.webex.com\/wp-content\/uploads\/2021\/05\/Bring-leadership-communications-to-life-from-anywhere.png 606w, https:\/\/blog.webex.com\/wp-content\/uploads\/2021\/05\/Bring-leadership-communications-to-life-from-anywhere-300x190.png 300w\" sizes=\"auto, (max-width: 606px) 100vw, 606px\" \/><br \/>\n<\/a><\/p>\n<h2>Envolver todos em uma for\u00e7a de trabalho diversificada e distribu\u00edda<\/h2>\n<p>Escalar o alcance de sua mensagem entre equipes e fusos hor\u00e1rios, desde os trabalhadores de escrit\u00f3rio at\u00e9 a linha de frente. Atingir as pessoas certas na hora certa, e ter como alvo seu p\u00fablico usando Grupos ou conjuntos de pessoas. Para as pessoas que n\u00e3o possam participar ao vivo, tornar as grava\u00e7\u00f5es acess\u00edveis para visualiza\u00e7\u00e3o \u201csob demanda\u201d no Workplace.<\/p>\n<h2>Transformar as transmiss\u00f5es em conversas<\/h2>\n<p>Permitir que os funcion\u00e1rios forne\u00e7am feedback com rea\u00e7\u00f5es e coment\u00e1rios ao vivo, dando voz \u00e0queles que n\u00e3o estejam na sala. Os executivos poder\u00e3o ver isso em tempo real a partir da exibi\u00e7\u00e3o dos locutores do Webex. Esses recursos estar\u00e3o dispon\u00edveis no outono.<\/p>\n<h2>Me\u00e7a o impacto de sua mensagem<\/h2>\n<p>Receba insights de engajamento p\u00f3s-evento com an\u00e1lise de v\u00eddeo, e ou\u00e7a aqueles que n\u00e3o est\u00e3o na sala por meio de sess\u00f5es de perguntas e respostas. Esses recursos estar\u00e3o dispon\u00edveis no outono.<\/p>\n<p>Juntas, nossas solu\u00e7\u00f5es permitem que voc\u00ea:<\/p>\n<ul>\n<li>Feche a lacuna de autonomia, fazendo com que cada funcion\u00e1rio, desde o trabalhador do escrit\u00f3rio at\u00e9 o trabalhador da linha de frente tenha autonomia.<\/li>\n<li>Crie efici\u00eancia na comunica\u00e7\u00e3o, levando as informa\u00e7\u00f5es certas ao p\u00fablico certo no momento certo, independentemente do dispositivo ou local.<\/li>\n<li>Mantenha os funcion\u00e1rios engajados, promovendo uma conversa integral entre l\u00edderes e funcion\u00e1rios.<\/li>\n<li>Supere a lacuna cultural, dando voz a cada funcion\u00e1rio<\/li>\n<\/ul>\n<p>Confira nosso webinar sob demanda e nossa demonstra\u00e7\u00e3o:<\/p>\n<p><iframe loading=\"lazy\" title=\"Power an inclusive and engaged workforce with Webex and Workplace from Facebook\" width=\"500\" height=\"281\" src=\"https:\/\/www.youtube.com\/embed\/F9aNchAx36Q?feature=oembed\" frameborder=\"0\" allow=\"accelerometer; autoplay; clipboard-write; encrypted-media; gyroscope; picture-in-picture; web-share\" referrerpolicy=\"strict-origin-when-cross-origin\" allowfullscreen><\/iframe><\/p>\n<blockquote><p>Os clientes do Webex que s\u00e3o novos no Workplace podem obter o Workplace Advanced gratuitamente por 6 meses. Clique <a href=\"https:\/\/www.workplace.com\/workplace-cisco-partnership\">aqui<\/a> para saber mais.<\/p>\n<p>Os clientes do Workplace que s\u00e3o novos no Webex podem obter uma licen\u00e7a de avalia\u00e7\u00e3o empresarial do Webex gratuitamente por 6 meses. Clique<a href=\"https:\/\/use.webex.com\/cisco-webex-and-workplace-from-facebook\"> aqui<\/a> para saber mais.<\/p><\/blockquote>\n<p><strong>Saiba mais<\/strong><\/p>\n<p><a href=\"https:\/\/blog.webex.com\/pt-br\/videoconferencia\/o-que-ha-de-novo-no-webex-maio-de-2021\/\">O que h\u00e1 de novo no Webex: Maio de 2021<\/a><\/p>\n<p><a href=\"https:\/\/blog.webex.com\/pt-br\/videoconferencia\/babblelabs-assistente-de-audio-de-ia-para-cisco-webex-meetings\/\">BabbleLabs \u2013 Assistente de \u00e1udio IA para Cisco Webex Meetings<\/a><\/p>\n<p><a href=\"https:\/\/blog.webex.com\/pt-br\/videoconferencia\/apresentacao-do-appspace-lite-para-a-sua-volta-ao-escritorio\/\">Apresenta\u00e7\u00e3o do Appspace Lite para sua volta ao escrit\u00f3rio<\/a><\/p>\n<p><strong>Recursos<\/strong><\/p>\n<p><a href=\"#_ednref1\" name=\"_edn1\">[i]<\/a> http:\/\/desklessworkforce2018.com\/<\/p>\n<p><a href=\"#_ednref2\" name=\"_edn2\">[ii]<\/a> https:\/\/www.gallup.com\/workplace\/236927\/employee-engagement-drives-growth.aspx<\/p>\n<p><a href=\"#_ednref3\" name=\"_edn3\">[iii]<\/a> https:\/\/www.verint.com\/Assets\/resources\/resource-types\/white-papers\/aberdeen-employee-engagement-paving-the-way-to-happy-customers.pdf<\/p>\n<p><a href=\"#_ednref4\" name=\"_edn4\">[iv]<\/a> https:\/\/www.shrm.org\/about-shrm\/press-room\/press-releases\/pages\/human-capital-benchmarking-report.aspx<\/p>\n","protected":false},"excerpt":{"rendered":"<p>Juntamente com a ferramenta Workplace, de f\u00e1cil utiliza\u00e7\u00e3o e pronta para uso, que cria uma comunidade de funcion\u00e1rios dentro de uma organiza\u00e7\u00e3o e com a experi\u00eancia de reuni\u00e3o perfeita, segura e inteligente do Webex, estamos facilitando a conex\u00e3o das organiza\u00e7\u00f5es e executivos com todos na empresa, desde os trabalhadores do escrit\u00f3rio at\u00e9 os da linha de frente, independentemente da localiza\u00e7\u00e3o, fuso hor\u00e1rio, idioma e fun\u00e7\u00e3o.<\/p>\n","protected":false},"author":1,"featured_media":0,"comment_status":"open","ping_status":"open","sticky":false,"template":"","format":"standard","meta":{"inline_featured_image":false,"footnotes":""},"categories":[5283,1517],"tags":[4551,1707,5408,2105,5439,5810],"class_list":["post-19864","post","type-post","status-publish","format-standard","hentry","category-colaboracao","category-team-collaboration-pt-br","tag-audience-engagement","tag-dispositivos-webex","tag-envolvimento-do-publico","tag-ferramentas-de-colaboracao","tag-solucoes-de-colaboracao","tag-webex-meetings-pt-br-2"],"acf":[],"yoast_head":"<!-- This site is optimized with the Yoast SEO plugin v27.1.1 - https:\/\/yoast.com\/product\/yoast-seo-wordpress\/ -->\n<title>Potencialize uma for\u00e7a de trabalho inclusiva e engajada com o Webex e o Workplace do Facebook | Webex Blog<\/title>\n<meta name=\"robots\" content=\"index, follow, max-snippet:-1, max-image-preview:large, max-video-preview:-1\" \/>\n<link rel=\"canonical\" href=\"https:\/\/blog.webex.com\/collaboration\/team-collaboration\/power-an-inclusive-and-engaged-workforce-with-webex-and-workplace-from-facebook\/\" \/>\n<meta property=\"og:locale\" content=\"pt_BR\" \/>\n<meta property=\"og:type\" content=\"article\" \/>\n<meta property=\"og:title\" content=\"Potencialize uma for\u00e7a de trabalho inclusiva e engajada com o Webex e o Workplace do Facebook | Webex Blog\" \/>\n<meta property=\"og:description\" content=\"Juntamente com a ferramenta Workplace, de f\u00e1cil utiliza\u00e7\u00e3o e pronta para uso, que cria uma comunidade de funcion\u00e1rios dentro de uma organiza\u00e7\u00e3o e com a experi\u00eancia de reuni\u00e3o perfeita, segura e inteligente do Webex, estamos facilitando a conex\u00e3o das organiza\u00e7\u00f5es e executivos com todos na empresa, desde os trabalhadores do escrit\u00f3rio at\u00e9 os da linha de frente, independentemente da localiza\u00e7\u00e3o, fuso hor\u00e1rio, idioma e fun\u00e7\u00e3o.\" \/>\n<meta property=\"og:url\" content=\"https:\/\/blog.webex.com\/collaboration\/team-collaboration\/power-an-inclusive-and-engaged-workforce-with-webex-and-workplace-from-facebook\/\" \/>\n<meta property=\"og:site_name\" content=\"Webex Blog\" \/>\n<meta property=\"article:author\" content=\"https:\/\/www.facebook.com\/webex\" \/>\n<meta property=\"article:published_time\" content=\"2021-05-26T15:32:21+00:00\" \/>\n<meta property=\"article:modified_time\" content=\"2021-07-30T15:50:47+00:00\" \/>\n<meta property=\"og:image\" content=\"https:\/\/blog.webex.com\/wp-content\/uploads\/2021\/05\/Bring-leadership-communications-to-life-from-anywhere.png\" \/>\n\t<meta property=\"og:image:width\" content=\"606\" \/>\n\t<meta property=\"og:image:height\" content=\"384\" \/>\n\t<meta property=\"og:image:type\" content=\"image\/png\" \/>\n<meta name=\"author\" content=\"Webex Team\" \/>\n<meta name=\"twitter:label1\" content=\"Escrito por\" \/>\n\t<meta name=\"twitter:data1\" content=\"Webex Team\" \/>\n\t<meta name=\"twitter:label2\" content=\"Est. tempo de leitura\" \/>\n\t<meta name=\"twitter:data2\" content=\"4 minutos\" \/>\n<script type=\"application\/ld+json\" class=\"yoast-schema-graph\">{\"@context\":\"https:\/\/schema.org\",\"@graph\":[{\"@type\":\"Article\",\"@id\":\"https:\/\/blog.webex.com\/collaboration\/team-collaboration\/power-an-inclusive-and-engaged-workforce-with-webex-and-workplace-from-facebook\/#article\",\"isPartOf\":{\"@id\":\"https:\/\/blog.webex.com\/collaboration\/team-collaboration\/power-an-inclusive-and-engaged-workforce-with-webex-and-workplace-from-facebook\/\"},\"author\":{\"name\":\"Webex Team\",\"@id\":\"https:\/\/blog.webex.com\/es\/#\/schema\/person\/e377ec8e77fab0d70a792b66ebf647c0\"},\"headline\":\"Potencialize uma for\u00e7a de trabalho inclusiva e engajada com o ...\",\"datePublished\":\"2021-05-26T15:32:21+00:00\",\"dateModified\":\"2021-07-30T15:50:47+00:00\",\"mainEntityOfPage\":{\"@id\":\"https:\/\/blog.webex.com\/collaboration\/team-collaboration\/power-an-inclusive-and-engaged-workforce-with-webex-and-workplace-from-facebook\/\"},\"wordCount\":768,\"commentCount\":0,\"image\":{\"@id\":\"https:\/\/blog.webex.com\/collaboration\/team-collaboration\/power-an-inclusive-and-engaged-workforce-with-webex-and-workplace-from-facebook\/#primaryimage\"},\"thumbnailUrl\":\"https:\/\/storage.googleapis.com\/wx-blg-prd-gcs\/wp-content\/uploads\/1\/2021\/05\/Bring-leadership-communications-to-life-from-anywhere.png\",\"keywords\":[\"Audience Engagement\",\"dispositivos webex\",\"envolvimento do p\u00fablico\",\"ferramentas de colabora\u00e7\u00e3o\",\"Solu\u00e7\u00f5es de colabora\u00e7\u00e3o\",\"Webex Meetings\"],\"articleSection\":[\"Colabora\u00e7\u00e3o\",\"Team Collaboration\"],\"inLanguage\":\"pt-BR\",\"potentialAction\":[{\"@type\":\"CommentAction\",\"name\":\"Comment\",\"target\":[\"https:\/\/blog.webex.com\/collaboration\/team-collaboration\/power-an-inclusive-and-engaged-workforce-with-webex-and-workplace-from-facebook\/#respond\"]}]},{\"@type\":\"WebPage\",\"@id\":\"https:\/\/blog.webex.com\/collaboration\/team-collaboration\/power-an-inclusive-and-engaged-workforce-with-webex-and-workplace-from-facebook\/\",\"url\":\"https:\/\/blog.webex.com\/collaboration\/team-collaboration\/power-an-inclusive-and-engaged-workforce-with-webex-and-workplace-from-facebook\/\",\"name\":\"Potencialize uma for\u00e7a de trabalho inclusiva e engajada com o Webex e o Workplace do Facebook | Webex Blog\",\"isPartOf\":{\"@id\":\"https:\/\/blog.webex.com\/es\/#website\"},\"primaryImageOfPage\":{\"@id\":\"https:\/\/blog.webex.com\/collaboration\/team-collaboration\/power-an-inclusive-and-engaged-workforce-with-webex-and-workplace-from-facebook\/#primaryimage\"},\"image\":{\"@id\":\"https:\/\/blog.webex.com\/collaboration\/team-collaboration\/power-an-inclusive-and-engaged-workforce-with-webex-and-workplace-from-facebook\/#primaryimage\"},\"thumbnailUrl\":\"https:\/\/storage.googleapis.com\/wx-blg-prd-gcs\/wp-content\/uploads\/1\/2021\/05\/Bring-leadership-communications-to-life-from-anywhere.png\",\"datePublished\":\"2021-05-26T15:32:21+00:00\",\"dateModified\":\"2021-07-30T15:50:47+00:00\",\"author\":{\"@id\":\"https:\/\/blog.webex.com\/es\/#\/schema\/person\/e377ec8e77fab0d70a792b66ebf647c0\"},\"breadcrumb\":{\"@id\":\"https:\/\/blog.webex.com\/collaboration\/team-collaboration\/power-an-inclusive-and-engaged-workforce-with-webex-and-workplace-from-facebook\/#breadcrumb\"},\"inLanguage\":\"pt-BR\",\"potentialAction\":[{\"@type\":\"ReadAction\",\"target\":[\"https:\/\/blog.webex.com\/collaboration\/team-collaboration\/power-an-inclusive-and-engaged-workforce-with-webex-and-workplace-from-facebook\/\"]}]},{\"@type\":\"ImageObject\",\"inLanguage\":\"pt-BR\",\"@id\":\"https:\/\/blog.webex.com\/collaboration\/team-collaboration\/power-an-inclusive-and-engaged-workforce-with-webex-and-workplace-from-facebook\/#primaryimage\",\"url\":\"https:\/\/storage.googleapis.com\/wx-blg-prd-gcs\/wp-content\/uploads\/1\/2021\/05\/Bring-leadership-communications-to-life-from-anywhere.png\",\"contentUrl\":\"https:\/\/storage.googleapis.com\/wx-blg-prd-gcs\/wp-content\/uploads\/1\/2021\/05\/Bring-leadership-communications-to-life-from-anywhere.png\"},{\"@type\":\"BreadcrumbList\",\"@id\":\"https:\/\/blog.webex.com\/collaboration\/team-collaboration\/power-an-inclusive-and-engaged-workforce-with-webex-and-workplace-from-facebook\/#breadcrumb\",\"itemListElement\":[{\"@type\":\"ListItem\",\"position\":1,\"name\":\"Home\",\"item\":\"https:\/\/blog.webex.com\/pt-br\/\"},{\"@type\":\"ListItem\",\"position\":2,\"name\":\"Potencialize uma for\u00e7a de trabalho inclusiva e engajada com o ...\"}]},{\"@type\":\"WebSite\",\"@id\":\"https:\/\/blog.webex.com\/es\/#website\",\"url\":\"https:\/\/blog.webex.com\/es\/\",\"name\":\"Webex Blog\",\"description\":\"Webex by Cisco powers collaboration through industry-leading video conferencing, cloud calling and contact center solutions\",\"potentialAction\":[{\"@type\":\"SearchAction\",\"target\":{\"@type\":\"EntryPoint\",\"urlTemplate\":\"https:\/\/blog.webex.com\/es\/?s={search_term_string}\"},\"query-input\":{\"@type\":\"PropertyValueSpecification\",\"valueRequired\":true,\"valueName\":\"search_term_string\"}}],\"inLanguage\":\"pt-BR\"},{\"@type\":\"Person\",\"@id\":\"https:\/\/blog.webex.com\/es\/#\/schema\/person\/e377ec8e77fab0d70a792b66ebf647c0\",\"name\":\"Webex Team\",\"image\":{\"@type\":\"ImageObject\",\"inLanguage\":\"pt-BR\",\"@id\":\"https:\/\/blog.webex.com\/es\/#\/schema\/person\/image\/\",\"url\":\"https:\/\/secure.gravatar.com\/avatar\/f2de40eb6d70014e905cc35d9daca32b1f90d87519cf61fce7607ea15ec87b11?s=96&d=wp_user_avatar&r=g\",\"contentUrl\":\"https:\/\/secure.gravatar.com\/avatar\/f2de40eb6d70014e905cc35d9daca32b1f90d87519cf61fce7607ea15ec87b11?s=96&d=wp_user_avatar&r=g\",\"caption\":\"Webex Team\"},\"description\":\"Webex is a leading provider of cloud-based collaboration solutions which includes video meetings, calling, messaging, events, customer experience solutions like contact center, and purpose-built collaboration devices.\",\"sameAs\":[\"http:\/\/www.webex.com\",\"https:\/\/www.facebook.com\/webex\",\"https:\/\/www.linkedin.com\/company\/webex\",\"https:\/\/x.com\/https:\/\/twitter.com\/Webex\"],\"url\":\"https:\/\/blog.webex.com\/pt-br\/contributors\/webexadmin\/\"}]}<\/script>\n<!-- \/ Yoast SEO plugin. -->","yoast_head_json":{"title":"Potencialize uma for\u00e7a de trabalho inclusiva e engajada com o Webex e o Workplace do Facebook | Webex Blog","robots":{"index":"index","follow":"follow","max-snippet":"max-snippet:-1","max-image-preview":"max-image-preview:large","max-video-preview":"max-video-preview:-1"},"canonical":"https:\/\/blog.webex.com\/collaboration\/team-collaboration\/power-an-inclusive-and-engaged-workforce-with-webex-and-workplace-from-facebook\/","og_locale":"pt_BR","og_type":"article","og_title":"Potencialize uma for\u00e7a de trabalho inclusiva e engajada com o Webex e o Workplace do Facebook | Webex Blog","og_description":"Juntamente com a ferramenta Workplace, de f\u00e1cil utiliza\u00e7\u00e3o e pronta para uso, que cria uma comunidade de funcion\u00e1rios dentro de uma organiza\u00e7\u00e3o e com a experi\u00eancia de reuni\u00e3o perfeita, segura e inteligente do Webex, estamos facilitando a conex\u00e3o das organiza\u00e7\u00f5es e executivos com todos na empresa, desde os trabalhadores do escrit\u00f3rio at\u00e9 os da linha de frente, independentemente da localiza\u00e7\u00e3o, fuso hor\u00e1rio, idioma e fun\u00e7\u00e3o.","og_url":"https:\/\/blog.webex.com\/collaboration\/team-collaboration\/power-an-inclusive-and-engaged-workforce-with-webex-and-workplace-from-facebook\/","og_site_name":"Webex Blog","article_author":"https:\/\/www.facebook.com\/webex","article_published_time":"2021-05-26T15:32:21+00:00","article_modified_time":"2021-07-30T15:50:47+00:00","og_image":[{"width":606,"height":384,"url":"https:\/\/blog.webex.com\/wp-content\/uploads\/2021\/05\/Bring-leadership-communications-to-life-from-anywhere.png","type":"image\/png"}],"author":"Webex Team","twitter_misc":{"Escrito por":"Webex Team","Est. tempo de leitura":"4 minutos"},"schema":{"@context":"https:\/\/schema.org","@graph":[{"@type":"Article","@id":"https:\/\/blog.webex.com\/collaboration\/team-collaboration\/power-an-inclusive-and-engaged-workforce-with-webex-and-workplace-from-facebook\/#article","isPartOf":{"@id":"https:\/\/blog.webex.com\/collaboration\/team-collaboration\/power-an-inclusive-and-engaged-workforce-with-webex-and-workplace-from-facebook\/"},"author":{"name":"Webex Team","@id":"https:\/\/blog.webex.com\/es\/#\/schema\/person\/e377ec8e77fab0d70a792b66ebf647c0"},"headline":"Potencialize uma for\u00e7a de trabalho inclusiva e engajada com o ...","datePublished":"2021-05-26T15:32:21+00:00","dateModified":"2021-07-30T15:50:47+00:00","mainEntityOfPage":{"@id":"https:\/\/blog.webex.com\/collaboration\/team-collaboration\/power-an-inclusive-and-engaged-workforce-with-webex-and-workplace-from-facebook\/"},"wordCount":768,"commentCount":0,"image":{"@id":"https:\/\/blog.webex.com\/collaboration\/team-collaboration\/power-an-inclusive-and-engaged-workforce-with-webex-and-workplace-from-facebook\/#primaryimage"},"thumbnailUrl":"https:\/\/storage.googleapis.com\/wx-blg-prd-gcs\/wp-content\/uploads\/1\/2021\/05\/Bring-leadership-communications-to-life-from-anywhere.png","keywords":["Audience Engagement","dispositivos webex","envolvimento do p\u00fablico","ferramentas de colabora\u00e7\u00e3o","Solu\u00e7\u00f5es de colabora\u00e7\u00e3o","Webex Meetings"],"articleSection":["Colabora\u00e7\u00e3o","Team Collaboration"],"inLanguage":"pt-BR","potentialAction":[{"@type":"CommentAction","name":"Comment","target":["https:\/\/blog.webex.com\/collaboration\/team-collaboration\/power-an-inclusive-and-engaged-workforce-with-webex-and-workplace-from-facebook\/#respond"]}]},{"@type":"WebPage","@id":"https:\/\/blog.webex.com\/collaboration\/team-collaboration\/power-an-inclusive-and-engaged-workforce-with-webex-and-workplace-from-facebook\/","url":"https:\/\/blog.webex.com\/collaboration\/team-collaboration\/power-an-inclusive-and-engaged-workforce-with-webex-and-workplace-from-facebook\/","name":"Potencialize uma for\u00e7a de trabalho inclusiva e engajada com o Webex e o Workplace do Facebook | Webex Blog","isPartOf":{"@id":"https:\/\/blog.webex.com\/es\/#website"},"primaryImageOfPage":{"@id":"https:\/\/blog.webex.com\/collaboration\/team-collaboration\/power-an-inclusive-and-engaged-workforce-with-webex-and-workplace-from-facebook\/#primaryimage"},"image":{"@id":"https:\/\/blog.webex.com\/collaboration\/team-collaboration\/power-an-inclusive-and-engaged-workforce-with-webex-and-workplace-from-facebook\/#primaryimage"},"thumbnailUrl":"https:\/\/storage.googleapis.com\/wx-blg-prd-gcs\/wp-content\/uploads\/1\/2021\/05\/Bring-leadership-communications-to-life-from-anywhere.png","datePublished":"2021-05-26T15:32:21+00:00","dateModified":"2021-07-30T15:50:47+00:00","author":{"@id":"https:\/\/blog.webex.com\/es\/#\/schema\/person\/e377ec8e77fab0d70a792b66ebf647c0"},"breadcrumb":{"@id":"https:\/\/blog.webex.com\/collaboration\/team-collaboration\/power-an-inclusive-and-engaged-workforce-with-webex-and-workplace-from-facebook\/#breadcrumb"},"inLanguage":"pt-BR","potentialAction":[{"@type":"ReadAction","target":["https:\/\/blog.webex.com\/collaboration\/team-collaboration\/power-an-inclusive-and-engaged-workforce-with-webex-and-workplace-from-facebook\/"]}]},{"@type":"ImageObject","inLanguage":"pt-BR","@id":"https:\/\/blog.webex.com\/collaboration\/team-collaboration\/power-an-inclusive-and-engaged-workforce-with-webex-and-workplace-from-facebook\/#primaryimage","url":"https:\/\/storage.googleapis.com\/wx-blg-prd-gcs\/wp-content\/uploads\/1\/2021\/05\/Bring-leadership-communications-to-life-from-anywhere.png","contentUrl":"https:\/\/storage.googleapis.com\/wx-blg-prd-gcs\/wp-content\/uploads\/1\/2021\/05\/Bring-leadership-communications-to-life-from-anywhere.png"},{"@type":"BreadcrumbList","@id":"https:\/\/blog.webex.com\/collaboration\/team-collaboration\/power-an-inclusive-and-engaged-workforce-with-webex-and-workplace-from-facebook\/#breadcrumb","itemListElement":[{"@type":"ListItem","position":1,"name":"Home","item":"https:\/\/blog.webex.com\/pt-br\/"},{"@type":"ListItem","position":2,"name":"Potencialize uma for\u00e7a de trabalho inclusiva e engajada com o ..."}]},{"@type":"WebSite","@id":"https:\/\/blog.webex.com\/es\/#website","url":"https:\/\/blog.webex.com\/es\/","name":"Webex Blog","description":"Webex by Cisco powers collaboration through industry-leading video conferencing, cloud calling and contact center solutions","potentialAction":[{"@type":"SearchAction","target":{"@type":"EntryPoint","urlTemplate":"https:\/\/blog.webex.com\/es\/?s={search_term_string}"},"query-input":{"@type":"PropertyValueSpecification","valueRequired":true,"valueName":"search_term_string"}}],"inLanguage":"pt-BR"},{"@type":"Person","@id":"https:\/\/blog.webex.com\/es\/#\/schema\/person\/e377ec8e77fab0d70a792b66ebf647c0","name":"Webex Team","image":{"@type":"ImageObject","inLanguage":"pt-BR","@id":"https:\/\/blog.webex.com\/es\/#\/schema\/person\/image\/","url":"https:\/\/secure.gravatar.com\/avatar\/f2de40eb6d70014e905cc35d9daca32b1f90d87519cf61fce7607ea15ec87b11?s=96&d=wp_user_avatar&r=g","contentUrl":"https:\/\/secure.gravatar.com\/avatar\/f2de40eb6d70014e905cc35d9daca32b1f90d87519cf61fce7607ea15ec87b11?s=96&d=wp_user_avatar&r=g","caption":"Webex Team"},"description":"Webex is a leading provider of cloud-based collaboration solutions which includes video meetings, calling, messaging, events, customer experience solutions like contact center, and purpose-built collaboration devices.","sameAs":["http:\/\/www.webex.com","https:\/\/www.facebook.com\/webex","https:\/\/www.linkedin.com\/company\/webex","https:\/\/x.com\/https:\/\/twitter.com\/Webex"],"url":"https:\/\/blog.webex.com\/pt-br\/contributors\/webexadmin\/"}]}},"_links":{"self":[{"href":"https:\/\/blog.webex.com\/pt-br\/wp-json\/wp\/v2\/posts\/19864","targetHints":{"allow":["GET"]}}],"collection":[{"href":"https:\/\/blog.webex.com\/pt-br\/wp-json\/wp\/v2\/posts"}],"about":[{"href":"https:\/\/blog.webex.com\/pt-br\/wp-json\/wp\/v2\/types\/post"}],"author":[{"embeddable":true,"href":"https:\/\/blog.webex.com\/pt-br\/wp-json\/wp\/v2\/users\/1"}],"replies":[{"embeddable":true,"href":"https:\/\/blog.webex.com\/pt-br\/wp-json\/wp\/v2\/comments?post=19864"}],"version-history":[{"count":0,"href":"https:\/\/blog.webex.com\/pt-br\/wp-json\/wp\/v2\/posts\/19864\/revisions"}],"wp:attachment":[{"href":"https:\/\/blog.webex.com\/pt-br\/wp-json\/wp\/v2\/media?parent=19864"}],"wp:term":[{"taxonomy":"category","embeddable":true,"href":"https:\/\/blog.webex.com\/pt-br\/wp-json\/wp\/v2\/categories?post=19864"},{"taxonomy":"post_tag","embeddable":true,"href":"https:\/\/blog.webex.com\/pt-br\/wp-json\/wp\/v2\/tags?post=19864"}],"curies":[{"name":"wp","href":"https:\/\/api.w.org\/{rel}","templated":true}]}}