{"id":20255,"date":"2021-07-16T16:01:35","date_gmt":"2021-07-16T23:01:35","guid":{"rendered":"https:\/\/blog.webex.com\/uncategorized-pt-br\/como-uma-escola-usou-os-dispositivos-de-video-webex-para-promover-inclusao-e-ter-sucesso-durante-a-pandemia\/"},"modified":"2021-11-04T09:03:59","modified_gmt":"2021-11-04T16:03:59","slug":"como-uma-escola-usou-os-dispositivos-de-video-webex-para-promover-inclusao-e-ter-sucesso-durante-a-pandemia","status":"publish","type":"post","link":"https:\/\/blog.webex.com\/pt-br\/customer-stories\/como-uma-escola-usou-os-dispositivos-de-video-webex-para-promover-inclusao-e-ter-sucesso-durante-a-pandemia\/","title":{"rendered":"Como uma escola usou os Dispositivos de V\u00eddeo Webex para promover ..."},"content":{"rendered":"<h2><strong>Al\u00e9m do aprendizado com as salas de aula h\u00edbridas do Webex da Cisco<\/strong><\/h2>\n<p>A Oak Meadow School \u00e9 uma escola independente localizada em Littleton, Massachusetts, que atende crian\u00e7as com idades entre 15\u00a0meses at\u00e9 a 8\u00aa\u00a0s\u00e9rie. A Oak Meadow School \u00e9 uma escola Montessoriana, baseada na filosofia Montessori centrada na crian\u00e7a, que promove a excel\u00eancia acad\u00eamica, o crescimento pessoal e a consci\u00eancia cultural ao mesmo tempo em que desenvolve o esp\u00edrito das crian\u00e7as.<\/p>\n<p>O que faz a Oak Meadow se destacar \u00e9 que, assim que o Estado imp\u00f4s o lockdown, em mar\u00e7o de 2020, seu foco foi como possibilitar que seus professores ensinassem de forma envolvente para que as crian\u00e7as pudessem aprender e realizar seu programa de ensino. O objetivo era fazer com que todas as crian\u00e7as se sentissem inclu\u00eddas, independentemente de voltarem para a sala de aula ou de optarem por permanecer em casa no ano letivo seguinte.<\/p>\n<p>Isso estava em total desacordo com a maioria das escolas, cujo foco estava no \u201censino on-line\u201d.\u00a0 Essa diferen\u00e7a sutil de focar nos resultados, e n\u00e3o no m\u00e9todo, foi uma das muitas raz\u00f5es pelas quais a Oak Meadow foi capaz de oferecer um programa curricular completo e n\u00e3o sofrer as perdas significativas no ensino que muitas outras escolas sofreram.<\/p>\n<h2><strong>Mudan\u00e7a das salas de aula totalmente remotas para salas h\u00edbridas com os dispositivos Webex<\/strong><\/h2>\n<p>Quando a Oak Meadow teve que fechar em mar\u00e7o de 2020, eles usaram o Webex para que professores e crian\u00e7as trabalhassem todos em casa. Depois de apenas uma semana de prepara\u00e7\u00e3o, os professores estavam dando aulas e ensinando, apesar de estarem em casa. N\u00e3o apenas \u201censino on-line\u201d, mas ensinando de verdade.<\/p>\n<p>Paralelamente, a Oak Meadow come\u00e7ou a se planejar seriamente para o novo ano letivo em setembro. Em Massachusetts, o estado permitiu que as escolas abrissem para o ensino presencial, desde que as diretrizes fossem seguidas. Para a Oak Meadow, isso significava que 70% das fam\u00edlias optaram por mandar seus filhos de volta para a sala de aula, enquanto 30% queriam mant\u00ea-los em casa.<\/p>\n<p>N\u00e3o havia professores suficientes para dar aulas separadas para as crian\u00e7as em casa e as presenciais. A Oak Meadow precisava ter certeza de que o mesmo professor poderia \u201cdar aula\u201d para as crian\u00e7as em sala e em casa de uma forma eficaz que lhes permitisse n\u00e3o apenas realizar o curr\u00edculo, mas garantir que n\u00e3o houvesse perda no aprendizado.<\/p>\n<p><a href=\"https:\/\/storage.googleapis.com\/wx-blg-prd-gcs\/wp-content\/uploads\/1\/2021\/07\/In-class-at-oak-meadows.jpg\"><br \/>\n  <img loading=\"lazy\" decoding=\"async\" class=\"aligncenter size-full wp-image-18638\" src=\"https:\/\/storage.googleapis.com\/wx-blg-prd-gcs\/wp-content\/uploads\/1\/2021\/07\/In-class-at-oak-meadows.jpg\" alt=\"Ensino presencial na Oak Meadows\" width=\"1155\" height=\"870\" srcset=\"https:\/\/blog.webex.com\/wp-content\/uploads\/2021\/07\/In-class-at-oak-meadows.jpg 690w, https:\/\/blog.webex.com\/wp-content\/uploads\/2021\/07\/In-class-at-oak-meadows-300x226.jpg 300w, https:\/\/blog.webex.com\/wp-content\/uploads\/2021\/07\/In-class-at-oak-meadows-1025x772.jpg 1025w, https:\/\/blog.webex.com\/wp-content\/uploads\/2021\/07\/In-class-at-oak-meadows-768x578.jpg 768w\" sizes=\"auto, (max-width: 1155px) 100vw, 1155px\" \/><br \/>\n<\/a><\/p>\n<p>Como voc\u00ea pode ver na foto, como exemplo de uma das salas de aula, isso foi poss\u00edvel usando um \u00fanico Webex Room Kit com dois monitores Samsung emparelhados, neste caso, com uma Webex Board.<\/p>\n<p>O principal impacto dessa configura\u00e7\u00e3o \u00e9 que o professor, ao lado do Webex Board, pode ver e interagir com as crian\u00e7as locais e remotas na mesma visualiza\u00e7\u00e3o.\u00a0 N\u00e3o h\u00e1 necessidade de olhar para um laptop para enxergar as crian\u00e7as remotas.\u00a0 Isso \u00e9 muito mais natural e envolvente.\u00a0 Da mesma forma, as crian\u00e7as em casa sentem que est\u00e3o na sala de aula e n\u00e3o apenas assistindo de longe!<\/p>\n<p>Ao fazer com que as crian\u00e7as em casa fiquem \u201cdentro\u201d da sala, nos grandes monitores, elas conseguem se envolver com as crian\u00e7as presenciais e tamb\u00e9m com o professor, de modo que todos se sintam inclu\u00eddos.<\/p>\n<p><a href=\"https:\/\/storage.googleapis.com\/wx-blg-prd-gcs\/wp-content\/uploads\/1\/2021\/07\/Oak-Meadow-leader.png\"><br \/>\n  <img loading=\"lazy\" decoding=\"async\" class=\"aligncenter size-full wp-image-18648\" src=\"https:\/\/storage.googleapis.com\/wx-blg-prd-gcs\/wp-content\/uploads\/1\/2021\/07\/Oak-Meadow-leader.png\" alt=\"L\u00edder da Oak Meadows\" width=\"906\" height=\"508\" srcset=\"https:\/\/blog.webex.com\/wp-content\/uploads\/2021\/07\/Oak-Meadow-leader.png 906w, https:\/\/blog.webex.com\/wp-content\/uploads\/2021\/07\/Oak-Meadow-leader-300x168.png 300w, https:\/\/blog.webex.com\/wp-content\/uploads\/2021\/07\/Oak-Meadow-leader-768x431.png 768w\" sizes=\"auto, (max-width: 906px) 100vw, 906px\" \/><br \/>\n<\/a><\/p>\n<p><em>\u201cUm excelente aprendizado s\u00f3 acontece quando o lado social e emocional da vida do estudante est\u00e1 em equil\u00edbrio.\u00a0 Precis\u00e1vamos de uma tecnologia cujo objetivo fosse envolver os alunos\u201d \u2013 Jay Scheurle, L\u00edder da Escola<\/em><\/p>\n<p><a href=\"https:\/\/storage.googleapis.com\/wx-blg-prd-gcs\/wp-content\/uploads\/1\/2021\/07\/great-learning-and-oak-meadows.png\"><br \/>\n  <img loading=\"lazy\" decoding=\"async\" class=\"aligncenter size-full wp-image-18658\" src=\"https:\/\/storage.googleapis.com\/wx-blg-prd-gcs\/wp-content\/uploads\/1\/2021\/07\/great-learning-and-oak-meadows.png\" alt=\"Rylan Bottger \u2013 Aluno remoto da 6\u00aa\u00a0s\u00e9rie e a Oak Meadows School\" width=\"908\" height=\"498\" srcset=\"https:\/\/blog.webex.com\/wp-content\/uploads\/2021\/07\/great-learning-and-oak-meadows.png 908w, https:\/\/blog.webex.com\/wp-content\/uploads\/2021\/07\/great-learning-and-oak-meadows-300x165.png 300w, https:\/\/blog.webex.com\/wp-content\/uploads\/2021\/07\/great-learning-and-oak-meadows-768x421.png 768w\" sizes=\"auto, (max-width: 908px) 100vw, 908px\" \/><br \/>\n<\/a><\/p>\n<p>\u201c<em>Os alunos enxergam voc\u00ea com facilidade. Eles conseguem interagir com voc\u00ea e voc\u00ea consegue interagir com eles. Parece uma sala de aula de verdade!\u201d Rylan Bottger \u2013 Aluno remoto da 6<sup>a<\/sup> s\u00e9rie<\/em><\/p>\n<p><a href=\"https:\/\/storage.googleapis.com\/wx-blg-prd-gcs\/wp-content\/uploads\/1\/2021\/07\/Teacher-and-student-at-oak-meadows.png\"><br \/>\n  <img loading=\"lazy\" decoding=\"async\" class=\"aligncenter size-full wp-image-18668\" src=\"https:\/\/storage.googleapis.com\/wx-blg-prd-gcs\/wp-content\/uploads\/1\/2021\/07\/Teacher-and-student-at-oak-meadows.png\" alt=\"Professor e aluno na Oak Meadows\" width=\"908\" height=\"508\" srcset=\"https:\/\/blog.webex.com\/wp-content\/uploads\/2021\/07\/Teacher-and-student-at-oak-meadows.png 908w, https:\/\/blog.webex.com\/wp-content\/uploads\/2021\/07\/Teacher-and-student-at-oak-meadows-300x168.png 300w, https:\/\/blog.webex.com\/wp-content\/uploads\/2021\/07\/Teacher-and-student-at-oak-meadows-768x430.png 768w\" sizes=\"auto, (max-width: 908px) 100vw, 908px\" \/><br \/>\n<\/a><\/p>\n<p><em>\u201cAgora que usei, consigo perceber como vai ajudar a resolver muitos problemas fora da pandemia\u201d Sr. D\u2019Amore \u2013 Professor de Ci\u00eancias<\/em><\/p>\n<h2><strong>Al\u00e9m da pandemia e como a Oak Meadow usar\u00e1 o Webex e os dispositivos<\/strong><\/h2>\n<p>Na Oak Meadow, eles tiveram um \u201cano incr\u00edvel de sucesso\u201d, segundo o Sr. Scheurle. Eles agora est\u00e3o trabalhando ativamente no uso das salas de aula e do Webex para aprimorar seu curr\u00edculo, mesmo que \u00e0s vezes todos estejam em modo presencial. Eles est\u00e3o planejando usar alguns dos servi\u00e7os de educa\u00e7\u00e3o do Webex para que os alunos conversem com guardas-florestais do parque nacional ou bi\u00f3logos marinhos em aqu\u00e1rios, tudo sem sair da sala de aula. Clique <a href=\"https:\/\/oakmeadow.org\/blended-learning\/\">aqui<\/a> para obter mais informa\u00e7\u00f5es sobre a Oak Meadow.<\/p>\n<p>Assista ao v\u00eddeo:<\/p>\n<p><iframe loading=\"lazy\" title=\"A successful school year enabled by Webex  |  Hybrid Classrooms\" width=\"500\" height=\"281\" src=\"https:\/\/www.youtube.com\/embed\/kvnJ7JxWhyM?feature=oembed\" frameborder=\"0\" allow=\"accelerometer; autoplay; clipboard-write; encrypted-media; gyroscope; picture-in-picture; web-share\" referrerpolicy=\"strict-origin-when-cross-origin\" allowfullscreen><\/iframe><\/p>\n<p><strong>Saiba mais<\/strong><\/p>\n<p><a href=\"https:\/\/blog.webex.com\/pt-br\/videoconferencia\/experiencias-de-aprendizagem-potencializadas-pelo-cisco-webex\/\">Experi\u00eancias de ensino possibilitadas pelo Cisco Webex<\/a><\/p>\n<p><a href=\"https:\/\/blog.webex.com\/video-conferencing\/experience-the-new-webex-for-education-simple-and-secure-out-of-the-box\/\">Blackboard Learn e Webex unem for\u00e7as para expandir o alcance da educa\u00e7\u00e3o<\/a><\/p>\n<p><a href=\"https:\/\/blog.webex.com\/video-conferencing\/webex-integration-partners-join-cisco-in-offers-for-education\/\">Parceiros de integra\u00e7\u00e3o do Webex se juntam \u00e0 Cisco para fomentar a educa\u00e7\u00e3o\u00a0<\/a><\/p>\n<p><strong>Recursos de educa\u00e7\u00e3o<\/strong><\/p>\n<p><a href=\"https:\/\/www.webex.com\/webex_terms.html\">Bem-vindo ao ensino virtual<\/a><\/p>\n<p><a href=\"https:\/\/www.cisco.com\/c\/en\/us\/solutions\/collaboration\/education-connector.html\">Conector do Cisco Webex Education<\/a><\/p>\n<p><a href=\"https:\/\/www.webex.com\/industries\/education.html\">Cisco Webex Education<\/a><\/p>\n","protected":false},"excerpt":{"rendered":"<p>Descubra como a Oak Meadow School passou das salas de aula totalmente remotas para salas de aula h\u00edbridas com os dispositivos Webex!<\/p>\n","protected":false},"author":5431,"featured_media":18636,"comment_status":"open","ping_status":"open","sticky":false,"template":"","format":"standard","meta":{"inline_featured_image":false,"footnotes":""},"categories":[424,1507,1524],"tags":[2105,480],"class_list":["post-20255","post","type-post","status-publish","format-standard","has-post-thumbnail","hentry","category-customer-stories","category-customer-stories-pt-br","category-espacos-de-trabalho","tag-ferramentas-de-colaboracao","tag-webex-hybrid-education"],"acf":[],"yoast_head":"<!-- This site is optimized with the Yoast SEO plugin v27.1.1 - https:\/\/yoast.com\/product\/yoast-seo-wordpress\/ -->\n<title>Como uma escola usou os Dispositivos de V\u00eddeo Webex para promover inclus\u00e3o e ter sucesso durante a pandemia | Webex Blog<\/title>\n<meta name=\"robots\" content=\"index, follow, max-snippet:-1, max-image-preview:large, max-video-preview:-1\" \/>\n<link rel=\"canonical\" href=\"https:\/\/blog.webex.com\/pt-br\/customer-stories\/como-uma-escola-usou-os-dispositivos-de-video-webex-para-promover-inclusao-e-ter-sucesso-durante-a-pandemia\/\" \/>\n<meta property=\"og:locale\" content=\"pt_BR\" \/>\n<meta property=\"og:type\" content=\"article\" \/>\n<meta property=\"og:title\" content=\"Como uma escola usou os Dispositivos de V\u00eddeo Webex para promover inclus\u00e3o e ter sucesso durante a pandemia | Webex Blog\" \/>\n<meta property=\"og:description\" content=\"Descubra como a Oak Meadow School passou das salas de aula totalmente remotas para salas de aula h\u00edbridas com os dispositivos Webex!\" \/>\n<meta property=\"og:url\" content=\"https:\/\/blog.webex.com\/pt-br\/customer-stories\/como-uma-escola-usou-os-dispositivos-de-video-webex-para-promover-inclusao-e-ter-sucesso-durante-a-pandemia\/\" \/>\n<meta property=\"og:site_name\" content=\"Webex Blog\" \/>\n<meta property=\"article:published_time\" content=\"2021-07-16T23:01:35+00:00\" \/>\n<meta property=\"article:modified_time\" content=\"2021-11-04T16:03:59+00:00\" \/>\n<meta property=\"og:image\" content=\"https:\/\/blog.webex.com\/wp-content\/uploads\/2021\/07\/Oak-Medows-2.png\" \/>\n\t<meta property=\"og:image:width\" content=\"975\" \/>\n\t<meta property=\"og:image:height\" content=\"554\" \/>\n\t<meta property=\"og:image:type\" content=\"image\/png\" \/>\n<meta name=\"author\" content=\"Marte Holt Sannesmoen\" \/>\n<meta name=\"twitter:label1\" content=\"Escrito por\" \/>\n\t<meta name=\"twitter:data1\" content=\"Marte Holt Sannesmoen\" \/>\n\t<meta name=\"twitter:label2\" content=\"Est. tempo de leitura\" \/>\n\t<meta name=\"twitter:data2\" content=\"4 minutos\" \/>\n<script type=\"application\/ld+json\" class=\"yoast-schema-graph\">{\"@context\":\"https:\/\/schema.org\",\"@graph\":[{\"@type\":\"Article\",\"@id\":\"https:\/\/blog.webex.com\/pt-br\/customer-stories\/como-uma-escola-usou-os-dispositivos-de-video-webex-para-promover-inclusao-e-ter-sucesso-durante-a-pandemia\/#article\",\"isPartOf\":{\"@id\":\"https:\/\/blog.webex.com\/pt-br\/customer-stories\/como-uma-escola-usou-os-dispositivos-de-video-webex-para-promover-inclusao-e-ter-sucesso-durante-a-pandemia\/\"},\"author\":{\"name\":\"Marte Holt Sannesmoen\",\"@id\":\"https:\/\/blog.webex.com\/es\/#\/schema\/person\/da0d411db2ceb72997ecc416df288a44\"},\"headline\":\"Como uma escola usou os Dispositivos de V\u00eddeo Webex para promover ...\",\"datePublished\":\"2021-07-16T23:01:35+00:00\",\"dateModified\":\"2021-11-04T16:03:59+00:00\",\"mainEntityOfPage\":{\"@id\":\"https:\/\/blog.webex.com\/pt-br\/customer-stories\/como-uma-escola-usou-os-dispositivos-de-video-webex-para-promover-inclusao-e-ter-sucesso-durante-a-pandemia\/\"},\"wordCount\":848,\"commentCount\":0,\"image\":{\"@id\":\"https:\/\/blog.webex.com\/pt-br\/customer-stories\/como-uma-escola-usou-os-dispositivos-de-video-webex-para-promover-inclusao-e-ter-sucesso-durante-a-pandemia\/#primaryimage\"},\"thumbnailUrl\":\"https:\/\/blog.webex.com\/wp-content\/uploads\/2021\/07\/Oak-Medows-2.png\",\"keywords\":[\"ferramentas de colabora\u00e7\u00e3o\",\"Webex Hybrid Education\"],\"articleSection\":[\"Customer Stories\",\"Customer Stories\",\"Espa\u00e7os de trabalho\"],\"inLanguage\":\"pt-BR\",\"potentialAction\":[{\"@type\":\"CommentAction\",\"name\":\"Comment\",\"target\":[\"https:\/\/blog.webex.com\/pt-br\/customer-stories\/como-uma-escola-usou-os-dispositivos-de-video-webex-para-promover-inclusao-e-ter-sucesso-durante-a-pandemia\/#respond\"]}]},{\"@type\":\"WebPage\",\"@id\":\"https:\/\/blog.webex.com\/pt-br\/customer-stories\/como-uma-escola-usou-os-dispositivos-de-video-webex-para-promover-inclusao-e-ter-sucesso-durante-a-pandemia\/\",\"url\":\"https:\/\/blog.webex.com\/pt-br\/customer-stories\/como-uma-escola-usou-os-dispositivos-de-video-webex-para-promover-inclusao-e-ter-sucesso-durante-a-pandemia\/\",\"name\":\"Como uma escola usou os Dispositivos de V\u00eddeo Webex para promover inclus\u00e3o e ter sucesso durante a pandemia | Webex Blog\",\"isPartOf\":{\"@id\":\"https:\/\/blog.webex.com\/es\/#website\"},\"primaryImageOfPage\":{\"@id\":\"https:\/\/blog.webex.com\/pt-br\/customer-stories\/como-uma-escola-usou-os-dispositivos-de-video-webex-para-promover-inclusao-e-ter-sucesso-durante-a-pandemia\/#primaryimage\"},\"image\":{\"@id\":\"https:\/\/blog.webex.com\/pt-br\/customer-stories\/como-uma-escola-usou-os-dispositivos-de-video-webex-para-promover-inclusao-e-ter-sucesso-durante-a-pandemia\/#primaryimage\"},\"thumbnailUrl\":\"https:\/\/blog.webex.com\/wp-content\/uploads\/2021\/07\/Oak-Medows-2.png\",\"datePublished\":\"2021-07-16T23:01:35+00:00\",\"dateModified\":\"2021-11-04T16:03:59+00:00\",\"author\":{\"@id\":\"https:\/\/blog.webex.com\/es\/#\/schema\/person\/da0d411db2ceb72997ecc416df288a44\"},\"breadcrumb\":{\"@id\":\"https:\/\/blog.webex.com\/pt-br\/customer-stories\/como-uma-escola-usou-os-dispositivos-de-video-webex-para-promover-inclusao-e-ter-sucesso-durante-a-pandemia\/#breadcrumb\"},\"inLanguage\":\"pt-BR\",\"potentialAction\":[{\"@type\":\"ReadAction\",\"target\":[\"https:\/\/blog.webex.com\/pt-br\/customer-stories\/como-uma-escola-usou-os-dispositivos-de-video-webex-para-promover-inclusao-e-ter-sucesso-durante-a-pandemia\/\"]}]},{\"@type\":\"ImageObject\",\"inLanguage\":\"pt-BR\",\"@id\":\"https:\/\/blog.webex.com\/pt-br\/customer-stories\/como-uma-escola-usou-os-dispositivos-de-video-webex-para-promover-inclusao-e-ter-sucesso-durante-a-pandemia\/#primaryimage\",\"url\":\"https:\/\/blog.webex.com\/wp-content\/uploads\/2021\/07\/Oak-Medows-2.png\",\"contentUrl\":\"https:\/\/blog.webex.com\/wp-content\/uploads\/2021\/07\/Oak-Medows-2.png\",\"width\":975,\"height\":554,\"caption\":\"Oak Meadows customer story\"},{\"@type\":\"BreadcrumbList\",\"@id\":\"https:\/\/blog.webex.com\/pt-br\/customer-stories\/como-uma-escola-usou-os-dispositivos-de-video-webex-para-promover-inclusao-e-ter-sucesso-durante-a-pandemia\/#breadcrumb\",\"itemListElement\":[{\"@type\":\"ListItem\",\"position\":1,\"name\":\"Home\",\"item\":\"https:\/\/blog.webex.com\/pt-br\/\"},{\"@type\":\"ListItem\",\"position\":2,\"name\":\"Como uma escola usou os Dispositivos de V\u00eddeo Webex para promover ...\"}]},{\"@type\":\"WebSite\",\"@id\":\"https:\/\/blog.webex.com\/es\/#website\",\"url\":\"https:\/\/blog.webex.com\/es\/\",\"name\":\"Webex Blog\",\"description\":\"Webex by Cisco powers collaboration through industry-leading video conferencing, cloud calling and contact center solutions\",\"potentialAction\":[{\"@type\":\"SearchAction\",\"target\":{\"@type\":\"EntryPoint\",\"urlTemplate\":\"https:\/\/blog.webex.com\/es\/?s={search_term_string}\"},\"query-input\":{\"@type\":\"PropertyValueSpecification\",\"valueRequired\":true,\"valueName\":\"search_term_string\"}}],\"inLanguage\":\"pt-BR\"},{\"@type\":\"Person\",\"@id\":\"https:\/\/blog.webex.com\/es\/#\/schema\/person\/da0d411db2ceb72997ecc416df288a44\",\"name\":\"Marte Holt Sannesmoen\",\"image\":{\"@type\":\"ImageObject\",\"inLanguage\":\"pt-BR\",\"@id\":\"https:\/\/blog.webex.com\/es\/#\/schema\/person\/image\/\",\"url\":\"https:\/\/secure.gravatar.com\/avatar\/9f511662b4f5fd84e2a947ee527cb3988dc0ac637969522d4041bdd63645f08f?s=96&d=wp_user_avatar&r=g\",\"contentUrl\":\"https:\/\/secure.gravatar.com\/avatar\/9f511662b4f5fd84e2a947ee527cb3988dc0ac637969522d4041bdd63645f08f?s=96&d=wp_user_avatar&r=g\",\"caption\":\"Marte Holt Sannesmoen\"},\"description\":\"Marte is a Creative Writer for the Product Marketing team for Webex Rooms. Prior to joining Cisco, she worked as a Graduate Client Manager for an insight agency. She also spent time interning for an international NGO, working in healthcare technology communications. She holds a MSc in Corporate Communications from The University of Amsterdam, and a BSc (Hons) from The University of Manchester.\",\"sameAs\":[\"https:\/\/www.linkedin.com\/in\/marte-sannesmoen-360aa2146\/\"],\"url\":\"https:\/\/blog.webex.com\/pt-br\/contributors\/marteholtsannesmoen\/\"}]}<\/script>\n<!-- \/ Yoast SEO plugin. -->","yoast_head_json":{"title":"Como uma escola usou os Dispositivos de V\u00eddeo Webex para promover inclus\u00e3o e ter sucesso durante a pandemia | Webex Blog","robots":{"index":"index","follow":"follow","max-snippet":"max-snippet:-1","max-image-preview":"max-image-preview:large","max-video-preview":"max-video-preview:-1"},"canonical":"https:\/\/blog.webex.com\/pt-br\/customer-stories\/como-uma-escola-usou-os-dispositivos-de-video-webex-para-promover-inclusao-e-ter-sucesso-durante-a-pandemia\/","og_locale":"pt_BR","og_type":"article","og_title":"Como uma escola usou os Dispositivos de V\u00eddeo Webex para promover inclus\u00e3o e ter sucesso durante a pandemia | Webex Blog","og_description":"Descubra como a Oak Meadow School passou das salas de aula totalmente remotas para salas de aula h\u00edbridas com os dispositivos Webex!","og_url":"https:\/\/blog.webex.com\/pt-br\/customer-stories\/como-uma-escola-usou-os-dispositivos-de-video-webex-para-promover-inclusao-e-ter-sucesso-durante-a-pandemia\/","og_site_name":"Webex Blog","article_published_time":"2021-07-16T23:01:35+00:00","article_modified_time":"2021-11-04T16:03:59+00:00","og_image":[{"width":975,"height":554,"url":"https:\/\/blog.webex.com\/wp-content\/uploads\/2021\/07\/Oak-Medows-2.png","type":"image\/png"}],"author":"Marte Holt Sannesmoen","twitter_misc":{"Escrito por":"Marte Holt Sannesmoen","Est. tempo de leitura":"4 minutos"},"schema":{"@context":"https:\/\/schema.org","@graph":[{"@type":"Article","@id":"https:\/\/blog.webex.com\/pt-br\/customer-stories\/como-uma-escola-usou-os-dispositivos-de-video-webex-para-promover-inclusao-e-ter-sucesso-durante-a-pandemia\/#article","isPartOf":{"@id":"https:\/\/blog.webex.com\/pt-br\/customer-stories\/como-uma-escola-usou-os-dispositivos-de-video-webex-para-promover-inclusao-e-ter-sucesso-durante-a-pandemia\/"},"author":{"name":"Marte Holt Sannesmoen","@id":"https:\/\/blog.webex.com\/es\/#\/schema\/person\/da0d411db2ceb72997ecc416df288a44"},"headline":"Como uma escola usou os Dispositivos de V\u00eddeo Webex para promover ...","datePublished":"2021-07-16T23:01:35+00:00","dateModified":"2021-11-04T16:03:59+00:00","mainEntityOfPage":{"@id":"https:\/\/blog.webex.com\/pt-br\/customer-stories\/como-uma-escola-usou-os-dispositivos-de-video-webex-para-promover-inclusao-e-ter-sucesso-durante-a-pandemia\/"},"wordCount":848,"commentCount":0,"image":{"@id":"https:\/\/blog.webex.com\/pt-br\/customer-stories\/como-uma-escola-usou-os-dispositivos-de-video-webex-para-promover-inclusao-e-ter-sucesso-durante-a-pandemia\/#primaryimage"},"thumbnailUrl":"https:\/\/blog.webex.com\/wp-content\/uploads\/2021\/07\/Oak-Medows-2.png","keywords":["ferramentas de colabora\u00e7\u00e3o","Webex Hybrid Education"],"articleSection":["Customer Stories","Customer Stories","Espa\u00e7os de trabalho"],"inLanguage":"pt-BR","potentialAction":[{"@type":"CommentAction","name":"Comment","target":["https:\/\/blog.webex.com\/pt-br\/customer-stories\/como-uma-escola-usou-os-dispositivos-de-video-webex-para-promover-inclusao-e-ter-sucesso-durante-a-pandemia\/#respond"]}]},{"@type":"WebPage","@id":"https:\/\/blog.webex.com\/pt-br\/customer-stories\/como-uma-escola-usou-os-dispositivos-de-video-webex-para-promover-inclusao-e-ter-sucesso-durante-a-pandemia\/","url":"https:\/\/blog.webex.com\/pt-br\/customer-stories\/como-uma-escola-usou-os-dispositivos-de-video-webex-para-promover-inclusao-e-ter-sucesso-durante-a-pandemia\/","name":"Como uma escola usou os Dispositivos de V\u00eddeo Webex para promover inclus\u00e3o e ter sucesso durante a pandemia | Webex Blog","isPartOf":{"@id":"https:\/\/blog.webex.com\/es\/#website"},"primaryImageOfPage":{"@id":"https:\/\/blog.webex.com\/pt-br\/customer-stories\/como-uma-escola-usou-os-dispositivos-de-video-webex-para-promover-inclusao-e-ter-sucesso-durante-a-pandemia\/#primaryimage"},"image":{"@id":"https:\/\/blog.webex.com\/pt-br\/customer-stories\/como-uma-escola-usou-os-dispositivos-de-video-webex-para-promover-inclusao-e-ter-sucesso-durante-a-pandemia\/#primaryimage"},"thumbnailUrl":"https:\/\/blog.webex.com\/wp-content\/uploads\/2021\/07\/Oak-Medows-2.png","datePublished":"2021-07-16T23:01:35+00:00","dateModified":"2021-11-04T16:03:59+00:00","author":{"@id":"https:\/\/blog.webex.com\/es\/#\/schema\/person\/da0d411db2ceb72997ecc416df288a44"},"breadcrumb":{"@id":"https:\/\/blog.webex.com\/pt-br\/customer-stories\/como-uma-escola-usou-os-dispositivos-de-video-webex-para-promover-inclusao-e-ter-sucesso-durante-a-pandemia\/#breadcrumb"},"inLanguage":"pt-BR","potentialAction":[{"@type":"ReadAction","target":["https:\/\/blog.webex.com\/pt-br\/customer-stories\/como-uma-escola-usou-os-dispositivos-de-video-webex-para-promover-inclusao-e-ter-sucesso-durante-a-pandemia\/"]}]},{"@type":"ImageObject","inLanguage":"pt-BR","@id":"https:\/\/blog.webex.com\/pt-br\/customer-stories\/como-uma-escola-usou-os-dispositivos-de-video-webex-para-promover-inclusao-e-ter-sucesso-durante-a-pandemia\/#primaryimage","url":"https:\/\/blog.webex.com\/wp-content\/uploads\/2021\/07\/Oak-Medows-2.png","contentUrl":"https:\/\/blog.webex.com\/wp-content\/uploads\/2021\/07\/Oak-Medows-2.png","width":975,"height":554,"caption":"Oak Meadows customer story"},{"@type":"BreadcrumbList","@id":"https:\/\/blog.webex.com\/pt-br\/customer-stories\/como-uma-escola-usou-os-dispositivos-de-video-webex-para-promover-inclusao-e-ter-sucesso-durante-a-pandemia\/#breadcrumb","itemListElement":[{"@type":"ListItem","position":1,"name":"Home","item":"https:\/\/blog.webex.com\/pt-br\/"},{"@type":"ListItem","position":2,"name":"Como uma escola usou os Dispositivos de V\u00eddeo Webex para promover ..."}]},{"@type":"WebSite","@id":"https:\/\/blog.webex.com\/es\/#website","url":"https:\/\/blog.webex.com\/es\/","name":"Webex Blog","description":"Webex by Cisco powers collaboration through industry-leading video conferencing, cloud calling and contact center solutions","potentialAction":[{"@type":"SearchAction","target":{"@type":"EntryPoint","urlTemplate":"https:\/\/blog.webex.com\/es\/?s={search_term_string}"},"query-input":{"@type":"PropertyValueSpecification","valueRequired":true,"valueName":"search_term_string"}}],"inLanguage":"pt-BR"},{"@type":"Person","@id":"https:\/\/blog.webex.com\/es\/#\/schema\/person\/da0d411db2ceb72997ecc416df288a44","name":"Marte Holt Sannesmoen","image":{"@type":"ImageObject","inLanguage":"pt-BR","@id":"https:\/\/blog.webex.com\/es\/#\/schema\/person\/image\/","url":"https:\/\/secure.gravatar.com\/avatar\/9f511662b4f5fd84e2a947ee527cb3988dc0ac637969522d4041bdd63645f08f?s=96&d=wp_user_avatar&r=g","contentUrl":"https:\/\/secure.gravatar.com\/avatar\/9f511662b4f5fd84e2a947ee527cb3988dc0ac637969522d4041bdd63645f08f?s=96&d=wp_user_avatar&r=g","caption":"Marte Holt Sannesmoen"},"description":"Marte is a Creative Writer for the Product Marketing team for Webex Rooms. Prior to joining Cisco, she worked as a Graduate Client Manager for an insight agency. She also spent time interning for an international NGO, working in healthcare technology communications. She holds a MSc in Corporate Communications from The University of Amsterdam, and a BSc (Hons) from The University of Manchester.","sameAs":["https:\/\/www.linkedin.com\/in\/marte-sannesmoen-360aa2146\/"],"url":"https:\/\/blog.webex.com\/pt-br\/contributors\/marteholtsannesmoen\/"}]}},"_links":{"self":[{"href":"https:\/\/blog.webex.com\/pt-br\/wp-json\/wp\/v2\/posts\/20255","targetHints":{"allow":["GET"]}}],"collection":[{"href":"https:\/\/blog.webex.com\/pt-br\/wp-json\/wp\/v2\/posts"}],"about":[{"href":"https:\/\/blog.webex.com\/pt-br\/wp-json\/wp\/v2\/types\/post"}],"author":[{"embeddable":true,"href":"https:\/\/blog.webex.com\/pt-br\/wp-json\/wp\/v2\/users\/5431"}],"replies":[{"embeddable":true,"href":"https:\/\/blog.webex.com\/pt-br\/wp-json\/wp\/v2\/comments?post=20255"}],"version-history":[{"count":0,"href":"https:\/\/blog.webex.com\/pt-br\/wp-json\/wp\/v2\/posts\/20255\/revisions"}],"wp:featuredmedia":[{"embeddable":true,"href":"https:\/\/blog.webex.com\/pt-br\/wp-json\/wp\/v2\/media\/18636"}],"wp:attachment":[{"href":"https:\/\/blog.webex.com\/pt-br\/wp-json\/wp\/v2\/media?parent=20255"}],"wp:term":[{"taxonomy":"category","embeddable":true,"href":"https:\/\/blog.webex.com\/pt-br\/wp-json\/wp\/v2\/categories?post=20255"},{"taxonomy":"post_tag","embeddable":true,"href":"https:\/\/blog.webex.com\/pt-br\/wp-json\/wp\/v2\/tags?post=20255"}],"curies":[{"name":"wp","href":"https:\/\/api.w.org\/{rel}","templated":true}]}}