{"id":21335,"date":"2021-08-03T04:55:05","date_gmt":"2021-08-03T11:55:05","guid":{"rendered":"https:\/\/blog.webex.com\/uncategorized-pt-br\/como-as-inovacoes-do-webex-estao-impulsionando-experiencias-de-colaboracao-mais-inclusivas\/"},"modified":"2021-10-18T11:37:51","modified_gmt":"2021-10-18T18:37:51","slug":"como-as-inovacoes-do-webex-estao-impulsionando-experiencias-de-colaboracao-mais-inclusivas","status":"publish","type":"post","link":"https:\/\/blog.webex.com\/pt-br\/colaboracao\/trabalho-hibrido\/como-as-inovacoes-do-webex-estao-impulsionando-experiencias-de-colaboracao-mais-inclusivas\/","title":{"rendered":"Como as inova\u00e7\u00f5es do Webex est\u00e3o impulsionando experi\u00eancias de ..."},"content":{"rendered":"<p>A necessidade \u00e9 um excelente catalisador de inova\u00e7\u00e3o. Quando os efeitos da pandemia global levaram muitos dos profissionais do mundo todo a aderir ao trabalho remoto em tempo integral, a equipe Webex ofereceu centenas de solu\u00e7\u00f5es tecnol\u00f3gicas para ajudar nossos clientes a se conectar e colaborar de forma efetiva. Conforme essa mudan\u00e7a para o trabalho h\u00edbrido ocorre, assim como as necessidades passam a ser outras, continuamos a desenvolver e oferecer inova\u00e7\u00f5es Webex que tornam a experi\u00eancia mais eficiente, envolvente e inclusiva.<\/p>\n<h2><strong>Acelera\u00e7\u00e3o da inova\u00e7\u00e3o para o trabalho h\u00edbrido: Webex Leap e Vidcast\u00a0 <\/strong><\/h2>\n<p>Nosso sucesso tem sido incr\u00edvel quando se trata de introduzir novas solu\u00e7\u00f5es ao <a href=\"https:\/\/www.webex.com\/content\/webex\/c\/en_US\/index\/collaboration-suite.html\/\">Webex Suite<\/a>. Agora estamos dando um passo al\u00e9m com o Webex Leap, um novo programa incubador desenvolvido para estimular as inova\u00e7\u00f5es para a gera\u00e7\u00e3o futura de produtos Webex que n\u00e3o se enquadram ao portf\u00f3lio atual. Pensando nisso como um percurso, ou uma via expressa, para novas solu\u00e7\u00f5es Webex incr\u00edveis a serem descobertas e promovidas!<\/p>\n<p>Hoje estamos anunciando o <a href=\"https:\/\/newsroom.cisco.com\/press-release-content?type=webcontent&amp;articleId=2184802\">Vidcast<\/a>, a primeira inova\u00e7\u00e3o do programa Webex Leap. O Vidcast \u00e9 uma solu\u00e7\u00e3o completa de mensagem de v\u00eddeo ass\u00edncrono que usa v\u00eddeo gravado, que pode ser instantaneamente compartilhado, para manter as equipes conectadas a qualquer momento. A colabora\u00e7\u00e3o ass\u00edncrona nunca foi t\u00e3o importante quanto na nova era de trabalho h\u00edbrido, na qual muitos de n\u00f3s t\u00eam colegas distribu\u00eddos entre diferentes fusos hor\u00e1rios, e os dias de reuni\u00e3o consecutiva est\u00e3o se tornando cada vez mais comuns. A ironia \u00e9 que, quanto mais ocupado voc\u00ea fica, mais voc\u00ea precisa esperar para encontrar com outra pessoa ocupada!<\/p>\n<p>Quando se \u00e9 preciso manter tudo fluindo e n\u00e3o deixar a peteca cair, sem precisar sacrificar seu precioso tempo ou adicionar mais uma coisa \u00e0 sua agenda, o Vidcast \u00e9 a op\u00e7\u00e3o certa. Com ele, os usu\u00e1rios podem gravar, editar e compartilhar pequenas mensagens de v\u00eddeo. Essas mensagens s\u00e3o uma forma simples de fornecer feedback e atualiza\u00e7\u00f5es aos seus colegas sem aquela confus\u00e3o provocada por cronogramas e fusos hor\u00e1rios, al\u00e9m de permitir que os espectadores sejam captados no seu pr\u00f3prio tempo. O Vidcast inclui ferramentas de navega\u00e7\u00e3o avan\u00e7adas que permitem aos usu\u00e1rios encontrar e ignorar momentos relevantes com facilidade, al\u00e9m de op\u00e7\u00f5es de legendas para uma revis\u00e3o silenciosa e um reposit\u00f3rio de conte\u00fado para organizar, distribuir e gerenciar o acesso a mensagens de v\u00eddeo. Os usu\u00e1rios tamb\u00e9m podem publicar coment\u00e1rios e adicionar rea\u00e7\u00f5es com emojis, garantindo que todos possam dar sua contribui\u00e7\u00e3o e participar da conversa, independentemente de quando ou onde eles estejam assistindo.<\/p>\n<p>Ficou interessado? Fa\u00e7a parte da <a href=\"http:\/\/www.vidcast.io\/waitlist\">lista de espera do Vidcast<\/a> e aguarde as pr\u00f3ximas inova\u00e7\u00f5es do Webex Leap que ser\u00e3o lan\u00e7adas em breve.<\/p>\n<p><iframe loading=\"lazy\" title=\"Inspire asynchronous communication with Vidcast | Webex New Innovations\" width=\"500\" height=\"281\" src=\"https:\/\/www.youtube.com\/embed\/ZRpZEgqrToU?feature=oembed\" frameborder=\"0\" allow=\"accelerometer; autoplay; clipboard-write; encrypted-media; gyroscope; picture-in-picture; web-share\" referrerpolicy=\"strict-origin-when-cross-origin\" allowfullscreen><\/iframe><\/p>\n<h2><strong>Personaliza\u00e7\u00e3o e an\u00e1lise avan\u00e7ada para experi\u00eancias de eventos e reuni\u00f5es inclusivas e atraentes<\/strong><\/h2>\n<p>No mundo h\u00edbrido, os webinars, webcasts e eventos de grande escala s\u00e3o formas de comunica\u00e7\u00e3o cada vez mais importantes, seja com suas equipes ou com seus clientes. Garantir que esses eventos ofere\u00e7am uma experi\u00eancia atraente e de alta qualidade a todos os convidados e apresentadores \u00e9 a principal prioridade para cada cliente atendido.<\/p>\n<p><a href=\"https:\/\/www.webex.com\/webinar.html\">Com o Webex Events<\/a> voc\u00ea pode ir al\u00e9m e alcan\u00e7ar p\u00fablicos maiores, personalizar facilmente as p\u00e1ginas de inscri\u00e7\u00e3o para melhor refletir a ess\u00eancia da sua marca, e criar experi\u00eancia ainda mais atraentes para seus convidados. Escolha diferentes temas coloridos, adicione logos ou imagens de fundo e at\u00e9 mesmo crie perfis de palestrantes incr\u00edveis.\u00a0 As p\u00e1ginas de convidado podem ser otimizadas para desktop e dispositivos m\u00f3veis, garantindo, assim, intera\u00e7\u00f5es intuitivas (onde quer que seu p\u00fablico esteja).<\/p>\n<p><a href=\"https:\/\/blog.webex.com\/wp-content\/uploads\/2021\/07\/Custom-Events-Fast.gif\"><br \/>\n<img loading=\"lazy\" decoding=\"async\" class=\"aligncenter size-full wp-image-19980\" src=\"https:\/\/blog.webex.com\/wp-content\/uploads\/2021\/07\/Custom-Events-Fast.gif\" alt=\"Custom-Events---Fast\" width=\"800\" height=\"570\" \/><br \/>\n<\/a><\/p>\n<p>J\u00e1 para oferecer experi\u00eancias de eventos de ponta, n\u00f3s desenvolvemos os recursos do <a href=\"https:\/\/www.webex.com\/control-hub.html\">Control Hub<\/a> para oferecer insights em tempo real e solu\u00e7\u00e3o de problemas avan\u00e7ada para eventos Webex. Otimizamos, por exemplo, a funcionalidade de busca e filtro, permitindo aos administradores de TI localizar, de forma r\u00e1pida e f\u00e1cil, participantes e apresentadores espec\u00edficos que possam estar passando por problemas. O recurso \u201cordenar por gravidade\u201d facilmente coloca os participantes com problemas no topo da lista, enquanto que as atualiza\u00e7\u00f5es de dados em tempo real garantem que os administradores de TI fiquem cientes de um problema assim que acontece.<\/p>\n<p><a href=\"https:\/\/blog.webex.com\/wp-content\/uploads\/2021\/08\/Events-Troubleshooting-scaled.jpg\"><br \/>\n<img loading=\"lazy\" decoding=\"async\" class=\"aligncenter size-full wp-image-20316\" src=\"https:\/\/blog.webex.com\/wp-content\/uploads\/2021\/08\/Events-Troubleshooting-scaled.jpg\" alt=\"Solu\u00e7\u00e3o de problemas de eventos\" width=\"2560\" height=\"1964\" srcset=\"https:\/\/blog.webex.com\/wp-content\/uploads\/2021\/08\/Events-Troubleshooting-scaled.jpg 678w, https:\/\/blog.webex.com\/wp-content\/uploads\/2021\/08\/Events-Troubleshooting-300x230.jpg 300w, https:\/\/blog.webex.com\/wp-content\/uploads\/2021\/08\/Events-Troubleshooting-1025x786.jpg 1025w, https:\/\/blog.webex.com\/wp-content\/uploads\/2021\/08\/Events-Troubleshooting-768x589.jpg 768w, https:\/\/blog.webex.com\/wp-content\/uploads\/2021\/08\/Events-Troubleshooting-1536x1178.jpg 1536w, https:\/\/blog.webex.com\/wp-content\/uploads\/2021\/08\/Events-Troubleshooting-2048x1571.jpg 2048w\" sizes=\"auto, (max-width: 2560px) 100vw, 2560px\" \/><br \/>\n<\/a><\/p>\n<p>O volume de dados de um evento de grande escala pode ser exorbitante. Imagine ter que filtrar uma an\u00e1lise para 10 mil pessoas para poder identificar um problema! Agora, com apenas um clique, os administradores t\u00eam f\u00e1cil acesso a dados de n\u00edvel individual e podem resolver problemas de qualidade com rapidez e facilidade, garantindo que todos aproveitem um evento igualmente atraente.<\/p>\n<h2><strong>Mais canais e insights ainda melhores: Webex Contact Center <\/strong><\/h2>\n<p>Todos n\u00f3s estamos ocupados. Estamos sempre pulando de tarefa em tarefa. A nova realidade do trabalho h\u00edbrido tem causado um profundo impacto na forma como nos comunicamos no ambiente de trabalho e quais canais usamos.<\/p>\n<p>Esperamos que aqueles com os quais fazemos neg\u00f3cios nos ofere\u00e7am a versatilidade para nos comunicarmos como quisermos, e isso tamb\u00e9m vale para nossos clientes. Cada vez mais, seus clientes esperam interagir com voc\u00ea atrav\u00e9s do canal que eles quiserem, bem como que seus problemas ou d\u00favidas sejam solucionados rapidamente. Ficaram para tr\u00e1s os dias em que as infind\u00e1veis chamadas telef\u00f4nicas de atendimento ao cliente eram a \u00fanica op\u00e7\u00e3o! Agora os clientes t\u00eam muito mais op\u00e7\u00f5es de canais para escolherem.<\/p>\n<p>Com mais op\u00e7\u00f5es e flexibilidade, os clientes podem interagir pelo canal que seja mais conveniente e adequado para eles, uma experi\u00eancia mil vezes melhor do que lidar com uma plataforma desconhecida ou simplesmente n\u00e3o conseguir entrar em contato de forma alguma. Por isso, nesse m\u00eas, iremos aprimorar os canais de comunica\u00e7\u00e3o digitais suportados pelo <a href=\"https:\/\/www.webex.com\/contact-center.html\">Webex Contact Center<\/a> para incluir o Facebook Messenger e envios de mensagem de texto (SMS) avan\u00e7ados. Estes representam os primeiros dos diversos canais que planejamos disponibilizar a partir do expansivo ecossistema de canais de comunica\u00e7\u00e3o digitais do imimobile, atendendo, assim, as prefer\u00eancias de mais clientes. Fique por dentro das novidades dos pr\u00f3ximos meses.<\/p>\n<p>Em agosto, al\u00e9m disso, os clientes do Webex Contact Center podem aproveitar as vantagens que a comunica\u00e7\u00e3o bidirecional pronta para uso tem a oferecer com CRM e prestadores de chamado de atendimento, incluindo suporte de desenvolvedor de fluxo de trabalho de arrastar e soltar para Salesforce.com, Zendesk e Zoho. Conectar dados e hist\u00f3rico do cliente extra\u00eddos dos principais sistemas corporativos como esses ajuda a criar intera\u00e7\u00f5es mais impactantes e contextuais.<\/p>\n<p>As ferramentas de organiza\u00e7\u00e3o de fluxo de trabalho visual simples de usar incorporam os recursos do imiconnect ao Webex Contact Center, permitindo aos usu\u00e1rios organizar as intera\u00e7\u00f5es de clientes e projetar fluxos de trabalho\u2026 mesmo se n\u00e3o souberem nada sobre programa\u00e7\u00e3o! Os neg\u00f3cios podem rapidamente integrar e alterar fluxos de trabalho sob demanda, economizando tempo e reduzindo custos.<\/p>\n<p><a href=\"https:\/\/blog.webex.com\/wp-content\/uploads\/2021\/08\/Picture3.png\"><br \/>\n<img loading=\"lazy\" decoding=\"async\" class=\"aligncenter size-full wp-image-20296\" src=\"https:\/\/blog.webex.com\/wp-content\/uploads\/2021\/08\/Picture3.png\" alt=\"\" width=\"2560\" height=\"1339\" srcset=\"https:\/\/blog.webex.com\/wp-content\/uploads\/2021\/08\/Picture3.png 980w, https:\/\/blog.webex.com\/wp-content\/uploads\/2021\/08\/Picture3-300x157.png 300w, https:\/\/blog.webex.com\/wp-content\/uploads\/2021\/08\/Picture3-1025x536.png 1025w, https:\/\/blog.webex.com\/wp-content\/uploads\/2021\/08\/Picture3-768x402.png 768w, https:\/\/blog.webex.com\/wp-content\/uploads\/2021\/08\/Picture3-1536x803.png 1536w, https:\/\/blog.webex.com\/wp-content\/uploads\/2021\/08\/Picture3-2048x1071.png 2048w\" sizes=\"auto, (max-width: 2560px) 100vw, 2560px\" \/><br \/>\n<\/a><\/p>\n<p>Quando o assunto \u00e9 oferecer experi\u00eancias inclusivas ao cliente, as quais levem em considera\u00e7\u00e3o cada etapa no ciclo de vida do cliente e conciliem uma variedade de prefer\u00eancias de comunica\u00e7\u00e3o, a Cisco \u00e9 sin\u00f4nimo de lideran\u00e7a. Nosso Webex Contact Center baseado na nuvem foi nomeado l\u00edder no <a href=\"https:\/\/blog.webex.com\/pt-br\/experiencia-do-cliente\/cisco-e-escolhida-como-lider-no-aragon-globe-for-intelligent-contact-centers-de-2021\/\">2021 Aragon Research Globe<\/a>&#x2122; para Centrais de contato inteligentes, um reconhecimento importante do nosso foco em desenvolver e oferecer experi\u00eancias Webex valiosas aos nossos clientes e aos clientes <em>deles<\/em>.<\/p>\n<h2><strong>Promo\u00e7\u00e3o de experi\u00eancias de assist\u00eancia m\u00e9dica conectadas: Webex Instant Connect\u00a0 <\/strong><\/h2>\n<p>A telessa\u00fade \u00e9 outra \u00e1rea que vem crescendo nos \u00faltimos 16 meses, com mais pacientes aderindo \u00e0 tecnologia para fazer tudo o que precisam, desde fazer agendamentos a consultas virtuais. Assim como o Webex Contact Center impulsiona os agentes com informa\u00e7\u00f5es contextuais para oferecer melhores experi\u00eancias ao cliente, o novo <a href=\"https:\/\/www.cisco.com\/c\/en\/us\/solutions\/collaboration\/instant-connect.html\">Webex Instant Connect<\/a> oferece uma integra\u00e7\u00e3o intuitiva com fluxos de trabalho do profissional de sa\u00fade, promovendo, assim, melhores resultados cl\u00ednicos aos pacientes.<\/p>\n<p>O Instant Connect de atendimento virtual \u00e9 simplesmente isso: uma solu\u00e7\u00e3o de colabora\u00e7\u00e3o que permite a conex\u00e3o de pacientes e equipes m\u00e9dicas para consultar virtuais com apenas um clique. A experi\u00eancia de v\u00eddeo baseada no navegador \u00e9 f\u00e1cil de acessar como um aplicativo independente ou atrav\u00e9s de sistemas de registro m\u00e9dico eletr\u00f4nico, como Epic e outros sistemas de assist\u00eancia m\u00e9dica, e, como n\u00e3o \u00e9 necess\u00e1rio baixar ou instalar nenhum aplicativo, fica ainda mais f\u00e1cil usar. O Instant Connect ainda oferece suporte de sala de espera virtual, dando aos pacientes a oportunidade de testar seu hardware de alto-falante, \u00e1udio e v\u00eddeo enquanto aguardam a presen\u00e7a do profissional de sa\u00fade. E, \u00e9 claro, \u00e9 extremamente seguro e aderente \u00e0s normas HIPAA, garantindo que as sess\u00f5es virtuais sejam t\u00e3o privadas quanto as consultas presenciais.<\/p>\n<p>O Instant Connect de atendimento virtual amplia nossas solu\u00e7\u00f5es de colabora\u00e7\u00e3o Webex voltadas ao atendimento m\u00e9dico, tendo como base o Webex Telehealth Connector for Epic, introduzido ano passado. Ao atender uma ampla variedade de sistemas de sa\u00fade com uma solu\u00e7\u00e3o mais integrada, n\u00f3s damos um passo al\u00e9m quando o assunto \u00e9 experi\u00eancias de atendimento m\u00e9dico conectadas.<\/p>\n<p><iframe loading=\"lazy\" title=\"Webex Instant Connect powers virtual care\" width=\"500\" height=\"281\" src=\"https:\/\/www.youtube.com\/embed\/78GSVcdGbq0?feature=oembed\" frameborder=\"0\" allow=\"accelerometer; autoplay; clipboard-write; encrypted-media; gyroscope; picture-in-picture; web-share\" referrerpolicy=\"strict-origin-when-cross-origin\" allowfullscreen><\/iframe><\/p>\n<p>Por fim, \u00e9 com prazer que anuncio que o Webex conquistou novamente o pr\u00eamio de Melhor Plataforma de Colabora\u00e7\u00e3o da UC Today! Quer saber mais? Confira <a href=\"https:\/\/blog.webex.com\/pt-br\/trabalho-hibrido\/o-webex-ganha-o-premio-da-uc-today-de-melhor-plataforma-de-colaboracao\/\">nosso blog<\/a>.<\/p>\n<h2><strong>O primeiro passo para experi\u00eancias de colabora\u00e7\u00e3o incr\u00edveis \u00e9 com o Webex<\/strong><\/h2>\n<p>Como todos estamos dando os primeiros passos nessa jornada de trabalho h\u00edbrido, conte com o Webex para assumir o comando no desenvolvimento de inova\u00e7\u00e3o poderosa e na promo\u00e7\u00e3o de uma colabora\u00e7\u00e3o inclusiva e envolvente.<\/p>\n<blockquote><p><a href=\"https:\/\/www.webex.com\/\">Saiba mais<\/a> sobre como estamos nos adentrando no trabalho h\u00edbrido e o que o Webex pode fazer para ajudar sua equipe, clientes e empresa.<\/p><\/blockquote>\n<p><strong>Saiba mais<\/strong><\/p>\n<p><a href=\"https:\/\/newsroom.cisco.com\/press-release-content?type=webcontent&amp;articleId=2184802\">A Cisco apresenta o Vidcast, uma solu\u00e7\u00e3o de v\u00eddeo ass\u00edncrona voltada ao est\u00edmulo da produtividade e da flexibilidade na rotina de trabalho [comunicado de imprensa]<\/a><\/p>\n<p><a href=\"https:\/\/blog.webex.com\/pt-br\/videoconferencia\/novidades-no-webex-agosto-de-2021\/\">Novidades no Webex: Agosto de 2021<\/a><\/p>\n<p><a href=\"https:\/\/blog.webex.com\/pt-br\/videoconferencia\/novidades-no-aplicativo-webex-agosto-de-2021\/\">Novidades no Aplicativo Webex: Agosto de 2021<\/a><\/p>\n<p><a href=\"https:\/\/blog.webex.com\/pt-br\/trabalho-hibrido\/fortalecimento-do-webex-melhores-solucoes-para-trabalho-hibrido\/\">Aproveitamento do Dinamismo do Webex: Melhores solu\u00e7\u00f5es para trabalho h\u00edbrido<\/a><\/p>\n","protected":false},"excerpt":{"rendered":"<p>Como todos estamos dando os primeiros passos nessa jornada de trabalho h\u00edbrido, conte com o Webex para assumir o comando no desenvolvimento de inova\u00e7\u00e3o poderosa e na promo\u00e7\u00e3o de uma colabora\u00e7\u00e3o inclusiva e envolvente.<\/p>\n","protected":false},"author":308,"featured_media":20059,"comment_status":"open","ping_status":"open","sticky":false,"template":"","format":"standard","meta":{"inline_featured_image":false,"footnotes":""},"categories":[5283,1571],"tags":[2105,2463,5439,7400,7400,5813],"class_list":{"0":"post-21335","1":"post","2":"type-post","3":"status-publish","4":"format-standard","5":"has-post-thumbnail","6":"hentry","7":"category-colaboracao","8":"category-trabalho-hibrido","9":"tag-ferramentas-de-colaboracao","10":"tag-pstn-pt-br","11":"tag-solucoes-de-colaboracao","12":"tag-webex-connect-pt-br","14":"tag-webex-events-pt-br"},"acf":[],"yoast_head":"<!-- This site is optimized with the Yoast SEO plugin v27.1.1 - https:\/\/yoast.com\/product\/yoast-seo-wordpress\/ -->\n<title>Como as inova\u00e7\u00f5es do Webex est\u00e3o impulsionando experi\u00eancias de colabora\u00e7\u00e3o mais inclusivas | Webex Blog<\/title>\n<meta name=\"robots\" content=\"index, follow, max-snippet:-1, max-image-preview:large, max-video-preview:-1\" \/>\n<link rel=\"canonical\" href=\"https:\/\/blog.webex.com\/collaboration\/hybrid-work\/how-webex-innovations-are-powering-more-inclusive-collaboration-experiences\/\" \/>\n<meta property=\"og:locale\" content=\"pt_BR\" \/>\n<meta property=\"og:type\" content=\"article\" \/>\n<meta property=\"og:title\" content=\"Como as inova\u00e7\u00f5es do Webex est\u00e3o impulsionando experi\u00eancias de colabora\u00e7\u00e3o mais inclusivas | Webex Blog\" \/>\n<meta property=\"og:description\" content=\"Como todos estamos dando os primeiros passos nessa jornada de trabalho h\u00edbrido, conte com o Webex para assumir o comando no desenvolvimento de inova\u00e7\u00e3o poderosa e na promo\u00e7\u00e3o de uma colabora\u00e7\u00e3o inclusiva e envolvente.\" \/>\n<meta property=\"og:url\" content=\"https:\/\/blog.webex.com\/collaboration\/hybrid-work\/how-webex-innovations-are-powering-more-inclusive-collaboration-experiences\/\" \/>\n<meta property=\"og:site_name\" content=\"Webex Blog\" \/>\n<meta property=\"article:published_time\" content=\"2021-08-03T11:55:05+00:00\" \/>\n<meta property=\"article:modified_time\" content=\"2021-10-18T18:37:51+00:00\" \/>\n<meta property=\"og:image\" content=\"https:\/\/blog.webex.com\/wp-content\/uploads\/2021\/07\/Aug-2021-launch_blog_Javed-_975x5541.jpg\" \/>\n\t<meta property=\"og:image:width\" content=\"975\" \/>\n\t<meta property=\"og:image:height\" content=\"554\" \/>\n\t<meta property=\"og:image:type\" content=\"image\/jpeg\" \/>\n<meta name=\"author\" content=\"Javed Khan\" \/>\n<meta name=\"twitter:label1\" content=\"Escrito por\" \/>\n\t<meta name=\"twitter:data1\" content=\"Javed Khan\" \/>\n\t<meta name=\"twitter:label2\" content=\"Est. tempo de leitura\" \/>\n\t<meta name=\"twitter:data2\" content=\"9 minutos\" \/>\n<script type=\"application\/ld+json\" class=\"yoast-schema-graph\">{\"@context\":\"https:\/\/schema.org\",\"@graph\":[{\"@type\":\"Article\",\"@id\":\"https:\/\/blog.webex.com\/collaboration\/hybrid-work\/how-webex-innovations-are-powering-more-inclusive-collaboration-experiences\/#article\",\"isPartOf\":{\"@id\":\"https:\/\/blog.webex.com\/collaboration\/hybrid-work\/how-webex-innovations-are-powering-more-inclusive-collaboration-experiences\/\"},\"author\":{\"name\":\"Javed Khan\",\"@id\":\"https:\/\/blog.webex.com\/es\/#\/schema\/person\/ab9d91cf8e30bbe7020f4cde6db3794c\"},\"headline\":\"Como as inova\u00e7\u00f5es do Webex est\u00e3o impulsionando experi\u00eancias de ...\",\"datePublished\":\"2021-08-03T11:55:05+00:00\",\"dateModified\":\"2021-10-18T18:37:51+00:00\",\"mainEntityOfPage\":{\"@id\":\"https:\/\/blog.webex.com\/collaboration\/hybrid-work\/how-webex-innovations-are-powering-more-inclusive-collaboration-experiences\/\"},\"wordCount\":1779,\"commentCount\":0,\"image\":{\"@id\":\"https:\/\/blog.webex.com\/collaboration\/hybrid-work\/how-webex-innovations-are-powering-more-inclusive-collaboration-experiences\/#primaryimage\"},\"thumbnailUrl\":\"https:\/\/blog.webex.com\/wp-content\/uploads\/2021\/07\/Aug-2021-launch_blog_Javed-_975x5541.jpg\",\"keywords\":[\"ferramentas de colabora\u00e7\u00e3o\",\"pstn\",\"Solu\u00e7\u00f5es de colabora\u00e7\u00e3o\",\"Webex Connect\",\"Webex Connect\",\"Webex Events\"],\"articleSection\":[\"Colabora\u00e7\u00e3o\",\"Trabalho h\u00edbrido\"],\"inLanguage\":\"pt-BR\",\"potentialAction\":[{\"@type\":\"CommentAction\",\"name\":\"Comment\",\"target\":[\"https:\/\/blog.webex.com\/collaboration\/hybrid-work\/how-webex-innovations-are-powering-more-inclusive-collaboration-experiences\/#respond\"]}]},{\"@type\":\"WebPage\",\"@id\":\"https:\/\/blog.webex.com\/collaboration\/hybrid-work\/how-webex-innovations-are-powering-more-inclusive-collaboration-experiences\/\",\"url\":\"https:\/\/blog.webex.com\/collaboration\/hybrid-work\/how-webex-innovations-are-powering-more-inclusive-collaboration-experiences\/\",\"name\":\"Como as inova\u00e7\u00f5es do Webex est\u00e3o impulsionando experi\u00eancias de colabora\u00e7\u00e3o mais inclusivas | Webex Blog\",\"isPartOf\":{\"@id\":\"https:\/\/blog.webex.com\/es\/#website\"},\"primaryImageOfPage\":{\"@id\":\"https:\/\/blog.webex.com\/collaboration\/hybrid-work\/how-webex-innovations-are-powering-more-inclusive-collaboration-experiences\/#primaryimage\"},\"image\":{\"@id\":\"https:\/\/blog.webex.com\/collaboration\/hybrid-work\/how-webex-innovations-are-powering-more-inclusive-collaboration-experiences\/#primaryimage\"},\"thumbnailUrl\":\"https:\/\/blog.webex.com\/wp-content\/uploads\/2021\/07\/Aug-2021-launch_blog_Javed-_975x5541.jpg\",\"datePublished\":\"2021-08-03T11:55:05+00:00\",\"dateModified\":\"2021-10-18T18:37:51+00:00\",\"author\":{\"@id\":\"https:\/\/blog.webex.com\/es\/#\/schema\/person\/ab9d91cf8e30bbe7020f4cde6db3794c\"},\"breadcrumb\":{\"@id\":\"https:\/\/blog.webex.com\/collaboration\/hybrid-work\/how-webex-innovations-are-powering-more-inclusive-collaboration-experiences\/#breadcrumb\"},\"inLanguage\":\"pt-BR\",\"potentialAction\":[{\"@type\":\"ReadAction\",\"target\":[\"https:\/\/blog.webex.com\/collaboration\/hybrid-work\/how-webex-innovations-are-powering-more-inclusive-collaboration-experiences\/\"]}]},{\"@type\":\"ImageObject\",\"inLanguage\":\"pt-BR\",\"@id\":\"https:\/\/blog.webex.com\/collaboration\/hybrid-work\/how-webex-innovations-are-powering-more-inclusive-collaboration-experiences\/#primaryimage\",\"url\":\"https:\/\/blog.webex.com\/wp-content\/uploads\/2021\/07\/Aug-2021-launch_blog_Javed-_975x5541.jpg\",\"contentUrl\":\"https:\/\/blog.webex.com\/wp-content\/uploads\/2021\/07\/Aug-2021-launch_blog_Javed-_975x5541.jpg\",\"width\":975,\"height\":554,\"caption\":\"Aug 2021 launch_blog_Javed _975x554(1)\"},{\"@type\":\"BreadcrumbList\",\"@id\":\"https:\/\/blog.webex.com\/collaboration\/hybrid-work\/how-webex-innovations-are-powering-more-inclusive-collaboration-experiences\/#breadcrumb\",\"itemListElement\":[{\"@type\":\"ListItem\",\"position\":1,\"name\":\"Home\",\"item\":\"https:\/\/blog.webex.com\/pt-br\/\"},{\"@type\":\"ListItem\",\"position\":2,\"name\":\"Como as inova\u00e7\u00f5es do Webex est\u00e3o impulsionando experi\u00eancias de ...\"}]},{\"@type\":\"WebSite\",\"@id\":\"https:\/\/blog.webex.com\/es\/#website\",\"url\":\"https:\/\/blog.webex.com\/es\/\",\"name\":\"Webex Blog\",\"description\":\"Webex by Cisco powers collaboration through industry-leading video conferencing, cloud calling and contact center solutions\",\"potentialAction\":[{\"@type\":\"SearchAction\",\"target\":{\"@type\":\"EntryPoint\",\"urlTemplate\":\"https:\/\/blog.webex.com\/es\/?s={search_term_string}\"},\"query-input\":{\"@type\":\"PropertyValueSpecification\",\"valueRequired\":true,\"valueName\":\"search_term_string\"}}],\"inLanguage\":\"pt-BR\"},{\"@type\":\"Person\",\"@id\":\"https:\/\/blog.webex.com\/es\/#\/schema\/person\/ab9d91cf8e30bbe7020f4cde6db3794c\",\"name\":\"Javed Khan\",\"image\":{\"@type\":\"ImageObject\",\"inLanguage\":\"pt-BR\",\"@id\":\"https:\/\/blog.webex.com\/es\/#\/schema\/person\/image\/\",\"url\":\"https:\/\/secure.gravatar.com\/avatar\/9ec50bf03fdff2e3ea773fe45b36039847660e0b3e13914645d5bff43c3d06f9?s=96&d=wp_user_avatar&r=g\",\"contentUrl\":\"https:\/\/secure.gravatar.com\/avatar\/9ec50bf03fdff2e3ea773fe45b36039847660e0b3e13914645d5bff43c3d06f9?s=96&d=wp_user_avatar&r=g\",\"caption\":\"Javed Khan\"},\"description\":\"Javed Khan is the Senior Vice President and General Manager of Cisco Collaboration. This multi-billion-dollar business boasts the award-winning Webex product portfolio, including Cisco Devices, Webex Meetings, Webex Contact Center, Slido, Webex Events, and Webex Connect. Javed is passionate about delivering unrivaled collaboration experiences that fuel the future of work. He took on this leadership role in the midst of a global pandemic, leading and innovating through exponential growth as remote work unfolded. Now the team has delivered thousands of innovations and transformed the portfolio to help customers prepare for the next normal. In his tenure with Cisco, Javed has held several leadership roles in Collaboration, including VP\/GM for the Calling and Meetings business units, where his team delivered several transformative initiatives, including a single meetings platform architecture and modernization of the Webex experience. Prior to joining Cisco, he served as Vice President of Enterprise and Consumer Security products at Symantec, securing the most important user and enterprise environments at scale. He started his career as an engineer at Novell Networks, moving into escalating leadership roles there and at Symantec. With over 20 years of enterprise and consumer product leadership, Javed is an accomplished speaker on the future of work, business transformation, sustainability, product development, and technology architectures. He holds an MS in Computer Science from Loyola University and an MBA from the Anderson School of Management at UCLA.\",\"sameAs\":[\"https:\/\/www.linkedin.com\/in\/javed-khan-cisco\",\"https:\/\/x.com\/https:\/\/twitter.com\/javed_khan\"],\"url\":\"https:\/\/blog.webex.com\/pt-br\/contributors\/javedkhan\/\"}]}<\/script>\n<!-- \/ Yoast SEO plugin. -->","yoast_head_json":{"title":"Como as inova\u00e7\u00f5es do Webex est\u00e3o impulsionando experi\u00eancias de colabora\u00e7\u00e3o mais inclusivas | Webex Blog","robots":{"index":"index","follow":"follow","max-snippet":"max-snippet:-1","max-image-preview":"max-image-preview:large","max-video-preview":"max-video-preview:-1"},"canonical":"https:\/\/blog.webex.com\/collaboration\/hybrid-work\/how-webex-innovations-are-powering-more-inclusive-collaboration-experiences\/","og_locale":"pt_BR","og_type":"article","og_title":"Como as inova\u00e7\u00f5es do Webex est\u00e3o impulsionando experi\u00eancias de colabora\u00e7\u00e3o mais inclusivas | Webex Blog","og_description":"Como todos estamos dando os primeiros passos nessa jornada de trabalho h\u00edbrido, conte com o Webex para assumir o comando no desenvolvimento de inova\u00e7\u00e3o poderosa e na promo\u00e7\u00e3o de uma colabora\u00e7\u00e3o inclusiva e envolvente.","og_url":"https:\/\/blog.webex.com\/collaboration\/hybrid-work\/how-webex-innovations-are-powering-more-inclusive-collaboration-experiences\/","og_site_name":"Webex Blog","article_published_time":"2021-08-03T11:55:05+00:00","article_modified_time":"2021-10-18T18:37:51+00:00","og_image":[{"width":975,"height":554,"url":"https:\/\/blog.webex.com\/wp-content\/uploads\/2021\/07\/Aug-2021-launch_blog_Javed-_975x5541.jpg","type":"image\/jpeg"}],"author":"Javed Khan","twitter_misc":{"Escrito por":"Javed Khan","Est. tempo de leitura":"9 minutos"},"schema":{"@context":"https:\/\/schema.org","@graph":[{"@type":"Article","@id":"https:\/\/blog.webex.com\/collaboration\/hybrid-work\/how-webex-innovations-are-powering-more-inclusive-collaboration-experiences\/#article","isPartOf":{"@id":"https:\/\/blog.webex.com\/collaboration\/hybrid-work\/how-webex-innovations-are-powering-more-inclusive-collaboration-experiences\/"},"author":{"name":"Javed Khan","@id":"https:\/\/blog.webex.com\/es\/#\/schema\/person\/ab9d91cf8e30bbe7020f4cde6db3794c"},"headline":"Como as inova\u00e7\u00f5es do Webex est\u00e3o impulsionando experi\u00eancias de ...","datePublished":"2021-08-03T11:55:05+00:00","dateModified":"2021-10-18T18:37:51+00:00","mainEntityOfPage":{"@id":"https:\/\/blog.webex.com\/collaboration\/hybrid-work\/how-webex-innovations-are-powering-more-inclusive-collaboration-experiences\/"},"wordCount":1779,"commentCount":0,"image":{"@id":"https:\/\/blog.webex.com\/collaboration\/hybrid-work\/how-webex-innovations-are-powering-more-inclusive-collaboration-experiences\/#primaryimage"},"thumbnailUrl":"https:\/\/blog.webex.com\/wp-content\/uploads\/2021\/07\/Aug-2021-launch_blog_Javed-_975x5541.jpg","keywords":["ferramentas de colabora\u00e7\u00e3o","pstn","Solu\u00e7\u00f5es de colabora\u00e7\u00e3o","Webex Connect","Webex Connect","Webex Events"],"articleSection":["Colabora\u00e7\u00e3o","Trabalho h\u00edbrido"],"inLanguage":"pt-BR","potentialAction":[{"@type":"CommentAction","name":"Comment","target":["https:\/\/blog.webex.com\/collaboration\/hybrid-work\/how-webex-innovations-are-powering-more-inclusive-collaboration-experiences\/#respond"]}]},{"@type":"WebPage","@id":"https:\/\/blog.webex.com\/collaboration\/hybrid-work\/how-webex-innovations-are-powering-more-inclusive-collaboration-experiences\/","url":"https:\/\/blog.webex.com\/collaboration\/hybrid-work\/how-webex-innovations-are-powering-more-inclusive-collaboration-experiences\/","name":"Como as inova\u00e7\u00f5es do Webex est\u00e3o impulsionando experi\u00eancias de colabora\u00e7\u00e3o mais inclusivas | Webex Blog","isPartOf":{"@id":"https:\/\/blog.webex.com\/es\/#website"},"primaryImageOfPage":{"@id":"https:\/\/blog.webex.com\/collaboration\/hybrid-work\/how-webex-innovations-are-powering-more-inclusive-collaboration-experiences\/#primaryimage"},"image":{"@id":"https:\/\/blog.webex.com\/collaboration\/hybrid-work\/how-webex-innovations-are-powering-more-inclusive-collaboration-experiences\/#primaryimage"},"thumbnailUrl":"https:\/\/blog.webex.com\/wp-content\/uploads\/2021\/07\/Aug-2021-launch_blog_Javed-_975x5541.jpg","datePublished":"2021-08-03T11:55:05+00:00","dateModified":"2021-10-18T18:37:51+00:00","author":{"@id":"https:\/\/blog.webex.com\/es\/#\/schema\/person\/ab9d91cf8e30bbe7020f4cde6db3794c"},"breadcrumb":{"@id":"https:\/\/blog.webex.com\/collaboration\/hybrid-work\/how-webex-innovations-are-powering-more-inclusive-collaboration-experiences\/#breadcrumb"},"inLanguage":"pt-BR","potentialAction":[{"@type":"ReadAction","target":["https:\/\/blog.webex.com\/collaboration\/hybrid-work\/how-webex-innovations-are-powering-more-inclusive-collaboration-experiences\/"]}]},{"@type":"ImageObject","inLanguage":"pt-BR","@id":"https:\/\/blog.webex.com\/collaboration\/hybrid-work\/how-webex-innovations-are-powering-more-inclusive-collaboration-experiences\/#primaryimage","url":"https:\/\/blog.webex.com\/wp-content\/uploads\/2021\/07\/Aug-2021-launch_blog_Javed-_975x5541.jpg","contentUrl":"https:\/\/blog.webex.com\/wp-content\/uploads\/2021\/07\/Aug-2021-launch_blog_Javed-_975x5541.jpg","width":975,"height":554,"caption":"Aug 2021 launch_blog_Javed _975x554(1)"},{"@type":"BreadcrumbList","@id":"https:\/\/blog.webex.com\/collaboration\/hybrid-work\/how-webex-innovations-are-powering-more-inclusive-collaboration-experiences\/#breadcrumb","itemListElement":[{"@type":"ListItem","position":1,"name":"Home","item":"https:\/\/blog.webex.com\/pt-br\/"},{"@type":"ListItem","position":2,"name":"Como as inova\u00e7\u00f5es do Webex est\u00e3o impulsionando experi\u00eancias de ..."}]},{"@type":"WebSite","@id":"https:\/\/blog.webex.com\/es\/#website","url":"https:\/\/blog.webex.com\/es\/","name":"Webex Blog","description":"Webex by Cisco powers collaboration through industry-leading video conferencing, cloud calling and contact center solutions","potentialAction":[{"@type":"SearchAction","target":{"@type":"EntryPoint","urlTemplate":"https:\/\/blog.webex.com\/es\/?s={search_term_string}"},"query-input":{"@type":"PropertyValueSpecification","valueRequired":true,"valueName":"search_term_string"}}],"inLanguage":"pt-BR"},{"@type":"Person","@id":"https:\/\/blog.webex.com\/es\/#\/schema\/person\/ab9d91cf8e30bbe7020f4cde6db3794c","name":"Javed Khan","image":{"@type":"ImageObject","inLanguage":"pt-BR","@id":"https:\/\/blog.webex.com\/es\/#\/schema\/person\/image\/","url":"https:\/\/secure.gravatar.com\/avatar\/9ec50bf03fdff2e3ea773fe45b36039847660e0b3e13914645d5bff43c3d06f9?s=96&d=wp_user_avatar&r=g","contentUrl":"https:\/\/secure.gravatar.com\/avatar\/9ec50bf03fdff2e3ea773fe45b36039847660e0b3e13914645d5bff43c3d06f9?s=96&d=wp_user_avatar&r=g","caption":"Javed Khan"},"description":"Javed Khan is the Senior Vice President and General Manager of Cisco Collaboration. This multi-billion-dollar business boasts the award-winning Webex product portfolio, including Cisco Devices, Webex Meetings, Webex Contact Center, Slido, Webex Events, and Webex Connect. Javed is passionate about delivering unrivaled collaboration experiences that fuel the future of work. He took on this leadership role in the midst of a global pandemic, leading and innovating through exponential growth as remote work unfolded. Now the team has delivered thousands of innovations and transformed the portfolio to help customers prepare for the next normal. In his tenure with Cisco, Javed has held several leadership roles in Collaboration, including VP\/GM for the Calling and Meetings business units, where his team delivered several transformative initiatives, including a single meetings platform architecture and modernization of the Webex experience. Prior to joining Cisco, he served as Vice President of Enterprise and Consumer Security products at Symantec, securing the most important user and enterprise environments at scale. He started his career as an engineer at Novell Networks, moving into escalating leadership roles there and at Symantec. With over 20 years of enterprise and consumer product leadership, Javed is an accomplished speaker on the future of work, business transformation, sustainability, product development, and technology architectures. He holds an MS in Computer Science from Loyola University and an MBA from the Anderson School of Management at UCLA.","sameAs":["https:\/\/www.linkedin.com\/in\/javed-khan-cisco","https:\/\/x.com\/https:\/\/twitter.com\/javed_khan"],"url":"https:\/\/blog.webex.com\/pt-br\/contributors\/javedkhan\/"}]}},"_links":{"self":[{"href":"https:\/\/blog.webex.com\/pt-br\/wp-json\/wp\/v2\/posts\/21335","targetHints":{"allow":["GET"]}}],"collection":[{"href":"https:\/\/blog.webex.com\/pt-br\/wp-json\/wp\/v2\/posts"}],"about":[{"href":"https:\/\/blog.webex.com\/pt-br\/wp-json\/wp\/v2\/types\/post"}],"author":[{"embeddable":true,"href":"https:\/\/blog.webex.com\/pt-br\/wp-json\/wp\/v2\/users\/308"}],"replies":[{"embeddable":true,"href":"https:\/\/blog.webex.com\/pt-br\/wp-json\/wp\/v2\/comments?post=21335"}],"version-history":[{"count":0,"href":"https:\/\/blog.webex.com\/pt-br\/wp-json\/wp\/v2\/posts\/21335\/revisions"}],"wp:featuredmedia":[{"embeddable":true,"href":"https:\/\/blog.webex.com\/pt-br\/wp-json\/wp\/v2\/media\/20059"}],"wp:attachment":[{"href":"https:\/\/blog.webex.com\/pt-br\/wp-json\/wp\/v2\/media?parent=21335"}],"wp:term":[{"taxonomy":"category","embeddable":true,"href":"https:\/\/blog.webex.com\/pt-br\/wp-json\/wp\/v2\/categories?post=21335"},{"taxonomy":"post_tag","embeddable":true,"href":"https:\/\/blog.webex.com\/pt-br\/wp-json\/wp\/v2\/tags?post=21335"}],"curies":[{"name":"wp","href":"https:\/\/api.w.org\/{rel}","templated":true}]}}