{"id":384658,"date":"2020-05-11T09:10:25","date_gmt":"2020-05-11T16:10:25","guid":{"rendered":"https:\/\/blog.webex.com\/uncategorized-pt-br\/o-futuro-do-trabalho-esta-aqui\/"},"modified":"2020-05-11T09:10:25","modified_gmt":"2020-05-11T16:10:25","slug":"o-futuro-do-trabalho-esta-aqui","status":"publish","type":"post","link":"https:\/\/blog.webex.com\/pt-br\/colaboracao\/trabalho-hibrido\/o-futuro-do-trabalho-esta-aqui\/","title":{"rendered":"O futuro do trabalho est\u00e1 aqui!"},"content":{"rendered":"<h2><span><br \/>\n  <strong>Anunciando o futuro do trabalho<\/strong><br \/>\n<\/span><\/h2>\n<p><img loading=\"lazy\" decoding=\"async\" class=\"alignleft wp-image-322350 \" src=\"https:\/\/storage.googleapis.com\/blogs-images\/ciscoblogs\/1\/2020\/05\/0aa08952-screen-shot-2020-05-07-at-11.51.32-am-e1588877886291.png\" alt=\"Futuro do trabalho\" width=\"276\" height=\"158\" \/><\/p>\n<p>de mais de 25.000 respondentes em uma recente pesquisa da IBM indicou que eles querem trabalhar remotamente, pelo menos ocasionalmente, ap\u00f3s o covid. E 54% dizem que querem que esta seja a forma <u>principal<\/u> de trabalho. Isso est\u00e1 sendo comparado com os 20% dos funcion\u00e1rios que foram remotos antes do COVID. O que era uma transi\u00e7\u00e3o lenta para novas formas de trabalho agora acelerou para um ponto onde tudo o que <span>   <strong><\/strong> <\/span> posso dizer \u00e9: <strong>O futuro do trabalho \u00e9 h\u00edbrido\u00a0<\/strong>(1) <\/p>\n<p> A transforma\u00e7\u00e3o do local de trabalho pr\u00e9-COVID j\u00e1 estava em andamento. Na verdade, muitas organiza\u00e7\u00f5es estavam adotando um futuro que parece muito diferente do que chamamos de &#8220;trabalho&#8221; mesmo h\u00e1 apenas 5 anos. Quatro gera\u00e7\u00f5es de funcion\u00e1rios exigiram estilos de trabalho diferentes de reuni\u00e3o. Workspaces inovadores, casuais e abertos tornaram-se o padr\u00e3o (como salas de jogo). E a implementa\u00e7\u00e3o de fluxos de trabalho integrados era fundamental para a realiza\u00e7\u00e3o de coisas. Permitir que as pessoas <em><\/em> <em>trabalhem em<\/em>onde , como e quando <i><\/i> quiserem ser a servi\u00e7o de mais e mais empresas.<\/p>\n<p>Mas agora estamos todos trabalhando remotamente, o que significa que precisamos aprender como nos adaptar a esse novo estilo de trabalho. E precisamos olhar para o futuro&#8230; quando, ou mesmo se, retornarmos ao nosso escrit\u00f3rio.<\/p>\n<h2><span><br \/>\n  <strong>Iniciativa de lideran\u00e7a de opini\u00e3o sobre o futuro do trabalho da Cisco<\/strong><br \/>\n<\/span><\/h2>\n<p>Para ajudar a entender, navegar e at\u00e9 adotar esse futuro, a Cisco tem uma parceria com clientes, pessoas, analistas e especialistas do setor. Os resultados desse trabalho s\u00e3o lan\u00e7ados hoje \u2014 nossa iniciativa de lideran\u00e7a de opini\u00e3o sobre o Futuro do Trabalho, que inclui hist\u00f3rias de clientes, artigos de lideran\u00e7a de opini\u00e3o, resultados de pesquisas e ferramentas de avalia\u00e7\u00e3o \u2014 tudo desenvolvido para <a href=\"https:\/\/futureofwork.webex.com\/\">   <strong><\/strong> <\/a> ajud\u00e1-lo <\/p>\n<p> a confiar em um novo futuro de trabalho. O portal \u00e9 sua \u00fanica parada para artigos novos e relevantes, v\u00eddeos e podcasts. Voc\u00ea encontrar\u00e1 insights de luminaries, como Jacob Morgan, Morgan; Mike Ltd, autor do l\u00edder algoritmo; e Michael Ltda, CEO de \u00d3timos lugares para trabalhar. Existem tamb\u00e9m hist\u00f3rias sobre as transforma\u00e7\u00e3o dos clientes. E por meio de uma parceria exclusiva com a Wired e a Wired Business Review, h\u00e1 conte\u00fado <strong>rico sobre o futuro do<\/strong>  <strong><\/strong>trabalho.<\/p>\n<p>Este site fornecer\u00e1 as ferramentas necess\u00e1rias para planejar o futuro da sua pr\u00f3pria organiza\u00e7\u00e3o, sejam estilos de trabalho, workspaces ou fluxos de trabalho.<\/p>\n<h2><span><br \/>\n  <strong>Futuro virtual da s\u00e9rie de maratonas<\/strong><br \/>\n<\/span><\/h2>\n<p>Por mais de cinco dias (11 a 15 de maio), estamos organizando um encontro virtual com uma poderosa linha de atendimento de clientes, especialistas,cs e analistas do setor. Voc\u00ea ouvir\u00e1 de clientes, incluindo <strong>Em<\/strong>Arm\u00eania, <strong>Nvidia, Broadcom, e Kim Kim ltda como eles inovaram durante a era<\/strong> <strong><\/strong> <strong><\/strong> COVID. Michael Ltda e Michael Ltda dar\u00e3o insights sobre como o mundo est\u00e1 se transformando juntamente com <a href=\"https:\/\/www.linkedin.com\/in\/michaelwalsh\/?originalSubdomain=uk\"><\/a> suas <a href=\"https:\/\/www.linkedin.com\/in\/mshah2\/\"><\/a> opini\u00f5es sobre o trabalho no futuro. E voc\u00ea ouvir\u00e1 dos analistas do setor como eles visualizam a continuidade dos neg\u00f3cios no contexto com o futuro do trabalho. N\u00e3o \u00e9 necess\u00e1rio registro. Visite o link acima para participar de qualquer uma das cinco sess\u00f5es. E se voc\u00ea perder um, eles ser\u00e3o arquivados no portal Future of Work.<\/p>\n<p>H\u00e1 um aspecto no portal que estou realmente entusiasmado: nossa Ferramenta de Avalia\u00e7\u00e3o de vencimento no ambiente de <a href=\"https:\/\/futureofwork.webex.com\/maturity-calculator\">   <b><\/b> <\/a>trabalho, uma calculadora de primeiro n\u00edvel de vencimento do setor. A Cisco recentemente conduziu uma pesquisa de compara\u00e7\u00e3o com mais de 1.500 empresas de 13 regi\u00f5es geogr\u00e1ficas e 7 setores verticais. N\u00f3s avaliamos tanto onde as empresas est\u00e3o no processo de transformar seu local de trabalho quanto se elas come\u00e7ar a adotar o futuro do trabalho, os benef\u00edcios que elas percebiam.<\/p>\n<p>A partir desses resultados de pesquisas, n\u00f3s constru\u00edmos esta calculadora que fornece \u00e0s organiza\u00e7\u00f5es um pulso sobre onde elas est\u00e3o no processo de transformar seu ambiente de trabalho para o futuro. Com menos de 10 minutos para concluir a avalia\u00e7\u00e3o, e depois de conclu\u00eddos, eles recebem uma pontua\u00e7\u00e3o personalizada de vencimento no ambiente de trabalho e podem comparar sua organiza\u00e7\u00e3o com os outros respondentes e saber se voc\u00ea est\u00e1 \u00e0 frente ou atr\u00e1s da transforma\u00e7\u00e3o do seu local de trabalho \u2014 e por quanto. Saber onde voc\u00ea ajuda com o planejamento do futuro.<\/p>\n<p>Outra \u00f3tima parte do conte\u00fado no nosso portal \u00e9 o nosso relat\u00f3rio de compara\u00e7\u00e3o, &#8220;Trabalho remoto seguro e eficaz&#8221;. Com base em nossa pesquisa, esse relat\u00f3rio atual aborda as necessidades imediatas do trabalho remoto relacionadas a nossa resposta \u00e0 pand\u00eamca e oferece vis\u00f5es importantes sobre como estabelecer a base para o seu futuro de trabalho.<\/p>\n<p>O futuro do trabalho \u00e9 h\u00edbrido. E com esses recursos, voc\u00ea aprender\u00e1 a se preparar para o futuro.<\/p>\n<blockquote><p><strong>Para obter mais informa\u00e7\u00f5es, consulte:<\/strong>\u202f<u><br \/>\n  <a href=\"https:\/\/virtualsummit.webex.com\/\">https:\/\/virtualsummit.webex.com\/<\/a> <\/u> <strong>exibi\u00e7\u00e3o sob<\/strong>demanda:\u202f<u><br \/>\n  <a href=\"https:\/\/futureofwork.webex.com\/virtual-summit\">https:\/\/futureofwork.webex.com\/virtual-summit<\/a><br \/>\n<\/u>\u202f<u><\/u><\/p><\/blockquote>\n<hr \/>\n<p><strong>Pesquisa da IBM que indica<\/strong>  <a href=\"https:\/\/newsroom.ibm.com\/2020-05-01-IBM-Study-COVID-19-Is-Significantly-Altering-U-S-Consumer-Behavior-and-Plans-Post-Crisis\">75% dos respondentes gostaria<\/a>  <strong><\/strong>  <a href=\"https:\/\/blogs.cisco.com\/collaboration\/5-takeaways-from-the-london-cisco-workplace-transformation-summit\"><\/a>  <a href=\"https:\/\/blogs.cisco.com\/collaboration\/workplace-experiences-how-remote-work-is-transforming-the-workplace\">de trabalhar remotamente, pelo menos ap\u00f3s o coVID, saber mais 5 li\u00e7\u00f5es do Cisco Workplace Transformation Switches em Londres Workplace Experiences: Como o trabalho remoto est\u00e1 transformando o Local<\/a>  <a href=\"https:\/\/blogs.cisco.com\/collaboration\/cisco-samsung-powering-workplace-transformation-by-doubling-down-on-co-creation-and-huddle-spaces\">de Trabalho Cisco + Samsung: For\u00e7ando a transforma\u00e7\u00e3o do local de trabalho com a retra\u00e7\u00e3o e a idea\u00e7\u00e3o de espa\u00e7os comuns<\/a><\/p>\n","protected":false},"excerpt":{"rendered":"<p>Para ajudar a entender, navegar e at\u00e9 adotar esse futuro, a Cisco fez uma parceria com clientes, pessoas, analistas e especialistas do setor, lan\u00e7ando nossa iniciativa de lideran\u00e7a de opini\u00e3o sobre o Futuro do Trabalho.<\/p>\n","protected":false},"author":5377,"featured_media":0,"comment_status":"open","ping_status":"open","sticky":false,"template":"","format":"standard","meta":{"inline_featured_image":false,"footnotes":""},"categories":[5283,1571],"tags":[3851,501],"class_list":["post-384658","post","type-post","status-publish","format-standard","hentry","category-colaboracao","category-trabalho-hibrido","tag-collaboration-solutions","tag-workplace-transformation"],"acf":[],"yoast_head":"<!-- This site is optimized with the Yoast SEO plugin v28.3 - https:\/\/yoast.com\/product\/yoast-seo-wordpress\/ -->\n<title>O futuro do trabalho est\u00e1 aqui! | Webex Blog<\/title>\n<meta name=\"robots\" content=\"index, follow, max-snippet:-1, max-image-preview:large, max-video-preview:-1\" \/>\n<link rel=\"canonical\" href=\"https:\/\/blog.webex.com\/collaboration\/hybrid-work\/the-future-of-work-is-here\/\" \/>\n<meta property=\"og:locale\" content=\"pt_BR\" \/>\n<meta property=\"og:type\" content=\"article\" \/>\n<meta property=\"og:title\" content=\"O futuro do trabalho est\u00e1 aqui! | Webex Blog\" \/>\n<meta property=\"og:description\" content=\"Para ajudar a entender, navegar e at\u00e9 adotar esse futuro, a Cisco fez uma parceria com clientes, pessoas, analistas e especialistas do setor, lan\u00e7ando nossa iniciativa de lideran\u00e7a de opini\u00e3o sobre o Futuro do Trabalho.\" \/>\n<meta property=\"og:url\" content=\"https:\/\/blog.webex.com\/collaboration\/hybrid-work\/the-future-of-work-is-here\/\" \/>\n<meta property=\"og:site_name\" content=\"Webex Blog\" \/>\n<meta property=\"article:published_time\" content=\"2020-05-11T16:10:25+00:00\" \/>\n<meta property=\"og:image\" content=\"https:\/\/storage.googleapis.com\/blogs-images\/ciscoblogs\/1\/2020\/05\/0aa08952-screen-shot-2020-05-07-at-11.51.32-am-e1588877886291.png\" \/>\n<meta name=\"author\" content=\"Aruna Ravichandran\" \/>\n<meta name=\"twitter:label1\" content=\"Escrito por\" \/>\n\t<meta name=\"twitter:data1\" content=\"Aruna Ravichandran\" \/>\n\t<meta name=\"twitter:label2\" content=\"Est. tempo de leitura\" \/>\n\t<meta name=\"twitter:data2\" content=\"4 minutos\" \/>\n<script type=\"application\/ld+json\" class=\"yoast-schema-graph\">{\"@context\":\"https:\\\/\\\/schema.org\",\"@graph\":[{\"@type\":\"Article\",\"@id\":\"https:\\\/\\\/blog.webex.com\\\/collaboration\\\/hybrid-work\\\/the-future-of-work-is-here\\\/#article\",\"isPartOf\":{\"@id\":\"https:\\\/\\\/blog.webex.com\\\/collaboration\\\/hybrid-work\\\/the-future-of-work-is-here\\\/\"},\"author\":{\"name\":\"Aruna Ravichandran\",\"@id\":\"https:\\\/\\\/blog.webex.com\\\/es\\\/#\\\/schema\\\/person\\\/13123e3d3a33894876e3bb847361fae4\"},\"headline\":\"O futuro do trabalho est\u00e1 aqui!\",\"datePublished\":\"2020-05-11T16:10:25+00:00\",\"mainEntityOfPage\":{\"@id\":\"https:\\\/\\\/blog.webex.com\\\/collaboration\\\/hybrid-work\\\/the-future-of-work-is-here\\\/\"},\"wordCount\":893,\"commentCount\":0,\"image\":{\"@id\":\"https:\\\/\\\/blog.webex.com\\\/collaboration\\\/hybrid-work\\\/the-future-of-work-is-here\\\/#primaryimage\"},\"thumbnailUrl\":\"https:\\\/\\\/storage.googleapis.com\\\/blogs-images\\\/ciscoblogs\\\/1\\\/2020\\\/05\\\/0aa08952-screen-shot-2020-05-07-at-11.51.32-am-e1588877886291.png\",\"keywords\":[\"Collaboration Solutions\",\"Workplace Transformation\"],\"articleSection\":[\"Colabora\u00e7\u00e3o\",\"Trabalho h\u00edbrido\"],\"inLanguage\":\"pt-BR\",\"potentialAction\":[{\"@type\":\"CommentAction\",\"name\":\"Comment\",\"target\":[\"https:\\\/\\\/blog.webex.com\\\/collaboration\\\/hybrid-work\\\/the-future-of-work-is-here\\\/#respond\"]}]},{\"@type\":\"WebPage\",\"@id\":\"https:\\\/\\\/blog.webex.com\\\/collaboration\\\/hybrid-work\\\/the-future-of-work-is-here\\\/\",\"url\":\"https:\\\/\\\/blog.webex.com\\\/collaboration\\\/hybrid-work\\\/the-future-of-work-is-here\\\/\",\"name\":\"O futuro do trabalho est\u00e1 aqui! | Webex Blog\",\"isPartOf\":{\"@id\":\"https:\\\/\\\/blog.webex.com\\\/es\\\/#website\"},\"primaryImageOfPage\":{\"@id\":\"https:\\\/\\\/blog.webex.com\\\/collaboration\\\/hybrid-work\\\/the-future-of-work-is-here\\\/#primaryimage\"},\"image\":{\"@id\":\"https:\\\/\\\/blog.webex.com\\\/collaboration\\\/hybrid-work\\\/the-future-of-work-is-here\\\/#primaryimage\"},\"thumbnailUrl\":\"https:\\\/\\\/storage.googleapis.com\\\/blogs-images\\\/ciscoblogs\\\/1\\\/2020\\\/05\\\/0aa08952-screen-shot-2020-05-07-at-11.51.32-am-e1588877886291.png\",\"datePublished\":\"2020-05-11T16:10:25+00:00\",\"author\":{\"@id\":\"https:\\\/\\\/blog.webex.com\\\/es\\\/#\\\/schema\\\/person\\\/13123e3d3a33894876e3bb847361fae4\"},\"breadcrumb\":{\"@id\":\"https:\\\/\\\/blog.webex.com\\\/collaboration\\\/hybrid-work\\\/the-future-of-work-is-here\\\/#breadcrumb\"},\"inLanguage\":\"pt-BR\",\"potentialAction\":[{\"@type\":\"ReadAction\",\"target\":[\"https:\\\/\\\/blog.webex.com\\\/collaboration\\\/hybrid-work\\\/the-future-of-work-is-here\\\/\"]}]},{\"@type\":\"ImageObject\",\"inLanguage\":\"pt-BR\",\"@id\":\"https:\\\/\\\/blog.webex.com\\\/collaboration\\\/hybrid-work\\\/the-future-of-work-is-here\\\/#primaryimage\",\"url\":\"https:\\\/\\\/storage.googleapis.com\\\/blogs-images\\\/ciscoblogs\\\/1\\\/2020\\\/05\\\/0aa08952-screen-shot-2020-05-07-at-11.51.32-am-e1588877886291.png\",\"contentUrl\":\"https:\\\/\\\/storage.googleapis.com\\\/blogs-images\\\/ciscoblogs\\\/1\\\/2020\\\/05\\\/0aa08952-screen-shot-2020-05-07-at-11.51.32-am-e1588877886291.png\"},{\"@type\":\"BreadcrumbList\",\"@id\":\"https:\\\/\\\/blog.webex.com\\\/collaboration\\\/hybrid-work\\\/the-future-of-work-is-here\\\/#breadcrumb\",\"itemListElement\":[{\"@type\":\"ListItem\",\"position\":1,\"name\":\"Home\",\"item\":\"https:\\\/\\\/blog.webex.com\\\/pt-br\\\/\"},{\"@type\":\"ListItem\",\"position\":2,\"name\":\"O futuro do trabalho est\u00e1 aqui!\"}]},{\"@type\":\"WebSite\",\"@id\":\"https:\\\/\\\/blog.webex.com\\\/es\\\/#website\",\"url\":\"https:\\\/\\\/blog.webex.com\\\/es\\\/\",\"name\":\"Webex Blog\",\"description\":\"Webex by Cisco powers collaboration through industry-leading video conferencing, cloud calling and contact center solutions\",\"potentialAction\":[{\"@type\":\"SearchAction\",\"target\":{\"@type\":\"EntryPoint\",\"urlTemplate\":\"https:\\\/\\\/blog.webex.com\\\/es\\\/?s={search_term_string}\"},\"query-input\":{\"@type\":\"PropertyValueSpecification\",\"valueRequired\":true,\"valueName\":\"search_term_string\"}}],\"inLanguage\":\"pt-BR\"},{\"@type\":\"Person\",\"@id\":\"https:\\\/\\\/blog.webex.com\\\/es\\\/#\\\/schema\\\/person\\\/13123e3d3a33894876e3bb847361fae4\",\"name\":\"Aruna Ravichandran\",\"image\":{\"@type\":\"ImageObject\",\"inLanguage\":\"pt-BR\",\"@id\":\"https:\\\/\\\/secure.gravatar.com\\\/avatar\\\/c7448744d0884becd5a26d9b152a552ea57a4ade4d71ce42122061ea2ab76575?s=96&d=wp_user_avatar&r=g\",\"url\":\"https:\\\/\\\/secure.gravatar.com\\\/avatar\\\/c7448744d0884becd5a26d9b152a552ea57a4ade4d71ce42122061ea2ab76575?s=96&d=wp_user_avatar&r=g\",\"contentUrl\":\"https:\\\/\\\/secure.gravatar.com\\\/avatar\\\/c7448744d0884becd5a26d9b152a552ea57a4ade4d71ce42122061ea2ab76575?s=96&d=wp_user_avatar&r=g\",\"caption\":\"Aruna Ravichandran\"},\"description\":\"Aruna drives significant revenue growth and brand value through a powerful blend of technological expertise, data science acumen, strategic storytelling, and marketing innovation. An early adopter of marketing automation and AI, Aruna stays at the forefront of technological advancements, consistently leveraging them to disrupt competitive markets. Her leadership in SaaS marketing and enterprise technology and her vision for AI's role in shaping customer and employee experiences have made her a sought-after thought leader in the industry. Beyond her professional achievements, Aruna is a passionate advocate for women in technology and making the STEM fields more inclusive and accessible. Aruna has an MBA and MS in Computer Engineering from Santa Clara University and a BS in Computer Science from Bangalore Institute of Technology. She is an alumna of the CMO Leadership program at Kellogg Business School. She serves on Cal Polytechnic San Luis Obispo, Fast Company, Forbes Technology Council, and Vox Media boards.\",\"sameAs\":[\"https:\\\/\\\/www.linkedin.com\\\/in\\\/aruna2u\\\/\",\"https:\\\/\\\/x.com\\\/https:\\\/\\\/twitter.com\\\/aruna13\"],\"url\":\"https:\\\/\\\/blog.webex.com\\\/pt-br\\\/contributors\\\/arunaravichandran-2\\\/\"}]}<\/script>\n<!-- \/ Yoast SEO plugin. -->","yoast_head_json":{"title":"O futuro do trabalho est\u00e1 aqui! | Webex Blog","robots":{"index":"index","follow":"follow","max-snippet":"max-snippet:-1","max-image-preview":"max-image-preview:large","max-video-preview":"max-video-preview:-1"},"canonical":"https:\/\/blog.webex.com\/collaboration\/hybrid-work\/the-future-of-work-is-here\/","og_locale":"pt_BR","og_type":"article","og_title":"O futuro do trabalho est\u00e1 aqui! | Webex Blog","og_description":"Para ajudar a entender, navegar e at\u00e9 adotar esse futuro, a Cisco fez uma parceria com clientes, pessoas, analistas e especialistas do setor, lan\u00e7ando nossa iniciativa de lideran\u00e7a de opini\u00e3o sobre o Futuro do Trabalho.","og_url":"https:\/\/blog.webex.com\/collaboration\/hybrid-work\/the-future-of-work-is-here\/","og_site_name":"Webex Blog","article_published_time":"2020-05-11T16:10:25+00:00","og_image":[{"url":"https:\/\/storage.googleapis.com\/blogs-images\/ciscoblogs\/1\/2020\/05\/0aa08952-screen-shot-2020-05-07-at-11.51.32-am-e1588877886291.png","type":"","width":"","height":""}],"author":"Aruna Ravichandran","twitter_misc":{"Escrito por":"Aruna Ravichandran","Est. tempo de leitura":"4 minutos"},"schema":{"@context":"https:\/\/schema.org","@graph":[{"@type":"Article","@id":"https:\/\/blog.webex.com\/collaboration\/hybrid-work\/the-future-of-work-is-here\/#article","isPartOf":{"@id":"https:\/\/blog.webex.com\/collaboration\/hybrid-work\/the-future-of-work-is-here\/"},"author":{"name":"Aruna Ravichandran","@id":"https:\/\/blog.webex.com\/es\/#\/schema\/person\/13123e3d3a33894876e3bb847361fae4"},"headline":"O futuro do trabalho est\u00e1 aqui!","datePublished":"2020-05-11T16:10:25+00:00","mainEntityOfPage":{"@id":"https:\/\/blog.webex.com\/collaboration\/hybrid-work\/the-future-of-work-is-here\/"},"wordCount":893,"commentCount":0,"image":{"@id":"https:\/\/blog.webex.com\/collaboration\/hybrid-work\/the-future-of-work-is-here\/#primaryimage"},"thumbnailUrl":"https:\/\/storage.googleapis.com\/blogs-images\/ciscoblogs\/1\/2020\/05\/0aa08952-screen-shot-2020-05-07-at-11.51.32-am-e1588877886291.png","keywords":["Collaboration Solutions","Workplace Transformation"],"articleSection":["Colabora\u00e7\u00e3o","Trabalho h\u00edbrido"],"inLanguage":"pt-BR","potentialAction":[{"@type":"CommentAction","name":"Comment","target":["https:\/\/blog.webex.com\/collaboration\/hybrid-work\/the-future-of-work-is-here\/#respond"]}]},{"@type":"WebPage","@id":"https:\/\/blog.webex.com\/collaboration\/hybrid-work\/the-future-of-work-is-here\/","url":"https:\/\/blog.webex.com\/collaboration\/hybrid-work\/the-future-of-work-is-here\/","name":"O futuro do trabalho est\u00e1 aqui! | Webex Blog","isPartOf":{"@id":"https:\/\/blog.webex.com\/es\/#website"},"primaryImageOfPage":{"@id":"https:\/\/blog.webex.com\/collaboration\/hybrid-work\/the-future-of-work-is-here\/#primaryimage"},"image":{"@id":"https:\/\/blog.webex.com\/collaboration\/hybrid-work\/the-future-of-work-is-here\/#primaryimage"},"thumbnailUrl":"https:\/\/storage.googleapis.com\/blogs-images\/ciscoblogs\/1\/2020\/05\/0aa08952-screen-shot-2020-05-07-at-11.51.32-am-e1588877886291.png","datePublished":"2020-05-11T16:10:25+00:00","author":{"@id":"https:\/\/blog.webex.com\/es\/#\/schema\/person\/13123e3d3a33894876e3bb847361fae4"},"breadcrumb":{"@id":"https:\/\/blog.webex.com\/collaboration\/hybrid-work\/the-future-of-work-is-here\/#breadcrumb"},"inLanguage":"pt-BR","potentialAction":[{"@type":"ReadAction","target":["https:\/\/blog.webex.com\/collaboration\/hybrid-work\/the-future-of-work-is-here\/"]}]},{"@type":"ImageObject","inLanguage":"pt-BR","@id":"https:\/\/blog.webex.com\/collaboration\/hybrid-work\/the-future-of-work-is-here\/#primaryimage","url":"https:\/\/storage.googleapis.com\/blogs-images\/ciscoblogs\/1\/2020\/05\/0aa08952-screen-shot-2020-05-07-at-11.51.32-am-e1588877886291.png","contentUrl":"https:\/\/storage.googleapis.com\/blogs-images\/ciscoblogs\/1\/2020\/05\/0aa08952-screen-shot-2020-05-07-at-11.51.32-am-e1588877886291.png"},{"@type":"BreadcrumbList","@id":"https:\/\/blog.webex.com\/collaboration\/hybrid-work\/the-future-of-work-is-here\/#breadcrumb","itemListElement":[{"@type":"ListItem","position":1,"name":"Home","item":"https:\/\/blog.webex.com\/pt-br\/"},{"@type":"ListItem","position":2,"name":"O futuro do trabalho est\u00e1 aqui!"}]},{"@type":"WebSite","@id":"https:\/\/blog.webex.com\/es\/#website","url":"https:\/\/blog.webex.com\/es\/","name":"Webex Blog","description":"Webex by Cisco powers collaboration through industry-leading video conferencing, cloud calling and contact center solutions","potentialAction":[{"@type":"SearchAction","target":{"@type":"EntryPoint","urlTemplate":"https:\/\/blog.webex.com\/es\/?s={search_term_string}"},"query-input":{"@type":"PropertyValueSpecification","valueRequired":true,"valueName":"search_term_string"}}],"inLanguage":"pt-BR"},{"@type":"Person","@id":"https:\/\/blog.webex.com\/es\/#\/schema\/person\/13123e3d3a33894876e3bb847361fae4","name":"Aruna Ravichandran","image":{"@type":"ImageObject","inLanguage":"pt-BR","@id":"https:\/\/secure.gravatar.com\/avatar\/c7448744d0884becd5a26d9b152a552ea57a4ade4d71ce42122061ea2ab76575?s=96&d=wp_user_avatar&r=g","url":"https:\/\/secure.gravatar.com\/avatar\/c7448744d0884becd5a26d9b152a552ea57a4ade4d71ce42122061ea2ab76575?s=96&d=wp_user_avatar&r=g","contentUrl":"https:\/\/secure.gravatar.com\/avatar\/c7448744d0884becd5a26d9b152a552ea57a4ade4d71ce42122061ea2ab76575?s=96&d=wp_user_avatar&r=g","caption":"Aruna Ravichandran"},"description":"Aruna drives significant revenue growth and brand value through a powerful blend of technological expertise, data science acumen, strategic storytelling, and marketing innovation. An early adopter of marketing automation and AI, Aruna stays at the forefront of technological advancements, consistently leveraging them to disrupt competitive markets. Her leadership in SaaS marketing and enterprise technology and her vision for AI's role in shaping customer and employee experiences have made her a sought-after thought leader in the industry. Beyond her professional achievements, Aruna is a passionate advocate for women in technology and making the STEM fields more inclusive and accessible. Aruna has an MBA and MS in Computer Engineering from Santa Clara University and a BS in Computer Science from Bangalore Institute of Technology. She is an alumna of the CMO Leadership program at Kellogg Business School. She serves on Cal Polytechnic San Luis Obispo, Fast Company, Forbes Technology Council, and Vox Media boards.","sameAs":["https:\/\/www.linkedin.com\/in\/aruna2u\/","https:\/\/x.com\/https:\/\/twitter.com\/aruna13"],"url":"https:\/\/blog.webex.com\/pt-br\/contributors\/arunaravichandran-2\/"}]}},"_links":{"self":[{"href":"https:\/\/blog.webex.com\/pt-br\/wp-json\/wp\/v2\/posts\/384658","targetHints":{"allow":["GET"]}}],"collection":[{"href":"https:\/\/blog.webex.com\/pt-br\/wp-json\/wp\/v2\/posts"}],"about":[{"href":"https:\/\/blog.webex.com\/pt-br\/wp-json\/wp\/v2\/types\/post"}],"author":[{"embeddable":true,"href":"https:\/\/blog.webex.com\/pt-br\/wp-json\/wp\/v2\/users\/5377"}],"replies":[{"embeddable":true,"href":"https:\/\/blog.webex.com\/pt-br\/wp-json\/wp\/v2\/comments?post=384658"}],"version-history":[{"count":0,"href":"https:\/\/blog.webex.com\/pt-br\/wp-json\/wp\/v2\/posts\/384658\/revisions"}],"wp:attachment":[{"href":"https:\/\/blog.webex.com\/pt-br\/wp-json\/wp\/v2\/media?parent=384658"}],"wp:term":[{"taxonomy":"category","embeddable":true,"href":"https:\/\/blog.webex.com\/pt-br\/wp-json\/wp\/v2\/categories?post=384658"},{"taxonomy":"post_tag","embeddable":true,"href":"https:\/\/blog.webex.com\/pt-br\/wp-json\/wp\/v2\/tags?post=384658"}],"curies":[{"name":"wp","href":"https:\/\/api.w.org\/{rel}","templated":true}]}}