{"id":389317,"date":"2022-02-01T07:23:33","date_gmt":"2022-02-01T15:23:33","guid":{"rendered":"https:\/\/blog.webex.com\/uncategorized-pt-br\/personalize-seu-espaco-de-trabalho-com-um-estilo-colorido\/"},"modified":"2022-02-01T07:23:33","modified_gmt":"2022-02-01T15:23:33","slug":"personalize-seu-espaco-de-trabalho-com-um-estilo-colorido","status":"publish","type":"post","link":"https:\/\/blog.webex.com\/pt-br\/espacos-de-trabalho\/personalize-seu-espaco-de-trabalho-com-um-estilo-colorido\/","title":{"rendered":"Personalize seu espa\u00e7o de trabalho\u2014com um estilo colorido"},"content":{"rendered":"<p>Em outubro passado, na Webex One, a Cisco anunciou a introdu\u00e7\u00e3o de edi\u00e7\u00f5es limitadas de cores dispon\u00edveis com os novos Webex Desk Mini e Webex Desk. \u00c9 com grande satisfa\u00e7\u00e3o que compartilhamos mais detalhes sobre essa gama de cores novinhas em folha, e que est\u00e3o dispon\u00edveis agora para encomendas hoje mesmo.<\/p>\n<p>Al\u00e9m do Primeiro Cinza Claro, que voc\u00ea j\u00e1 conhece, \u00e9 poss\u00edvel agora encomendar o Preto Carv\u00e3o, cor dramaticamente profunda, que ser\u00e1 uma das nossas cores-padr\u00e3o, bem como tr\u00eas cores com edi\u00e7\u00f5es limitadas, concebidas para complementar espa\u00e7os e estilos de vida: Areia do Deserto, Azul N\u00f3rdico e Verde Floresta.<\/p>\n<p><iframe loading=\"lazy\" title=\"The portable all-in-one collaboration device  |  Webex Desk Mini\" width=\"500\" height=\"281\" src=\"https:\/\/www.youtube.com\/embed\/x___ZapiSlw?feature=oembed\" frameborder=\"0\" allow=\"accelerometer; autoplay; clipboard-write; encrypted-media; gyroscope; picture-in-picture; web-share\" referrerpolicy=\"strict-origin-when-cross-origin\" allowfullscreen><\/iframe><\/p>\n<p>As pessoas est\u00e3o tendo cada vez mais escolhas sobre onde e como v\u00e3o trabalhar, e n\u00f3s ativamente apoiamos esse movimento com um produto centrado no ser humano e focado no design. Nossos dispositivos Webex Desk s\u00e3o um deleite para os olhos, f\u00e1ceis de usar e carregar para qualquer lugar onde voc\u00ea quiser trabalhar, e v\u00eam agora com novas cores para adequar-se facilmente a diferentes ambientes e atmosferas.<\/p>\n<p>Vamos olhar mais de perto o significado de cada cor.<\/p>\n<h2><strong>Primeiro Cinza Claro<\/strong><\/h2>\n<p>Moderno, limpo, neutro e simp\u00e1tico, este cinza d\u00e1 a impress\u00e3o de leveza, equil\u00edbrio e profissionalismo em qualquer local de trabalho.<\/p>\n<div id=\"attachment_384751\" class=\"wp-caption aligncenter\"><img loading=\"lazy\" decoding=\"async\" aria-describedby=\"caption-attachment-384751\" class=\"size-full wp-image-384751\" src=\"https:\/\/blog.webex.com\/wp-content\/uploads\/2022\/01\/091221_Cisco_Q1_05_LivingRoom1TemporaryWorkspace_GroupShot_001662-JC-1-1-scaled.jpg\" alt=\"Primeiro cinza claro do Webex Desk Mini\" width=\"2560\" height=\"1708\" srcset=\"https:\/\/blog.webex.com\/wp-content\/uploads\/2022\/01\/091221_Cisco_Q1_05_LivingRoom1TemporaryWorkspace_GroupShot_001662-JC-1-1-scaled.jpg 779w, https:\/\/blog.webex.com\/wp-content\/uploads\/2022\/01\/091221_Cisco_Q1_05_LivingRoom1TemporaryWorkspace_GroupShot_001662-JC-1-1-300x200.jpg 300w, https:\/\/blog.webex.com\/wp-content\/uploads\/2022\/01\/091221_Cisco_Q1_05_LivingRoom1TemporaryWorkspace_GroupShot_001662-JC-1-1-1024x683.jpg 1024w, https:\/\/blog.webex.com\/wp-content\/uploads\/2022\/01\/091221_Cisco_Q1_05_LivingRoom1TemporaryWorkspace_GroupShot_001662-JC-1-1-768x512.jpg 768w, https:\/\/blog.webex.com\/wp-content\/uploads\/2022\/01\/091221_Cisco_Q1_05_LivingRoom1TemporaryWorkspace_GroupShot_001662-JC-1-1-1536x1025.jpg 1536w, https:\/\/blog.webex.com\/wp-content\/uploads\/2022\/01\/091221_Cisco_Q1_05_LivingRoom1TemporaryWorkspace_GroupShot_001662-JC-1-1-2048x1366.jpg 2048w\" sizes=\"auto, (max-width: 2560px) 100vw, 2560px\" \/><p id=\"caption-attachment-384751\" class=\"wp-caption-text\"><br \/>\n<\/a> Primeiro Cinza Claro do Webex Desk Mini, junto com fones de ouvido sem fio Headset 730, em um local de trabalho tempor\u00e1rio e compartilhado em uma casa de fam\u00edlia movimentada.<\/p><\/div>\n<div id=\"attachment_384894\" class=\"wp-caption aligncenter\"><img loading=\"lazy\" decoding=\"async\" aria-describedby=\"caption-attachment-384894\" class=\"wp-image-384894 size-full\" src=\"https:\/\/blog.webex.com\/wp-content\/uploads\/2022\/01\/Octavio_HuddleSpaces_v3_warm-CROP1-scaled.jpg\" alt=\"\" width=\"2560\" height=\"1500\" srcset=\"https:\/\/blog.webex.com\/wp-content\/uploads\/2022\/01\/Octavio_HuddleSpaces_v3_warm-CROP1-scaled.jpg 887w, https:\/\/blog.webex.com\/wp-content\/uploads\/2022\/01\/Octavio_HuddleSpaces_v3_warm-CROP1-300x176.jpg 300w, https:\/\/blog.webex.com\/wp-content\/uploads\/2022\/01\/Octavio_HuddleSpaces_v3_warm-CROP1-1024x600.jpg 1024w, https:\/\/blog.webex.com\/wp-content\/uploads\/2022\/01\/Octavio_HuddleSpaces_v3_warm-CROP1-768x450.jpg 768w, https:\/\/blog.webex.com\/wp-content\/uploads\/2022\/01\/Octavio_HuddleSpaces_v3_warm-CROP1-1536x900.jpg 1536w, https:\/\/blog.webex.com\/wp-content\/uploads\/2022\/01\/Octavio_HuddleSpaces_v3_warm-CROP1-2048x1200.jpg 2048w\" sizes=\"auto, (max-width: 2560px) 100vw, 2560px\" \/><p id=\"caption-attachment-384894\" class=\"wp-caption-text\"><br \/>\n<\/a> Primeiro Cinza Claro do Webex Desk Mini, em uma dessas salas de coworking pequenas e iluminadas, ajuda a complementar as paredes de concreto e pisos de pedra polida neste local de trabalho contempor\u00e2neo.<\/p><\/div>\n<h2>Preto Carv\u00e3o<\/h2>\n<p>Profundo e rico, este tom escuro d\u00e1 uma impress\u00e3o de sofistica\u00e7\u00e3o e poder, e combina com ambientes mais escuros.<\/p>\n<div id=\"attachment_384771\" class=\"wp-caption aligncenter\"><img loading=\"lazy\" decoding=\"async\" aria-describedby=\"caption-attachment-384771\" class=\"size-full wp-image-384771\" src=\"https:\/\/blog.webex.com\/wp-content\/uploads\/2022\/01\/v2_BlackOffice-scaled.jpg\" alt=\"Escrit\u00f3rio Preto\" width=\"2560\" height=\"2048\" srcset=\"https:\/\/blog.webex.com\/wp-content\/uploads\/2022\/01\/v2_BlackOffice-scaled.jpg 650w, https:\/\/blog.webex.com\/wp-content\/uploads\/2022\/01\/v2_BlackOffice-300x240.jpg 300w, https:\/\/blog.webex.com\/wp-content\/uploads\/2022\/01\/v2_BlackOffice-1024x819.jpg 1024w, https:\/\/blog.webex.com\/wp-content\/uploads\/2022\/01\/v2_BlackOffice-768x614.jpg 768w, https:\/\/blog.webex.com\/wp-content\/uploads\/2022\/01\/v2_BlackOffice-1536x1229.jpg 1536w, https:\/\/blog.webex.com\/wp-content\/uploads\/2022\/01\/v2_BlackOffice-2048x1638.jpg 2048w\" sizes=\"auto, (max-width: 2560px) 100vw, 2560px\" \/><p id=\"caption-attachment-384771\" class=\"wp-caption-text\"><br \/>\n<\/a> Webex Desk na cor Preto Carv\u00e3o em um ambiente comercial contempor\u00e2neo em plano aberto.<\/p><\/div>\n<div id=\"attachment_384781\" class=\"wp-caption aligncenter\"><img loading=\"lazy\" decoding=\"async\" aria-describedby=\"caption-attachment-384781\" class=\"size-full wp-image-384781\" src=\"https:\/\/blog.webex.com\/wp-content\/uploads\/2022\/01\/7-Environment-2-CARBON-scaled.jpg\" alt=\"Carv\u00e3o Ambiental\" width=\"2560\" height=\"1440\" srcset=\"https:\/\/blog.webex.com\/wp-content\/uploads\/2022\/01\/7-Environment-2-CARBON-scaled.jpg 924w, https:\/\/blog.webex.com\/wp-content\/uploads\/2022\/01\/7-Environment-2-CARBON-300x169.jpg 300w, https:\/\/blog.webex.com\/wp-content\/uploads\/2022\/01\/7-Environment-2-CARBON-1024x576.jpg 1024w, https:\/\/blog.webex.com\/wp-content\/uploads\/2022\/01\/7-Environment-2-CARBON-768x432.jpg 768w, https:\/\/blog.webex.com\/wp-content\/uploads\/2022\/01\/7-Environment-2-CARBON-1536x864.jpg 1536w, https:\/\/blog.webex.com\/wp-content\/uploads\/2022\/01\/7-Environment-2-CARBON-2048x1152.jpg 2048w\" sizes=\"auto, (max-width: 2560px) 100vw, 2560px\" \/><p id=\"caption-attachment-384781\" class=\"wp-caption-text\"><br \/>\n<\/a> Webex Desk Mini na cor Preto Carv\u00e3o cabe at\u00e9 nos menores esca\u00e7os de trabalho, como nesta bancada de cozinha.<\/p><\/div>\n<h2>Areia do Deserto<\/h2>\n<p>Acolhedor e neutro, este tom terroso passa uma sensa\u00e7\u00e3o de sinceridade e combina com interiores com designs relaxados e modernos.<\/p>\n<div id=\"attachment_384904\" class=\"wp-caption aligncenter\"><img loading=\"lazy\" decoding=\"async\" aria-describedby=\"caption-attachment-384904\" class=\"wp-image-384904 size-full\" src=\"https:\/\/blog.webex.com\/wp-content\/uploads\/2022\/01\/v2_BeigeOfficeCROP-scaled.jpg\" alt=\"\" width=\"2560\" height=\"1440\" srcset=\"https:\/\/blog.webex.com\/wp-content\/uploads\/2022\/01\/v2_BeigeOfficeCROP-scaled.jpg 924w, https:\/\/blog.webex.com\/wp-content\/uploads\/2022\/01\/v2_BeigeOfficeCROP-300x169.jpg 300w, https:\/\/blog.webex.com\/wp-content\/uploads\/2022\/01\/v2_BeigeOfficeCROP-1024x576.jpg 1024w, https:\/\/blog.webex.com\/wp-content\/uploads\/2022\/01\/v2_BeigeOfficeCROP-768x432.jpg 768w, https:\/\/blog.webex.com\/wp-content\/uploads\/2022\/01\/v2_BeigeOfficeCROP-1536x864.jpg 1536w, https:\/\/blog.webex.com\/wp-content\/uploads\/2022\/01\/v2_BeigeOfficeCROP-2048x1152.jpg 2048w\" sizes=\"auto, (max-width: 2560px) 100vw, 2560px\" \/><p id=\"caption-attachment-384904\" class=\"wp-caption-text\"><br \/>\n<\/a> Webex Desk na cor Areia do Deserto em um home office confort\u00e1vel, aconchegante e acolhedor.<\/p><\/div>\n<div id=\"attachment_384801\" class=\"wp-caption aligncenter\"><img loading=\"lazy\" decoding=\"async\" aria-describedby=\"caption-attachment-384801\" class=\"wp-image-384801 size-full\" src=\"https:\/\/blog.webex.com\/wp-content\/uploads\/2022\/01\/8-Environment-3-BEIGE-Flare-scaled.jpg\" alt=\"Bege Ambiental\" width=\"2560\" height=\"1440\" srcset=\"https:\/\/blog.webex.com\/wp-content\/uploads\/2022\/01\/8-Environment-3-BEIGE-Flare-scaled.jpg 924w, https:\/\/blog.webex.com\/wp-content\/uploads\/2022\/01\/8-Environment-3-BEIGE-Flare-300x169.jpg 300w, https:\/\/blog.webex.com\/wp-content\/uploads\/2022\/01\/8-Environment-3-BEIGE-Flare-1024x576.jpg 1024w, https:\/\/blog.webex.com\/wp-content\/uploads\/2022\/01\/8-Environment-3-BEIGE-Flare-768x432.jpg 768w, https:\/\/blog.webex.com\/wp-content\/uploads\/2022\/01\/8-Environment-3-BEIGE-Flare-1536x864.jpg 1536w, https:\/\/blog.webex.com\/wp-content\/uploads\/2022\/01\/8-Environment-3-BEIGE-Flare-2048x1152.jpg 2048w\" sizes=\"auto, (max-width: 2560px) 100vw, 2560px\" \/><p id=\"caption-attachment-384801\" class=\"wp-caption-text\"><br \/>\n<\/a> Webex Desk Mini na cor Areia do Deserto combina naturalmente com um ambiente com cozinha\/sala de estar em plano aberto com cores sutis e naturais.<\/p><\/div>\n<h2>Azul N\u00f3rdico<\/h2>\n<p>Sereno e relaxante, este azul intenso d\u00e1 a impress\u00e3o de claridade e paz e, ao mesmo tempo, pontua as salas com um conjunto arrojado e inequ\u00edvoco de cores.<\/p>\n<div id=\"attachment_384811\" class=\"wp-caption aligncenter\"><img loading=\"lazy\" decoding=\"async\" aria-describedby=\"caption-attachment-384811\" class=\"size-full wp-image-384811\" src=\"https:\/\/blog.webex.com\/wp-content\/uploads\/2022\/01\/v2_BeigeBlueOffice-scaled.jpg\" alt=\"Webex Desk na cor Azul N\u00f3rdico\" width=\"2560\" height=\"1824\" srcset=\"https:\/\/blog.webex.com\/wp-content\/uploads\/2022\/01\/v2_BeigeBlueOffice-scaled.jpg 730w, https:\/\/blog.webex.com\/wp-content\/uploads\/2022\/01\/v2_BeigeBlueOffice-300x214.jpg 300w, https:\/\/blog.webex.com\/wp-content\/uploads\/2022\/01\/v2_BeigeBlueOffice-1024x730.jpg 1024w, https:\/\/blog.webex.com\/wp-content\/uploads\/2022\/01\/v2_BeigeBlueOffice-768x547.jpg 768w, https:\/\/blog.webex.com\/wp-content\/uploads\/2022\/01\/v2_BeigeBlueOffice-1536x1094.jpg 1536w, https:\/\/blog.webex.com\/wp-content\/uploads\/2022\/01\/v2_BeigeBlueOffice-2048x1459.jpg 2048w\" sizes=\"auto, (max-width: 2560px) 100vw, 2560px\" \/><p id=\"caption-attachment-384811\" class=\"wp-caption-text\"><br \/>\n<\/a> Webex Desk nas cores Azul N\u00f3rdico e Areia do Deserto, exibidos juntos em um ambiente em plano aberto, destacam-se e fazem a diferen\u00e7a.<\/p><\/div>\n<div id=\"attachment_384821\" class=\"wp-caption aligncenter\"><img loading=\"lazy\" decoding=\"async\" aria-describedby=\"caption-attachment-384821\" class=\"size-full wp-image-384821\" src=\"https:\/\/blog.webex.com\/wp-content\/uploads\/2022\/01\/9-Enrivonment-4-BLUE-scaled.jpg\" alt=\"Webex Desk Mini na cor Azul N\u00f3rdico\" width=\"2560\" height=\"1440\" srcset=\"https:\/\/blog.webex.com\/wp-content\/uploads\/2022\/01\/9-Enrivonment-4-BLUE-scaled.jpg 924w, https:\/\/blog.webex.com\/wp-content\/uploads\/2022\/01\/9-Enrivonment-4-BLUE-300x169.jpg 300w, https:\/\/blog.webex.com\/wp-content\/uploads\/2022\/01\/9-Enrivonment-4-BLUE-1024x576.jpg 1024w, https:\/\/blog.webex.com\/wp-content\/uploads\/2022\/01\/9-Enrivonment-4-BLUE-768x432.jpg 768w, https:\/\/blog.webex.com\/wp-content\/uploads\/2022\/01\/9-Enrivonment-4-BLUE-1536x864.jpg 1536w, https:\/\/blog.webex.com\/wp-content\/uploads\/2022\/01\/9-Enrivonment-4-BLUE-2048x1152.jpg 2048w\" sizes=\"auto, (max-width: 2560px) 100vw, 2560px\" \/><p id=\"caption-attachment-384821\" class=\"wp-caption-text\"><br \/>\n<\/a> Webex Desk Mini na cor Azul N\u00f3rdico combina perfeitamente com a decora\u00e7\u00e3o de sua casa, integrando-se perfeitamente com os seus m\u00f3veis.<\/p><\/div>\n<h2>Verde Floresta<\/h2>\n<p>Tranq\u00fcilo e otimista, este tom inspirado na natureza acrescenta uma energia harmoniosa e otimista ao reconectar-nos com ar livre.<\/p>\n<div id=\"attachment_384831\" class=\"wp-caption aligncenter\"><img loading=\"lazy\" decoding=\"async\" aria-describedby=\"caption-attachment-384831\" class=\"size-full wp-image-384831\" src=\"https:\/\/blog.webex.com\/wp-content\/uploads\/2022\/01\/v3_GreenOffice1-scaled.jpg\" alt=\"Escrit\u00f3rio Verde\" width=\"2560\" height=\"1680\" srcset=\"https:\/\/blog.webex.com\/wp-content\/uploads\/2022\/01\/v3_GreenOffice1-scaled.jpg 792w, https:\/\/blog.webex.com\/wp-content\/uploads\/2022\/01\/v3_GreenOffice1-300x197.jpg 300w, https:\/\/blog.webex.com\/wp-content\/uploads\/2022\/01\/v3_GreenOffice1-1024x672.jpg 1024w, https:\/\/blog.webex.com\/wp-content\/uploads\/2022\/01\/v3_GreenOffice1-768x504.jpg 768w, https:\/\/blog.webex.com\/wp-content\/uploads\/2022\/01\/v3_GreenOffice1-1536x1008.jpg 1536w, https:\/\/blog.webex.com\/wp-content\/uploads\/2022\/01\/v3_GreenOffice1-2048x1344.jpg 2048w\" sizes=\"auto, (max-width: 2560px) 100vw, 2560px\" \/><p id=\"caption-attachment-384831\" class=\"wp-caption-text\"><br \/>\n<\/a> Webex Desk na cor Verde Floresta combina com o ambiente externo neste espa\u00e7o comercial contempor\u00e2neo.<\/p><\/div>\n<div id=\"attachment_384841\" class=\"wp-caption aligncenter\"><img loading=\"lazy\" decoding=\"async\" aria-describedby=\"caption-attachment-384841\" class=\"size-full wp-image-384841\" src=\"https:\/\/blog.webex.com\/wp-content\/uploads\/2022\/01\/9.1-Environment-5-GREEN-scaled.jpg\" alt=\"Webex Desk Mini na cor Verde Floresta\" width=\"2560\" height=\"1440\" srcset=\"https:\/\/blog.webex.com\/wp-content\/uploads\/2022\/01\/9.1-Environment-5-GREEN-scaled.jpg 924w, https:\/\/blog.webex.com\/wp-content\/uploads\/2022\/01\/9.1-Environment-5-GREEN-300x169.jpg 300w, https:\/\/blog.webex.com\/wp-content\/uploads\/2022\/01\/9.1-Environment-5-GREEN-1024x576.jpg 1024w, https:\/\/blog.webex.com\/wp-content\/uploads\/2022\/01\/9.1-Environment-5-GREEN-768x432.jpg 768w, https:\/\/blog.webex.com\/wp-content\/uploads\/2022\/01\/9.1-Environment-5-GREEN-1536x864.jpg 1536w, https:\/\/blog.webex.com\/wp-content\/uploads\/2022\/01\/9.1-Environment-5-GREEN-2048x1152.jpg 2048w\" sizes=\"auto, (max-width: 2560px) 100vw, 2560px\" \/><p id=\"caption-attachment-384841\" class=\"wp-caption-text\"><br \/>\n<\/a> Webex Desk Mini na cor Verde Floresta, situado na mesa de canto da sua sala de estar, conferindo aquela apar\u00eancia e sensa\u00e7\u00e3o de estar ao ar livre e no interior ao mesmo tempo. Aqui, tamb\u00e9m tocando suas m\u00fasicas favoritas.<\/p><\/div>\n<p>Seja em um home office dedicado, em um open office, hot desk, em um espa\u00e7o de coworking, escrit\u00f3rio executivo ou mesmo no sagu\u00e3o do escrit\u00f3rio, sempre vai haver uma cor especialmente para voc\u00ea.<\/p>\n<blockquote><p>Ent\u00e3o, qual \u00e9 sua cor preferida? Conte-nos pelo <a href=\"https:\/\/twitter.com\/Webex\/status\/1488547441368608771?s=20&#038;t=ntvwtwX2rKbHAxzIvXOCcQ\">Twitter<\/a> ou <a href=\"https:\/\/www.linkedin.com\/feed\/update\/urn:li:activity:6894312072830930944\">LinkedIn<\/a>!<\/p><\/blockquote>\n<p>Para saber mais sobre Webex Desk Mini<\/p>\n<p>Visite o site <a href=\"http:\/\/hardware.webex.com\/products\/desk-mini\">hardware.webex.com\/products\/desk-mini<\/a><\/p>\n<p><a href=\"https:\/\/blog.webex.com\/wp-content\/uploads\/2022\/01\/Desk_Mini_JetFormation1-scaled.jpg\"><br \/>\n  <img loading=\"lazy\" decoding=\"async\" class=\"aligncenter size-full wp-image-384861\" src=\"https:\/\/blog.webex.com\/wp-content\/uploads\/2022\/01\/Desk_Mini_JetFormation1-scaled.jpg\" alt=\"Apresenta\u00e7\u00e3o de Desk Mini Jets\" width=\"2560\" height=\"1440\" srcset=\"https:\/\/blog.webex.com\/wp-content\/uploads\/2022\/01\/Desk_Mini_JetFormation1-scaled.jpg 924w, https:\/\/blog.webex.com\/wp-content\/uploads\/2022\/01\/Desk_Mini_JetFormation1-300x169.jpg 300w, https:\/\/blog.webex.com\/wp-content\/uploads\/2022\/01\/Desk_Mini_JetFormation1-1024x576.jpg 1024w, https:\/\/blog.webex.com\/wp-content\/uploads\/2022\/01\/Desk_Mini_JetFormation1-768x432.jpg 768w, https:\/\/blog.webex.com\/wp-content\/uploads\/2022\/01\/Desk_Mini_JetFormation1-1536x864.jpg 1536w, https:\/\/blog.webex.com\/wp-content\/uploads\/2022\/01\/Desk_Mini_JetFormation1-2048x1152.jpg 2048w\" sizes=\"auto, (max-width: 2560px) 100vw, 2560px\" \/><br \/>\n<\/a><\/p>\n<p>Para saber mais sobre Webex Desk, assista este <a href=\"https:\/\/www.youtube.com\/watch?v=O_1bSEHvYkI\">v\u00eddeo<\/a> ou visite <a href=\"http:\/\/hardware.webex.com\/products\/desk\">hardware.webex.com\/products\/desk<\/a><\/p>\n<p><a href=\"https:\/\/blog.webex.com\/wp-content\/uploads\/2022\/01\/1_O_JetFormation_LastFrame-scaled.jpg\"><br \/>\n  <img loading=\"lazy\" decoding=\"async\" class=\"aligncenter size-full wp-image-384851\" src=\"https:\/\/blog.webex.com\/wp-content\/uploads\/2022\/01\/1_O_JetFormation_LastFrame-scaled.jpg\" alt=\"\" width=\"2560\" height=\"1440\" srcset=\"https:\/\/blog.webex.com\/wp-content\/uploads\/2022\/01\/1_O_JetFormation_LastFrame-scaled.jpg 924w, https:\/\/blog.webex.com\/wp-content\/uploads\/2022\/01\/1_O_JetFormation_LastFrame-300x169.jpg 300w, https:\/\/blog.webex.com\/wp-content\/uploads\/2022\/01\/1_O_JetFormation_LastFrame-1024x576.jpg 1024w, https:\/\/blog.webex.com\/wp-content\/uploads\/2022\/01\/1_O_JetFormation_LastFrame-768x432.jpg 768w, https:\/\/blog.webex.com\/wp-content\/uploads\/2022\/01\/1_O_JetFormation_LastFrame-1536x864.jpg 1536w, https:\/\/blog.webex.com\/wp-content\/uploads\/2022\/01\/1_O_JetFormation_LastFrame-2048x1152.jpg 2048w\" sizes=\"auto, (max-width: 2560px) 100vw, 2560px\" \/><br \/>\n<\/a><\/p>\n<p><strong>Saiba mais<\/strong><\/p>\n<p><a href=\"https:\/\/blog.webex.com\/pt-br\/dispositivos-de-colaboracao\/uma-nota-sobre-o-lado-humano-do-hibrido\/\">Uma observa\u00e7\u00e3o sobre o lado humano do h\u00edbrido<\/a><\/p>\n<p><a href=\"https:\/\/blog.webex.com\/pt-br\/dispositivos-de-colaboracao\/an-inside-view-on-the-red-dot-winning-cisco-webex-room-panorama-awarded-best-of-the-best\/\">Uma Vis\u00e3o dos bastidores do Cisco Webex Room Panorama, vencedor do Pr\u00eamio Red Dot \u2014 Premiado o Melhor entre os melhores!<\/a><\/p>\n<p><a href=\"https:\/\/blog.webex.com\/pt-br\/videoconferencia\/novidades-no-webex-janeiro-de-2022\/\">Novidades no Webex: Janeiro de 2022<\/a><\/p>\n","protected":false},"excerpt":{"rendered":"<p>Em outubro passado, na Webex One, a Cisco anunciou a introdu\u00e7\u00e3o de edi\u00e7\u00f5es limitadas de cores dispon\u00edveis com os novos [&hellip;]<\/p>\n","protected":false},"author":5504,"featured_media":384555,"comment_status":"closed","ping_status":"open","sticky":false,"template":"","format":"standard","meta":{"inline_featured_image":false,"footnotes":""},"categories":[1524],"tags":[7437],"class_list":["post-389317","post","type-post","status-publish","format-standard","has-post-thumbnail","hentry","category-espacos-de-trabalho","tag-cisco-headset-730-series"],"acf":[],"yoast_head":"<!-- This site is optimized with the Yoast SEO plugin v27.1.1 - https:\/\/yoast.com\/product\/yoast-seo-wordpress\/ -->\n<title>Personalize seu espa\u00e7o de trabalho\u2014com um estilo colorido | Webex Blog<\/title>\n<meta name=\"robots\" content=\"index, follow, max-snippet:-1, max-image-preview:large, max-video-preview:-1\" \/>\n<link rel=\"canonical\" href=\"https:\/\/blog.webex.com\/pt-br\/uncategorized-pt-br\/personalize-seu-espaco-de-trabalho-com-um-estilo-colorido\/\" \/>\n<meta property=\"og:locale\" content=\"pt_BR\" \/>\n<meta property=\"og:type\" content=\"article\" \/>\n<meta property=\"og:title\" content=\"Personalize seu espa\u00e7o de trabalho\u2014com um estilo colorido | Webex Blog\" \/>\n<meta property=\"og:description\" content=\"Em outubro passado, na Webex One, a Cisco anunciou a introdu\u00e7\u00e3o de edi\u00e7\u00f5es limitadas de cores dispon\u00edveis com os novos [&hellip;]\" \/>\n<meta property=\"og:url\" content=\"https:\/\/blog.webex.com\/pt-br\/uncategorized-pt-br\/personalize-seu-espaco-de-trabalho-com-um-estilo-colorido\/\" \/>\n<meta property=\"og:site_name\" content=\"Webex Blog\" \/>\n<meta property=\"article:published_time\" content=\"2022-02-01T15:23:33+00:00\" \/>\n<meta property=\"og:image\" content=\"https:\/\/blog.webex.com\/wp-content\/uploads\/2022\/01\/v1_DeskDeskMiniThumbnail.jpg\" \/>\n\t<meta property=\"og:image:width\" content=\"975\" \/>\n\t<meta property=\"og:image:height\" content=\"544\" \/>\n\t<meta property=\"og:image:type\" content=\"image\/jpeg\" \/>\n<meta name=\"author\" content=\"Sondre Ager-Wick\" \/>\n<meta name=\"twitter:label1\" content=\"Escrito por\" \/>\n\t<meta name=\"twitter:data1\" content=\"Sondre Ager-Wick\" \/>\n\t<meta name=\"twitter:label2\" content=\"Est. tempo de leitura\" \/>\n\t<meta name=\"twitter:data2\" content=\"4 minutos\" \/>\n<script type=\"application\/ld+json\" class=\"yoast-schema-graph\">{\"@context\":\"https:\/\/schema.org\",\"@graph\":[{\"@type\":\"Article\",\"@id\":\"https:\/\/blog.webex.com\/pt-br\/uncategorized-pt-br\/personalize-seu-espaco-de-trabalho-com-um-estilo-colorido\/#article\",\"isPartOf\":{\"@id\":\"https:\/\/blog.webex.com\/pt-br\/uncategorized-pt-br\/personalize-seu-espaco-de-trabalho-com-um-estilo-colorido\/\"},\"author\":{\"name\":\"Sondre Ager-Wick\",\"@id\":\"https:\/\/blog.webex.com\/es\/#\/schema\/person\/8e9cd7801e1f4da1fcc0b1e086f103ac\"},\"headline\":\"Personalize seu espa\u00e7o de trabalho\u2014com um estilo colorido\",\"datePublished\":\"2022-02-01T15:23:33+00:00\",\"mainEntityOfPage\":{\"@id\":\"https:\/\/blog.webex.com\/pt-br\/uncategorized-pt-br\/personalize-seu-espaco-de-trabalho-com-um-estilo-colorido\/\"},\"wordCount\":780,\"image\":{\"@id\":\"https:\/\/blog.webex.com\/pt-br\/uncategorized-pt-br\/personalize-seu-espaco-de-trabalho-com-um-estilo-colorido\/#primaryimage\"},\"thumbnailUrl\":\"https:\/\/blog.webex.com\/wp-content\/uploads\/2022\/01\/v1_DeskDeskMiniThumbnail.jpg\",\"keywords\":[\"Cisco Headset 730 Series\"],\"articleSection\":[\"Espa\u00e7os de trabalho\"],\"inLanguage\":\"pt-BR\"},{\"@type\":\"WebPage\",\"@id\":\"https:\/\/blog.webex.com\/pt-br\/uncategorized-pt-br\/personalize-seu-espaco-de-trabalho-com-um-estilo-colorido\/\",\"url\":\"https:\/\/blog.webex.com\/pt-br\/uncategorized-pt-br\/personalize-seu-espaco-de-trabalho-com-um-estilo-colorido\/\",\"name\":\"Personalize seu espa\u00e7o de trabalho\u2014com um estilo colorido | Webex Blog\",\"isPartOf\":{\"@id\":\"https:\/\/blog.webex.com\/es\/#website\"},\"primaryImageOfPage\":{\"@id\":\"https:\/\/blog.webex.com\/pt-br\/uncategorized-pt-br\/personalize-seu-espaco-de-trabalho-com-um-estilo-colorido\/#primaryimage\"},\"image\":{\"@id\":\"https:\/\/blog.webex.com\/pt-br\/uncategorized-pt-br\/personalize-seu-espaco-de-trabalho-com-um-estilo-colorido\/#primaryimage\"},\"thumbnailUrl\":\"https:\/\/blog.webex.com\/wp-content\/uploads\/2022\/01\/v1_DeskDeskMiniThumbnail.jpg\",\"datePublished\":\"2022-02-01T15:23:33+00:00\",\"author\":{\"@id\":\"https:\/\/blog.webex.com\/es\/#\/schema\/person\/8e9cd7801e1f4da1fcc0b1e086f103ac\"},\"breadcrumb\":{\"@id\":\"https:\/\/blog.webex.com\/pt-br\/uncategorized-pt-br\/personalize-seu-espaco-de-trabalho-com-um-estilo-colorido\/#breadcrumb\"},\"inLanguage\":\"pt-BR\",\"potentialAction\":[{\"@type\":\"ReadAction\",\"target\":[\"https:\/\/blog.webex.com\/pt-br\/uncategorized-pt-br\/personalize-seu-espaco-de-trabalho-com-um-estilo-colorido\/\"]}]},{\"@type\":\"ImageObject\",\"inLanguage\":\"pt-BR\",\"@id\":\"https:\/\/blog.webex.com\/pt-br\/uncategorized-pt-br\/personalize-seu-espaco-de-trabalho-com-um-estilo-colorido\/#primaryimage\",\"url\":\"https:\/\/blog.webex.com\/wp-content\/uploads\/2022\/01\/v1_DeskDeskMiniThumbnail.jpg\",\"contentUrl\":\"https:\/\/blog.webex.com\/wp-content\/uploads\/2022\/01\/v1_DeskDeskMiniThumbnail.jpg\",\"width\":975,\"height\":544,\"caption\":\"personalized colors Webex devices\"},{\"@type\":\"BreadcrumbList\",\"@id\":\"https:\/\/blog.webex.com\/pt-br\/uncategorized-pt-br\/personalize-seu-espaco-de-trabalho-com-um-estilo-colorido\/#breadcrumb\",\"itemListElement\":[{\"@type\":\"ListItem\",\"position\":1,\"name\":\"Home\",\"item\":\"https:\/\/blog.webex.com\/pt-br\/\"},{\"@type\":\"ListItem\",\"position\":2,\"name\":\"Personalize seu espa\u00e7o de trabalho\u2014com um estilo colorido\"}]},{\"@type\":\"WebSite\",\"@id\":\"https:\/\/blog.webex.com\/es\/#website\",\"url\":\"https:\/\/blog.webex.com\/es\/\",\"name\":\"Webex Blog\",\"description\":\"Webex by Cisco powers collaboration through industry-leading video conferencing, cloud calling and contact center solutions\",\"potentialAction\":[{\"@type\":\"SearchAction\",\"target\":{\"@type\":\"EntryPoint\",\"urlTemplate\":\"https:\/\/blog.webex.com\/es\/?s={search_term_string}\"},\"query-input\":{\"@type\":\"PropertyValueSpecification\",\"valueRequired\":true,\"valueName\":\"search_term_string\"}}],\"inLanguage\":\"pt-BR\"},{\"@type\":\"Person\",\"@id\":\"https:\/\/blog.webex.com\/es\/#\/schema\/person\/8e9cd7801e1f4da1fcc0b1e086f103ac\",\"name\":\"Sondre Ager-Wick\",\"image\":{\"@type\":\"ImageObject\",\"inLanguage\":\"pt-BR\",\"@id\":\"https:\/\/blog.webex.com\/es\/#\/schema\/person\/image\/\",\"url\":\"https:\/\/secure.gravatar.com\/avatar\/ae6e9b82a17bbe9956fa6f306efcbe408fe270fdd07d48b24fb8d2ba19b27101?s=96&d=wp_user_avatar&r=g\",\"contentUrl\":\"https:\/\/secure.gravatar.com\/avatar\/ae6e9b82a17bbe9956fa6f306efcbe408fe270fdd07d48b24fb8d2ba19b27101?s=96&d=wp_user_avatar&r=g\",\"caption\":\"Sondre Ager-Wick\"},\"description\":\"Sondre creates experiences, products and services that help people work better together. He is passionate about making experiences that enrich people\u00b4s everyday lives, either through products that delights by their presence or user interfaces that simply empowers people. Sondre started designing communication products when he joined Nokia in 2006. He led design strategy &amp; foresight during the launch of the award-winning Lumia portfolio. In 2013, he joined Microsoft with the acquisition of Nokia Phones, where he championed design-led innovation across the Phones, Surface and Xbox teams. After leaving Microsoft in 2015, he worked as a design and strategy consultant start-ups and a number of global brands like IKEA, Audi, Duracell and Cisco. In 2017, he joined Cisco to lead the design team behind Red Dot Award winning Cisco Webex Devices. Sondre lives in Helsinki.\",\"sameAs\":[\"https:\/\/www.linkedin.com\/in\/sondreagerwick\/\"],\"url\":\"https:\/\/blog.webex.com\/pt-br\/contributors\/sondreagerwick\/\"}]}<\/script>\n<!-- \/ Yoast SEO plugin. -->","yoast_head_json":{"title":"Personalize seu espa\u00e7o de trabalho\u2014com um estilo colorido | Webex Blog","robots":{"index":"index","follow":"follow","max-snippet":"max-snippet:-1","max-image-preview":"max-image-preview:large","max-video-preview":"max-video-preview:-1"},"canonical":"https:\/\/blog.webex.com\/pt-br\/uncategorized-pt-br\/personalize-seu-espaco-de-trabalho-com-um-estilo-colorido\/","og_locale":"pt_BR","og_type":"article","og_title":"Personalize seu espa\u00e7o de trabalho\u2014com um estilo colorido | Webex Blog","og_description":"Em outubro passado, na Webex One, a Cisco anunciou a introdu\u00e7\u00e3o de edi\u00e7\u00f5es limitadas de cores dispon\u00edveis com os novos [&hellip;]","og_url":"https:\/\/blog.webex.com\/pt-br\/uncategorized-pt-br\/personalize-seu-espaco-de-trabalho-com-um-estilo-colorido\/","og_site_name":"Webex Blog","article_published_time":"2022-02-01T15:23:33+00:00","og_image":[{"width":975,"height":544,"url":"https:\/\/blog.webex.com\/wp-content\/uploads\/2022\/01\/v1_DeskDeskMiniThumbnail.jpg","type":"image\/jpeg"}],"author":"Sondre Ager-Wick","twitter_misc":{"Escrito por":"Sondre Ager-Wick","Est. tempo de leitura":"4 minutos"},"schema":{"@context":"https:\/\/schema.org","@graph":[{"@type":"Article","@id":"https:\/\/blog.webex.com\/pt-br\/uncategorized-pt-br\/personalize-seu-espaco-de-trabalho-com-um-estilo-colorido\/#article","isPartOf":{"@id":"https:\/\/blog.webex.com\/pt-br\/uncategorized-pt-br\/personalize-seu-espaco-de-trabalho-com-um-estilo-colorido\/"},"author":{"name":"Sondre Ager-Wick","@id":"https:\/\/blog.webex.com\/es\/#\/schema\/person\/8e9cd7801e1f4da1fcc0b1e086f103ac"},"headline":"Personalize seu espa\u00e7o de trabalho\u2014com um estilo colorido","datePublished":"2022-02-01T15:23:33+00:00","mainEntityOfPage":{"@id":"https:\/\/blog.webex.com\/pt-br\/uncategorized-pt-br\/personalize-seu-espaco-de-trabalho-com-um-estilo-colorido\/"},"wordCount":780,"image":{"@id":"https:\/\/blog.webex.com\/pt-br\/uncategorized-pt-br\/personalize-seu-espaco-de-trabalho-com-um-estilo-colorido\/#primaryimage"},"thumbnailUrl":"https:\/\/blog.webex.com\/wp-content\/uploads\/2022\/01\/v1_DeskDeskMiniThumbnail.jpg","keywords":["Cisco Headset 730 Series"],"articleSection":["Espa\u00e7os de trabalho"],"inLanguage":"pt-BR"},{"@type":"WebPage","@id":"https:\/\/blog.webex.com\/pt-br\/uncategorized-pt-br\/personalize-seu-espaco-de-trabalho-com-um-estilo-colorido\/","url":"https:\/\/blog.webex.com\/pt-br\/uncategorized-pt-br\/personalize-seu-espaco-de-trabalho-com-um-estilo-colorido\/","name":"Personalize seu espa\u00e7o de trabalho\u2014com um estilo colorido | Webex Blog","isPartOf":{"@id":"https:\/\/blog.webex.com\/es\/#website"},"primaryImageOfPage":{"@id":"https:\/\/blog.webex.com\/pt-br\/uncategorized-pt-br\/personalize-seu-espaco-de-trabalho-com-um-estilo-colorido\/#primaryimage"},"image":{"@id":"https:\/\/blog.webex.com\/pt-br\/uncategorized-pt-br\/personalize-seu-espaco-de-trabalho-com-um-estilo-colorido\/#primaryimage"},"thumbnailUrl":"https:\/\/blog.webex.com\/wp-content\/uploads\/2022\/01\/v1_DeskDeskMiniThumbnail.jpg","datePublished":"2022-02-01T15:23:33+00:00","author":{"@id":"https:\/\/blog.webex.com\/es\/#\/schema\/person\/8e9cd7801e1f4da1fcc0b1e086f103ac"},"breadcrumb":{"@id":"https:\/\/blog.webex.com\/pt-br\/uncategorized-pt-br\/personalize-seu-espaco-de-trabalho-com-um-estilo-colorido\/#breadcrumb"},"inLanguage":"pt-BR","potentialAction":[{"@type":"ReadAction","target":["https:\/\/blog.webex.com\/pt-br\/uncategorized-pt-br\/personalize-seu-espaco-de-trabalho-com-um-estilo-colorido\/"]}]},{"@type":"ImageObject","inLanguage":"pt-BR","@id":"https:\/\/blog.webex.com\/pt-br\/uncategorized-pt-br\/personalize-seu-espaco-de-trabalho-com-um-estilo-colorido\/#primaryimage","url":"https:\/\/blog.webex.com\/wp-content\/uploads\/2022\/01\/v1_DeskDeskMiniThumbnail.jpg","contentUrl":"https:\/\/blog.webex.com\/wp-content\/uploads\/2022\/01\/v1_DeskDeskMiniThumbnail.jpg","width":975,"height":544,"caption":"personalized colors Webex devices"},{"@type":"BreadcrumbList","@id":"https:\/\/blog.webex.com\/pt-br\/uncategorized-pt-br\/personalize-seu-espaco-de-trabalho-com-um-estilo-colorido\/#breadcrumb","itemListElement":[{"@type":"ListItem","position":1,"name":"Home","item":"https:\/\/blog.webex.com\/pt-br\/"},{"@type":"ListItem","position":2,"name":"Personalize seu espa\u00e7o de trabalho\u2014com um estilo colorido"}]},{"@type":"WebSite","@id":"https:\/\/blog.webex.com\/es\/#website","url":"https:\/\/blog.webex.com\/es\/","name":"Webex Blog","description":"Webex by Cisco powers collaboration through industry-leading video conferencing, cloud calling and contact center solutions","potentialAction":[{"@type":"SearchAction","target":{"@type":"EntryPoint","urlTemplate":"https:\/\/blog.webex.com\/es\/?s={search_term_string}"},"query-input":{"@type":"PropertyValueSpecification","valueRequired":true,"valueName":"search_term_string"}}],"inLanguage":"pt-BR"},{"@type":"Person","@id":"https:\/\/blog.webex.com\/es\/#\/schema\/person\/8e9cd7801e1f4da1fcc0b1e086f103ac","name":"Sondre Ager-Wick","image":{"@type":"ImageObject","inLanguage":"pt-BR","@id":"https:\/\/blog.webex.com\/es\/#\/schema\/person\/image\/","url":"https:\/\/secure.gravatar.com\/avatar\/ae6e9b82a17bbe9956fa6f306efcbe408fe270fdd07d48b24fb8d2ba19b27101?s=96&d=wp_user_avatar&r=g","contentUrl":"https:\/\/secure.gravatar.com\/avatar\/ae6e9b82a17bbe9956fa6f306efcbe408fe270fdd07d48b24fb8d2ba19b27101?s=96&d=wp_user_avatar&r=g","caption":"Sondre Ager-Wick"},"description":"Sondre creates experiences, products and services that help people work better together. He is passionate about making experiences that enrich people\u00b4s everyday lives, either through products that delights by their presence or user interfaces that simply empowers people. Sondre started designing communication products when he joined Nokia in 2006. He led design strategy &amp; foresight during the launch of the award-winning Lumia portfolio. In 2013, he joined Microsoft with the acquisition of Nokia Phones, where he championed design-led innovation across the Phones, Surface and Xbox teams. After leaving Microsoft in 2015, he worked as a design and strategy consultant start-ups and a number of global brands like IKEA, Audi, Duracell and Cisco. In 2017, he joined Cisco to lead the design team behind Red Dot Award winning Cisco Webex Devices. Sondre lives in Helsinki.","sameAs":["https:\/\/www.linkedin.com\/in\/sondreagerwick\/"],"url":"https:\/\/blog.webex.com\/pt-br\/contributors\/sondreagerwick\/"}]}},"_links":{"self":[{"href":"https:\/\/blog.webex.com\/pt-br\/wp-json\/wp\/v2\/posts\/389317","targetHints":{"allow":["GET"]}}],"collection":[{"href":"https:\/\/blog.webex.com\/pt-br\/wp-json\/wp\/v2\/posts"}],"about":[{"href":"https:\/\/blog.webex.com\/pt-br\/wp-json\/wp\/v2\/types\/post"}],"author":[{"embeddable":true,"href":"https:\/\/blog.webex.com\/pt-br\/wp-json\/wp\/v2\/users\/5504"}],"replies":[{"embeddable":true,"href":"https:\/\/blog.webex.com\/pt-br\/wp-json\/wp\/v2\/comments?post=389317"}],"version-history":[{"count":0,"href":"https:\/\/blog.webex.com\/pt-br\/wp-json\/wp\/v2\/posts\/389317\/revisions"}],"wp:featuredmedia":[{"embeddable":true,"href":"https:\/\/blog.webex.com\/pt-br\/wp-json\/wp\/v2\/media\/384555"}],"wp:attachment":[{"href":"https:\/\/blog.webex.com\/pt-br\/wp-json\/wp\/v2\/media?parent=389317"}],"wp:term":[{"taxonomy":"category","embeddable":true,"href":"https:\/\/blog.webex.com\/pt-br\/wp-json\/wp\/v2\/categories?post=389317"},{"taxonomy":"post_tag","embeddable":true,"href":"https:\/\/blog.webex.com\/pt-br\/wp-json\/wp\/v2\/tags?post=389317"}],"curies":[{"name":"wp","href":"https:\/\/api.w.org\/{rel}","templated":true}]}}