{"id":392994,"date":"2022-03-22T07:09:20","date_gmt":"2022-03-22T14:09:20","guid":{"rendered":"https:\/\/blog.webex.com\/uncategorized-pt-br\/o-webex-by-cisco-e-a-ford-anteveem-o-futuro-do-trabalho-em-movimento\/"},"modified":"2022-03-22T07:09:20","modified_gmt":"2022-03-22T14:09:20","slug":"o-webex-by-cisco-e-a-ford-anteveem-o-futuro-do-trabalho-em-movimento","status":"publish","type":"post","link":"https:\/\/blog.webex.com\/pt-br\/colaboracao\/trabalho-hibrido\/o-webex-by-cisco-e-a-ford-anteveem-o-futuro-do-trabalho-em-movimento\/","title":{"rendered":"O Webex by Cisco e a Ford antev\u00eaem o futuro do trabalho em movimento"},"content":{"rendered":"<p>No in\u00edcio deste m\u00eas, a Ford ganhou as manchetes globais ao anunciar a cria\u00e7\u00e3o do <a href=\"https:\/\/www.ford.com\/ford-blue-ford-model-e\/\" target=\"_blank\" rel=\"noopener\">Ford Model e &#038; Ford Blue<\/a> como ve\u00edculos el\u00e9tricos distintos e neg\u00f3cios de combust\u00e3o interna para competir contra novos concorrentes VE e fabricantes de autom\u00f3veis estabelecidos. A mudan\u00e7a visa revolucionar a experi\u00eancia de propriedade de seus clientes, ao mesmo tempo em que alcan\u00e7a a neutralidade de carbono. Falando sobre o foco nos ve\u00edculos el\u00e9tricos, o CEO da Ford, Jim Farley, disse:<\/p>\n<blockquote><p>\u201cEstamos indo com tudo, criando neg\u00f3cios separados, mas complementares, que nos d\u00e3o velocidade inicial e inova\u00e7\u00e3o desenfreada.\u201d<\/p><\/blockquote>\n<p>A Ford apoiou essa declara\u00e7\u00e3o dizendo que produzir\u00e1 mais de dois milh\u00f5es de ve\u00edculos el\u00e9tricos at\u00e9 <a href=\"https:\/\/www.cnbc.com\/2022\/03\/02\/ford-plans-to-produce-2-million-evs-generate-10percent-operating-profit-by-2026.html\" target=\"_blank\" rel=\"noopener\">2026<\/a>, sendo cerca de um ter\u00e7o do volume global. A Ford est\u00e1 investindo mais de US$ 50 bilh\u00f5es globalmente at\u00e9 2026 para desenvolver esses ve\u00edculos el\u00e9tricos inovadores e lev\u00e1-los ao mercado em escala. O que a ic\u00f4nica montadora est\u00e1 fazendo \u00e9 impressionante.<\/p>\n<h2>Espa\u00e7os de escrit\u00f3rio de \u00faltima gera\u00e7\u00e3o voltados ao trabalho h\u00edbrido<\/h2>\n<p>Mas a Ford n\u00e3o v\u00ea seus ve\u00edculos el\u00e9tricos apenas como uma maneira de ir daqui para l\u00e1. Eles j\u00e1 atra\u00edram compradores para o Ford F-150 Lightning, destacando como pode fornecer energia para sua casa em caso de falta de luz, substituindo geradores ou baterias dom\u00e9sticas. E a Ford n\u00e3o para por a\u00ed.<\/p>\n<p>Segundo <a href=\"https:\/\/media.ford.com\/content\/fordmedia\/fna\/us\/en\/people\/darren-palmer.html\" target=\"_blank\" rel=\"noopener\">Darren Palmer<\/a>, vice-presidente, Programas de ve\u00edculos el\u00e9tricos Ford, eles veem seus F-150 Lightning e outros VEs como espa\u00e7os de escrit\u00f3rio de \u00faltima gera\u00e7\u00e3o voltados ao trabalho h\u00edbrido.<\/p>\n<blockquote><p><strong>\u201cEstamos procurando formas de promover a conex\u00e3o humana. N\u00e3o vemos por que as pessoas n\u00e3o usariam seus ve\u00edculos como um escrit\u00f3rio de qualidade fant\u00e1stica para colaborar juntos.\u201d Darren diz que a Ford v\u00ea seus ve\u00edculos el\u00e9tricos n\u00e3o apenas como um lugar para fazer uma liga\u00e7\u00e3o ou participar de reuni\u00e3o, mas os VEs como o melhor lugar para realizar uma reuni\u00e3o.<\/strong><\/p><\/blockquote>\n<p>No futuro, seu carro ser\u00e1 a melhor experi\u00eancia de escrit\u00f3rio m\u00f3vel. Eles geralmente t\u00eam os melhores sistemas de som, de microfone e at\u00e9 de tela. Al\u00e9m disso, os ve\u00edculos Ford podem massagear suas costas enquanto tamb\u00e9m resfriam ou aquecem os assentos (estou dentro!).<\/p>\n<p>A Ford procurou um fornecedor de colabora\u00e7\u00e3o que pudesse fornecer uma experi\u00eancia segura e imersiva em seus ve\u00edculos, com solu\u00e7\u00f5es que permitissem \u00e0s pessoas trabalhar de qualquer lugar, que correspondessem \u00e0 sua vis\u00e3o do melhor escrit\u00f3rio m\u00f3vel.<\/p>\n<blockquote><p><strong>\u201cA Ford est\u00e1 entusiasmada por colaborar com o Webex by Cisco para experi\u00eancias de \u00faltima gera\u00e7\u00e3o em nossos ve\u00edculos el\u00e9tricos\u201d, disse Palmer. \u201cVemos o Webex como fornecedor de experi\u00eancia de colabora\u00e7\u00e3o segura e imersiva.\u201d<\/strong><\/p><\/blockquote>\n<p>Com seus novos VEs, a Ford adicionou uma nova tela de 15,5 polegadas e sistema de entretenimento chamado SYNC\u00ae 4A. \u00c9 um sistema flex\u00edvel que usa HTML 5, como um site, para criar uma nova experi\u00eancia de software e ser atualizado pela internet com recursos novos e modernos \u00e0 medida que s\u00e3o lan\u00e7ados. Hoje, a Ford anunciou que liberou a experi\u00eancia do navegador no SYNC 4A para se conectar com o <a href=\"https:\/\/www.webex.com\/\" target=\"_blank\" rel=\"noopener\">Webex<\/a>. Em breve, haver\u00e1 um aplicativo Webex diretamente na tela do SYNC 4A para uma experi\u00eancia colaborativa perfeita.<\/p>\n<h2>Webex em movimento<\/h2>\n<p>E essa \u00f3tima experi\u00eancia de escrit\u00f3rio no ve\u00edculo VE funciona para o motorista <u>e<\/u> para quaisquer outros passageiros que queiram trabalhar l\u00e1. Gra\u00e7as ao Webex Audio Intelligence, os usu\u00e1rios podem usar o recurso do Webex \u201c<a href=\"https:\/\/www.youtube.com\/watch?v=AnhddpmElAo\" target=\"_blank\" rel=\"noopener\">Otimizar minha voz<\/a>\u201d para que os participantes remotos de uma reuni\u00e3o ou\u00e7am apenas a pessoa que est\u00e1 realizando a reuni\u00e3o, n\u00e3o outras pessoas falando!<\/p>\n<p>\u00c9 claro que a seguran\u00e7a \u00e9 uma grande prioridade para a Ford. \u201cLevamos distra\u00e7\u00f5es a s\u00e9rio e como lidamos com isso em um ve\u00edculo\u201d, disse Palmer. \u201cGarantiremos que qualquer tecnologia de colabora\u00e7\u00e3o como o Webex seja implantada apenas quando o ve\u00edculo estiver parado ou se estiver dirigindo, apenas no modo \u00e1udio.\u201d<\/p>\n<p>Esta parceria entre a Ford e o Webex \u00e9 apenas o come\u00e7o das novidades e dos an\u00fancios entre as duas empresas. A Ford j\u00e1 discutiu como prev\u00ea <a href=\"https:\/\/www.freep.com\/story\/money\/cars\/ford\/2022\/03\/02\/ford-ceo-jim-farley-unveils-plan-ev-model-e\/6981544001\/\" target=\"_blank\" rel=\"noopener\">usar o Webex para conectar seus clientes a seus centros de contato e revendedores<\/a>. E h\u00e1 mais a ser anunciado ainda este ano.<\/p>\n<h2>Experi\u00eancias de colabora\u00e7\u00e3o imersivas de \u00faltima gera\u00e7\u00e3o<\/h2>\n<p>E pense em como a colabora\u00e7\u00e3o e os conceitos de escrit\u00f3rio do futuro moldar\u00e3o os ve\u00edculos aut\u00f4nomos. A Ford j\u00e1 falou sobre seus <a href=\"https:\/\/media.ford.com\/content\/fordmedia\/feu\/en\/news\/2021\/12\/02\/ford-operates-autonomous-vehicle-research-with-dp-world.html#:~:text=Ford%20has%20been%20testing%20self,part%20of%20its%20mobility%20initiatives.\" target=\"_blank\" rel=\"noopener\">investimentos planejados de US$ 7 bilh\u00f5es em ve\u00edculos aut\u00f4nomos<\/a> at\u00e9 2025. Sem d\u00favida, muita inova\u00e7\u00e3o est\u00e1 chegando nessa frente tamb\u00e9m.<\/p>\n<p>Darren compartilhou como recentemente passou oito horas em reuni\u00f5es Webex com seus colegas de trabalho, diretamente de seu F-150 Lightning. \u201cTinha ar condicionado, era silencioso, com qualidade de som fant\u00e1stica. E mal tocou no alcance do ve\u00edculo, porque comparativamente, o SYNC 4A quase n\u00e3o gasta energia.\u201d<\/p>\n<p>Se voc\u00ea ainda n\u00e3o pensou em usar seu ve\u00edculo como seu pr\u00f3ximo escrit\u00f3rio, provavelmente deveria. Eu certamente penso!<\/p>\n<blockquote><p>Enquanto isso, saiba mais sobre a colabora\u00e7\u00e3o da Ford com o Webex by Cisco para experi\u00eancias de \u00faltima gera\u00e7\u00e3o em ve\u00edculos el\u00e9tricos:<\/p>\n<p><iframe loading=\"lazy\" title=\"The future of work on the go  |  Ford &amp; Webex\" width=\"500\" height=\"281\" src=\"https:\/\/www.youtube.com\/embed\/kd_HwyTX1lg?feature=oembed\" frameborder=\"0\" allow=\"accelerometer; autoplay; clipboard-write; encrypted-media; gyroscope; picture-in-picture; web-share\" referrerpolicy=\"strict-origin-when-cross-origin\" allowfullscreen><\/iframe><\/p>\n<\/blockquote>\n<p><strong>Saiba mais<\/strong><\/p>\n<p><a href=\"https:\/\/blog.webex.com\/cloud-phone-system\/next-gen-business-calling-built-for-hybrid-work\/\" target=\"_blank\" rel=\"noopener\">Chamadas de neg\u00f3cios de \u00faltima gera\u00e7\u00e3o para trabalho h\u00edbrido<\/a><\/p>\n<p>O Webex by Cisco elimina a necessidade de v\u00e1rios dispositivos m\u00f3veis para uso comercial e pessoal [<a href=\"https:\/\/newsroom.cisco.com\/press-release-content?type=webcontent&#038;articleId=2203493\" target=\"_blank\" rel=\"noopener\">comunicado \u00e0 imprensa]<\/a><\/p>\n<p><a href=\"https:\/\/blog.webex.com\/hybrid-work\/what-to-expect-from-webex-at-enterprise-connect-2022\/\" target=\"_blank\" rel=\"noopener\">O que esperar do Webex no Enterprise Connect 2022<\/a><\/p>\n","protected":false},"excerpt":{"rendered":"<p>No in\u00edcio deste m\u00eas, a Ford ganhou as manchetes globais ao anunciar a cria\u00e7\u00e3o do Ford Model e &#038; Ford [&hellip;]<\/p>\n","protected":false},"author":5377,"featured_media":391319,"comment_status":"closed","ping_status":"open","sticky":false,"template":"","format":"standard","meta":{"inline_featured_image":false,"footnotes":""},"categories":[1571],"tags":[2196,4674,4739],"class_list":["post-392994","post","type-post","status-publish","format-standard","has-post-thumbnail","hentry","category-trabalho-hibrido","tag-compartilhamento-de-tela-pt-br","tag-comunicacoes-na-nuvem","tag-inteligencia-artificial"],"acf":[],"yoast_head":"<!-- This site is optimized with the Yoast SEO plugin v27.1.1 - https:\/\/yoast.com\/product\/yoast-seo-wordpress\/ -->\n<title>O Webex by Cisco e a Ford antev\u00eaem o futuro do trabalho em movimento | Webex Blog<\/title>\n<meta name=\"robots\" content=\"index, follow, max-snippet:-1, max-image-preview:large, max-video-preview:-1\" \/>\n<link rel=\"canonical\" href=\"https:\/\/blog.webex.com\/pt-br\/colaboracao\/trabalho-hibrido\/o-webex-by-cisco-e-a-ford-anteveem-o-futuro-do-trabalho-em-movimento\/\" \/>\n<meta property=\"og:locale\" content=\"pt_BR\" \/>\n<meta property=\"og:type\" content=\"article\" \/>\n<meta property=\"og:title\" content=\"O Webex by Cisco e a Ford antev\u00eaem o futuro do trabalho em movimento | Webex Blog\" \/>\n<meta property=\"og:description\" content=\"No in\u00edcio deste m\u00eas, a Ford ganhou as manchetes globais ao anunciar a cria\u00e7\u00e3o do Ford Model e &#038; Ford [&hellip;]\" \/>\n<meta property=\"og:url\" content=\"https:\/\/blog.webex.com\/pt-br\/colaboracao\/trabalho-hibrido\/o-webex-by-cisco-e-a-ford-anteveem-o-futuro-do-trabalho-em-movimento\/\" \/>\n<meta property=\"og:site_name\" content=\"Webex Blog\" \/>\n<meta property=\"article:published_time\" content=\"2022-03-22T14:09:20+00:00\" \/>\n<meta property=\"og:image\" content=\"https:\/\/blog.webex.com\/wp-content\/uploads\/2022\/03\/IMG_1963_ccexpress.jpeg\" \/>\n\t<meta property=\"og:image:width\" content=\"975\" \/>\n\t<meta property=\"og:image:height\" content=\"554\" \/>\n\t<meta property=\"og:image:type\" content=\"image\/jpeg\" \/>\n<meta name=\"author\" content=\"Aruna Ravichandran\" \/>\n<meta name=\"twitter:label1\" content=\"Escrito por\" \/>\n\t<meta name=\"twitter:data1\" content=\"Aruna Ravichandran\" \/>\n\t<meta name=\"twitter:label2\" content=\"Est. tempo de leitura\" \/>\n\t<meta name=\"twitter:data2\" content=\"5 minutos\" \/>\n<script type=\"application\/ld+json\" class=\"yoast-schema-graph\">{\"@context\":\"https:\/\/schema.org\",\"@graph\":[{\"@type\":\"Article\",\"@id\":\"https:\/\/blog.webex.com\/pt-br\/colaboracao\/trabalho-hibrido\/o-webex-by-cisco-e-a-ford-anteveem-o-futuro-do-trabalho-em-movimento\/#article\",\"isPartOf\":{\"@id\":\"https:\/\/blog.webex.com\/pt-br\/colaboracao\/trabalho-hibrido\/o-webex-by-cisco-e-a-ford-anteveem-o-futuro-do-trabalho-em-movimento\/\"},\"author\":{\"name\":\"Aruna Ravichandran\",\"@id\":\"https:\/\/blog.webex.com\/es\/#\/schema\/person\/c99fef847631a735853b73a823f82a53\"},\"headline\":\"O Webex by Cisco e a Ford antev\u00eaem o futuro do trabalho em movimento\",\"datePublished\":\"2022-03-22T14:09:20+00:00\",\"mainEntityOfPage\":{\"@id\":\"https:\/\/blog.webex.com\/pt-br\/colaboracao\/trabalho-hibrido\/o-webex-by-cisco-e-a-ford-anteveem-o-futuro-do-trabalho-em-movimento\/\"},\"wordCount\":975,\"image\":{\"@id\":\"https:\/\/blog.webex.com\/pt-br\/colaboracao\/trabalho-hibrido\/o-webex-by-cisco-e-a-ford-anteveem-o-futuro-do-trabalho-em-movimento\/#primaryimage\"},\"thumbnailUrl\":\"https:\/\/blog.webex.com\/wp-content\/uploads\/2022\/03\/IMG_1963_ccexpress.jpeg\",\"keywords\":[\"compartilhamento de tela\",\"comunica\u00e7\u00f5es na nuvem\",\"intelig\u00eancia artificial\"],\"articleSection\":[\"Trabalho h\u00edbrido\"],\"inLanguage\":\"pt-BR\"},{\"@type\":\"WebPage\",\"@id\":\"https:\/\/blog.webex.com\/pt-br\/colaboracao\/trabalho-hibrido\/o-webex-by-cisco-e-a-ford-anteveem-o-futuro-do-trabalho-em-movimento\/\",\"url\":\"https:\/\/blog.webex.com\/pt-br\/colaboracao\/trabalho-hibrido\/o-webex-by-cisco-e-a-ford-anteveem-o-futuro-do-trabalho-em-movimento\/\",\"name\":\"O Webex by Cisco e a Ford antev\u00eaem o futuro do trabalho em movimento | Webex Blog\",\"isPartOf\":{\"@id\":\"https:\/\/blog.webex.com\/es\/#website\"},\"primaryImageOfPage\":{\"@id\":\"https:\/\/blog.webex.com\/pt-br\/colaboracao\/trabalho-hibrido\/o-webex-by-cisco-e-a-ford-anteveem-o-futuro-do-trabalho-em-movimento\/#primaryimage\"},\"image\":{\"@id\":\"https:\/\/blog.webex.com\/pt-br\/colaboracao\/trabalho-hibrido\/o-webex-by-cisco-e-a-ford-anteveem-o-futuro-do-trabalho-em-movimento\/#primaryimage\"},\"thumbnailUrl\":\"https:\/\/blog.webex.com\/wp-content\/uploads\/2022\/03\/IMG_1963_ccexpress.jpeg\",\"datePublished\":\"2022-03-22T14:09:20+00:00\",\"author\":{\"@id\":\"https:\/\/blog.webex.com\/es\/#\/schema\/person\/c99fef847631a735853b73a823f82a53\"},\"breadcrumb\":{\"@id\":\"https:\/\/blog.webex.com\/pt-br\/colaboracao\/trabalho-hibrido\/o-webex-by-cisco-e-a-ford-anteveem-o-futuro-do-trabalho-em-movimento\/#breadcrumb\"},\"inLanguage\":\"pt-BR\",\"potentialAction\":[{\"@type\":\"ReadAction\",\"target\":[\"https:\/\/blog.webex.com\/pt-br\/colaboracao\/trabalho-hibrido\/o-webex-by-cisco-e-a-ford-anteveem-o-futuro-do-trabalho-em-movimento\/\"]}]},{\"@type\":\"ImageObject\",\"inLanguage\":\"pt-BR\",\"@id\":\"https:\/\/blog.webex.com\/pt-br\/colaboracao\/trabalho-hibrido\/o-webex-by-cisco-e-a-ford-anteveem-o-futuro-do-trabalho-em-movimento\/#primaryimage\",\"url\":\"https:\/\/blog.webex.com\/wp-content\/uploads\/2022\/03\/IMG_1963_ccexpress.jpeg\",\"contentUrl\":\"https:\/\/blog.webex.com\/wp-content\/uploads\/2022\/03\/IMG_1963_ccexpress.jpeg\",\"width\":975,\"height\":554,\"caption\":\"Ford blog\"},{\"@type\":\"BreadcrumbList\",\"@id\":\"https:\/\/blog.webex.com\/pt-br\/colaboracao\/trabalho-hibrido\/o-webex-by-cisco-e-a-ford-anteveem-o-futuro-do-trabalho-em-movimento\/#breadcrumb\",\"itemListElement\":[{\"@type\":\"ListItem\",\"position\":1,\"name\":\"Home\",\"item\":\"https:\/\/blog.webex.com\/pt-br\/\"},{\"@type\":\"ListItem\",\"position\":2,\"name\":\"O Webex by Cisco e a Ford antev\u00eaem o futuro do trabalho em movimento\"}]},{\"@type\":\"WebSite\",\"@id\":\"https:\/\/blog.webex.com\/es\/#website\",\"url\":\"https:\/\/blog.webex.com\/es\/\",\"name\":\"Webex Blog\",\"description\":\"Webex by Cisco powers collaboration through industry-leading video conferencing, cloud calling and contact center solutions\",\"potentialAction\":[{\"@type\":\"SearchAction\",\"target\":{\"@type\":\"EntryPoint\",\"urlTemplate\":\"https:\/\/blog.webex.com\/es\/?s={search_term_string}\"},\"query-input\":{\"@type\":\"PropertyValueSpecification\",\"valueRequired\":true,\"valueName\":\"search_term_string\"}}],\"inLanguage\":\"pt-BR\"},{\"@type\":\"Person\",\"@id\":\"https:\/\/blog.webex.com\/es\/#\/schema\/person\/c99fef847631a735853b73a823f82a53\",\"name\":\"Aruna Ravichandran\",\"image\":{\"@type\":\"ImageObject\",\"inLanguage\":\"pt-BR\",\"@id\":\"https:\/\/blog.webex.com\/es\/#\/schema\/person\/image\/\",\"url\":\"https:\/\/secure.gravatar.com\/avatar\/c7448744d0884becd5a26d9b152a552ea57a4ade4d71ce42122061ea2ab76575?s=96&d=wp_user_avatar&r=g\",\"contentUrl\":\"https:\/\/secure.gravatar.com\/avatar\/c7448744d0884becd5a26d9b152a552ea57a4ade4d71ce42122061ea2ab76575?s=96&d=wp_user_avatar&r=g\",\"caption\":\"Aruna Ravichandran\"},\"description\":\"Aruna drives significant revenue growth and brand value through a powerful blend of technological expertise, data science acumen, strategic storytelling, and marketing innovation. An early adopter of marketing automation and AI, Aruna stays at the forefront of technological advancements, consistently leveraging them to disrupt competitive markets. Her leadership in SaaS marketing and enterprise technology and her vision for AI's role in shaping customer and employee experiences have made her a sought-after thought leader in the industry. Beyond her professional achievements, Aruna is a passionate advocate for women in technology and making the STEM fields more inclusive and accessible. Aruna has an MBA and MS in Computer Engineering from Santa Clara University and a BS in Computer Science from Bangalore Institute of Technology. She is an alumna of the CMO Leadership program at Kellogg Business School. She serves on Cal Polytechnic San Luis Obispo, Fast Company, Forbes Technology Council, and Vox Media boards.\",\"sameAs\":[\"https:\/\/www.linkedin.com\/in\/aruna2u\/\",\"https:\/\/x.com\/https:\/\/twitter.com\/aruna13\"],\"url\":\"https:\/\/blog.webex.com\/pt-br\/contributors\/arunaravichandran-2\/\"}]}<\/script>\n<!-- \/ Yoast SEO plugin. -->","yoast_head_json":{"title":"O Webex by Cisco e a Ford antev\u00eaem o futuro do trabalho em movimento | Webex Blog","robots":{"index":"index","follow":"follow","max-snippet":"max-snippet:-1","max-image-preview":"max-image-preview:large","max-video-preview":"max-video-preview:-1"},"canonical":"https:\/\/blog.webex.com\/pt-br\/colaboracao\/trabalho-hibrido\/o-webex-by-cisco-e-a-ford-anteveem-o-futuro-do-trabalho-em-movimento\/","og_locale":"pt_BR","og_type":"article","og_title":"O Webex by Cisco e a Ford antev\u00eaem o futuro do trabalho em movimento | Webex Blog","og_description":"No in\u00edcio deste m\u00eas, a Ford ganhou as manchetes globais ao anunciar a cria\u00e7\u00e3o do Ford Model e &#038; Ford [&hellip;]","og_url":"https:\/\/blog.webex.com\/pt-br\/colaboracao\/trabalho-hibrido\/o-webex-by-cisco-e-a-ford-anteveem-o-futuro-do-trabalho-em-movimento\/","og_site_name":"Webex Blog","article_published_time":"2022-03-22T14:09:20+00:00","og_image":[{"width":975,"height":554,"url":"https:\/\/blog.webex.com\/wp-content\/uploads\/2022\/03\/IMG_1963_ccexpress.jpeg","type":"image\/jpeg"}],"author":"Aruna Ravichandran","twitter_misc":{"Escrito por":"Aruna Ravichandran","Est. tempo de leitura":"5 minutos"},"schema":{"@context":"https:\/\/schema.org","@graph":[{"@type":"Article","@id":"https:\/\/blog.webex.com\/pt-br\/colaboracao\/trabalho-hibrido\/o-webex-by-cisco-e-a-ford-anteveem-o-futuro-do-trabalho-em-movimento\/#article","isPartOf":{"@id":"https:\/\/blog.webex.com\/pt-br\/colaboracao\/trabalho-hibrido\/o-webex-by-cisco-e-a-ford-anteveem-o-futuro-do-trabalho-em-movimento\/"},"author":{"name":"Aruna Ravichandran","@id":"https:\/\/blog.webex.com\/es\/#\/schema\/person\/c99fef847631a735853b73a823f82a53"},"headline":"O Webex by Cisco e a Ford antev\u00eaem o futuro do trabalho em movimento","datePublished":"2022-03-22T14:09:20+00:00","mainEntityOfPage":{"@id":"https:\/\/blog.webex.com\/pt-br\/colaboracao\/trabalho-hibrido\/o-webex-by-cisco-e-a-ford-anteveem-o-futuro-do-trabalho-em-movimento\/"},"wordCount":975,"image":{"@id":"https:\/\/blog.webex.com\/pt-br\/colaboracao\/trabalho-hibrido\/o-webex-by-cisco-e-a-ford-anteveem-o-futuro-do-trabalho-em-movimento\/#primaryimage"},"thumbnailUrl":"https:\/\/blog.webex.com\/wp-content\/uploads\/2022\/03\/IMG_1963_ccexpress.jpeg","keywords":["compartilhamento de tela","comunica\u00e7\u00f5es na nuvem","intelig\u00eancia artificial"],"articleSection":["Trabalho h\u00edbrido"],"inLanguage":"pt-BR"},{"@type":"WebPage","@id":"https:\/\/blog.webex.com\/pt-br\/colaboracao\/trabalho-hibrido\/o-webex-by-cisco-e-a-ford-anteveem-o-futuro-do-trabalho-em-movimento\/","url":"https:\/\/blog.webex.com\/pt-br\/colaboracao\/trabalho-hibrido\/o-webex-by-cisco-e-a-ford-anteveem-o-futuro-do-trabalho-em-movimento\/","name":"O Webex by Cisco e a Ford antev\u00eaem o futuro do trabalho em movimento | Webex Blog","isPartOf":{"@id":"https:\/\/blog.webex.com\/es\/#website"},"primaryImageOfPage":{"@id":"https:\/\/blog.webex.com\/pt-br\/colaboracao\/trabalho-hibrido\/o-webex-by-cisco-e-a-ford-anteveem-o-futuro-do-trabalho-em-movimento\/#primaryimage"},"image":{"@id":"https:\/\/blog.webex.com\/pt-br\/colaboracao\/trabalho-hibrido\/o-webex-by-cisco-e-a-ford-anteveem-o-futuro-do-trabalho-em-movimento\/#primaryimage"},"thumbnailUrl":"https:\/\/blog.webex.com\/wp-content\/uploads\/2022\/03\/IMG_1963_ccexpress.jpeg","datePublished":"2022-03-22T14:09:20+00:00","author":{"@id":"https:\/\/blog.webex.com\/es\/#\/schema\/person\/c99fef847631a735853b73a823f82a53"},"breadcrumb":{"@id":"https:\/\/blog.webex.com\/pt-br\/colaboracao\/trabalho-hibrido\/o-webex-by-cisco-e-a-ford-anteveem-o-futuro-do-trabalho-em-movimento\/#breadcrumb"},"inLanguage":"pt-BR","potentialAction":[{"@type":"ReadAction","target":["https:\/\/blog.webex.com\/pt-br\/colaboracao\/trabalho-hibrido\/o-webex-by-cisco-e-a-ford-anteveem-o-futuro-do-trabalho-em-movimento\/"]}]},{"@type":"ImageObject","inLanguage":"pt-BR","@id":"https:\/\/blog.webex.com\/pt-br\/colaboracao\/trabalho-hibrido\/o-webex-by-cisco-e-a-ford-anteveem-o-futuro-do-trabalho-em-movimento\/#primaryimage","url":"https:\/\/blog.webex.com\/wp-content\/uploads\/2022\/03\/IMG_1963_ccexpress.jpeg","contentUrl":"https:\/\/blog.webex.com\/wp-content\/uploads\/2022\/03\/IMG_1963_ccexpress.jpeg","width":975,"height":554,"caption":"Ford blog"},{"@type":"BreadcrumbList","@id":"https:\/\/blog.webex.com\/pt-br\/colaboracao\/trabalho-hibrido\/o-webex-by-cisco-e-a-ford-anteveem-o-futuro-do-trabalho-em-movimento\/#breadcrumb","itemListElement":[{"@type":"ListItem","position":1,"name":"Home","item":"https:\/\/blog.webex.com\/pt-br\/"},{"@type":"ListItem","position":2,"name":"O Webex by Cisco e a Ford antev\u00eaem o futuro do trabalho em movimento"}]},{"@type":"WebSite","@id":"https:\/\/blog.webex.com\/es\/#website","url":"https:\/\/blog.webex.com\/es\/","name":"Webex Blog","description":"Webex by Cisco powers collaboration through industry-leading video conferencing, cloud calling and contact center solutions","potentialAction":[{"@type":"SearchAction","target":{"@type":"EntryPoint","urlTemplate":"https:\/\/blog.webex.com\/es\/?s={search_term_string}"},"query-input":{"@type":"PropertyValueSpecification","valueRequired":true,"valueName":"search_term_string"}}],"inLanguage":"pt-BR"},{"@type":"Person","@id":"https:\/\/blog.webex.com\/es\/#\/schema\/person\/c99fef847631a735853b73a823f82a53","name":"Aruna Ravichandran","image":{"@type":"ImageObject","inLanguage":"pt-BR","@id":"https:\/\/blog.webex.com\/es\/#\/schema\/person\/image\/","url":"https:\/\/secure.gravatar.com\/avatar\/c7448744d0884becd5a26d9b152a552ea57a4ade4d71ce42122061ea2ab76575?s=96&d=wp_user_avatar&r=g","contentUrl":"https:\/\/secure.gravatar.com\/avatar\/c7448744d0884becd5a26d9b152a552ea57a4ade4d71ce42122061ea2ab76575?s=96&d=wp_user_avatar&r=g","caption":"Aruna Ravichandran"},"description":"Aruna drives significant revenue growth and brand value through a powerful blend of technological expertise, data science acumen, strategic storytelling, and marketing innovation. An early adopter of marketing automation and AI, Aruna stays at the forefront of technological advancements, consistently leveraging them to disrupt competitive markets. Her leadership in SaaS marketing and enterprise technology and her vision for AI's role in shaping customer and employee experiences have made her a sought-after thought leader in the industry. Beyond her professional achievements, Aruna is a passionate advocate for women in technology and making the STEM fields more inclusive and accessible. Aruna has an MBA and MS in Computer Engineering from Santa Clara University and a BS in Computer Science from Bangalore Institute of Technology. She is an alumna of the CMO Leadership program at Kellogg Business School. She serves on Cal Polytechnic San Luis Obispo, Fast Company, Forbes Technology Council, and Vox Media boards.","sameAs":["https:\/\/www.linkedin.com\/in\/aruna2u\/","https:\/\/x.com\/https:\/\/twitter.com\/aruna13"],"url":"https:\/\/blog.webex.com\/pt-br\/contributors\/arunaravichandran-2\/"}]}},"_links":{"self":[{"href":"https:\/\/blog.webex.com\/pt-br\/wp-json\/wp\/v2\/posts\/392994","targetHints":{"allow":["GET"]}}],"collection":[{"href":"https:\/\/blog.webex.com\/pt-br\/wp-json\/wp\/v2\/posts"}],"about":[{"href":"https:\/\/blog.webex.com\/pt-br\/wp-json\/wp\/v2\/types\/post"}],"author":[{"embeddable":true,"href":"https:\/\/blog.webex.com\/pt-br\/wp-json\/wp\/v2\/users\/5377"}],"replies":[{"embeddable":true,"href":"https:\/\/blog.webex.com\/pt-br\/wp-json\/wp\/v2\/comments?post=392994"}],"version-history":[{"count":0,"href":"https:\/\/blog.webex.com\/pt-br\/wp-json\/wp\/v2\/posts\/392994\/revisions"}],"wp:featuredmedia":[{"embeddable":true,"href":"https:\/\/blog.webex.com\/pt-br\/wp-json\/wp\/v2\/media\/391319"}],"wp:attachment":[{"href":"https:\/\/blog.webex.com\/pt-br\/wp-json\/wp\/v2\/media?parent=392994"}],"wp:term":[{"taxonomy":"category","embeddable":true,"href":"https:\/\/blog.webex.com\/pt-br\/wp-json\/wp\/v2\/categories?post=392994"},{"taxonomy":"post_tag","embeddable":true,"href":"https:\/\/blog.webex.com\/pt-br\/wp-json\/wp\/v2\/tags?post=392994"}],"curies":[{"name":"wp","href":"https:\/\/api.w.org\/{rel}","templated":true}]}}